{"id":263800,"date":"2015-12-16T14:41:56","date_gmt":"2015-12-16T12:41:56","guid":{"rendered":"http:\/\/pellervo.fi\/?p=263800"},"modified":"2015-12-16T14:41:56","modified_gmt":"2015-12-16T12:41:56","slug":"s-ryhma-pidentaa-kauppojensa-aukioloaikoja","status":"publish","type":"post","link":"https:\/\/pellervo.fi\/en\/uutiset\/2015\/12\/16\/s-ryhma-pidentaa-kauppojensa-aukioloaikoja\/","title":{"rendered":"S-ryhm\u00e4 pident\u00e4\u00e4 kauppojensa aukioloaikoja"},"content":{"rendered":"<p><strong><span style=\"font-family: 'Arial','sans-serif';\">Yhteens\u00e4 l\u00e4hes 500 Prismaa, S-marketia ja Salea ymp\u00e4ri Suomen pident\u00e4\u00e4 aukioloaikojaan. Vilkkaimmat Prismat ovat lain voimaantultua auki jopa kello 23:een.<\/span><\/strong><\/p>\n<p><span style=\"font-family: 'Arial','sans-serif';\">S-ryhm\u00e4 helpottaa asiakkaittensa arkea tarjoamalla mahdollisuuden joustavampaan kaupassak\u00e4yntiin. Osuuskaupat tarttuvat lainmuutoksen avaamaan mahdollisuuteen ja pident\u00e4v\u00e4t S-marketien, Prismojen ja Sale-myym\u00e4l\u00f6iden aukioloaikoja.<\/span><\/p>\n<p><span style=\"font-family: 'Arial','sans-serif';\">Aukioloaikojen pidennykset tehd\u00e4\u00e4n lain voimaantultua toimipistekohtaisesti. Vilkkaimmat Prismat ovat auki kuutena p\u00e4iv\u00e4n\u00e4 viikossa kello 7\u201323, sunnuntaisin kello 10\u201323. Aukioloajat vaihtelevat osuuskaupoittain ja myym\u00e4l\u00f6itt\u00e4in.<\/span><\/p>\n<p><span style=\"font-family: 'Arial','sans-serif';\">&#8220;Asiakkaidemme pit\u00e4\u00e4 saada valita itse, milloin he k\u00e4yv\u00e4t kaupassa. Aukioloaikoja pident\u00e4m\u00e4ll\u00e4 annamme heille lis\u00e4\u00e4 valtaa omiin aikatauluihinsa. P\u00e4iv\u00e4n ruuhkaisimpien hetkien paine kevenee, kun kauppareissun ajankohdan voi valita vapaammin. Toimivampi arjen j\u00e4rjestys vapauttaa enemm\u00e4n aikaa perheelle ja omille tekemisille&#8221;, sanoo valikoimajohtaja <strong><span style=\"font-family: 'Arial','sans-serif';\">Ilkka Alarotu<\/span><\/strong> S-ryhm\u00e4n marketkaupasta.<\/span><\/p>\n<p><span style=\"font-family: 'Arial','sans-serif';\">Vastaavaa aukioloaikojen pidennyst\u00e4 ei ole tehty koskaan aikaisemmin. Asiakkaat p\u00e4\u00e4sev\u00e4t nyt ensi kertaa kokeilemaan aikaisempaa ja my\u00f6h\u00e4isemp\u00e4\u00e4 asiointia isoissa marketeissa.<\/span><\/p>\n<p><span style=\"font-family: 'Arial','sans-serif';\">&#8220;Vain tekem\u00e4ll\u00e4 tied\u00e4mme, mik\u00e4 toimii ja mik\u00e4 ei. Jos uudet aukioloajat eiv\u00e4t sovikaan asiakkaillemme, viilaamme niit\u00e4 uudestaan&#8221;, Alarotu lupaa.<\/span>  <\/p>\n","protected":false},"excerpt":{"rendered":"<p>Yhteens\u00e4 l\u00e4hes 500 Prismaa, S-marketia ja Salea ymp\u00e4ri Suomen pident\u00e4\u00e4 aukioloaikojaan. Vilkkaimmat Prismat ovat lain voimaantultua auki jopa kello 23:een.<\/p>\n","protected":false},"author":5,"featured_media":199803,"comment_status":"open","ping_status":"open","sticky":false,"template":"","format":"standard","meta":{"inline_featured_image":false,"_monsterinsights_skip_tracking":false,"_monsterinsights_sitenote_active":false,"_monsterinsights_sitenote_note":"","_monsterinsights_sitenote_category":0,"site-sidebar-layout":"default","site-content-layout":"","ast-site-content-layout":"default","site-content-style":"default","site-sidebar-style":"default","ast-global-header-display":"","ast-banner-title-visibility":"","ast-main-header-display":"","ast-hfb-above-header-display":"","ast-hfb-below-header-display":"","ast-hfb-mobile-header-display":"","site-post-title":"","ast-breadcrumbs-content":"","ast-featured-img":"","footer-sml-layout":"","ast-disable-related-posts":"","theme-transparent-header-meta":"","adv-header-id-meta":"","stick-header-meta":"","header-above-stick-meta":"","header-main-stick-meta":"","header-below-stick-meta":"","astra-migrate-meta-layouts":"default","ast-page-background-enabled":"default","ast-page-background-meta":{"desktop":{"background-color":"","background-image":"","background-repeat":"repeat","background-position":"center center","background-size":"auto","background-attachment":"scroll","background-type":"","background-media":"","overlay-type":"","overlay-color":"","overlay-opacity":"","overlay-gradient":""},"tablet":{"background-color":"","background-image":"","background-repeat":"repeat","background-position":"center center","background-size":"auto","background-attachment":"scroll","background-type":"","background-media":"","overlay-type":"","overlay-color":"","overlay-opacity":"","overlay-gradient":""},"mobile":{"background-color":"","background-image":"","background-repeat":"repeat","background-position":"center center","background-size":"auto","background-attachment":"scroll","background-type":"","background-media":"","overlay-type":"","overlay-color":"","overlay-opacity":"","overlay-gradient":""}},"ast-content-background-meta":{"desktop":{"background-color":"var(--ast-global-color-5)","background-image":"","background-repeat":"repeat","background-position":"center center","background-size":"auto","background-attachment":"scroll","background-type":"","background-media":"","overlay-type":"","overlay-color":"","overlay-opacity":"","overlay-gradient":""},"tablet":{"background-color":"var(--ast-global-color-5)","background-image":"","background-repeat":"repeat","background-position":"center center","background-size":"auto","background-attachment":"scroll","background-type":"","background-media":"","overlay-type":"","overlay-color":"","overlay-opacity":"","overlay-gradient":""},"mobile":{"background-color":"var(--ast-global-color-5)","background-image":"","background-repeat":"repeat","background-position":"center center","background-size":"auto","background-attachment":"scroll","background-type":"","background-media":"","overlay-type":"","overlay-color":"","overlay-opacity":"","overlay-gradient":""}},"_FSMCFIC_featured_image_caption":"","_FSMCFIC_featured_image_nocaption":"","_FSMCFIC_featured_image_hide":"","footnotes":""},"categories":[22],"tags":[],"class_list":["post-263800","post","type-post","status-publish","format-standard","has-post-thumbnail","hentry","category-uutiset"],"yoast_head":"<!-- This site is optimized with the Yoast SEO plugin v27.5 - https:\/\/yoast.com\/product\/yoast-seo-wordpress\/ -->\n<title>S-ryhm\u00e4 pident\u00e4\u00e4 kauppojensa aukioloaikoja - Pellervo<\/title>\n<meta name=\"robots\" content=\"index, follow, max-snippet:-1, max-image-preview:large, max-video-preview:-1\" \/>\n<link rel=\"canonical\" href=\"https:\/\/pellervo.fi\/uutiset\/2015\/12\/16\/s-ryhma-pidentaa-kauppojensa-aukioloaikoja\/\" \/>\n<meta property=\"og:locale\" content=\"en_US\" \/>\n<meta property=\"og:type\" content=\"article\" \/>\n<meta property=\"og:title\" content=\"S-ryhm\u00e4 pident\u00e4\u00e4 kauppojensa aukioloaikoja - Pellervo\" \/>\n<meta property=\"og:description\" content=\"Yhteens\u00e4 l\u00e4hes 500 Prismaa, S-marketia ja Salea ymp\u00e4ri Suomen pident\u00e4\u00e4 aukioloaikojaan. Vilkkaimmat Prismat ovat lain voimaantultua auki jopa kello 23:een.\" \/>\n<meta property=\"og:url\" content=\"https:\/\/pellervo.fi\/uutiset\/2015\/12\/16\/s-ryhma-pidentaa-kauppojensa-aukioloaikoja\/\" \/>\n<meta property=\"og:site_name\" content=\"Pellervo\" \/>\n<meta property=\"article:published_time\" content=\"2015-12-16T12:41:56+00:00\" \/>\n<meta property=\"og:image\" content=\"https:\/\/pellervo.fi\/wp-content\/uploads\/2015\/09\/s-market.jpg\" \/>\n\t<meta property=\"og:image:width\" content=\"600\" \/>\n\t<meta property=\"og:image:height\" content=\"450\" \/>\n\t<meta property=\"og:image:type\" content=\"image\/jpeg\" \/>\n<meta name=\"author\" content=\"pellervo\" \/>\n<meta name=\"twitter:card\" content=\"summary_large_image\" \/>\n<meta name=\"twitter:creator\" content=\"@PellervoFi\" \/>\n<meta name=\"twitter:site\" content=\"@PellervoFi\" \/>\n<meta name=\"twitter:label1\" content=\"Written by\" \/>\n\t<meta name=\"twitter:data1\" content=\"pellervo\" \/>\n\t<meta name=\"twitter:label2\" content=\"Est. reading time\" \/>\n\t<meta name=\"twitter:data2\" content=\"1 minute\" \/>\n<script type=\"application\/ld+json\" class=\"yoast-schema-graph\">{\"@context\":\"https:\\\/\\\/schema.org\",\"@graph\":[{\"@type\":\"Article\",\"@id\":\"https:\\\/\\\/pellervo.fi\\\/uutiset\\\/2015\\\/12\\\/16\\\/s-ryhma-pidentaa-kauppojensa-aukioloaikoja\\\/#article\",\"isPartOf\":{\"@id\":\"https:\\\/\\\/pellervo.fi\\\/uutiset\\\/2015\\\/12\\\/16\\\/s-ryhma-pidentaa-kauppojensa-aukioloaikoja\\\/\"},\"author\":{\"name\":\"pellervo\",\"@id\":\"https:\\\/\\\/pellervo.fi\\\/#\\\/schema\\\/person\\\/4b74d40956937d1367ade81899997e71\"},\"headline\":\"S-ryhm\u00e4 pident\u00e4\u00e4 kauppojensa aukioloaikoja\",\"datePublished\":\"2015-12-16T12:41:56+00:00\",\"mainEntityOfPage\":{\"@id\":\"https:\\\/\\\/pellervo.fi\\\/uutiset\\\/2015\\\/12\\\/16\\\/s-ryhma-pidentaa-kauppojensa-aukioloaikoja\\\/\"},\"wordCount\":176,\"commentCount\":0,\"publisher\":{\"@id\":\"https:\\\/\\\/pellervo.fi\\\/#organization\"},\"image\":{\"@id\":\"https:\\\/\\\/pellervo.fi\\\/uutiset\\\/2015\\\/12\\\/16\\\/s-ryhma-pidentaa-kauppojensa-aukioloaikoja\\\/#primaryimage\"},\"thumbnailUrl\":\"https:\\\/\\\/pellervo.fi\\\/wp-content\\\/uploads\\\/2015\\\/09\\\/s-market.jpg\",\"articleSection\":[\"Uutiset\"],\"inLanguage\":\"en-US\",\"potentialAction\":[{\"@type\":\"CommentAction\",\"name\":\"Comment\",\"target\":[\"https:\\\/\\\/pellervo.fi\\\/uutiset\\\/2015\\\/12\\\/16\\\/s-ryhma-pidentaa-kauppojensa-aukioloaikoja\\\/#respond\"]}]},{\"@type\":\"WebPage\",\"@id\":\"https:\\\/\\\/pellervo.fi\\\/uutiset\\\/2015\\\/12\\\/16\\\/s-ryhma-pidentaa-kauppojensa-aukioloaikoja\\\/\",\"url\":\"https:\\\/\\\/pellervo.fi\\\/uutiset\\\/2015\\\/12\\\/16\\\/s-ryhma-pidentaa-kauppojensa-aukioloaikoja\\\/\",\"name\":\"S-ryhm\u00e4 pident\u00e4\u00e4 kauppojensa aukioloaikoja - Pellervo\",\"isPartOf\":{\"@id\":\"https:\\\/\\\/pellervo.fi\\\/#website\"},\"primaryImageOfPage\":{\"@id\":\"https:\\\/\\\/pellervo.fi\\\/uutiset\\\/2015\\\/12\\\/16\\\/s-ryhma-pidentaa-kauppojensa-aukioloaikoja\\\/#primaryimage\"},\"image\":{\"@id\":\"https:\\\/\\\/pellervo.fi\\\/uutiset\\\/2015\\\/12\\\/16\\\/s-ryhma-pidentaa-kauppojensa-aukioloaikoja\\\/#primaryimage\"},\"thumbnailUrl\":\"https:\\\/\\\/pellervo.fi\\\/wp-content\\\/uploads\\\/2015\\\/09\\\/s-market.jpg\",\"datePublished\":\"2015-12-16T12:41:56+00:00\",\"breadcrumb\":{\"@id\":\"https:\\\/\\\/pellervo.fi\\\/uutiset\\\/2015\\\/12\\\/16\\\/s-ryhma-pidentaa-kauppojensa-aukioloaikoja\\\/#breadcrumb\"},\"inLanguage\":\"en-US\",\"potentialAction\":[{\"@type\":\"ReadAction\",\"target\":[\"https:\\\/\\\/pellervo.fi\\\/uutiset\\\/2015\\\/12\\\/16\\\/s-ryhma-pidentaa-kauppojensa-aukioloaikoja\\\/\"]}]},{\"@type\":\"ImageObject\",\"inLanguage\":\"en-US\",\"@id\":\"https:\\\/\\\/pellervo.fi\\\/uutiset\\\/2015\\\/12\\\/16\\\/s-ryhma-pidentaa-kauppojensa-aukioloaikoja\\\/#primaryimage\",\"url\":\"https:\\\/\\\/pellervo.fi\\\/wp-content\\\/uploads\\\/2015\\\/09\\\/s-market.jpg\",\"contentUrl\":\"https:\\\/\\\/pellervo.fi\\\/wp-content\\\/uploads\\\/2015\\\/09\\\/s-market.jpg\",\"width\":600,\"height\":450},{\"@type\":\"BreadcrumbList\",\"@id\":\"https:\\\/\\\/pellervo.fi\\\/uutiset\\\/2015\\\/12\\\/16\\\/s-ryhma-pidentaa-kauppojensa-aukioloaikoja\\\/#breadcrumb\",\"itemListElement\":[{\"@type\":\"ListItem\",\"position\":1,\"name\":\"Koti\",\"item\":\"https:\\\/\\\/pellervo.fi\\\/en\\\/\"},{\"@type\":\"ListItem\",\"position\":2,\"name\":\"S-ryhm\u00e4 pident\u00e4\u00e4 kauppojensa aukioloaikoja\"}]},{\"@type\":\"WebSite\",\"@id\":\"https:\\\/\\\/pellervo.fi\\\/#website\",\"url\":\"https:\\\/\\\/pellervo.fi\\\/\",\"name\":\"Pellervo\",\"description\":\"Osuuskuntien keskusj\u00e4rjest\u00f6\",\"publisher\":{\"@id\":\"https:\\\/\\\/pellervo.fi\\\/#organization\"},\"potentialAction\":[{\"@type\":\"SearchAction\",\"target\":{\"@type\":\"EntryPoint\",\"urlTemplate\":\"https:\\\/\\\/pellervo.fi\\\/?s={search_term_string}\"},\"query-input\":{\"@type\":\"PropertyValueSpecification\",\"valueRequired\":true,\"valueName\":\"search_term_string\"}}],\"inLanguage\":\"en-US\"},{\"@type\":\"Organization\",\"@id\":\"https:\\\/\\\/pellervo.fi\\\/#organization\",\"name\":\"Osuustoimintakeskus Pellervo ry\",\"url\":\"https:\\\/\\\/pellervo.fi\\\/\",\"logo\":{\"@type\":\"ImageObject\",\"inLanguage\":\"en-US\",\"@id\":\"https:\\\/\\\/pellervo.fi\\\/#\\\/schema\\\/logo\\\/image\\\/\",\"url\":\"https:\\\/\\\/pellervo.fi\\\/wp-content\\\/uploads\\\/2020\\\/05\\\/Pellervo_logo.png\",\"contentUrl\":\"https:\\\/\\\/pellervo.fi\\\/wp-content\\\/uploads\\\/2020\\\/05\\\/Pellervo_logo.png\",\"width\":1335,\"height\":376,\"caption\":\"Osuustoimintakeskus Pellervo ry\"},\"image\":{\"@id\":\"https:\\\/\\\/pellervo.fi\\\/#\\\/schema\\\/logo\\\/image\\\/\"},\"sameAs\":[\"https:\\\/\\\/x.com\\\/PellervoFi\"]},{\"@type\":\"Person\",\"@id\":\"https:\\\/\\\/pellervo.fi\\\/#\\\/schema\\\/person\\\/4b74d40956937d1367ade81899997e71\",\"name\":\"pellervo\",\"image\":{\"@type\":\"ImageObject\",\"inLanguage\":\"en-US\",\"@id\":\"https:\\\/\\\/pellervo.fi\\\/wp-content\\\/uploads\\\/2013\\\/11\\\/pellervo_avatar_1384522134-96x96.jpg\",\"url\":\"https:\\\/\\\/pellervo.fi\\\/wp-content\\\/uploads\\\/2013\\\/11\\\/pellervo_avatar_1384522134-96x96.jpg\",\"contentUrl\":\"https:\\\/\\\/pellervo.fi\\\/wp-content\\\/uploads\\\/2013\\\/11\\\/pellervo_avatar_1384522134-96x96.jpg\",\"caption\":\"pellervo\"},\"description\":\"Kuvaus\",\"url\":\"https:\\\/\\\/pellervo.fi\\\/en\\\/author\\\/pellervo\\\/\"}]}<\/script>\n<!-- \/ Yoast SEO plugin. -->","yoast_head_json":{"title":"S-ryhm\u00e4 pident\u00e4\u00e4 kauppojensa aukioloaikoja - Pellervo","robots":{"index":"index","follow":"follow","max-snippet":"max-snippet:-1","max-image-preview":"max-image-preview:large","max-video-preview":"max-video-preview:-1"},"canonical":"https:\/\/pellervo.fi\/uutiset\/2015\/12\/16\/s-ryhma-pidentaa-kauppojensa-aukioloaikoja\/","og_locale":"en_US","og_type":"article","og_title":"S-ryhm\u00e4 pident\u00e4\u00e4 kauppojensa aukioloaikoja - Pellervo","og_description":"Yhteens\u00e4 l\u00e4hes 500 Prismaa, S-marketia ja Salea ymp\u00e4ri Suomen pident\u00e4\u00e4 aukioloaikojaan. Vilkkaimmat Prismat ovat lain voimaantultua auki jopa kello 23:een.","og_url":"https:\/\/pellervo.fi\/uutiset\/2015\/12\/16\/s-ryhma-pidentaa-kauppojensa-aukioloaikoja\/","og_site_name":"Pellervo","article_published_time":"2015-12-16T12:41:56+00:00","og_image":[{"width":600,"height":450,"url":"https:\/\/pellervo.fi\/wp-content\/uploads\/2015\/09\/s-market.jpg","type":"image\/jpeg"}],"author":"pellervo","twitter_card":"summary_large_image","twitter_creator":"@PellervoFi","twitter_site":"@PellervoFi","twitter_misc":{"Written by":"pellervo","Est. reading time":"1 minute"},"schema":{"@context":"https:\/\/schema.org","@graph":[{"@type":"Article","@id":"https:\/\/pellervo.fi\/uutiset\/2015\/12\/16\/s-ryhma-pidentaa-kauppojensa-aukioloaikoja\/#article","isPartOf":{"@id":"https:\/\/pellervo.fi\/uutiset\/2015\/12\/16\/s-ryhma-pidentaa-kauppojensa-aukioloaikoja\/"},"author":{"name":"pellervo","@id":"https:\/\/pellervo.fi\/#\/schema\/person\/4b74d40956937d1367ade81899997e71"},"headline":"S-ryhm\u00e4 pident\u00e4\u00e4 kauppojensa aukioloaikoja","datePublished":"2015-12-16T12:41:56+00:00","mainEntityOfPage":{"@id":"https:\/\/pellervo.fi\/uutiset\/2015\/12\/16\/s-ryhma-pidentaa-kauppojensa-aukioloaikoja\/"},"wordCount":176,"commentCount":0,"publisher":{"@id":"https:\/\/pellervo.fi\/#organization"},"image":{"@id":"https:\/\/pellervo.fi\/uutiset\/2015\/12\/16\/s-ryhma-pidentaa-kauppojensa-aukioloaikoja\/#primaryimage"},"thumbnailUrl":"https:\/\/pellervo.fi\/wp-content\/uploads\/2015\/09\/s-market.jpg","articleSection":["Uutiset"],"inLanguage":"en-US","potentialAction":[{"@type":"CommentAction","name":"Comment","target":["https:\/\/pellervo.fi\/uutiset\/2015\/12\/16\/s-ryhma-pidentaa-kauppojensa-aukioloaikoja\/#respond"]}]},{"@type":"WebPage","@id":"https:\/\/pellervo.fi\/uutiset\/2015\/12\/16\/s-ryhma-pidentaa-kauppojensa-aukioloaikoja\/","url":"https:\/\/pellervo.fi\/uutiset\/2015\/12\/16\/s-ryhma-pidentaa-kauppojensa-aukioloaikoja\/","name":"S-ryhm\u00e4 pident\u00e4\u00e4 kauppojensa aukioloaikoja - Pellervo","isPartOf":{"@id":"https:\/\/pellervo.fi\/#website"},"primaryImageOfPage":{"@id":"https:\/\/pellervo.fi\/uutiset\/2015\/12\/16\/s-ryhma-pidentaa-kauppojensa-aukioloaikoja\/#primaryimage"},"image":{"@id":"https:\/\/pellervo.fi\/uutiset\/2015\/12\/16\/s-ryhma-pidentaa-kauppojensa-aukioloaikoja\/#primaryimage"},"thumbnailUrl":"https:\/\/pellervo.fi\/wp-content\/uploads\/2015\/09\/s-market.jpg","datePublished":"2015-12-16T12:41:56+00:00","breadcrumb":{"@id":"https:\/\/pellervo.fi\/uutiset\/2015\/12\/16\/s-ryhma-pidentaa-kauppojensa-aukioloaikoja\/#breadcrumb"},"inLanguage":"en-US","potentialAction":[{"@type":"ReadAction","target":["https:\/\/pellervo.fi\/uutiset\/2015\/12\/16\/s-ryhma-pidentaa-kauppojensa-aukioloaikoja\/"]}]},{"@type":"ImageObject","inLanguage":"en-US","@id":"https:\/\/pellervo.fi\/uutiset\/2015\/12\/16\/s-ryhma-pidentaa-kauppojensa-aukioloaikoja\/#primaryimage","url":"https:\/\/pellervo.fi\/wp-content\/uploads\/2015\/09\/s-market.jpg","contentUrl":"https:\/\/pellervo.fi\/wp-content\/uploads\/2015\/09\/s-market.jpg","width":600,"height":450},{"@type":"BreadcrumbList","@id":"https:\/\/pellervo.fi\/uutiset\/2015\/12\/16\/s-ryhma-pidentaa-kauppojensa-aukioloaikoja\/#breadcrumb","itemListElement":[{"@type":"ListItem","position":1,"name":"Koti","item":"https:\/\/pellervo.fi\/en\/"},{"@type":"ListItem","position":2,"name":"S-ryhm\u00e4 pident\u00e4\u00e4 kauppojensa aukioloaikoja"}]},{"@type":"WebSite","@id":"https:\/\/pellervo.fi\/#website","url":"https:\/\/pellervo.fi\/","name":"Pellervo","description":"Osuuskuntien keskusj\u00e4rjest\u00f6","publisher":{"@id":"https:\/\/pellervo.fi\/#organization"},"potentialAction":[{"@type":"SearchAction","target":{"@type":"EntryPoint","urlTemplate":"https:\/\/pellervo.fi\/?s={search_term_string}"},"query-input":{"@type":"PropertyValueSpecification","valueRequired":true,"valueName":"search_term_string"}}],"inLanguage":"en-US"},{"@type":"Organization","@id":"https:\/\/pellervo.fi\/#organization","name":"Osuustoimintakeskus Pellervo ry","url":"https:\/\/pellervo.fi\/","logo":{"@type":"ImageObject","inLanguage":"en-US","@id":"https:\/\/pellervo.fi\/#\/schema\/logo\/image\/","url":"https:\/\/pellervo.fi\/wp-content\/uploads\/2020\/05\/Pellervo_logo.png","contentUrl":"https:\/\/pellervo.fi\/wp-content\/uploads\/2020\/05\/Pellervo_logo.png","width":1335,"height":376,"caption":"Osuustoimintakeskus Pellervo ry"},"image":{"@id":"https:\/\/pellervo.fi\/#\/schema\/logo\/image\/"},"sameAs":["https:\/\/x.com\/PellervoFi"]},{"@type":"Person","@id":"https:\/\/pellervo.fi\/#\/schema\/person\/4b74d40956937d1367ade81899997e71","name":"pellervo","image":{"@type":"ImageObject","inLanguage":"en-US","@id":"https:\/\/pellervo.fi\/wp-content\/uploads\/2013\/11\/pellervo_avatar_1384522134-96x96.jpg","url":"https:\/\/pellervo.fi\/wp-content\/uploads\/2013\/11\/pellervo_avatar_1384522134-96x96.jpg","contentUrl":"https:\/\/pellervo.fi\/wp-content\/uploads\/2013\/11\/pellervo_avatar_1384522134-96x96.jpg","caption":"pellervo"},"description":"Kuvaus","url":"https:\/\/pellervo.fi\/en\/author\/pellervo\/"}]}},"_links":{"self":[{"href":"https:\/\/pellervo.fi\/en\/wp-json\/wp\/v2\/posts\/263800","targetHints":{"allow":["GET"]}}],"collection":[{"href":"https:\/\/pellervo.fi\/en\/wp-json\/wp\/v2\/posts"}],"about":[{"href":"https:\/\/pellervo.fi\/en\/wp-json\/wp\/v2\/types\/post"}],"author":[{"embeddable":true,"href":"https:\/\/pellervo.fi\/en\/wp-json\/wp\/v2\/users\/5"}],"replies":[{"embeddable":true,"href":"https:\/\/pellervo.fi\/en\/wp-json\/wp\/v2\/comments?post=263800"}],"version-history":[{"count":1,"href":"https:\/\/pellervo.fi\/en\/wp-json\/wp\/v2\/posts\/263800\/revisions"}],"predecessor-version":[{"id":263801,"href":"https:\/\/pellervo.fi\/en\/wp-json\/wp\/v2\/posts\/263800\/revisions\/263801"}],"wp:featuredmedia":[{"embeddable":true,"href":"https:\/\/pellervo.fi\/en\/wp-json\/wp\/v2\/media\/199803"}],"wp:attachment":[{"href":"https:\/\/pellervo.fi\/en\/wp-json\/wp\/v2\/media?parent=263800"}],"wp:term":[{"taxonomy":"category","embeddable":true,"href":"https:\/\/pellervo.fi\/en\/wp-json\/wp\/v2\/categories?post=263800"},{"taxonomy":"post_tag","embeddable":true,"href":"https:\/\/pellervo.fi\/en\/wp-json\/wp\/v2\/tags?post=263800"}],"curies":[{"name":"wp","href":"https:\/\/api.w.org\/{rel}","templated":true}]}}