{"id":2747,"date":"2013-12-19T15:20:57","date_gmt":"2013-12-19T13:20:57","guid":{"rendered":"http:\/\/pellervo.fi\/?p=2747"},"modified":"2014-11-20T13:17:14","modified_gmt":"2014-11-20T11:17:14","slug":"taavi-heikkila-sokn-paajohtajaksi","status":"publish","type":"post","link":"https:\/\/pellervo.fi\/en\/uutiset\/2013\/12\/19\/taavi-heikkila-sokn-paajohtajaksi\/","title":{"rendered":"Taavi Heikkil\u00e4 SOK:n p\u00e4\u00e4johtajaksi"},"content":{"rendered":"<p>SOK:n uudeksi p\u00e4\u00e4johtajaksi on nimetty 1.1.2014 alkaen Osuuskauppa H\u00e4meenmaan toimitusjohtaja Taavi Heikkil\u00e4n. SOK:n hallintoneuvosto teki nimityksen 19.12.<\/p>\n<p>Hallintoneuvoston puheenjohtaja <strong>Matti Pikkaraisen<\/strong> mukaan Taavi Heikkil\u00e4 valikoitui prosessissa, jossa tarkasteltiin kaikkiaan yli kolmeakymment\u00e4 eri nime\u00e4. Valinnan viime vaiheessa oli mukana Heikkil\u00e4n lis\u00e4ksi kaksi S-ryhm\u00e4n ulkopuolelta olevaa henkil\u00f6\u00e4.<\/p>\n<p>\u2014 Loppusuoran ehdokkailla oli kullakin omat vahvuusalueensa, jotka meniv\u00e4t osin ristiin. Kokonaistarkastelussa he olivat varsin tasavertaisia, jolloin Taavi Heikkil\u00e4n valintaa puolsi vahva kaupan eri toimialojen tuntemus ja ty\u00f6historia S-ryhm\u00e4ss\u00e4.<\/p>\n<p>Heikkil\u00e4 n\u00e4kee S-ryhm\u00e4n ehdottomaksi vahvuudeksi sen, ett\u00e4 nelj\u00e4 viidesosaa suomalaisista kotitalouksista on vahvojen alueellisten osuuskauppojen j\u00e4seni\u00e4. Haasteita puolestaan nousee kaupan toimintaymp\u00e4rist\u00f6n voimakkaasta muutoksesta.<\/p>\n<p>\u2014 S\u00e4\u00e4ntely\u00e4 ollaan asteittain vapauttamassa, ulkomainen kilpailu lis\u00e4\u00e4ntyy ja verkkokauppa muuttaa kaupan ja asiakkaiden toimintatapoja. S-ryhm\u00e4n t\u00e4ytyy olla mukana t\u00e4ss\u00e4 kehityksess\u00e4 aktiivisena toimijana. Jatkossa haemme kasvua jo olemassa olevista neli\u00f6ist\u00e4 palveluamme parantamalla, Taavi Heikkil\u00e4 linjaa.<\/p>\n<p>Osuuskauppojen edustaman alueellisuuden rinnalla Heikkil\u00e4 uskoo jatkossa korostuvan yh\u00e4 enemm\u00e4n hyv\u00e4n hinta-laatu-suhteen merkitys sek\u00e4 toiminnan l\u00e4pin\u00e4kyvyyden vaatimus.<\/p>\n<p>\u2014 Tuotteissa se merkitsee parempia alkuper\u00e4merkint\u00f6j\u00e4 ja alkuper\u00e4n j\u00e4ljitett\u00e4vyytt\u00e4, hallinnossamme ja viestinn\u00e4ss\u00e4mme puolestaan aiempaa suurempaa avoimuutta.<\/p>\n<p><a href=\"https:\/\/www.s-kanava.fi\/uutinen\/taavi-heikkila-nousee-sokn-paajohtajaksi\/959884_10816\" target=\"_blank\">SOK:n tiedote nimityksest\u00e4<\/a><\/p>\n<p>&nbsp;  <\/p>\n","protected":false},"excerpt":{"rendered":"<p>SOK:n uudeksi p\u00e4\u00e4johtajaksi on nimetty 1.1.2014 alkaen Osuuskauppa H\u00e4meenmaan toimitusjohtaja Taavi Heikkil\u00e4n. SOK:n hallintoneuvosto teki nimityksen 19.12. Hallintoneuvoston puheenjohtaja Matti Pikkaraisen mukaan Taavi Heikkil\u00e4 valikoitui prosessissa, jossa tarkasteltiin kaikkiaan yli kolmeakymment\u00e4 eri nime\u00e4. Valinnan viime vaiheessa oli mukana Heikkil\u00e4n lis\u00e4ksi kaksi S-ryhm\u00e4n ulkopuolelta olevaa henkil\u00f6\u00e4. \u2014 Loppusuoran ehdokkailla oli kullakin omat vahvuusalueensa, jotka meniv\u00e4t osin<\/p>\n","protected":false},"author":5,"featured_media":2774,"comment_status":"open","ping_status":"open","sticky":false,"template":"","format":"standard","meta":{"inline_featured_image":false,"_monsterinsights_skip_tracking":false,"_monsterinsights_sitenote_active":false,"_monsterinsights_sitenote_note":"","_monsterinsights_sitenote_category":0,"site-sidebar-layout":"default","site-content-layout":"","ast-site-content-layout":"default","site-content-style":"default","site-sidebar-style":"default","ast-global-header-display":"","ast-banner-title-visibility":"","ast-main-header-display":"","ast-hfb-above-header-display":"","ast-hfb-below-header-display":"","ast-hfb-mobile-header-display":"","site-post-title":"","ast-breadcrumbs-content":"","ast-featured-img":"","footer-sml-layout":"","ast-disable-related-posts":"","theme-transparent-header-meta":"","adv-header-id-meta":"","stick-header-meta":"","header-above-stick-meta":"","header-main-stick-meta":"","header-below-stick-meta":"","astra-migrate-meta-layouts":"default","ast-page-background-enabled":"default","ast-page-background-meta":{"desktop":{"background-color":"","background-image":"","background-repeat":"repeat","background-position":"center center","background-size":"auto","background-attachment":"scroll","background-type":"","background-media":"","overlay-type":"","overlay-color":"","overlay-opacity":"","overlay-gradient":""},"tablet":{"background-color":"","background-image":"","background-repeat":"repeat","background-position":"center center","background-size":"auto","background-attachment":"scroll","background-type":"","background-media":"","overlay-type":"","overlay-color":"","overlay-opacity":"","overlay-gradient":""},"mobile":{"background-color":"","background-image":"","background-repeat":"repeat","background-position":"center center","background-size":"auto","background-attachment":"scroll","background-type":"","background-media":"","overlay-type":"","overlay-color":"","overlay-opacity":"","overlay-gradient":""}},"ast-content-background-meta":{"desktop":{"background-color":"var(--ast-global-color-5)","background-image":"","background-repeat":"repeat","background-position":"center center","background-size":"auto","background-attachment":"scroll","background-type":"","background-media":"","overlay-type":"","overlay-color":"","overlay-opacity":"","overlay-gradient":""},"tablet":{"background-color":"var(--ast-global-color-5)","background-image":"","background-repeat":"repeat","background-position":"center center","background-size":"auto","background-attachment":"scroll","background-type":"","background-media":"","overlay-type":"","overlay-color":"","overlay-opacity":"","overlay-gradient":""},"mobile":{"background-color":"var(--ast-global-color-5)","background-image":"","background-repeat":"repeat","background-position":"center center","background-size":"auto","background-attachment":"scroll","background-type":"","background-media":"","overlay-type":"","overlay-color":"","overlay-opacity":"","overlay-gradient":""}},"_FSMCFIC_featured_image_caption":"","_FSMCFIC_featured_image_nocaption":"","_FSMCFIC_featured_image_hide":"","footnotes":""},"categories":[22],"tags":[],"class_list":["post-2747","post","type-post","status-publish","format-standard","has-post-thumbnail","hentry","category-uutiset"],"yoast_head":"<!-- This site is optimized with the Yoast SEO plugin v27.5 - https:\/\/yoast.com\/product\/yoast-seo-wordpress\/ -->\n<title>Taavi Heikkil\u00e4 SOK:n p\u00e4\u00e4johtajaksi - Pellervo<\/title>\n<meta name=\"robots\" content=\"index, follow, max-snippet:-1, max-image-preview:large, max-video-preview:-1\" \/>\n<link rel=\"canonical\" href=\"https:\/\/pellervo.fi\/sv\/uutiset\/2013\/12\/19\/taavi-heikkila-sokn-paajohtajaksi\/\" \/>\n<meta property=\"og:locale\" content=\"en_US\" \/>\n<meta property=\"og:type\" content=\"article\" \/>\n<meta property=\"og:title\" content=\"Taavi Heikkil\u00e4 SOK:n p\u00e4\u00e4johtajaksi - Pellervo\" \/>\n<meta property=\"og:description\" content=\"SOK:n uudeksi p\u00e4\u00e4johtajaksi on nimetty 1.1.2014 alkaen Osuuskauppa H\u00e4meenmaan toimitusjohtaja Taavi Heikkil\u00e4n. SOK:n hallintoneuvosto teki nimityksen 19.12. Hallintoneuvoston puheenjohtaja Matti Pikkaraisen mukaan Taavi Heikkil\u00e4 valikoitui prosessissa, jossa tarkasteltiin kaikkiaan yli kolmeakymment\u00e4 eri nime\u00e4. Valinnan viime vaiheessa oli mukana Heikkil\u00e4n lis\u00e4ksi kaksi S-ryhm\u00e4n ulkopuolelta olevaa henkil\u00f6\u00e4. \u2014 Loppusuoran ehdokkailla oli kullakin omat vahvuusalueensa, jotka meniv\u00e4t osin\" \/>\n<meta property=\"og:url\" content=\"https:\/\/pellervo.fi\/sv\/uutiset\/2013\/12\/19\/taavi-heikkila-sokn-paajohtajaksi\/\" \/>\n<meta property=\"og:site_name\" content=\"Pellervo\" \/>\n<meta property=\"article:published_time\" content=\"2013-12-19T13:20:57+00:00\" \/>\n<meta property=\"article:modified_time\" content=\"2014-11-20T11:17:14+00:00\" \/>\n<meta property=\"og:image\" content=\"https:\/\/pellervo.fi\/wp-content\/uploads\/2013\/12\/taaviheikkila.jpg\" \/>\n\t<meta property=\"og:image:width\" content=\"600\" \/>\n\t<meta property=\"og:image:height\" content=\"399\" \/>\n\t<meta property=\"og:image:type\" content=\"image\/jpeg\" \/>\n<meta name=\"author\" content=\"pellervo\" \/>\n<meta name=\"twitter:card\" content=\"summary_large_image\" \/>\n<meta name=\"twitter:creator\" content=\"@PellervoFi\" \/>\n<meta name=\"twitter:site\" content=\"@PellervoFi\" \/>\n<meta name=\"twitter:label1\" content=\"Written by\" \/>\n\t<meta name=\"twitter:data1\" content=\"pellervo\" \/>\n\t<meta name=\"twitter:label2\" content=\"Est. reading time\" \/>\n\t<meta name=\"twitter:data2\" content=\"1 minute\" \/>\n<script type=\"application\/ld+json\" class=\"yoast-schema-graph\">{\"@context\":\"https:\\\/\\\/schema.org\",\"@graph\":[{\"@type\":\"Article\",\"@id\":\"https:\\\/\\\/pellervo.fi\\\/sv\\\/uutiset\\\/2013\\\/12\\\/19\\\/taavi-heikkila-sokn-paajohtajaksi\\\/#article\",\"isPartOf\":{\"@id\":\"https:\\\/\\\/pellervo.fi\\\/sv\\\/uutiset\\\/2013\\\/12\\\/19\\\/taavi-heikkila-sokn-paajohtajaksi\\\/\"},\"author\":{\"name\":\"pellervo\",\"@id\":\"https:\\\/\\\/pellervo.fi\\\/#\\\/schema\\\/person\\\/4b74d40956937d1367ade81899997e71\"},\"headline\":\"Taavi Heikkil\u00e4 SOK:n p\u00e4\u00e4johtajaksi\",\"datePublished\":\"2013-12-19T13:20:57+00:00\",\"dateModified\":\"2014-11-20T11:17:14+00:00\",\"mainEntityOfPage\":{\"@id\":\"https:\\\/\\\/pellervo.fi\\\/sv\\\/uutiset\\\/2013\\\/12\\\/19\\\/taavi-heikkila-sokn-paajohtajaksi\\\/\"},\"wordCount\":205,\"commentCount\":0,\"publisher\":{\"@id\":\"https:\\\/\\\/pellervo.fi\\\/#organization\"},\"image\":{\"@id\":\"https:\\\/\\\/pellervo.fi\\\/sv\\\/uutiset\\\/2013\\\/12\\\/19\\\/taavi-heikkila-sokn-paajohtajaksi\\\/#primaryimage\"},\"thumbnailUrl\":\"https:\\\/\\\/pellervo.fi\\\/wp-content\\\/uploads\\\/2013\\\/12\\\/taaviheikkila.jpg\",\"articleSection\":[\"Uutiset\"],\"inLanguage\":\"en-US\",\"potentialAction\":[{\"@type\":\"CommentAction\",\"name\":\"Comment\",\"target\":[\"https:\\\/\\\/pellervo.fi\\\/sv\\\/uutiset\\\/2013\\\/12\\\/19\\\/taavi-heikkila-sokn-paajohtajaksi\\\/#respond\"]}]},{\"@type\":\"WebPage\",\"@id\":\"https:\\\/\\\/pellervo.fi\\\/sv\\\/uutiset\\\/2013\\\/12\\\/19\\\/taavi-heikkila-sokn-paajohtajaksi\\\/\",\"url\":\"https:\\\/\\\/pellervo.fi\\\/sv\\\/uutiset\\\/2013\\\/12\\\/19\\\/taavi-heikkila-sokn-paajohtajaksi\\\/\",\"name\":\"Taavi Heikkil\u00e4 SOK:n p\u00e4\u00e4johtajaksi - Pellervo\",\"isPartOf\":{\"@id\":\"https:\\\/\\\/pellervo.fi\\\/#website\"},\"primaryImageOfPage\":{\"@id\":\"https:\\\/\\\/pellervo.fi\\\/sv\\\/uutiset\\\/2013\\\/12\\\/19\\\/taavi-heikkila-sokn-paajohtajaksi\\\/#primaryimage\"},\"image\":{\"@id\":\"https:\\\/\\\/pellervo.fi\\\/sv\\\/uutiset\\\/2013\\\/12\\\/19\\\/taavi-heikkila-sokn-paajohtajaksi\\\/#primaryimage\"},\"thumbnailUrl\":\"https:\\\/\\\/pellervo.fi\\\/wp-content\\\/uploads\\\/2013\\\/12\\\/taaviheikkila.jpg\",\"datePublished\":\"2013-12-19T13:20:57+00:00\",\"dateModified\":\"2014-11-20T11:17:14+00:00\",\"breadcrumb\":{\"@id\":\"https:\\\/\\\/pellervo.fi\\\/sv\\\/uutiset\\\/2013\\\/12\\\/19\\\/taavi-heikkila-sokn-paajohtajaksi\\\/#breadcrumb\"},\"inLanguage\":\"en-US\",\"potentialAction\":[{\"@type\":\"ReadAction\",\"target\":[\"https:\\\/\\\/pellervo.fi\\\/sv\\\/uutiset\\\/2013\\\/12\\\/19\\\/taavi-heikkila-sokn-paajohtajaksi\\\/\"]}]},{\"@type\":\"ImageObject\",\"inLanguage\":\"en-US\",\"@id\":\"https:\\\/\\\/pellervo.fi\\\/sv\\\/uutiset\\\/2013\\\/12\\\/19\\\/taavi-heikkila-sokn-paajohtajaksi\\\/#primaryimage\",\"url\":\"https:\\\/\\\/pellervo.fi\\\/wp-content\\\/uploads\\\/2013\\\/12\\\/taaviheikkila.jpg\",\"contentUrl\":\"https:\\\/\\\/pellervo.fi\\\/wp-content\\\/uploads\\\/2013\\\/12\\\/taaviheikkila.jpg\",\"width\":600,\"height\":399},{\"@type\":\"BreadcrumbList\",\"@id\":\"https:\\\/\\\/pellervo.fi\\\/sv\\\/uutiset\\\/2013\\\/12\\\/19\\\/taavi-heikkila-sokn-paajohtajaksi\\\/#breadcrumb\",\"itemListElement\":[{\"@type\":\"ListItem\",\"position\":1,\"name\":\"Koti\",\"item\":\"https:\\\/\\\/pellervo.fi\\\/en\\\/\"},{\"@type\":\"ListItem\",\"position\":2,\"name\":\"Taavi Heikkil\u00e4 SOK:n p\u00e4\u00e4johtajaksi\"}]},{\"@type\":\"WebSite\",\"@id\":\"https:\\\/\\\/pellervo.fi\\\/#website\",\"url\":\"https:\\\/\\\/pellervo.fi\\\/\",\"name\":\"Pellervo\",\"description\":\"Osuuskuntien keskusj\u00e4rjest\u00f6\",\"publisher\":{\"@id\":\"https:\\\/\\\/pellervo.fi\\\/#organization\"},\"potentialAction\":[{\"@type\":\"SearchAction\",\"target\":{\"@type\":\"EntryPoint\",\"urlTemplate\":\"https:\\\/\\\/pellervo.fi\\\/?s={search_term_string}\"},\"query-input\":{\"@type\":\"PropertyValueSpecification\",\"valueRequired\":true,\"valueName\":\"search_term_string\"}}],\"inLanguage\":\"en-US\"},{\"@type\":\"Organization\",\"@id\":\"https:\\\/\\\/pellervo.fi\\\/#organization\",\"name\":\"Osuustoimintakeskus Pellervo ry\",\"url\":\"https:\\\/\\\/pellervo.fi\\\/\",\"logo\":{\"@type\":\"ImageObject\",\"inLanguage\":\"en-US\",\"@id\":\"https:\\\/\\\/pellervo.fi\\\/#\\\/schema\\\/logo\\\/image\\\/\",\"url\":\"https:\\\/\\\/pellervo.fi\\\/wp-content\\\/uploads\\\/2020\\\/05\\\/Pellervo_logo.png\",\"contentUrl\":\"https:\\\/\\\/pellervo.fi\\\/wp-content\\\/uploads\\\/2020\\\/05\\\/Pellervo_logo.png\",\"width\":1335,\"height\":376,\"caption\":\"Osuustoimintakeskus Pellervo ry\"},\"image\":{\"@id\":\"https:\\\/\\\/pellervo.fi\\\/#\\\/schema\\\/logo\\\/image\\\/\"},\"sameAs\":[\"https:\\\/\\\/x.com\\\/PellervoFi\"]},{\"@type\":\"Person\",\"@id\":\"https:\\\/\\\/pellervo.fi\\\/#\\\/schema\\\/person\\\/4b74d40956937d1367ade81899997e71\",\"name\":\"pellervo\",\"image\":{\"@type\":\"ImageObject\",\"inLanguage\":\"en-US\",\"@id\":\"https:\\\/\\\/pellervo.fi\\\/wp-content\\\/uploads\\\/2013\\\/11\\\/pellervo_avatar_1384522134-96x96.jpg\",\"url\":\"https:\\\/\\\/pellervo.fi\\\/wp-content\\\/uploads\\\/2013\\\/11\\\/pellervo_avatar_1384522134-96x96.jpg\",\"contentUrl\":\"https:\\\/\\\/pellervo.fi\\\/wp-content\\\/uploads\\\/2013\\\/11\\\/pellervo_avatar_1384522134-96x96.jpg\",\"caption\":\"pellervo\"},\"description\":\"Kuvaus\",\"url\":\"https:\\\/\\\/pellervo.fi\\\/en\\\/author\\\/pellervo\\\/\"}]}<\/script>\n<!-- \/ Yoast SEO plugin. -->","yoast_head_json":{"title":"Taavi Heikkil\u00e4 SOK:n p\u00e4\u00e4johtajaksi - Pellervo","robots":{"index":"index","follow":"follow","max-snippet":"max-snippet:-1","max-image-preview":"max-image-preview:large","max-video-preview":"max-video-preview:-1"},"canonical":"https:\/\/pellervo.fi\/sv\/uutiset\/2013\/12\/19\/taavi-heikkila-sokn-paajohtajaksi\/","og_locale":"en_US","og_type":"article","og_title":"Taavi Heikkil\u00e4 SOK:n p\u00e4\u00e4johtajaksi - Pellervo","og_description":"SOK:n uudeksi p\u00e4\u00e4johtajaksi on nimetty 1.1.2014 alkaen Osuuskauppa H\u00e4meenmaan toimitusjohtaja Taavi Heikkil\u00e4n. SOK:n hallintoneuvosto teki nimityksen 19.12. Hallintoneuvoston puheenjohtaja Matti Pikkaraisen mukaan Taavi Heikkil\u00e4 valikoitui prosessissa, jossa tarkasteltiin kaikkiaan yli kolmeakymment\u00e4 eri nime\u00e4. Valinnan viime vaiheessa oli mukana Heikkil\u00e4n lis\u00e4ksi kaksi S-ryhm\u00e4n ulkopuolelta olevaa henkil\u00f6\u00e4. \u2014 Loppusuoran ehdokkailla oli kullakin omat vahvuusalueensa, jotka meniv\u00e4t osin","og_url":"https:\/\/pellervo.fi\/sv\/uutiset\/2013\/12\/19\/taavi-heikkila-sokn-paajohtajaksi\/","og_site_name":"Pellervo","article_published_time":"2013-12-19T13:20:57+00:00","article_modified_time":"2014-11-20T11:17:14+00:00","og_image":[{"width":600,"height":399,"url":"https:\/\/pellervo.fi\/wp-content\/uploads\/2013\/12\/taaviheikkila.jpg","type":"image\/jpeg"}],"author":"pellervo","twitter_card":"summary_large_image","twitter_creator":"@PellervoFi","twitter_site":"@PellervoFi","twitter_misc":{"Written by":"pellervo","Est. reading time":"1 minute"},"schema":{"@context":"https:\/\/schema.org","@graph":[{"@type":"Article","@id":"https:\/\/pellervo.fi\/sv\/uutiset\/2013\/12\/19\/taavi-heikkila-sokn-paajohtajaksi\/#article","isPartOf":{"@id":"https:\/\/pellervo.fi\/sv\/uutiset\/2013\/12\/19\/taavi-heikkila-sokn-paajohtajaksi\/"},"author":{"name":"pellervo","@id":"https:\/\/pellervo.fi\/#\/schema\/person\/4b74d40956937d1367ade81899997e71"},"headline":"Taavi Heikkil\u00e4 SOK:n p\u00e4\u00e4johtajaksi","datePublished":"2013-12-19T13:20:57+00:00","dateModified":"2014-11-20T11:17:14+00:00","mainEntityOfPage":{"@id":"https:\/\/pellervo.fi\/sv\/uutiset\/2013\/12\/19\/taavi-heikkila-sokn-paajohtajaksi\/"},"wordCount":205,"commentCount":0,"publisher":{"@id":"https:\/\/pellervo.fi\/#organization"},"image":{"@id":"https:\/\/pellervo.fi\/sv\/uutiset\/2013\/12\/19\/taavi-heikkila-sokn-paajohtajaksi\/#primaryimage"},"thumbnailUrl":"https:\/\/pellervo.fi\/wp-content\/uploads\/2013\/12\/taaviheikkila.jpg","articleSection":["Uutiset"],"inLanguage":"en-US","potentialAction":[{"@type":"CommentAction","name":"Comment","target":["https:\/\/pellervo.fi\/sv\/uutiset\/2013\/12\/19\/taavi-heikkila-sokn-paajohtajaksi\/#respond"]}]},{"@type":"WebPage","@id":"https:\/\/pellervo.fi\/sv\/uutiset\/2013\/12\/19\/taavi-heikkila-sokn-paajohtajaksi\/","url":"https:\/\/pellervo.fi\/sv\/uutiset\/2013\/12\/19\/taavi-heikkila-sokn-paajohtajaksi\/","name":"Taavi Heikkil\u00e4 SOK:n p\u00e4\u00e4johtajaksi - Pellervo","isPartOf":{"@id":"https:\/\/pellervo.fi\/#website"},"primaryImageOfPage":{"@id":"https:\/\/pellervo.fi\/sv\/uutiset\/2013\/12\/19\/taavi-heikkila-sokn-paajohtajaksi\/#primaryimage"},"image":{"@id":"https:\/\/pellervo.fi\/sv\/uutiset\/2013\/12\/19\/taavi-heikkila-sokn-paajohtajaksi\/#primaryimage"},"thumbnailUrl":"https:\/\/pellervo.fi\/wp-content\/uploads\/2013\/12\/taaviheikkila.jpg","datePublished":"2013-12-19T13:20:57+00:00","dateModified":"2014-11-20T11:17:14+00:00","breadcrumb":{"@id":"https:\/\/pellervo.fi\/sv\/uutiset\/2013\/12\/19\/taavi-heikkila-sokn-paajohtajaksi\/#breadcrumb"},"inLanguage":"en-US","potentialAction":[{"@type":"ReadAction","target":["https:\/\/pellervo.fi\/sv\/uutiset\/2013\/12\/19\/taavi-heikkila-sokn-paajohtajaksi\/"]}]},{"@type":"ImageObject","inLanguage":"en-US","@id":"https:\/\/pellervo.fi\/sv\/uutiset\/2013\/12\/19\/taavi-heikkila-sokn-paajohtajaksi\/#primaryimage","url":"https:\/\/pellervo.fi\/wp-content\/uploads\/2013\/12\/taaviheikkila.jpg","contentUrl":"https:\/\/pellervo.fi\/wp-content\/uploads\/2013\/12\/taaviheikkila.jpg","width":600,"height":399},{"@type":"BreadcrumbList","@id":"https:\/\/pellervo.fi\/sv\/uutiset\/2013\/12\/19\/taavi-heikkila-sokn-paajohtajaksi\/#breadcrumb","itemListElement":[{"@type":"ListItem","position":1,"name":"Koti","item":"https:\/\/pellervo.fi\/en\/"},{"@type":"ListItem","position":2,"name":"Taavi Heikkil\u00e4 SOK:n p\u00e4\u00e4johtajaksi"}]},{"@type":"WebSite","@id":"https:\/\/pellervo.fi\/#website","url":"https:\/\/pellervo.fi\/","name":"Pellervo","description":"Osuuskuntien keskusj\u00e4rjest\u00f6","publisher":{"@id":"https:\/\/pellervo.fi\/#organization"},"potentialAction":[{"@type":"SearchAction","target":{"@type":"EntryPoint","urlTemplate":"https:\/\/pellervo.fi\/?s={search_term_string}"},"query-input":{"@type":"PropertyValueSpecification","valueRequired":true,"valueName":"search_term_string"}}],"inLanguage":"en-US"},{"@type":"Organization","@id":"https:\/\/pellervo.fi\/#organization","name":"Osuustoimintakeskus Pellervo ry","url":"https:\/\/pellervo.fi\/","logo":{"@type":"ImageObject","inLanguage":"en-US","@id":"https:\/\/pellervo.fi\/#\/schema\/logo\/image\/","url":"https:\/\/pellervo.fi\/wp-content\/uploads\/2020\/05\/Pellervo_logo.png","contentUrl":"https:\/\/pellervo.fi\/wp-content\/uploads\/2020\/05\/Pellervo_logo.png","width":1335,"height":376,"caption":"Osuustoimintakeskus Pellervo ry"},"image":{"@id":"https:\/\/pellervo.fi\/#\/schema\/logo\/image\/"},"sameAs":["https:\/\/x.com\/PellervoFi"]},{"@type":"Person","@id":"https:\/\/pellervo.fi\/#\/schema\/person\/4b74d40956937d1367ade81899997e71","name":"pellervo","image":{"@type":"ImageObject","inLanguage":"en-US","@id":"https:\/\/pellervo.fi\/wp-content\/uploads\/2013\/11\/pellervo_avatar_1384522134-96x96.jpg","url":"https:\/\/pellervo.fi\/wp-content\/uploads\/2013\/11\/pellervo_avatar_1384522134-96x96.jpg","contentUrl":"https:\/\/pellervo.fi\/wp-content\/uploads\/2013\/11\/pellervo_avatar_1384522134-96x96.jpg","caption":"pellervo"},"description":"Kuvaus","url":"https:\/\/pellervo.fi\/en\/author\/pellervo\/"}]}},"_links":{"self":[{"href":"https:\/\/pellervo.fi\/en\/wp-json\/wp\/v2\/posts\/2747","targetHints":{"allow":["GET"]}}],"collection":[{"href":"https:\/\/pellervo.fi\/en\/wp-json\/wp\/v2\/posts"}],"about":[{"href":"https:\/\/pellervo.fi\/en\/wp-json\/wp\/v2\/types\/post"}],"author":[{"embeddable":true,"href":"https:\/\/pellervo.fi\/en\/wp-json\/wp\/v2\/users\/5"}],"replies":[{"embeddable":true,"href":"https:\/\/pellervo.fi\/en\/wp-json\/wp\/v2\/comments?post=2747"}],"version-history":[{"count":0,"href":"https:\/\/pellervo.fi\/en\/wp-json\/wp\/v2\/posts\/2747\/revisions"}],"wp:featuredmedia":[{"embeddable":true,"href":"https:\/\/pellervo.fi\/en\/wp-json\/wp\/v2\/media\/2774"}],"wp:attachment":[{"href":"https:\/\/pellervo.fi\/en\/wp-json\/wp\/v2\/media?parent=2747"}],"wp:term":[{"taxonomy":"category","embeddable":true,"href":"https:\/\/pellervo.fi\/en\/wp-json\/wp\/v2\/categories?post=2747"},{"taxonomy":"post_tag","embeddable":true,"href":"https:\/\/pellervo.fi\/en\/wp-json\/wp\/v2\/tags?post=2747"}],"curies":[{"name":"wp","href":"https:\/\/api.w.org\/{rel}","templated":true}]}}