{"id":3031,"date":"2014-02-04T10:15:03","date_gmt":"2014-02-04T08:15:03","guid":{"rendered":"http:\/\/pellervo.fi\/?p=3031"},"modified":"2014-02-12T16:01:30","modified_gmt":"2014-02-12T14:01:30","slug":"hannes-gebhardin-muistolaatta-paljastettiin-kajaanissa","status":"publish","type":"post","link":"https:\/\/pellervo.fi\/en\/uutiset\/2014\/02\/04\/hannes-gebhardin-muistolaatta-paljastettiin-kajaanissa\/","title":{"rendered":"Hannes Gebhardin muistolaatta paljastettiin Kajaanissa"},"content":{"rendered":"<p>Suomen osuustoiminnan is\u00e4n Hannes Gebhardin muistolaatta paljastettiin 4. helmikuuta Kajaanin Raatihuoneentorilla. Muistolaatta kiinnitettiin Pellervo-Seuran ja Kainuun yhteistoimintakerhon aloitteesta, yhteisty\u00f6ss\u00e4 Kajaanin kaupungin kanssa.<\/p>\n<p>Osuustoimintaliikkeen johtohahmona ja taloustieteilij\u00e4n\u00e4 tunnetun Gebhardin syntym\u00e4st\u00e4 tulee t\u00e4n\u00e4 vuonna kuluneeksi 150 vuotta.<\/p>\n<p>\u201dHannes Gebhardin el\u00e4m\u00e4nty\u00f6n l\u00e4ht\u00f6kohtana olivat Suomen kansan eheytt\u00e4minen ja v\u00e4h\u00e4v\u00e4kisten elinmahdollisuuksien turvaaminen. Maanhankinta tilattomille, torpparikysymys, osuustoiminta ja pienviljelij\u00f6iden aseman parantaminen olivat t\u00e4rkeit\u00e4 johtot\u00e4hti\u00e4 h\u00e4nen el\u00e4m\u00e4nty\u00f6ss\u00e4\u00e4n\u201d, totesi Pellervo-Seuran valtuuskunnan puheenjohtaja, maanviljelysneuvos <strong>Timo Komulainen<\/strong> muistolaatan paljastustilaisuudessa pit\u00e4m\u00e4ss\u00e4\u00e4n puheessa.<\/p>\n<p><img loading=\"lazy\" decoding=\"async\" alt=\"\" src=\"https:\/\/pellervo.fi\/wp-content\/uploads\/2014\/02\/muistolaatta.jpg\" width=\"600\" height=\"450\" \/><\/p>\n<p>Gebhard toimi monissa yhteiskunnallisesti merkitt\u00e4viss\u00e4 teht\u00e4viss\u00e4 muun muassa yliopistossa maanviljelystalouden professorina. Kansanedustajana h\u00e4n toimi 1907 alkaen ensimm\u00e4isill\u00e4 valtiop\u00e4ivill\u00e4 edustaen vanhasuomalaisia.<\/p>\n<p>Gebhard ty\u00f6skenteli lis\u00e4ksi p\u00e4\u00e4toimittajana Pellervo-lehdess\u00e4 ja Osuustoiminta-lehdess\u00e4. Olipa h\u00e4n perustamassa my\u00f6s Maaseudun Tulevaisuutta ja Otavan kustantamoa.<\/p>\n<p>N\u00e4kyvimm\u00e4n uran Hannes Gebhard teki osuustoiminnan parissa toimien Pellervo-Seuran puheenjohtajana kaksi vuosikymment\u00e4 ja osuuskassojen keskusyhteis\u00f6n OKOn toimitusjohtajana kolme vuosikymment\u00e4. H\u00e4n vaikutti siten suoraan tai v\u00e4lillisesti koko Suomen talousel\u00e4m\u00e4n kehittymiseen.<\/p>\n<p>\u201dT\u00e4m\u00e4n voi todeta joka p\u00e4iv\u00e4 kaupunkien ja kuntien keskustoissa, teiden varsilla, teollisuusalueilla ja maaseudun elinkeinojen parissa. Suomi on osuustoiminnallisin maa maailmassa\u201d, Komulainen muistutti.<\/p>\n<p>Henkil\u00f6 ja \u00e4\u00e4ni -periaate toteutui ensimm\u00e4isen\u00e4 osuustoiminnassa, sitten vasta valtiollisella tasolla ja my\u00f6hemmin kuntatasolla. Hannes Gebhard oli siis monella tapaa suomalaisen kansanvallan latujen aukaisija ja talousel\u00e4m\u00e4n tasavaltalainen.<\/p>\n<p>Pellervon Gebhard-mitaleissa on teksti \u201dsyd\u00e4nt\u00e4, p\u00e4\u00e4t\u00e4 ja k\u00e4tt\u00e4\u201d. P\u00e4\u00e4 luonnehtii j\u00e4rke\u00e4 ja osaamista, syd\u00e4n etiikkaa ja arvojen yhteisyytt\u00e4, k\u00e4si ahkeraa tekemist\u00e4. Luonnehdintaa voi Komulaisen mukaan sovitella niin osuustoiminnan aatepohjaan kuin Hannes Gebhardin el\u00e4m\u00e4nty\u00f6h\u00f6n.<\/p>\n<p>Hannes ja Hedvig Gebhardia koskevat verkkosivut l\u00f6yd\u00e4t osoitteesta\u00a0<a href=\"http:\/\/www.pellervo.fi\/gebhard\">http:\/\/www.pellervo.fi\/gebhard<\/a>.  <\/p>\n","protected":false},"excerpt":{"rendered":"<p>Suomen osuustoiminnan is\u00e4n Hannes Gebhardin muistolaatta paljastettiin 4. helmikuuta Kajaanin Raatihuoneentorilla. Muistolaatta kiinnitettiin Pellervo-Seuran ja Kainuun yhteistoimintakerhon aloitteesta, yhteisty\u00f6ss\u00e4 Kajaanin kaupungin kanssa. Osuustoimintaliikkeen johtohahmona ja taloustieteilij\u00e4n\u00e4 tunnetun Gebhardin syntym\u00e4st\u00e4 tulee t\u00e4n\u00e4 vuonna kuluneeksi 150 vuotta. \u201dHannes Gebhardin el\u00e4m\u00e4nty\u00f6n l\u00e4ht\u00f6kohtana olivat Suomen kansan eheytt\u00e4minen ja v\u00e4h\u00e4v\u00e4kisten elinmahdollisuuksien turvaaminen. Maanhankinta tilattomille, torpparikysymys, osuustoiminta ja pienviljelij\u00f6iden aseman parantaminen<\/p>\n","protected":false},"author":5,"featured_media":3070,"comment_status":"open","ping_status":"closed","sticky":false,"template":"","format":"standard","meta":{"inline_featured_image":false,"_monsterinsights_skip_tracking":false,"_monsterinsights_sitenote_active":false,"_monsterinsights_sitenote_note":"","_monsterinsights_sitenote_category":0,"site-sidebar-layout":"default","site-content-layout":"","ast-site-content-layout":"default","site-content-style":"default","site-sidebar-style":"default","ast-global-header-display":"","ast-banner-title-visibility":"","ast-main-header-display":"","ast-hfb-above-header-display":"","ast-hfb-below-header-display":"","ast-hfb-mobile-header-display":"","site-post-title":"","ast-breadcrumbs-content":"","ast-featured-img":"","footer-sml-layout":"","ast-disable-related-posts":"","theme-transparent-header-meta":"","adv-header-id-meta":"","stick-header-meta":"","header-above-stick-meta":"","header-main-stick-meta":"","header-below-stick-meta":"","astra-migrate-meta-layouts":"default","ast-page-background-enabled":"default","ast-page-background-meta":{"desktop":{"background-color":"","background-image":"","background-repeat":"repeat","background-position":"center center","background-size":"auto","background-attachment":"scroll","background-type":"","background-media":"","overlay-type":"","overlay-color":"","overlay-opacity":"","overlay-gradient":""},"tablet":{"background-color":"","background-image":"","background-repeat":"repeat","background-position":"center center","background-size":"auto","background-attachment":"scroll","background-type":"","background-media":"","overlay-type":"","overlay-color":"","overlay-opacity":"","overlay-gradient":""},"mobile":{"background-color":"","background-image":"","background-repeat":"repeat","background-position":"center center","background-size":"auto","background-attachment":"scroll","background-type":"","background-media":"","overlay-type":"","overlay-color":"","overlay-opacity":"","overlay-gradient":""}},"ast-content-background-meta":{"desktop":{"background-color":"var(--ast-global-color-5)","background-image":"","background-repeat":"repeat","background-position":"center center","background-size":"auto","background-attachment":"scroll","background-type":"","background-media":"","overlay-type":"","overlay-color":"","overlay-opacity":"","overlay-gradient":""},"tablet":{"background-color":"var(--ast-global-color-5)","background-image":"","background-repeat":"repeat","background-position":"center center","background-size":"auto","background-attachment":"scroll","background-type":"","background-media":"","overlay-type":"","overlay-color":"","overlay-opacity":"","overlay-gradient":""},"mobile":{"background-color":"var(--ast-global-color-5)","background-image":"","background-repeat":"repeat","background-position":"center center","background-size":"auto","background-attachment":"scroll","background-type":"","background-media":"","overlay-type":"","overlay-color":"","overlay-opacity":"","overlay-gradient":""}},"_FSMCFIC_featured_image_caption":"","_FSMCFIC_featured_image_nocaption":"","_FSMCFIC_featured_image_hide":"","footnotes":""},"categories":[22],"tags":[100,102,101],"class_list":["post-3031","post","type-post","status-publish","format-standard","has-post-thumbnail","hentry","category-uutiset","tag-hannes-gebhard","tag-kajaani","tag-muistolaatta"],"yoast_head":"<!-- This site is optimized with the Yoast SEO plugin v27.5 - https:\/\/yoast.com\/product\/yoast-seo-wordpress\/ -->\n<title>Hannes Gebhardin muistolaatta paljastettiin Kajaanissa - Pellervo<\/title>\n<meta name=\"robots\" content=\"index, follow, max-snippet:-1, max-image-preview:large, max-video-preview:-1\" \/>\n<link rel=\"canonical\" href=\"https:\/\/pellervo.fi\/uutiset\/2014\/02\/04\/hannes-gebhardin-muistolaatta-paljastettiin-kajaanissa\/\" \/>\n<meta property=\"og:locale\" content=\"en_US\" \/>\n<meta property=\"og:type\" content=\"article\" \/>\n<meta property=\"og:title\" content=\"Hannes Gebhardin muistolaatta paljastettiin Kajaanissa - Pellervo\" \/>\n<meta property=\"og:description\" content=\"Suomen osuustoiminnan is\u00e4n Hannes Gebhardin muistolaatta paljastettiin 4. helmikuuta Kajaanin Raatihuoneentorilla. Muistolaatta kiinnitettiin Pellervo-Seuran ja Kainuun yhteistoimintakerhon aloitteesta, yhteisty\u00f6ss\u00e4 Kajaanin kaupungin kanssa. Osuustoimintaliikkeen johtohahmona ja taloustieteilij\u00e4n\u00e4 tunnetun Gebhardin syntym\u00e4st\u00e4 tulee t\u00e4n\u00e4 vuonna kuluneeksi 150 vuotta. \u201dHannes Gebhardin el\u00e4m\u00e4nty\u00f6n l\u00e4ht\u00f6kohtana olivat Suomen kansan eheytt\u00e4minen ja v\u00e4h\u00e4v\u00e4kisten elinmahdollisuuksien turvaaminen. Maanhankinta tilattomille, torpparikysymys, osuustoiminta ja pienviljelij\u00f6iden aseman parantaminen\" \/>\n<meta property=\"og:url\" content=\"https:\/\/pellervo.fi\/uutiset\/2014\/02\/04\/hannes-gebhardin-muistolaatta-paljastettiin-kajaanissa\/\" \/>\n<meta property=\"og:site_name\" content=\"Pellervo\" \/>\n<meta property=\"article:published_time\" content=\"2014-02-04T08:15:03+00:00\" \/>\n<meta property=\"article:modified_time\" content=\"2014-02-12T14:01:30+00:00\" \/>\n<meta property=\"og:image\" content=\"https:\/\/pellervo.fi\/wp-content\/uploads\/2014\/02\/paljastus.jpg\" \/>\n\t<meta property=\"og:image:width\" content=\"600\" \/>\n\t<meta property=\"og:image:height\" content=\"400\" \/>\n\t<meta property=\"og:image:type\" content=\"image\/jpeg\" \/>\n<meta name=\"author\" content=\"pellervo\" \/>\n<meta name=\"twitter:card\" content=\"summary_large_image\" \/>\n<meta name=\"twitter:creator\" content=\"@PellervoFi\" \/>\n<meta name=\"twitter:site\" content=\"@PellervoFi\" \/>\n<meta name=\"twitter:label1\" content=\"Written by\" \/>\n\t<meta name=\"twitter:data1\" content=\"pellervo\" \/>\n\t<meta name=\"twitter:label2\" content=\"Est. reading time\" \/>\n\t<meta name=\"twitter:data2\" content=\"1 minute\" \/>\n<script type=\"application\/ld+json\" class=\"yoast-schema-graph\">{\"@context\":\"https:\\\/\\\/schema.org\",\"@graph\":[{\"@type\":\"Article\",\"@id\":\"https:\\\/\\\/pellervo.fi\\\/uutiset\\\/2014\\\/02\\\/04\\\/hannes-gebhardin-muistolaatta-paljastettiin-kajaanissa\\\/#article\",\"isPartOf\":{\"@id\":\"https:\\\/\\\/pellervo.fi\\\/uutiset\\\/2014\\\/02\\\/04\\\/hannes-gebhardin-muistolaatta-paljastettiin-kajaanissa\\\/\"},\"author\":{\"name\":\"pellervo\",\"@id\":\"https:\\\/\\\/pellervo.fi\\\/#\\\/schema\\\/person\\\/4b74d40956937d1367ade81899997e71\"},\"headline\":\"Hannes Gebhardin muistolaatta paljastettiin Kajaanissa\",\"datePublished\":\"2014-02-04T08:15:03+00:00\",\"dateModified\":\"2014-02-12T14:01:30+00:00\",\"mainEntityOfPage\":{\"@id\":\"https:\\\/\\\/pellervo.fi\\\/uutiset\\\/2014\\\/02\\\/04\\\/hannes-gebhardin-muistolaatta-paljastettiin-kajaanissa\\\/\"},\"wordCount\":295,\"commentCount\":0,\"publisher\":{\"@id\":\"https:\\\/\\\/pellervo.fi\\\/#organization\"},\"image\":{\"@id\":\"https:\\\/\\\/pellervo.fi\\\/uutiset\\\/2014\\\/02\\\/04\\\/hannes-gebhardin-muistolaatta-paljastettiin-kajaanissa\\\/#primaryimage\"},\"thumbnailUrl\":\"https:\\\/\\\/pellervo.fi\\\/wp-content\\\/uploads\\\/2014\\\/02\\\/paljastus.jpg\",\"keywords\":[\"hannes gebhard\",\"kajaani\",\"muistolaatta\"],\"articleSection\":[\"Uutiset\"],\"inLanguage\":\"en-US\",\"potentialAction\":[{\"@type\":\"CommentAction\",\"name\":\"Comment\",\"target\":[\"https:\\\/\\\/pellervo.fi\\\/uutiset\\\/2014\\\/02\\\/04\\\/hannes-gebhardin-muistolaatta-paljastettiin-kajaanissa\\\/#respond\"]}]},{\"@type\":\"WebPage\",\"@id\":\"https:\\\/\\\/pellervo.fi\\\/uutiset\\\/2014\\\/02\\\/04\\\/hannes-gebhardin-muistolaatta-paljastettiin-kajaanissa\\\/\",\"url\":\"https:\\\/\\\/pellervo.fi\\\/uutiset\\\/2014\\\/02\\\/04\\\/hannes-gebhardin-muistolaatta-paljastettiin-kajaanissa\\\/\",\"name\":\"Hannes Gebhardin muistolaatta paljastettiin Kajaanissa - Pellervo\",\"isPartOf\":{\"@id\":\"https:\\\/\\\/pellervo.fi\\\/#website\"},\"primaryImageOfPage\":{\"@id\":\"https:\\\/\\\/pellervo.fi\\\/uutiset\\\/2014\\\/02\\\/04\\\/hannes-gebhardin-muistolaatta-paljastettiin-kajaanissa\\\/#primaryimage\"},\"image\":{\"@id\":\"https:\\\/\\\/pellervo.fi\\\/uutiset\\\/2014\\\/02\\\/04\\\/hannes-gebhardin-muistolaatta-paljastettiin-kajaanissa\\\/#primaryimage\"},\"thumbnailUrl\":\"https:\\\/\\\/pellervo.fi\\\/wp-content\\\/uploads\\\/2014\\\/02\\\/paljastus.jpg\",\"datePublished\":\"2014-02-04T08:15:03+00:00\",\"dateModified\":\"2014-02-12T14:01:30+00:00\",\"breadcrumb\":{\"@id\":\"https:\\\/\\\/pellervo.fi\\\/uutiset\\\/2014\\\/02\\\/04\\\/hannes-gebhardin-muistolaatta-paljastettiin-kajaanissa\\\/#breadcrumb\"},\"inLanguage\":\"en-US\",\"potentialAction\":[{\"@type\":\"ReadAction\",\"target\":[\"https:\\\/\\\/pellervo.fi\\\/uutiset\\\/2014\\\/02\\\/04\\\/hannes-gebhardin-muistolaatta-paljastettiin-kajaanissa\\\/\"]}]},{\"@type\":\"ImageObject\",\"inLanguage\":\"en-US\",\"@id\":\"https:\\\/\\\/pellervo.fi\\\/uutiset\\\/2014\\\/02\\\/04\\\/hannes-gebhardin-muistolaatta-paljastettiin-kajaanissa\\\/#primaryimage\",\"url\":\"https:\\\/\\\/pellervo.fi\\\/wp-content\\\/uploads\\\/2014\\\/02\\\/paljastus.jpg\",\"contentUrl\":\"https:\\\/\\\/pellervo.fi\\\/wp-content\\\/uploads\\\/2014\\\/02\\\/paljastus.jpg\",\"width\":600,\"height\":400},{\"@type\":\"BreadcrumbList\",\"@id\":\"https:\\\/\\\/pellervo.fi\\\/uutiset\\\/2014\\\/02\\\/04\\\/hannes-gebhardin-muistolaatta-paljastettiin-kajaanissa\\\/#breadcrumb\",\"itemListElement\":[{\"@type\":\"ListItem\",\"position\":1,\"name\":\"Koti\",\"item\":\"https:\\\/\\\/pellervo.fi\\\/en\\\/\"},{\"@type\":\"ListItem\",\"position\":2,\"name\":\"Hannes Gebhardin muistolaatta paljastettiin Kajaanissa\"}]},{\"@type\":\"WebSite\",\"@id\":\"https:\\\/\\\/pellervo.fi\\\/#website\",\"url\":\"https:\\\/\\\/pellervo.fi\\\/\",\"name\":\"Pellervo\",\"description\":\"Osuuskuntien keskusj\u00e4rjest\u00f6\",\"publisher\":{\"@id\":\"https:\\\/\\\/pellervo.fi\\\/#organization\"},\"potentialAction\":[{\"@type\":\"SearchAction\",\"target\":{\"@type\":\"EntryPoint\",\"urlTemplate\":\"https:\\\/\\\/pellervo.fi\\\/?s={search_term_string}\"},\"query-input\":{\"@type\":\"PropertyValueSpecification\",\"valueRequired\":true,\"valueName\":\"search_term_string\"}}],\"inLanguage\":\"en-US\"},{\"@type\":\"Organization\",\"@id\":\"https:\\\/\\\/pellervo.fi\\\/#organization\",\"name\":\"Osuustoimintakeskus Pellervo ry\",\"url\":\"https:\\\/\\\/pellervo.fi\\\/\",\"logo\":{\"@type\":\"ImageObject\",\"inLanguage\":\"en-US\",\"@id\":\"https:\\\/\\\/pellervo.fi\\\/#\\\/schema\\\/logo\\\/image\\\/\",\"url\":\"https:\\\/\\\/pellervo.fi\\\/wp-content\\\/uploads\\\/2020\\\/05\\\/Pellervo_logo.png\",\"contentUrl\":\"https:\\\/\\\/pellervo.fi\\\/wp-content\\\/uploads\\\/2020\\\/05\\\/Pellervo_logo.png\",\"width\":1335,\"height\":376,\"caption\":\"Osuustoimintakeskus Pellervo ry\"},\"image\":{\"@id\":\"https:\\\/\\\/pellervo.fi\\\/#\\\/schema\\\/logo\\\/image\\\/\"},\"sameAs\":[\"https:\\\/\\\/x.com\\\/PellervoFi\"]},{\"@type\":\"Person\",\"@id\":\"https:\\\/\\\/pellervo.fi\\\/#\\\/schema\\\/person\\\/4b74d40956937d1367ade81899997e71\",\"name\":\"pellervo\",\"image\":{\"@type\":\"ImageObject\",\"inLanguage\":\"en-US\",\"@id\":\"https:\\\/\\\/pellervo.fi\\\/wp-content\\\/uploads\\\/2013\\\/11\\\/pellervo_avatar_1384522134-96x96.jpg\",\"url\":\"https:\\\/\\\/pellervo.fi\\\/wp-content\\\/uploads\\\/2013\\\/11\\\/pellervo_avatar_1384522134-96x96.jpg\",\"contentUrl\":\"https:\\\/\\\/pellervo.fi\\\/wp-content\\\/uploads\\\/2013\\\/11\\\/pellervo_avatar_1384522134-96x96.jpg\",\"caption\":\"pellervo\"},\"description\":\"Kuvaus\",\"url\":\"https:\\\/\\\/pellervo.fi\\\/en\\\/author\\\/pellervo\\\/\"}]}<\/script>\n<!-- \/ Yoast SEO plugin. -->","yoast_head_json":{"title":"Hannes Gebhardin muistolaatta paljastettiin Kajaanissa - Pellervo","robots":{"index":"index","follow":"follow","max-snippet":"max-snippet:-1","max-image-preview":"max-image-preview:large","max-video-preview":"max-video-preview:-1"},"canonical":"https:\/\/pellervo.fi\/uutiset\/2014\/02\/04\/hannes-gebhardin-muistolaatta-paljastettiin-kajaanissa\/","og_locale":"en_US","og_type":"article","og_title":"Hannes Gebhardin muistolaatta paljastettiin Kajaanissa - Pellervo","og_description":"Suomen osuustoiminnan is\u00e4n Hannes Gebhardin muistolaatta paljastettiin 4. helmikuuta Kajaanin Raatihuoneentorilla. Muistolaatta kiinnitettiin Pellervo-Seuran ja Kainuun yhteistoimintakerhon aloitteesta, yhteisty\u00f6ss\u00e4 Kajaanin kaupungin kanssa. Osuustoimintaliikkeen johtohahmona ja taloustieteilij\u00e4n\u00e4 tunnetun Gebhardin syntym\u00e4st\u00e4 tulee t\u00e4n\u00e4 vuonna kuluneeksi 150 vuotta. \u201dHannes Gebhardin el\u00e4m\u00e4nty\u00f6n l\u00e4ht\u00f6kohtana olivat Suomen kansan eheytt\u00e4minen ja v\u00e4h\u00e4v\u00e4kisten elinmahdollisuuksien turvaaminen. Maanhankinta tilattomille, torpparikysymys, osuustoiminta ja pienviljelij\u00f6iden aseman parantaminen","og_url":"https:\/\/pellervo.fi\/uutiset\/2014\/02\/04\/hannes-gebhardin-muistolaatta-paljastettiin-kajaanissa\/","og_site_name":"Pellervo","article_published_time":"2014-02-04T08:15:03+00:00","article_modified_time":"2014-02-12T14:01:30+00:00","og_image":[{"width":600,"height":400,"url":"https:\/\/pellervo.fi\/wp-content\/uploads\/2014\/02\/paljastus.jpg","type":"image\/jpeg"}],"author":"pellervo","twitter_card":"summary_large_image","twitter_creator":"@PellervoFi","twitter_site":"@PellervoFi","twitter_misc":{"Written by":"pellervo","Est. reading time":"1 minute"},"schema":{"@context":"https:\/\/schema.org","@graph":[{"@type":"Article","@id":"https:\/\/pellervo.fi\/uutiset\/2014\/02\/04\/hannes-gebhardin-muistolaatta-paljastettiin-kajaanissa\/#article","isPartOf":{"@id":"https:\/\/pellervo.fi\/uutiset\/2014\/02\/04\/hannes-gebhardin-muistolaatta-paljastettiin-kajaanissa\/"},"author":{"name":"pellervo","@id":"https:\/\/pellervo.fi\/#\/schema\/person\/4b74d40956937d1367ade81899997e71"},"headline":"Hannes Gebhardin muistolaatta paljastettiin Kajaanissa","datePublished":"2014-02-04T08:15:03+00:00","dateModified":"2014-02-12T14:01:30+00:00","mainEntityOfPage":{"@id":"https:\/\/pellervo.fi\/uutiset\/2014\/02\/04\/hannes-gebhardin-muistolaatta-paljastettiin-kajaanissa\/"},"wordCount":295,"commentCount":0,"publisher":{"@id":"https:\/\/pellervo.fi\/#organization"},"image":{"@id":"https:\/\/pellervo.fi\/uutiset\/2014\/02\/04\/hannes-gebhardin-muistolaatta-paljastettiin-kajaanissa\/#primaryimage"},"thumbnailUrl":"https:\/\/pellervo.fi\/wp-content\/uploads\/2014\/02\/paljastus.jpg","keywords":["hannes gebhard","kajaani","muistolaatta"],"articleSection":["Uutiset"],"inLanguage":"en-US","potentialAction":[{"@type":"CommentAction","name":"Comment","target":["https:\/\/pellervo.fi\/uutiset\/2014\/02\/04\/hannes-gebhardin-muistolaatta-paljastettiin-kajaanissa\/#respond"]}]},{"@type":"WebPage","@id":"https:\/\/pellervo.fi\/uutiset\/2014\/02\/04\/hannes-gebhardin-muistolaatta-paljastettiin-kajaanissa\/","url":"https:\/\/pellervo.fi\/uutiset\/2014\/02\/04\/hannes-gebhardin-muistolaatta-paljastettiin-kajaanissa\/","name":"Hannes Gebhardin muistolaatta paljastettiin Kajaanissa - Pellervo","isPartOf":{"@id":"https:\/\/pellervo.fi\/#website"},"primaryImageOfPage":{"@id":"https:\/\/pellervo.fi\/uutiset\/2014\/02\/04\/hannes-gebhardin-muistolaatta-paljastettiin-kajaanissa\/#primaryimage"},"image":{"@id":"https:\/\/pellervo.fi\/uutiset\/2014\/02\/04\/hannes-gebhardin-muistolaatta-paljastettiin-kajaanissa\/#primaryimage"},"thumbnailUrl":"https:\/\/pellervo.fi\/wp-content\/uploads\/2014\/02\/paljastus.jpg","datePublished":"2014-02-04T08:15:03+00:00","dateModified":"2014-02-12T14:01:30+00:00","breadcrumb":{"@id":"https:\/\/pellervo.fi\/uutiset\/2014\/02\/04\/hannes-gebhardin-muistolaatta-paljastettiin-kajaanissa\/#breadcrumb"},"inLanguage":"en-US","potentialAction":[{"@type":"ReadAction","target":["https:\/\/pellervo.fi\/uutiset\/2014\/02\/04\/hannes-gebhardin-muistolaatta-paljastettiin-kajaanissa\/"]}]},{"@type":"ImageObject","inLanguage":"en-US","@id":"https:\/\/pellervo.fi\/uutiset\/2014\/02\/04\/hannes-gebhardin-muistolaatta-paljastettiin-kajaanissa\/#primaryimage","url":"https:\/\/pellervo.fi\/wp-content\/uploads\/2014\/02\/paljastus.jpg","contentUrl":"https:\/\/pellervo.fi\/wp-content\/uploads\/2014\/02\/paljastus.jpg","width":600,"height":400},{"@type":"BreadcrumbList","@id":"https:\/\/pellervo.fi\/uutiset\/2014\/02\/04\/hannes-gebhardin-muistolaatta-paljastettiin-kajaanissa\/#breadcrumb","itemListElement":[{"@type":"ListItem","position":1,"name":"Koti","item":"https:\/\/pellervo.fi\/en\/"},{"@type":"ListItem","position":2,"name":"Hannes Gebhardin muistolaatta paljastettiin Kajaanissa"}]},{"@type":"WebSite","@id":"https:\/\/pellervo.fi\/#website","url":"https:\/\/pellervo.fi\/","name":"Pellervo","description":"Osuuskuntien keskusj\u00e4rjest\u00f6","publisher":{"@id":"https:\/\/pellervo.fi\/#organization"},"potentialAction":[{"@type":"SearchAction","target":{"@type":"EntryPoint","urlTemplate":"https:\/\/pellervo.fi\/?s={search_term_string}"},"query-input":{"@type":"PropertyValueSpecification","valueRequired":true,"valueName":"search_term_string"}}],"inLanguage":"en-US"},{"@type":"Organization","@id":"https:\/\/pellervo.fi\/#organization","name":"Osuustoimintakeskus Pellervo ry","url":"https:\/\/pellervo.fi\/","logo":{"@type":"ImageObject","inLanguage":"en-US","@id":"https:\/\/pellervo.fi\/#\/schema\/logo\/image\/","url":"https:\/\/pellervo.fi\/wp-content\/uploads\/2020\/05\/Pellervo_logo.png","contentUrl":"https:\/\/pellervo.fi\/wp-content\/uploads\/2020\/05\/Pellervo_logo.png","width":1335,"height":376,"caption":"Osuustoimintakeskus Pellervo ry"},"image":{"@id":"https:\/\/pellervo.fi\/#\/schema\/logo\/image\/"},"sameAs":["https:\/\/x.com\/PellervoFi"]},{"@type":"Person","@id":"https:\/\/pellervo.fi\/#\/schema\/person\/4b74d40956937d1367ade81899997e71","name":"pellervo","image":{"@type":"ImageObject","inLanguage":"en-US","@id":"https:\/\/pellervo.fi\/wp-content\/uploads\/2013\/11\/pellervo_avatar_1384522134-96x96.jpg","url":"https:\/\/pellervo.fi\/wp-content\/uploads\/2013\/11\/pellervo_avatar_1384522134-96x96.jpg","contentUrl":"https:\/\/pellervo.fi\/wp-content\/uploads\/2013\/11\/pellervo_avatar_1384522134-96x96.jpg","caption":"pellervo"},"description":"Kuvaus","url":"https:\/\/pellervo.fi\/en\/author\/pellervo\/"}]}},"_links":{"self":[{"href":"https:\/\/pellervo.fi\/en\/wp-json\/wp\/v2\/posts\/3031","targetHints":{"allow":["GET"]}}],"collection":[{"href":"https:\/\/pellervo.fi\/en\/wp-json\/wp\/v2\/posts"}],"about":[{"href":"https:\/\/pellervo.fi\/en\/wp-json\/wp\/v2\/types\/post"}],"author":[{"embeddable":true,"href":"https:\/\/pellervo.fi\/en\/wp-json\/wp\/v2\/users\/5"}],"replies":[{"embeddable":true,"href":"https:\/\/pellervo.fi\/en\/wp-json\/wp\/v2\/comments?post=3031"}],"version-history":[{"count":0,"href":"https:\/\/pellervo.fi\/en\/wp-json\/wp\/v2\/posts\/3031\/revisions"}],"wp:featuredmedia":[{"embeddable":true,"href":"https:\/\/pellervo.fi\/en\/wp-json\/wp\/v2\/media\/3070"}],"wp:attachment":[{"href":"https:\/\/pellervo.fi\/en\/wp-json\/wp\/v2\/media?parent=3031"}],"wp:term":[{"taxonomy":"category","embeddable":true,"href":"https:\/\/pellervo.fi\/en\/wp-json\/wp\/v2\/categories?post=3031"},{"taxonomy":"post_tag","embeddable":true,"href":"https:\/\/pellervo.fi\/en\/wp-json\/wp\/v2\/tags?post=3031"}],"curies":[{"name":"wp","href":"https:\/\/api.w.org\/{rel}","templated":true}]}}