{"id":3501,"date":"2014-04-10T11:00:10","date_gmt":"2014-04-10T08:00:10","guid":{"rendered":"http:\/\/pellervo.fi\/?p=3501"},"modified":"2020-06-30T11:52:04","modified_gmt":"2020-06-30T08:52:04","slug":"tunnustuksia-osuustoiminnan-hyvaksi-tehdysta-tyosta-hannes-gebhard-150-juhlavuonna","status":"publish","type":"post","link":"https:\/\/pellervo.fi\/en\/jarjesto\/2014\/04\/10\/tunnustuksia-osuustoiminnan-hyvaksi-tehdysta-tyosta-hannes-gebhard-150-juhlavuonna\/","title":{"rendered":"Tunnustuksia osuustoiminnan hyv\u00e4ksi tehdyst\u00e4 ty\u00f6st\u00e4"},"content":{"rendered":"<p>Taloustieteilij\u00e4, agraarireformisti ja suomalaisen osuustoiminnan perustaja, professori Hannes Gebhardin (1864-1933) syntym\u00e4st\u00e4 tuli 150 vuotta 8.4.2014. H\u00e4n vaikutti mm. Pellervo-Seura ry:n ja Pellervo-lehden perustamiseen 1899 sek\u00e4 ensimm\u00e4isen osuustoimintalain syntyyn 1901. Gebhard oli taloushistorioitsija, kansantaloustieteilij\u00e4 ja Helsingin yliopiston professori.<\/p>\n<p>Hannes Gebhard 150 \u00a0-juhlavuoden kunniaksi seuraavat henkil\u00f6t saivat keskiviikkona 9.4.2014 Helsingiss\u00e4 pidetyss\u00e4 Pellervon P\u00e4iv\u00e4ss\u00e4 2014 Pellervo-Seura ry:n my\u00f6nt\u00e4m\u00e4n tunnustuksen osuustoiminnan hyv\u00e4ksi tehdyst\u00e4 ty\u00f6st\u00e4:<\/p>\n<p>Hallituksen puheenjohtaja Martti Asunta, Mets\u00e4liitto Osuuskunta<br \/>\n<i>Osuustoiminnan I luokan ansiomitali<br \/>\n<\/i>Martti Asunta on toiminut poikkeuksellisen ansiokkaasti osuustoiminnan hyv\u00e4ksi niin osuustoimintayritysten kuin -j\u00e4rjest\u00f6jen hallintohenkil\u00f6n\u00e4 Mets\u00e4 Groupissa, Pellervossa ja Osuustoiminnan neuvottelukunnassa.<\/p>\n<p>Toimitusjohtaja Pasi Holm, Pellervon Taloustutkimus<br \/>\n<i>Pronssinen Gebhard -mitali<\/i><br \/>\nPasi Holm on tehnyt merkitt\u00e4v\u00e4\u00e4 ty\u00f6t\u00e4 Pellervon taloustutkimuksen johdossa taloustutkijana ja yhteiskunnallisena keskustelijana.<\/p>\n<p>P\u00e4\u00e4toimittaja Anna-Liisa Huhtala-Fiskars, Pellervo-Media Oy<br \/>\n<i>Osuustoiminnan ansiomitali<br \/>\n<\/i>Anna-Liisa Huhtala-Fiskars on kehitt\u00e4nyt menestyksellisesti Kodin Pellervoa omalinjaisena ja lukijoiden suosimana aikakauslehten\u00e4.<\/p>\n<p>Toimialajohtaja, Mets\u00e4 Wood Esa Kaikkonen, Mets\u00e4 Group<br \/>\n<i>Pronssinen Gebhard-mitali<br \/>\n<\/i>Esa Kaikkonen on kunnostautunut liikkeenjohtoteht\u00e4vien lis\u00e4ksi uuden osuuskuntalain valmistelussa.<\/p>\n<p>Lakiasiainjohtaja Anne Kontkanen, Pellervo-Seura ry<br \/>\n<i>Hopeinen Gebhard-mitali<br \/>\n<\/i>Anne Kontkanen on toiminut ansiokkaasti osuuskuntien lakiasioiden, uuden osuuskuntalain valmistelun ja sen neuvonnan parissa.<\/p>\n<p>Professori Markku Kuisma, Helsingin yliopisto<br \/>\n<i>Kultainen Gebhard-mitali<br \/>\n<\/i>Markku Kuisma on kahden vuosikymmenen aikana edist\u00e4nyt merkitt\u00e4v\u00e4sti osuustoimintaa koskevaa historiantutkimusta ja keskustelua kirjoittajana, organisaattorina ja asiantuntijana.<\/p>\n<p>Vastaava p\u00e4\u00e4toimittaja Teemu Pakarinen, Pellervo-Media Oy<br \/>\n<i>Osuustoiminnan ansiomitali<br \/>\n<\/i>Teemu Pakarinen on kokenut pitk\u00e4n linjan journalisti, joka on johtanut menestyksellisesti Pellervo-lehtien uudistumista.<\/p>\n<p>Toimitusjohtaja Perttu Puro, Osuuskunta Tradeka-yhtym\u00e4<br \/>\n<i>Pronssinen Gebhard-mitali<br \/>\n<\/i>Perttu Puro on kunnostautunut liikkeenjohtoteht\u00e4vien lis\u00e4ksi kahden viimeisen osuuskuntalain valmistelussa.<\/p>\n<p>Lakimies Helena Raininko, Suomen Osuuskauppojen Keskuskunta<br \/>\n<i>Pronssinen Gebhard-mitali<br \/>\n<\/i>Helena Raininko on SOK:n lakimiesteht\u00e4vien ohella toiminut ansiokkaasti uuden osuuskuntalain valmistelussa.<\/p>\n<p>***<\/p>\n<p>Lis\u00e4tietoja Pellervosta: toimitusjohtaja Sami Karhu, 0400 545 989, <a href=\"mailto:sami.karhu@pellervo.fi\">sami.karhu@pellervo.fi<\/a>  <\/p>\n","protected":false},"excerpt":{"rendered":"<p>Hannes Gebhard 150  -juhlavuoden kunniaksi yhdeks\u00e4n henkil\u00f6\u00e4 sai  Pellervon P\u00e4iv\u00e4ss\u00e4 2014 Pellervo-Seuran my\u00f6nt\u00e4m\u00e4n tunnustuksen osuustoiminnan hyv\u00e4ksi tehdyst\u00e4 ty\u00f6st\u00e4.<\/p>\n","protected":false},"author":5,"featured_media":3523,"comment_status":"open","ping_status":"open","sticky":false,"template":"","format":"standard","meta":{"inline_featured_image":false,"_monsterinsights_skip_tracking":false,"_monsterinsights_sitenote_active":false,"_monsterinsights_sitenote_note":"","_monsterinsights_sitenote_category":0,"site-sidebar-layout":"default","site-content-layout":"","ast-site-content-layout":"default","site-content-style":"default","site-sidebar-style":"default","ast-global-header-display":"","ast-banner-title-visibility":"","ast-main-header-display":"","ast-hfb-above-header-display":"","ast-hfb-below-header-display":"","ast-hfb-mobile-header-display":"","site-post-title":"","ast-breadcrumbs-content":"","ast-featured-img":"","footer-sml-layout":"","ast-disable-related-posts":"","theme-transparent-header-meta":"","adv-header-id-meta":"","stick-header-meta":"","header-above-stick-meta":"","header-main-stick-meta":"","header-below-stick-meta":"","astra-migrate-meta-layouts":"default","ast-page-background-enabled":"default","ast-page-background-meta":{"desktop":{"background-color":"","background-image":"","background-repeat":"repeat","background-position":"center center","background-size":"auto","background-attachment":"scroll","background-type":"","background-media":"","overlay-type":"","overlay-color":"","overlay-opacity":"","overlay-gradient":""},"tablet":{"background-color":"","background-image":"","background-repeat":"repeat","background-position":"center center","background-size":"auto","background-attachment":"scroll","background-type":"","background-media":"","overlay-type":"","overlay-color":"","overlay-opacity":"","overlay-gradient":""},"mobile":{"background-color":"","background-image":"","background-repeat":"repeat","background-position":"center center","background-size":"auto","background-attachment":"scroll","background-type":"","background-media":"","overlay-type":"","overlay-color":"","overlay-opacity":"","overlay-gradient":""}},"ast-content-background-meta":{"desktop":{"background-color":"var(--ast-global-color-5)","background-image":"","background-repeat":"repeat","background-position":"center center","background-size":"auto","background-attachment":"scroll","background-type":"","background-media":"","overlay-type":"","overlay-color":"","overlay-opacity":"","overlay-gradient":""},"tablet":{"background-color":"var(--ast-global-color-5)","background-image":"","background-repeat":"repeat","background-position":"center center","background-size":"auto","background-attachment":"scroll","background-type":"","background-media":"","overlay-type":"","overlay-color":"","overlay-opacity":"","overlay-gradient":""},"mobile":{"background-color":"var(--ast-global-color-5)","background-image":"","background-repeat":"repeat","background-position":"center center","background-size":"auto","background-attachment":"scroll","background-type":"","background-media":"","overlay-type":"","overlay-color":"","overlay-opacity":"","overlay-gradient":""}},"_FSMCFIC_featured_image_caption":"","_FSMCFIC_featured_image_nocaption":"","_FSMCFIC_featured_image_hide":"","footnotes":""},"categories":[71],"tags":[],"class_list":["post-3501","post","type-post","status-publish","format-standard","has-post-thumbnail","hentry","category-jarjesto"],"yoast_head":"<!-- This site is optimized with the Yoast SEO plugin v27.5 - https:\/\/yoast.com\/product\/yoast-seo-wordpress\/ -->\n<title>Tunnustuksia osuustoiminnan hyv\u00e4ksi tehdyst\u00e4 ty\u00f6st\u00e4 - Pellervo<\/title>\n<meta name=\"robots\" content=\"index, follow, max-snippet:-1, max-image-preview:large, max-video-preview:-1\" \/>\n<link rel=\"canonical\" href=\"https:\/\/pellervo.fi\/en\/jarjesto\/2014\/04\/10\/tunnustuksia-osuustoiminnan-hyvaksi-tehdysta-tyosta-hannes-gebhard-150-juhlavuonna\/\" \/>\n<meta property=\"og:locale\" content=\"en_US\" \/>\n<meta property=\"og:type\" content=\"article\" \/>\n<meta property=\"og:title\" content=\"Tunnustuksia osuustoiminnan hyv\u00e4ksi tehdyst\u00e4 ty\u00f6st\u00e4 - Pellervo\" \/>\n<meta property=\"og:description\" content=\"Hannes Gebhard 150 -juhlavuoden kunniaksi yhdeks\u00e4n henkil\u00f6\u00e4 sai Pellervon P\u00e4iv\u00e4ss\u00e4 2014 Pellervo-Seuran my\u00f6nt\u00e4m\u00e4n tunnustuksen osuustoiminnan hyv\u00e4ksi tehdyst\u00e4 ty\u00f6st\u00e4.\" \/>\n<meta property=\"og:url\" content=\"https:\/\/pellervo.fi\/en\/jarjesto\/2014\/04\/10\/tunnustuksia-osuustoiminnan-hyvaksi-tehdysta-tyosta-hannes-gebhard-150-juhlavuonna\/\" \/>\n<meta property=\"og:site_name\" content=\"Pellervo\" \/>\n<meta property=\"article:published_time\" content=\"2014-04-10T08:00:10+00:00\" \/>\n<meta property=\"article:modified_time\" content=\"2020-06-30T08:52:04+00:00\" \/>\n<meta property=\"og:image\" content=\"https:\/\/pellervo.fi\/wp-content\/uploads\/2014\/04\/palkitut.jpg\" \/>\n\t<meta property=\"og:image:width\" content=\"650\" \/>\n\t<meta property=\"og:image:height\" content=\"433\" \/>\n\t<meta property=\"og:image:type\" content=\"image\/jpeg\" \/>\n<meta name=\"author\" content=\"pellervo\" \/>\n<meta name=\"twitter:card\" content=\"summary_large_image\" \/>\n<meta name=\"twitter:creator\" content=\"@PellervoFi\" \/>\n<meta name=\"twitter:site\" content=\"@PellervoFi\" \/>\n<meta name=\"twitter:label1\" content=\"Written by\" \/>\n\t<meta name=\"twitter:data1\" content=\"pellervo\" \/>\n\t<meta name=\"twitter:label2\" content=\"Est. reading time\" \/>\n\t<meta name=\"twitter:data2\" content=\"1 minute\" \/>\n<script type=\"application\/ld+json\" class=\"yoast-schema-graph\">{\"@context\":\"https:\\\/\\\/schema.org\",\"@graph\":[{\"@type\":\"Article\",\"@id\":\"https:\\\/\\\/pellervo.fi\\\/en\\\/jarjesto\\\/2014\\\/04\\\/10\\\/tunnustuksia-osuustoiminnan-hyvaksi-tehdysta-tyosta-hannes-gebhard-150-juhlavuonna\\\/#article\",\"isPartOf\":{\"@id\":\"https:\\\/\\\/pellervo.fi\\\/en\\\/jarjesto\\\/2014\\\/04\\\/10\\\/tunnustuksia-osuustoiminnan-hyvaksi-tehdysta-tyosta-hannes-gebhard-150-juhlavuonna\\\/\"},\"author\":{\"name\":\"pellervo\",\"@id\":\"https:\\\/\\\/pellervo.fi\\\/#\\\/schema\\\/person\\\/4b74d40956937d1367ade81899997e71\"},\"headline\":\"Tunnustuksia osuustoiminnan hyv\u00e4ksi tehdyst\u00e4 ty\u00f6st\u00e4\",\"datePublished\":\"2014-04-10T08:00:10+00:00\",\"dateModified\":\"2020-06-30T08:52:04+00:00\",\"mainEntityOfPage\":{\"@id\":\"https:\\\/\\\/pellervo.fi\\\/en\\\/jarjesto\\\/2014\\\/04\\\/10\\\/tunnustuksia-osuustoiminnan-hyvaksi-tehdysta-tyosta-hannes-gebhard-150-juhlavuonna\\\/\"},\"wordCount\":292,\"commentCount\":0,\"publisher\":{\"@id\":\"https:\\\/\\\/pellervo.fi\\\/#organization\"},\"image\":{\"@id\":\"https:\\\/\\\/pellervo.fi\\\/en\\\/jarjesto\\\/2014\\\/04\\\/10\\\/tunnustuksia-osuustoiminnan-hyvaksi-tehdysta-tyosta-hannes-gebhard-150-juhlavuonna\\\/#primaryimage\"},\"thumbnailUrl\":\"https:\\\/\\\/pellervo.fi\\\/wp-content\\\/uploads\\\/2014\\\/04\\\/palkitut.jpg\",\"articleSection\":[\"J\u00e4rjest\u00f6\"],\"inLanguage\":\"en-US\",\"potentialAction\":[{\"@type\":\"CommentAction\",\"name\":\"Comment\",\"target\":[\"https:\\\/\\\/pellervo.fi\\\/en\\\/jarjesto\\\/2014\\\/04\\\/10\\\/tunnustuksia-osuustoiminnan-hyvaksi-tehdysta-tyosta-hannes-gebhard-150-juhlavuonna\\\/#respond\"]}]},{\"@type\":\"WebPage\",\"@id\":\"https:\\\/\\\/pellervo.fi\\\/en\\\/jarjesto\\\/2014\\\/04\\\/10\\\/tunnustuksia-osuustoiminnan-hyvaksi-tehdysta-tyosta-hannes-gebhard-150-juhlavuonna\\\/\",\"url\":\"https:\\\/\\\/pellervo.fi\\\/en\\\/jarjesto\\\/2014\\\/04\\\/10\\\/tunnustuksia-osuustoiminnan-hyvaksi-tehdysta-tyosta-hannes-gebhard-150-juhlavuonna\\\/\",\"name\":\"Tunnustuksia osuustoiminnan hyv\u00e4ksi tehdyst\u00e4 ty\u00f6st\u00e4 - Pellervo\",\"isPartOf\":{\"@id\":\"https:\\\/\\\/pellervo.fi\\\/#website\"},\"primaryImageOfPage\":{\"@id\":\"https:\\\/\\\/pellervo.fi\\\/en\\\/jarjesto\\\/2014\\\/04\\\/10\\\/tunnustuksia-osuustoiminnan-hyvaksi-tehdysta-tyosta-hannes-gebhard-150-juhlavuonna\\\/#primaryimage\"},\"image\":{\"@id\":\"https:\\\/\\\/pellervo.fi\\\/en\\\/jarjesto\\\/2014\\\/04\\\/10\\\/tunnustuksia-osuustoiminnan-hyvaksi-tehdysta-tyosta-hannes-gebhard-150-juhlavuonna\\\/#primaryimage\"},\"thumbnailUrl\":\"https:\\\/\\\/pellervo.fi\\\/wp-content\\\/uploads\\\/2014\\\/04\\\/palkitut.jpg\",\"datePublished\":\"2014-04-10T08:00:10+00:00\",\"dateModified\":\"2020-06-30T08:52:04+00:00\",\"breadcrumb\":{\"@id\":\"https:\\\/\\\/pellervo.fi\\\/en\\\/jarjesto\\\/2014\\\/04\\\/10\\\/tunnustuksia-osuustoiminnan-hyvaksi-tehdysta-tyosta-hannes-gebhard-150-juhlavuonna\\\/#breadcrumb\"},\"inLanguage\":\"en-US\",\"potentialAction\":[{\"@type\":\"ReadAction\",\"target\":[\"https:\\\/\\\/pellervo.fi\\\/en\\\/jarjesto\\\/2014\\\/04\\\/10\\\/tunnustuksia-osuustoiminnan-hyvaksi-tehdysta-tyosta-hannes-gebhard-150-juhlavuonna\\\/\"]}]},{\"@type\":\"ImageObject\",\"inLanguage\":\"en-US\",\"@id\":\"https:\\\/\\\/pellervo.fi\\\/en\\\/jarjesto\\\/2014\\\/04\\\/10\\\/tunnustuksia-osuustoiminnan-hyvaksi-tehdysta-tyosta-hannes-gebhard-150-juhlavuonna\\\/#primaryimage\",\"url\":\"https:\\\/\\\/pellervo.fi\\\/wp-content\\\/uploads\\\/2014\\\/04\\\/palkitut.jpg\",\"contentUrl\":\"https:\\\/\\\/pellervo.fi\\\/wp-content\\\/uploads\\\/2014\\\/04\\\/palkitut.jpg\",\"width\":650,\"height\":433},{\"@type\":\"BreadcrumbList\",\"@id\":\"https:\\\/\\\/pellervo.fi\\\/en\\\/jarjesto\\\/2014\\\/04\\\/10\\\/tunnustuksia-osuustoiminnan-hyvaksi-tehdysta-tyosta-hannes-gebhard-150-juhlavuonna\\\/#breadcrumb\",\"itemListElement\":[{\"@type\":\"ListItem\",\"position\":1,\"name\":\"Koti\",\"item\":\"https:\\\/\\\/pellervo.fi\\\/en\\\/\"},{\"@type\":\"ListItem\",\"position\":2,\"name\":\"Tunnustuksia osuustoiminnan hyv\u00e4ksi tehdyst\u00e4 ty\u00f6st\u00e4\"}]},{\"@type\":\"WebSite\",\"@id\":\"https:\\\/\\\/pellervo.fi\\\/#website\",\"url\":\"https:\\\/\\\/pellervo.fi\\\/\",\"name\":\"Pellervo\",\"description\":\"Osuuskuntien keskusj\u00e4rjest\u00f6\",\"publisher\":{\"@id\":\"https:\\\/\\\/pellervo.fi\\\/#organization\"},\"potentialAction\":[{\"@type\":\"SearchAction\",\"target\":{\"@type\":\"EntryPoint\",\"urlTemplate\":\"https:\\\/\\\/pellervo.fi\\\/?s={search_term_string}\"},\"query-input\":{\"@type\":\"PropertyValueSpecification\",\"valueRequired\":true,\"valueName\":\"search_term_string\"}}],\"inLanguage\":\"en-US\"},{\"@type\":\"Organization\",\"@id\":\"https:\\\/\\\/pellervo.fi\\\/#organization\",\"name\":\"Osuustoimintakeskus Pellervo ry\",\"url\":\"https:\\\/\\\/pellervo.fi\\\/\",\"logo\":{\"@type\":\"ImageObject\",\"inLanguage\":\"en-US\",\"@id\":\"https:\\\/\\\/pellervo.fi\\\/#\\\/schema\\\/logo\\\/image\\\/\",\"url\":\"https:\\\/\\\/pellervo.fi\\\/wp-content\\\/uploads\\\/2020\\\/05\\\/Pellervo_logo.png\",\"contentUrl\":\"https:\\\/\\\/pellervo.fi\\\/wp-content\\\/uploads\\\/2020\\\/05\\\/Pellervo_logo.png\",\"width\":1335,\"height\":376,\"caption\":\"Osuustoimintakeskus Pellervo ry\"},\"image\":{\"@id\":\"https:\\\/\\\/pellervo.fi\\\/#\\\/schema\\\/logo\\\/image\\\/\"},\"sameAs\":[\"https:\\\/\\\/x.com\\\/PellervoFi\"]},{\"@type\":\"Person\",\"@id\":\"https:\\\/\\\/pellervo.fi\\\/#\\\/schema\\\/person\\\/4b74d40956937d1367ade81899997e71\",\"name\":\"pellervo\",\"image\":{\"@type\":\"ImageObject\",\"inLanguage\":\"en-US\",\"@id\":\"https:\\\/\\\/pellervo.fi\\\/wp-content\\\/uploads\\\/2013\\\/11\\\/pellervo_avatar_1384522134-96x96.jpg\",\"url\":\"https:\\\/\\\/pellervo.fi\\\/wp-content\\\/uploads\\\/2013\\\/11\\\/pellervo_avatar_1384522134-96x96.jpg\",\"contentUrl\":\"https:\\\/\\\/pellervo.fi\\\/wp-content\\\/uploads\\\/2013\\\/11\\\/pellervo_avatar_1384522134-96x96.jpg\",\"caption\":\"pellervo\"},\"description\":\"Kuvaus\",\"url\":\"https:\\\/\\\/pellervo.fi\\\/en\\\/author\\\/pellervo\\\/\"}]}<\/script>\n<!-- \/ Yoast SEO plugin. -->","yoast_head_json":{"title":"Tunnustuksia osuustoiminnan hyv\u00e4ksi tehdyst\u00e4 ty\u00f6st\u00e4 - Pellervo","robots":{"index":"index","follow":"follow","max-snippet":"max-snippet:-1","max-image-preview":"max-image-preview:large","max-video-preview":"max-video-preview:-1"},"canonical":"https:\/\/pellervo.fi\/en\/jarjesto\/2014\/04\/10\/tunnustuksia-osuustoiminnan-hyvaksi-tehdysta-tyosta-hannes-gebhard-150-juhlavuonna\/","og_locale":"en_US","og_type":"article","og_title":"Tunnustuksia osuustoiminnan hyv\u00e4ksi tehdyst\u00e4 ty\u00f6st\u00e4 - Pellervo","og_description":"Hannes Gebhard 150 -juhlavuoden kunniaksi yhdeks\u00e4n henkil\u00f6\u00e4 sai Pellervon P\u00e4iv\u00e4ss\u00e4 2014 Pellervo-Seuran my\u00f6nt\u00e4m\u00e4n tunnustuksen osuustoiminnan hyv\u00e4ksi tehdyst\u00e4 ty\u00f6st\u00e4.","og_url":"https:\/\/pellervo.fi\/en\/jarjesto\/2014\/04\/10\/tunnustuksia-osuustoiminnan-hyvaksi-tehdysta-tyosta-hannes-gebhard-150-juhlavuonna\/","og_site_name":"Pellervo","article_published_time":"2014-04-10T08:00:10+00:00","article_modified_time":"2020-06-30T08:52:04+00:00","og_image":[{"width":650,"height":433,"url":"https:\/\/pellervo.fi\/wp-content\/uploads\/2014\/04\/palkitut.jpg","type":"image\/jpeg"}],"author":"pellervo","twitter_card":"summary_large_image","twitter_creator":"@PellervoFi","twitter_site":"@PellervoFi","twitter_misc":{"Written by":"pellervo","Est. reading time":"1 minute"},"schema":{"@context":"https:\/\/schema.org","@graph":[{"@type":"Article","@id":"https:\/\/pellervo.fi\/en\/jarjesto\/2014\/04\/10\/tunnustuksia-osuustoiminnan-hyvaksi-tehdysta-tyosta-hannes-gebhard-150-juhlavuonna\/#article","isPartOf":{"@id":"https:\/\/pellervo.fi\/en\/jarjesto\/2014\/04\/10\/tunnustuksia-osuustoiminnan-hyvaksi-tehdysta-tyosta-hannes-gebhard-150-juhlavuonna\/"},"author":{"name":"pellervo","@id":"https:\/\/pellervo.fi\/#\/schema\/person\/4b74d40956937d1367ade81899997e71"},"headline":"Tunnustuksia osuustoiminnan hyv\u00e4ksi tehdyst\u00e4 ty\u00f6st\u00e4","datePublished":"2014-04-10T08:00:10+00:00","dateModified":"2020-06-30T08:52:04+00:00","mainEntityOfPage":{"@id":"https:\/\/pellervo.fi\/en\/jarjesto\/2014\/04\/10\/tunnustuksia-osuustoiminnan-hyvaksi-tehdysta-tyosta-hannes-gebhard-150-juhlavuonna\/"},"wordCount":292,"commentCount":0,"publisher":{"@id":"https:\/\/pellervo.fi\/#organization"},"image":{"@id":"https:\/\/pellervo.fi\/en\/jarjesto\/2014\/04\/10\/tunnustuksia-osuustoiminnan-hyvaksi-tehdysta-tyosta-hannes-gebhard-150-juhlavuonna\/#primaryimage"},"thumbnailUrl":"https:\/\/pellervo.fi\/wp-content\/uploads\/2014\/04\/palkitut.jpg","articleSection":["J\u00e4rjest\u00f6"],"inLanguage":"en-US","potentialAction":[{"@type":"CommentAction","name":"Comment","target":["https:\/\/pellervo.fi\/en\/jarjesto\/2014\/04\/10\/tunnustuksia-osuustoiminnan-hyvaksi-tehdysta-tyosta-hannes-gebhard-150-juhlavuonna\/#respond"]}]},{"@type":"WebPage","@id":"https:\/\/pellervo.fi\/en\/jarjesto\/2014\/04\/10\/tunnustuksia-osuustoiminnan-hyvaksi-tehdysta-tyosta-hannes-gebhard-150-juhlavuonna\/","url":"https:\/\/pellervo.fi\/en\/jarjesto\/2014\/04\/10\/tunnustuksia-osuustoiminnan-hyvaksi-tehdysta-tyosta-hannes-gebhard-150-juhlavuonna\/","name":"Tunnustuksia osuustoiminnan hyv\u00e4ksi tehdyst\u00e4 ty\u00f6st\u00e4 - Pellervo","isPartOf":{"@id":"https:\/\/pellervo.fi\/#website"},"primaryImageOfPage":{"@id":"https:\/\/pellervo.fi\/en\/jarjesto\/2014\/04\/10\/tunnustuksia-osuustoiminnan-hyvaksi-tehdysta-tyosta-hannes-gebhard-150-juhlavuonna\/#primaryimage"},"image":{"@id":"https:\/\/pellervo.fi\/en\/jarjesto\/2014\/04\/10\/tunnustuksia-osuustoiminnan-hyvaksi-tehdysta-tyosta-hannes-gebhard-150-juhlavuonna\/#primaryimage"},"thumbnailUrl":"https:\/\/pellervo.fi\/wp-content\/uploads\/2014\/04\/palkitut.jpg","datePublished":"2014-04-10T08:00:10+00:00","dateModified":"2020-06-30T08:52:04+00:00","breadcrumb":{"@id":"https:\/\/pellervo.fi\/en\/jarjesto\/2014\/04\/10\/tunnustuksia-osuustoiminnan-hyvaksi-tehdysta-tyosta-hannes-gebhard-150-juhlavuonna\/#breadcrumb"},"inLanguage":"en-US","potentialAction":[{"@type":"ReadAction","target":["https:\/\/pellervo.fi\/en\/jarjesto\/2014\/04\/10\/tunnustuksia-osuustoiminnan-hyvaksi-tehdysta-tyosta-hannes-gebhard-150-juhlavuonna\/"]}]},{"@type":"ImageObject","inLanguage":"en-US","@id":"https:\/\/pellervo.fi\/en\/jarjesto\/2014\/04\/10\/tunnustuksia-osuustoiminnan-hyvaksi-tehdysta-tyosta-hannes-gebhard-150-juhlavuonna\/#primaryimage","url":"https:\/\/pellervo.fi\/wp-content\/uploads\/2014\/04\/palkitut.jpg","contentUrl":"https:\/\/pellervo.fi\/wp-content\/uploads\/2014\/04\/palkitut.jpg","width":650,"height":433},{"@type":"BreadcrumbList","@id":"https:\/\/pellervo.fi\/en\/jarjesto\/2014\/04\/10\/tunnustuksia-osuustoiminnan-hyvaksi-tehdysta-tyosta-hannes-gebhard-150-juhlavuonna\/#breadcrumb","itemListElement":[{"@type":"ListItem","position":1,"name":"Koti","item":"https:\/\/pellervo.fi\/en\/"},{"@type":"ListItem","position":2,"name":"Tunnustuksia osuustoiminnan hyv\u00e4ksi tehdyst\u00e4 ty\u00f6st\u00e4"}]},{"@type":"WebSite","@id":"https:\/\/pellervo.fi\/#website","url":"https:\/\/pellervo.fi\/","name":"Pellervo","description":"Osuuskuntien keskusj\u00e4rjest\u00f6","publisher":{"@id":"https:\/\/pellervo.fi\/#organization"},"potentialAction":[{"@type":"SearchAction","target":{"@type":"EntryPoint","urlTemplate":"https:\/\/pellervo.fi\/?s={search_term_string}"},"query-input":{"@type":"PropertyValueSpecification","valueRequired":true,"valueName":"search_term_string"}}],"inLanguage":"en-US"},{"@type":"Organization","@id":"https:\/\/pellervo.fi\/#organization","name":"Osuustoimintakeskus Pellervo ry","url":"https:\/\/pellervo.fi\/","logo":{"@type":"ImageObject","inLanguage":"en-US","@id":"https:\/\/pellervo.fi\/#\/schema\/logo\/image\/","url":"https:\/\/pellervo.fi\/wp-content\/uploads\/2020\/05\/Pellervo_logo.png","contentUrl":"https:\/\/pellervo.fi\/wp-content\/uploads\/2020\/05\/Pellervo_logo.png","width":1335,"height":376,"caption":"Osuustoimintakeskus Pellervo ry"},"image":{"@id":"https:\/\/pellervo.fi\/#\/schema\/logo\/image\/"},"sameAs":["https:\/\/x.com\/PellervoFi"]},{"@type":"Person","@id":"https:\/\/pellervo.fi\/#\/schema\/person\/4b74d40956937d1367ade81899997e71","name":"pellervo","image":{"@type":"ImageObject","inLanguage":"en-US","@id":"https:\/\/pellervo.fi\/wp-content\/uploads\/2013\/11\/pellervo_avatar_1384522134-96x96.jpg","url":"https:\/\/pellervo.fi\/wp-content\/uploads\/2013\/11\/pellervo_avatar_1384522134-96x96.jpg","contentUrl":"https:\/\/pellervo.fi\/wp-content\/uploads\/2013\/11\/pellervo_avatar_1384522134-96x96.jpg","caption":"pellervo"},"description":"Kuvaus","url":"https:\/\/pellervo.fi\/en\/author\/pellervo\/"}]}},"_links":{"self":[{"href":"https:\/\/pellervo.fi\/en\/wp-json\/wp\/v2\/posts\/3501","targetHints":{"allow":["GET"]}}],"collection":[{"href":"https:\/\/pellervo.fi\/en\/wp-json\/wp\/v2\/posts"}],"about":[{"href":"https:\/\/pellervo.fi\/en\/wp-json\/wp\/v2\/types\/post"}],"author":[{"embeddable":true,"href":"https:\/\/pellervo.fi\/en\/wp-json\/wp\/v2\/users\/5"}],"replies":[{"embeddable":true,"href":"https:\/\/pellervo.fi\/en\/wp-json\/wp\/v2\/comments?post=3501"}],"version-history":[{"count":1,"href":"https:\/\/pellervo.fi\/en\/wp-json\/wp\/v2\/posts\/3501\/revisions"}],"predecessor-version":[{"id":887175,"href":"https:\/\/pellervo.fi\/en\/wp-json\/wp\/v2\/posts\/3501\/revisions\/887175"}],"wp:featuredmedia":[{"embeddable":true,"href":"https:\/\/pellervo.fi\/en\/wp-json\/wp\/v2\/media\/3523"}],"wp:attachment":[{"href":"https:\/\/pellervo.fi\/en\/wp-json\/wp\/v2\/media?parent=3501"}],"wp:term":[{"taxonomy":"category","embeddable":true,"href":"https:\/\/pellervo.fi\/en\/wp-json\/wp\/v2\/categories?post=3501"},{"taxonomy":"post_tag","embeddable":true,"href":"https:\/\/pellervo.fi\/en\/wp-json\/wp\/v2\/tags?post=3501"}],"curies":[{"name":"wp","href":"https:\/\/api.w.org\/{rel}","templated":true}]}}