{"id":384618,"date":"2016-06-13T08:52:53","date_gmt":"2016-06-13T05:52:53","guid":{"rendered":"http:\/\/pellervo.fi\/?p=384618"},"modified":"2016-06-13T08:52:53","modified_gmt":"2016-06-13T05:52:53","slug":"op-ryhman-terveyspalvelut-laajenevat-maanlaajuiseksi","status":"publish","type":"post","link":"https:\/\/pellervo.fi\/en\/uutiset\/2016\/06\/13\/op-ryhman-terveyspalvelut-laajenevat-maanlaajuiseksi\/","title":{"rendered":"OP-ryhm\u00e4n terveyspalvelut laajenevat maanlaajuiseksi"},"content":{"rendered":"<p><strong><span style=\"font-family: 'Arial',sans-serif;\">OP-Ryhm\u00e4\u00e4n kuuluva Pohjola Terveys Oy laajentaa toimintaansa terveys- ja hyvinvointialalla perustamalla Pohjola L\u00e4\u00e4k\u00e4riasemia eri puolelle Suomea. Jo aiemmin Pohjola Terveys on julkistanut perustavansa viisi Pohjola Sairaalaa eri puolille Suomea.<\/span><\/strong><\/p>\n<p>Pohjola Terveyden toimintaperiaatteena on hoitoketjujen lyhent\u00e4minen ja toimialan parhaan asiakaskokemuksen tarjoaminen. Pohjola L\u00e4\u00e4k\u00e4riasemat tarjoavat yleis- ja erikoisl\u00e4\u00e4k\u00e4ripalvelut sek\u00e4 diagnostiikkapalveluita. Pohjola Sairaalat tarjoavat n\u00e4iden lis\u00e4ksi operatiiviset leikkaukset, monipuolisen diagnostiikan ja nopeaan kuntoutumiseen t\u00e4ht\u00e4\u00e4v\u00e4t palvelut.<\/p>\n<p>Pohjola Sairaalat tulevat toimimaan yliopistosairaalakaupungeissa. OP-Ryhm\u00e4n mukaan Pohjola L\u00e4\u00e4k\u00e4riasemat t\u00e4ydent\u00e4v\u00e4t terveys- ja hyvinvointipalvelujen verkoston maanlaajuiseksi.<\/p>\n<p>&#8220;Suomalainen terveydenhoitoala on voimakkaassa murroksessa. Uskomme, ett\u00e4 Suomessa on tilausta Pohjola Terveyden kaltaiselle toimijalle, joka pystyy asettamaan asiakkaan edun etusijalle. Tulevaisuudessa jokaisessa maakunnassa lukuun ottamatta Ahvenanmaata on Pohjola Sairaala tai Pohjola L\u00e4\u00e4k\u00e4riasema&#8221;, sanoo OP Ryhm\u00e4n johtokunnan j\u00e4sen ja terveys- ja hyvinvointipalveluista vastaava johtaja <strong>Olli Lehtil\u00e4<\/strong>.<\/p>\n<p>Pohjola Terveys panostaa vahvasti digitaalisten palveluiden kehitt\u00e4miseen.<\/p>\n<p>&#8220;Olemme halunneet muuttaa perinteisi\u00e4 terveydenhuollon toimintamalleja vastaamaan paremmin asiakkaiden tarpeisiin. Terveydenhuollon seuraava iso muutos tulee olemaan digitaalisuus ja sen monipuolinen hy\u00f6dynt\u00e4minen asiakkaan eduksi. Rakennamme uudenlaista palvelukulttuuria, jossa yhdistyv\u00e4t digitaalisen ja henkil\u00f6kohtaisen palvelun parhaat puolet&#8221;, Pohjola Terveyden toimitusjohtaja <strong>Harri Aho<\/strong> kertoo.<\/p>\n<p>OP Ryhm\u00e4 perusti ensimm\u00e4isen sairaalansa Helsinkiin vuonna 2013 Omasairaalan nimell\u00e4. Toinen sairaala avataan Tampereelle elokuussa 2016. Samalla sairaaloiden nimeksi tulee Pohjola Sairaala, ja OP Ryhm\u00e4n terveys- ja hyvinvointipalvelut siirtyv\u00e4t Pohjola Terveys -nimen alle<\/p>\n<p>Vuosina 2017\u20132018 Ouluun, Turkuun ja Kuopioon avattavien Pohjola Sairaaloiden rakennusty\u00f6t ovat parhaillaan k\u00e4ynniss\u00e4. Ensimm\u00e4iset Pohjola L\u00e4\u00e4k\u00e4riasemat avataan vuonna 2017.  <\/p>\n","protected":false},"excerpt":{"rendered":"<p>OP-Ryhm\u00e4\u00e4n kuuluva Pohjola Terveys Oy laajentaa toimintaansa terveys- ja hyvinvointialalla perustamalla Pohjola L\u00e4\u00e4k\u00e4riasemia eri puolelle Suomea. Jo aiemmin Pohjola Terveys on julkistanut perustavansa viisi Pohjola Sairaalaa eri puolille Suomea.<\/p>\n","protected":false},"author":5,"featured_media":0,"comment_status":"open","ping_status":"open","sticky":false,"template":"","format":"standard","meta":{"inline_featured_image":false,"_monsterinsights_skip_tracking":false,"_monsterinsights_sitenote_active":false,"_monsterinsights_sitenote_note":"","_monsterinsights_sitenote_category":0,"site-sidebar-layout":"default","site-content-layout":"","ast-site-content-layout":"default","site-content-style":"default","site-sidebar-style":"default","ast-global-header-display":"","ast-banner-title-visibility":"","ast-main-header-display":"","ast-hfb-above-header-display":"","ast-hfb-below-header-display":"","ast-hfb-mobile-header-display":"","site-post-title":"","ast-breadcrumbs-content":"","ast-featured-img":"","footer-sml-layout":"","ast-disable-related-posts":"","theme-transparent-header-meta":"","adv-header-id-meta":"","stick-header-meta":"","header-above-stick-meta":"","header-main-stick-meta":"","header-below-stick-meta":"","astra-migrate-meta-layouts":"default","ast-page-background-enabled":"default","ast-page-background-meta":{"desktop":{"background-color":"","background-image":"","background-repeat":"repeat","background-position":"center center","background-size":"auto","background-attachment":"scroll","background-type":"","background-media":"","overlay-type":"","overlay-color":"","overlay-opacity":"","overlay-gradient":""},"tablet":{"background-color":"","background-image":"","background-repeat":"repeat","background-position":"center center","background-size":"auto","background-attachment":"scroll","background-type":"","background-media":"","overlay-type":"","overlay-color":"","overlay-opacity":"","overlay-gradient":""},"mobile":{"background-color":"","background-image":"","background-repeat":"repeat","background-position":"center center","background-size":"auto","background-attachment":"scroll","background-type":"","background-media":"","overlay-type":"","overlay-color":"","overlay-opacity":"","overlay-gradient":""}},"ast-content-background-meta":{"desktop":{"background-color":"var(--ast-global-color-5)","background-image":"","background-repeat":"repeat","background-position":"center center","background-size":"auto","background-attachment":"scroll","background-type":"","background-media":"","overlay-type":"","overlay-color":"","overlay-opacity":"","overlay-gradient":""},"tablet":{"background-color":"var(--ast-global-color-5)","background-image":"","background-repeat":"repeat","background-position":"center center","background-size":"auto","background-attachment":"scroll","background-type":"","background-media":"","overlay-type":"","overlay-color":"","overlay-opacity":"","overlay-gradient":""},"mobile":{"background-color":"var(--ast-global-color-5)","background-image":"","background-repeat":"repeat","background-position":"center center","background-size":"auto","background-attachment":"scroll","background-type":"","background-media":"","overlay-type":"","overlay-color":"","overlay-opacity":"","overlay-gradient":""}},"_FSMCFIC_featured_image_caption":"","_FSMCFIC_featured_image_nocaption":"","_FSMCFIC_featured_image_hide":"","footnotes":""},"categories":[22],"tags":[],"class_list":["post-384618","post","type-post","status-publish","format-standard","hentry","category-uutiset"],"yoast_head":"<!-- This site is optimized with the Yoast SEO plugin v27.5 - https:\/\/yoast.com\/product\/yoast-seo-wordpress\/ -->\n<title>OP-ryhm\u00e4n terveyspalvelut laajenevat maanlaajuiseksi - Pellervo<\/title>\n<meta name=\"robots\" content=\"index, follow, max-snippet:-1, max-image-preview:large, max-video-preview:-1\" \/>\n<link rel=\"canonical\" href=\"https:\/\/pellervo.fi\/uutiset\/2016\/06\/13\/op-ryhman-terveyspalvelut-laajenevat-maanlaajuiseksi\/\" \/>\n<meta property=\"og:locale\" content=\"en_US\" \/>\n<meta property=\"og:type\" content=\"article\" \/>\n<meta property=\"og:title\" content=\"OP-ryhm\u00e4n terveyspalvelut laajenevat maanlaajuiseksi - Pellervo\" \/>\n<meta property=\"og:description\" content=\"OP-Ryhm\u00e4\u00e4n kuuluva Pohjola Terveys Oy laajentaa toimintaansa terveys- ja hyvinvointialalla perustamalla Pohjola L\u00e4\u00e4k\u00e4riasemia eri puolelle Suomea. Jo aiemmin Pohjola Terveys on julkistanut perustavansa viisi Pohjola Sairaalaa eri puolille Suomea.\" \/>\n<meta property=\"og:url\" content=\"https:\/\/pellervo.fi\/uutiset\/2016\/06\/13\/op-ryhman-terveyspalvelut-laajenevat-maanlaajuiseksi\/\" \/>\n<meta property=\"og:site_name\" content=\"Pellervo\" \/>\n<meta property=\"article:published_time\" content=\"2016-06-13T05:52:53+00:00\" \/>\n<meta property=\"og:image\" content=\"https:\/\/pellervo.fi\/wp-content\/uploads\/2020\/04\/pallo2020.jpg\" \/>\n\t<meta property=\"og:image:width\" content=\"850\" \/>\n\t<meta property=\"og:image:height\" content=\"560\" \/>\n\t<meta property=\"og:image:type\" content=\"image\/jpeg\" \/>\n<meta name=\"author\" content=\"pellervo\" \/>\n<meta name=\"twitter:card\" content=\"summary_large_image\" \/>\n<meta name=\"twitter:creator\" content=\"@PellervoFi\" \/>\n<meta name=\"twitter:site\" content=\"@PellervoFi\" \/>\n<meta name=\"twitter:label1\" content=\"Written by\" \/>\n\t<meta name=\"twitter:data1\" content=\"pellervo\" \/>\n\t<meta name=\"twitter:label2\" content=\"Est. reading time\" \/>\n\t<meta name=\"twitter:data2\" content=\"1 minute\" \/>\n<script type=\"application\/ld+json\" class=\"yoast-schema-graph\">{\"@context\":\"https:\\\/\\\/schema.org\",\"@graph\":[{\"@type\":\"Article\",\"@id\":\"https:\\\/\\\/pellervo.fi\\\/uutiset\\\/2016\\\/06\\\/13\\\/op-ryhman-terveyspalvelut-laajenevat-maanlaajuiseksi\\\/#article\",\"isPartOf\":{\"@id\":\"https:\\\/\\\/pellervo.fi\\\/uutiset\\\/2016\\\/06\\\/13\\\/op-ryhman-terveyspalvelut-laajenevat-maanlaajuiseksi\\\/\"},\"author\":{\"name\":\"pellervo\",\"@id\":\"https:\\\/\\\/pellervo.fi\\\/#\\\/schema\\\/person\\\/4b74d40956937d1367ade81899997e71\"},\"headline\":\"OP-ryhm\u00e4n terveyspalvelut laajenevat maanlaajuiseksi\",\"datePublished\":\"2016-06-13T05:52:53+00:00\",\"mainEntityOfPage\":{\"@id\":\"https:\\\/\\\/pellervo.fi\\\/uutiset\\\/2016\\\/06\\\/13\\\/op-ryhman-terveyspalvelut-laajenevat-maanlaajuiseksi\\\/\"},\"wordCount\":258,\"commentCount\":0,\"publisher\":{\"@id\":\"https:\\\/\\\/pellervo.fi\\\/#organization\"},\"articleSection\":[\"Uutiset\"],\"inLanguage\":\"en-US\",\"potentialAction\":[{\"@type\":\"CommentAction\",\"name\":\"Comment\",\"target\":[\"https:\\\/\\\/pellervo.fi\\\/uutiset\\\/2016\\\/06\\\/13\\\/op-ryhman-terveyspalvelut-laajenevat-maanlaajuiseksi\\\/#respond\"]}]},{\"@type\":\"WebPage\",\"@id\":\"https:\\\/\\\/pellervo.fi\\\/uutiset\\\/2016\\\/06\\\/13\\\/op-ryhman-terveyspalvelut-laajenevat-maanlaajuiseksi\\\/\",\"url\":\"https:\\\/\\\/pellervo.fi\\\/uutiset\\\/2016\\\/06\\\/13\\\/op-ryhman-terveyspalvelut-laajenevat-maanlaajuiseksi\\\/\",\"name\":\"OP-ryhm\u00e4n terveyspalvelut laajenevat maanlaajuiseksi - Pellervo\",\"isPartOf\":{\"@id\":\"https:\\\/\\\/pellervo.fi\\\/#website\"},\"datePublished\":\"2016-06-13T05:52:53+00:00\",\"breadcrumb\":{\"@id\":\"https:\\\/\\\/pellervo.fi\\\/uutiset\\\/2016\\\/06\\\/13\\\/op-ryhman-terveyspalvelut-laajenevat-maanlaajuiseksi\\\/#breadcrumb\"},\"inLanguage\":\"en-US\",\"potentialAction\":[{\"@type\":\"ReadAction\",\"target\":[\"https:\\\/\\\/pellervo.fi\\\/uutiset\\\/2016\\\/06\\\/13\\\/op-ryhman-terveyspalvelut-laajenevat-maanlaajuiseksi\\\/\"]}]},{\"@type\":\"BreadcrumbList\",\"@id\":\"https:\\\/\\\/pellervo.fi\\\/uutiset\\\/2016\\\/06\\\/13\\\/op-ryhman-terveyspalvelut-laajenevat-maanlaajuiseksi\\\/#breadcrumb\",\"itemListElement\":[{\"@type\":\"ListItem\",\"position\":1,\"name\":\"Koti\",\"item\":\"https:\\\/\\\/pellervo.fi\\\/en\\\/\"},{\"@type\":\"ListItem\",\"position\":2,\"name\":\"OP-ryhm\u00e4n terveyspalvelut laajenevat maanlaajuiseksi\"}]},{\"@type\":\"WebSite\",\"@id\":\"https:\\\/\\\/pellervo.fi\\\/#website\",\"url\":\"https:\\\/\\\/pellervo.fi\\\/\",\"name\":\"Pellervo\",\"description\":\"Osuuskuntien keskusj\u00e4rjest\u00f6\",\"publisher\":{\"@id\":\"https:\\\/\\\/pellervo.fi\\\/#organization\"},\"potentialAction\":[{\"@type\":\"SearchAction\",\"target\":{\"@type\":\"EntryPoint\",\"urlTemplate\":\"https:\\\/\\\/pellervo.fi\\\/?s={search_term_string}\"},\"query-input\":{\"@type\":\"PropertyValueSpecification\",\"valueRequired\":true,\"valueName\":\"search_term_string\"}}],\"inLanguage\":\"en-US\"},{\"@type\":\"Organization\",\"@id\":\"https:\\\/\\\/pellervo.fi\\\/#organization\",\"name\":\"Osuustoimintakeskus Pellervo ry\",\"url\":\"https:\\\/\\\/pellervo.fi\\\/\",\"logo\":{\"@type\":\"ImageObject\",\"inLanguage\":\"en-US\",\"@id\":\"https:\\\/\\\/pellervo.fi\\\/#\\\/schema\\\/logo\\\/image\\\/\",\"url\":\"https:\\\/\\\/pellervo.fi\\\/wp-content\\\/uploads\\\/2020\\\/05\\\/Pellervo_logo.png\",\"contentUrl\":\"https:\\\/\\\/pellervo.fi\\\/wp-content\\\/uploads\\\/2020\\\/05\\\/Pellervo_logo.png\",\"width\":1335,\"height\":376,\"caption\":\"Osuustoimintakeskus Pellervo ry\"},\"image\":{\"@id\":\"https:\\\/\\\/pellervo.fi\\\/#\\\/schema\\\/logo\\\/image\\\/\"},\"sameAs\":[\"https:\\\/\\\/x.com\\\/PellervoFi\"]},{\"@type\":\"Person\",\"@id\":\"https:\\\/\\\/pellervo.fi\\\/#\\\/schema\\\/person\\\/4b74d40956937d1367ade81899997e71\",\"name\":\"pellervo\",\"image\":{\"@type\":\"ImageObject\",\"inLanguage\":\"en-US\",\"@id\":\"https:\\\/\\\/pellervo.fi\\\/wp-content\\\/uploads\\\/2013\\\/11\\\/pellervo_avatar_1384522134-96x96.jpg\",\"url\":\"https:\\\/\\\/pellervo.fi\\\/wp-content\\\/uploads\\\/2013\\\/11\\\/pellervo_avatar_1384522134-96x96.jpg\",\"contentUrl\":\"https:\\\/\\\/pellervo.fi\\\/wp-content\\\/uploads\\\/2013\\\/11\\\/pellervo_avatar_1384522134-96x96.jpg\",\"caption\":\"pellervo\"},\"description\":\"Kuvaus\",\"url\":\"https:\\\/\\\/pellervo.fi\\\/en\\\/author\\\/pellervo\\\/\"}]}<\/script>\n<!-- \/ Yoast SEO plugin. -->","yoast_head_json":{"title":"OP-ryhm\u00e4n terveyspalvelut laajenevat maanlaajuiseksi - Pellervo","robots":{"index":"index","follow":"follow","max-snippet":"max-snippet:-1","max-image-preview":"max-image-preview:large","max-video-preview":"max-video-preview:-1"},"canonical":"https:\/\/pellervo.fi\/uutiset\/2016\/06\/13\/op-ryhman-terveyspalvelut-laajenevat-maanlaajuiseksi\/","og_locale":"en_US","og_type":"article","og_title":"OP-ryhm\u00e4n terveyspalvelut laajenevat maanlaajuiseksi - Pellervo","og_description":"OP-Ryhm\u00e4\u00e4n kuuluva Pohjola Terveys Oy laajentaa toimintaansa terveys- ja hyvinvointialalla perustamalla Pohjola L\u00e4\u00e4k\u00e4riasemia eri puolelle Suomea. Jo aiemmin Pohjola Terveys on julkistanut perustavansa viisi Pohjola Sairaalaa eri puolille Suomea.","og_url":"https:\/\/pellervo.fi\/uutiset\/2016\/06\/13\/op-ryhman-terveyspalvelut-laajenevat-maanlaajuiseksi\/","og_site_name":"Pellervo","article_published_time":"2016-06-13T05:52:53+00:00","og_image":[{"width":850,"height":560,"url":"https:\/\/pellervo.fi\/wp-content\/uploads\/2020\/04\/pallo2020.jpg","type":"image\/jpeg"}],"author":"pellervo","twitter_card":"summary_large_image","twitter_creator":"@PellervoFi","twitter_site":"@PellervoFi","twitter_misc":{"Written by":"pellervo","Est. reading time":"1 minute"},"schema":{"@context":"https:\/\/schema.org","@graph":[{"@type":"Article","@id":"https:\/\/pellervo.fi\/uutiset\/2016\/06\/13\/op-ryhman-terveyspalvelut-laajenevat-maanlaajuiseksi\/#article","isPartOf":{"@id":"https:\/\/pellervo.fi\/uutiset\/2016\/06\/13\/op-ryhman-terveyspalvelut-laajenevat-maanlaajuiseksi\/"},"author":{"name":"pellervo","@id":"https:\/\/pellervo.fi\/#\/schema\/person\/4b74d40956937d1367ade81899997e71"},"headline":"OP-ryhm\u00e4n terveyspalvelut laajenevat maanlaajuiseksi","datePublished":"2016-06-13T05:52:53+00:00","mainEntityOfPage":{"@id":"https:\/\/pellervo.fi\/uutiset\/2016\/06\/13\/op-ryhman-terveyspalvelut-laajenevat-maanlaajuiseksi\/"},"wordCount":258,"commentCount":0,"publisher":{"@id":"https:\/\/pellervo.fi\/#organization"},"articleSection":["Uutiset"],"inLanguage":"en-US","potentialAction":[{"@type":"CommentAction","name":"Comment","target":["https:\/\/pellervo.fi\/uutiset\/2016\/06\/13\/op-ryhman-terveyspalvelut-laajenevat-maanlaajuiseksi\/#respond"]}]},{"@type":"WebPage","@id":"https:\/\/pellervo.fi\/uutiset\/2016\/06\/13\/op-ryhman-terveyspalvelut-laajenevat-maanlaajuiseksi\/","url":"https:\/\/pellervo.fi\/uutiset\/2016\/06\/13\/op-ryhman-terveyspalvelut-laajenevat-maanlaajuiseksi\/","name":"OP-ryhm\u00e4n terveyspalvelut laajenevat maanlaajuiseksi - Pellervo","isPartOf":{"@id":"https:\/\/pellervo.fi\/#website"},"datePublished":"2016-06-13T05:52:53+00:00","breadcrumb":{"@id":"https:\/\/pellervo.fi\/uutiset\/2016\/06\/13\/op-ryhman-terveyspalvelut-laajenevat-maanlaajuiseksi\/#breadcrumb"},"inLanguage":"en-US","potentialAction":[{"@type":"ReadAction","target":["https:\/\/pellervo.fi\/uutiset\/2016\/06\/13\/op-ryhman-terveyspalvelut-laajenevat-maanlaajuiseksi\/"]}]},{"@type":"BreadcrumbList","@id":"https:\/\/pellervo.fi\/uutiset\/2016\/06\/13\/op-ryhman-terveyspalvelut-laajenevat-maanlaajuiseksi\/#breadcrumb","itemListElement":[{"@type":"ListItem","position":1,"name":"Koti","item":"https:\/\/pellervo.fi\/en\/"},{"@type":"ListItem","position":2,"name":"OP-ryhm\u00e4n terveyspalvelut laajenevat maanlaajuiseksi"}]},{"@type":"WebSite","@id":"https:\/\/pellervo.fi\/#website","url":"https:\/\/pellervo.fi\/","name":"Pellervo","description":"Osuuskuntien keskusj\u00e4rjest\u00f6","publisher":{"@id":"https:\/\/pellervo.fi\/#organization"},"potentialAction":[{"@type":"SearchAction","target":{"@type":"EntryPoint","urlTemplate":"https:\/\/pellervo.fi\/?s={search_term_string}"},"query-input":{"@type":"PropertyValueSpecification","valueRequired":true,"valueName":"search_term_string"}}],"inLanguage":"en-US"},{"@type":"Organization","@id":"https:\/\/pellervo.fi\/#organization","name":"Osuustoimintakeskus Pellervo ry","url":"https:\/\/pellervo.fi\/","logo":{"@type":"ImageObject","inLanguage":"en-US","@id":"https:\/\/pellervo.fi\/#\/schema\/logo\/image\/","url":"https:\/\/pellervo.fi\/wp-content\/uploads\/2020\/05\/Pellervo_logo.png","contentUrl":"https:\/\/pellervo.fi\/wp-content\/uploads\/2020\/05\/Pellervo_logo.png","width":1335,"height":376,"caption":"Osuustoimintakeskus Pellervo ry"},"image":{"@id":"https:\/\/pellervo.fi\/#\/schema\/logo\/image\/"},"sameAs":["https:\/\/x.com\/PellervoFi"]},{"@type":"Person","@id":"https:\/\/pellervo.fi\/#\/schema\/person\/4b74d40956937d1367ade81899997e71","name":"pellervo","image":{"@type":"ImageObject","inLanguage":"en-US","@id":"https:\/\/pellervo.fi\/wp-content\/uploads\/2013\/11\/pellervo_avatar_1384522134-96x96.jpg","url":"https:\/\/pellervo.fi\/wp-content\/uploads\/2013\/11\/pellervo_avatar_1384522134-96x96.jpg","contentUrl":"https:\/\/pellervo.fi\/wp-content\/uploads\/2013\/11\/pellervo_avatar_1384522134-96x96.jpg","caption":"pellervo"},"description":"Kuvaus","url":"https:\/\/pellervo.fi\/en\/author\/pellervo\/"}]}},"_links":{"self":[{"href":"https:\/\/pellervo.fi\/en\/wp-json\/wp\/v2\/posts\/384618","targetHints":{"allow":["GET"]}}],"collection":[{"href":"https:\/\/pellervo.fi\/en\/wp-json\/wp\/v2\/posts"}],"about":[{"href":"https:\/\/pellervo.fi\/en\/wp-json\/wp\/v2\/types\/post"}],"author":[{"embeddable":true,"href":"https:\/\/pellervo.fi\/en\/wp-json\/wp\/v2\/users\/5"}],"replies":[{"embeddable":true,"href":"https:\/\/pellervo.fi\/en\/wp-json\/wp\/v2\/comments?post=384618"}],"version-history":[{"count":2,"href":"https:\/\/pellervo.fi\/en\/wp-json\/wp\/v2\/posts\/384618\/revisions"}],"predecessor-version":[{"id":384651,"href":"https:\/\/pellervo.fi\/en\/wp-json\/wp\/v2\/posts\/384618\/revisions\/384651"}],"wp:attachment":[{"href":"https:\/\/pellervo.fi\/en\/wp-json\/wp\/v2\/media?parent=384618"}],"wp:term":[{"taxonomy":"category","embeddable":true,"href":"https:\/\/pellervo.fi\/en\/wp-json\/wp\/v2\/categories?post=384618"},{"taxonomy":"post_tag","embeddable":true,"href":"https:\/\/pellervo.fi\/en\/wp-json\/wp\/v2\/tags?post=384618"}],"curies":[{"name":"wp","href":"https:\/\/api.w.org\/{rel}","templated":true}]}}