{"id":398885,"date":"2016-07-01T13:57:21","date_gmt":"2016-07-01T10:57:21","guid":{"rendered":"http:\/\/pellervo.fi\/?p=398885"},"modified":"2016-08-12T07:42:50","modified_gmt":"2016-08-12T04:42:50","slug":"lauantaina-2-heinakuuta-2016-vietetaan-kansainvalista-osuustoimintapaivaa","status":"publish","type":"post","link":"https:\/\/pellervo.fi\/en\/uutiset\/2016\/07\/01\/lauantaina-2-heinakuuta-2016-vietetaan-kansainvalista-osuustoimintapaivaa\/","title":{"rendered":"Lauantaina 2. hein\u00e4kuuta 2016 vietet\u00e4\u00e4n kansainv\u00e4list\u00e4 osuustoimintap\u00e4iv\u00e4\u00e4"},"content":{"rendered":"<p>Kansainv\u00e4lisen osuustoimintaliiton ICA:n puheenjohtaja <strong>Monique F. Leroux<\/strong> vieraili viime viikolla Suomessa ja j\u00e4tti suomalaisille osuustoimijoille videotervehdyksen, jonka haluamme nyt juhlap\u00e4iv\u00e4n alla jakaa. Globaalia osuustoimintaa edustava ja monen maan osuustoimintaa tunteva Leroux on erityisen vaikuttunut suomalaisista osuuskunnista ja niiden vaikuttavuudesta yhteiskunnassamme: \u201dSuomi on itse asiassa osuustoiminnallisen talousel\u00e4m\u00e4n mallimaa kansainv\u00e4lisestikin tarkasteltuna\u201d.<\/p>\n<p>Leroux kiittelee my\u00f6s maamme osuustoimintajohtajia. Meid\u00e4n sitoutunutta johtamistapaamme, joka l\u00e4htee j\u00e4senten palvelemisesta sek\u00e4 osuustoiminnan arvoista ja periaatteista samalla kuitenkin ollen innovatiivisia ja katsoen tulevaisuuteen.<\/p>\n<p>Kansainv\u00e4lisen osuustoimintap\u00e4iv\u00e4n globaali teema 2016 on \u201dOsuuskunnat: kest\u00e4v\u00e4n tulevaisuuden puolesta\u201d ja se keskittyy siihen miten osuustoiminta edist\u00e4\u00e4 YK:n vuosituhattavoitteiden saavuttamista.<\/p>\n<p>Juhlista p\u00e4iv\u00e4\u00e4 omassa osuuskunnassasi. K\u00e4yt\u00e4 #coopsday<\/p>\n<p>[youtube id=&#8221;dxgvTiIyAeU&#8221; width=&#8221;650&#8243; height=&#8221;400&#8243;]<\/p>\n<p>Katso video t\u00e4st\u00e4: <span style=\"text-decoration: underline;\"><a href=\"https:\/\/youtu.be\/dxgvTiIyAeU\">https:\/\/youtu.be\/dxgvTiIyAeU<\/a><\/span>  <\/p>\n","protected":false},"excerpt":{"rendered":"<p>Kansainv\u00e4lisen osuustoimintaliiton ICA:n puheenjohtaja Monique F. Leroux vieraili viime viikolla Suomessa ja j\u00e4tti suomalaisille osuustoimijoille videotervehdyksen, jonka haluamme nyt juhlap\u00e4iv\u00e4n alla jakaa. <\/p>\n","protected":false},"author":5,"featured_media":398886,"comment_status":"open","ping_status":"open","sticky":false,"template":"","format":"standard","meta":{"inline_featured_image":false,"_monsterinsights_skip_tracking":false,"_monsterinsights_sitenote_active":false,"_monsterinsights_sitenote_note":"","_monsterinsights_sitenote_category":0,"site-sidebar-layout":"default","site-content-layout":"","ast-site-content-layout":"default","site-content-style":"default","site-sidebar-style":"default","ast-global-header-display":"","ast-banner-title-visibility":"","ast-main-header-display":"","ast-hfb-above-header-display":"","ast-hfb-below-header-display":"","ast-hfb-mobile-header-display":"","site-post-title":"","ast-breadcrumbs-content":"","ast-featured-img":"","footer-sml-layout":"","ast-disable-related-posts":"","theme-transparent-header-meta":"","adv-header-id-meta":"","stick-header-meta":"","header-above-stick-meta":"","header-main-stick-meta":"","header-below-stick-meta":"","astra-migrate-meta-layouts":"default","ast-page-background-enabled":"default","ast-page-background-meta":{"desktop":{"background-color":"","background-image":"","background-repeat":"repeat","background-position":"center center","background-size":"auto","background-attachment":"scroll","background-type":"","background-media":"","overlay-type":"","overlay-color":"","overlay-opacity":"","overlay-gradient":""},"tablet":{"background-color":"","background-image":"","background-repeat":"repeat","background-position":"center center","background-size":"auto","background-attachment":"scroll","background-type":"","background-media":"","overlay-type":"","overlay-color":"","overlay-opacity":"","overlay-gradient":""},"mobile":{"background-color":"","background-image":"","background-repeat":"repeat","background-position":"center center","background-size":"auto","background-attachment":"scroll","background-type":"","background-media":"","overlay-type":"","overlay-color":"","overlay-opacity":"","overlay-gradient":""}},"ast-content-background-meta":{"desktop":{"background-color":"var(--ast-global-color-5)","background-image":"","background-repeat":"repeat","background-position":"center center","background-size":"auto","background-attachment":"scroll","background-type":"","background-media":"","overlay-type":"","overlay-color":"","overlay-opacity":"","overlay-gradient":""},"tablet":{"background-color":"var(--ast-global-color-5)","background-image":"","background-repeat":"repeat","background-position":"center center","background-size":"auto","background-attachment":"scroll","background-type":"","background-media":"","overlay-type":"","overlay-color":"","overlay-opacity":"","overlay-gradient":""},"mobile":{"background-color":"var(--ast-global-color-5)","background-image":"","background-repeat":"repeat","background-position":"center center","background-size":"auto","background-attachment":"scroll","background-type":"","background-media":"","overlay-type":"","overlay-color":"","overlay-opacity":"","overlay-gradient":""}},"_FSMCFIC_featured_image_caption":"","_FSMCFIC_featured_image_nocaption":"","_FSMCFIC_featured_image_hide":"","footnotes":""},"categories":[22],"tags":[],"class_list":["post-398885","post","type-post","status-publish","format-standard","has-post-thumbnail","hentry","category-uutiset"],"yoast_head":"<!-- This site is optimized with the Yoast SEO plugin v27.5 - https:\/\/yoast.com\/product\/yoast-seo-wordpress\/ -->\n<title>Lauantaina 2. hein\u00e4kuuta 2016 vietet\u00e4\u00e4n kansainv\u00e4list\u00e4 osuustoimintap\u00e4iv\u00e4\u00e4 - Pellervo<\/title>\n<meta name=\"robots\" content=\"index, follow, max-snippet:-1, max-image-preview:large, max-video-preview:-1\" \/>\n<link rel=\"canonical\" href=\"https:\/\/pellervo.fi\/uutiset\/2016\/07\/01\/lauantaina-2-heinakuuta-2016-vietetaan-kansainvalista-osuustoimintapaivaa\/\" \/>\n<meta property=\"og:locale\" content=\"en_US\" \/>\n<meta property=\"og:type\" content=\"article\" \/>\n<meta property=\"og:title\" content=\"Lauantaina 2. hein\u00e4kuuta 2016 vietet\u00e4\u00e4n kansainv\u00e4list\u00e4 osuustoimintap\u00e4iv\u00e4\u00e4 - Pellervo\" \/>\n<meta property=\"og:description\" content=\"Kansainv\u00e4lisen osuustoimintaliiton ICA:n puheenjohtaja Monique F. Leroux vieraili viime viikolla Suomessa ja j\u00e4tti suomalaisille osuustoimijoille videotervehdyksen, jonka haluamme nyt juhlap\u00e4iv\u00e4n alla jakaa.\" \/>\n<meta property=\"og:url\" content=\"https:\/\/pellervo.fi\/uutiset\/2016\/07\/01\/lauantaina-2-heinakuuta-2016-vietetaan-kansainvalista-osuustoimintapaivaa\/\" \/>\n<meta property=\"og:site_name\" content=\"Pellervo\" \/>\n<meta property=\"article:published_time\" content=\"2016-07-01T10:57:21+00:00\" \/>\n<meta property=\"article:modified_time\" content=\"2016-08-12T04:42:50+00:00\" \/>\n<meta property=\"og:image\" content=\"https:\/\/pellervo.fi\/wp-content\/uploads\/2016\/07\/monique.png\" \/>\n\t<meta property=\"og:image:width\" content=\"453\" \/>\n\t<meta property=\"og:image:height\" content=\"254\" \/>\n\t<meta property=\"og:image:type\" content=\"image\/png\" \/>\n<meta name=\"author\" content=\"pellervo\" \/>\n<meta name=\"twitter:card\" content=\"summary_large_image\" \/>\n<meta name=\"twitter:creator\" content=\"@PellervoFi\" \/>\n<meta name=\"twitter:site\" content=\"@PellervoFi\" \/>\n<meta name=\"twitter:label1\" content=\"Written by\" \/>\n\t<meta name=\"twitter:data1\" content=\"pellervo\" \/>\n\t<meta name=\"twitter:label2\" content=\"Est. reading time\" \/>\n\t<meta name=\"twitter:data2\" content=\"1 minute\" \/>\n<script type=\"application\/ld+json\" class=\"yoast-schema-graph\">{\"@context\":\"https:\\\/\\\/schema.org\",\"@graph\":[{\"@type\":\"Article\",\"@id\":\"https:\\\/\\\/pellervo.fi\\\/uutiset\\\/2016\\\/07\\\/01\\\/lauantaina-2-heinakuuta-2016-vietetaan-kansainvalista-osuustoimintapaivaa\\\/#article\",\"isPartOf\":{\"@id\":\"https:\\\/\\\/pellervo.fi\\\/uutiset\\\/2016\\\/07\\\/01\\\/lauantaina-2-heinakuuta-2016-vietetaan-kansainvalista-osuustoimintapaivaa\\\/\"},\"author\":{\"name\":\"pellervo\",\"@id\":\"https:\\\/\\\/pellervo.fi\\\/#\\\/schema\\\/person\\\/4b74d40956937d1367ade81899997e71\"},\"headline\":\"Lauantaina 2. hein\u00e4kuuta 2016 vietet\u00e4\u00e4n kansainv\u00e4list\u00e4 osuustoimintap\u00e4iv\u00e4\u00e4\",\"datePublished\":\"2016-07-01T10:57:21+00:00\",\"dateModified\":\"2016-08-12T04:42:50+00:00\",\"mainEntityOfPage\":{\"@id\":\"https:\\\/\\\/pellervo.fi\\\/uutiset\\\/2016\\\/07\\\/01\\\/lauantaina-2-heinakuuta-2016-vietetaan-kansainvalista-osuustoimintapaivaa\\\/\"},\"wordCount\":140,\"commentCount\":0,\"publisher\":{\"@id\":\"https:\\\/\\\/pellervo.fi\\\/#organization\"},\"image\":{\"@id\":\"https:\\\/\\\/pellervo.fi\\\/uutiset\\\/2016\\\/07\\\/01\\\/lauantaina-2-heinakuuta-2016-vietetaan-kansainvalista-osuustoimintapaivaa\\\/#primaryimage\"},\"thumbnailUrl\":\"https:\\\/\\\/pellervo.fi\\\/wp-content\\\/uploads\\\/2016\\\/07\\\/monique.png\",\"articleSection\":[\"Uutiset\"],\"inLanguage\":\"en-US\",\"potentialAction\":[{\"@type\":\"CommentAction\",\"name\":\"Comment\",\"target\":[\"https:\\\/\\\/pellervo.fi\\\/uutiset\\\/2016\\\/07\\\/01\\\/lauantaina-2-heinakuuta-2016-vietetaan-kansainvalista-osuustoimintapaivaa\\\/#respond\"]}]},{\"@type\":\"WebPage\",\"@id\":\"https:\\\/\\\/pellervo.fi\\\/uutiset\\\/2016\\\/07\\\/01\\\/lauantaina-2-heinakuuta-2016-vietetaan-kansainvalista-osuustoimintapaivaa\\\/\",\"url\":\"https:\\\/\\\/pellervo.fi\\\/uutiset\\\/2016\\\/07\\\/01\\\/lauantaina-2-heinakuuta-2016-vietetaan-kansainvalista-osuustoimintapaivaa\\\/\",\"name\":\"Lauantaina 2. hein\u00e4kuuta 2016 vietet\u00e4\u00e4n kansainv\u00e4list\u00e4 osuustoimintap\u00e4iv\u00e4\u00e4 - Pellervo\",\"isPartOf\":{\"@id\":\"https:\\\/\\\/pellervo.fi\\\/#website\"},\"primaryImageOfPage\":{\"@id\":\"https:\\\/\\\/pellervo.fi\\\/uutiset\\\/2016\\\/07\\\/01\\\/lauantaina-2-heinakuuta-2016-vietetaan-kansainvalista-osuustoimintapaivaa\\\/#primaryimage\"},\"image\":{\"@id\":\"https:\\\/\\\/pellervo.fi\\\/uutiset\\\/2016\\\/07\\\/01\\\/lauantaina-2-heinakuuta-2016-vietetaan-kansainvalista-osuustoimintapaivaa\\\/#primaryimage\"},\"thumbnailUrl\":\"https:\\\/\\\/pellervo.fi\\\/wp-content\\\/uploads\\\/2016\\\/07\\\/monique.png\",\"datePublished\":\"2016-07-01T10:57:21+00:00\",\"dateModified\":\"2016-08-12T04:42:50+00:00\",\"breadcrumb\":{\"@id\":\"https:\\\/\\\/pellervo.fi\\\/uutiset\\\/2016\\\/07\\\/01\\\/lauantaina-2-heinakuuta-2016-vietetaan-kansainvalista-osuustoimintapaivaa\\\/#breadcrumb\"},\"inLanguage\":\"en-US\",\"potentialAction\":[{\"@type\":\"ReadAction\",\"target\":[\"https:\\\/\\\/pellervo.fi\\\/uutiset\\\/2016\\\/07\\\/01\\\/lauantaina-2-heinakuuta-2016-vietetaan-kansainvalista-osuustoimintapaivaa\\\/\"]}]},{\"@type\":\"ImageObject\",\"inLanguage\":\"en-US\",\"@id\":\"https:\\\/\\\/pellervo.fi\\\/uutiset\\\/2016\\\/07\\\/01\\\/lauantaina-2-heinakuuta-2016-vietetaan-kansainvalista-osuustoimintapaivaa\\\/#primaryimage\",\"url\":\"https:\\\/\\\/pellervo.fi\\\/wp-content\\\/uploads\\\/2016\\\/07\\\/monique.png\",\"contentUrl\":\"https:\\\/\\\/pellervo.fi\\\/wp-content\\\/uploads\\\/2016\\\/07\\\/monique.png\",\"width\":453,\"height\":254},{\"@type\":\"BreadcrumbList\",\"@id\":\"https:\\\/\\\/pellervo.fi\\\/uutiset\\\/2016\\\/07\\\/01\\\/lauantaina-2-heinakuuta-2016-vietetaan-kansainvalista-osuustoimintapaivaa\\\/#breadcrumb\",\"itemListElement\":[{\"@type\":\"ListItem\",\"position\":1,\"name\":\"Koti\",\"item\":\"https:\\\/\\\/pellervo.fi\\\/en\\\/\"},{\"@type\":\"ListItem\",\"position\":2,\"name\":\"Lauantaina 2. hein\u00e4kuuta 2016 vietet\u00e4\u00e4n kansainv\u00e4list\u00e4 osuustoimintap\u00e4iv\u00e4\u00e4\"}]},{\"@type\":\"WebSite\",\"@id\":\"https:\\\/\\\/pellervo.fi\\\/#website\",\"url\":\"https:\\\/\\\/pellervo.fi\\\/\",\"name\":\"Pellervo\",\"description\":\"Osuuskuntien keskusj\u00e4rjest\u00f6\",\"publisher\":{\"@id\":\"https:\\\/\\\/pellervo.fi\\\/#organization\"},\"potentialAction\":[{\"@type\":\"SearchAction\",\"target\":{\"@type\":\"EntryPoint\",\"urlTemplate\":\"https:\\\/\\\/pellervo.fi\\\/?s={search_term_string}\"},\"query-input\":{\"@type\":\"PropertyValueSpecification\",\"valueRequired\":true,\"valueName\":\"search_term_string\"}}],\"inLanguage\":\"en-US\"},{\"@type\":\"Organization\",\"@id\":\"https:\\\/\\\/pellervo.fi\\\/#organization\",\"name\":\"Osuustoimintakeskus Pellervo ry\",\"url\":\"https:\\\/\\\/pellervo.fi\\\/\",\"logo\":{\"@type\":\"ImageObject\",\"inLanguage\":\"en-US\",\"@id\":\"https:\\\/\\\/pellervo.fi\\\/#\\\/schema\\\/logo\\\/image\\\/\",\"url\":\"https:\\\/\\\/pellervo.fi\\\/wp-content\\\/uploads\\\/2020\\\/05\\\/Pellervo_logo.png\",\"contentUrl\":\"https:\\\/\\\/pellervo.fi\\\/wp-content\\\/uploads\\\/2020\\\/05\\\/Pellervo_logo.png\",\"width\":1335,\"height\":376,\"caption\":\"Osuustoimintakeskus Pellervo ry\"},\"image\":{\"@id\":\"https:\\\/\\\/pellervo.fi\\\/#\\\/schema\\\/logo\\\/image\\\/\"},\"sameAs\":[\"https:\\\/\\\/x.com\\\/PellervoFi\"]},{\"@type\":\"Person\",\"@id\":\"https:\\\/\\\/pellervo.fi\\\/#\\\/schema\\\/person\\\/4b74d40956937d1367ade81899997e71\",\"name\":\"pellervo\",\"image\":{\"@type\":\"ImageObject\",\"inLanguage\":\"en-US\",\"@id\":\"https:\\\/\\\/pellervo.fi\\\/wp-content\\\/uploads\\\/2013\\\/11\\\/pellervo_avatar_1384522134-96x96.jpg\",\"url\":\"https:\\\/\\\/pellervo.fi\\\/wp-content\\\/uploads\\\/2013\\\/11\\\/pellervo_avatar_1384522134-96x96.jpg\",\"contentUrl\":\"https:\\\/\\\/pellervo.fi\\\/wp-content\\\/uploads\\\/2013\\\/11\\\/pellervo_avatar_1384522134-96x96.jpg\",\"caption\":\"pellervo\"},\"description\":\"Kuvaus\",\"url\":\"https:\\\/\\\/pellervo.fi\\\/en\\\/author\\\/pellervo\\\/\"}]}<\/script>\n<!-- \/ Yoast SEO plugin. -->","yoast_head_json":{"title":"Lauantaina 2. hein\u00e4kuuta 2016 vietet\u00e4\u00e4n kansainv\u00e4list\u00e4 osuustoimintap\u00e4iv\u00e4\u00e4 - Pellervo","robots":{"index":"index","follow":"follow","max-snippet":"max-snippet:-1","max-image-preview":"max-image-preview:large","max-video-preview":"max-video-preview:-1"},"canonical":"https:\/\/pellervo.fi\/uutiset\/2016\/07\/01\/lauantaina-2-heinakuuta-2016-vietetaan-kansainvalista-osuustoimintapaivaa\/","og_locale":"en_US","og_type":"article","og_title":"Lauantaina 2. hein\u00e4kuuta 2016 vietet\u00e4\u00e4n kansainv\u00e4list\u00e4 osuustoimintap\u00e4iv\u00e4\u00e4 - Pellervo","og_description":"Kansainv\u00e4lisen osuustoimintaliiton ICA:n puheenjohtaja Monique F. Leroux vieraili viime viikolla Suomessa ja j\u00e4tti suomalaisille osuustoimijoille videotervehdyksen, jonka haluamme nyt juhlap\u00e4iv\u00e4n alla jakaa.","og_url":"https:\/\/pellervo.fi\/uutiset\/2016\/07\/01\/lauantaina-2-heinakuuta-2016-vietetaan-kansainvalista-osuustoimintapaivaa\/","og_site_name":"Pellervo","article_published_time":"2016-07-01T10:57:21+00:00","article_modified_time":"2016-08-12T04:42:50+00:00","og_image":[{"width":453,"height":254,"url":"https:\/\/pellervo.fi\/wp-content\/uploads\/2016\/07\/monique.png","type":"image\/png"}],"author":"pellervo","twitter_card":"summary_large_image","twitter_creator":"@PellervoFi","twitter_site":"@PellervoFi","twitter_misc":{"Written by":"pellervo","Est. reading time":"1 minute"},"schema":{"@context":"https:\/\/schema.org","@graph":[{"@type":"Article","@id":"https:\/\/pellervo.fi\/uutiset\/2016\/07\/01\/lauantaina-2-heinakuuta-2016-vietetaan-kansainvalista-osuustoimintapaivaa\/#article","isPartOf":{"@id":"https:\/\/pellervo.fi\/uutiset\/2016\/07\/01\/lauantaina-2-heinakuuta-2016-vietetaan-kansainvalista-osuustoimintapaivaa\/"},"author":{"name":"pellervo","@id":"https:\/\/pellervo.fi\/#\/schema\/person\/4b74d40956937d1367ade81899997e71"},"headline":"Lauantaina 2. hein\u00e4kuuta 2016 vietet\u00e4\u00e4n kansainv\u00e4list\u00e4 osuustoimintap\u00e4iv\u00e4\u00e4","datePublished":"2016-07-01T10:57:21+00:00","dateModified":"2016-08-12T04:42:50+00:00","mainEntityOfPage":{"@id":"https:\/\/pellervo.fi\/uutiset\/2016\/07\/01\/lauantaina-2-heinakuuta-2016-vietetaan-kansainvalista-osuustoimintapaivaa\/"},"wordCount":140,"commentCount":0,"publisher":{"@id":"https:\/\/pellervo.fi\/#organization"},"image":{"@id":"https:\/\/pellervo.fi\/uutiset\/2016\/07\/01\/lauantaina-2-heinakuuta-2016-vietetaan-kansainvalista-osuustoimintapaivaa\/#primaryimage"},"thumbnailUrl":"https:\/\/pellervo.fi\/wp-content\/uploads\/2016\/07\/monique.png","articleSection":["Uutiset"],"inLanguage":"en-US","potentialAction":[{"@type":"CommentAction","name":"Comment","target":["https:\/\/pellervo.fi\/uutiset\/2016\/07\/01\/lauantaina-2-heinakuuta-2016-vietetaan-kansainvalista-osuustoimintapaivaa\/#respond"]}]},{"@type":"WebPage","@id":"https:\/\/pellervo.fi\/uutiset\/2016\/07\/01\/lauantaina-2-heinakuuta-2016-vietetaan-kansainvalista-osuustoimintapaivaa\/","url":"https:\/\/pellervo.fi\/uutiset\/2016\/07\/01\/lauantaina-2-heinakuuta-2016-vietetaan-kansainvalista-osuustoimintapaivaa\/","name":"Lauantaina 2. hein\u00e4kuuta 2016 vietet\u00e4\u00e4n kansainv\u00e4list\u00e4 osuustoimintap\u00e4iv\u00e4\u00e4 - Pellervo","isPartOf":{"@id":"https:\/\/pellervo.fi\/#website"},"primaryImageOfPage":{"@id":"https:\/\/pellervo.fi\/uutiset\/2016\/07\/01\/lauantaina-2-heinakuuta-2016-vietetaan-kansainvalista-osuustoimintapaivaa\/#primaryimage"},"image":{"@id":"https:\/\/pellervo.fi\/uutiset\/2016\/07\/01\/lauantaina-2-heinakuuta-2016-vietetaan-kansainvalista-osuustoimintapaivaa\/#primaryimage"},"thumbnailUrl":"https:\/\/pellervo.fi\/wp-content\/uploads\/2016\/07\/monique.png","datePublished":"2016-07-01T10:57:21+00:00","dateModified":"2016-08-12T04:42:50+00:00","breadcrumb":{"@id":"https:\/\/pellervo.fi\/uutiset\/2016\/07\/01\/lauantaina-2-heinakuuta-2016-vietetaan-kansainvalista-osuustoimintapaivaa\/#breadcrumb"},"inLanguage":"en-US","potentialAction":[{"@type":"ReadAction","target":["https:\/\/pellervo.fi\/uutiset\/2016\/07\/01\/lauantaina-2-heinakuuta-2016-vietetaan-kansainvalista-osuustoimintapaivaa\/"]}]},{"@type":"ImageObject","inLanguage":"en-US","@id":"https:\/\/pellervo.fi\/uutiset\/2016\/07\/01\/lauantaina-2-heinakuuta-2016-vietetaan-kansainvalista-osuustoimintapaivaa\/#primaryimage","url":"https:\/\/pellervo.fi\/wp-content\/uploads\/2016\/07\/monique.png","contentUrl":"https:\/\/pellervo.fi\/wp-content\/uploads\/2016\/07\/monique.png","width":453,"height":254},{"@type":"BreadcrumbList","@id":"https:\/\/pellervo.fi\/uutiset\/2016\/07\/01\/lauantaina-2-heinakuuta-2016-vietetaan-kansainvalista-osuustoimintapaivaa\/#breadcrumb","itemListElement":[{"@type":"ListItem","position":1,"name":"Koti","item":"https:\/\/pellervo.fi\/en\/"},{"@type":"ListItem","position":2,"name":"Lauantaina 2. hein\u00e4kuuta 2016 vietet\u00e4\u00e4n kansainv\u00e4list\u00e4 osuustoimintap\u00e4iv\u00e4\u00e4"}]},{"@type":"WebSite","@id":"https:\/\/pellervo.fi\/#website","url":"https:\/\/pellervo.fi\/","name":"Pellervo","description":"Osuuskuntien keskusj\u00e4rjest\u00f6","publisher":{"@id":"https:\/\/pellervo.fi\/#organization"},"potentialAction":[{"@type":"SearchAction","target":{"@type":"EntryPoint","urlTemplate":"https:\/\/pellervo.fi\/?s={search_term_string}"},"query-input":{"@type":"PropertyValueSpecification","valueRequired":true,"valueName":"search_term_string"}}],"inLanguage":"en-US"},{"@type":"Organization","@id":"https:\/\/pellervo.fi\/#organization","name":"Osuustoimintakeskus Pellervo ry","url":"https:\/\/pellervo.fi\/","logo":{"@type":"ImageObject","inLanguage":"en-US","@id":"https:\/\/pellervo.fi\/#\/schema\/logo\/image\/","url":"https:\/\/pellervo.fi\/wp-content\/uploads\/2020\/05\/Pellervo_logo.png","contentUrl":"https:\/\/pellervo.fi\/wp-content\/uploads\/2020\/05\/Pellervo_logo.png","width":1335,"height":376,"caption":"Osuustoimintakeskus Pellervo ry"},"image":{"@id":"https:\/\/pellervo.fi\/#\/schema\/logo\/image\/"},"sameAs":["https:\/\/x.com\/PellervoFi"]},{"@type":"Person","@id":"https:\/\/pellervo.fi\/#\/schema\/person\/4b74d40956937d1367ade81899997e71","name":"pellervo","image":{"@type":"ImageObject","inLanguage":"en-US","@id":"https:\/\/pellervo.fi\/wp-content\/uploads\/2013\/11\/pellervo_avatar_1384522134-96x96.jpg","url":"https:\/\/pellervo.fi\/wp-content\/uploads\/2013\/11\/pellervo_avatar_1384522134-96x96.jpg","contentUrl":"https:\/\/pellervo.fi\/wp-content\/uploads\/2013\/11\/pellervo_avatar_1384522134-96x96.jpg","caption":"pellervo"},"description":"Kuvaus","url":"https:\/\/pellervo.fi\/en\/author\/pellervo\/"}]}},"_links":{"self":[{"href":"https:\/\/pellervo.fi\/en\/wp-json\/wp\/v2\/posts\/398885","targetHints":{"allow":["GET"]}}],"collection":[{"href":"https:\/\/pellervo.fi\/en\/wp-json\/wp\/v2\/posts"}],"about":[{"href":"https:\/\/pellervo.fi\/en\/wp-json\/wp\/v2\/types\/post"}],"author":[{"embeddable":true,"href":"https:\/\/pellervo.fi\/en\/wp-json\/wp\/v2\/users\/5"}],"replies":[{"embeddable":true,"href":"https:\/\/pellervo.fi\/en\/wp-json\/wp\/v2\/comments?post=398885"}],"version-history":[{"count":9,"href":"https:\/\/pellervo.fi\/en\/wp-json\/wp\/v2\/posts\/398885\/revisions"}],"predecessor-version":[{"id":436482,"href":"https:\/\/pellervo.fi\/en\/wp-json\/wp\/v2\/posts\/398885\/revisions\/436482"}],"wp:featuredmedia":[{"embeddable":true,"href":"https:\/\/pellervo.fi\/en\/wp-json\/wp\/v2\/media\/398886"}],"wp:attachment":[{"href":"https:\/\/pellervo.fi\/en\/wp-json\/wp\/v2\/media?parent=398885"}],"wp:term":[{"taxonomy":"category","embeddable":true,"href":"https:\/\/pellervo.fi\/en\/wp-json\/wp\/v2\/categories?post=398885"},{"taxonomy":"post_tag","embeddable":true,"href":"https:\/\/pellervo.fi\/en\/wp-json\/wp\/v2\/tags?post=398885"}],"curies":[{"name":"wp","href":"https:\/\/api.w.org\/{rel}","templated":true}]}}