{"id":414686,"date":"2016-07-18T08:50:09","date_gmt":"2016-07-18T05:50:09","guid":{"rendered":"http:\/\/pellervo.fi\/?p=414686"},"modified":"2016-07-20T07:04:39","modified_gmt":"2016-07-20T04:04:39","slug":"pitkaaikaisen-osuustoimintamiehen-simo-arraksen-muistolle","status":"publish","type":"post","link":"https:\/\/pellervo.fi\/en\/uutiset\/2016\/07\/18\/pitkaaikaisen-osuustoimintamiehen-simo-arraksen-muistolle\/","title":{"rendered":"Pitk\u00e4aikaisen osuustoimintamiehen Simo Arraksen muistolle"},"content":{"rendered":"<p>Pitk\u00e4aikainen osuustoimintamies, valtiotieteen maisteri, reservin majuri<strong> Simo Arras<\/strong> menehtyi 78 vuoden ik\u00e4isen\u00e4 vaikeaan sairauteen 27.6.2016.<\/p>\n<p>Simo Arraksen el\u00e4m\u00e4nty\u00f6ss\u00e4 osuustoiminnalla oli keskeinen sija. H\u00e4n toimi Hankkijan liikeopiston johtajana 1980-luvulla. Suomen ulkoministeri\u00f6n palveluksessa Simo Arras osallistui maaseudun kehitt\u00e4mishankkeiden toteuttamiseen sek\u00e4 suunnittelu- ett\u00e4 kentt\u00e4teht\u00e4viss\u00e4 Sambiassa. Osuustoiminta kuului my\u00f6s n\u00e4ihin teht\u00e4viin yritysten perustamis- ja neuvonta-asioissa. Simon ty\u00f6rupeama Helsingin yliopistossa kesti kymmenisen vuotta, aluksi osuustoimintainstituutissa ja sen j\u00e4lkeen Maaseudun tutkimus- ja koulutuskeskuksessa, johon instituutti liitettiin vuonna 2001. Simon vastuulla oli osuustoiminnallista yritt\u00e4jyytt\u00e4 edist\u00e4vien koulutus- ja kehitt\u00e4mishankkeitten toteuttaminen yhteisty\u00f6ss\u00e4 kuntien, oppilaitosten ja ty\u00f6voima- ja elinkeinoviranomaisten kanssa. Toiminta oli 1990-luvulla uraauurtavaa ja sill\u00e4 luotiin perustaa osuuskuntamuotoisen yritysmuodon levi\u00e4miselle ja vakiintumiselle suomalaiseen pienyritt\u00e4jyyteen. Simo Arras oli mukana my\u00f6s yliopiston t\u00e4ydennyskoulutustoimintaan liittyv\u00e4ss\u00e4 innovatiivisessa yrityshautomokoulutuksessa yhteisty\u00f6ss\u00e4 Lahden tutkimus- ja koulutuskeskuksen (nykyisen Palmenia-instituutin) kanssa.<\/p>\n<p>Yhteisty\u00f6kumppanit tottuivat luottamaan Simoon, jolla oli vahva k\u00e4yt\u00e4nn\u00f6n kokemus sek\u00e4 yritt\u00e4jyydest\u00e4 ett\u00e4 koulutusteht\u00e4vist\u00e4. Kouluttajana Simo saavutti sek\u00e4 nuorten ett\u00e4 varttuneiden oppilaidensa luottamuksen vankalla kokemuksellaan ja my\u00f6t\u00e4el\u00e4mistaidollaan. Ty\u00f6yhteis\u00f6n j\u00e4senen\u00e4 Simoa arvostettiin yhteisty\u00f6n rakentajana ja avoimena tiedon jakajana. El\u00e4kkeelle siirrytty\u00e4\u00e4n vuodesta 2003 alkaen Simo palasi l\u00e4heiseksi kokemansa kehitysyhteisty\u00f6n pariin muutaman tuttavansa kanssa perustamalla konsulttiyrityksen ja toteuttamalla sen kautta hanketeht\u00e4vi\u00e4 Afrikassa.<\/p>\n<p>Simo Arras arvosti kansalaistoimintaa ja osallistui moniin yhteisiin rientoihin. H\u00e4n kuului 1980-luvulla Kontulan urheilijoiden perustajiin ja osallistui toimintaan my\u00f6s juniorien ohjaajana ja jalkapallotuomarina. Afrikassakin Simo ty\u00f6teht\u00e4viens\u00e4 lomassa tuomaroi kehitysyhteisty\u00f6firmojen ty\u00f6ntekij\u00f6iden v\u00e4lisi\u00e4 puulaakipelej\u00e4. Laulumiehen\u00e4 Simo kuului Mellun Lauluun. Maanpuolustusty\u00f6n Simo koki erityisen l\u00e4heiseksi. Tunnustukseksi ansioistaan h\u00e4net ylennettiin reservin majuriksi.<br \/>\nYst\u00e4v\u00e4t, ty\u00f6toverit ja yhteisty\u00f6kumppanit muistavat kiitollisuudella ja l\u00e4mm\u00f6ll\u00e4 Simo Arrasta ahkerasta ja innostavasta el\u00e4m\u00e4nty\u00f6st\u00e4 ja my\u00f6t\u00e4el\u00e4misest\u00e4 niin ty\u00f6ss\u00e4 kuin harrastustenkin yhteydess\u00e4 kohtaamiensa ihmisten kanssa. &#8211; Simo Arraksen l\u00e4hiomaisiin kuuluivat puoliso, lapset , lastenlapset sek\u00e4 jo tytt\u00e4ren tytt\u00e4renpoikakin. Simo Arras on siunattu l\u00e4heisten l\u00e4sn\u00e4ollessa ja uurna lasketaan sukuhautaan Turun vanhalle hautausmaalle.<\/p>\n<p><strong>Tapani K\u00f6pp\u00e4<\/strong><br \/>\nvaltiotieteen tohtori<br \/>\nHelsingin yliopiston Ruralia-instituutin tutkimusjohtaja, professori (el\u00e4kkeell\u00e4)<\/p>\n<p>Kirjoittaja on Simo Arraksen pitk\u00e4aikainen yhteisty\u00f6kumppani, ty\u00f6toveri ja yst\u00e4v\u00e4<\/p>\n<p>&nbsp;  <\/p>\n","protected":false},"excerpt":{"rendered":"<p>Pitk\u00e4aikainen osuustoimintamies, valtiotieteen maisteri, reservin majuri Simo Arras menehtyi 78 vuoden ik\u00e4isen\u00e4 vaikeaan sairauteen 27.6.2016.<\/p>\n","protected":false},"author":6,"featured_media":414687,"comment_status":"open","ping_status":"open","sticky":false,"template":"","format":"standard","meta":{"inline_featured_image":false,"_monsterinsights_skip_tracking":false,"_monsterinsights_sitenote_active":false,"_monsterinsights_sitenote_note":"","_monsterinsights_sitenote_category":0,"site-sidebar-layout":"default","site-content-layout":"","ast-site-content-layout":"default","site-content-style":"default","site-sidebar-style":"default","ast-global-header-display":"","ast-banner-title-visibility":"","ast-main-header-display":"","ast-hfb-above-header-display":"","ast-hfb-below-header-display":"","ast-hfb-mobile-header-display":"","site-post-title":"","ast-breadcrumbs-content":"","ast-featured-img":"","footer-sml-layout":"","ast-disable-related-posts":"","theme-transparent-header-meta":"","adv-header-id-meta":"","stick-header-meta":"","header-above-stick-meta":"","header-main-stick-meta":"","header-below-stick-meta":"","astra-migrate-meta-layouts":"default","ast-page-background-enabled":"default","ast-page-background-meta":{"desktop":{"background-color":"","background-image":"","background-repeat":"repeat","background-position":"center center","background-size":"auto","background-attachment":"scroll","background-type":"","background-media":"","overlay-type":"","overlay-color":"","overlay-opacity":"","overlay-gradient":""},"tablet":{"background-color":"","background-image":"","background-repeat":"repeat","background-position":"center center","background-size":"auto","background-attachment":"scroll","background-type":"","background-media":"","overlay-type":"","overlay-color":"","overlay-opacity":"","overlay-gradient":""},"mobile":{"background-color":"","background-image":"","background-repeat":"repeat","background-position":"center center","background-size":"auto","background-attachment":"scroll","background-type":"","background-media":"","overlay-type":"","overlay-color":"","overlay-opacity":"","overlay-gradient":""}},"ast-content-background-meta":{"desktop":{"background-color":"var(--ast-global-color-5)","background-image":"","background-repeat":"repeat","background-position":"center center","background-size":"auto","background-attachment":"scroll","background-type":"","background-media":"","overlay-type":"","overlay-color":"","overlay-opacity":"","overlay-gradient":""},"tablet":{"background-color":"var(--ast-global-color-5)","background-image":"","background-repeat":"repeat","background-position":"center center","background-size":"auto","background-attachment":"scroll","background-type":"","background-media":"","overlay-type":"","overlay-color":"","overlay-opacity":"","overlay-gradient":""},"mobile":{"background-color":"var(--ast-global-color-5)","background-image":"","background-repeat":"repeat","background-position":"center center","background-size":"auto","background-attachment":"scroll","background-type":"","background-media":"","overlay-type":"","overlay-color":"","overlay-opacity":"","overlay-gradient":""}},"_FSMCFIC_featured_image_caption":"","_FSMCFIC_featured_image_nocaption":"","_FSMCFIC_featured_image_hide":"","footnotes":""},"categories":[22],"tags":[],"class_list":["post-414686","post","type-post","status-publish","format-standard","has-post-thumbnail","hentry","category-uutiset"],"yoast_head":"<!-- This site is optimized with the Yoast SEO plugin v27.5 - https:\/\/yoast.com\/product\/yoast-seo-wordpress\/ -->\n<title>Pitk\u00e4aikaisen osuustoimintamiehen Simo Arraksen muistolle - Pellervo<\/title>\n<meta name=\"robots\" content=\"index, follow, max-snippet:-1, max-image-preview:large, max-video-preview:-1\" \/>\n<link rel=\"canonical\" href=\"https:\/\/pellervo.fi\/en\/uutiset\/2016\/07\/18\/pitkaaikaisen-osuustoimintamiehen-simo-arraksen-muistolle\/\" \/>\n<meta property=\"og:locale\" content=\"en_US\" \/>\n<meta property=\"og:type\" content=\"article\" \/>\n<meta property=\"og:title\" content=\"Pitk\u00e4aikaisen osuustoimintamiehen Simo Arraksen muistolle - Pellervo\" \/>\n<meta property=\"og:description\" content=\"Pitk\u00e4aikainen osuustoimintamies, valtiotieteen maisteri, reservin majuri Simo Arras menehtyi 78 vuoden ik\u00e4isen\u00e4 vaikeaan sairauteen 27.6.2016.\" \/>\n<meta property=\"og:url\" content=\"https:\/\/pellervo.fi\/en\/uutiset\/2016\/07\/18\/pitkaaikaisen-osuustoimintamiehen-simo-arraksen-muistolle\/\" \/>\n<meta property=\"og:site_name\" content=\"Pellervo\" \/>\n<meta property=\"article:published_time\" content=\"2016-07-18T05:50:09+00:00\" \/>\n<meta property=\"article:modified_time\" content=\"2016-07-20T04:04:39+00:00\" \/>\n<meta property=\"og:image\" content=\"https:\/\/pellervo.fi\/wp-content\/uploads\/2016\/07\/Simo-Arras.jpg\" \/>\n\t<meta property=\"og:image:width\" content=\"1067\" \/>\n\t<meta property=\"og:image:height\" content=\"1027\" \/>\n\t<meta property=\"og:image:type\" content=\"image\/jpeg\" \/>\n<meta name=\"author\" content=\"Hanna Muukka\" \/>\n<meta name=\"twitter:card\" content=\"summary_large_image\" \/>\n<meta name=\"twitter:creator\" content=\"@PellervoFi\" \/>\n<meta name=\"twitter:site\" content=\"@PellervoFi\" \/>\n<meta name=\"twitter:label1\" content=\"Written by\" \/>\n\t<meta name=\"twitter:data1\" content=\"Hanna Muukka\" \/>\n\t<meta name=\"twitter:label2\" content=\"Est. reading time\" \/>\n\t<meta name=\"twitter:data2\" content=\"2 minutes\" \/>\n<script type=\"application\/ld+json\" class=\"yoast-schema-graph\">{\"@context\":\"https:\\\/\\\/schema.org\",\"@graph\":[{\"@type\":\"Article\",\"@id\":\"https:\\\/\\\/pellervo.fi\\\/en\\\/uutiset\\\/2016\\\/07\\\/18\\\/pitkaaikaisen-osuustoimintamiehen-simo-arraksen-muistolle\\\/#article\",\"isPartOf\":{\"@id\":\"https:\\\/\\\/pellervo.fi\\\/en\\\/uutiset\\\/2016\\\/07\\\/18\\\/pitkaaikaisen-osuustoimintamiehen-simo-arraksen-muistolle\\\/\"},\"author\":{\"name\":\"Hanna Muukka\",\"@id\":\"https:\\\/\\\/pellervo.fi\\\/#\\\/schema\\\/person\\\/f001b7c670bab10e5236b09672d9e6a3\"},\"headline\":\"Pitk\u00e4aikaisen osuustoimintamiehen Simo Arraksen muistolle\",\"datePublished\":\"2016-07-18T05:50:09+00:00\",\"dateModified\":\"2016-07-20T04:04:39+00:00\",\"mainEntityOfPage\":{\"@id\":\"https:\\\/\\\/pellervo.fi\\\/en\\\/uutiset\\\/2016\\\/07\\\/18\\\/pitkaaikaisen-osuustoimintamiehen-simo-arraksen-muistolle\\\/\"},\"wordCount\":380,\"commentCount\":0,\"publisher\":{\"@id\":\"https:\\\/\\\/pellervo.fi\\\/#organization\"},\"image\":{\"@id\":\"https:\\\/\\\/pellervo.fi\\\/en\\\/uutiset\\\/2016\\\/07\\\/18\\\/pitkaaikaisen-osuustoimintamiehen-simo-arraksen-muistolle\\\/#primaryimage\"},\"thumbnailUrl\":\"https:\\\/\\\/pellervo.fi\\\/wp-content\\\/uploads\\\/2016\\\/07\\\/Simo-Arras.jpg\",\"articleSection\":[\"Uutiset\"],\"inLanguage\":\"en-US\",\"potentialAction\":[{\"@type\":\"CommentAction\",\"name\":\"Comment\",\"target\":[\"https:\\\/\\\/pellervo.fi\\\/en\\\/uutiset\\\/2016\\\/07\\\/18\\\/pitkaaikaisen-osuustoimintamiehen-simo-arraksen-muistolle\\\/#respond\"]}]},{\"@type\":\"WebPage\",\"@id\":\"https:\\\/\\\/pellervo.fi\\\/en\\\/uutiset\\\/2016\\\/07\\\/18\\\/pitkaaikaisen-osuustoimintamiehen-simo-arraksen-muistolle\\\/\",\"url\":\"https:\\\/\\\/pellervo.fi\\\/en\\\/uutiset\\\/2016\\\/07\\\/18\\\/pitkaaikaisen-osuustoimintamiehen-simo-arraksen-muistolle\\\/\",\"name\":\"Pitk\u00e4aikaisen osuustoimintamiehen Simo Arraksen muistolle - Pellervo\",\"isPartOf\":{\"@id\":\"https:\\\/\\\/pellervo.fi\\\/#website\"},\"primaryImageOfPage\":{\"@id\":\"https:\\\/\\\/pellervo.fi\\\/en\\\/uutiset\\\/2016\\\/07\\\/18\\\/pitkaaikaisen-osuustoimintamiehen-simo-arraksen-muistolle\\\/#primaryimage\"},\"image\":{\"@id\":\"https:\\\/\\\/pellervo.fi\\\/en\\\/uutiset\\\/2016\\\/07\\\/18\\\/pitkaaikaisen-osuustoimintamiehen-simo-arraksen-muistolle\\\/#primaryimage\"},\"thumbnailUrl\":\"https:\\\/\\\/pellervo.fi\\\/wp-content\\\/uploads\\\/2016\\\/07\\\/Simo-Arras.jpg\",\"datePublished\":\"2016-07-18T05:50:09+00:00\",\"dateModified\":\"2016-07-20T04:04:39+00:00\",\"breadcrumb\":{\"@id\":\"https:\\\/\\\/pellervo.fi\\\/en\\\/uutiset\\\/2016\\\/07\\\/18\\\/pitkaaikaisen-osuustoimintamiehen-simo-arraksen-muistolle\\\/#breadcrumb\"},\"inLanguage\":\"en-US\",\"potentialAction\":[{\"@type\":\"ReadAction\",\"target\":[\"https:\\\/\\\/pellervo.fi\\\/en\\\/uutiset\\\/2016\\\/07\\\/18\\\/pitkaaikaisen-osuustoimintamiehen-simo-arraksen-muistolle\\\/\"]}]},{\"@type\":\"ImageObject\",\"inLanguage\":\"en-US\",\"@id\":\"https:\\\/\\\/pellervo.fi\\\/en\\\/uutiset\\\/2016\\\/07\\\/18\\\/pitkaaikaisen-osuustoimintamiehen-simo-arraksen-muistolle\\\/#primaryimage\",\"url\":\"https:\\\/\\\/pellervo.fi\\\/wp-content\\\/uploads\\\/2016\\\/07\\\/Simo-Arras.jpg\",\"contentUrl\":\"https:\\\/\\\/pellervo.fi\\\/wp-content\\\/uploads\\\/2016\\\/07\\\/Simo-Arras.jpg\",\"width\":1067,\"height\":1027},{\"@type\":\"BreadcrumbList\",\"@id\":\"https:\\\/\\\/pellervo.fi\\\/en\\\/uutiset\\\/2016\\\/07\\\/18\\\/pitkaaikaisen-osuustoimintamiehen-simo-arraksen-muistolle\\\/#breadcrumb\",\"itemListElement\":[{\"@type\":\"ListItem\",\"position\":1,\"name\":\"Koti\",\"item\":\"https:\\\/\\\/pellervo.fi\\\/en\\\/\"},{\"@type\":\"ListItem\",\"position\":2,\"name\":\"Pitk\u00e4aikaisen osuustoimintamiehen Simo Arraksen muistolle\"}]},{\"@type\":\"WebSite\",\"@id\":\"https:\\\/\\\/pellervo.fi\\\/#website\",\"url\":\"https:\\\/\\\/pellervo.fi\\\/\",\"name\":\"Pellervo\",\"description\":\"Osuuskuntien keskusj\u00e4rjest\u00f6\",\"publisher\":{\"@id\":\"https:\\\/\\\/pellervo.fi\\\/#organization\"},\"potentialAction\":[{\"@type\":\"SearchAction\",\"target\":{\"@type\":\"EntryPoint\",\"urlTemplate\":\"https:\\\/\\\/pellervo.fi\\\/?s={search_term_string}\"},\"query-input\":{\"@type\":\"PropertyValueSpecification\",\"valueRequired\":true,\"valueName\":\"search_term_string\"}}],\"inLanguage\":\"en-US\"},{\"@type\":\"Organization\",\"@id\":\"https:\\\/\\\/pellervo.fi\\\/#organization\",\"name\":\"Osuustoimintakeskus Pellervo ry\",\"url\":\"https:\\\/\\\/pellervo.fi\\\/\",\"logo\":{\"@type\":\"ImageObject\",\"inLanguage\":\"en-US\",\"@id\":\"https:\\\/\\\/pellervo.fi\\\/#\\\/schema\\\/logo\\\/image\\\/\",\"url\":\"https:\\\/\\\/pellervo.fi\\\/wp-content\\\/uploads\\\/2020\\\/05\\\/Pellervo_logo.png\",\"contentUrl\":\"https:\\\/\\\/pellervo.fi\\\/wp-content\\\/uploads\\\/2020\\\/05\\\/Pellervo_logo.png\",\"width\":1335,\"height\":376,\"caption\":\"Osuustoimintakeskus Pellervo ry\"},\"image\":{\"@id\":\"https:\\\/\\\/pellervo.fi\\\/#\\\/schema\\\/logo\\\/image\\\/\"},\"sameAs\":[\"https:\\\/\\\/x.com\\\/PellervoFi\"]},{\"@type\":\"Person\",\"@id\":\"https:\\\/\\\/pellervo.fi\\\/#\\\/schema\\\/person\\\/f001b7c670bab10e5236b09672d9e6a3\",\"name\":\"Hanna Muukka\",\"image\":{\"@type\":\"ImageObject\",\"inLanguage\":\"en-US\",\"@id\":\"https:\\\/\\\/pellervo.fi\\\/wp-content\\\/uploads\\\/2014\\\/02\\\/Hanna-Muukka_avatar_1393417732-96x96.jpg\",\"url\":\"https:\\\/\\\/pellervo.fi\\\/wp-content\\\/uploads\\\/2014\\\/02\\\/Hanna-Muukka_avatar_1393417732-96x96.jpg\",\"contentUrl\":\"https:\\\/\\\/pellervo.fi\\\/wp-content\\\/uploads\\\/2014\\\/02\\\/Hanna-Muukka_avatar_1393417732-96x96.jpg\",\"caption\":\"Hanna Muukka\"},\"description\":\"Kirjoittaja ty\u00f6skentelee Osuustoimintakeskus Pellervossa vastuullisuusasiantuntijana.\",\"url\":\"https:\\\/\\\/pellervo.fi\\\/en\\\/author\\\/hannamuu\\\/\"}]}<\/script>\n<!-- \/ Yoast SEO plugin. -->","yoast_head_json":{"title":"Pitk\u00e4aikaisen osuustoimintamiehen Simo Arraksen muistolle - Pellervo","robots":{"index":"index","follow":"follow","max-snippet":"max-snippet:-1","max-image-preview":"max-image-preview:large","max-video-preview":"max-video-preview:-1"},"canonical":"https:\/\/pellervo.fi\/en\/uutiset\/2016\/07\/18\/pitkaaikaisen-osuustoimintamiehen-simo-arraksen-muistolle\/","og_locale":"en_US","og_type":"article","og_title":"Pitk\u00e4aikaisen osuustoimintamiehen Simo Arraksen muistolle - Pellervo","og_description":"Pitk\u00e4aikainen osuustoimintamies, valtiotieteen maisteri, reservin majuri Simo Arras menehtyi 78 vuoden ik\u00e4isen\u00e4 vaikeaan sairauteen 27.6.2016.","og_url":"https:\/\/pellervo.fi\/en\/uutiset\/2016\/07\/18\/pitkaaikaisen-osuustoimintamiehen-simo-arraksen-muistolle\/","og_site_name":"Pellervo","article_published_time":"2016-07-18T05:50:09+00:00","article_modified_time":"2016-07-20T04:04:39+00:00","og_image":[{"width":1067,"height":1027,"url":"https:\/\/pellervo.fi\/wp-content\/uploads\/2016\/07\/Simo-Arras.jpg","type":"image\/jpeg"}],"author":"Hanna Muukka","twitter_card":"summary_large_image","twitter_creator":"@PellervoFi","twitter_site":"@PellervoFi","twitter_misc":{"Written by":"Hanna Muukka","Est. reading time":"2 minutes"},"schema":{"@context":"https:\/\/schema.org","@graph":[{"@type":"Article","@id":"https:\/\/pellervo.fi\/en\/uutiset\/2016\/07\/18\/pitkaaikaisen-osuustoimintamiehen-simo-arraksen-muistolle\/#article","isPartOf":{"@id":"https:\/\/pellervo.fi\/en\/uutiset\/2016\/07\/18\/pitkaaikaisen-osuustoimintamiehen-simo-arraksen-muistolle\/"},"author":{"name":"Hanna Muukka","@id":"https:\/\/pellervo.fi\/#\/schema\/person\/f001b7c670bab10e5236b09672d9e6a3"},"headline":"Pitk\u00e4aikaisen osuustoimintamiehen Simo Arraksen muistolle","datePublished":"2016-07-18T05:50:09+00:00","dateModified":"2016-07-20T04:04:39+00:00","mainEntityOfPage":{"@id":"https:\/\/pellervo.fi\/en\/uutiset\/2016\/07\/18\/pitkaaikaisen-osuustoimintamiehen-simo-arraksen-muistolle\/"},"wordCount":380,"commentCount":0,"publisher":{"@id":"https:\/\/pellervo.fi\/#organization"},"image":{"@id":"https:\/\/pellervo.fi\/en\/uutiset\/2016\/07\/18\/pitkaaikaisen-osuustoimintamiehen-simo-arraksen-muistolle\/#primaryimage"},"thumbnailUrl":"https:\/\/pellervo.fi\/wp-content\/uploads\/2016\/07\/Simo-Arras.jpg","articleSection":["Uutiset"],"inLanguage":"en-US","potentialAction":[{"@type":"CommentAction","name":"Comment","target":["https:\/\/pellervo.fi\/en\/uutiset\/2016\/07\/18\/pitkaaikaisen-osuustoimintamiehen-simo-arraksen-muistolle\/#respond"]}]},{"@type":"WebPage","@id":"https:\/\/pellervo.fi\/en\/uutiset\/2016\/07\/18\/pitkaaikaisen-osuustoimintamiehen-simo-arraksen-muistolle\/","url":"https:\/\/pellervo.fi\/en\/uutiset\/2016\/07\/18\/pitkaaikaisen-osuustoimintamiehen-simo-arraksen-muistolle\/","name":"Pitk\u00e4aikaisen osuustoimintamiehen Simo Arraksen muistolle - Pellervo","isPartOf":{"@id":"https:\/\/pellervo.fi\/#website"},"primaryImageOfPage":{"@id":"https:\/\/pellervo.fi\/en\/uutiset\/2016\/07\/18\/pitkaaikaisen-osuustoimintamiehen-simo-arraksen-muistolle\/#primaryimage"},"image":{"@id":"https:\/\/pellervo.fi\/en\/uutiset\/2016\/07\/18\/pitkaaikaisen-osuustoimintamiehen-simo-arraksen-muistolle\/#primaryimage"},"thumbnailUrl":"https:\/\/pellervo.fi\/wp-content\/uploads\/2016\/07\/Simo-Arras.jpg","datePublished":"2016-07-18T05:50:09+00:00","dateModified":"2016-07-20T04:04:39+00:00","breadcrumb":{"@id":"https:\/\/pellervo.fi\/en\/uutiset\/2016\/07\/18\/pitkaaikaisen-osuustoimintamiehen-simo-arraksen-muistolle\/#breadcrumb"},"inLanguage":"en-US","potentialAction":[{"@type":"ReadAction","target":["https:\/\/pellervo.fi\/en\/uutiset\/2016\/07\/18\/pitkaaikaisen-osuustoimintamiehen-simo-arraksen-muistolle\/"]}]},{"@type":"ImageObject","inLanguage":"en-US","@id":"https:\/\/pellervo.fi\/en\/uutiset\/2016\/07\/18\/pitkaaikaisen-osuustoimintamiehen-simo-arraksen-muistolle\/#primaryimage","url":"https:\/\/pellervo.fi\/wp-content\/uploads\/2016\/07\/Simo-Arras.jpg","contentUrl":"https:\/\/pellervo.fi\/wp-content\/uploads\/2016\/07\/Simo-Arras.jpg","width":1067,"height":1027},{"@type":"BreadcrumbList","@id":"https:\/\/pellervo.fi\/en\/uutiset\/2016\/07\/18\/pitkaaikaisen-osuustoimintamiehen-simo-arraksen-muistolle\/#breadcrumb","itemListElement":[{"@type":"ListItem","position":1,"name":"Koti","item":"https:\/\/pellervo.fi\/en\/"},{"@type":"ListItem","position":2,"name":"Pitk\u00e4aikaisen osuustoimintamiehen Simo Arraksen muistolle"}]},{"@type":"WebSite","@id":"https:\/\/pellervo.fi\/#website","url":"https:\/\/pellervo.fi\/","name":"Pellervo","description":"Osuuskuntien keskusj\u00e4rjest\u00f6","publisher":{"@id":"https:\/\/pellervo.fi\/#organization"},"potentialAction":[{"@type":"SearchAction","target":{"@type":"EntryPoint","urlTemplate":"https:\/\/pellervo.fi\/?s={search_term_string}"},"query-input":{"@type":"PropertyValueSpecification","valueRequired":true,"valueName":"search_term_string"}}],"inLanguage":"en-US"},{"@type":"Organization","@id":"https:\/\/pellervo.fi\/#organization","name":"Osuustoimintakeskus Pellervo ry","url":"https:\/\/pellervo.fi\/","logo":{"@type":"ImageObject","inLanguage":"en-US","@id":"https:\/\/pellervo.fi\/#\/schema\/logo\/image\/","url":"https:\/\/pellervo.fi\/wp-content\/uploads\/2020\/05\/Pellervo_logo.png","contentUrl":"https:\/\/pellervo.fi\/wp-content\/uploads\/2020\/05\/Pellervo_logo.png","width":1335,"height":376,"caption":"Osuustoimintakeskus Pellervo ry"},"image":{"@id":"https:\/\/pellervo.fi\/#\/schema\/logo\/image\/"},"sameAs":["https:\/\/x.com\/PellervoFi"]},{"@type":"Person","@id":"https:\/\/pellervo.fi\/#\/schema\/person\/f001b7c670bab10e5236b09672d9e6a3","name":"Hanna Muukka","image":{"@type":"ImageObject","inLanguage":"en-US","@id":"https:\/\/pellervo.fi\/wp-content\/uploads\/2014\/02\/Hanna-Muukka_avatar_1393417732-96x96.jpg","url":"https:\/\/pellervo.fi\/wp-content\/uploads\/2014\/02\/Hanna-Muukka_avatar_1393417732-96x96.jpg","contentUrl":"https:\/\/pellervo.fi\/wp-content\/uploads\/2014\/02\/Hanna-Muukka_avatar_1393417732-96x96.jpg","caption":"Hanna Muukka"},"description":"Kirjoittaja ty\u00f6skentelee Osuustoimintakeskus Pellervossa vastuullisuusasiantuntijana.","url":"https:\/\/pellervo.fi\/en\/author\/hannamuu\/"}]}},"_links":{"self":[{"href":"https:\/\/pellervo.fi\/en\/wp-json\/wp\/v2\/posts\/414686","targetHints":{"allow":["GET"]}}],"collection":[{"href":"https:\/\/pellervo.fi\/en\/wp-json\/wp\/v2\/posts"}],"about":[{"href":"https:\/\/pellervo.fi\/en\/wp-json\/wp\/v2\/types\/post"}],"author":[{"embeddable":true,"href":"https:\/\/pellervo.fi\/en\/wp-json\/wp\/v2\/users\/6"}],"replies":[{"embeddable":true,"href":"https:\/\/pellervo.fi\/en\/wp-json\/wp\/v2\/comments?post=414686"}],"version-history":[{"count":1,"href":"https:\/\/pellervo.fi\/en\/wp-json\/wp\/v2\/posts\/414686\/revisions"}],"predecessor-version":[{"id":414689,"href":"https:\/\/pellervo.fi\/en\/wp-json\/wp\/v2\/posts\/414686\/revisions\/414689"}],"wp:featuredmedia":[{"embeddable":true,"href":"https:\/\/pellervo.fi\/en\/wp-json\/wp\/v2\/media\/414687"}],"wp:attachment":[{"href":"https:\/\/pellervo.fi\/en\/wp-json\/wp\/v2\/media?parent=414686"}],"wp:term":[{"taxonomy":"category","embeddable":true,"href":"https:\/\/pellervo.fi\/en\/wp-json\/wp\/v2\/categories?post=414686"},{"taxonomy":"post_tag","embeddable":true,"href":"https:\/\/pellervo.fi\/en\/wp-json\/wp\/v2\/tags?post=414686"}],"curies":[{"name":"wp","href":"https:\/\/api.w.org\/{rel}","templated":true}]}}