{"id":442619,"date":"2016-08-17T10:48:29","date_gmt":"2016-08-17T07:48:29","guid":{"rendered":"http:\/\/pellervo.fi\/?p=442619"},"modified":"2020-06-30T11:47:07","modified_gmt":"2020-06-30T08:47:07","slug":"pellervon-pirkanmaan-seminaari-jarjestetaan-21-syyskuuta","status":"publish","type":"post","link":"https:\/\/pellervo.fi\/en\/jarjesto\/2016\/08\/17\/pellervon-pirkanmaan-seminaari-jarjestetaan-21-syyskuuta\/","title":{"rendered":"Pellervon Pirkanmaan seminaari j\u00e4rjestet\u00e4\u00e4n 21. syyskuuta"},"content":{"rendered":"<p><strong>Pellervon Pirkanmaan seminaari j\u00e4rjestet\u00e4\u00e4n 21.syyskuuta Sokos Hotel Tornissa Tampereella klo 13-17.<\/strong><\/p>\n<p>Yhteiskunnallisten palveluiden yhti\u00f6itt\u00e4mist\u00e4 suunnitellaan laajalti. Mik\u00e4 on osuuskuntien rooli t\u00e4ss\u00e4 kehityksess\u00e4? \u00a0Pellervon Pirkanmaan seminaari pureutuu t\u00e4h\u00e4n ajankohtaiseen teemaan.\u00a0Toisena aiheena on ruokaketjun toimivuus ja yhteisty\u00f6. Seminaarin yhteisty\u00f6kumppanina on t\u00e4ll\u00e4 kertaa Pirkanmaan Osuuskauppa.<\/p>\n<p>Tilaisuus on maksuton ja medialle avoin.<\/p>\n<p><a href=\"https:\/\/pellervo.fi\/tapahtumat\/tapahtuma\/pellervon-pirkanmaan-seminaari\/\" target=\"_blank\" rel=\"noopener noreferrer\">Ilmoittautuminen tilaisuuteen.<\/a><\/p>\n<div class=\"entry-content\">\n<div class=\"pf-content\">\n<h3>Ohjelma<\/h3>\n<p>Avaus klo 13.00, hallituksen puheenjohtaja Martti Asunta, Pellervo-Seura ry<\/p>\n<p>Tervetuloa Pirkanmaalle! toimitusjohtaja Timo M\u00e4ki-Ullakko, Pirkanmaan Osuuskauppa<\/p>\n<p>Sote ja osuustoiminta, toimitusjohtaja Iiro Jussila, PTT<\/p>\n<p>Oppilaitosten yhti\u00f6itt\u00e4minen \u2013 mahdollisuus osuuskunnille, lehtori, OTT Jukka Linna, Laurea-ammattikorkeakoulu<\/p>\n<p>TAUKO<\/p>\n<p>Ruokakauppa muutosten keskell\u00e4, johtaja Veli-Pekka \u00c4\u00e4ri, SOK<\/p>\n<p>Ven\u00e4j\u00e4n pakotteet, hintakilpailu ja kuluttajien laatuodotukset \u2013 mill\u00e4 ev\u00e4in tuottaja selvi\u00e4\u00e4? Pellervo-Seuran hallituksen varapuheenjohtaja, Osuuskunta L\u00e4nsi-Maidon hallituksen j\u00e4sen Tiina Linnainmaa<\/p>\n<p>Osuuskunta tulevaisuuden verkottajana, kokemuksia ICT -alalta, toimitusjohtaja Heikki Salo, Valomo Cooperative<\/p>\n<p>P\u00e4\u00e4t\u00f6s klo 16.30, jonka j\u00e4lkeen buffet-tarjoilu.<\/p>\n<p>Juontajana toimitusjohtaja Jukka Suvitie, PI-johtamiskoulu<\/p>\n<\/div>\n<\/div>\n<footer class=\"entry-meta\"><\/footer>\n","protected":false},"excerpt":{"rendered":"<p>Pellervon Pirkanmaan seminaari j\u00e4rjestet\u00e4\u00e4n 21.syyskuuta Sokos Hotel Tornissa Tampereella klo 13-17.<\/p>\n","protected":false},"author":5,"featured_media":0,"comment_status":"open","ping_status":"open","sticky":false,"template":"","format":"standard","meta":{"inline_featured_image":false,"_monsterinsights_skip_tracking":false,"_monsterinsights_sitenote_active":false,"_monsterinsights_sitenote_note":"","_monsterinsights_sitenote_category":0,"site-sidebar-layout":"default","site-content-layout":"","ast-site-content-layout":"default","site-content-style":"default","site-sidebar-style":"default","ast-global-header-display":"","ast-banner-title-visibility":"","ast-main-header-display":"","ast-hfb-above-header-display":"","ast-hfb-below-header-display":"","ast-hfb-mobile-header-display":"","site-post-title":"","ast-breadcrumbs-content":"","ast-featured-img":"","footer-sml-layout":"","ast-disable-related-posts":"","theme-transparent-header-meta":"","adv-header-id-meta":"","stick-header-meta":"","header-above-stick-meta":"","header-main-stick-meta":"","header-below-stick-meta":"","astra-migrate-meta-layouts":"default","ast-page-background-enabled":"default","ast-page-background-meta":{"desktop":{"background-color":"","background-image":"","background-repeat":"repeat","background-position":"center center","background-size":"auto","background-attachment":"scroll","background-type":"","background-media":"","overlay-type":"","overlay-color":"","overlay-opacity":"","overlay-gradient":""},"tablet":{"background-color":"","background-image":"","background-repeat":"repeat","background-position":"center center","background-size":"auto","background-attachment":"scroll","background-type":"","background-media":"","overlay-type":"","overlay-color":"","overlay-opacity":"","overlay-gradient":""},"mobile":{"background-color":"","background-image":"","background-repeat":"repeat","background-position":"center center","background-size":"auto","background-attachment":"scroll","background-type":"","background-media":"","overlay-type":"","overlay-color":"","overlay-opacity":"","overlay-gradient":""}},"ast-content-background-meta":{"desktop":{"background-color":"var(--ast-global-color-5)","background-image":"","background-repeat":"repeat","background-position":"center center","background-size":"auto","background-attachment":"scroll","background-type":"","background-media":"","overlay-type":"","overlay-color":"","overlay-opacity":"","overlay-gradient":""},"tablet":{"background-color":"var(--ast-global-color-5)","background-image":"","background-repeat":"repeat","background-position":"center center","background-size":"auto","background-attachment":"scroll","background-type":"","background-media":"","overlay-type":"","overlay-color":"","overlay-opacity":"","overlay-gradient":""},"mobile":{"background-color":"var(--ast-global-color-5)","background-image":"","background-repeat":"repeat","background-position":"center center","background-size":"auto","background-attachment":"scroll","background-type":"","background-media":"","overlay-type":"","overlay-color":"","overlay-opacity":"","overlay-gradient":""}},"_FSMCFIC_featured_image_caption":"","_FSMCFIC_featured_image_nocaption":"","_FSMCFIC_featured_image_hide":"","footnotes":""},"categories":[71],"tags":[],"class_list":["post-442619","post","type-post","status-publish","format-standard","hentry","category-jarjesto"],"yoast_head":"<!-- This site is optimized with the Yoast SEO plugin v27.4 - https:\/\/yoast.com\/product\/yoast-seo-wordpress\/ -->\n<title>Pellervon Pirkanmaan seminaari j\u00e4rjestet\u00e4\u00e4n 21. syyskuuta - Pellervo<\/title>\n<meta name=\"robots\" content=\"index, follow, max-snippet:-1, max-image-preview:large, max-video-preview:-1\" \/>\n<link rel=\"canonical\" href=\"https:\/\/pellervo.fi\/jarjesto\/2016\/08\/17\/pellervon-pirkanmaan-seminaari-jarjestetaan-21-syyskuuta\/\" \/>\n<meta property=\"og:locale\" content=\"en_US\" \/>\n<meta property=\"og:type\" content=\"article\" \/>\n<meta property=\"og:title\" content=\"Pellervon Pirkanmaan seminaari j\u00e4rjestet\u00e4\u00e4n 21. syyskuuta - Pellervo\" \/>\n<meta property=\"og:description\" content=\"Pellervon Pirkanmaan seminaari j\u00e4rjestet\u00e4\u00e4n 21.syyskuuta Sokos Hotel Tornissa Tampereella klo 13-17.\" \/>\n<meta property=\"og:url\" content=\"https:\/\/pellervo.fi\/jarjesto\/2016\/08\/17\/pellervon-pirkanmaan-seminaari-jarjestetaan-21-syyskuuta\/\" \/>\n<meta property=\"og:site_name\" content=\"Pellervo\" \/>\n<meta property=\"article:published_time\" content=\"2016-08-17T07:48:29+00:00\" \/>\n<meta property=\"article:modified_time\" content=\"2020-06-30T08:47:07+00:00\" \/>\n<meta property=\"og:image\" content=\"https:\/\/pellervo.fi\/wp-content\/uploads\/2020\/04\/pallo2020.jpg\" \/>\n\t<meta property=\"og:image:width\" content=\"850\" \/>\n\t<meta property=\"og:image:height\" content=\"560\" \/>\n\t<meta property=\"og:image:type\" content=\"image\/jpeg\" \/>\n<meta name=\"author\" content=\"pellervo\" \/>\n<meta name=\"twitter:card\" content=\"summary_large_image\" \/>\n<meta name=\"twitter:creator\" content=\"@PellervoFi\" \/>\n<meta name=\"twitter:site\" content=\"@PellervoFi\" \/>\n<meta name=\"twitter:label1\" content=\"Written by\" \/>\n\t<meta name=\"twitter:data1\" content=\"pellervo\" \/>\n\t<meta name=\"twitter:label2\" content=\"Est. reading time\" \/>\n\t<meta name=\"twitter:data2\" content=\"1 minute\" \/>\n<script type=\"application\/ld+json\" class=\"yoast-schema-graph\">{\"@context\":\"https:\\\/\\\/schema.org\",\"@graph\":[{\"@type\":\"Article\",\"@id\":\"https:\\\/\\\/pellervo.fi\\\/jarjesto\\\/2016\\\/08\\\/17\\\/pellervon-pirkanmaan-seminaari-jarjestetaan-21-syyskuuta\\\/#article\",\"isPartOf\":{\"@id\":\"https:\\\/\\\/pellervo.fi\\\/jarjesto\\\/2016\\\/08\\\/17\\\/pellervon-pirkanmaan-seminaari-jarjestetaan-21-syyskuuta\\\/\"},\"author\":{\"name\":\"pellervo\",\"@id\":\"https:\\\/\\\/pellervo.fi\\\/#\\\/schema\\\/person\\\/4b74d40956937d1367ade81899997e71\"},\"headline\":\"Pellervon Pirkanmaan seminaari j\u00e4rjestet\u00e4\u00e4n 21. syyskuuta\",\"datePublished\":\"2016-08-17T07:48:29+00:00\",\"dateModified\":\"2020-06-30T08:47:07+00:00\",\"mainEntityOfPage\":{\"@id\":\"https:\\\/\\\/pellervo.fi\\\/jarjesto\\\/2016\\\/08\\\/17\\\/pellervon-pirkanmaan-seminaari-jarjestetaan-21-syyskuuta\\\/\"},\"wordCount\":158,\"commentCount\":0,\"publisher\":{\"@id\":\"https:\\\/\\\/pellervo.fi\\\/#organization\"},\"articleSection\":[\"J\u00e4rjest\u00f6\"],\"inLanguage\":\"en-US\",\"potentialAction\":[{\"@type\":\"CommentAction\",\"name\":\"Comment\",\"target\":[\"https:\\\/\\\/pellervo.fi\\\/jarjesto\\\/2016\\\/08\\\/17\\\/pellervon-pirkanmaan-seminaari-jarjestetaan-21-syyskuuta\\\/#respond\"]}]},{\"@type\":\"WebPage\",\"@id\":\"https:\\\/\\\/pellervo.fi\\\/jarjesto\\\/2016\\\/08\\\/17\\\/pellervon-pirkanmaan-seminaari-jarjestetaan-21-syyskuuta\\\/\",\"url\":\"https:\\\/\\\/pellervo.fi\\\/jarjesto\\\/2016\\\/08\\\/17\\\/pellervon-pirkanmaan-seminaari-jarjestetaan-21-syyskuuta\\\/\",\"name\":\"Pellervon Pirkanmaan seminaari j\u00e4rjestet\u00e4\u00e4n 21. syyskuuta - Pellervo\",\"isPartOf\":{\"@id\":\"https:\\\/\\\/pellervo.fi\\\/#website\"},\"datePublished\":\"2016-08-17T07:48:29+00:00\",\"dateModified\":\"2020-06-30T08:47:07+00:00\",\"breadcrumb\":{\"@id\":\"https:\\\/\\\/pellervo.fi\\\/jarjesto\\\/2016\\\/08\\\/17\\\/pellervon-pirkanmaan-seminaari-jarjestetaan-21-syyskuuta\\\/#breadcrumb\"},\"inLanguage\":\"en-US\",\"potentialAction\":[{\"@type\":\"ReadAction\",\"target\":[\"https:\\\/\\\/pellervo.fi\\\/jarjesto\\\/2016\\\/08\\\/17\\\/pellervon-pirkanmaan-seminaari-jarjestetaan-21-syyskuuta\\\/\"]}]},{\"@type\":\"BreadcrumbList\",\"@id\":\"https:\\\/\\\/pellervo.fi\\\/jarjesto\\\/2016\\\/08\\\/17\\\/pellervon-pirkanmaan-seminaari-jarjestetaan-21-syyskuuta\\\/#breadcrumb\",\"itemListElement\":[{\"@type\":\"ListItem\",\"position\":1,\"name\":\"Koti\",\"item\":\"https:\\\/\\\/pellervo.fi\\\/en\\\/\"},{\"@type\":\"ListItem\",\"position\":2,\"name\":\"Pellervon Pirkanmaan seminaari j\u00e4rjestet\u00e4\u00e4n 21. syyskuuta\"}]},{\"@type\":\"WebSite\",\"@id\":\"https:\\\/\\\/pellervo.fi\\\/#website\",\"url\":\"https:\\\/\\\/pellervo.fi\\\/\",\"name\":\"Pellervo\",\"description\":\"Osuuskuntien keskusj\u00e4rjest\u00f6\",\"publisher\":{\"@id\":\"https:\\\/\\\/pellervo.fi\\\/#organization\"},\"potentialAction\":[{\"@type\":\"SearchAction\",\"target\":{\"@type\":\"EntryPoint\",\"urlTemplate\":\"https:\\\/\\\/pellervo.fi\\\/?s={search_term_string}\"},\"query-input\":{\"@type\":\"PropertyValueSpecification\",\"valueRequired\":true,\"valueName\":\"search_term_string\"}}],\"inLanguage\":\"en-US\"},{\"@type\":\"Organization\",\"@id\":\"https:\\\/\\\/pellervo.fi\\\/#organization\",\"name\":\"Osuustoimintakeskus Pellervo ry\",\"url\":\"https:\\\/\\\/pellervo.fi\\\/\",\"logo\":{\"@type\":\"ImageObject\",\"inLanguage\":\"en-US\",\"@id\":\"https:\\\/\\\/pellervo.fi\\\/#\\\/schema\\\/logo\\\/image\\\/\",\"url\":\"https:\\\/\\\/pellervo.fi\\\/wp-content\\\/uploads\\\/2020\\\/05\\\/Pellervo_logo.png\",\"contentUrl\":\"https:\\\/\\\/pellervo.fi\\\/wp-content\\\/uploads\\\/2020\\\/05\\\/Pellervo_logo.png\",\"width\":1335,\"height\":376,\"caption\":\"Osuustoimintakeskus Pellervo ry\"},\"image\":{\"@id\":\"https:\\\/\\\/pellervo.fi\\\/#\\\/schema\\\/logo\\\/image\\\/\"},\"sameAs\":[\"https:\\\/\\\/x.com\\\/PellervoFi\"]},{\"@type\":\"Person\",\"@id\":\"https:\\\/\\\/pellervo.fi\\\/#\\\/schema\\\/person\\\/4b74d40956937d1367ade81899997e71\",\"name\":\"pellervo\",\"image\":{\"@type\":\"ImageObject\",\"inLanguage\":\"en-US\",\"@id\":\"https:\\\/\\\/pellervo.fi\\\/wp-content\\\/uploads\\\/2013\\\/11\\\/pellervo_avatar_1384522134-96x96.jpg\",\"url\":\"https:\\\/\\\/pellervo.fi\\\/wp-content\\\/uploads\\\/2013\\\/11\\\/pellervo_avatar_1384522134-96x96.jpg\",\"contentUrl\":\"https:\\\/\\\/pellervo.fi\\\/wp-content\\\/uploads\\\/2013\\\/11\\\/pellervo_avatar_1384522134-96x96.jpg\",\"caption\":\"pellervo\"},\"description\":\"Kuvaus\",\"url\":\"https:\\\/\\\/pellervo.fi\\\/en\\\/author\\\/pellervo\\\/\"}]}<\/script>\n<!-- \/ Yoast SEO plugin. -->","yoast_head_json":{"title":"Pellervon Pirkanmaan seminaari j\u00e4rjestet\u00e4\u00e4n 21. syyskuuta - Pellervo","robots":{"index":"index","follow":"follow","max-snippet":"max-snippet:-1","max-image-preview":"max-image-preview:large","max-video-preview":"max-video-preview:-1"},"canonical":"https:\/\/pellervo.fi\/jarjesto\/2016\/08\/17\/pellervon-pirkanmaan-seminaari-jarjestetaan-21-syyskuuta\/","og_locale":"en_US","og_type":"article","og_title":"Pellervon Pirkanmaan seminaari j\u00e4rjestet\u00e4\u00e4n 21. syyskuuta - Pellervo","og_description":"Pellervon Pirkanmaan seminaari j\u00e4rjestet\u00e4\u00e4n 21.syyskuuta Sokos Hotel Tornissa Tampereella klo 13-17.","og_url":"https:\/\/pellervo.fi\/jarjesto\/2016\/08\/17\/pellervon-pirkanmaan-seminaari-jarjestetaan-21-syyskuuta\/","og_site_name":"Pellervo","article_published_time":"2016-08-17T07:48:29+00:00","article_modified_time":"2020-06-30T08:47:07+00:00","og_image":[{"width":850,"height":560,"url":"https:\/\/pellervo.fi\/wp-content\/uploads\/2020\/04\/pallo2020.jpg","type":"image\/jpeg"}],"author":"pellervo","twitter_card":"summary_large_image","twitter_creator":"@PellervoFi","twitter_site":"@PellervoFi","twitter_misc":{"Written by":"pellervo","Est. reading time":"1 minute"},"schema":{"@context":"https:\/\/schema.org","@graph":[{"@type":"Article","@id":"https:\/\/pellervo.fi\/jarjesto\/2016\/08\/17\/pellervon-pirkanmaan-seminaari-jarjestetaan-21-syyskuuta\/#article","isPartOf":{"@id":"https:\/\/pellervo.fi\/jarjesto\/2016\/08\/17\/pellervon-pirkanmaan-seminaari-jarjestetaan-21-syyskuuta\/"},"author":{"name":"pellervo","@id":"https:\/\/pellervo.fi\/#\/schema\/person\/4b74d40956937d1367ade81899997e71"},"headline":"Pellervon Pirkanmaan seminaari j\u00e4rjestet\u00e4\u00e4n 21. syyskuuta","datePublished":"2016-08-17T07:48:29+00:00","dateModified":"2020-06-30T08:47:07+00:00","mainEntityOfPage":{"@id":"https:\/\/pellervo.fi\/jarjesto\/2016\/08\/17\/pellervon-pirkanmaan-seminaari-jarjestetaan-21-syyskuuta\/"},"wordCount":158,"commentCount":0,"publisher":{"@id":"https:\/\/pellervo.fi\/#organization"},"articleSection":["J\u00e4rjest\u00f6"],"inLanguage":"en-US","potentialAction":[{"@type":"CommentAction","name":"Comment","target":["https:\/\/pellervo.fi\/jarjesto\/2016\/08\/17\/pellervon-pirkanmaan-seminaari-jarjestetaan-21-syyskuuta\/#respond"]}]},{"@type":"WebPage","@id":"https:\/\/pellervo.fi\/jarjesto\/2016\/08\/17\/pellervon-pirkanmaan-seminaari-jarjestetaan-21-syyskuuta\/","url":"https:\/\/pellervo.fi\/jarjesto\/2016\/08\/17\/pellervon-pirkanmaan-seminaari-jarjestetaan-21-syyskuuta\/","name":"Pellervon Pirkanmaan seminaari j\u00e4rjestet\u00e4\u00e4n 21. syyskuuta - Pellervo","isPartOf":{"@id":"https:\/\/pellervo.fi\/#website"},"datePublished":"2016-08-17T07:48:29+00:00","dateModified":"2020-06-30T08:47:07+00:00","breadcrumb":{"@id":"https:\/\/pellervo.fi\/jarjesto\/2016\/08\/17\/pellervon-pirkanmaan-seminaari-jarjestetaan-21-syyskuuta\/#breadcrumb"},"inLanguage":"en-US","potentialAction":[{"@type":"ReadAction","target":["https:\/\/pellervo.fi\/jarjesto\/2016\/08\/17\/pellervon-pirkanmaan-seminaari-jarjestetaan-21-syyskuuta\/"]}]},{"@type":"BreadcrumbList","@id":"https:\/\/pellervo.fi\/jarjesto\/2016\/08\/17\/pellervon-pirkanmaan-seminaari-jarjestetaan-21-syyskuuta\/#breadcrumb","itemListElement":[{"@type":"ListItem","position":1,"name":"Koti","item":"https:\/\/pellervo.fi\/en\/"},{"@type":"ListItem","position":2,"name":"Pellervon Pirkanmaan seminaari j\u00e4rjestet\u00e4\u00e4n 21. syyskuuta"}]},{"@type":"WebSite","@id":"https:\/\/pellervo.fi\/#website","url":"https:\/\/pellervo.fi\/","name":"Pellervo","description":"Osuuskuntien keskusj\u00e4rjest\u00f6","publisher":{"@id":"https:\/\/pellervo.fi\/#organization"},"potentialAction":[{"@type":"SearchAction","target":{"@type":"EntryPoint","urlTemplate":"https:\/\/pellervo.fi\/?s={search_term_string}"},"query-input":{"@type":"PropertyValueSpecification","valueRequired":true,"valueName":"search_term_string"}}],"inLanguage":"en-US"},{"@type":"Organization","@id":"https:\/\/pellervo.fi\/#organization","name":"Osuustoimintakeskus Pellervo ry","url":"https:\/\/pellervo.fi\/","logo":{"@type":"ImageObject","inLanguage":"en-US","@id":"https:\/\/pellervo.fi\/#\/schema\/logo\/image\/","url":"https:\/\/pellervo.fi\/wp-content\/uploads\/2020\/05\/Pellervo_logo.png","contentUrl":"https:\/\/pellervo.fi\/wp-content\/uploads\/2020\/05\/Pellervo_logo.png","width":1335,"height":376,"caption":"Osuustoimintakeskus Pellervo ry"},"image":{"@id":"https:\/\/pellervo.fi\/#\/schema\/logo\/image\/"},"sameAs":["https:\/\/x.com\/PellervoFi"]},{"@type":"Person","@id":"https:\/\/pellervo.fi\/#\/schema\/person\/4b74d40956937d1367ade81899997e71","name":"pellervo","image":{"@type":"ImageObject","inLanguage":"en-US","@id":"https:\/\/pellervo.fi\/wp-content\/uploads\/2013\/11\/pellervo_avatar_1384522134-96x96.jpg","url":"https:\/\/pellervo.fi\/wp-content\/uploads\/2013\/11\/pellervo_avatar_1384522134-96x96.jpg","contentUrl":"https:\/\/pellervo.fi\/wp-content\/uploads\/2013\/11\/pellervo_avatar_1384522134-96x96.jpg","caption":"pellervo"},"description":"Kuvaus","url":"https:\/\/pellervo.fi\/en\/author\/pellervo\/"}]}},"_links":{"self":[{"href":"https:\/\/pellervo.fi\/en\/wp-json\/wp\/v2\/posts\/442619","targetHints":{"allow":["GET"]}}],"collection":[{"href":"https:\/\/pellervo.fi\/en\/wp-json\/wp\/v2\/posts"}],"about":[{"href":"https:\/\/pellervo.fi\/en\/wp-json\/wp\/v2\/types\/post"}],"author":[{"embeddable":true,"href":"https:\/\/pellervo.fi\/en\/wp-json\/wp\/v2\/users\/5"}],"replies":[{"embeddable":true,"href":"https:\/\/pellervo.fi\/en\/wp-json\/wp\/v2\/comments?post=442619"}],"version-history":[{"count":2,"href":"https:\/\/pellervo.fi\/en\/wp-json\/wp\/v2\/posts\/442619\/revisions"}],"predecessor-version":[{"id":887157,"href":"https:\/\/pellervo.fi\/en\/wp-json\/wp\/v2\/posts\/442619\/revisions\/887157"}],"wp:attachment":[{"href":"https:\/\/pellervo.fi\/en\/wp-json\/wp\/v2\/media?parent=442619"}],"wp:term":[{"taxonomy":"category","embeddable":true,"href":"https:\/\/pellervo.fi\/en\/wp-json\/wp\/v2\/categories?post=442619"},{"taxonomy":"post_tag","embeddable":true,"href":"https:\/\/pellervo.fi\/en\/wp-json\/wp\/v2\/tags?post=442619"}],"curies":[{"name":"wp","href":"https:\/\/api.w.org\/{rel}","templated":true}]}}