{"id":4701,"date":"2014-09-15T14:14:03","date_gmt":"2014-09-15T11:14:03","guid":{"rendered":"http:\/\/pellervo.fi\/?p=4701"},"modified":"2014-09-25T13:58:27","modified_gmt":"2014-09-25T10:58:27","slug":"hallitus-esitti-muutoksia-osuuskunnan-ylijaamanjaon-verotukseen","status":"publish","type":"post","link":"https:\/\/pellervo.fi\/en\/uutiset\/2014\/09\/15\/hallitus-esitti-muutoksia-osuuskunnan-ylijaamanjaon-verotukseen\/","title":{"rendered":"Hallitus esitt\u00e4\u00e4 muutoksia osuuskunnan ylij\u00e4\u00e4m\u00e4njaon verotukseen"},"content":{"rendered":"<p><strong>Valtiovarainministeri\u00f6 tiedotti 15.9, ett\u00e4 hallitus esitt\u00e4\u00e4 eduskunnalle muutoksia osuuskunnan ylij\u00e4\u00e4m\u00e4njaon verotukseen.<\/strong><\/p>\n<p>Esityksen mukaan osuusp\u00e4\u00e4oman korosta eli osuuskunnan saadusta ylij\u00e4\u00e4m\u00e4st\u00e4 25 prosenttia olisi jatkossa veronalaista p\u00e4\u00e4omatuloa tai yritystuloa 2500 euroon saakka ja sen ylitt\u00e4v\u00e4lt\u00e4 osalta veronalaista p\u00e4\u00e4omatuloa olisi 85 prosenttia ja veronalaista yritystuloa 75 prosenttia. Osuusp\u00e4\u00e4oman korko voisi tietyiss\u00e4 tilanteissa olla my\u00f6s ansiotuloa.<\/p>\n<p>Osuuskunnan vapaan oman p\u00e4\u00e4oman rahastosta tapahtuvaa varojenjakoa pidett\u00e4isiin verotuksessa p\u00e4\u00e4s\u00e4\u00e4nt\u00f6isesti osuuskunnasta saatuna ylij\u00e4\u00e4m\u00e4n\u00e4. Osuuskunnan v\u00e4hennyskelpoista ylij\u00e4\u00e4m\u00e4\u00e4 rajattaisiin sek\u00e4 v\u00e4hennykseen oikeutettujen osuuskuntien ett\u00e4 v\u00e4hennyskelpoisen m\u00e4\u00e4r\u00e4n suhteen.<\/p>\n<p>Osuuskunnan j\u00e4senten verotukseen hallitus esitt\u00e4\u00e4 osuusp\u00e4\u00e4oman koron verovapaan osuuden (nykyisin 1500 euroa) poistamista. Jatkossa osuuskunnan j\u00e4seni\u00e4 verotettaisiin osuusp\u00e4\u00e4oman koroista 7,5 prosenttia 2500 euroon saakka, jonka ylitt\u00e4v\u00e4lt\u00e4 osalta 85 prosenttia olisi veronalaista p\u00e4\u00e4omatuloa.<\/p>\n<p><strong><span style=\"text-decoration: underline;\"><a href=\"http:\/\/217.71.145.20\/TRIPviewer\/show.asp?tunniste=HE+130\/2014&amp;base=erhe&amp;palvelin=www.eduskunta.fi&amp;f=WORD\" target=\"_blank\">Hallituksen esitys eduskunnan kotisivuilla.<\/a><\/span><\/strong>  <\/p>\n","protected":false},"excerpt":{"rendered":"<p>Esityksen mukaan osuusp\u00e4\u00e4oman korosta 25 % olisi veronalaista p\u00e4\u00e4omatuloa tai yritystuloa 2500 euroon saakka ja sen ylitt\u00e4v\u00e4lt\u00e4 osalta 85 % p\u00e4\u00e4omatuloa ja veronalaista yritystuloa 75 %.<\/p>\n","protected":false},"author":5,"featured_media":0,"comment_status":"open","ping_status":"open","sticky":false,"template":"","format":"standard","meta":{"inline_featured_image":false,"_monsterinsights_skip_tracking":false,"_monsterinsights_sitenote_active":false,"_monsterinsights_sitenote_note":"","_monsterinsights_sitenote_category":0,"site-sidebar-layout":"default","site-content-layout":"","ast-site-content-layout":"default","site-content-style":"default","site-sidebar-style":"default","ast-global-header-display":"","ast-banner-title-visibility":"","ast-main-header-display":"","ast-hfb-above-header-display":"","ast-hfb-below-header-display":"","ast-hfb-mobile-header-display":"","site-post-title":"","ast-breadcrumbs-content":"","ast-featured-img":"","footer-sml-layout":"","ast-disable-related-posts":"","theme-transparent-header-meta":"","adv-header-id-meta":"","stick-header-meta":"","header-above-stick-meta":"","header-main-stick-meta":"","header-below-stick-meta":"","astra-migrate-meta-layouts":"default","ast-page-background-enabled":"default","ast-page-background-meta":{"desktop":{"background-color":"","background-image":"","background-repeat":"repeat","background-position":"center center","background-size":"auto","background-attachment":"scroll","background-type":"","background-media":"","overlay-type":"","overlay-color":"","overlay-opacity":"","overlay-gradient":""},"tablet":{"background-color":"","background-image":"","background-repeat":"repeat","background-position":"center center","background-size":"auto","background-attachment":"scroll","background-type":"","background-media":"","overlay-type":"","overlay-color":"","overlay-opacity":"","overlay-gradient":""},"mobile":{"background-color":"","background-image":"","background-repeat":"repeat","background-position":"center center","background-size":"auto","background-attachment":"scroll","background-type":"","background-media":"","overlay-type":"","overlay-color":"","overlay-opacity":"","overlay-gradient":""}},"ast-content-background-meta":{"desktop":{"background-color":"var(--ast-global-color-5)","background-image":"","background-repeat":"repeat","background-position":"center center","background-size":"auto","background-attachment":"scroll","background-type":"","background-media":"","overlay-type":"","overlay-color":"","overlay-opacity":"","overlay-gradient":""},"tablet":{"background-color":"var(--ast-global-color-5)","background-image":"","background-repeat":"repeat","background-position":"center center","background-size":"auto","background-attachment":"scroll","background-type":"","background-media":"","overlay-type":"","overlay-color":"","overlay-opacity":"","overlay-gradient":""},"mobile":{"background-color":"var(--ast-global-color-5)","background-image":"","background-repeat":"repeat","background-position":"center center","background-size":"auto","background-attachment":"scroll","background-type":"","background-media":"","overlay-type":"","overlay-color":"","overlay-opacity":"","overlay-gradient":""}},"_FSMCFIC_featured_image_caption":"","_FSMCFIC_featured_image_nocaption":"","_FSMCFIC_featured_image_hide":"","footnotes":""},"categories":[22],"tags":[],"class_list":["post-4701","post","type-post","status-publish","format-standard","hentry","category-uutiset"],"yoast_head":"<!-- This site is optimized with the Yoast SEO plugin v27.5 - https:\/\/yoast.com\/product\/yoast-seo-wordpress\/ -->\n<title>Hallitus esitt\u00e4\u00e4 muutoksia osuuskunnan ylij\u00e4\u00e4m\u00e4njaon verotukseen - Pellervo<\/title>\n<meta name=\"robots\" content=\"index, follow, max-snippet:-1, max-image-preview:large, max-video-preview:-1\" \/>\n<link rel=\"canonical\" href=\"https:\/\/pellervo.fi\/uutiset\/2014\/09\/15\/hallitus-esitti-muutoksia-osuuskunnan-ylijaamanjaon-verotukseen\/\" \/>\n<meta property=\"og:locale\" content=\"en_US\" \/>\n<meta property=\"og:type\" content=\"article\" \/>\n<meta property=\"og:title\" content=\"Hallitus esitt\u00e4\u00e4 muutoksia osuuskunnan ylij\u00e4\u00e4m\u00e4njaon verotukseen - Pellervo\" \/>\n<meta property=\"og:description\" content=\"Esityksen mukaan osuusp\u00e4\u00e4oman korosta 25 % olisi veronalaista p\u00e4\u00e4omatuloa tai yritystuloa 2500 euroon saakka ja sen ylitt\u00e4v\u00e4lt\u00e4 osalta 85 % p\u00e4\u00e4omatuloa ja veronalaista yritystuloa 75 %.\" \/>\n<meta property=\"og:url\" content=\"https:\/\/pellervo.fi\/uutiset\/2014\/09\/15\/hallitus-esitti-muutoksia-osuuskunnan-ylijaamanjaon-verotukseen\/\" \/>\n<meta property=\"og:site_name\" content=\"Pellervo\" \/>\n<meta property=\"article:published_time\" content=\"2014-09-15T11:14:03+00:00\" \/>\n<meta property=\"article:modified_time\" content=\"2014-09-25T10:58:27+00:00\" \/>\n<meta property=\"og:image\" content=\"https:\/\/pellervo.fi\/wp-content\/uploads\/2020\/04\/pallo2020.jpg\" \/>\n\t<meta property=\"og:image:width\" content=\"850\" \/>\n\t<meta property=\"og:image:height\" content=\"560\" \/>\n\t<meta property=\"og:image:type\" content=\"image\/jpeg\" \/>\n<meta name=\"author\" content=\"pellervo\" \/>\n<meta name=\"twitter:card\" content=\"summary_large_image\" \/>\n<meta name=\"twitter:creator\" content=\"@PellervoFi\" \/>\n<meta name=\"twitter:site\" content=\"@PellervoFi\" \/>\n<meta name=\"twitter:label1\" content=\"Written by\" \/>\n\t<meta name=\"twitter:data1\" content=\"pellervo\" \/>\n\t<meta name=\"twitter:label2\" content=\"Est. reading time\" \/>\n\t<meta name=\"twitter:data2\" content=\"1 minute\" \/>\n<script type=\"application\/ld+json\" class=\"yoast-schema-graph\">{\"@context\":\"https:\\\/\\\/schema.org\",\"@graph\":[{\"@type\":\"Article\",\"@id\":\"https:\\\/\\\/pellervo.fi\\\/uutiset\\\/2014\\\/09\\\/15\\\/hallitus-esitti-muutoksia-osuuskunnan-ylijaamanjaon-verotukseen\\\/#article\",\"isPartOf\":{\"@id\":\"https:\\\/\\\/pellervo.fi\\\/uutiset\\\/2014\\\/09\\\/15\\\/hallitus-esitti-muutoksia-osuuskunnan-ylijaamanjaon-verotukseen\\\/\"},\"author\":{\"name\":\"pellervo\",\"@id\":\"https:\\\/\\\/pellervo.fi\\\/#\\\/schema\\\/person\\\/4b74d40956937d1367ade81899997e71\"},\"headline\":\"Hallitus esitt\u00e4\u00e4 muutoksia osuuskunnan ylij\u00e4\u00e4m\u00e4njaon verotukseen\",\"datePublished\":\"2014-09-15T11:14:03+00:00\",\"dateModified\":\"2014-09-25T10:58:27+00:00\",\"mainEntityOfPage\":{\"@id\":\"https:\\\/\\\/pellervo.fi\\\/uutiset\\\/2014\\\/09\\\/15\\\/hallitus-esitti-muutoksia-osuuskunnan-ylijaamanjaon-verotukseen\\\/\"},\"wordCount\":143,\"commentCount\":0,\"publisher\":{\"@id\":\"https:\\\/\\\/pellervo.fi\\\/#organization\"},\"articleSection\":[\"Uutiset\"],\"inLanguage\":\"en-US\",\"potentialAction\":[{\"@type\":\"CommentAction\",\"name\":\"Comment\",\"target\":[\"https:\\\/\\\/pellervo.fi\\\/uutiset\\\/2014\\\/09\\\/15\\\/hallitus-esitti-muutoksia-osuuskunnan-ylijaamanjaon-verotukseen\\\/#respond\"]}]},{\"@type\":\"WebPage\",\"@id\":\"https:\\\/\\\/pellervo.fi\\\/uutiset\\\/2014\\\/09\\\/15\\\/hallitus-esitti-muutoksia-osuuskunnan-ylijaamanjaon-verotukseen\\\/\",\"url\":\"https:\\\/\\\/pellervo.fi\\\/uutiset\\\/2014\\\/09\\\/15\\\/hallitus-esitti-muutoksia-osuuskunnan-ylijaamanjaon-verotukseen\\\/\",\"name\":\"Hallitus esitt\u00e4\u00e4 muutoksia osuuskunnan ylij\u00e4\u00e4m\u00e4njaon verotukseen - Pellervo\",\"isPartOf\":{\"@id\":\"https:\\\/\\\/pellervo.fi\\\/#website\"},\"datePublished\":\"2014-09-15T11:14:03+00:00\",\"dateModified\":\"2014-09-25T10:58:27+00:00\",\"breadcrumb\":{\"@id\":\"https:\\\/\\\/pellervo.fi\\\/uutiset\\\/2014\\\/09\\\/15\\\/hallitus-esitti-muutoksia-osuuskunnan-ylijaamanjaon-verotukseen\\\/#breadcrumb\"},\"inLanguage\":\"en-US\",\"potentialAction\":[{\"@type\":\"ReadAction\",\"target\":[\"https:\\\/\\\/pellervo.fi\\\/uutiset\\\/2014\\\/09\\\/15\\\/hallitus-esitti-muutoksia-osuuskunnan-ylijaamanjaon-verotukseen\\\/\"]}]},{\"@type\":\"BreadcrumbList\",\"@id\":\"https:\\\/\\\/pellervo.fi\\\/uutiset\\\/2014\\\/09\\\/15\\\/hallitus-esitti-muutoksia-osuuskunnan-ylijaamanjaon-verotukseen\\\/#breadcrumb\",\"itemListElement\":[{\"@type\":\"ListItem\",\"position\":1,\"name\":\"Koti\",\"item\":\"https:\\\/\\\/pellervo.fi\\\/en\\\/\"},{\"@type\":\"ListItem\",\"position\":2,\"name\":\"Hallitus esitt\u00e4\u00e4 muutoksia osuuskunnan ylij\u00e4\u00e4m\u00e4njaon verotukseen\"}]},{\"@type\":\"WebSite\",\"@id\":\"https:\\\/\\\/pellervo.fi\\\/#website\",\"url\":\"https:\\\/\\\/pellervo.fi\\\/\",\"name\":\"Pellervo\",\"description\":\"Osuuskuntien keskusj\u00e4rjest\u00f6\",\"publisher\":{\"@id\":\"https:\\\/\\\/pellervo.fi\\\/#organization\"},\"potentialAction\":[{\"@type\":\"SearchAction\",\"target\":{\"@type\":\"EntryPoint\",\"urlTemplate\":\"https:\\\/\\\/pellervo.fi\\\/?s={search_term_string}\"},\"query-input\":{\"@type\":\"PropertyValueSpecification\",\"valueRequired\":true,\"valueName\":\"search_term_string\"}}],\"inLanguage\":\"en-US\"},{\"@type\":\"Organization\",\"@id\":\"https:\\\/\\\/pellervo.fi\\\/#organization\",\"name\":\"Osuustoimintakeskus Pellervo ry\",\"url\":\"https:\\\/\\\/pellervo.fi\\\/\",\"logo\":{\"@type\":\"ImageObject\",\"inLanguage\":\"en-US\",\"@id\":\"https:\\\/\\\/pellervo.fi\\\/#\\\/schema\\\/logo\\\/image\\\/\",\"url\":\"https:\\\/\\\/pellervo.fi\\\/wp-content\\\/uploads\\\/2020\\\/05\\\/Pellervo_logo.png\",\"contentUrl\":\"https:\\\/\\\/pellervo.fi\\\/wp-content\\\/uploads\\\/2020\\\/05\\\/Pellervo_logo.png\",\"width\":1335,\"height\":376,\"caption\":\"Osuustoimintakeskus Pellervo ry\"},\"image\":{\"@id\":\"https:\\\/\\\/pellervo.fi\\\/#\\\/schema\\\/logo\\\/image\\\/\"},\"sameAs\":[\"https:\\\/\\\/x.com\\\/PellervoFi\"]},{\"@type\":\"Person\",\"@id\":\"https:\\\/\\\/pellervo.fi\\\/#\\\/schema\\\/person\\\/4b74d40956937d1367ade81899997e71\",\"name\":\"pellervo\",\"image\":{\"@type\":\"ImageObject\",\"inLanguage\":\"en-US\",\"@id\":\"https:\\\/\\\/pellervo.fi\\\/wp-content\\\/uploads\\\/2013\\\/11\\\/pellervo_avatar_1384522134-96x96.jpg\",\"url\":\"https:\\\/\\\/pellervo.fi\\\/wp-content\\\/uploads\\\/2013\\\/11\\\/pellervo_avatar_1384522134-96x96.jpg\",\"contentUrl\":\"https:\\\/\\\/pellervo.fi\\\/wp-content\\\/uploads\\\/2013\\\/11\\\/pellervo_avatar_1384522134-96x96.jpg\",\"caption\":\"pellervo\"},\"description\":\"Kuvaus\",\"url\":\"https:\\\/\\\/pellervo.fi\\\/en\\\/author\\\/pellervo\\\/\"}]}<\/script>\n<!-- \/ Yoast SEO plugin. -->","yoast_head_json":{"title":"Hallitus esitt\u00e4\u00e4 muutoksia osuuskunnan ylij\u00e4\u00e4m\u00e4njaon verotukseen - Pellervo","robots":{"index":"index","follow":"follow","max-snippet":"max-snippet:-1","max-image-preview":"max-image-preview:large","max-video-preview":"max-video-preview:-1"},"canonical":"https:\/\/pellervo.fi\/uutiset\/2014\/09\/15\/hallitus-esitti-muutoksia-osuuskunnan-ylijaamanjaon-verotukseen\/","og_locale":"en_US","og_type":"article","og_title":"Hallitus esitt\u00e4\u00e4 muutoksia osuuskunnan ylij\u00e4\u00e4m\u00e4njaon verotukseen - Pellervo","og_description":"Esityksen mukaan osuusp\u00e4\u00e4oman korosta 25 % olisi veronalaista p\u00e4\u00e4omatuloa tai yritystuloa 2500 euroon saakka ja sen ylitt\u00e4v\u00e4lt\u00e4 osalta 85 % p\u00e4\u00e4omatuloa ja veronalaista yritystuloa 75 %.","og_url":"https:\/\/pellervo.fi\/uutiset\/2014\/09\/15\/hallitus-esitti-muutoksia-osuuskunnan-ylijaamanjaon-verotukseen\/","og_site_name":"Pellervo","article_published_time":"2014-09-15T11:14:03+00:00","article_modified_time":"2014-09-25T10:58:27+00:00","og_image":[{"width":850,"height":560,"url":"https:\/\/pellervo.fi\/wp-content\/uploads\/2020\/04\/pallo2020.jpg","type":"image\/jpeg"}],"author":"pellervo","twitter_card":"summary_large_image","twitter_creator":"@PellervoFi","twitter_site":"@PellervoFi","twitter_misc":{"Written by":"pellervo","Est. reading time":"1 minute"},"schema":{"@context":"https:\/\/schema.org","@graph":[{"@type":"Article","@id":"https:\/\/pellervo.fi\/uutiset\/2014\/09\/15\/hallitus-esitti-muutoksia-osuuskunnan-ylijaamanjaon-verotukseen\/#article","isPartOf":{"@id":"https:\/\/pellervo.fi\/uutiset\/2014\/09\/15\/hallitus-esitti-muutoksia-osuuskunnan-ylijaamanjaon-verotukseen\/"},"author":{"name":"pellervo","@id":"https:\/\/pellervo.fi\/#\/schema\/person\/4b74d40956937d1367ade81899997e71"},"headline":"Hallitus esitt\u00e4\u00e4 muutoksia osuuskunnan ylij\u00e4\u00e4m\u00e4njaon verotukseen","datePublished":"2014-09-15T11:14:03+00:00","dateModified":"2014-09-25T10:58:27+00:00","mainEntityOfPage":{"@id":"https:\/\/pellervo.fi\/uutiset\/2014\/09\/15\/hallitus-esitti-muutoksia-osuuskunnan-ylijaamanjaon-verotukseen\/"},"wordCount":143,"commentCount":0,"publisher":{"@id":"https:\/\/pellervo.fi\/#organization"},"articleSection":["Uutiset"],"inLanguage":"en-US","potentialAction":[{"@type":"CommentAction","name":"Comment","target":["https:\/\/pellervo.fi\/uutiset\/2014\/09\/15\/hallitus-esitti-muutoksia-osuuskunnan-ylijaamanjaon-verotukseen\/#respond"]}]},{"@type":"WebPage","@id":"https:\/\/pellervo.fi\/uutiset\/2014\/09\/15\/hallitus-esitti-muutoksia-osuuskunnan-ylijaamanjaon-verotukseen\/","url":"https:\/\/pellervo.fi\/uutiset\/2014\/09\/15\/hallitus-esitti-muutoksia-osuuskunnan-ylijaamanjaon-verotukseen\/","name":"Hallitus esitt\u00e4\u00e4 muutoksia osuuskunnan ylij\u00e4\u00e4m\u00e4njaon verotukseen - Pellervo","isPartOf":{"@id":"https:\/\/pellervo.fi\/#website"},"datePublished":"2014-09-15T11:14:03+00:00","dateModified":"2014-09-25T10:58:27+00:00","breadcrumb":{"@id":"https:\/\/pellervo.fi\/uutiset\/2014\/09\/15\/hallitus-esitti-muutoksia-osuuskunnan-ylijaamanjaon-verotukseen\/#breadcrumb"},"inLanguage":"en-US","potentialAction":[{"@type":"ReadAction","target":["https:\/\/pellervo.fi\/uutiset\/2014\/09\/15\/hallitus-esitti-muutoksia-osuuskunnan-ylijaamanjaon-verotukseen\/"]}]},{"@type":"BreadcrumbList","@id":"https:\/\/pellervo.fi\/uutiset\/2014\/09\/15\/hallitus-esitti-muutoksia-osuuskunnan-ylijaamanjaon-verotukseen\/#breadcrumb","itemListElement":[{"@type":"ListItem","position":1,"name":"Koti","item":"https:\/\/pellervo.fi\/en\/"},{"@type":"ListItem","position":2,"name":"Hallitus esitt\u00e4\u00e4 muutoksia osuuskunnan ylij\u00e4\u00e4m\u00e4njaon verotukseen"}]},{"@type":"WebSite","@id":"https:\/\/pellervo.fi\/#website","url":"https:\/\/pellervo.fi\/","name":"Pellervo","description":"Osuuskuntien keskusj\u00e4rjest\u00f6","publisher":{"@id":"https:\/\/pellervo.fi\/#organization"},"potentialAction":[{"@type":"SearchAction","target":{"@type":"EntryPoint","urlTemplate":"https:\/\/pellervo.fi\/?s={search_term_string}"},"query-input":{"@type":"PropertyValueSpecification","valueRequired":true,"valueName":"search_term_string"}}],"inLanguage":"en-US"},{"@type":"Organization","@id":"https:\/\/pellervo.fi\/#organization","name":"Osuustoimintakeskus Pellervo ry","url":"https:\/\/pellervo.fi\/","logo":{"@type":"ImageObject","inLanguage":"en-US","@id":"https:\/\/pellervo.fi\/#\/schema\/logo\/image\/","url":"https:\/\/pellervo.fi\/wp-content\/uploads\/2020\/05\/Pellervo_logo.png","contentUrl":"https:\/\/pellervo.fi\/wp-content\/uploads\/2020\/05\/Pellervo_logo.png","width":1335,"height":376,"caption":"Osuustoimintakeskus Pellervo ry"},"image":{"@id":"https:\/\/pellervo.fi\/#\/schema\/logo\/image\/"},"sameAs":["https:\/\/x.com\/PellervoFi"]},{"@type":"Person","@id":"https:\/\/pellervo.fi\/#\/schema\/person\/4b74d40956937d1367ade81899997e71","name":"pellervo","image":{"@type":"ImageObject","inLanguage":"en-US","@id":"https:\/\/pellervo.fi\/wp-content\/uploads\/2013\/11\/pellervo_avatar_1384522134-96x96.jpg","url":"https:\/\/pellervo.fi\/wp-content\/uploads\/2013\/11\/pellervo_avatar_1384522134-96x96.jpg","contentUrl":"https:\/\/pellervo.fi\/wp-content\/uploads\/2013\/11\/pellervo_avatar_1384522134-96x96.jpg","caption":"pellervo"},"description":"Kuvaus","url":"https:\/\/pellervo.fi\/en\/author\/pellervo\/"}]}},"_links":{"self":[{"href":"https:\/\/pellervo.fi\/en\/wp-json\/wp\/v2\/posts\/4701","targetHints":{"allow":["GET"]}}],"collection":[{"href":"https:\/\/pellervo.fi\/en\/wp-json\/wp\/v2\/posts"}],"about":[{"href":"https:\/\/pellervo.fi\/en\/wp-json\/wp\/v2\/types\/post"}],"author":[{"embeddable":true,"href":"https:\/\/pellervo.fi\/en\/wp-json\/wp\/v2\/users\/5"}],"replies":[{"embeddable":true,"href":"https:\/\/pellervo.fi\/en\/wp-json\/wp\/v2\/comments?post=4701"}],"version-history":[{"count":0,"href":"https:\/\/pellervo.fi\/en\/wp-json\/wp\/v2\/posts\/4701\/revisions"}],"wp:attachment":[{"href":"https:\/\/pellervo.fi\/en\/wp-json\/wp\/v2\/media?parent=4701"}],"wp:term":[{"taxonomy":"category","embeddable":true,"href":"https:\/\/pellervo.fi\/en\/wp-json\/wp\/v2\/categories?post=4701"},{"taxonomy":"post_tag","embeddable":true,"href":"https:\/\/pellervo.fi\/en\/wp-json\/wp\/v2\/tags?post=4701"}],"curies":[{"name":"wp","href":"https:\/\/api.w.org\/{rel}","templated":true}]}}