{"id":534407,"date":"2016-11-22T10:48:25","date_gmt":"2016-11-22T08:48:25","guid":{"rendered":"http:\/\/pellervo.fi\/?p=534407"},"modified":"2016-11-22T10:48:25","modified_gmt":"2016-11-22T08:48:25","slug":"kari-jordanille-metsateollisuuden-kansainvalisen-tietopalvelu-risin-2016-global-ceo-year-palkinto","status":"publish","type":"post","link":"https:\/\/pellervo.fi\/en\/uutiset\/2016\/11\/22\/kari-jordanille-metsateollisuuden-kansainvalisen-tietopalvelu-risin-2016-global-ceo-year-palkinto\/","title":{"rendered":"Kari Jordanille mets\u00e4teollisuuden kansainv\u00e4lisen tietopalvelu RISIn 2016 Global CEO of the Year -palkinto"},"content":{"rendered":"<p><strong><span style=\"font-size: 11.0pt; font-family: 'Arial',sans-serif; color: black;\">Mets\u00e4teollisuuden kansainv\u00e4linen tietopalvelu RISI on nimennyt Mets\u00e4 Groupin p\u00e4\u00e4johtaja <span style=\"font-family: 'Arial',sans-serif;\">Kari Jordanin<\/span> 2016 Global CEO of the Year -palkinnon saajaksi Brysseliss\u00e4 21.11.2016 j\u00e4rjestetyss\u00e4 PPI Awards 2016 -tilaisuudessa. Jo aiemmin t\u00e4n\u00e4 vuonna RISI my\u00f6nsi Jordanille\u00a0 2016 European CEO of the Year -palkinnon.<\/span><\/strong><\/p>\n<p><span style=\"font-size: 11.0pt; font-family: 'Arial',sans-serif; color: black;\">\u201cMets\u00e4 Groupin vuonna 2005 alkanut laaja rakennemuutos on ollut menestyksek\u00e4s. T\u00e4m\u00e4 palkinto on hieno tunnustus Mets\u00e4 Groupissa tehdyst\u00e4 m\u00e4\u00e4r\u00e4tietoisesta ty\u00f6st\u00e4. Mets\u00e4teollisuustuotteilla luodaan kest\u00e4v\u00e4\u00e4 tulevaisuutta. Mets\u00e4 Groupilla on merkitt\u00e4v\u00e4 rooli alan kehityksess\u00e4\u201d, Jordan sanoo.<\/span><\/p>\n<p><span style=\"font-size: 11.0pt; font-family: 'Arial',sans-serif; color: black;\">RISIn Global CEO of the Year -palkinto my\u00f6nnet\u00e4\u00e4n vuosittain yhdelle mets\u00e4teollisuuden yritysjohtajalle maailmassa. Palkittu henkil\u00f6 on teht\u00e4v\u00e4ss\u00e4\u00e4n suoriutunut erinomaisella tavalla strateginen ja taloudellinen kehitys sek\u00e4 liikkeenjohdollinen n\u00e4k\u00f6kulma huomioiden. <\/span>  <\/p>\n","protected":false},"excerpt":{"rendered":"<p>Mets\u00e4teollisuuden kansainv\u00e4linen tietopalvelu RISI on nimennyt Mets\u00e4 Groupin p\u00e4\u00e4johtaja Kari Jordanin 2016 Global CEO of the Year -palkinnon saajaksi Brysseliss\u00e4 21.11.2016 j\u00e4rjestetyss\u00e4 PPI Awards 2016 -tilaisuudessa.<\/p>\n","protected":false},"author":5,"featured_media":4139,"comment_status":"open","ping_status":"open","sticky":false,"template":"","format":"standard","meta":{"inline_featured_image":false,"_monsterinsights_skip_tracking":false,"_monsterinsights_sitenote_active":false,"_monsterinsights_sitenote_note":"","_monsterinsights_sitenote_category":0,"site-sidebar-layout":"default","site-content-layout":"","ast-site-content-layout":"default","site-content-style":"default","site-sidebar-style":"default","ast-global-header-display":"","ast-banner-title-visibility":"","ast-main-header-display":"","ast-hfb-above-header-display":"","ast-hfb-below-header-display":"","ast-hfb-mobile-header-display":"","site-post-title":"","ast-breadcrumbs-content":"","ast-featured-img":"","footer-sml-layout":"","ast-disable-related-posts":"","theme-transparent-header-meta":"","adv-header-id-meta":"","stick-header-meta":"","header-above-stick-meta":"","header-main-stick-meta":"","header-below-stick-meta":"","astra-migrate-meta-layouts":"default","ast-page-background-enabled":"default","ast-page-background-meta":{"desktop":{"background-color":"","background-image":"","background-repeat":"repeat","background-position":"center center","background-size":"auto","background-attachment":"scroll","background-type":"","background-media":"","overlay-type":"","overlay-color":"","overlay-opacity":"","overlay-gradient":""},"tablet":{"background-color":"","background-image":"","background-repeat":"repeat","background-position":"center center","background-size":"auto","background-attachment":"scroll","background-type":"","background-media":"","overlay-type":"","overlay-color":"","overlay-opacity":"","overlay-gradient":""},"mobile":{"background-color":"","background-image":"","background-repeat":"repeat","background-position":"center center","background-size":"auto","background-attachment":"scroll","background-type":"","background-media":"","overlay-type":"","overlay-color":"","overlay-opacity":"","overlay-gradient":""}},"ast-content-background-meta":{"desktop":{"background-color":"var(--ast-global-color-5)","background-image":"","background-repeat":"repeat","background-position":"center center","background-size":"auto","background-attachment":"scroll","background-type":"","background-media":"","overlay-type":"","overlay-color":"","overlay-opacity":"","overlay-gradient":""},"tablet":{"background-color":"var(--ast-global-color-5)","background-image":"","background-repeat":"repeat","background-position":"center center","background-size":"auto","background-attachment":"scroll","background-type":"","background-media":"","overlay-type":"","overlay-color":"","overlay-opacity":"","overlay-gradient":""},"mobile":{"background-color":"var(--ast-global-color-5)","background-image":"","background-repeat":"repeat","background-position":"center center","background-size":"auto","background-attachment":"scroll","background-type":"","background-media":"","overlay-type":"","overlay-color":"","overlay-opacity":"","overlay-gradient":""}},"_FSMCFIC_featured_image_caption":"","_FSMCFIC_featured_image_nocaption":"","_FSMCFIC_featured_image_hide":"","footnotes":""},"categories":[22],"tags":[],"class_list":["post-534407","post","type-post","status-publish","format-standard","has-post-thumbnail","hentry","category-uutiset"],"yoast_head":"<!-- This site is optimized with the Yoast SEO plugin v27.4 - https:\/\/yoast.com\/product\/yoast-seo-wordpress\/ -->\n<title>Kari Jordanille mets\u00e4teollisuuden kansainv\u00e4lisen tietopalvelu RISIn 2016 Global CEO of the Year -palkinto - Pellervo<\/title>\n<meta name=\"robots\" content=\"index, follow, max-snippet:-1, max-image-preview:large, max-video-preview:-1\" \/>\n<link rel=\"canonical\" href=\"https:\/\/pellervo.fi\/uutiset\/2016\/11\/22\/kari-jordanille-metsateollisuuden-kansainvalisen-tietopalvelu-risin-2016-global-ceo-year-palkinto\/\" \/>\n<meta property=\"og:locale\" content=\"en_US\" \/>\n<meta property=\"og:type\" content=\"article\" \/>\n<meta property=\"og:title\" content=\"Kari Jordanille mets\u00e4teollisuuden kansainv\u00e4lisen tietopalvelu RISIn 2016 Global CEO of the Year -palkinto - Pellervo\" \/>\n<meta property=\"og:description\" content=\"Mets\u00e4teollisuuden kansainv\u00e4linen tietopalvelu RISI on nimennyt Mets\u00e4 Groupin p\u00e4\u00e4johtaja Kari Jordanin 2016 Global CEO of the Year -palkinnon saajaksi Brysseliss\u00e4 21.11.2016 j\u00e4rjestetyss\u00e4 PPI Awards 2016 -tilaisuudessa.\" \/>\n<meta property=\"og:url\" content=\"https:\/\/pellervo.fi\/uutiset\/2016\/11\/22\/kari-jordanille-metsateollisuuden-kansainvalisen-tietopalvelu-risin-2016-global-ceo-year-palkinto\/\" \/>\n<meta property=\"og:site_name\" content=\"Pellervo\" \/>\n<meta property=\"article:published_time\" content=\"2016-11-22T08:48:25+00:00\" \/>\n<meta property=\"og:image\" content=\"https:\/\/pellervo.fi\/wp-content\/uploads\/2014\/09\/kari-jordan.jpg\" \/>\n\t<meta property=\"og:image:width\" content=\"650\" \/>\n\t<meta property=\"og:image:height\" content=\"426\" \/>\n\t<meta property=\"og:image:type\" content=\"image\/jpeg\" \/>\n<meta name=\"author\" content=\"pellervo\" \/>\n<meta name=\"twitter:card\" content=\"summary_large_image\" \/>\n<meta name=\"twitter:creator\" content=\"@PellervoFi\" \/>\n<meta name=\"twitter:site\" content=\"@PellervoFi\" \/>\n<meta name=\"twitter:label1\" content=\"Written by\" \/>\n\t<meta name=\"twitter:data1\" content=\"pellervo\" \/>\n\t<meta name=\"twitter:label2\" content=\"Est. reading time\" \/>\n\t<meta name=\"twitter:data2\" content=\"1 minute\" \/>\n<script type=\"application\/ld+json\" class=\"yoast-schema-graph\">{\"@context\":\"https:\\\/\\\/schema.org\",\"@graph\":[{\"@type\":\"Article\",\"@id\":\"https:\\\/\\\/pellervo.fi\\\/uutiset\\\/2016\\\/11\\\/22\\\/kari-jordanille-metsateollisuuden-kansainvalisen-tietopalvelu-risin-2016-global-ceo-year-palkinto\\\/#article\",\"isPartOf\":{\"@id\":\"https:\\\/\\\/pellervo.fi\\\/uutiset\\\/2016\\\/11\\\/22\\\/kari-jordanille-metsateollisuuden-kansainvalisen-tietopalvelu-risin-2016-global-ceo-year-palkinto\\\/\"},\"author\":{\"name\":\"pellervo\",\"@id\":\"https:\\\/\\\/pellervo.fi\\\/#\\\/schema\\\/person\\\/4b74d40956937d1367ade81899997e71\"},\"headline\":\"Kari Jordanille mets\u00e4teollisuuden kansainv\u00e4lisen tietopalvelu RISIn 2016 Global CEO of the Year -palkinto\",\"datePublished\":\"2016-11-22T08:48:25+00:00\",\"mainEntityOfPage\":{\"@id\":\"https:\\\/\\\/pellervo.fi\\\/uutiset\\\/2016\\\/11\\\/22\\\/kari-jordanille-metsateollisuuden-kansainvalisen-tietopalvelu-risin-2016-global-ceo-year-palkinto\\\/\"},\"wordCount\":132,\"commentCount\":0,\"publisher\":{\"@id\":\"https:\\\/\\\/pellervo.fi\\\/#organization\"},\"image\":{\"@id\":\"https:\\\/\\\/pellervo.fi\\\/uutiset\\\/2016\\\/11\\\/22\\\/kari-jordanille-metsateollisuuden-kansainvalisen-tietopalvelu-risin-2016-global-ceo-year-palkinto\\\/#primaryimage\"},\"thumbnailUrl\":\"https:\\\/\\\/pellervo.fi\\\/wp-content\\\/uploads\\\/2014\\\/09\\\/kari-jordan.jpg\",\"articleSection\":[\"Uutiset\"],\"inLanguage\":\"en-US\",\"potentialAction\":[{\"@type\":\"CommentAction\",\"name\":\"Comment\",\"target\":[\"https:\\\/\\\/pellervo.fi\\\/uutiset\\\/2016\\\/11\\\/22\\\/kari-jordanille-metsateollisuuden-kansainvalisen-tietopalvelu-risin-2016-global-ceo-year-palkinto\\\/#respond\"]}]},{\"@type\":\"WebPage\",\"@id\":\"https:\\\/\\\/pellervo.fi\\\/uutiset\\\/2016\\\/11\\\/22\\\/kari-jordanille-metsateollisuuden-kansainvalisen-tietopalvelu-risin-2016-global-ceo-year-palkinto\\\/\",\"url\":\"https:\\\/\\\/pellervo.fi\\\/uutiset\\\/2016\\\/11\\\/22\\\/kari-jordanille-metsateollisuuden-kansainvalisen-tietopalvelu-risin-2016-global-ceo-year-palkinto\\\/\",\"name\":\"Kari Jordanille mets\u00e4teollisuuden kansainv\u00e4lisen tietopalvelu RISIn 2016 Global CEO of the Year -palkinto - Pellervo\",\"isPartOf\":{\"@id\":\"https:\\\/\\\/pellervo.fi\\\/#website\"},\"primaryImageOfPage\":{\"@id\":\"https:\\\/\\\/pellervo.fi\\\/uutiset\\\/2016\\\/11\\\/22\\\/kari-jordanille-metsateollisuuden-kansainvalisen-tietopalvelu-risin-2016-global-ceo-year-palkinto\\\/#primaryimage\"},\"image\":{\"@id\":\"https:\\\/\\\/pellervo.fi\\\/uutiset\\\/2016\\\/11\\\/22\\\/kari-jordanille-metsateollisuuden-kansainvalisen-tietopalvelu-risin-2016-global-ceo-year-palkinto\\\/#primaryimage\"},\"thumbnailUrl\":\"https:\\\/\\\/pellervo.fi\\\/wp-content\\\/uploads\\\/2014\\\/09\\\/kari-jordan.jpg\",\"datePublished\":\"2016-11-22T08:48:25+00:00\",\"breadcrumb\":{\"@id\":\"https:\\\/\\\/pellervo.fi\\\/uutiset\\\/2016\\\/11\\\/22\\\/kari-jordanille-metsateollisuuden-kansainvalisen-tietopalvelu-risin-2016-global-ceo-year-palkinto\\\/#breadcrumb\"},\"inLanguage\":\"en-US\",\"potentialAction\":[{\"@type\":\"ReadAction\",\"target\":[\"https:\\\/\\\/pellervo.fi\\\/uutiset\\\/2016\\\/11\\\/22\\\/kari-jordanille-metsateollisuuden-kansainvalisen-tietopalvelu-risin-2016-global-ceo-year-palkinto\\\/\"]}]},{\"@type\":\"ImageObject\",\"inLanguage\":\"en-US\",\"@id\":\"https:\\\/\\\/pellervo.fi\\\/uutiset\\\/2016\\\/11\\\/22\\\/kari-jordanille-metsateollisuuden-kansainvalisen-tietopalvelu-risin-2016-global-ceo-year-palkinto\\\/#primaryimage\",\"url\":\"https:\\\/\\\/pellervo.fi\\\/wp-content\\\/uploads\\\/2014\\\/09\\\/kari-jordan.jpg\",\"contentUrl\":\"https:\\\/\\\/pellervo.fi\\\/wp-content\\\/uploads\\\/2014\\\/09\\\/kari-jordan.jpg\",\"width\":650,\"height\":426},{\"@type\":\"BreadcrumbList\",\"@id\":\"https:\\\/\\\/pellervo.fi\\\/uutiset\\\/2016\\\/11\\\/22\\\/kari-jordanille-metsateollisuuden-kansainvalisen-tietopalvelu-risin-2016-global-ceo-year-palkinto\\\/#breadcrumb\",\"itemListElement\":[{\"@type\":\"ListItem\",\"position\":1,\"name\":\"Koti\",\"item\":\"https:\\\/\\\/pellervo.fi\\\/en\\\/\"},{\"@type\":\"ListItem\",\"position\":2,\"name\":\"Kari Jordanille mets\u00e4teollisuuden kansainv\u00e4lisen tietopalvelu RISIn 2016 Global CEO of the Year -palkinto\"}]},{\"@type\":\"WebSite\",\"@id\":\"https:\\\/\\\/pellervo.fi\\\/#website\",\"url\":\"https:\\\/\\\/pellervo.fi\\\/\",\"name\":\"Pellervo\",\"description\":\"Osuuskuntien keskusj\u00e4rjest\u00f6\",\"publisher\":{\"@id\":\"https:\\\/\\\/pellervo.fi\\\/#organization\"},\"potentialAction\":[{\"@type\":\"SearchAction\",\"target\":{\"@type\":\"EntryPoint\",\"urlTemplate\":\"https:\\\/\\\/pellervo.fi\\\/?s={search_term_string}\"},\"query-input\":{\"@type\":\"PropertyValueSpecification\",\"valueRequired\":true,\"valueName\":\"search_term_string\"}}],\"inLanguage\":\"en-US\"},{\"@type\":\"Organization\",\"@id\":\"https:\\\/\\\/pellervo.fi\\\/#organization\",\"name\":\"Osuustoimintakeskus Pellervo ry\",\"url\":\"https:\\\/\\\/pellervo.fi\\\/\",\"logo\":{\"@type\":\"ImageObject\",\"inLanguage\":\"en-US\",\"@id\":\"https:\\\/\\\/pellervo.fi\\\/#\\\/schema\\\/logo\\\/image\\\/\",\"url\":\"https:\\\/\\\/pellervo.fi\\\/wp-content\\\/uploads\\\/2020\\\/05\\\/Pellervo_logo.png\",\"contentUrl\":\"https:\\\/\\\/pellervo.fi\\\/wp-content\\\/uploads\\\/2020\\\/05\\\/Pellervo_logo.png\",\"width\":1335,\"height\":376,\"caption\":\"Osuustoimintakeskus Pellervo ry\"},\"image\":{\"@id\":\"https:\\\/\\\/pellervo.fi\\\/#\\\/schema\\\/logo\\\/image\\\/\"},\"sameAs\":[\"https:\\\/\\\/x.com\\\/PellervoFi\"]},{\"@type\":\"Person\",\"@id\":\"https:\\\/\\\/pellervo.fi\\\/#\\\/schema\\\/person\\\/4b74d40956937d1367ade81899997e71\",\"name\":\"pellervo\",\"image\":{\"@type\":\"ImageObject\",\"inLanguage\":\"en-US\",\"@id\":\"https:\\\/\\\/pellervo.fi\\\/wp-content\\\/uploads\\\/2013\\\/11\\\/pellervo_avatar_1384522134-96x96.jpg\",\"url\":\"https:\\\/\\\/pellervo.fi\\\/wp-content\\\/uploads\\\/2013\\\/11\\\/pellervo_avatar_1384522134-96x96.jpg\",\"contentUrl\":\"https:\\\/\\\/pellervo.fi\\\/wp-content\\\/uploads\\\/2013\\\/11\\\/pellervo_avatar_1384522134-96x96.jpg\",\"caption\":\"pellervo\"},\"description\":\"Kuvaus\",\"url\":\"https:\\\/\\\/pellervo.fi\\\/en\\\/author\\\/pellervo\\\/\"}]}<\/script>\n<!-- \/ Yoast SEO plugin. -->","yoast_head_json":{"title":"Kari Jordanille mets\u00e4teollisuuden kansainv\u00e4lisen tietopalvelu RISIn 2016 Global CEO of the Year -palkinto - Pellervo","robots":{"index":"index","follow":"follow","max-snippet":"max-snippet:-1","max-image-preview":"max-image-preview:large","max-video-preview":"max-video-preview:-1"},"canonical":"https:\/\/pellervo.fi\/uutiset\/2016\/11\/22\/kari-jordanille-metsateollisuuden-kansainvalisen-tietopalvelu-risin-2016-global-ceo-year-palkinto\/","og_locale":"en_US","og_type":"article","og_title":"Kari Jordanille mets\u00e4teollisuuden kansainv\u00e4lisen tietopalvelu RISIn 2016 Global CEO of the Year -palkinto - Pellervo","og_description":"Mets\u00e4teollisuuden kansainv\u00e4linen tietopalvelu RISI on nimennyt Mets\u00e4 Groupin p\u00e4\u00e4johtaja Kari Jordanin 2016 Global CEO of the Year -palkinnon saajaksi Brysseliss\u00e4 21.11.2016 j\u00e4rjestetyss\u00e4 PPI Awards 2016 -tilaisuudessa.","og_url":"https:\/\/pellervo.fi\/uutiset\/2016\/11\/22\/kari-jordanille-metsateollisuuden-kansainvalisen-tietopalvelu-risin-2016-global-ceo-year-palkinto\/","og_site_name":"Pellervo","article_published_time":"2016-11-22T08:48:25+00:00","og_image":[{"width":650,"height":426,"url":"https:\/\/pellervo.fi\/wp-content\/uploads\/2014\/09\/kari-jordan.jpg","type":"image\/jpeg"}],"author":"pellervo","twitter_card":"summary_large_image","twitter_creator":"@PellervoFi","twitter_site":"@PellervoFi","twitter_misc":{"Written by":"pellervo","Est. reading time":"1 minute"},"schema":{"@context":"https:\/\/schema.org","@graph":[{"@type":"Article","@id":"https:\/\/pellervo.fi\/uutiset\/2016\/11\/22\/kari-jordanille-metsateollisuuden-kansainvalisen-tietopalvelu-risin-2016-global-ceo-year-palkinto\/#article","isPartOf":{"@id":"https:\/\/pellervo.fi\/uutiset\/2016\/11\/22\/kari-jordanille-metsateollisuuden-kansainvalisen-tietopalvelu-risin-2016-global-ceo-year-palkinto\/"},"author":{"name":"pellervo","@id":"https:\/\/pellervo.fi\/#\/schema\/person\/4b74d40956937d1367ade81899997e71"},"headline":"Kari Jordanille mets\u00e4teollisuuden kansainv\u00e4lisen tietopalvelu RISIn 2016 Global CEO of the Year -palkinto","datePublished":"2016-11-22T08:48:25+00:00","mainEntityOfPage":{"@id":"https:\/\/pellervo.fi\/uutiset\/2016\/11\/22\/kari-jordanille-metsateollisuuden-kansainvalisen-tietopalvelu-risin-2016-global-ceo-year-palkinto\/"},"wordCount":132,"commentCount":0,"publisher":{"@id":"https:\/\/pellervo.fi\/#organization"},"image":{"@id":"https:\/\/pellervo.fi\/uutiset\/2016\/11\/22\/kari-jordanille-metsateollisuuden-kansainvalisen-tietopalvelu-risin-2016-global-ceo-year-palkinto\/#primaryimage"},"thumbnailUrl":"https:\/\/pellervo.fi\/wp-content\/uploads\/2014\/09\/kari-jordan.jpg","articleSection":["Uutiset"],"inLanguage":"en-US","potentialAction":[{"@type":"CommentAction","name":"Comment","target":["https:\/\/pellervo.fi\/uutiset\/2016\/11\/22\/kari-jordanille-metsateollisuuden-kansainvalisen-tietopalvelu-risin-2016-global-ceo-year-palkinto\/#respond"]}]},{"@type":"WebPage","@id":"https:\/\/pellervo.fi\/uutiset\/2016\/11\/22\/kari-jordanille-metsateollisuuden-kansainvalisen-tietopalvelu-risin-2016-global-ceo-year-palkinto\/","url":"https:\/\/pellervo.fi\/uutiset\/2016\/11\/22\/kari-jordanille-metsateollisuuden-kansainvalisen-tietopalvelu-risin-2016-global-ceo-year-palkinto\/","name":"Kari Jordanille mets\u00e4teollisuuden kansainv\u00e4lisen tietopalvelu RISIn 2016 Global CEO of the Year -palkinto - Pellervo","isPartOf":{"@id":"https:\/\/pellervo.fi\/#website"},"primaryImageOfPage":{"@id":"https:\/\/pellervo.fi\/uutiset\/2016\/11\/22\/kari-jordanille-metsateollisuuden-kansainvalisen-tietopalvelu-risin-2016-global-ceo-year-palkinto\/#primaryimage"},"image":{"@id":"https:\/\/pellervo.fi\/uutiset\/2016\/11\/22\/kari-jordanille-metsateollisuuden-kansainvalisen-tietopalvelu-risin-2016-global-ceo-year-palkinto\/#primaryimage"},"thumbnailUrl":"https:\/\/pellervo.fi\/wp-content\/uploads\/2014\/09\/kari-jordan.jpg","datePublished":"2016-11-22T08:48:25+00:00","breadcrumb":{"@id":"https:\/\/pellervo.fi\/uutiset\/2016\/11\/22\/kari-jordanille-metsateollisuuden-kansainvalisen-tietopalvelu-risin-2016-global-ceo-year-palkinto\/#breadcrumb"},"inLanguage":"en-US","potentialAction":[{"@type":"ReadAction","target":["https:\/\/pellervo.fi\/uutiset\/2016\/11\/22\/kari-jordanille-metsateollisuuden-kansainvalisen-tietopalvelu-risin-2016-global-ceo-year-palkinto\/"]}]},{"@type":"ImageObject","inLanguage":"en-US","@id":"https:\/\/pellervo.fi\/uutiset\/2016\/11\/22\/kari-jordanille-metsateollisuuden-kansainvalisen-tietopalvelu-risin-2016-global-ceo-year-palkinto\/#primaryimage","url":"https:\/\/pellervo.fi\/wp-content\/uploads\/2014\/09\/kari-jordan.jpg","contentUrl":"https:\/\/pellervo.fi\/wp-content\/uploads\/2014\/09\/kari-jordan.jpg","width":650,"height":426},{"@type":"BreadcrumbList","@id":"https:\/\/pellervo.fi\/uutiset\/2016\/11\/22\/kari-jordanille-metsateollisuuden-kansainvalisen-tietopalvelu-risin-2016-global-ceo-year-palkinto\/#breadcrumb","itemListElement":[{"@type":"ListItem","position":1,"name":"Koti","item":"https:\/\/pellervo.fi\/en\/"},{"@type":"ListItem","position":2,"name":"Kari Jordanille mets\u00e4teollisuuden kansainv\u00e4lisen tietopalvelu RISIn 2016 Global CEO of the Year -palkinto"}]},{"@type":"WebSite","@id":"https:\/\/pellervo.fi\/#website","url":"https:\/\/pellervo.fi\/","name":"Pellervo","description":"Osuuskuntien keskusj\u00e4rjest\u00f6","publisher":{"@id":"https:\/\/pellervo.fi\/#organization"},"potentialAction":[{"@type":"SearchAction","target":{"@type":"EntryPoint","urlTemplate":"https:\/\/pellervo.fi\/?s={search_term_string}"},"query-input":{"@type":"PropertyValueSpecification","valueRequired":true,"valueName":"search_term_string"}}],"inLanguage":"en-US"},{"@type":"Organization","@id":"https:\/\/pellervo.fi\/#organization","name":"Osuustoimintakeskus Pellervo ry","url":"https:\/\/pellervo.fi\/","logo":{"@type":"ImageObject","inLanguage":"en-US","@id":"https:\/\/pellervo.fi\/#\/schema\/logo\/image\/","url":"https:\/\/pellervo.fi\/wp-content\/uploads\/2020\/05\/Pellervo_logo.png","contentUrl":"https:\/\/pellervo.fi\/wp-content\/uploads\/2020\/05\/Pellervo_logo.png","width":1335,"height":376,"caption":"Osuustoimintakeskus Pellervo ry"},"image":{"@id":"https:\/\/pellervo.fi\/#\/schema\/logo\/image\/"},"sameAs":["https:\/\/x.com\/PellervoFi"]},{"@type":"Person","@id":"https:\/\/pellervo.fi\/#\/schema\/person\/4b74d40956937d1367ade81899997e71","name":"pellervo","image":{"@type":"ImageObject","inLanguage":"en-US","@id":"https:\/\/pellervo.fi\/wp-content\/uploads\/2013\/11\/pellervo_avatar_1384522134-96x96.jpg","url":"https:\/\/pellervo.fi\/wp-content\/uploads\/2013\/11\/pellervo_avatar_1384522134-96x96.jpg","contentUrl":"https:\/\/pellervo.fi\/wp-content\/uploads\/2013\/11\/pellervo_avatar_1384522134-96x96.jpg","caption":"pellervo"},"description":"Kuvaus","url":"https:\/\/pellervo.fi\/en\/author\/pellervo\/"}]}},"_links":{"self":[{"href":"https:\/\/pellervo.fi\/en\/wp-json\/wp\/v2\/posts\/534407","targetHints":{"allow":["GET"]}}],"collection":[{"href":"https:\/\/pellervo.fi\/en\/wp-json\/wp\/v2\/posts"}],"about":[{"href":"https:\/\/pellervo.fi\/en\/wp-json\/wp\/v2\/types\/post"}],"author":[{"embeddable":true,"href":"https:\/\/pellervo.fi\/en\/wp-json\/wp\/v2\/users\/5"}],"replies":[{"embeddable":true,"href":"https:\/\/pellervo.fi\/en\/wp-json\/wp\/v2\/comments?post=534407"}],"version-history":[{"count":1,"href":"https:\/\/pellervo.fi\/en\/wp-json\/wp\/v2\/posts\/534407\/revisions"}],"predecessor-version":[{"id":534408,"href":"https:\/\/pellervo.fi\/en\/wp-json\/wp\/v2\/posts\/534407\/revisions\/534408"}],"wp:featuredmedia":[{"embeddable":true,"href":"https:\/\/pellervo.fi\/en\/wp-json\/wp\/v2\/media\/4139"}],"wp:attachment":[{"href":"https:\/\/pellervo.fi\/en\/wp-json\/wp\/v2\/media?parent=534407"}],"wp:term":[{"taxonomy":"category","embeddable":true,"href":"https:\/\/pellervo.fi\/en\/wp-json\/wp\/v2\/categories?post=534407"},{"taxonomy":"post_tag","embeddable":true,"href":"https:\/\/pellervo.fi\/en\/wp-json\/wp\/v2\/tags?post=534407"}],"curies":[{"name":"wp","href":"https:\/\/api.w.org\/{rel}","templated":true}]}}