{"id":658640,"date":"2017-04-07T08:29:29","date_gmt":"2017-04-07T05:29:29","guid":{"rendered":"http:\/\/pellervo.fi\/?p=658640"},"modified":"2018-01-23T09:42:47","modified_gmt":"2018-01-23T07:42:47","slug":"osuustoiminta-huomioon-kunta-ja-maakuntauudistuksessa","status":"publish","type":"post","link":"https:\/\/pellervo.fi\/en\/uutiset\/2017\/04\/07\/osuustoiminta-huomioon-kunta-ja-maakuntauudistuksessa\/","title":{"rendered":"Osuustoiminta huomioon kunta- ja maakuntauudistuksessa &#8211; Pellervon vuosikokous teki valintoja valtuuskuntaan"},"content":{"rendered":"<p><strong>\u201dKannustamme ottamaan osuustoiminnan huomioon, kun rakennamme uusimuotoisia elinvoimaisia kuntia maakunta- ja kuntauudistuksen vanavedess\u00e4\u201d, totesi Pellervon valtuuskunnan puheenjohtaja, kauppaneuvos Seppo Rytivaara Helsingiss\u00e4 6. huhtikuuta.<\/strong><\/p>\n<p>Pellervon P\u00e4iv\u00e4ss\u00e4 2017 puhunut Rytivaara kertoi, ett\u00e4 osuustoiminnan kuntavaaliohjelman tarkoitus on positiivisen kehityksen hengen rakentaminen ja eri keinojen esiin tuominen. \u201dEmme halua kenelt\u00e4k\u00e4\u00e4n pois vaan tuoda vaihtoehtoja.\u201d<\/p>\n<p>Rytivaara sanoi, ett\u00e4 kuntavaaliohjelman perusajatus on, ett\u00e4 osuustoiminta laajentaa yritt\u00e4jyyden pohjaa ja lis\u00e4\u00e4 elinkeinojen voimaa. Se pit\u00e4\u00e4 l\u00e4hipalvelut kansalaisten omassa ohjauksessa, koska osuustoiminta perustuu j\u00e4sendemokratiaan.<\/p>\n<p>Ohjelmassa tuodaan esiin uuden yritt\u00e4jyyden malleja, mutta my\u00f6s se, ett\u00e4 finanssialan, kaupan, elintarvikealan, mets\u00e4talouden ja vaikkapa s\u00e4hk\u00f6- ja tietoliikennealan osuustoimintayritykset pit\u00e4v\u00e4t merkitt\u00e4v\u00e4\u00e4 palveluvarustusta yll\u00e4 eri puolilla maata. \u201dN\u00e4ill\u00e4 aloilla pienuus ei vain ole aina kaunista, vaan yleens\u00e4 pit\u00e4\u00e4 olla kokoa ja n\u00e4k\u00f6\u00e4, jotta on sek\u00e4 toiminta- ett\u00e4 kilpailukyky\u00e4\u201d. Rytivaara muistutti, ett\u00e4 osuustoiminnalla on my\u00f6s paljon uutta ja kehitett\u00e4v\u00e4\u00e4 2020-luvulle.<\/p>\n<p>Rytivaara sanoi, ett\u00e4 Suomi ja osuustoiminta ovat kehittyneet rinnakkain. Osuustoiminta on ollut merkitt\u00e4v\u00e4ss\u00e4 roolissa Suomen rakentumisessa. Kaikista kehityspulmista ja ajoittaisesta synkistelyst\u00e4kin huolimatta on Rytivaaran mukaan hyv\u00e4 huomata, ett\u00e4 niin Suomi kuin osuustoimintakin ovat vahvoilla juuri nyt. Osuustoiminta on maan suurimpana joukkoliikkeen\u00e4 tukenut itsen\u00e4isen Suomen synty\u00e4, mutta vastaavasti my\u00f6s vahva kansakunta ja itsen\u00e4isyys ovat kannustaneet osuustoimintaa.<\/p>\n<p>Rakentaessaan ihmisten osallisuutta osuustoimintaa pidet\u00e4\u00e4n moderneimpana yritysmallina ja maailman megatrendin\u00e4. N\u00e4ist\u00e4 n\u00e4k\u00f6kulmista rakennamme osuustoimintaa, is\u00e4nmaata ja maailmankyl\u00e4\u00e4, p\u00e4\u00e4tti Rytivaara.<\/p>\n<p>Pellervon P\u00e4iv\u00e4n 2017 yhteydess\u00e4 pidetyss\u00e4 j\u00e4rjest\u00f6n vuosikokouksessa valittiin j\u00e4rjest\u00f6n 27-j\u00e4seniseen valtuuskuntaan seuraavat j\u00e4senet:<\/p>\n<p>Elintarvikealaa edustavat maanviljelij\u00e4 <strong>Raimo Kielenniva<\/strong> K\u00e4rs\u00e4m\u00e4elt\u00e4, maitotilayritt\u00e4j\u00e4<strong> Jarno K\u00e4m\u00e4r\u00e4inen<\/strong> Kiuruvedelt\u00e4, maanviljelij\u00e4<strong> Jari M\u00e4kil\u00e4<\/strong> Orip\u00e4\u00e4st\u00e4, maanviljelij\u00e4 <strong>Risto Sairanen<\/strong> Luum\u00e4elt\u00e4 ja maatalousyritt\u00e4j\u00e4 <strong>Jyrki Soukainen<\/strong> Raumalta.<\/p>\n<p>Finanssialaa edustavat maaseutup\u00e4\u00e4llikk\u00f6 Reijo H\u00e4m\u00e4l\u00e4inen Kurikasta, maatalousyritt\u00e4j\u00e4 <strong>Tiina Varho-Lankinen<\/strong> Orip\u00e4\u00e4st\u00e4 ja johtaja <strong>Timo Hulkko<\/strong> Vantaalta, mets\u00e4alaa edustava maatalousyritt\u00e4j\u00e4<strong> Timo Saukkonen<\/strong> Rautj\u00e4rvelt\u00e4, yleist\u00e4 osuustoimintaa edustava maanviljelij\u00e4 <strong>Juha Marttila<\/strong> Simosta, yhteiskuntapalvelut-sektoria edustavat vesihuollon kouluttaja<strong> Vesa Arvonen<\/strong> Yl\u00f6j\u00e4rvelt\u00e4 ja toimitusjohtaja<strong> Jouni Parkkonen<\/strong> Laitilasta sek\u00e4 kaupanalaa edustava teologian tohtori <strong>Matti Pikkarainen<\/strong> Oulusta.<\/p>\n<p>Nyt valituista valtuuskunnan j\u00e4senist\u00e4<strong> Timo Hulkon<\/strong> toimikausi p\u00e4\u00e4ttyy vuoden 2018 vuosikokoukseen ja muiden valittujen j\u00e4senten toimikausi vuoden 2020 vuosikokoukseen.<\/p>\n<p><a href=\"https:\/\/pellervo.fi\/wp-content\/uploads\/2017\/02\/seppo-rytivaara-vuosikokous2017-avauspuhe.pdf\">Rytivaaran puhe kokonaisuudessaan.<\/a><\/p>\n<p>Lis\u00e4tietoja Pellervosta valtuuskunnan puheenjohtaja Seppo Rytivaaralta, puh. 044\u00a0710 6201, <a href=\"mailto:seppo.rytivaara@gmail.com\">seppo.rytivaara@gmail.com<\/a> ja toimitusjohtaja Sami Karhulta, puh. 0400 545 989, <a href=\"mailto:sami.karhu@pellervo.fi\">sami.karhu@pellervo.fi<\/a>.<\/p>\n<p>Osuustoiminnan kuntavaaliohjelma:<\/p>\n<p><a href=\"https:\/\/pellervo.fi\/osuustoiminnan-kuntavaaliohjelma\/\">https:\/\/pellervo.fi\/osuustoiminnan-kuntavaaliohjelma\/<\/a>  <\/p>\n","protected":false},"excerpt":{"rendered":"<p>\u201dKannustamme ottamaan osuustoiminnan huomioon, kun rakennamme uusimuotoisia elinvoimaisia kuntia maakunta- ja kuntauudistuksen vanavedess\u00e4\u201d, totesi Pellervon puheenjohtaja, kauppaneuvos Seppo Rytivaara Helsingiss\u00e4 6. huhtikuuta.<\/p>\n","protected":false},"author":5,"featured_media":658691,"comment_status":"open","ping_status":"open","sticky":false,"template":"","format":"standard","meta":{"inline_featured_image":false,"_monsterinsights_skip_tracking":false,"_monsterinsights_sitenote_active":false,"_monsterinsights_sitenote_note":"","_monsterinsights_sitenote_category":0,"site-sidebar-layout":"default","site-content-layout":"","ast-site-content-layout":"default","site-content-style":"default","site-sidebar-style":"default","ast-global-header-display":"","ast-banner-title-visibility":"","ast-main-header-display":"","ast-hfb-above-header-display":"","ast-hfb-below-header-display":"","ast-hfb-mobile-header-display":"","site-post-title":"","ast-breadcrumbs-content":"","ast-featured-img":"","footer-sml-layout":"","ast-disable-related-posts":"","theme-transparent-header-meta":"","adv-header-id-meta":"","stick-header-meta":"","header-above-stick-meta":"","header-main-stick-meta":"","header-below-stick-meta":"","astra-migrate-meta-layouts":"default","ast-page-background-enabled":"default","ast-page-background-meta":{"desktop":{"background-color":"","background-image":"","background-repeat":"repeat","background-position":"center center","background-size":"auto","background-attachment":"scroll","background-type":"","background-media":"","overlay-type":"","overlay-color":"","overlay-opacity":"","overlay-gradient":""},"tablet":{"background-color":"","background-image":"","background-repeat":"repeat","background-position":"center center","background-size":"auto","background-attachment":"scroll","background-type":"","background-media":"","overlay-type":"","overlay-color":"","overlay-opacity":"","overlay-gradient":""},"mobile":{"background-color":"","background-image":"","background-repeat":"repeat","background-position":"center center","background-size":"auto","background-attachment":"scroll","background-type":"","background-media":"","overlay-type":"","overlay-color":"","overlay-opacity":"","overlay-gradient":""}},"ast-content-background-meta":{"desktop":{"background-color":"var(--ast-global-color-5)","background-image":"","background-repeat":"repeat","background-position":"center center","background-size":"auto","background-attachment":"scroll","background-type":"","background-media":"","overlay-type":"","overlay-color":"","overlay-opacity":"","overlay-gradient":""},"tablet":{"background-color":"var(--ast-global-color-5)","background-image":"","background-repeat":"repeat","background-position":"center center","background-size":"auto","background-attachment":"scroll","background-type":"","background-media":"","overlay-type":"","overlay-color":"","overlay-opacity":"","overlay-gradient":""},"mobile":{"background-color":"var(--ast-global-color-5)","background-image":"","background-repeat":"repeat","background-position":"center center","background-size":"auto","background-attachment":"scroll","background-type":"","background-media":"","overlay-type":"","overlay-color":"","overlay-opacity":"","overlay-gradient":""}},"_FSMCFIC_featured_image_caption":"","_FSMCFIC_featured_image_nocaption":"","_FSMCFIC_featured_image_hide":"","footnotes":""},"categories":[71,22],"tags":[],"class_list":["post-658640","post","type-post","status-publish","format-standard","has-post-thumbnail","hentry","category-jarjesto","category-uutiset"],"yoast_head":"<!-- This site is optimized with the Yoast SEO plugin v27.5 - https:\/\/yoast.com\/product\/yoast-seo-wordpress\/ -->\n<title>Osuustoiminta huomioon kunta- ja maakuntauudistuksessa - Pellervon vuosikokous teki valintoja valtuuskuntaan - Pellervo<\/title>\n<meta name=\"robots\" content=\"index, follow, max-snippet:-1, max-image-preview:large, max-video-preview:-1\" \/>\n<link rel=\"canonical\" href=\"https:\/\/pellervo.fi\/sv\/uutiset\/2017\/04\/07\/osuustoiminta-huomioon-kunta-ja-maakuntauudistuksessa\/\" \/>\n<meta property=\"og:locale\" content=\"en_US\" \/>\n<meta property=\"og:type\" content=\"article\" \/>\n<meta property=\"og:title\" content=\"Osuustoiminta huomioon kunta- ja maakuntauudistuksessa - Pellervon vuosikokous teki valintoja valtuuskuntaan - Pellervo\" \/>\n<meta property=\"og:description\" content=\"\u201dKannustamme ottamaan osuustoiminnan huomioon, kun rakennamme uusimuotoisia elinvoimaisia kuntia maakunta- ja kuntauudistuksen vanavedess\u00e4\u201d, totesi Pellervon puheenjohtaja, kauppaneuvos Seppo Rytivaara Helsingiss\u00e4 6. huhtikuuta.\" \/>\n<meta property=\"og:url\" content=\"https:\/\/pellervo.fi\/sv\/uutiset\/2017\/04\/07\/osuustoiminta-huomioon-kunta-ja-maakuntauudistuksessa\/\" \/>\n<meta property=\"og:site_name\" content=\"Pellervo\" \/>\n<meta property=\"article:published_time\" content=\"2017-04-07T05:29:29+00:00\" \/>\n<meta property=\"article:modified_time\" content=\"2018-01-23T07:42:47+00:00\" \/>\n<meta property=\"og:image\" content=\"https:\/\/pellervo.fi\/wp-content\/uploads\/2017\/04\/kattely-1.jpg\" \/>\n\t<meta property=\"og:image:width\" content=\"800\" \/>\n\t<meta property=\"og:image:height\" content=\"533\" \/>\n\t<meta property=\"og:image:type\" content=\"image\/jpeg\" \/>\n<meta name=\"author\" content=\"pellervo\" \/>\n<meta name=\"twitter:card\" content=\"summary_large_image\" \/>\n<meta name=\"twitter:creator\" content=\"@PellervoFi\" \/>\n<meta name=\"twitter:site\" content=\"@PellervoFi\" \/>\n<meta name=\"twitter:label1\" content=\"Written by\" \/>\n\t<meta name=\"twitter:data1\" content=\"pellervo\" \/>\n\t<meta name=\"twitter:label2\" content=\"Est. reading time\" \/>\n\t<meta name=\"twitter:data2\" content=\"2 minutes\" \/>\n<script type=\"application\/ld+json\" class=\"yoast-schema-graph\">{\"@context\":\"https:\\\/\\\/schema.org\",\"@graph\":[{\"@type\":\"Article\",\"@id\":\"https:\\\/\\\/pellervo.fi\\\/sv\\\/uutiset\\\/2017\\\/04\\\/07\\\/osuustoiminta-huomioon-kunta-ja-maakuntauudistuksessa\\\/#article\",\"isPartOf\":{\"@id\":\"https:\\\/\\\/pellervo.fi\\\/sv\\\/uutiset\\\/2017\\\/04\\\/07\\\/osuustoiminta-huomioon-kunta-ja-maakuntauudistuksessa\\\/\"},\"author\":{\"name\":\"pellervo\",\"@id\":\"https:\\\/\\\/pellervo.fi\\\/#\\\/schema\\\/person\\\/4b74d40956937d1367ade81899997e71\"},\"headline\":\"Osuustoiminta huomioon kunta- ja maakuntauudistuksessa &#8211; Pellervon vuosikokous teki valintoja valtuuskuntaan\",\"datePublished\":\"2017-04-07T05:29:29+00:00\",\"dateModified\":\"2018-01-23T07:42:47+00:00\",\"mainEntityOfPage\":{\"@id\":\"https:\\\/\\\/pellervo.fi\\\/sv\\\/uutiset\\\/2017\\\/04\\\/07\\\/osuustoiminta-huomioon-kunta-ja-maakuntauudistuksessa\\\/\"},\"wordCount\":411,\"commentCount\":0,\"publisher\":{\"@id\":\"https:\\\/\\\/pellervo.fi\\\/#organization\"},\"image\":{\"@id\":\"https:\\\/\\\/pellervo.fi\\\/sv\\\/uutiset\\\/2017\\\/04\\\/07\\\/osuustoiminta-huomioon-kunta-ja-maakuntauudistuksessa\\\/#primaryimage\"},\"thumbnailUrl\":\"https:\\\/\\\/pellervo.fi\\\/wp-content\\\/uploads\\\/2017\\\/04\\\/kattely-1.jpg\",\"articleSection\":[\"J\u00e4rjest\u00f6\",\"Uutiset\"],\"inLanguage\":\"en-US\",\"potentialAction\":[{\"@type\":\"CommentAction\",\"name\":\"Comment\",\"target\":[\"https:\\\/\\\/pellervo.fi\\\/sv\\\/uutiset\\\/2017\\\/04\\\/07\\\/osuustoiminta-huomioon-kunta-ja-maakuntauudistuksessa\\\/#respond\"]}]},{\"@type\":\"WebPage\",\"@id\":\"https:\\\/\\\/pellervo.fi\\\/sv\\\/uutiset\\\/2017\\\/04\\\/07\\\/osuustoiminta-huomioon-kunta-ja-maakuntauudistuksessa\\\/\",\"url\":\"https:\\\/\\\/pellervo.fi\\\/sv\\\/uutiset\\\/2017\\\/04\\\/07\\\/osuustoiminta-huomioon-kunta-ja-maakuntauudistuksessa\\\/\",\"name\":\"Osuustoiminta huomioon kunta- ja maakuntauudistuksessa - Pellervon vuosikokous teki valintoja valtuuskuntaan - Pellervo\",\"isPartOf\":{\"@id\":\"https:\\\/\\\/pellervo.fi\\\/#website\"},\"primaryImageOfPage\":{\"@id\":\"https:\\\/\\\/pellervo.fi\\\/sv\\\/uutiset\\\/2017\\\/04\\\/07\\\/osuustoiminta-huomioon-kunta-ja-maakuntauudistuksessa\\\/#primaryimage\"},\"image\":{\"@id\":\"https:\\\/\\\/pellervo.fi\\\/sv\\\/uutiset\\\/2017\\\/04\\\/07\\\/osuustoiminta-huomioon-kunta-ja-maakuntauudistuksessa\\\/#primaryimage\"},\"thumbnailUrl\":\"https:\\\/\\\/pellervo.fi\\\/wp-content\\\/uploads\\\/2017\\\/04\\\/kattely-1.jpg\",\"datePublished\":\"2017-04-07T05:29:29+00:00\",\"dateModified\":\"2018-01-23T07:42:47+00:00\",\"breadcrumb\":{\"@id\":\"https:\\\/\\\/pellervo.fi\\\/sv\\\/uutiset\\\/2017\\\/04\\\/07\\\/osuustoiminta-huomioon-kunta-ja-maakuntauudistuksessa\\\/#breadcrumb\"},\"inLanguage\":\"en-US\",\"potentialAction\":[{\"@type\":\"ReadAction\",\"target\":[\"https:\\\/\\\/pellervo.fi\\\/sv\\\/uutiset\\\/2017\\\/04\\\/07\\\/osuustoiminta-huomioon-kunta-ja-maakuntauudistuksessa\\\/\"]}]},{\"@type\":\"ImageObject\",\"inLanguage\":\"en-US\",\"@id\":\"https:\\\/\\\/pellervo.fi\\\/sv\\\/uutiset\\\/2017\\\/04\\\/07\\\/osuustoiminta-huomioon-kunta-ja-maakuntauudistuksessa\\\/#primaryimage\",\"url\":\"https:\\\/\\\/pellervo.fi\\\/wp-content\\\/uploads\\\/2017\\\/04\\\/kattely-1.jpg\",\"contentUrl\":\"https:\\\/\\\/pellervo.fi\\\/wp-content\\\/uploads\\\/2017\\\/04\\\/kattely-1.jpg\",\"width\":800,\"height\":533},{\"@type\":\"BreadcrumbList\",\"@id\":\"https:\\\/\\\/pellervo.fi\\\/sv\\\/uutiset\\\/2017\\\/04\\\/07\\\/osuustoiminta-huomioon-kunta-ja-maakuntauudistuksessa\\\/#breadcrumb\",\"itemListElement\":[{\"@type\":\"ListItem\",\"position\":1,\"name\":\"Koti\",\"item\":\"https:\\\/\\\/pellervo.fi\\\/en\\\/\"},{\"@type\":\"ListItem\",\"position\":2,\"name\":\"Osuustoiminta huomioon kunta- ja maakuntauudistuksessa &#8211; Pellervon vuosikokous teki valintoja valtuuskuntaan\"}]},{\"@type\":\"WebSite\",\"@id\":\"https:\\\/\\\/pellervo.fi\\\/#website\",\"url\":\"https:\\\/\\\/pellervo.fi\\\/\",\"name\":\"Pellervo\",\"description\":\"Osuuskuntien keskusj\u00e4rjest\u00f6\",\"publisher\":{\"@id\":\"https:\\\/\\\/pellervo.fi\\\/#organization\"},\"potentialAction\":[{\"@type\":\"SearchAction\",\"target\":{\"@type\":\"EntryPoint\",\"urlTemplate\":\"https:\\\/\\\/pellervo.fi\\\/?s={search_term_string}\"},\"query-input\":{\"@type\":\"PropertyValueSpecification\",\"valueRequired\":true,\"valueName\":\"search_term_string\"}}],\"inLanguage\":\"en-US\"},{\"@type\":\"Organization\",\"@id\":\"https:\\\/\\\/pellervo.fi\\\/#organization\",\"name\":\"Osuustoimintakeskus Pellervo ry\",\"url\":\"https:\\\/\\\/pellervo.fi\\\/\",\"logo\":{\"@type\":\"ImageObject\",\"inLanguage\":\"en-US\",\"@id\":\"https:\\\/\\\/pellervo.fi\\\/#\\\/schema\\\/logo\\\/image\\\/\",\"url\":\"https:\\\/\\\/pellervo.fi\\\/wp-content\\\/uploads\\\/2020\\\/05\\\/Pellervo_logo.png\",\"contentUrl\":\"https:\\\/\\\/pellervo.fi\\\/wp-content\\\/uploads\\\/2020\\\/05\\\/Pellervo_logo.png\",\"width\":1335,\"height\":376,\"caption\":\"Osuustoimintakeskus Pellervo ry\"},\"image\":{\"@id\":\"https:\\\/\\\/pellervo.fi\\\/#\\\/schema\\\/logo\\\/image\\\/\"},\"sameAs\":[\"https:\\\/\\\/x.com\\\/PellervoFi\"]},{\"@type\":\"Person\",\"@id\":\"https:\\\/\\\/pellervo.fi\\\/#\\\/schema\\\/person\\\/4b74d40956937d1367ade81899997e71\",\"name\":\"pellervo\",\"image\":{\"@type\":\"ImageObject\",\"inLanguage\":\"en-US\",\"@id\":\"https:\\\/\\\/pellervo.fi\\\/wp-content\\\/uploads\\\/2013\\\/11\\\/pellervo_avatar_1384522134-96x96.jpg\",\"url\":\"https:\\\/\\\/pellervo.fi\\\/wp-content\\\/uploads\\\/2013\\\/11\\\/pellervo_avatar_1384522134-96x96.jpg\",\"contentUrl\":\"https:\\\/\\\/pellervo.fi\\\/wp-content\\\/uploads\\\/2013\\\/11\\\/pellervo_avatar_1384522134-96x96.jpg\",\"caption\":\"pellervo\"},\"description\":\"Kuvaus\",\"url\":\"https:\\\/\\\/pellervo.fi\\\/en\\\/author\\\/pellervo\\\/\"}]}<\/script>\n<!-- \/ Yoast SEO plugin. -->","yoast_head_json":{"title":"Osuustoiminta huomioon kunta- ja maakuntauudistuksessa - Pellervon vuosikokous teki valintoja valtuuskuntaan - Pellervo","robots":{"index":"index","follow":"follow","max-snippet":"max-snippet:-1","max-image-preview":"max-image-preview:large","max-video-preview":"max-video-preview:-1"},"canonical":"https:\/\/pellervo.fi\/sv\/uutiset\/2017\/04\/07\/osuustoiminta-huomioon-kunta-ja-maakuntauudistuksessa\/","og_locale":"en_US","og_type":"article","og_title":"Osuustoiminta huomioon kunta- ja maakuntauudistuksessa - Pellervon vuosikokous teki valintoja valtuuskuntaan - Pellervo","og_description":"\u201dKannustamme ottamaan osuustoiminnan huomioon, kun rakennamme uusimuotoisia elinvoimaisia kuntia maakunta- ja kuntauudistuksen vanavedess\u00e4\u201d, totesi Pellervon puheenjohtaja, kauppaneuvos Seppo Rytivaara Helsingiss\u00e4 6. huhtikuuta.","og_url":"https:\/\/pellervo.fi\/sv\/uutiset\/2017\/04\/07\/osuustoiminta-huomioon-kunta-ja-maakuntauudistuksessa\/","og_site_name":"Pellervo","article_published_time":"2017-04-07T05:29:29+00:00","article_modified_time":"2018-01-23T07:42:47+00:00","og_image":[{"width":800,"height":533,"url":"https:\/\/pellervo.fi\/wp-content\/uploads\/2017\/04\/kattely-1.jpg","type":"image\/jpeg"}],"author":"pellervo","twitter_card":"summary_large_image","twitter_creator":"@PellervoFi","twitter_site":"@PellervoFi","twitter_misc":{"Written by":"pellervo","Est. reading time":"2 minutes"},"schema":{"@context":"https:\/\/schema.org","@graph":[{"@type":"Article","@id":"https:\/\/pellervo.fi\/sv\/uutiset\/2017\/04\/07\/osuustoiminta-huomioon-kunta-ja-maakuntauudistuksessa\/#article","isPartOf":{"@id":"https:\/\/pellervo.fi\/sv\/uutiset\/2017\/04\/07\/osuustoiminta-huomioon-kunta-ja-maakuntauudistuksessa\/"},"author":{"name":"pellervo","@id":"https:\/\/pellervo.fi\/#\/schema\/person\/4b74d40956937d1367ade81899997e71"},"headline":"Osuustoiminta huomioon kunta- ja maakuntauudistuksessa &#8211; Pellervon vuosikokous teki valintoja valtuuskuntaan","datePublished":"2017-04-07T05:29:29+00:00","dateModified":"2018-01-23T07:42:47+00:00","mainEntityOfPage":{"@id":"https:\/\/pellervo.fi\/sv\/uutiset\/2017\/04\/07\/osuustoiminta-huomioon-kunta-ja-maakuntauudistuksessa\/"},"wordCount":411,"commentCount":0,"publisher":{"@id":"https:\/\/pellervo.fi\/#organization"},"image":{"@id":"https:\/\/pellervo.fi\/sv\/uutiset\/2017\/04\/07\/osuustoiminta-huomioon-kunta-ja-maakuntauudistuksessa\/#primaryimage"},"thumbnailUrl":"https:\/\/pellervo.fi\/wp-content\/uploads\/2017\/04\/kattely-1.jpg","articleSection":["J\u00e4rjest\u00f6","Uutiset"],"inLanguage":"en-US","potentialAction":[{"@type":"CommentAction","name":"Comment","target":["https:\/\/pellervo.fi\/sv\/uutiset\/2017\/04\/07\/osuustoiminta-huomioon-kunta-ja-maakuntauudistuksessa\/#respond"]}]},{"@type":"WebPage","@id":"https:\/\/pellervo.fi\/sv\/uutiset\/2017\/04\/07\/osuustoiminta-huomioon-kunta-ja-maakuntauudistuksessa\/","url":"https:\/\/pellervo.fi\/sv\/uutiset\/2017\/04\/07\/osuustoiminta-huomioon-kunta-ja-maakuntauudistuksessa\/","name":"Osuustoiminta huomioon kunta- ja maakuntauudistuksessa - Pellervon vuosikokous teki valintoja valtuuskuntaan - Pellervo","isPartOf":{"@id":"https:\/\/pellervo.fi\/#website"},"primaryImageOfPage":{"@id":"https:\/\/pellervo.fi\/sv\/uutiset\/2017\/04\/07\/osuustoiminta-huomioon-kunta-ja-maakuntauudistuksessa\/#primaryimage"},"image":{"@id":"https:\/\/pellervo.fi\/sv\/uutiset\/2017\/04\/07\/osuustoiminta-huomioon-kunta-ja-maakuntauudistuksessa\/#primaryimage"},"thumbnailUrl":"https:\/\/pellervo.fi\/wp-content\/uploads\/2017\/04\/kattely-1.jpg","datePublished":"2017-04-07T05:29:29+00:00","dateModified":"2018-01-23T07:42:47+00:00","breadcrumb":{"@id":"https:\/\/pellervo.fi\/sv\/uutiset\/2017\/04\/07\/osuustoiminta-huomioon-kunta-ja-maakuntauudistuksessa\/#breadcrumb"},"inLanguage":"en-US","potentialAction":[{"@type":"ReadAction","target":["https:\/\/pellervo.fi\/sv\/uutiset\/2017\/04\/07\/osuustoiminta-huomioon-kunta-ja-maakuntauudistuksessa\/"]}]},{"@type":"ImageObject","inLanguage":"en-US","@id":"https:\/\/pellervo.fi\/sv\/uutiset\/2017\/04\/07\/osuustoiminta-huomioon-kunta-ja-maakuntauudistuksessa\/#primaryimage","url":"https:\/\/pellervo.fi\/wp-content\/uploads\/2017\/04\/kattely-1.jpg","contentUrl":"https:\/\/pellervo.fi\/wp-content\/uploads\/2017\/04\/kattely-1.jpg","width":800,"height":533},{"@type":"BreadcrumbList","@id":"https:\/\/pellervo.fi\/sv\/uutiset\/2017\/04\/07\/osuustoiminta-huomioon-kunta-ja-maakuntauudistuksessa\/#breadcrumb","itemListElement":[{"@type":"ListItem","position":1,"name":"Koti","item":"https:\/\/pellervo.fi\/en\/"},{"@type":"ListItem","position":2,"name":"Osuustoiminta huomioon kunta- ja maakuntauudistuksessa &#8211; Pellervon vuosikokous teki valintoja valtuuskuntaan"}]},{"@type":"WebSite","@id":"https:\/\/pellervo.fi\/#website","url":"https:\/\/pellervo.fi\/","name":"Pellervo","description":"Osuuskuntien keskusj\u00e4rjest\u00f6","publisher":{"@id":"https:\/\/pellervo.fi\/#organization"},"potentialAction":[{"@type":"SearchAction","target":{"@type":"EntryPoint","urlTemplate":"https:\/\/pellervo.fi\/?s={search_term_string}"},"query-input":{"@type":"PropertyValueSpecification","valueRequired":true,"valueName":"search_term_string"}}],"inLanguage":"en-US"},{"@type":"Organization","@id":"https:\/\/pellervo.fi\/#organization","name":"Osuustoimintakeskus Pellervo ry","url":"https:\/\/pellervo.fi\/","logo":{"@type":"ImageObject","inLanguage":"en-US","@id":"https:\/\/pellervo.fi\/#\/schema\/logo\/image\/","url":"https:\/\/pellervo.fi\/wp-content\/uploads\/2020\/05\/Pellervo_logo.png","contentUrl":"https:\/\/pellervo.fi\/wp-content\/uploads\/2020\/05\/Pellervo_logo.png","width":1335,"height":376,"caption":"Osuustoimintakeskus Pellervo ry"},"image":{"@id":"https:\/\/pellervo.fi\/#\/schema\/logo\/image\/"},"sameAs":["https:\/\/x.com\/PellervoFi"]},{"@type":"Person","@id":"https:\/\/pellervo.fi\/#\/schema\/person\/4b74d40956937d1367ade81899997e71","name":"pellervo","image":{"@type":"ImageObject","inLanguage":"en-US","@id":"https:\/\/pellervo.fi\/wp-content\/uploads\/2013\/11\/pellervo_avatar_1384522134-96x96.jpg","url":"https:\/\/pellervo.fi\/wp-content\/uploads\/2013\/11\/pellervo_avatar_1384522134-96x96.jpg","contentUrl":"https:\/\/pellervo.fi\/wp-content\/uploads\/2013\/11\/pellervo_avatar_1384522134-96x96.jpg","caption":"pellervo"},"description":"Kuvaus","url":"https:\/\/pellervo.fi\/en\/author\/pellervo\/"}]}},"_links":{"self":[{"href":"https:\/\/pellervo.fi\/en\/wp-json\/wp\/v2\/posts\/658640","targetHints":{"allow":["GET"]}}],"collection":[{"href":"https:\/\/pellervo.fi\/en\/wp-json\/wp\/v2\/posts"}],"about":[{"href":"https:\/\/pellervo.fi\/en\/wp-json\/wp\/v2\/types\/post"}],"author":[{"embeddable":true,"href":"https:\/\/pellervo.fi\/en\/wp-json\/wp\/v2\/users\/5"}],"replies":[{"embeddable":true,"href":"https:\/\/pellervo.fi\/en\/wp-json\/wp\/v2\/comments?post=658640"}],"version-history":[{"count":4,"href":"https:\/\/pellervo.fi\/en\/wp-json\/wp\/v2\/posts\/658640\/revisions"}],"predecessor-version":[{"id":883692,"href":"https:\/\/pellervo.fi\/en\/wp-json\/wp\/v2\/posts\/658640\/revisions\/883692"}],"wp:featuredmedia":[{"embeddable":true,"href":"https:\/\/pellervo.fi\/en\/wp-json\/wp\/v2\/media\/658691"}],"wp:attachment":[{"href":"https:\/\/pellervo.fi\/en\/wp-json\/wp\/v2\/media?parent=658640"}],"wp:term":[{"taxonomy":"category","embeddable":true,"href":"https:\/\/pellervo.fi\/en\/wp-json\/wp\/v2\/categories?post=658640"},{"taxonomy":"post_tag","embeddable":true,"href":"https:\/\/pellervo.fi\/en\/wp-json\/wp\/v2\/tags?post=658640"}],"curies":[{"name":"wp","href":"https:\/\/api.w.org\/{rel}","templated":true}]}}