{"id":658644,"date":"2017-04-07T08:13:05","date_gmt":"2017-04-07T05:13:05","guid":{"rendered":"http:\/\/pellervo.fi\/?p=658644"},"modified":"2017-04-07T15:01:35","modified_gmt":"2017-04-07T12:01:35","slug":"suomi-100-hedvig-gebhard-150-gebhard-mitaleita-osuustoiminnassa-ansioituneille","status":"publish","type":"post","link":"https:\/\/pellervo.fi\/en\/uutiset\/2017\/04\/07\/suomi-100-hedvig-gebhard-150-gebhard-mitaleita-osuustoiminnassa-ansioituneille\/","title":{"rendered":"Suomi 100 &#8211; Hedvig Gebhard 150: Gebhard-mitaleita osuustoiminnassa ansioituneille"},"content":{"rendered":"<p>Pellervo-Seura ry on my\u00f6nt\u00e4nyt 15 Gebhard-mitalia tunnustukseksi osuustoiminnan ja keskin\u00e4isyyden eteen tehdyst\u00e4 ty\u00f6st\u00e4. Merkit my\u00f6nnettiin osuustoimintapioneeri Hedvig Gebhardin syntym\u00e4n 150-juhlavuoden kunniaksi. H\u00e4n korosti osuustoiminnan arvopohjaisuutta ja naisten osallistumisen t\u00e4rkeytt\u00e4. Samalla muistetaan itsen\u00e4isen Suomen 100-vuotisjuhlaa.<\/p>\n<p>Gebhard-mitaleissa on kuvattuna suomalaisen osuustoimintaliikkeen keskeisten perustajien Hannes ja Hedvig Gebhardin profiilit. Mitalit ly\u00f6tettiin Hedvig Gebhardin 85-vuotisp\u00e4iv\u00e4ksi vuonna 1952. Gebhard-mitalit on suunnitellut kuvanveist\u00e4j\u00e4 Kalervo Kallio.<\/p>\n<p>Mitalit julkistettiin ja luovutettiin Pellervon P\u00e4iv\u00e4ss\u00e4 2017, joka pidettiin Helsingiss\u00e4 torstaina 6. huhtikuuta.<\/p>\n<p>Tunnustuksen saajat olivat:<\/p>\n<p>Toimitusjohtaja, ETM Annikka Hurme, Helsinki, <em>kultainen Gebhard-mitali<br \/>\n<\/em>Pitk\u00e4aikainen ja hyvin ansiokas ty\u00f6ura Suomen suurimmassa osuustoiminnallisessa elintarvikeyrityksess\u00e4 Valiossa. Korostanut ty\u00f6ss\u00e4\u00e4n omistajien merkityst\u00e4 yrityksen menestymiselle.<\/p>\n<p>Maatalousyritt\u00e4j\u00e4, agrologi Tiina Linnainmaa, H\u00e4meenkyr\u00f6, <em>kultainen Gebhard-mitali<br \/>\n<\/em>Toiminut varsin monipuolisesti ja hyvin ansiokkaasti osuustoiminnan, keskin\u00e4isen L\u00e4hiTapiola-ryhm\u00e4n sek\u00e4 tuottajien ammatillisen yhteistoiminnan parissa. Keskeisiss\u00e4 teht\u00e4viss\u00e4 my\u00f6s osuustoiminnan j\u00e4rjest\u00f6rakenteessa Pellervossa ja tuottajaosuuskuntien Eurooppa-j\u00e4rjest\u00f6 Cogecassa.<\/p>\n<p>Kansanedustaja, MMM Anne Kalmari, Kivij\u00e4rvi, <em>hopeinen Gebhard-mitali<br \/>\n<\/em>Monipuolista ja menestyksellist\u00e4 ty\u00f6t\u00e4 osuustoiminnan ja keskin\u00e4isyyden parissa. Mukana my\u00f6s osuustoiminnan yhteisty\u00f6rakenteissa, mm. tasa-arvoty\u00f6t\u00e4 edist\u00e4neiss\u00e4 Hedvig-hankkeissa.<\/p>\n<p>Puheenjohtaja, KTM Kirsti Kirjonen, Salo, <em>hopeinen Gebhard-mitali<br \/>\n<\/em>Pitk\u00e4aikainen ja menestyksellinen hallintohenkil\u00f6ura osuuspankkitoiminnassa ja osuustoiminnan j\u00e4rjest\u00f6rakenteissa.<\/p>\n<p>Maatalousyritt\u00e4j\u00e4, agrologi Katariina Lampela, Tervola, <em>hopeinen Gebhard-mitali<\/em><br \/>\nMonipuolista ja menestyksellist\u00e4 ty\u00f6t\u00e4 osuustoiminnan parissa maito-osuuskunnissa ja osuuspankkitoiminnassa. Mukana my\u00f6s osuustoiminnan j\u00e4rjest\u00f6rakenteissa.<\/p>\n<p>Maanviljelij\u00e4, agronomi Anna Lappalainen, Siilinj\u00e4rvi, <em>hopeinen Gebhard-mitali<br \/>\n<\/em>Edist\u00e4nyt merkitt\u00e4v\u00e4sti Faba osuuskunnan kansainv\u00e4listymist\u00e4 ja hallinnon kehitt\u00e4mist\u00e4. Toiminut useita vuosia kotimaisten osuuskuntien avainteht\u00e4vien lis\u00e4ksi Pohjoismaisissa merkitt\u00e4viss\u00e4 hallintoteht\u00e4viss\u00e4.<\/p>\n<p>Maatalousyritt\u00e4j\u00e4, yo-merkonomi Tiina Mitikka, Iitti, <em>hopeinen Gebhard-mitali<br \/>\n<\/em>Edist\u00e4nyt merkitt\u00e4v\u00e4sti Faba osuuskunnan kansainv\u00e4listymist\u00e4 ja hallinnon kehitt\u00e4mist\u00e4. Toiminut useita vuosia kotimaisten osuuskuntien avainteht\u00e4vien lis\u00e4ksi Pohjoismaisissa merkitt\u00e4viss\u00e4 hallintoteht\u00e4viss\u00e4.<\/p>\n<p>Toimitusjohtaja, KTT Saila Rosas, Lapinj\u00e4rvi, <em>hopeinen Gebhard-mitali<br \/>\n<\/em>Pitk\u00e4aikainen ja menestyksellinen ty\u00f6skentely osuuspankkitoiminnassa. Mukana osuustoiminnan kehitt\u00e4misess\u00e4, v\u00e4it\u00f6skirja osuustoiminta-aiheesta.<\/p>\n<p>Yhteysjohtaja, KTM Marjaana Saarikoski, Helsinki, <em>hopeinen Gebhard-mitali<br \/>\n<\/em>Pitk\u00e4aikainen palvelu kuluttajaosuustoiminnan parissa ja asiakasomistajuuden kehitt\u00e4miseksi. Mukana my\u00f6s osuustoiminnan eheytt\u00e4misess\u00e4. Kansainv\u00e4lisen osuustoimintaliiton ICA:n tasa-arvokomitean varapuheenjohtaja.<\/p>\n<p>Palvelup\u00e4\u00e4llikk\u00f6 Maija Karjalainen, Turku, <em>pronssinen Gebhard-mitali<br \/>\n<\/em>Kannustanut ja tukenut pitk\u00e4aikaisesti eri toimijoita Hannes ja Hedvig Gebhardin el\u00e4m\u00e4nty\u00f6n tunnetuksi tekemisess\u00e4.<\/p>\n<p>Verkko-opetuskoordinaattori, VTM Tytti Kl\u00e9n, M\u00e4ntyharju, <em>pronssinen Gebhard-mitali<br \/>\n<\/em>Menestyksek\u00e4st\u00e4 ty\u00f6t\u00e4 osuustoimintayritt\u00e4j\u00e4n\u00e4, osuuskuntaneuvojana, kehitt\u00e4j\u00e4n\u00e4 sek\u00e4 kouluttajana.<\/p>\n<p>Toimitusjohtaja, KTM Ulla Lepp\u00e4nen, Tampere, <em>pronssinen Gebhard-mitali<br \/>\n<\/em>Monipuolista ja menestyksek\u00e4st\u00e4 ty\u00f6t\u00e4 osuustoimintayritt\u00e4j\u00e4n\u00e4 sek\u00e4 osuustoiminnan neuvonnan ja koulutuksen parissa.<\/p>\n<p>P\u00e4\u00e4valmentaja, KTM Ulla Luukas, Jyv\u00e4skyl\u00e4, <em>pronssinen Gebhard-mitali<br \/>\n<\/em>Ansiokasta toimintaa osuustoimintamallin k\u00e4ytt\u00e4misest\u00e4 tiimiyritt\u00e4jyyden oppimisymp\u00e4rist\u00f6n\u00e4. Jyv\u00e4skyl\u00e4n ammattikorkeakoulun Tiimiakatemian valmentajana ja p\u00e4\u00e4valmentajana on keskeisess\u00e4 roolissa my\u00f6s toimintamallin levitt\u00e4misess\u00e4 Suomessa ja vienniss\u00e4 ulkomaille.<\/p>\n<p>Maatalousyritt\u00e4j\u00e4, opettaja Kati Partanen, Iisalmi, <em>pronssinen Gebhard-mitali<br \/>\n<\/em>Keskin\u00e4isen L\u00e4hiTapiola-ryhm\u00e4n toiminnassa mukana alue- ja valtakunnantasolla. Mukana tuottajaj\u00e4rjest\u00f6ss\u00e4 ja Maailman viljelij\u00e4j\u00e4rjest\u00f6ss\u00e4 (WFO), jossa my\u00f6s naisten komitean puheenjohtaja. Tuonut vahvasti esiin osuustoiminnan ja naisten merkityst\u00e4 maataloudessa ja yritystoiminnassa.<\/p>\n<p>Osuuskuntaneuvoja Mirja Taipale, Tampere, <em>pronssinen Gebhard-mitali<br \/>\n<\/em>Menestyksek\u00e4st\u00e4 ty\u00f6t\u00e4 osuustoimintaneuvonnan parissa.<\/p>\n<p>&nbsp;  <\/p>\n","protected":false},"excerpt":{"rendered":"<p>Pellervo-Seura ry on my\u00f6nt\u00e4nyt 15 Gebhard-mitalia tunnustukseksi osuustoiminnan ja keskin\u00e4isyyden eteen tehdyst\u00e4 ty\u00f6st\u00e4. Merkit my\u00f6nnettiin osuustoimintapioneeri Hedvig Gebhardin syntym\u00e4n 150-juhlavuoden kunniaksi. H\u00e4n korosti osuustoiminnan arvopohjaisuutta ja naisten osallistumisen t\u00e4rkeytt\u00e4. Samalla muistetaan itsen\u00e4isen Suomen 100-vuotisjuhlaa.<\/p>\n","protected":false},"author":5,"featured_media":658817,"comment_status":"open","ping_status":"open","sticky":false,"template":"","format":"standard","meta":{"inline_featured_image":false,"_monsterinsights_skip_tracking":false,"_monsterinsights_sitenote_active":false,"_monsterinsights_sitenote_note":"","_monsterinsights_sitenote_category":0,"site-sidebar-layout":"default","site-content-layout":"","ast-site-content-layout":"default","site-content-style":"default","site-sidebar-style":"default","ast-global-header-display":"","ast-banner-title-visibility":"","ast-main-header-display":"","ast-hfb-above-header-display":"","ast-hfb-below-header-display":"","ast-hfb-mobile-header-display":"","site-post-title":"","ast-breadcrumbs-content":"","ast-featured-img":"","footer-sml-layout":"","ast-disable-related-posts":"","theme-transparent-header-meta":"","adv-header-id-meta":"","stick-header-meta":"","header-above-stick-meta":"","header-main-stick-meta":"","header-below-stick-meta":"","astra-migrate-meta-layouts":"default","ast-page-background-enabled":"default","ast-page-background-meta":{"desktop":{"background-color":"","background-image":"","background-repeat":"repeat","background-position":"center center","background-size":"auto","background-attachment":"scroll","background-type":"","background-media":"","overlay-type":"","overlay-color":"","overlay-opacity":"","overlay-gradient":""},"tablet":{"background-color":"","background-image":"","background-repeat":"repeat","background-position":"center center","background-size":"auto","background-attachment":"scroll","background-type":"","background-media":"","overlay-type":"","overlay-color":"","overlay-opacity":"","overlay-gradient":""},"mobile":{"background-color":"","background-image":"","background-repeat":"repeat","background-position":"center center","background-size":"auto","background-attachment":"scroll","background-type":"","background-media":"","overlay-type":"","overlay-color":"","overlay-opacity":"","overlay-gradient":""}},"ast-content-background-meta":{"desktop":{"background-color":"var(--ast-global-color-5)","background-image":"","background-repeat":"repeat","background-position":"center center","background-size":"auto","background-attachment":"scroll","background-type":"","background-media":"","overlay-type":"","overlay-color":"","overlay-opacity":"","overlay-gradient":""},"tablet":{"background-color":"var(--ast-global-color-5)","background-image":"","background-repeat":"repeat","background-position":"center center","background-size":"auto","background-attachment":"scroll","background-type":"","background-media":"","overlay-type":"","overlay-color":"","overlay-opacity":"","overlay-gradient":""},"mobile":{"background-color":"var(--ast-global-color-5)","background-image":"","background-repeat":"repeat","background-position":"center center","background-size":"auto","background-attachment":"scroll","background-type":"","background-media":"","overlay-type":"","overlay-color":"","overlay-opacity":"","overlay-gradient":""}},"_FSMCFIC_featured_image_caption":"","_FSMCFIC_featured_image_nocaption":"","_FSMCFIC_featured_image_hide":"","footnotes":""},"categories":[22],"tags":[],"class_list":["post-658644","post","type-post","status-publish","format-standard","has-post-thumbnail","hentry","category-uutiset"],"yoast_head":"<!-- This site is optimized with the Yoast SEO plugin v27.5 - https:\/\/yoast.com\/product\/yoast-seo-wordpress\/ -->\n<title>Suomi 100 - Hedvig Gebhard 150: Gebhard-mitaleita osuustoiminnassa ansioituneille - Pellervo<\/title>\n<meta name=\"robots\" content=\"index, follow, max-snippet:-1, max-image-preview:large, max-video-preview:-1\" \/>\n<link rel=\"canonical\" href=\"https:\/\/pellervo.fi\/uutiset\/2017\/04\/07\/suomi-100-hedvig-gebhard-150-gebhard-mitaleita-osuustoiminnassa-ansioituneille\/\" \/>\n<meta property=\"og:locale\" content=\"en_US\" \/>\n<meta property=\"og:type\" content=\"article\" \/>\n<meta property=\"og:title\" content=\"Suomi 100 - Hedvig Gebhard 150: Gebhard-mitaleita osuustoiminnassa ansioituneille - Pellervo\" \/>\n<meta property=\"og:description\" content=\"Pellervo-Seura ry on my\u00f6nt\u00e4nyt 15 Gebhard-mitalia tunnustukseksi osuustoiminnan ja keskin\u00e4isyyden eteen tehdyst\u00e4 ty\u00f6st\u00e4. Merkit my\u00f6nnettiin osuustoimintapioneeri Hedvig Gebhardin syntym\u00e4n 150-juhlavuoden kunniaksi. H\u00e4n korosti osuustoiminnan arvopohjaisuutta ja naisten osallistumisen t\u00e4rkeytt\u00e4. Samalla muistetaan itsen\u00e4isen Suomen 100-vuotisjuhlaa.\" \/>\n<meta property=\"og:url\" content=\"https:\/\/pellervo.fi\/uutiset\/2017\/04\/07\/suomi-100-hedvig-gebhard-150-gebhard-mitaleita-osuustoiminnassa-ansioituneille\/\" \/>\n<meta property=\"og:site_name\" content=\"Pellervo\" \/>\n<meta property=\"article:published_time\" content=\"2017-04-07T05:13:05+00:00\" \/>\n<meta property=\"article:modified_time\" content=\"2017-04-07T12:01:35+00:00\" \/>\n<meta property=\"og:image\" content=\"https:\/\/pellervo.fi\/wp-content\/uploads\/2017\/04\/gebhard-mitalit-pp2017.jpg\" \/>\n\t<meta property=\"og:image:width\" content=\"900\" \/>\n\t<meta property=\"og:image:height\" content=\"600\" \/>\n\t<meta property=\"og:image:type\" content=\"image\/jpeg\" \/>\n<meta name=\"author\" content=\"pellervo\" \/>\n<meta name=\"twitter:card\" content=\"summary_large_image\" \/>\n<meta name=\"twitter:creator\" content=\"@PellervoFi\" \/>\n<meta name=\"twitter:site\" content=\"@PellervoFi\" \/>\n<meta name=\"twitter:label1\" content=\"Written by\" \/>\n\t<meta name=\"twitter:data1\" content=\"pellervo\" \/>\n\t<meta name=\"twitter:label2\" content=\"Est. reading time\" \/>\n\t<meta name=\"twitter:data2\" content=\"3 minutes\" \/>\n<script type=\"application\/ld+json\" class=\"yoast-schema-graph\">{\"@context\":\"https:\\\/\\\/schema.org\",\"@graph\":[{\"@type\":\"Article\",\"@id\":\"https:\\\/\\\/pellervo.fi\\\/uutiset\\\/2017\\\/04\\\/07\\\/suomi-100-hedvig-gebhard-150-gebhard-mitaleita-osuustoiminnassa-ansioituneille\\\/#article\",\"isPartOf\":{\"@id\":\"https:\\\/\\\/pellervo.fi\\\/uutiset\\\/2017\\\/04\\\/07\\\/suomi-100-hedvig-gebhard-150-gebhard-mitaleita-osuustoiminnassa-ansioituneille\\\/\"},\"author\":{\"name\":\"pellervo\",\"@id\":\"https:\\\/\\\/pellervo.fi\\\/#\\\/schema\\\/person\\\/4b74d40956937d1367ade81899997e71\"},\"headline\":\"Suomi 100 &#8211; Hedvig Gebhard 150: Gebhard-mitaleita osuustoiminnassa ansioituneille\",\"datePublished\":\"2017-04-07T05:13:05+00:00\",\"dateModified\":\"2017-04-07T12:01:35+00:00\",\"mainEntityOfPage\":{\"@id\":\"https:\\\/\\\/pellervo.fi\\\/uutiset\\\/2017\\\/04\\\/07\\\/suomi-100-hedvig-gebhard-150-gebhard-mitaleita-osuustoiminnassa-ansioituneille\\\/\"},\"wordCount\":525,\"commentCount\":0,\"publisher\":{\"@id\":\"https:\\\/\\\/pellervo.fi\\\/#organization\"},\"image\":{\"@id\":\"https:\\\/\\\/pellervo.fi\\\/uutiset\\\/2017\\\/04\\\/07\\\/suomi-100-hedvig-gebhard-150-gebhard-mitaleita-osuustoiminnassa-ansioituneille\\\/#primaryimage\"},\"thumbnailUrl\":\"https:\\\/\\\/pellervo.fi\\\/wp-content\\\/uploads\\\/2017\\\/04\\\/gebhard-mitalit-pp2017.jpg\",\"articleSection\":[\"Uutiset\"],\"inLanguage\":\"en-US\",\"potentialAction\":[{\"@type\":\"CommentAction\",\"name\":\"Comment\",\"target\":[\"https:\\\/\\\/pellervo.fi\\\/uutiset\\\/2017\\\/04\\\/07\\\/suomi-100-hedvig-gebhard-150-gebhard-mitaleita-osuustoiminnassa-ansioituneille\\\/#respond\"]}]},{\"@type\":\"WebPage\",\"@id\":\"https:\\\/\\\/pellervo.fi\\\/uutiset\\\/2017\\\/04\\\/07\\\/suomi-100-hedvig-gebhard-150-gebhard-mitaleita-osuustoiminnassa-ansioituneille\\\/\",\"url\":\"https:\\\/\\\/pellervo.fi\\\/uutiset\\\/2017\\\/04\\\/07\\\/suomi-100-hedvig-gebhard-150-gebhard-mitaleita-osuustoiminnassa-ansioituneille\\\/\",\"name\":\"Suomi 100 - Hedvig Gebhard 150: Gebhard-mitaleita osuustoiminnassa ansioituneille - Pellervo\",\"isPartOf\":{\"@id\":\"https:\\\/\\\/pellervo.fi\\\/#website\"},\"primaryImageOfPage\":{\"@id\":\"https:\\\/\\\/pellervo.fi\\\/uutiset\\\/2017\\\/04\\\/07\\\/suomi-100-hedvig-gebhard-150-gebhard-mitaleita-osuustoiminnassa-ansioituneille\\\/#primaryimage\"},\"image\":{\"@id\":\"https:\\\/\\\/pellervo.fi\\\/uutiset\\\/2017\\\/04\\\/07\\\/suomi-100-hedvig-gebhard-150-gebhard-mitaleita-osuustoiminnassa-ansioituneille\\\/#primaryimage\"},\"thumbnailUrl\":\"https:\\\/\\\/pellervo.fi\\\/wp-content\\\/uploads\\\/2017\\\/04\\\/gebhard-mitalit-pp2017.jpg\",\"datePublished\":\"2017-04-07T05:13:05+00:00\",\"dateModified\":\"2017-04-07T12:01:35+00:00\",\"breadcrumb\":{\"@id\":\"https:\\\/\\\/pellervo.fi\\\/uutiset\\\/2017\\\/04\\\/07\\\/suomi-100-hedvig-gebhard-150-gebhard-mitaleita-osuustoiminnassa-ansioituneille\\\/#breadcrumb\"},\"inLanguage\":\"en-US\",\"potentialAction\":[{\"@type\":\"ReadAction\",\"target\":[\"https:\\\/\\\/pellervo.fi\\\/uutiset\\\/2017\\\/04\\\/07\\\/suomi-100-hedvig-gebhard-150-gebhard-mitaleita-osuustoiminnassa-ansioituneille\\\/\"]}]},{\"@type\":\"ImageObject\",\"inLanguage\":\"en-US\",\"@id\":\"https:\\\/\\\/pellervo.fi\\\/uutiset\\\/2017\\\/04\\\/07\\\/suomi-100-hedvig-gebhard-150-gebhard-mitaleita-osuustoiminnassa-ansioituneille\\\/#primaryimage\",\"url\":\"https:\\\/\\\/pellervo.fi\\\/wp-content\\\/uploads\\\/2017\\\/04\\\/gebhard-mitalit-pp2017.jpg\",\"contentUrl\":\"https:\\\/\\\/pellervo.fi\\\/wp-content\\\/uploads\\\/2017\\\/04\\\/gebhard-mitalit-pp2017.jpg\",\"width\":900,\"height\":600},{\"@type\":\"BreadcrumbList\",\"@id\":\"https:\\\/\\\/pellervo.fi\\\/uutiset\\\/2017\\\/04\\\/07\\\/suomi-100-hedvig-gebhard-150-gebhard-mitaleita-osuustoiminnassa-ansioituneille\\\/#breadcrumb\",\"itemListElement\":[{\"@type\":\"ListItem\",\"position\":1,\"name\":\"Koti\",\"item\":\"https:\\\/\\\/pellervo.fi\\\/en\\\/\"},{\"@type\":\"ListItem\",\"position\":2,\"name\":\"Suomi 100 &#8211; Hedvig Gebhard 150: Gebhard-mitaleita osuustoiminnassa ansioituneille\"}]},{\"@type\":\"WebSite\",\"@id\":\"https:\\\/\\\/pellervo.fi\\\/#website\",\"url\":\"https:\\\/\\\/pellervo.fi\\\/\",\"name\":\"Pellervo\",\"description\":\"Osuuskuntien keskusj\u00e4rjest\u00f6\",\"publisher\":{\"@id\":\"https:\\\/\\\/pellervo.fi\\\/#organization\"},\"potentialAction\":[{\"@type\":\"SearchAction\",\"target\":{\"@type\":\"EntryPoint\",\"urlTemplate\":\"https:\\\/\\\/pellervo.fi\\\/?s={search_term_string}\"},\"query-input\":{\"@type\":\"PropertyValueSpecification\",\"valueRequired\":true,\"valueName\":\"search_term_string\"}}],\"inLanguage\":\"en-US\"},{\"@type\":\"Organization\",\"@id\":\"https:\\\/\\\/pellervo.fi\\\/#organization\",\"name\":\"Osuustoimintakeskus Pellervo ry\",\"url\":\"https:\\\/\\\/pellervo.fi\\\/\",\"logo\":{\"@type\":\"ImageObject\",\"inLanguage\":\"en-US\",\"@id\":\"https:\\\/\\\/pellervo.fi\\\/#\\\/schema\\\/logo\\\/image\\\/\",\"url\":\"https:\\\/\\\/pellervo.fi\\\/wp-content\\\/uploads\\\/2020\\\/05\\\/Pellervo_logo.png\",\"contentUrl\":\"https:\\\/\\\/pellervo.fi\\\/wp-content\\\/uploads\\\/2020\\\/05\\\/Pellervo_logo.png\",\"width\":1335,\"height\":376,\"caption\":\"Osuustoimintakeskus Pellervo ry\"},\"image\":{\"@id\":\"https:\\\/\\\/pellervo.fi\\\/#\\\/schema\\\/logo\\\/image\\\/\"},\"sameAs\":[\"https:\\\/\\\/x.com\\\/PellervoFi\"]},{\"@type\":\"Person\",\"@id\":\"https:\\\/\\\/pellervo.fi\\\/#\\\/schema\\\/person\\\/4b74d40956937d1367ade81899997e71\",\"name\":\"pellervo\",\"image\":{\"@type\":\"ImageObject\",\"inLanguage\":\"en-US\",\"@id\":\"https:\\\/\\\/pellervo.fi\\\/wp-content\\\/uploads\\\/2013\\\/11\\\/pellervo_avatar_1384522134-96x96.jpg\",\"url\":\"https:\\\/\\\/pellervo.fi\\\/wp-content\\\/uploads\\\/2013\\\/11\\\/pellervo_avatar_1384522134-96x96.jpg\",\"contentUrl\":\"https:\\\/\\\/pellervo.fi\\\/wp-content\\\/uploads\\\/2013\\\/11\\\/pellervo_avatar_1384522134-96x96.jpg\",\"caption\":\"pellervo\"},\"description\":\"Kuvaus\",\"url\":\"https:\\\/\\\/pellervo.fi\\\/en\\\/author\\\/pellervo\\\/\"}]}<\/script>\n<!-- \/ Yoast SEO plugin. -->","yoast_head_json":{"title":"Suomi 100 - Hedvig Gebhard 150: Gebhard-mitaleita osuustoiminnassa ansioituneille - Pellervo","robots":{"index":"index","follow":"follow","max-snippet":"max-snippet:-1","max-image-preview":"max-image-preview:large","max-video-preview":"max-video-preview:-1"},"canonical":"https:\/\/pellervo.fi\/uutiset\/2017\/04\/07\/suomi-100-hedvig-gebhard-150-gebhard-mitaleita-osuustoiminnassa-ansioituneille\/","og_locale":"en_US","og_type":"article","og_title":"Suomi 100 - Hedvig Gebhard 150: Gebhard-mitaleita osuustoiminnassa ansioituneille - Pellervo","og_description":"Pellervo-Seura ry on my\u00f6nt\u00e4nyt 15 Gebhard-mitalia tunnustukseksi osuustoiminnan ja keskin\u00e4isyyden eteen tehdyst\u00e4 ty\u00f6st\u00e4. Merkit my\u00f6nnettiin osuustoimintapioneeri Hedvig Gebhardin syntym\u00e4n 150-juhlavuoden kunniaksi. H\u00e4n korosti osuustoiminnan arvopohjaisuutta ja naisten osallistumisen t\u00e4rkeytt\u00e4. Samalla muistetaan itsen\u00e4isen Suomen 100-vuotisjuhlaa.","og_url":"https:\/\/pellervo.fi\/uutiset\/2017\/04\/07\/suomi-100-hedvig-gebhard-150-gebhard-mitaleita-osuustoiminnassa-ansioituneille\/","og_site_name":"Pellervo","article_published_time":"2017-04-07T05:13:05+00:00","article_modified_time":"2017-04-07T12:01:35+00:00","og_image":[{"width":900,"height":600,"url":"https:\/\/pellervo.fi\/wp-content\/uploads\/2017\/04\/gebhard-mitalit-pp2017.jpg","type":"image\/jpeg"}],"author":"pellervo","twitter_card":"summary_large_image","twitter_creator":"@PellervoFi","twitter_site":"@PellervoFi","twitter_misc":{"Written by":"pellervo","Est. reading time":"3 minutes"},"schema":{"@context":"https:\/\/schema.org","@graph":[{"@type":"Article","@id":"https:\/\/pellervo.fi\/uutiset\/2017\/04\/07\/suomi-100-hedvig-gebhard-150-gebhard-mitaleita-osuustoiminnassa-ansioituneille\/#article","isPartOf":{"@id":"https:\/\/pellervo.fi\/uutiset\/2017\/04\/07\/suomi-100-hedvig-gebhard-150-gebhard-mitaleita-osuustoiminnassa-ansioituneille\/"},"author":{"name":"pellervo","@id":"https:\/\/pellervo.fi\/#\/schema\/person\/4b74d40956937d1367ade81899997e71"},"headline":"Suomi 100 &#8211; Hedvig Gebhard 150: Gebhard-mitaleita osuustoiminnassa ansioituneille","datePublished":"2017-04-07T05:13:05+00:00","dateModified":"2017-04-07T12:01:35+00:00","mainEntityOfPage":{"@id":"https:\/\/pellervo.fi\/uutiset\/2017\/04\/07\/suomi-100-hedvig-gebhard-150-gebhard-mitaleita-osuustoiminnassa-ansioituneille\/"},"wordCount":525,"commentCount":0,"publisher":{"@id":"https:\/\/pellervo.fi\/#organization"},"image":{"@id":"https:\/\/pellervo.fi\/uutiset\/2017\/04\/07\/suomi-100-hedvig-gebhard-150-gebhard-mitaleita-osuustoiminnassa-ansioituneille\/#primaryimage"},"thumbnailUrl":"https:\/\/pellervo.fi\/wp-content\/uploads\/2017\/04\/gebhard-mitalit-pp2017.jpg","articleSection":["Uutiset"],"inLanguage":"en-US","potentialAction":[{"@type":"CommentAction","name":"Comment","target":["https:\/\/pellervo.fi\/uutiset\/2017\/04\/07\/suomi-100-hedvig-gebhard-150-gebhard-mitaleita-osuustoiminnassa-ansioituneille\/#respond"]}]},{"@type":"WebPage","@id":"https:\/\/pellervo.fi\/uutiset\/2017\/04\/07\/suomi-100-hedvig-gebhard-150-gebhard-mitaleita-osuustoiminnassa-ansioituneille\/","url":"https:\/\/pellervo.fi\/uutiset\/2017\/04\/07\/suomi-100-hedvig-gebhard-150-gebhard-mitaleita-osuustoiminnassa-ansioituneille\/","name":"Suomi 100 - Hedvig Gebhard 150: Gebhard-mitaleita osuustoiminnassa ansioituneille - Pellervo","isPartOf":{"@id":"https:\/\/pellervo.fi\/#website"},"primaryImageOfPage":{"@id":"https:\/\/pellervo.fi\/uutiset\/2017\/04\/07\/suomi-100-hedvig-gebhard-150-gebhard-mitaleita-osuustoiminnassa-ansioituneille\/#primaryimage"},"image":{"@id":"https:\/\/pellervo.fi\/uutiset\/2017\/04\/07\/suomi-100-hedvig-gebhard-150-gebhard-mitaleita-osuustoiminnassa-ansioituneille\/#primaryimage"},"thumbnailUrl":"https:\/\/pellervo.fi\/wp-content\/uploads\/2017\/04\/gebhard-mitalit-pp2017.jpg","datePublished":"2017-04-07T05:13:05+00:00","dateModified":"2017-04-07T12:01:35+00:00","breadcrumb":{"@id":"https:\/\/pellervo.fi\/uutiset\/2017\/04\/07\/suomi-100-hedvig-gebhard-150-gebhard-mitaleita-osuustoiminnassa-ansioituneille\/#breadcrumb"},"inLanguage":"en-US","potentialAction":[{"@type":"ReadAction","target":["https:\/\/pellervo.fi\/uutiset\/2017\/04\/07\/suomi-100-hedvig-gebhard-150-gebhard-mitaleita-osuustoiminnassa-ansioituneille\/"]}]},{"@type":"ImageObject","inLanguage":"en-US","@id":"https:\/\/pellervo.fi\/uutiset\/2017\/04\/07\/suomi-100-hedvig-gebhard-150-gebhard-mitaleita-osuustoiminnassa-ansioituneille\/#primaryimage","url":"https:\/\/pellervo.fi\/wp-content\/uploads\/2017\/04\/gebhard-mitalit-pp2017.jpg","contentUrl":"https:\/\/pellervo.fi\/wp-content\/uploads\/2017\/04\/gebhard-mitalit-pp2017.jpg","width":900,"height":600},{"@type":"BreadcrumbList","@id":"https:\/\/pellervo.fi\/uutiset\/2017\/04\/07\/suomi-100-hedvig-gebhard-150-gebhard-mitaleita-osuustoiminnassa-ansioituneille\/#breadcrumb","itemListElement":[{"@type":"ListItem","position":1,"name":"Koti","item":"https:\/\/pellervo.fi\/en\/"},{"@type":"ListItem","position":2,"name":"Suomi 100 &#8211; Hedvig Gebhard 150: Gebhard-mitaleita osuustoiminnassa ansioituneille"}]},{"@type":"WebSite","@id":"https:\/\/pellervo.fi\/#website","url":"https:\/\/pellervo.fi\/","name":"Pellervo","description":"Osuuskuntien keskusj\u00e4rjest\u00f6","publisher":{"@id":"https:\/\/pellervo.fi\/#organization"},"potentialAction":[{"@type":"SearchAction","target":{"@type":"EntryPoint","urlTemplate":"https:\/\/pellervo.fi\/?s={search_term_string}"},"query-input":{"@type":"PropertyValueSpecification","valueRequired":true,"valueName":"search_term_string"}}],"inLanguage":"en-US"},{"@type":"Organization","@id":"https:\/\/pellervo.fi\/#organization","name":"Osuustoimintakeskus Pellervo ry","url":"https:\/\/pellervo.fi\/","logo":{"@type":"ImageObject","inLanguage":"en-US","@id":"https:\/\/pellervo.fi\/#\/schema\/logo\/image\/","url":"https:\/\/pellervo.fi\/wp-content\/uploads\/2020\/05\/Pellervo_logo.png","contentUrl":"https:\/\/pellervo.fi\/wp-content\/uploads\/2020\/05\/Pellervo_logo.png","width":1335,"height":376,"caption":"Osuustoimintakeskus Pellervo ry"},"image":{"@id":"https:\/\/pellervo.fi\/#\/schema\/logo\/image\/"},"sameAs":["https:\/\/x.com\/PellervoFi"]},{"@type":"Person","@id":"https:\/\/pellervo.fi\/#\/schema\/person\/4b74d40956937d1367ade81899997e71","name":"pellervo","image":{"@type":"ImageObject","inLanguage":"en-US","@id":"https:\/\/pellervo.fi\/wp-content\/uploads\/2013\/11\/pellervo_avatar_1384522134-96x96.jpg","url":"https:\/\/pellervo.fi\/wp-content\/uploads\/2013\/11\/pellervo_avatar_1384522134-96x96.jpg","contentUrl":"https:\/\/pellervo.fi\/wp-content\/uploads\/2013\/11\/pellervo_avatar_1384522134-96x96.jpg","caption":"pellervo"},"description":"Kuvaus","url":"https:\/\/pellervo.fi\/en\/author\/pellervo\/"}]}},"_links":{"self":[{"href":"https:\/\/pellervo.fi\/en\/wp-json\/wp\/v2\/posts\/658644","targetHints":{"allow":["GET"]}}],"collection":[{"href":"https:\/\/pellervo.fi\/en\/wp-json\/wp\/v2\/posts"}],"about":[{"href":"https:\/\/pellervo.fi\/en\/wp-json\/wp\/v2\/types\/post"}],"author":[{"embeddable":true,"href":"https:\/\/pellervo.fi\/en\/wp-json\/wp\/v2\/users\/5"}],"replies":[{"embeddable":true,"href":"https:\/\/pellervo.fi\/en\/wp-json\/wp\/v2\/comments?post=658644"}],"version-history":[{"count":2,"href":"https:\/\/pellervo.fi\/en\/wp-json\/wp\/v2\/posts\/658644\/revisions"}],"predecessor-version":[{"id":658646,"href":"https:\/\/pellervo.fi\/en\/wp-json\/wp\/v2\/posts\/658644\/revisions\/658646"}],"wp:featuredmedia":[{"embeddable":true,"href":"https:\/\/pellervo.fi\/en\/wp-json\/wp\/v2\/media\/658817"}],"wp:attachment":[{"href":"https:\/\/pellervo.fi\/en\/wp-json\/wp\/v2\/media?parent=658644"}],"wp:term":[{"taxonomy":"category","embeddable":true,"href":"https:\/\/pellervo.fi\/en\/wp-json\/wp\/v2\/categories?post=658644"},{"taxonomy":"post_tag","embeddable":true,"href":"https:\/\/pellervo.fi\/en\/wp-json\/wp\/v2\/tags?post=658644"}],"curies":[{"name":"wp","href":"https:\/\/api.w.org\/{rel}","templated":true}]}}