{"id":699339,"date":"2017-06-14T13:21:15","date_gmt":"2017-06-14T10:21:15","guid":{"rendered":"http:\/\/pellervo.fi\/?p=699339"},"modified":"2017-06-14T13:21:15","modified_gmt":"2017-06-14T10:21:15","slug":"tunnustusta-suomenkarjan-kasvattajille","status":"publish","type":"post","link":"https:\/\/pellervo.fi\/en\/uutiset\/2017\/06\/14\/tunnustusta-suomenkarjan-kasvattajille\/","title":{"rendered":"Tunnustusta suomenkarjan kasvattajille"},"content":{"rendered":"<p><strong>Faba osk ja VikingGenetics haluavat nostaa esiin ja kiitt\u00e4\u00e4 Suomen alkuper\u00e4isten nautarotujen eteen tehdyst\u00e4 ty\u00f6st\u00e4 ansioituneita tahoja. Tunnustukset jaetaan juhlavuoden Farmari 2017 n\u00e4yttelyss\u00e4 lypsykarjakeh\u00e4ss\u00e4 Sein\u00e4joella keskiviikkona 14.6.2017 klo 15.00.<\/strong><\/p>\n<p>Faba kertoo tiedotteesaan, ett\u00e4 se on my\u00f6nt\u00e4nyt kolmelle suomenkarjan kasvattajalle jalostuksen ansiomerkkej\u00e4. Hopeinen ansiomerkki<strong> Marja Kyl\u00e4np\u00e4\u00e4lle<\/strong> ja pronssiset <strong>Jussi Kuukasj\u00e4rvelle<\/strong> ja <strong>Harri Ala-Kapeelle<\/strong>. Marja Kyl\u00e4np\u00e4\u00e4 on ansioitunut suomenkarjankasvattaja Salosta.<strong> Harri Ala-Kapee<\/strong> ty\u00f6skentelee Ahlmanin koulutilalla, joka toimii yhten\u00e4 geenipankkikarjana.<strong> Jussi Kuukasj\u00e4rvi<\/strong> on Suomen Alkuper\u00e4iskarjayhdistyksen puheenjohtaja ja on ty\u00f6skennellyt Pelson vankilatilalla.<\/p>\n<p>Lis\u00e4ksi annetaan kunniakirja viimeisen vuoden aikana keinosiemennykseen valittujen suomenkarjarotuisten sonnien kasvattajille.<\/p>\n<p>Suomenkarjan eteen tehdyst\u00e4 ty\u00f6st\u00e4 Faba my\u00f6sni\u00a0tunnustuspalkinnon lapinlehmien geenipankkikarjalle, jota kasvatetaan Pelson vankilassa (Rikosseuraamusvirasto). Pelson vankilatilalla aloitet\u00adtiin lapinlehmien suojeluty\u00f6 1980-luvun puolessa v\u00e4liss\u00e4. Uhanalaisen rodun s\u00e4ilytys\u00adty\u00f6 on nojautunut Pelson vankilan karjaan. Pelson karjassa on teh\u00adty alkioiden huuhteluita ja vankilatilalla kasvatetuista sonneista on pakastettu sie\u00admennestett\u00e4 geenipankkiin. Kun Pelso l\u00e4hti mukaan la\u00adpinlehm\u00e4n suojelutalkoisiin, lapinlehmi\u00e4 oli j\u00e4ljell\u00e4 noin 30. Nykyinen lapinlehmien m\u00e4\u00e4r\u00e4 alkaa l\u00e4het\u00e4 jo 500. Julki\u00adshallinnollinen maatila on antanut siten erinomaisen mahdollisuuden lapinlehm\u00e4 suojeluty\u00f6n toteuttami\u00adseen. Pelso on t\u00e4ll\u00e4 hetkell\u00e4 viimeinen vankilatila, jossa hoidetaan geenipankkikarjaa.  <\/p>\n","protected":false},"excerpt":{"rendered":"<p>Faba osk ja VikingGenetics haluavat nostaa esiin ja kiitt\u00e4\u00e4 Suomen alkuper\u00e4isten nautarotujen eteen tehdyst\u00e4 ty\u00f6st\u00e4 ansioituneita tahoja. Tunnustukset jaetaan juhlavuoden Farmari 2017 n\u00e4yttelyss\u00e4 lypsykarjakeh\u00e4ss\u00e4 Sein\u00e4joella keskiviikkona 14.6.2017 klo 15.00.<\/p>\n","protected":false},"author":5,"featured_media":0,"comment_status":"open","ping_status":"open","sticky":false,"template":"","format":"standard","meta":{"inline_featured_image":false,"_monsterinsights_skip_tracking":false,"_monsterinsights_sitenote_active":false,"_monsterinsights_sitenote_note":"","_monsterinsights_sitenote_category":0,"site-sidebar-layout":"default","site-content-layout":"","ast-site-content-layout":"default","site-content-style":"default","site-sidebar-style":"default","ast-global-header-display":"","ast-banner-title-visibility":"","ast-main-header-display":"","ast-hfb-above-header-display":"","ast-hfb-below-header-display":"","ast-hfb-mobile-header-display":"","site-post-title":"","ast-breadcrumbs-content":"","ast-featured-img":"","footer-sml-layout":"","ast-disable-related-posts":"","theme-transparent-header-meta":"","adv-header-id-meta":"","stick-header-meta":"","header-above-stick-meta":"","header-main-stick-meta":"","header-below-stick-meta":"","astra-migrate-meta-layouts":"default","ast-page-background-enabled":"default","ast-page-background-meta":{"desktop":{"background-color":"","background-image":"","background-repeat":"repeat","background-position":"center center","background-size":"auto","background-attachment":"scroll","background-type":"","background-media":"","overlay-type":"","overlay-color":"","overlay-opacity":"","overlay-gradient":""},"tablet":{"background-color":"","background-image":"","background-repeat":"repeat","background-position":"center center","background-size":"auto","background-attachment":"scroll","background-type":"","background-media":"","overlay-type":"","overlay-color":"","overlay-opacity":"","overlay-gradient":""},"mobile":{"background-color":"","background-image":"","background-repeat":"repeat","background-position":"center center","background-size":"auto","background-attachment":"scroll","background-type":"","background-media":"","overlay-type":"","overlay-color":"","overlay-opacity":"","overlay-gradient":""}},"ast-content-background-meta":{"desktop":{"background-color":"var(--ast-global-color-5)","background-image":"","background-repeat":"repeat","background-position":"center center","background-size":"auto","background-attachment":"scroll","background-type":"","background-media":"","overlay-type":"","overlay-color":"","overlay-opacity":"","overlay-gradient":""},"tablet":{"background-color":"var(--ast-global-color-5)","background-image":"","background-repeat":"repeat","background-position":"center center","background-size":"auto","background-attachment":"scroll","background-type":"","background-media":"","overlay-type":"","overlay-color":"","overlay-opacity":"","overlay-gradient":""},"mobile":{"background-color":"var(--ast-global-color-5)","background-image":"","background-repeat":"repeat","background-position":"center center","background-size":"auto","background-attachment":"scroll","background-type":"","background-media":"","overlay-type":"","overlay-color":"","overlay-opacity":"","overlay-gradient":""}},"_FSMCFIC_featured_image_caption":"","_FSMCFIC_featured_image_nocaption":"","_FSMCFIC_featured_image_hide":"","footnotes":""},"categories":[22],"tags":[],"class_list":["post-699339","post","type-post","status-publish","format-standard","hentry","category-uutiset"],"yoast_head":"<!-- This site is optimized with the Yoast SEO plugin v27.4 - https:\/\/yoast.com\/product\/yoast-seo-wordpress\/ -->\n<title>Tunnustusta suomenkarjan kasvattajille - Pellervo<\/title>\n<meta name=\"robots\" content=\"index, follow, max-snippet:-1, max-image-preview:large, max-video-preview:-1\" \/>\n<link rel=\"canonical\" href=\"https:\/\/pellervo.fi\/sv\/uutiset\/2017\/06\/14\/tunnustusta-suomenkarjan-kasvattajille\/\" \/>\n<meta property=\"og:locale\" content=\"en_US\" \/>\n<meta property=\"og:type\" content=\"article\" \/>\n<meta property=\"og:title\" content=\"Tunnustusta suomenkarjan kasvattajille - Pellervo\" \/>\n<meta property=\"og:description\" content=\"Faba osk ja VikingGenetics haluavat nostaa esiin ja kiitt\u00e4\u00e4 Suomen alkuper\u00e4isten nautarotujen eteen tehdyst\u00e4 ty\u00f6st\u00e4 ansioituneita tahoja. Tunnustukset jaetaan juhlavuoden Farmari 2017 n\u00e4yttelyss\u00e4 lypsykarjakeh\u00e4ss\u00e4 Sein\u00e4joella keskiviikkona 14.6.2017 klo 15.00.\" \/>\n<meta property=\"og:url\" content=\"https:\/\/pellervo.fi\/sv\/uutiset\/2017\/06\/14\/tunnustusta-suomenkarjan-kasvattajille\/\" \/>\n<meta property=\"og:site_name\" content=\"Pellervo\" \/>\n<meta property=\"article:published_time\" content=\"2017-06-14T10:21:15+00:00\" \/>\n<meta property=\"og:image\" content=\"https:\/\/pellervo.fi\/wp-content\/uploads\/2020\/04\/pallo2020.jpg\" \/>\n\t<meta property=\"og:image:width\" content=\"850\" \/>\n\t<meta property=\"og:image:height\" content=\"560\" \/>\n\t<meta property=\"og:image:type\" content=\"image\/jpeg\" \/>\n<meta name=\"author\" content=\"pellervo\" \/>\n<meta name=\"twitter:card\" content=\"summary_large_image\" \/>\n<meta name=\"twitter:creator\" content=\"@PellervoFi\" \/>\n<meta name=\"twitter:site\" content=\"@PellervoFi\" \/>\n<meta name=\"twitter:label1\" content=\"Written by\" \/>\n\t<meta name=\"twitter:data1\" content=\"pellervo\" \/>\n\t<meta name=\"twitter:label2\" content=\"Est. reading time\" \/>\n\t<meta name=\"twitter:data2\" content=\"1 minute\" \/>\n<script type=\"application\/ld+json\" class=\"yoast-schema-graph\">{\"@context\":\"https:\\\/\\\/schema.org\",\"@graph\":[{\"@type\":\"Article\",\"@id\":\"https:\\\/\\\/pellervo.fi\\\/sv\\\/uutiset\\\/2017\\\/06\\\/14\\\/tunnustusta-suomenkarjan-kasvattajille\\\/#article\",\"isPartOf\":{\"@id\":\"https:\\\/\\\/pellervo.fi\\\/sv\\\/uutiset\\\/2017\\\/06\\\/14\\\/tunnustusta-suomenkarjan-kasvattajille\\\/\"},\"author\":{\"name\":\"pellervo\",\"@id\":\"https:\\\/\\\/pellervo.fi\\\/#\\\/schema\\\/person\\\/4b74d40956937d1367ade81899997e71\"},\"headline\":\"Tunnustusta suomenkarjan kasvattajille\",\"datePublished\":\"2017-06-14T10:21:15+00:00\",\"mainEntityOfPage\":{\"@id\":\"https:\\\/\\\/pellervo.fi\\\/sv\\\/uutiset\\\/2017\\\/06\\\/14\\\/tunnustusta-suomenkarjan-kasvattajille\\\/\"},\"wordCount\":202,\"commentCount\":0,\"publisher\":{\"@id\":\"https:\\\/\\\/pellervo.fi\\\/#organization\"},\"articleSection\":[\"Uutiset\"],\"inLanguage\":\"en-US\",\"potentialAction\":[{\"@type\":\"CommentAction\",\"name\":\"Comment\",\"target\":[\"https:\\\/\\\/pellervo.fi\\\/sv\\\/uutiset\\\/2017\\\/06\\\/14\\\/tunnustusta-suomenkarjan-kasvattajille\\\/#respond\"]}]},{\"@type\":\"WebPage\",\"@id\":\"https:\\\/\\\/pellervo.fi\\\/sv\\\/uutiset\\\/2017\\\/06\\\/14\\\/tunnustusta-suomenkarjan-kasvattajille\\\/\",\"url\":\"https:\\\/\\\/pellervo.fi\\\/sv\\\/uutiset\\\/2017\\\/06\\\/14\\\/tunnustusta-suomenkarjan-kasvattajille\\\/\",\"name\":\"Tunnustusta suomenkarjan kasvattajille - Pellervo\",\"isPartOf\":{\"@id\":\"https:\\\/\\\/pellervo.fi\\\/#website\"},\"datePublished\":\"2017-06-14T10:21:15+00:00\",\"breadcrumb\":{\"@id\":\"https:\\\/\\\/pellervo.fi\\\/sv\\\/uutiset\\\/2017\\\/06\\\/14\\\/tunnustusta-suomenkarjan-kasvattajille\\\/#breadcrumb\"},\"inLanguage\":\"en-US\",\"potentialAction\":[{\"@type\":\"ReadAction\",\"target\":[\"https:\\\/\\\/pellervo.fi\\\/sv\\\/uutiset\\\/2017\\\/06\\\/14\\\/tunnustusta-suomenkarjan-kasvattajille\\\/\"]}]},{\"@type\":\"BreadcrumbList\",\"@id\":\"https:\\\/\\\/pellervo.fi\\\/sv\\\/uutiset\\\/2017\\\/06\\\/14\\\/tunnustusta-suomenkarjan-kasvattajille\\\/#breadcrumb\",\"itemListElement\":[{\"@type\":\"ListItem\",\"position\":1,\"name\":\"Koti\",\"item\":\"https:\\\/\\\/pellervo.fi\\\/en\\\/\"},{\"@type\":\"ListItem\",\"position\":2,\"name\":\"Tunnustusta suomenkarjan kasvattajille\"}]},{\"@type\":\"WebSite\",\"@id\":\"https:\\\/\\\/pellervo.fi\\\/#website\",\"url\":\"https:\\\/\\\/pellervo.fi\\\/\",\"name\":\"Pellervo\",\"description\":\"Osuuskuntien keskusj\u00e4rjest\u00f6\",\"publisher\":{\"@id\":\"https:\\\/\\\/pellervo.fi\\\/#organization\"},\"potentialAction\":[{\"@type\":\"SearchAction\",\"target\":{\"@type\":\"EntryPoint\",\"urlTemplate\":\"https:\\\/\\\/pellervo.fi\\\/?s={search_term_string}\"},\"query-input\":{\"@type\":\"PropertyValueSpecification\",\"valueRequired\":true,\"valueName\":\"search_term_string\"}}],\"inLanguage\":\"en-US\"},{\"@type\":\"Organization\",\"@id\":\"https:\\\/\\\/pellervo.fi\\\/#organization\",\"name\":\"Osuustoimintakeskus Pellervo ry\",\"url\":\"https:\\\/\\\/pellervo.fi\\\/\",\"logo\":{\"@type\":\"ImageObject\",\"inLanguage\":\"en-US\",\"@id\":\"https:\\\/\\\/pellervo.fi\\\/#\\\/schema\\\/logo\\\/image\\\/\",\"url\":\"https:\\\/\\\/pellervo.fi\\\/wp-content\\\/uploads\\\/2020\\\/05\\\/Pellervo_logo.png\",\"contentUrl\":\"https:\\\/\\\/pellervo.fi\\\/wp-content\\\/uploads\\\/2020\\\/05\\\/Pellervo_logo.png\",\"width\":1335,\"height\":376,\"caption\":\"Osuustoimintakeskus Pellervo ry\"},\"image\":{\"@id\":\"https:\\\/\\\/pellervo.fi\\\/#\\\/schema\\\/logo\\\/image\\\/\"},\"sameAs\":[\"https:\\\/\\\/x.com\\\/PellervoFi\"]},{\"@type\":\"Person\",\"@id\":\"https:\\\/\\\/pellervo.fi\\\/#\\\/schema\\\/person\\\/4b74d40956937d1367ade81899997e71\",\"name\":\"pellervo\",\"image\":{\"@type\":\"ImageObject\",\"inLanguage\":\"en-US\",\"@id\":\"https:\\\/\\\/pellervo.fi\\\/wp-content\\\/uploads\\\/2013\\\/11\\\/pellervo_avatar_1384522134-96x96.jpg\",\"url\":\"https:\\\/\\\/pellervo.fi\\\/wp-content\\\/uploads\\\/2013\\\/11\\\/pellervo_avatar_1384522134-96x96.jpg\",\"contentUrl\":\"https:\\\/\\\/pellervo.fi\\\/wp-content\\\/uploads\\\/2013\\\/11\\\/pellervo_avatar_1384522134-96x96.jpg\",\"caption\":\"pellervo\"},\"description\":\"Kuvaus\",\"url\":\"https:\\\/\\\/pellervo.fi\\\/en\\\/author\\\/pellervo\\\/\"}]}<\/script>\n<!-- \/ Yoast SEO plugin. -->","yoast_head_json":{"title":"Tunnustusta suomenkarjan kasvattajille - Pellervo","robots":{"index":"index","follow":"follow","max-snippet":"max-snippet:-1","max-image-preview":"max-image-preview:large","max-video-preview":"max-video-preview:-1"},"canonical":"https:\/\/pellervo.fi\/sv\/uutiset\/2017\/06\/14\/tunnustusta-suomenkarjan-kasvattajille\/","og_locale":"en_US","og_type":"article","og_title":"Tunnustusta suomenkarjan kasvattajille - Pellervo","og_description":"Faba osk ja VikingGenetics haluavat nostaa esiin ja kiitt\u00e4\u00e4 Suomen alkuper\u00e4isten nautarotujen eteen tehdyst\u00e4 ty\u00f6st\u00e4 ansioituneita tahoja. Tunnustukset jaetaan juhlavuoden Farmari 2017 n\u00e4yttelyss\u00e4 lypsykarjakeh\u00e4ss\u00e4 Sein\u00e4joella keskiviikkona 14.6.2017 klo 15.00.","og_url":"https:\/\/pellervo.fi\/sv\/uutiset\/2017\/06\/14\/tunnustusta-suomenkarjan-kasvattajille\/","og_site_name":"Pellervo","article_published_time":"2017-06-14T10:21:15+00:00","og_image":[{"width":850,"height":560,"url":"https:\/\/pellervo.fi\/wp-content\/uploads\/2020\/04\/pallo2020.jpg","type":"image\/jpeg"}],"author":"pellervo","twitter_card":"summary_large_image","twitter_creator":"@PellervoFi","twitter_site":"@PellervoFi","twitter_misc":{"Written by":"pellervo","Est. reading time":"1 minute"},"schema":{"@context":"https:\/\/schema.org","@graph":[{"@type":"Article","@id":"https:\/\/pellervo.fi\/sv\/uutiset\/2017\/06\/14\/tunnustusta-suomenkarjan-kasvattajille\/#article","isPartOf":{"@id":"https:\/\/pellervo.fi\/sv\/uutiset\/2017\/06\/14\/tunnustusta-suomenkarjan-kasvattajille\/"},"author":{"name":"pellervo","@id":"https:\/\/pellervo.fi\/#\/schema\/person\/4b74d40956937d1367ade81899997e71"},"headline":"Tunnustusta suomenkarjan kasvattajille","datePublished":"2017-06-14T10:21:15+00:00","mainEntityOfPage":{"@id":"https:\/\/pellervo.fi\/sv\/uutiset\/2017\/06\/14\/tunnustusta-suomenkarjan-kasvattajille\/"},"wordCount":202,"commentCount":0,"publisher":{"@id":"https:\/\/pellervo.fi\/#organization"},"articleSection":["Uutiset"],"inLanguage":"en-US","potentialAction":[{"@type":"CommentAction","name":"Comment","target":["https:\/\/pellervo.fi\/sv\/uutiset\/2017\/06\/14\/tunnustusta-suomenkarjan-kasvattajille\/#respond"]}]},{"@type":"WebPage","@id":"https:\/\/pellervo.fi\/sv\/uutiset\/2017\/06\/14\/tunnustusta-suomenkarjan-kasvattajille\/","url":"https:\/\/pellervo.fi\/sv\/uutiset\/2017\/06\/14\/tunnustusta-suomenkarjan-kasvattajille\/","name":"Tunnustusta suomenkarjan kasvattajille - Pellervo","isPartOf":{"@id":"https:\/\/pellervo.fi\/#website"},"datePublished":"2017-06-14T10:21:15+00:00","breadcrumb":{"@id":"https:\/\/pellervo.fi\/sv\/uutiset\/2017\/06\/14\/tunnustusta-suomenkarjan-kasvattajille\/#breadcrumb"},"inLanguage":"en-US","potentialAction":[{"@type":"ReadAction","target":["https:\/\/pellervo.fi\/sv\/uutiset\/2017\/06\/14\/tunnustusta-suomenkarjan-kasvattajille\/"]}]},{"@type":"BreadcrumbList","@id":"https:\/\/pellervo.fi\/sv\/uutiset\/2017\/06\/14\/tunnustusta-suomenkarjan-kasvattajille\/#breadcrumb","itemListElement":[{"@type":"ListItem","position":1,"name":"Koti","item":"https:\/\/pellervo.fi\/en\/"},{"@type":"ListItem","position":2,"name":"Tunnustusta suomenkarjan kasvattajille"}]},{"@type":"WebSite","@id":"https:\/\/pellervo.fi\/#website","url":"https:\/\/pellervo.fi\/","name":"Pellervo","description":"Osuuskuntien keskusj\u00e4rjest\u00f6","publisher":{"@id":"https:\/\/pellervo.fi\/#organization"},"potentialAction":[{"@type":"SearchAction","target":{"@type":"EntryPoint","urlTemplate":"https:\/\/pellervo.fi\/?s={search_term_string}"},"query-input":{"@type":"PropertyValueSpecification","valueRequired":true,"valueName":"search_term_string"}}],"inLanguage":"en-US"},{"@type":"Organization","@id":"https:\/\/pellervo.fi\/#organization","name":"Osuustoimintakeskus Pellervo ry","url":"https:\/\/pellervo.fi\/","logo":{"@type":"ImageObject","inLanguage":"en-US","@id":"https:\/\/pellervo.fi\/#\/schema\/logo\/image\/","url":"https:\/\/pellervo.fi\/wp-content\/uploads\/2020\/05\/Pellervo_logo.png","contentUrl":"https:\/\/pellervo.fi\/wp-content\/uploads\/2020\/05\/Pellervo_logo.png","width":1335,"height":376,"caption":"Osuustoimintakeskus Pellervo ry"},"image":{"@id":"https:\/\/pellervo.fi\/#\/schema\/logo\/image\/"},"sameAs":["https:\/\/x.com\/PellervoFi"]},{"@type":"Person","@id":"https:\/\/pellervo.fi\/#\/schema\/person\/4b74d40956937d1367ade81899997e71","name":"pellervo","image":{"@type":"ImageObject","inLanguage":"en-US","@id":"https:\/\/pellervo.fi\/wp-content\/uploads\/2013\/11\/pellervo_avatar_1384522134-96x96.jpg","url":"https:\/\/pellervo.fi\/wp-content\/uploads\/2013\/11\/pellervo_avatar_1384522134-96x96.jpg","contentUrl":"https:\/\/pellervo.fi\/wp-content\/uploads\/2013\/11\/pellervo_avatar_1384522134-96x96.jpg","caption":"pellervo"},"description":"Kuvaus","url":"https:\/\/pellervo.fi\/en\/author\/pellervo\/"}]}},"_links":{"self":[{"href":"https:\/\/pellervo.fi\/en\/wp-json\/wp\/v2\/posts\/699339","targetHints":{"allow":["GET"]}}],"collection":[{"href":"https:\/\/pellervo.fi\/en\/wp-json\/wp\/v2\/posts"}],"about":[{"href":"https:\/\/pellervo.fi\/en\/wp-json\/wp\/v2\/types\/post"}],"author":[{"embeddable":true,"href":"https:\/\/pellervo.fi\/en\/wp-json\/wp\/v2\/users\/5"}],"replies":[{"embeddable":true,"href":"https:\/\/pellervo.fi\/en\/wp-json\/wp\/v2\/comments?post=699339"}],"version-history":[{"count":1,"href":"https:\/\/pellervo.fi\/en\/wp-json\/wp\/v2\/posts\/699339\/revisions"}],"predecessor-version":[{"id":699364,"href":"https:\/\/pellervo.fi\/en\/wp-json\/wp\/v2\/posts\/699339\/revisions\/699364"}],"wp:attachment":[{"href":"https:\/\/pellervo.fi\/en\/wp-json\/wp\/v2\/media?parent=699339"}],"wp:term":[{"taxonomy":"category","embeddable":true,"href":"https:\/\/pellervo.fi\/en\/wp-json\/wp\/v2\/categories?post=699339"},{"taxonomy":"post_tag","embeddable":true,"href":"https:\/\/pellervo.fi\/en\/wp-json\/wp\/v2\/tags?post=699339"}],"curies":[{"name":"wp","href":"https:\/\/api.w.org\/{rel}","templated":true}]}}