{"id":883813,"date":"2018-02-26T13:45:39","date_gmt":"2018-02-26T11:45:39","guid":{"rendered":"https:\/\/pellervo.fi\/?p=883813"},"modified":"2018-02-26T13:45:39","modified_gmt":"2018-02-26T11:45:39","slug":"juhlaseminaari-paattaa-tyota-osuuskunnasta-hankkeen-22-3-2018","status":"publish","type":"post","link":"https:\/\/pellervo.fi\/en\/uutiset\/2018\/02\/26\/juhlaseminaari-paattaa-tyota-osuuskunnasta-hankkeen-22-3-2018\/","title":{"rendered":"Juhlaseminaari p\u00e4\u00e4tt\u00e4\u00e4 Ty\u00f6t\u00e4 osuuskunnasta- hankkeen 22.3.2018"},"content":{"rendered":"<p>Rautalammin kunnan ja Suonenjoen kaupungin yhteinen Ty\u00f6t\u00e4 osuuskunnasta- hanke l\u00e4henee loppuaan. Onnistuneen hankkeen kunniaksi ja osuustoimintatietoisuuden levitt\u00e4miseksi hanke j\u00e4rjest\u00e4\u00e4 juhlaseminaarin.  <\/p>\n","protected":false},"excerpt":{"rendered":"<p>Rautalammin kunnan ja Suonenjoen kaupungin yhteinen Ty\u00f6t\u00e4 osuuskunnasta- hanke l\u00e4henee loppuaan. Onnistuneen hankkeen kunniaksi ja osuustoimintatietoisuuden levitt\u00e4miseksi hanke j\u00e4rjest\u00e4\u00e4 juhlaseminaarin.<\/p>\n","protected":false},"author":5,"featured_media":0,"comment_status":"open","ping_status":"open","sticky":false,"template":"","format":"standard","meta":{"inline_featured_image":false,"_monsterinsights_skip_tracking":false,"_monsterinsights_sitenote_active":false,"_monsterinsights_sitenote_note":"","_monsterinsights_sitenote_category":0,"site-sidebar-layout":"default","site-content-layout":"","ast-site-content-layout":"default","site-content-style":"default","site-sidebar-style":"default","ast-global-header-display":"","ast-banner-title-visibility":"","ast-main-header-display":"","ast-hfb-above-header-display":"","ast-hfb-below-header-display":"","ast-hfb-mobile-header-display":"","site-post-title":"","ast-breadcrumbs-content":"","ast-featured-img":"","footer-sml-layout":"","ast-disable-related-posts":"","theme-transparent-header-meta":"","adv-header-id-meta":"","stick-header-meta":"","header-above-stick-meta":"","header-main-stick-meta":"","header-below-stick-meta":"","astra-migrate-meta-layouts":"default","ast-page-background-enabled":"default","ast-page-background-meta":{"desktop":{"background-color":"","background-image":"","background-repeat":"repeat","background-position":"center center","background-size":"auto","background-attachment":"scroll","background-type":"","background-media":"","overlay-type":"","overlay-color":"","overlay-opacity":"","overlay-gradient":""},"tablet":{"background-color":"","background-image":"","background-repeat":"repeat","background-position":"center center","background-size":"auto","background-attachment":"scroll","background-type":"","background-media":"","overlay-type":"","overlay-color":"","overlay-opacity":"","overlay-gradient":""},"mobile":{"background-color":"","background-image":"","background-repeat":"repeat","background-position":"center center","background-size":"auto","background-attachment":"scroll","background-type":"","background-media":"","overlay-type":"","overlay-color":"","overlay-opacity":"","overlay-gradient":""}},"ast-content-background-meta":{"desktop":{"background-color":"var(--ast-global-color-5)","background-image":"","background-repeat":"repeat","background-position":"center center","background-size":"auto","background-attachment":"scroll","background-type":"","background-media":"","overlay-type":"","overlay-color":"","overlay-opacity":"","overlay-gradient":""},"tablet":{"background-color":"var(--ast-global-color-5)","background-image":"","background-repeat":"repeat","background-position":"center center","background-size":"auto","background-attachment":"scroll","background-type":"","background-media":"","overlay-type":"","overlay-color":"","overlay-opacity":"","overlay-gradient":""},"mobile":{"background-color":"var(--ast-global-color-5)","background-image":"","background-repeat":"repeat","background-position":"center center","background-size":"auto","background-attachment":"scroll","background-type":"","background-media":"","overlay-type":"","overlay-color":"","overlay-opacity":"","overlay-gradient":""}},"_FSMCFIC_featured_image_caption":"","_FSMCFIC_featured_image_nocaption":"","_FSMCFIC_featured_image_hide":"","footnotes":""},"categories":[22],"tags":[],"class_list":["post-883813","post","type-post","status-publish","format-standard","hentry","category-uutiset"],"yoast_head":"<!-- This site is optimized with the Yoast SEO plugin v27.5 - https:\/\/yoast.com\/product\/yoast-seo-wordpress\/ -->\n<title>Juhlaseminaari p\u00e4\u00e4tt\u00e4\u00e4 Ty\u00f6t\u00e4 osuuskunnasta- hankkeen 22.3.2018 - Pellervo<\/title>\n<meta name=\"robots\" content=\"index, follow, max-snippet:-1, max-image-preview:large, max-video-preview:-1\" \/>\n<link rel=\"canonical\" href=\"https:\/\/pellervo.fi\/uutiset\/2018\/02\/26\/juhlaseminaari-paattaa-tyota-osuuskunnasta-hankkeen-22-3-2018\/\" \/>\n<meta property=\"og:locale\" content=\"en_US\" \/>\n<meta property=\"og:type\" content=\"article\" \/>\n<meta property=\"og:title\" content=\"Juhlaseminaari p\u00e4\u00e4tt\u00e4\u00e4 Ty\u00f6t\u00e4 osuuskunnasta- hankkeen 22.3.2018 - Pellervo\" \/>\n<meta property=\"og:description\" content=\"Rautalammin kunnan ja Suonenjoen kaupungin yhteinen Ty\u00f6t\u00e4 osuuskunnasta- hanke l\u00e4henee loppuaan. Onnistuneen hankkeen kunniaksi ja osuustoimintatietoisuuden levitt\u00e4miseksi hanke j\u00e4rjest\u00e4\u00e4 juhlaseminaarin.\" \/>\n<meta property=\"og:url\" content=\"https:\/\/pellervo.fi\/uutiset\/2018\/02\/26\/juhlaseminaari-paattaa-tyota-osuuskunnasta-hankkeen-22-3-2018\/\" \/>\n<meta property=\"og:site_name\" content=\"Pellervo\" \/>\n<meta property=\"article:published_time\" content=\"2018-02-26T11:45:39+00:00\" \/>\n<meta property=\"og:image\" content=\"https:\/\/pellervo.fi\/wp-content\/uploads\/2020\/04\/pallo2020.jpg\" \/>\n\t<meta property=\"og:image:width\" content=\"850\" \/>\n\t<meta property=\"og:image:height\" content=\"560\" \/>\n\t<meta property=\"og:image:type\" content=\"image\/jpeg\" \/>\n<meta name=\"author\" content=\"pellervo\" \/>\n<meta name=\"twitter:card\" content=\"summary_large_image\" \/>\n<meta name=\"twitter:creator\" content=\"@PellervoFi\" \/>\n<meta name=\"twitter:site\" content=\"@PellervoFi\" \/>\n<meta name=\"twitter:label1\" content=\"Written by\" \/>\n\t<meta name=\"twitter:data1\" content=\"pellervo\" \/>\n<script type=\"application\/ld+json\" class=\"yoast-schema-graph\">{\"@context\":\"https:\\\/\\\/schema.org\",\"@graph\":[{\"@type\":\"Article\",\"@id\":\"https:\\\/\\\/pellervo.fi\\\/uutiset\\\/2018\\\/02\\\/26\\\/juhlaseminaari-paattaa-tyota-osuuskunnasta-hankkeen-22-3-2018\\\/#article\",\"isPartOf\":{\"@id\":\"https:\\\/\\\/pellervo.fi\\\/uutiset\\\/2018\\\/02\\\/26\\\/juhlaseminaari-paattaa-tyota-osuuskunnasta-hankkeen-22-3-2018\\\/\"},\"author\":{\"name\":\"pellervo\",\"@id\":\"https:\\\/\\\/pellervo.fi\\\/#\\\/schema\\\/person\\\/4b74d40956937d1367ade81899997e71\"},\"headline\":\"Juhlaseminaari p\u00e4\u00e4tt\u00e4\u00e4 Ty\u00f6t\u00e4 osuuskunnasta- hankkeen 22.3.2018\",\"datePublished\":\"2018-02-26T11:45:39+00:00\",\"mainEntityOfPage\":{\"@id\":\"https:\\\/\\\/pellervo.fi\\\/uutiset\\\/2018\\\/02\\\/26\\\/juhlaseminaari-paattaa-tyota-osuuskunnasta-hankkeen-22-3-2018\\\/\"},\"wordCount\":31,\"commentCount\":0,\"publisher\":{\"@id\":\"https:\\\/\\\/pellervo.fi\\\/#organization\"},\"articleSection\":[\"Uutiset\"],\"inLanguage\":\"en-US\",\"potentialAction\":[{\"@type\":\"CommentAction\",\"name\":\"Comment\",\"target\":[\"https:\\\/\\\/pellervo.fi\\\/uutiset\\\/2018\\\/02\\\/26\\\/juhlaseminaari-paattaa-tyota-osuuskunnasta-hankkeen-22-3-2018\\\/#respond\"]}]},{\"@type\":\"WebPage\",\"@id\":\"https:\\\/\\\/pellervo.fi\\\/uutiset\\\/2018\\\/02\\\/26\\\/juhlaseminaari-paattaa-tyota-osuuskunnasta-hankkeen-22-3-2018\\\/\",\"url\":\"https:\\\/\\\/pellervo.fi\\\/uutiset\\\/2018\\\/02\\\/26\\\/juhlaseminaari-paattaa-tyota-osuuskunnasta-hankkeen-22-3-2018\\\/\",\"name\":\"Juhlaseminaari p\u00e4\u00e4tt\u00e4\u00e4 Ty\u00f6t\u00e4 osuuskunnasta- hankkeen 22.3.2018 - Pellervo\",\"isPartOf\":{\"@id\":\"https:\\\/\\\/pellervo.fi\\\/#website\"},\"datePublished\":\"2018-02-26T11:45:39+00:00\",\"breadcrumb\":{\"@id\":\"https:\\\/\\\/pellervo.fi\\\/uutiset\\\/2018\\\/02\\\/26\\\/juhlaseminaari-paattaa-tyota-osuuskunnasta-hankkeen-22-3-2018\\\/#breadcrumb\"},\"inLanguage\":\"en-US\",\"potentialAction\":[{\"@type\":\"ReadAction\",\"target\":[\"https:\\\/\\\/pellervo.fi\\\/uutiset\\\/2018\\\/02\\\/26\\\/juhlaseminaari-paattaa-tyota-osuuskunnasta-hankkeen-22-3-2018\\\/\"]}]},{\"@type\":\"BreadcrumbList\",\"@id\":\"https:\\\/\\\/pellervo.fi\\\/uutiset\\\/2018\\\/02\\\/26\\\/juhlaseminaari-paattaa-tyota-osuuskunnasta-hankkeen-22-3-2018\\\/#breadcrumb\",\"itemListElement\":[{\"@type\":\"ListItem\",\"position\":1,\"name\":\"Koti\",\"item\":\"https:\\\/\\\/pellervo.fi\\\/en\\\/\"},{\"@type\":\"ListItem\",\"position\":2,\"name\":\"Juhlaseminaari p\u00e4\u00e4tt\u00e4\u00e4 Ty\u00f6t\u00e4 osuuskunnasta- hankkeen 22.3.2018\"}]},{\"@type\":\"WebSite\",\"@id\":\"https:\\\/\\\/pellervo.fi\\\/#website\",\"url\":\"https:\\\/\\\/pellervo.fi\\\/\",\"name\":\"Pellervo\",\"description\":\"Osuuskuntien keskusj\u00e4rjest\u00f6\",\"publisher\":{\"@id\":\"https:\\\/\\\/pellervo.fi\\\/#organization\"},\"potentialAction\":[{\"@type\":\"SearchAction\",\"target\":{\"@type\":\"EntryPoint\",\"urlTemplate\":\"https:\\\/\\\/pellervo.fi\\\/?s={search_term_string}\"},\"query-input\":{\"@type\":\"PropertyValueSpecification\",\"valueRequired\":true,\"valueName\":\"search_term_string\"}}],\"inLanguage\":\"en-US\"},{\"@type\":\"Organization\",\"@id\":\"https:\\\/\\\/pellervo.fi\\\/#organization\",\"name\":\"Osuustoimintakeskus Pellervo ry\",\"url\":\"https:\\\/\\\/pellervo.fi\\\/\",\"logo\":{\"@type\":\"ImageObject\",\"inLanguage\":\"en-US\",\"@id\":\"https:\\\/\\\/pellervo.fi\\\/#\\\/schema\\\/logo\\\/image\\\/\",\"url\":\"https:\\\/\\\/pellervo.fi\\\/wp-content\\\/uploads\\\/2020\\\/05\\\/Pellervo_logo.png\",\"contentUrl\":\"https:\\\/\\\/pellervo.fi\\\/wp-content\\\/uploads\\\/2020\\\/05\\\/Pellervo_logo.png\",\"width\":1335,\"height\":376,\"caption\":\"Osuustoimintakeskus Pellervo ry\"},\"image\":{\"@id\":\"https:\\\/\\\/pellervo.fi\\\/#\\\/schema\\\/logo\\\/image\\\/\"},\"sameAs\":[\"https:\\\/\\\/x.com\\\/PellervoFi\"]},{\"@type\":\"Person\",\"@id\":\"https:\\\/\\\/pellervo.fi\\\/#\\\/schema\\\/person\\\/4b74d40956937d1367ade81899997e71\",\"name\":\"pellervo\",\"image\":{\"@type\":\"ImageObject\",\"inLanguage\":\"en-US\",\"@id\":\"https:\\\/\\\/pellervo.fi\\\/wp-content\\\/uploads\\\/2013\\\/11\\\/pellervo_avatar_1384522134-96x96.jpg\",\"url\":\"https:\\\/\\\/pellervo.fi\\\/wp-content\\\/uploads\\\/2013\\\/11\\\/pellervo_avatar_1384522134-96x96.jpg\",\"contentUrl\":\"https:\\\/\\\/pellervo.fi\\\/wp-content\\\/uploads\\\/2013\\\/11\\\/pellervo_avatar_1384522134-96x96.jpg\",\"caption\":\"pellervo\"},\"description\":\"Kuvaus\",\"url\":\"https:\\\/\\\/pellervo.fi\\\/en\\\/author\\\/pellervo\\\/\"}]}<\/script>\n<!-- \/ Yoast SEO plugin. -->","yoast_head_json":{"title":"Juhlaseminaari p\u00e4\u00e4tt\u00e4\u00e4 Ty\u00f6t\u00e4 osuuskunnasta- hankkeen 22.3.2018 - Pellervo","robots":{"index":"index","follow":"follow","max-snippet":"max-snippet:-1","max-image-preview":"max-image-preview:large","max-video-preview":"max-video-preview:-1"},"canonical":"https:\/\/pellervo.fi\/uutiset\/2018\/02\/26\/juhlaseminaari-paattaa-tyota-osuuskunnasta-hankkeen-22-3-2018\/","og_locale":"en_US","og_type":"article","og_title":"Juhlaseminaari p\u00e4\u00e4tt\u00e4\u00e4 Ty\u00f6t\u00e4 osuuskunnasta- hankkeen 22.3.2018 - Pellervo","og_description":"Rautalammin kunnan ja Suonenjoen kaupungin yhteinen Ty\u00f6t\u00e4 osuuskunnasta- hanke l\u00e4henee loppuaan. Onnistuneen hankkeen kunniaksi ja osuustoimintatietoisuuden levitt\u00e4miseksi hanke j\u00e4rjest\u00e4\u00e4 juhlaseminaarin.","og_url":"https:\/\/pellervo.fi\/uutiset\/2018\/02\/26\/juhlaseminaari-paattaa-tyota-osuuskunnasta-hankkeen-22-3-2018\/","og_site_name":"Pellervo","article_published_time":"2018-02-26T11:45:39+00:00","og_image":[{"width":850,"height":560,"url":"https:\/\/pellervo.fi\/wp-content\/uploads\/2020\/04\/pallo2020.jpg","type":"image\/jpeg"}],"author":"pellervo","twitter_card":"summary_large_image","twitter_creator":"@PellervoFi","twitter_site":"@PellervoFi","twitter_misc":{"Written by":"pellervo"},"schema":{"@context":"https:\/\/schema.org","@graph":[{"@type":"Article","@id":"https:\/\/pellervo.fi\/uutiset\/2018\/02\/26\/juhlaseminaari-paattaa-tyota-osuuskunnasta-hankkeen-22-3-2018\/#article","isPartOf":{"@id":"https:\/\/pellervo.fi\/uutiset\/2018\/02\/26\/juhlaseminaari-paattaa-tyota-osuuskunnasta-hankkeen-22-3-2018\/"},"author":{"name":"pellervo","@id":"https:\/\/pellervo.fi\/#\/schema\/person\/4b74d40956937d1367ade81899997e71"},"headline":"Juhlaseminaari p\u00e4\u00e4tt\u00e4\u00e4 Ty\u00f6t\u00e4 osuuskunnasta- hankkeen 22.3.2018","datePublished":"2018-02-26T11:45:39+00:00","mainEntityOfPage":{"@id":"https:\/\/pellervo.fi\/uutiset\/2018\/02\/26\/juhlaseminaari-paattaa-tyota-osuuskunnasta-hankkeen-22-3-2018\/"},"wordCount":31,"commentCount":0,"publisher":{"@id":"https:\/\/pellervo.fi\/#organization"},"articleSection":["Uutiset"],"inLanguage":"en-US","potentialAction":[{"@type":"CommentAction","name":"Comment","target":["https:\/\/pellervo.fi\/uutiset\/2018\/02\/26\/juhlaseminaari-paattaa-tyota-osuuskunnasta-hankkeen-22-3-2018\/#respond"]}]},{"@type":"WebPage","@id":"https:\/\/pellervo.fi\/uutiset\/2018\/02\/26\/juhlaseminaari-paattaa-tyota-osuuskunnasta-hankkeen-22-3-2018\/","url":"https:\/\/pellervo.fi\/uutiset\/2018\/02\/26\/juhlaseminaari-paattaa-tyota-osuuskunnasta-hankkeen-22-3-2018\/","name":"Juhlaseminaari p\u00e4\u00e4tt\u00e4\u00e4 Ty\u00f6t\u00e4 osuuskunnasta- hankkeen 22.3.2018 - Pellervo","isPartOf":{"@id":"https:\/\/pellervo.fi\/#website"},"datePublished":"2018-02-26T11:45:39+00:00","breadcrumb":{"@id":"https:\/\/pellervo.fi\/uutiset\/2018\/02\/26\/juhlaseminaari-paattaa-tyota-osuuskunnasta-hankkeen-22-3-2018\/#breadcrumb"},"inLanguage":"en-US","potentialAction":[{"@type":"ReadAction","target":["https:\/\/pellervo.fi\/uutiset\/2018\/02\/26\/juhlaseminaari-paattaa-tyota-osuuskunnasta-hankkeen-22-3-2018\/"]}]},{"@type":"BreadcrumbList","@id":"https:\/\/pellervo.fi\/uutiset\/2018\/02\/26\/juhlaseminaari-paattaa-tyota-osuuskunnasta-hankkeen-22-3-2018\/#breadcrumb","itemListElement":[{"@type":"ListItem","position":1,"name":"Koti","item":"https:\/\/pellervo.fi\/en\/"},{"@type":"ListItem","position":2,"name":"Juhlaseminaari p\u00e4\u00e4tt\u00e4\u00e4 Ty\u00f6t\u00e4 osuuskunnasta- hankkeen 22.3.2018"}]},{"@type":"WebSite","@id":"https:\/\/pellervo.fi\/#website","url":"https:\/\/pellervo.fi\/","name":"Pellervo","description":"Osuuskuntien keskusj\u00e4rjest\u00f6","publisher":{"@id":"https:\/\/pellervo.fi\/#organization"},"potentialAction":[{"@type":"SearchAction","target":{"@type":"EntryPoint","urlTemplate":"https:\/\/pellervo.fi\/?s={search_term_string}"},"query-input":{"@type":"PropertyValueSpecification","valueRequired":true,"valueName":"search_term_string"}}],"inLanguage":"en-US"},{"@type":"Organization","@id":"https:\/\/pellervo.fi\/#organization","name":"Osuustoimintakeskus Pellervo ry","url":"https:\/\/pellervo.fi\/","logo":{"@type":"ImageObject","inLanguage":"en-US","@id":"https:\/\/pellervo.fi\/#\/schema\/logo\/image\/","url":"https:\/\/pellervo.fi\/wp-content\/uploads\/2020\/05\/Pellervo_logo.png","contentUrl":"https:\/\/pellervo.fi\/wp-content\/uploads\/2020\/05\/Pellervo_logo.png","width":1335,"height":376,"caption":"Osuustoimintakeskus Pellervo ry"},"image":{"@id":"https:\/\/pellervo.fi\/#\/schema\/logo\/image\/"},"sameAs":["https:\/\/x.com\/PellervoFi"]},{"@type":"Person","@id":"https:\/\/pellervo.fi\/#\/schema\/person\/4b74d40956937d1367ade81899997e71","name":"pellervo","image":{"@type":"ImageObject","inLanguage":"en-US","@id":"https:\/\/pellervo.fi\/wp-content\/uploads\/2013\/11\/pellervo_avatar_1384522134-96x96.jpg","url":"https:\/\/pellervo.fi\/wp-content\/uploads\/2013\/11\/pellervo_avatar_1384522134-96x96.jpg","contentUrl":"https:\/\/pellervo.fi\/wp-content\/uploads\/2013\/11\/pellervo_avatar_1384522134-96x96.jpg","caption":"pellervo"},"description":"Kuvaus","url":"https:\/\/pellervo.fi\/en\/author\/pellervo\/"}]}},"_links":{"self":[{"href":"https:\/\/pellervo.fi\/en\/wp-json\/wp\/v2\/posts\/883813","targetHints":{"allow":["GET"]}}],"collection":[{"href":"https:\/\/pellervo.fi\/en\/wp-json\/wp\/v2\/posts"}],"about":[{"href":"https:\/\/pellervo.fi\/en\/wp-json\/wp\/v2\/types\/post"}],"author":[{"embeddable":true,"href":"https:\/\/pellervo.fi\/en\/wp-json\/wp\/v2\/users\/5"}],"replies":[{"embeddable":true,"href":"https:\/\/pellervo.fi\/en\/wp-json\/wp\/v2\/comments?post=883813"}],"version-history":[{"count":1,"href":"https:\/\/pellervo.fi\/en\/wp-json\/wp\/v2\/posts\/883813\/revisions"}],"predecessor-version":[{"id":883814,"href":"https:\/\/pellervo.fi\/en\/wp-json\/wp\/v2\/posts\/883813\/revisions\/883814"}],"wp:attachment":[{"href":"https:\/\/pellervo.fi\/en\/wp-json\/wp\/v2\/media?parent=883813"}],"wp:term":[{"taxonomy":"category","embeddable":true,"href":"https:\/\/pellervo.fi\/en\/wp-json\/wp\/v2\/categories?post=883813"},{"taxonomy":"post_tag","embeddable":true,"href":"https:\/\/pellervo.fi\/en\/wp-json\/wp\/v2\/tags?post=883813"}],"curies":[{"name":"wp","href":"https:\/\/api.w.org\/{rel}","templated":true}]}}