{"id":884565,"date":"2018-09-13T08:22:49","date_gmt":"2018-09-13T05:22:49","guid":{"rendered":"https:\/\/pellervo.fi\/?p=884565"},"modified":"2018-09-13T08:23:41","modified_gmt":"2018-09-13T05:23:41","slug":"pttn-kansantalouden-ennuste-syksy-2018-nousu-jatkuu-mutta-kasvu-hidastuu","status":"publish","type":"post","link":"https:\/\/pellervo.fi\/en\/uutiset\/2018\/09\/13\/pttn-kansantalouden-ennuste-syksy-2018-nousu-jatkuu-mutta-kasvu-hidastuu\/","title":{"rendered":"PTT:n kansantalouden ennuste syksy 2018: Nousu jatkuu, mutta kasvu hidastuu"},"content":{"rendered":"<p><strong>Suomen talouden noususuhdanne jatkuu hidatuen t\u00e4n\u00e4 ja ensi vuonna kertoo Pellervon taloustutkimuksen PTT:n kansantalouden ennuste. T\u00e4m\u00e4n vuoden talouskasvuksi ennustetaan 2,6 prosenttia ja ensi vuonna 2,4 prosenttia. Ty\u00f6llisyys on kasvanut viime vuoden lopulta l\u00e4htien hurjaa vauhtia, mutta ty\u00f6tt\u00f6myyden kova ydin n\u00e4ytt\u00e4\u00e4 sulavan hitaasti. Huolestuttavaa on my\u00f6s se, ett\u00e4 investoinnit tuottavuuteen ja osaamiseen eiv\u00e4t ole kasvaneet.<\/strong><\/p>\n<p>&#8220;Nousukausi jatkuu kohtuullisen hyv\u00e4n\u00e4, mutta v\u00e4h\u00e4n vanhoin ev\u00e4in: investoinnit ovat painottuneet rakentamiseen, tuottavuuden kasvu on heikkoa ja ty\u00f6markkinat tarvitsisivat uudistuksia\u201d, sanoo PTT:n ennustep\u00e4\u00e4llikk\u00f6 Janne Huovari.<\/p>\n<p><strong>Ty\u00f6llisyys on kasvanut aidosti<\/strong><\/p>\n<p>Ty\u00f6llisyyden kasvuvauhti on ollut viime vuoden lopulta l\u00e4htien poikkeuksellisen nopeaa, jopa yht\u00e4 nopeaa kuin tuotannon kasvu. Hein\u00e4kuussa ty\u00f6llisi\u00e4 oli noin 75 000 enemm\u00e4n kuin vuosi sitten. T\u00e4m\u00e4 on ennen muuta seurausta ty\u00f6voiman kysynn\u00e4n kasvusta. Erityisesti ik\u00e4\u00e4ntyneiden ty\u00f6llisyys on kasvanut.<\/p>\n<p>Kasvun laatua on ep\u00e4ilty. Varsinkin aktiivimallin k\u00e4ytt\u00f6\u00f6noton my\u00f6t\u00e4 her\u00e4si keskustelua, ett\u00e4 lyhytaikaiset ty\u00f6suhteet, joilla aktiivisuusehdon saa t\u00e4ytetty\u00e4, lis\u00e4\u00e4ntyisiv\u00e4t merkitt\u00e4v\u00e4sti. T\u00e4st\u00e4 ei ole juurikaan merkkej\u00e4. Esimerkiksi viime vuoden lopulta l\u00e4htien palkansaajien ty\u00f6tuntien kasvu on ollut l\u00e4hes yht\u00e4 nopeaa kuin palkansaajien m\u00e4\u00e4r\u00e4n kasvu. Eritt\u00e4in lyhyit\u00e4 ty\u00f6p\u00e4tki\u00e4 tekevien m\u00e4\u00e4r\u00e4 on tuskin merkitt\u00e4v\u00e4sti lis\u00e4\u00e4ntynyt.<\/p>\n<p>Poikkeuksellisen nopea ty\u00f6llisyyden kasvu tasoittuu ensi vuonna, ja ty\u00f6llisten m\u00e4\u00e4r\u00e4 kasvaa noin 30\u00a0000:lla. Monissa ik\u00e4ryhmiss\u00e4, erityisesti keski-ik\u00e4isiss\u00e4, on viel\u00e4 varaa kasvattaa osallistumisastetta, eik\u00e4 ty\u00f6voiman m\u00e4\u00e4r\u00e4llinen tarjonta rajoita ty\u00f6llisyyden kasvua merkitt\u00e4v\u00e4sti.<\/p>\n<p>Hyv\u00e4 ty\u00f6llisyyskehitys on vihdoin alkanut n\u00e4ky\u00e4 ty\u00f6tt\u00f6myyden selv\u00e4n\u00e4 laskuna, ja ty\u00f6tt\u00f6myysaste laskee ensi vuonna 7 prosenttiin. Toisaalta t\u00e4m\u00e4n vuoden aikana ty\u00f6markkinatuen saajien m\u00e4\u00e4r\u00e4 on laskenut selv\u00e4sti hitaammin kuin muiden ty\u00f6tt\u00f6mien. Ty\u00f6markkinatuen saajat ovat olleet jo kauan ty\u00f6tt\u00f6m\u00e4n\u00e4 tai heid\u00e4n ty\u00f6historiansa on hyvin lyhyt. T\u00e4m\u00e4 kehitys viittaa siihen, ett\u00e4 vaikeimmin ty\u00f6llistyvien joukko, eli ty\u00f6tt\u00f6myyden \u201ckova ydin\u201d, sulaa hitaasti.<\/p>\n<p><a href=\"http:\/\/www.ptt.fi\/julkaisut-ja-hankkeet\/uutiset\/kansantalous-2018-syksy.html\" target=\"_blank\" rel=\"noopener\">Lue koko ennuste PTT:n kotisivuilta.<\/a>  <\/p>\n","protected":false},"excerpt":{"rendered":"<p>Suomen talouden noususuhdanne jatkuu hidatuen t\u00e4n\u00e4 ja ensi vuonna kertoo Pellervon taloustutkimuksen PTT:n kansantalouden ennuste. T\u00e4m\u00e4n vuoden talouskasvuksi ennustetaan 2,6 prosenttia ja ensi vuonna 2,4 prosenttia. Ty\u00f6llisyys on kasvanut viime vuoden lopulta l\u00e4htien hurjaa vauhtia, mutta ty\u00f6tt\u00f6myyden kova ydin n\u00e4ytt\u00e4\u00e4 sulavan hitaasti. Huolestuttavaa on my\u00f6s se, ett\u00e4 investoinnit tuottavuuteen ja osaamiseen eiv\u00e4t ole kasvaneet.<\/p>\n","protected":false},"author":5,"featured_media":884566,"comment_status":"open","ping_status":"open","sticky":false,"template":"","format":"standard","meta":{"inline_featured_image":false,"_monsterinsights_skip_tracking":false,"_monsterinsights_sitenote_active":false,"_monsterinsights_sitenote_note":"","_monsterinsights_sitenote_category":0,"site-sidebar-layout":"default","site-content-layout":"","ast-site-content-layout":"default","site-content-style":"default","site-sidebar-style":"default","ast-global-header-display":"","ast-banner-title-visibility":"","ast-main-header-display":"","ast-hfb-above-header-display":"","ast-hfb-below-header-display":"","ast-hfb-mobile-header-display":"","site-post-title":"","ast-breadcrumbs-content":"","ast-featured-img":"","footer-sml-layout":"","ast-disable-related-posts":"","theme-transparent-header-meta":"","adv-header-id-meta":"","stick-header-meta":"","header-above-stick-meta":"","header-main-stick-meta":"","header-below-stick-meta":"","astra-migrate-meta-layouts":"default","ast-page-background-enabled":"default","ast-page-background-meta":{"desktop":{"background-color":"","background-image":"","background-repeat":"repeat","background-position":"center center","background-size":"auto","background-attachment":"scroll","background-type":"","background-media":"","overlay-type":"","overlay-color":"","overlay-opacity":"","overlay-gradient":""},"tablet":{"background-color":"","background-image":"","background-repeat":"repeat","background-position":"center center","background-size":"auto","background-attachment":"scroll","background-type":"","background-media":"","overlay-type":"","overlay-color":"","overlay-opacity":"","overlay-gradient":""},"mobile":{"background-color":"","background-image":"","background-repeat":"repeat","background-position":"center center","background-size":"auto","background-attachment":"scroll","background-type":"","background-media":"","overlay-type":"","overlay-color":"","overlay-opacity":"","overlay-gradient":""}},"ast-content-background-meta":{"desktop":{"background-color":"var(--ast-global-color-5)","background-image":"","background-repeat":"repeat","background-position":"center center","background-size":"auto","background-attachment":"scroll","background-type":"","background-media":"","overlay-type":"","overlay-color":"","overlay-opacity":"","overlay-gradient":""},"tablet":{"background-color":"var(--ast-global-color-5)","background-image":"","background-repeat":"repeat","background-position":"center center","background-size":"auto","background-attachment":"scroll","background-type":"","background-media":"","overlay-type":"","overlay-color":"","overlay-opacity":"","overlay-gradient":""},"mobile":{"background-color":"var(--ast-global-color-5)","background-image":"","background-repeat":"repeat","background-position":"center center","background-size":"auto","background-attachment":"scroll","background-type":"","background-media":"","overlay-type":"","overlay-color":"","overlay-opacity":"","overlay-gradient":""}},"_FSMCFIC_featured_image_caption":"","_FSMCFIC_featured_image_nocaption":"","_FSMCFIC_featured_image_hide":"","footnotes":""},"categories":[22],"tags":[],"class_list":["post-884565","post","type-post","status-publish","format-standard","has-post-thumbnail","hentry","category-uutiset"],"yoast_head":"<!-- This site is optimized with the Yoast SEO plugin v27.5 - https:\/\/yoast.com\/product\/yoast-seo-wordpress\/ -->\n<title>PTT:n kansantalouden ennuste syksy 2018: Nousu jatkuu, mutta kasvu hidastuu - Pellervo<\/title>\n<meta name=\"robots\" content=\"index, follow, max-snippet:-1, max-image-preview:large, max-video-preview:-1\" \/>\n<link rel=\"canonical\" href=\"https:\/\/pellervo.fi\/uutiset\/2018\/09\/13\/pttn-kansantalouden-ennuste-syksy-2018-nousu-jatkuu-mutta-kasvu-hidastuu\/\" \/>\n<meta property=\"og:locale\" content=\"en_US\" \/>\n<meta property=\"og:type\" content=\"article\" \/>\n<meta property=\"og:title\" content=\"PTT:n kansantalouden ennuste syksy 2018: Nousu jatkuu, mutta kasvu hidastuu - Pellervo\" \/>\n<meta property=\"og:description\" content=\"Suomen talouden noususuhdanne jatkuu hidatuen t\u00e4n\u00e4 ja ensi vuonna kertoo Pellervon taloustutkimuksen PTT:n kansantalouden ennuste. T\u00e4m\u00e4n vuoden talouskasvuksi ennustetaan 2,6 prosenttia ja ensi vuonna 2,4 prosenttia. Ty\u00f6llisyys on kasvanut viime vuoden lopulta l\u00e4htien hurjaa vauhtia, mutta ty\u00f6tt\u00f6myyden kova ydin n\u00e4ytt\u00e4\u00e4 sulavan hitaasti. Huolestuttavaa on my\u00f6s se, ett\u00e4 investoinnit tuottavuuteen ja osaamiseen eiv\u00e4t ole kasvaneet.\" \/>\n<meta property=\"og:url\" content=\"https:\/\/pellervo.fi\/uutiset\/2018\/09\/13\/pttn-kansantalouden-ennuste-syksy-2018-nousu-jatkuu-mutta-kasvu-hidastuu\/\" \/>\n<meta property=\"og:site_name\" content=\"Pellervo\" \/>\n<meta property=\"article:published_time\" content=\"2018-09-13T05:22:49+00:00\" \/>\n<meta property=\"article:modified_time\" content=\"2018-09-13T05:23:41+00:00\" \/>\n<meta property=\"og:image\" content=\"https:\/\/pellervo.fi\/wp-content\/uploads\/2018\/09\/kuvio1-1-600x474.png\" \/>\n\t<meta property=\"og:image:width\" content=\"599\" \/>\n\t<meta property=\"og:image:height\" content=\"474\" \/>\n\t<meta property=\"og:image:type\" content=\"image\/png\" \/>\n<meta name=\"author\" content=\"pellervo\" \/>\n<meta name=\"twitter:card\" content=\"summary_large_image\" \/>\n<meta name=\"twitter:creator\" content=\"@PellervoFi\" \/>\n<meta name=\"twitter:site\" content=\"@PellervoFi\" \/>\n<meta name=\"twitter:label1\" content=\"Written by\" \/>\n\t<meta name=\"twitter:data1\" content=\"pellervo\" \/>\n\t<meta name=\"twitter:label2\" content=\"Est. reading time\" \/>\n\t<meta name=\"twitter:data2\" content=\"2 minutes\" \/>\n<script type=\"application\/ld+json\" class=\"yoast-schema-graph\">{\"@context\":\"https:\\\/\\\/schema.org\",\"@graph\":[{\"@type\":\"Article\",\"@id\":\"https:\\\/\\\/pellervo.fi\\\/uutiset\\\/2018\\\/09\\\/13\\\/pttn-kansantalouden-ennuste-syksy-2018-nousu-jatkuu-mutta-kasvu-hidastuu\\\/#article\",\"isPartOf\":{\"@id\":\"https:\\\/\\\/pellervo.fi\\\/uutiset\\\/2018\\\/09\\\/13\\\/pttn-kansantalouden-ennuste-syksy-2018-nousu-jatkuu-mutta-kasvu-hidastuu\\\/\"},\"author\":{\"name\":\"pellervo\",\"@id\":\"https:\\\/\\\/pellervo.fi\\\/#\\\/schema\\\/person\\\/4b74d40956937d1367ade81899997e71\"},\"headline\":\"PTT:n kansantalouden ennuste syksy 2018: Nousu jatkuu, mutta kasvu hidastuu\",\"datePublished\":\"2018-09-13T05:22:49+00:00\",\"dateModified\":\"2018-09-13T05:23:41+00:00\",\"mainEntityOfPage\":{\"@id\":\"https:\\\/\\\/pellervo.fi\\\/uutiset\\\/2018\\\/09\\\/13\\\/pttn-kansantalouden-ennuste-syksy-2018-nousu-jatkuu-mutta-kasvu-hidastuu\\\/\"},\"wordCount\":358,\"commentCount\":0,\"publisher\":{\"@id\":\"https:\\\/\\\/pellervo.fi\\\/#organization\"},\"image\":{\"@id\":\"https:\\\/\\\/pellervo.fi\\\/uutiset\\\/2018\\\/09\\\/13\\\/pttn-kansantalouden-ennuste-syksy-2018-nousu-jatkuu-mutta-kasvu-hidastuu\\\/#primaryimage\"},\"thumbnailUrl\":\"https:\\\/\\\/pellervo.fi\\\/wp-content\\\/uploads\\\/2018\\\/09\\\/kuvio1-1-600x474.png\",\"articleSection\":[\"Uutiset\"],\"inLanguage\":\"en-US\",\"potentialAction\":[{\"@type\":\"CommentAction\",\"name\":\"Comment\",\"target\":[\"https:\\\/\\\/pellervo.fi\\\/uutiset\\\/2018\\\/09\\\/13\\\/pttn-kansantalouden-ennuste-syksy-2018-nousu-jatkuu-mutta-kasvu-hidastuu\\\/#respond\"]}]},{\"@type\":\"WebPage\",\"@id\":\"https:\\\/\\\/pellervo.fi\\\/uutiset\\\/2018\\\/09\\\/13\\\/pttn-kansantalouden-ennuste-syksy-2018-nousu-jatkuu-mutta-kasvu-hidastuu\\\/\",\"url\":\"https:\\\/\\\/pellervo.fi\\\/uutiset\\\/2018\\\/09\\\/13\\\/pttn-kansantalouden-ennuste-syksy-2018-nousu-jatkuu-mutta-kasvu-hidastuu\\\/\",\"name\":\"PTT:n kansantalouden ennuste syksy 2018: Nousu jatkuu, mutta kasvu hidastuu - Pellervo\",\"isPartOf\":{\"@id\":\"https:\\\/\\\/pellervo.fi\\\/#website\"},\"primaryImageOfPage\":{\"@id\":\"https:\\\/\\\/pellervo.fi\\\/uutiset\\\/2018\\\/09\\\/13\\\/pttn-kansantalouden-ennuste-syksy-2018-nousu-jatkuu-mutta-kasvu-hidastuu\\\/#primaryimage\"},\"image\":{\"@id\":\"https:\\\/\\\/pellervo.fi\\\/uutiset\\\/2018\\\/09\\\/13\\\/pttn-kansantalouden-ennuste-syksy-2018-nousu-jatkuu-mutta-kasvu-hidastuu\\\/#primaryimage\"},\"thumbnailUrl\":\"https:\\\/\\\/pellervo.fi\\\/wp-content\\\/uploads\\\/2018\\\/09\\\/kuvio1-1-600x474.png\",\"datePublished\":\"2018-09-13T05:22:49+00:00\",\"dateModified\":\"2018-09-13T05:23:41+00:00\",\"breadcrumb\":{\"@id\":\"https:\\\/\\\/pellervo.fi\\\/uutiset\\\/2018\\\/09\\\/13\\\/pttn-kansantalouden-ennuste-syksy-2018-nousu-jatkuu-mutta-kasvu-hidastuu\\\/#breadcrumb\"},\"inLanguage\":\"en-US\",\"potentialAction\":[{\"@type\":\"ReadAction\",\"target\":[\"https:\\\/\\\/pellervo.fi\\\/uutiset\\\/2018\\\/09\\\/13\\\/pttn-kansantalouden-ennuste-syksy-2018-nousu-jatkuu-mutta-kasvu-hidastuu\\\/\"]}]},{\"@type\":\"ImageObject\",\"inLanguage\":\"en-US\",\"@id\":\"https:\\\/\\\/pellervo.fi\\\/uutiset\\\/2018\\\/09\\\/13\\\/pttn-kansantalouden-ennuste-syksy-2018-nousu-jatkuu-mutta-kasvu-hidastuu\\\/#primaryimage\",\"url\":\"https:\\\/\\\/pellervo.fi\\\/wp-content\\\/uploads\\\/2018\\\/09\\\/kuvio1-1-600x474.png\",\"contentUrl\":\"https:\\\/\\\/pellervo.fi\\\/wp-content\\\/uploads\\\/2018\\\/09\\\/kuvio1-1-600x474.png\",\"width\":599,\"height\":474},{\"@type\":\"BreadcrumbList\",\"@id\":\"https:\\\/\\\/pellervo.fi\\\/uutiset\\\/2018\\\/09\\\/13\\\/pttn-kansantalouden-ennuste-syksy-2018-nousu-jatkuu-mutta-kasvu-hidastuu\\\/#breadcrumb\",\"itemListElement\":[{\"@type\":\"ListItem\",\"position\":1,\"name\":\"Koti\",\"item\":\"https:\\\/\\\/pellervo.fi\\\/en\\\/\"},{\"@type\":\"ListItem\",\"position\":2,\"name\":\"PTT:n kansantalouden ennuste syksy 2018: Nousu jatkuu, mutta kasvu hidastuu\"}]},{\"@type\":\"WebSite\",\"@id\":\"https:\\\/\\\/pellervo.fi\\\/#website\",\"url\":\"https:\\\/\\\/pellervo.fi\\\/\",\"name\":\"Pellervo\",\"description\":\"Osuuskuntien keskusj\u00e4rjest\u00f6\",\"publisher\":{\"@id\":\"https:\\\/\\\/pellervo.fi\\\/#organization\"},\"potentialAction\":[{\"@type\":\"SearchAction\",\"target\":{\"@type\":\"EntryPoint\",\"urlTemplate\":\"https:\\\/\\\/pellervo.fi\\\/?s={search_term_string}\"},\"query-input\":{\"@type\":\"PropertyValueSpecification\",\"valueRequired\":true,\"valueName\":\"search_term_string\"}}],\"inLanguage\":\"en-US\"},{\"@type\":\"Organization\",\"@id\":\"https:\\\/\\\/pellervo.fi\\\/#organization\",\"name\":\"Osuustoimintakeskus Pellervo ry\",\"url\":\"https:\\\/\\\/pellervo.fi\\\/\",\"logo\":{\"@type\":\"ImageObject\",\"inLanguage\":\"en-US\",\"@id\":\"https:\\\/\\\/pellervo.fi\\\/#\\\/schema\\\/logo\\\/image\\\/\",\"url\":\"https:\\\/\\\/pellervo.fi\\\/wp-content\\\/uploads\\\/2020\\\/05\\\/Pellervo_logo.png\",\"contentUrl\":\"https:\\\/\\\/pellervo.fi\\\/wp-content\\\/uploads\\\/2020\\\/05\\\/Pellervo_logo.png\",\"width\":1335,\"height\":376,\"caption\":\"Osuustoimintakeskus Pellervo ry\"},\"image\":{\"@id\":\"https:\\\/\\\/pellervo.fi\\\/#\\\/schema\\\/logo\\\/image\\\/\"},\"sameAs\":[\"https:\\\/\\\/x.com\\\/PellervoFi\"]},{\"@type\":\"Person\",\"@id\":\"https:\\\/\\\/pellervo.fi\\\/#\\\/schema\\\/person\\\/4b74d40956937d1367ade81899997e71\",\"name\":\"pellervo\",\"image\":{\"@type\":\"ImageObject\",\"inLanguage\":\"en-US\",\"@id\":\"https:\\\/\\\/pellervo.fi\\\/wp-content\\\/uploads\\\/2013\\\/11\\\/pellervo_avatar_1384522134-96x96.jpg\",\"url\":\"https:\\\/\\\/pellervo.fi\\\/wp-content\\\/uploads\\\/2013\\\/11\\\/pellervo_avatar_1384522134-96x96.jpg\",\"contentUrl\":\"https:\\\/\\\/pellervo.fi\\\/wp-content\\\/uploads\\\/2013\\\/11\\\/pellervo_avatar_1384522134-96x96.jpg\",\"caption\":\"pellervo\"},\"description\":\"Kuvaus\",\"url\":\"https:\\\/\\\/pellervo.fi\\\/en\\\/author\\\/pellervo\\\/\"}]}<\/script>\n<!-- \/ Yoast SEO plugin. -->","yoast_head_json":{"title":"PTT:n kansantalouden ennuste syksy 2018: Nousu jatkuu, mutta kasvu hidastuu - Pellervo","robots":{"index":"index","follow":"follow","max-snippet":"max-snippet:-1","max-image-preview":"max-image-preview:large","max-video-preview":"max-video-preview:-1"},"canonical":"https:\/\/pellervo.fi\/uutiset\/2018\/09\/13\/pttn-kansantalouden-ennuste-syksy-2018-nousu-jatkuu-mutta-kasvu-hidastuu\/","og_locale":"en_US","og_type":"article","og_title":"PTT:n kansantalouden ennuste syksy 2018: Nousu jatkuu, mutta kasvu hidastuu - Pellervo","og_description":"Suomen talouden noususuhdanne jatkuu hidatuen t\u00e4n\u00e4 ja ensi vuonna kertoo Pellervon taloustutkimuksen PTT:n kansantalouden ennuste. T\u00e4m\u00e4n vuoden talouskasvuksi ennustetaan 2,6 prosenttia ja ensi vuonna 2,4 prosenttia. Ty\u00f6llisyys on kasvanut viime vuoden lopulta l\u00e4htien hurjaa vauhtia, mutta ty\u00f6tt\u00f6myyden kova ydin n\u00e4ytt\u00e4\u00e4 sulavan hitaasti. Huolestuttavaa on my\u00f6s se, ett\u00e4 investoinnit tuottavuuteen ja osaamiseen eiv\u00e4t ole kasvaneet.","og_url":"https:\/\/pellervo.fi\/uutiset\/2018\/09\/13\/pttn-kansantalouden-ennuste-syksy-2018-nousu-jatkuu-mutta-kasvu-hidastuu\/","og_site_name":"Pellervo","article_published_time":"2018-09-13T05:22:49+00:00","article_modified_time":"2018-09-13T05:23:41+00:00","og_image":[{"width":599,"height":474,"url":"https:\/\/pellervo.fi\/wp-content\/uploads\/2018\/09\/kuvio1-1-600x474.png","type":"image\/png"}],"author":"pellervo","twitter_card":"summary_large_image","twitter_creator":"@PellervoFi","twitter_site":"@PellervoFi","twitter_misc":{"Written by":"pellervo","Est. reading time":"2 minutes"},"schema":{"@context":"https:\/\/schema.org","@graph":[{"@type":"Article","@id":"https:\/\/pellervo.fi\/uutiset\/2018\/09\/13\/pttn-kansantalouden-ennuste-syksy-2018-nousu-jatkuu-mutta-kasvu-hidastuu\/#article","isPartOf":{"@id":"https:\/\/pellervo.fi\/uutiset\/2018\/09\/13\/pttn-kansantalouden-ennuste-syksy-2018-nousu-jatkuu-mutta-kasvu-hidastuu\/"},"author":{"name":"pellervo","@id":"https:\/\/pellervo.fi\/#\/schema\/person\/4b74d40956937d1367ade81899997e71"},"headline":"PTT:n kansantalouden ennuste syksy 2018: Nousu jatkuu, mutta kasvu hidastuu","datePublished":"2018-09-13T05:22:49+00:00","dateModified":"2018-09-13T05:23:41+00:00","mainEntityOfPage":{"@id":"https:\/\/pellervo.fi\/uutiset\/2018\/09\/13\/pttn-kansantalouden-ennuste-syksy-2018-nousu-jatkuu-mutta-kasvu-hidastuu\/"},"wordCount":358,"commentCount":0,"publisher":{"@id":"https:\/\/pellervo.fi\/#organization"},"image":{"@id":"https:\/\/pellervo.fi\/uutiset\/2018\/09\/13\/pttn-kansantalouden-ennuste-syksy-2018-nousu-jatkuu-mutta-kasvu-hidastuu\/#primaryimage"},"thumbnailUrl":"https:\/\/pellervo.fi\/wp-content\/uploads\/2018\/09\/kuvio1-1-600x474.png","articleSection":["Uutiset"],"inLanguage":"en-US","potentialAction":[{"@type":"CommentAction","name":"Comment","target":["https:\/\/pellervo.fi\/uutiset\/2018\/09\/13\/pttn-kansantalouden-ennuste-syksy-2018-nousu-jatkuu-mutta-kasvu-hidastuu\/#respond"]}]},{"@type":"WebPage","@id":"https:\/\/pellervo.fi\/uutiset\/2018\/09\/13\/pttn-kansantalouden-ennuste-syksy-2018-nousu-jatkuu-mutta-kasvu-hidastuu\/","url":"https:\/\/pellervo.fi\/uutiset\/2018\/09\/13\/pttn-kansantalouden-ennuste-syksy-2018-nousu-jatkuu-mutta-kasvu-hidastuu\/","name":"PTT:n kansantalouden ennuste syksy 2018: Nousu jatkuu, mutta kasvu hidastuu - Pellervo","isPartOf":{"@id":"https:\/\/pellervo.fi\/#website"},"primaryImageOfPage":{"@id":"https:\/\/pellervo.fi\/uutiset\/2018\/09\/13\/pttn-kansantalouden-ennuste-syksy-2018-nousu-jatkuu-mutta-kasvu-hidastuu\/#primaryimage"},"image":{"@id":"https:\/\/pellervo.fi\/uutiset\/2018\/09\/13\/pttn-kansantalouden-ennuste-syksy-2018-nousu-jatkuu-mutta-kasvu-hidastuu\/#primaryimage"},"thumbnailUrl":"https:\/\/pellervo.fi\/wp-content\/uploads\/2018\/09\/kuvio1-1-600x474.png","datePublished":"2018-09-13T05:22:49+00:00","dateModified":"2018-09-13T05:23:41+00:00","breadcrumb":{"@id":"https:\/\/pellervo.fi\/uutiset\/2018\/09\/13\/pttn-kansantalouden-ennuste-syksy-2018-nousu-jatkuu-mutta-kasvu-hidastuu\/#breadcrumb"},"inLanguage":"en-US","potentialAction":[{"@type":"ReadAction","target":["https:\/\/pellervo.fi\/uutiset\/2018\/09\/13\/pttn-kansantalouden-ennuste-syksy-2018-nousu-jatkuu-mutta-kasvu-hidastuu\/"]}]},{"@type":"ImageObject","inLanguage":"en-US","@id":"https:\/\/pellervo.fi\/uutiset\/2018\/09\/13\/pttn-kansantalouden-ennuste-syksy-2018-nousu-jatkuu-mutta-kasvu-hidastuu\/#primaryimage","url":"https:\/\/pellervo.fi\/wp-content\/uploads\/2018\/09\/kuvio1-1-600x474.png","contentUrl":"https:\/\/pellervo.fi\/wp-content\/uploads\/2018\/09\/kuvio1-1-600x474.png","width":599,"height":474},{"@type":"BreadcrumbList","@id":"https:\/\/pellervo.fi\/uutiset\/2018\/09\/13\/pttn-kansantalouden-ennuste-syksy-2018-nousu-jatkuu-mutta-kasvu-hidastuu\/#breadcrumb","itemListElement":[{"@type":"ListItem","position":1,"name":"Koti","item":"https:\/\/pellervo.fi\/en\/"},{"@type":"ListItem","position":2,"name":"PTT:n kansantalouden ennuste syksy 2018: Nousu jatkuu, mutta kasvu hidastuu"}]},{"@type":"WebSite","@id":"https:\/\/pellervo.fi\/#website","url":"https:\/\/pellervo.fi\/","name":"Pellervo","description":"Osuuskuntien keskusj\u00e4rjest\u00f6","publisher":{"@id":"https:\/\/pellervo.fi\/#organization"},"potentialAction":[{"@type":"SearchAction","target":{"@type":"EntryPoint","urlTemplate":"https:\/\/pellervo.fi\/?s={search_term_string}"},"query-input":{"@type":"PropertyValueSpecification","valueRequired":true,"valueName":"search_term_string"}}],"inLanguage":"en-US"},{"@type":"Organization","@id":"https:\/\/pellervo.fi\/#organization","name":"Osuustoimintakeskus Pellervo ry","url":"https:\/\/pellervo.fi\/","logo":{"@type":"ImageObject","inLanguage":"en-US","@id":"https:\/\/pellervo.fi\/#\/schema\/logo\/image\/","url":"https:\/\/pellervo.fi\/wp-content\/uploads\/2020\/05\/Pellervo_logo.png","contentUrl":"https:\/\/pellervo.fi\/wp-content\/uploads\/2020\/05\/Pellervo_logo.png","width":1335,"height":376,"caption":"Osuustoimintakeskus Pellervo ry"},"image":{"@id":"https:\/\/pellervo.fi\/#\/schema\/logo\/image\/"},"sameAs":["https:\/\/x.com\/PellervoFi"]},{"@type":"Person","@id":"https:\/\/pellervo.fi\/#\/schema\/person\/4b74d40956937d1367ade81899997e71","name":"pellervo","image":{"@type":"ImageObject","inLanguage":"en-US","@id":"https:\/\/pellervo.fi\/wp-content\/uploads\/2013\/11\/pellervo_avatar_1384522134-96x96.jpg","url":"https:\/\/pellervo.fi\/wp-content\/uploads\/2013\/11\/pellervo_avatar_1384522134-96x96.jpg","contentUrl":"https:\/\/pellervo.fi\/wp-content\/uploads\/2013\/11\/pellervo_avatar_1384522134-96x96.jpg","caption":"pellervo"},"description":"Kuvaus","url":"https:\/\/pellervo.fi\/en\/author\/pellervo\/"}]}},"_links":{"self":[{"href":"https:\/\/pellervo.fi\/en\/wp-json\/wp\/v2\/posts\/884565","targetHints":{"allow":["GET"]}}],"collection":[{"href":"https:\/\/pellervo.fi\/en\/wp-json\/wp\/v2\/posts"}],"about":[{"href":"https:\/\/pellervo.fi\/en\/wp-json\/wp\/v2\/types\/post"}],"author":[{"embeddable":true,"href":"https:\/\/pellervo.fi\/en\/wp-json\/wp\/v2\/users\/5"}],"replies":[{"embeddable":true,"href":"https:\/\/pellervo.fi\/en\/wp-json\/wp\/v2\/comments?post=884565"}],"version-history":[{"count":1,"href":"https:\/\/pellervo.fi\/en\/wp-json\/wp\/v2\/posts\/884565\/revisions"}],"predecessor-version":[{"id":884567,"href":"https:\/\/pellervo.fi\/en\/wp-json\/wp\/v2\/posts\/884565\/revisions\/884567"}],"wp:featuredmedia":[{"embeddable":true,"href":"https:\/\/pellervo.fi\/en\/wp-json\/wp\/v2\/media\/884566"}],"wp:attachment":[{"href":"https:\/\/pellervo.fi\/en\/wp-json\/wp\/v2\/media?parent=884565"}],"wp:term":[{"taxonomy":"category","embeddable":true,"href":"https:\/\/pellervo.fi\/en\/wp-json\/wp\/v2\/categories?post=884565"},{"taxonomy":"post_tag","embeddable":true,"href":"https:\/\/pellervo.fi\/en\/wp-json\/wp\/v2\/tags?post=884565"}],"curies":[{"name":"wp","href":"https:\/\/api.w.org\/{rel}","templated":true}]}}