{"id":884568,"date":"2018-09-13T10:46:01","date_gmt":"2018-09-13T07:46:01","guid":{"rendered":"https:\/\/pellervo.fi\/?p=884568"},"modified":"2018-09-13T10:46:26","modified_gmt":"2018-09-13T07:46:26","slug":"valio-ja-arla-paasivat-sovintoratkaisuun-vahingonkorvauskiistassa","status":"publish","type":"post","link":"https:\/\/pellervo.fi\/en\/uutiset\/2018\/09\/13\/valio-ja-arla-paasivat-sovintoratkaisuun-vahingonkorvauskiistassa\/","title":{"rendered":"Valio ja Arla p\u00e4\u00e4siv\u00e4t sovintoratkaisuun vahingonkorvauskiistassa"},"content":{"rendered":"<p><strong>Valio ja Arla tiedottivat, ett\u00e4 ne ovat p\u00e4\u00e4sseet sovintoratkaisuun vahingonkorvausprosessissa, jonka Arlan k\u00e4ynnisti vuonna 2014. Kanne perustui perusmaidon hinnoittelua koskevaan Kilpailu- ja kuluttajaviraston tutkintaan, jonka tuloksena korkein hallinto-oikeus lopulta tuomitsi Valion m\u00e4\u00e4r\u00e4\u00e4v\u00e4n markkina-aseman v\u00e4\u00e4rink\u00e4yt\u00f6st\u00e4. Arla on yksi asiassa Valiolta vahingonkorvausta vaatineista meijeriyrityksist\u00e4.<\/strong><\/p>\n<p>Valion toimitusjohtaja\u00a0<strong>Annikka Hurme<\/strong>\u00a0kommentoi Valion ja Arlan sopimusta seuraavasti: \u201dOikeusprosessi ei ole kenenk\u00e4\u00e4n kannalta paras tapa ratkaista erimielisyyksi\u00e4. Olemme tyytyv\u00e4isi\u00e4, ett\u00e4 pitk\u00e4\u00e4n jatkunut oikeusprosessi on saatu p\u00e4\u00e4t\u00f6kseen sovinnollisesti. Sovintosopimuksen sis\u00e4lt\u00f6 on luonnollisesti Valion ja Arlan v\u00e4linen asia.\u201d<\/p>\n<p>Toimitusjohtaja\u00a0<strong>Kai Gyllstr\u00f6m<\/strong>\u00a0Arlalta toteaa: \u201dOlemme tyytyv\u00e4isi\u00e4 hyv\u00e4ss\u00e4 yhteisymm\u00e4rryksess\u00e4 Valion kanssa tehtyyn sopimukseen. Sopimukseen p\u00e4\u00e4seminen on hieno asia. Toivomme, ett\u00e4 voimme nyt j\u00e4tt\u00e4\u00e4 asian taaksemme ja keskitty\u00e4 jatkamaan sit\u00e4, mik\u00e4 on Suomen maitomarkkinan ja kuluttajien parhaaksi.\u201d<\/p>\n<p>Valio ja Arla eiv\u00e4t anna lis\u00e4tietoja sopimuksesta.  <\/p>\n","protected":false},"excerpt":{"rendered":"<p>Valio ja Arla tiedottivat, ett\u00e4 ne ovat p\u00e4\u00e4sseet sovintoratkaisuun vahingonkorvausprosessissa, jonka Arlan k\u00e4ynnisti vuonna 2014. Kanne perustui perusmaidon hinnoittelua koskevaan Kilpailu- ja kuluttajaviraston tutkintaan, jonka tuloksena korkein hallinto-oikeus lopulta tuomitsi Valion m\u00e4\u00e4r\u00e4\u00e4v\u00e4n markkina-aseman v\u00e4\u00e4rink\u00e4yt\u00f6st\u00e4. Arla on yksi asiassa Valiolta vahingonkorvausta vaatineista meijeriyrityksist\u00e4.<\/p>\n","protected":false},"author":5,"featured_media":0,"comment_status":"open","ping_status":"open","sticky":false,"template":"","format":"standard","meta":{"inline_featured_image":false,"_monsterinsights_skip_tracking":false,"_monsterinsights_sitenote_active":false,"_monsterinsights_sitenote_note":"","_monsterinsights_sitenote_category":0,"site-sidebar-layout":"default","site-content-layout":"","ast-site-content-layout":"default","site-content-style":"default","site-sidebar-style":"default","ast-global-header-display":"","ast-banner-title-visibility":"","ast-main-header-display":"","ast-hfb-above-header-display":"","ast-hfb-below-header-display":"","ast-hfb-mobile-header-display":"","site-post-title":"","ast-breadcrumbs-content":"","ast-featured-img":"","footer-sml-layout":"","ast-disable-related-posts":"","theme-transparent-header-meta":"","adv-header-id-meta":"","stick-header-meta":"","header-above-stick-meta":"","header-main-stick-meta":"","header-below-stick-meta":"","astra-migrate-meta-layouts":"default","ast-page-background-enabled":"default","ast-page-background-meta":{"desktop":{"background-color":"","background-image":"","background-repeat":"repeat","background-position":"center center","background-size":"auto","background-attachment":"scroll","background-type":"","background-media":"","overlay-type":"","overlay-color":"","overlay-opacity":"","overlay-gradient":""},"tablet":{"background-color":"","background-image":"","background-repeat":"repeat","background-position":"center center","background-size":"auto","background-attachment":"scroll","background-type":"","background-media":"","overlay-type":"","overlay-color":"","overlay-opacity":"","overlay-gradient":""},"mobile":{"background-color":"","background-image":"","background-repeat":"repeat","background-position":"center center","background-size":"auto","background-attachment":"scroll","background-type":"","background-media":"","overlay-type":"","overlay-color":"","overlay-opacity":"","overlay-gradient":""}},"ast-content-background-meta":{"desktop":{"background-color":"var(--ast-global-color-5)","background-image":"","background-repeat":"repeat","background-position":"center center","background-size":"auto","background-attachment":"scroll","background-type":"","background-media":"","overlay-type":"","overlay-color":"","overlay-opacity":"","overlay-gradient":""},"tablet":{"background-color":"var(--ast-global-color-5)","background-image":"","background-repeat":"repeat","background-position":"center center","background-size":"auto","background-attachment":"scroll","background-type":"","background-media":"","overlay-type":"","overlay-color":"","overlay-opacity":"","overlay-gradient":""},"mobile":{"background-color":"var(--ast-global-color-5)","background-image":"","background-repeat":"repeat","background-position":"center center","background-size":"auto","background-attachment":"scroll","background-type":"","background-media":"","overlay-type":"","overlay-color":"","overlay-opacity":"","overlay-gradient":""}},"_FSMCFIC_featured_image_caption":"","_FSMCFIC_featured_image_nocaption":"","_FSMCFIC_featured_image_hide":"","footnotes":""},"categories":[22],"tags":[],"class_list":["post-884568","post","type-post","status-publish","format-standard","hentry","category-uutiset"],"yoast_head":"<!-- This site is optimized with the Yoast SEO plugin v27.5 - https:\/\/yoast.com\/product\/yoast-seo-wordpress\/ -->\n<title>Valio ja Arla p\u00e4\u00e4siv\u00e4t sovintoratkaisuun vahingonkorvauskiistassa - Pellervo<\/title>\n<meta name=\"robots\" content=\"index, follow, max-snippet:-1, max-image-preview:large, max-video-preview:-1\" \/>\n<link rel=\"canonical\" href=\"https:\/\/pellervo.fi\/uutiset\/2018\/09\/13\/valio-ja-arla-paasivat-sovintoratkaisuun-vahingonkorvauskiistassa\/\" \/>\n<meta property=\"og:locale\" content=\"en_US\" \/>\n<meta property=\"og:type\" content=\"article\" \/>\n<meta property=\"og:title\" content=\"Valio ja Arla p\u00e4\u00e4siv\u00e4t sovintoratkaisuun vahingonkorvauskiistassa - Pellervo\" \/>\n<meta property=\"og:description\" content=\"Valio ja Arla tiedottivat, ett\u00e4 ne ovat p\u00e4\u00e4sseet sovintoratkaisuun vahingonkorvausprosessissa, jonka Arlan k\u00e4ynnisti vuonna 2014. Kanne perustui perusmaidon hinnoittelua koskevaan Kilpailu- ja kuluttajaviraston tutkintaan, jonka tuloksena korkein hallinto-oikeus lopulta tuomitsi Valion m\u00e4\u00e4r\u00e4\u00e4v\u00e4n markkina-aseman v\u00e4\u00e4rink\u00e4yt\u00f6st\u00e4. Arla on yksi asiassa Valiolta vahingonkorvausta vaatineista meijeriyrityksist\u00e4.\" \/>\n<meta property=\"og:url\" content=\"https:\/\/pellervo.fi\/uutiset\/2018\/09\/13\/valio-ja-arla-paasivat-sovintoratkaisuun-vahingonkorvauskiistassa\/\" \/>\n<meta property=\"og:site_name\" content=\"Pellervo\" \/>\n<meta property=\"article:published_time\" content=\"2018-09-13T07:46:01+00:00\" \/>\n<meta property=\"article:modified_time\" content=\"2018-09-13T07:46:26+00:00\" \/>\n<meta property=\"og:image\" content=\"https:\/\/pellervo.fi\/wp-content\/uploads\/2020\/04\/pallo2020.jpg\" \/>\n\t<meta property=\"og:image:width\" content=\"850\" \/>\n\t<meta property=\"og:image:height\" content=\"560\" \/>\n\t<meta property=\"og:image:type\" content=\"image\/jpeg\" \/>\n<meta name=\"author\" content=\"pellervo\" \/>\n<meta name=\"twitter:card\" content=\"summary_large_image\" \/>\n<meta name=\"twitter:creator\" content=\"@PellervoFi\" \/>\n<meta name=\"twitter:site\" content=\"@PellervoFi\" \/>\n<meta name=\"twitter:label1\" content=\"Written by\" \/>\n\t<meta name=\"twitter:data1\" content=\"pellervo\" \/>\n\t<meta name=\"twitter:label2\" content=\"Est. reading time\" \/>\n\t<meta name=\"twitter:data2\" content=\"1 minute\" \/>\n<script type=\"application\/ld+json\" class=\"yoast-schema-graph\">{\"@context\":\"https:\\\/\\\/schema.org\",\"@graph\":[{\"@type\":\"Article\",\"@id\":\"https:\\\/\\\/pellervo.fi\\\/uutiset\\\/2018\\\/09\\\/13\\\/valio-ja-arla-paasivat-sovintoratkaisuun-vahingonkorvauskiistassa\\\/#article\",\"isPartOf\":{\"@id\":\"https:\\\/\\\/pellervo.fi\\\/uutiset\\\/2018\\\/09\\\/13\\\/valio-ja-arla-paasivat-sovintoratkaisuun-vahingonkorvauskiistassa\\\/\"},\"author\":{\"name\":\"pellervo\",\"@id\":\"https:\\\/\\\/pellervo.fi\\\/#\\\/schema\\\/person\\\/4b74d40956937d1367ade81899997e71\"},\"headline\":\"Valio ja Arla p\u00e4\u00e4siv\u00e4t sovintoratkaisuun vahingonkorvauskiistassa\",\"datePublished\":\"2018-09-13T07:46:01+00:00\",\"dateModified\":\"2018-09-13T07:46:26+00:00\",\"mainEntityOfPage\":{\"@id\":\"https:\\\/\\\/pellervo.fi\\\/uutiset\\\/2018\\\/09\\\/13\\\/valio-ja-arla-paasivat-sovintoratkaisuun-vahingonkorvauskiistassa\\\/\"},\"wordCount\":153,\"commentCount\":0,\"publisher\":{\"@id\":\"https:\\\/\\\/pellervo.fi\\\/#organization\"},\"articleSection\":[\"Uutiset\"],\"inLanguage\":\"en-US\",\"potentialAction\":[{\"@type\":\"CommentAction\",\"name\":\"Comment\",\"target\":[\"https:\\\/\\\/pellervo.fi\\\/uutiset\\\/2018\\\/09\\\/13\\\/valio-ja-arla-paasivat-sovintoratkaisuun-vahingonkorvauskiistassa\\\/#respond\"]}]},{\"@type\":\"WebPage\",\"@id\":\"https:\\\/\\\/pellervo.fi\\\/uutiset\\\/2018\\\/09\\\/13\\\/valio-ja-arla-paasivat-sovintoratkaisuun-vahingonkorvauskiistassa\\\/\",\"url\":\"https:\\\/\\\/pellervo.fi\\\/uutiset\\\/2018\\\/09\\\/13\\\/valio-ja-arla-paasivat-sovintoratkaisuun-vahingonkorvauskiistassa\\\/\",\"name\":\"Valio ja Arla p\u00e4\u00e4siv\u00e4t sovintoratkaisuun vahingonkorvauskiistassa - Pellervo\",\"isPartOf\":{\"@id\":\"https:\\\/\\\/pellervo.fi\\\/#website\"},\"datePublished\":\"2018-09-13T07:46:01+00:00\",\"dateModified\":\"2018-09-13T07:46:26+00:00\",\"breadcrumb\":{\"@id\":\"https:\\\/\\\/pellervo.fi\\\/uutiset\\\/2018\\\/09\\\/13\\\/valio-ja-arla-paasivat-sovintoratkaisuun-vahingonkorvauskiistassa\\\/#breadcrumb\"},\"inLanguage\":\"en-US\",\"potentialAction\":[{\"@type\":\"ReadAction\",\"target\":[\"https:\\\/\\\/pellervo.fi\\\/uutiset\\\/2018\\\/09\\\/13\\\/valio-ja-arla-paasivat-sovintoratkaisuun-vahingonkorvauskiistassa\\\/\"]}]},{\"@type\":\"BreadcrumbList\",\"@id\":\"https:\\\/\\\/pellervo.fi\\\/uutiset\\\/2018\\\/09\\\/13\\\/valio-ja-arla-paasivat-sovintoratkaisuun-vahingonkorvauskiistassa\\\/#breadcrumb\",\"itemListElement\":[{\"@type\":\"ListItem\",\"position\":1,\"name\":\"Koti\",\"item\":\"https:\\\/\\\/pellervo.fi\\\/en\\\/\"},{\"@type\":\"ListItem\",\"position\":2,\"name\":\"Valio ja Arla p\u00e4\u00e4siv\u00e4t sovintoratkaisuun vahingonkorvauskiistassa\"}]},{\"@type\":\"WebSite\",\"@id\":\"https:\\\/\\\/pellervo.fi\\\/#website\",\"url\":\"https:\\\/\\\/pellervo.fi\\\/\",\"name\":\"Pellervo\",\"description\":\"Osuuskuntien keskusj\u00e4rjest\u00f6\",\"publisher\":{\"@id\":\"https:\\\/\\\/pellervo.fi\\\/#organization\"},\"potentialAction\":[{\"@type\":\"SearchAction\",\"target\":{\"@type\":\"EntryPoint\",\"urlTemplate\":\"https:\\\/\\\/pellervo.fi\\\/?s={search_term_string}\"},\"query-input\":{\"@type\":\"PropertyValueSpecification\",\"valueRequired\":true,\"valueName\":\"search_term_string\"}}],\"inLanguage\":\"en-US\"},{\"@type\":\"Organization\",\"@id\":\"https:\\\/\\\/pellervo.fi\\\/#organization\",\"name\":\"Osuustoimintakeskus Pellervo ry\",\"url\":\"https:\\\/\\\/pellervo.fi\\\/\",\"logo\":{\"@type\":\"ImageObject\",\"inLanguage\":\"en-US\",\"@id\":\"https:\\\/\\\/pellervo.fi\\\/#\\\/schema\\\/logo\\\/image\\\/\",\"url\":\"https:\\\/\\\/pellervo.fi\\\/wp-content\\\/uploads\\\/2020\\\/05\\\/Pellervo_logo.png\",\"contentUrl\":\"https:\\\/\\\/pellervo.fi\\\/wp-content\\\/uploads\\\/2020\\\/05\\\/Pellervo_logo.png\",\"width\":1335,\"height\":376,\"caption\":\"Osuustoimintakeskus Pellervo ry\"},\"image\":{\"@id\":\"https:\\\/\\\/pellervo.fi\\\/#\\\/schema\\\/logo\\\/image\\\/\"},\"sameAs\":[\"https:\\\/\\\/x.com\\\/PellervoFi\"]},{\"@type\":\"Person\",\"@id\":\"https:\\\/\\\/pellervo.fi\\\/#\\\/schema\\\/person\\\/4b74d40956937d1367ade81899997e71\",\"name\":\"pellervo\",\"image\":{\"@type\":\"ImageObject\",\"inLanguage\":\"en-US\",\"@id\":\"https:\\\/\\\/pellervo.fi\\\/wp-content\\\/uploads\\\/2013\\\/11\\\/pellervo_avatar_1384522134-96x96.jpg\",\"url\":\"https:\\\/\\\/pellervo.fi\\\/wp-content\\\/uploads\\\/2013\\\/11\\\/pellervo_avatar_1384522134-96x96.jpg\",\"contentUrl\":\"https:\\\/\\\/pellervo.fi\\\/wp-content\\\/uploads\\\/2013\\\/11\\\/pellervo_avatar_1384522134-96x96.jpg\",\"caption\":\"pellervo\"},\"description\":\"Kuvaus\",\"url\":\"https:\\\/\\\/pellervo.fi\\\/en\\\/author\\\/pellervo\\\/\"}]}<\/script>\n<!-- \/ Yoast SEO plugin. -->","yoast_head_json":{"title":"Valio ja Arla p\u00e4\u00e4siv\u00e4t sovintoratkaisuun vahingonkorvauskiistassa - Pellervo","robots":{"index":"index","follow":"follow","max-snippet":"max-snippet:-1","max-image-preview":"max-image-preview:large","max-video-preview":"max-video-preview:-1"},"canonical":"https:\/\/pellervo.fi\/uutiset\/2018\/09\/13\/valio-ja-arla-paasivat-sovintoratkaisuun-vahingonkorvauskiistassa\/","og_locale":"en_US","og_type":"article","og_title":"Valio ja Arla p\u00e4\u00e4siv\u00e4t sovintoratkaisuun vahingonkorvauskiistassa - Pellervo","og_description":"Valio ja Arla tiedottivat, ett\u00e4 ne ovat p\u00e4\u00e4sseet sovintoratkaisuun vahingonkorvausprosessissa, jonka Arlan k\u00e4ynnisti vuonna 2014. Kanne perustui perusmaidon hinnoittelua koskevaan Kilpailu- ja kuluttajaviraston tutkintaan, jonka tuloksena korkein hallinto-oikeus lopulta tuomitsi Valion m\u00e4\u00e4r\u00e4\u00e4v\u00e4n markkina-aseman v\u00e4\u00e4rink\u00e4yt\u00f6st\u00e4. Arla on yksi asiassa Valiolta vahingonkorvausta vaatineista meijeriyrityksist\u00e4.","og_url":"https:\/\/pellervo.fi\/uutiset\/2018\/09\/13\/valio-ja-arla-paasivat-sovintoratkaisuun-vahingonkorvauskiistassa\/","og_site_name":"Pellervo","article_published_time":"2018-09-13T07:46:01+00:00","article_modified_time":"2018-09-13T07:46:26+00:00","og_image":[{"width":850,"height":560,"url":"https:\/\/pellervo.fi\/wp-content\/uploads\/2020\/04\/pallo2020.jpg","type":"image\/jpeg"}],"author":"pellervo","twitter_card":"summary_large_image","twitter_creator":"@PellervoFi","twitter_site":"@PellervoFi","twitter_misc":{"Written by":"pellervo","Est. reading time":"1 minute"},"schema":{"@context":"https:\/\/schema.org","@graph":[{"@type":"Article","@id":"https:\/\/pellervo.fi\/uutiset\/2018\/09\/13\/valio-ja-arla-paasivat-sovintoratkaisuun-vahingonkorvauskiistassa\/#article","isPartOf":{"@id":"https:\/\/pellervo.fi\/uutiset\/2018\/09\/13\/valio-ja-arla-paasivat-sovintoratkaisuun-vahingonkorvauskiistassa\/"},"author":{"name":"pellervo","@id":"https:\/\/pellervo.fi\/#\/schema\/person\/4b74d40956937d1367ade81899997e71"},"headline":"Valio ja Arla p\u00e4\u00e4siv\u00e4t sovintoratkaisuun vahingonkorvauskiistassa","datePublished":"2018-09-13T07:46:01+00:00","dateModified":"2018-09-13T07:46:26+00:00","mainEntityOfPage":{"@id":"https:\/\/pellervo.fi\/uutiset\/2018\/09\/13\/valio-ja-arla-paasivat-sovintoratkaisuun-vahingonkorvauskiistassa\/"},"wordCount":153,"commentCount":0,"publisher":{"@id":"https:\/\/pellervo.fi\/#organization"},"articleSection":["Uutiset"],"inLanguage":"en-US","potentialAction":[{"@type":"CommentAction","name":"Comment","target":["https:\/\/pellervo.fi\/uutiset\/2018\/09\/13\/valio-ja-arla-paasivat-sovintoratkaisuun-vahingonkorvauskiistassa\/#respond"]}]},{"@type":"WebPage","@id":"https:\/\/pellervo.fi\/uutiset\/2018\/09\/13\/valio-ja-arla-paasivat-sovintoratkaisuun-vahingonkorvauskiistassa\/","url":"https:\/\/pellervo.fi\/uutiset\/2018\/09\/13\/valio-ja-arla-paasivat-sovintoratkaisuun-vahingonkorvauskiistassa\/","name":"Valio ja Arla p\u00e4\u00e4siv\u00e4t sovintoratkaisuun vahingonkorvauskiistassa - Pellervo","isPartOf":{"@id":"https:\/\/pellervo.fi\/#website"},"datePublished":"2018-09-13T07:46:01+00:00","dateModified":"2018-09-13T07:46:26+00:00","breadcrumb":{"@id":"https:\/\/pellervo.fi\/uutiset\/2018\/09\/13\/valio-ja-arla-paasivat-sovintoratkaisuun-vahingonkorvauskiistassa\/#breadcrumb"},"inLanguage":"en-US","potentialAction":[{"@type":"ReadAction","target":["https:\/\/pellervo.fi\/uutiset\/2018\/09\/13\/valio-ja-arla-paasivat-sovintoratkaisuun-vahingonkorvauskiistassa\/"]}]},{"@type":"BreadcrumbList","@id":"https:\/\/pellervo.fi\/uutiset\/2018\/09\/13\/valio-ja-arla-paasivat-sovintoratkaisuun-vahingonkorvauskiistassa\/#breadcrumb","itemListElement":[{"@type":"ListItem","position":1,"name":"Koti","item":"https:\/\/pellervo.fi\/en\/"},{"@type":"ListItem","position":2,"name":"Valio ja Arla p\u00e4\u00e4siv\u00e4t sovintoratkaisuun vahingonkorvauskiistassa"}]},{"@type":"WebSite","@id":"https:\/\/pellervo.fi\/#website","url":"https:\/\/pellervo.fi\/","name":"Pellervo","description":"Osuuskuntien keskusj\u00e4rjest\u00f6","publisher":{"@id":"https:\/\/pellervo.fi\/#organization"},"potentialAction":[{"@type":"SearchAction","target":{"@type":"EntryPoint","urlTemplate":"https:\/\/pellervo.fi\/?s={search_term_string}"},"query-input":{"@type":"PropertyValueSpecification","valueRequired":true,"valueName":"search_term_string"}}],"inLanguage":"en-US"},{"@type":"Organization","@id":"https:\/\/pellervo.fi\/#organization","name":"Osuustoimintakeskus Pellervo ry","url":"https:\/\/pellervo.fi\/","logo":{"@type":"ImageObject","inLanguage":"en-US","@id":"https:\/\/pellervo.fi\/#\/schema\/logo\/image\/","url":"https:\/\/pellervo.fi\/wp-content\/uploads\/2020\/05\/Pellervo_logo.png","contentUrl":"https:\/\/pellervo.fi\/wp-content\/uploads\/2020\/05\/Pellervo_logo.png","width":1335,"height":376,"caption":"Osuustoimintakeskus Pellervo ry"},"image":{"@id":"https:\/\/pellervo.fi\/#\/schema\/logo\/image\/"},"sameAs":["https:\/\/x.com\/PellervoFi"]},{"@type":"Person","@id":"https:\/\/pellervo.fi\/#\/schema\/person\/4b74d40956937d1367ade81899997e71","name":"pellervo","image":{"@type":"ImageObject","inLanguage":"en-US","@id":"https:\/\/pellervo.fi\/wp-content\/uploads\/2013\/11\/pellervo_avatar_1384522134-96x96.jpg","url":"https:\/\/pellervo.fi\/wp-content\/uploads\/2013\/11\/pellervo_avatar_1384522134-96x96.jpg","contentUrl":"https:\/\/pellervo.fi\/wp-content\/uploads\/2013\/11\/pellervo_avatar_1384522134-96x96.jpg","caption":"pellervo"},"description":"Kuvaus","url":"https:\/\/pellervo.fi\/en\/author\/pellervo\/"}]}},"_links":{"self":[{"href":"https:\/\/pellervo.fi\/en\/wp-json\/wp\/v2\/posts\/884568","targetHints":{"allow":["GET"]}}],"collection":[{"href":"https:\/\/pellervo.fi\/en\/wp-json\/wp\/v2\/posts"}],"about":[{"href":"https:\/\/pellervo.fi\/en\/wp-json\/wp\/v2\/types\/post"}],"author":[{"embeddable":true,"href":"https:\/\/pellervo.fi\/en\/wp-json\/wp\/v2\/users\/5"}],"replies":[{"embeddable":true,"href":"https:\/\/pellervo.fi\/en\/wp-json\/wp\/v2\/comments?post=884568"}],"version-history":[{"count":2,"href":"https:\/\/pellervo.fi\/en\/wp-json\/wp\/v2\/posts\/884568\/revisions"}],"predecessor-version":[{"id":884570,"href":"https:\/\/pellervo.fi\/en\/wp-json\/wp\/v2\/posts\/884568\/revisions\/884570"}],"wp:attachment":[{"href":"https:\/\/pellervo.fi\/en\/wp-json\/wp\/v2\/media?parent=884568"}],"wp:term":[{"taxonomy":"category","embeddable":true,"href":"https:\/\/pellervo.fi\/en\/wp-json\/wp\/v2\/categories?post=884568"},{"taxonomy":"post_tag","embeddable":true,"href":"https:\/\/pellervo.fi\/en\/wp-json\/wp\/v2\/tags?post=884568"}],"curies":[{"name":"wp","href":"https:\/\/api.w.org\/{rel}","templated":true}]}}