{"id":884800,"date":"2018-12-14T15:40:53","date_gmt":"2018-12-14T13:40:53","guid":{"rendered":"https:\/\/pellervo.fi\/?p=884800"},"modified":"2020-06-30T11:40:30","modified_gmt":"2020-06-30T08:40:30","slug":"osuustoimintakeskus-pellervon-valtuuskunnan-puheenjohtajaksi-ilkka-uusitalo","status":"publish","type":"post","link":"https:\/\/pellervo.fi\/en\/jarjesto\/2018\/12\/14\/osuustoimintakeskus-pellervon-valtuuskunnan-puheenjohtajaksi-ilkka-uusitalo\/","title":{"rendered":"Osuustoimintakeskus Pellervon valtuuskunnan puheenjohtajaksi Ilkka Uusitalo"},"content":{"rendered":"<p>Osuustoimintakeskus Pellervon valtuuskunta valitsi 14.12.2018 pit\u00e4m\u00e4ss\u00e4\u00e4n kokouksessa uudeksi valtuuskunnan puheenjohtajaksi maatalousyritt\u00e4j\u00e4 <strong>Ilkka Uusitalon<\/strong> Salosta nykyisen puheenjohtajan, kauppaneuvos <strong>Seppo Rytivaaran<\/strong> v\u00e4istytty\u00e4 teht\u00e4v\u00e4st\u00e4.<\/p>\n<p>Vuonna 2012 Pellervon valtuuskuntaan tullut Uusitalo siirtyy teht\u00e4v\u00e4\u00e4n varapuheenjohtajan paikalta.<\/p>\n<p>Ilkka Uusitalolla on useita luottamustoimia osuustoiminnassa. H\u00e4n on LSO Osuuskunnan hallituksen varapuheenjohtaja, Osuuspankki Kantrisalon hallituksen puheenjohtaja sek\u00e4 Mets\u00e4liitto Osuuskunnan hallintoneuvoston j\u00e4sen.<\/p>\n<p>Pellervon valtuuskuntaan vuodesta 2010 kuulunut kajaanilainen Rytivaara luopui puheenjohtajuudesta j\u00e4\u00e4ty\u00e4\u00e4n pois Pihtiputaan Osuuspankin hallituksesta.<\/p>\n<p>H\u00e4n jatkaa kuitenkin valtuuskunnan j\u00e4senen\u00e4 Osuustoimintakeskus Pellervon vuosikokoukseen 10.4.2019 saakka.<\/p>\n<p>Avauspuheessaan Rytivaara korosti halunneensa rakentaa Pellervosta osuustoiminnan yhteisen ja vahvan etuj\u00e4rjest\u00f6n, joka noteerataan entist\u00e4 paremmin erityisesti poliittisten p\u00e4\u00e4tt\u00e4jien ja viranomaisten silmiss\u00e4.<\/p>\n<p>\u201dNe tavoitteet ovat p\u00e4\u00e4osin tulleet saavutetuiksi\u201d, Rytivaara totesi.<\/p>\n<p>Pellervo on vahvistunut, kun tuottajaosuustoiminnan lis\u00e4ksi my\u00f6s kuluttajaosuustoiminta on vakaasti mukana.<\/p>\n<p>Rytivaara mainitsi erikseen SOK:n liittymisen Pellervoon vuonna 2016 sek\u00e4 Osuuskunta Tradekan liittymisen vuonna 2017. My\u00f6s alueosuuskauppoja on liittynyt Pellervon j\u00e4seniksi runsaasti.<\/p>\n<p>Osuustoimintakeskus Pellervo ja Osuustoiminnan neuvottelukunta ovat laatineet tavoitteet eduskuntaty\u00f6lle 2019-2023.<\/p>\n<p>\u201dOmistajuuden monimuotoisuus on avain talousel\u00e4m\u00e4n tasapainoiseen kehitykseen. Kaikkien yritysmuotojen asiallinen huomioiminen ja hyv\u00e4 s\u00e4\u00e4d\u00f6st\u00e4minen viev\u00e4t kansantalouden kokonaissuorituskyvyn kasvuun\u201d, Seppo Rytivaara muistutti.<\/p>\n<p>H\u00e4n totesi lis\u00e4ksi osuustoiminnan olevan Suomen kansantalouden ja sosiaalisen kehityksen vahvuus.<\/p>\n<p>Rytivaaran mukaan erityisen\u00e4 teht\u00e4v\u00e4n\u00e4 osuustoiminnalla on luoda edellytyksi\u00e4 koko Suomen asuttuna ja aktiivisena pit\u00e4misess\u00e4. Osuustoiminta on markkinataloutta, joka perustuu ihmisten oma apuun ja omiin voimiin. Osuustoiminta on useimmiten se liiketoiminta, joka j\u00e4\u00e4, kun muut vet\u00e4ytyv\u00e4t markkinoilta.<\/p>\n<h3><\/h3>\n<h3>Muut henkil\u00f6valinnat Osuustoimintakeskus Pellervo ry:ss\u00e4<\/h3>\n<p>Valtuuskunnan kokouksessa tehtiin my\u00f6s muita henkil\u00f6valintoja. Varapuheenjohtajaksi valittiin teologian tohtori, tuomiorovasti, emeritus <strong>Matti Pikkaraisen<\/strong> Oulusta. Pikkarainen on SOK:n hallintoneuvoston puheenjohtaja.<\/p>\n<p>Hallituksesta erovuorossa olevat maatalousyritt\u00e4j\u00e4 <strong>Tiina Linnainmaa<\/strong> H\u00e4meenkyr\u00f6st\u00e4, maanviljelij\u00e4 <strong>Vesa Kaunisto<\/strong> Vetelist\u00e4 sek\u00e4 mets\u00e4nhoitaja <strong>Timo Saukkonen<\/strong> Rautj\u00e4rvelt\u00e4 valittiin jatkamaan teht\u00e4viss\u00e4\u00e4n vuoden 2021 valintakokoukseen.<\/p>\n<p>Valtuuskunnan kokouksen j\u00e4lkeen pidetyss\u00e4 hallituksen j\u00e4rjest\u00e4ytymiskokouksessa hallitus valitsi puheenjohtajakseen istuvan puheenjohtajan <strong>Petri Pitk\u00e4sen<\/strong>. Pitk\u00e4nen toimii L\u00e4hiTapiola -ryhm\u00e4ss\u00e4 johtajana. Hallituksen varapuheenjohtajana jatkaa maatalousyritt\u00e4j\u00e4, agrologi Tiina Linnainmaa.<\/p>\n<p>&#8220;Osuustoimintakeskus Pellervon ty\u00f6ss\u00e4 vuonna 2019 painottuu strategian mukaisesti Pellervon osuustoiminnan edunvalvonta ja osuustoiminnan n\u00e4kyvyyden lis\u00e4\u00e4minen&#8221;, Pitk\u00e4nen totesi.<\/p>\n<p>Lis\u00e4tietoja Osuustoimintakeskus Pellervosta toimitusjohtaja Sami Karhulta, <a href=\"mailto:sami.karhu@pellervo.fi\">sami.karhu@pellervo.fi<\/a>, puh. 0400 545 989 ja hallituksen puheenjohtajalta Petri Pitk\u00e4selt\u00e4, puh. 040 709 2569, <a href=\"mailto:petri.pitkanen@lahitapiola.fi\">petri.pitkanen@lahitapiola.fi<\/a>.<\/p>\n","protected":false},"excerpt":{"rendered":"<p>Osuustoimintakeskus Pellervon valtuuskunta valitsi 14.12.2018 pit\u00e4m\u00e4ss\u00e4\u00e4n kokouksessa uudeksi valtuuskunnan puheenjohtajaksi maatalousyritt\u00e4j\u00e4 Ilkka Uusitalon Salosta nykyisen puheenjohtajan, kauppaneuvos Seppo Rytivaaran v\u00e4istytty\u00e4 teht\u00e4v\u00e4st\u00e4.<\/p>\n","protected":false},"author":5,"featured_media":884801,"comment_status":"open","ping_status":"open","sticky":false,"template":"","format":"standard","meta":{"inline_featured_image":false,"_monsterinsights_skip_tracking":false,"_monsterinsights_sitenote_active":false,"_monsterinsights_sitenote_note":"","_monsterinsights_sitenote_category":0,"site-sidebar-layout":"default","site-content-layout":"","ast-site-content-layout":"default","site-content-style":"default","site-sidebar-style":"default","ast-global-header-display":"","ast-banner-title-visibility":"","ast-main-header-display":"","ast-hfb-above-header-display":"","ast-hfb-below-header-display":"","ast-hfb-mobile-header-display":"","site-post-title":"","ast-breadcrumbs-content":"","ast-featured-img":"","footer-sml-layout":"","ast-disable-related-posts":"","theme-transparent-header-meta":"","adv-header-id-meta":"","stick-header-meta":"","header-above-stick-meta":"","header-main-stick-meta":"","header-below-stick-meta":"","astra-migrate-meta-layouts":"default","ast-page-background-enabled":"default","ast-page-background-meta":{"desktop":{"background-color":"","background-image":"","background-repeat":"repeat","background-position":"center center","background-size":"auto","background-attachment":"scroll","background-type":"","background-media":"","overlay-type":"","overlay-color":"","overlay-opacity":"","overlay-gradient":""},"tablet":{"background-color":"","background-image":"","background-repeat":"repeat","background-position":"center center","background-size":"auto","background-attachment":"scroll","background-type":"","background-media":"","overlay-type":"","overlay-color":"","overlay-opacity":"","overlay-gradient":""},"mobile":{"background-color":"","background-image":"","background-repeat":"repeat","background-position":"center center","background-size":"auto","background-attachment":"scroll","background-type":"","background-media":"","overlay-type":"","overlay-color":"","overlay-opacity":"","overlay-gradient":""}},"ast-content-background-meta":{"desktop":{"background-color":"var(--ast-global-color-5)","background-image":"","background-repeat":"repeat","background-position":"center center","background-size":"auto","background-attachment":"scroll","background-type":"","background-media":"","overlay-type":"","overlay-color":"","overlay-opacity":"","overlay-gradient":""},"tablet":{"background-color":"var(--ast-global-color-5)","background-image":"","background-repeat":"repeat","background-position":"center center","background-size":"auto","background-attachment":"scroll","background-type":"","background-media":"","overlay-type":"","overlay-color":"","overlay-opacity":"","overlay-gradient":""},"mobile":{"background-color":"var(--ast-global-color-5)","background-image":"","background-repeat":"repeat","background-position":"center center","background-size":"auto","background-attachment":"scroll","background-type":"","background-media":"","overlay-type":"","overlay-color":"","overlay-opacity":"","overlay-gradient":""}},"_FSMCFIC_featured_image_caption":"","_FSMCFIC_featured_image_nocaption":"","_FSMCFIC_featured_image_hide":"","footnotes":""},"categories":[71],"tags":[],"class_list":["post-884800","post","type-post","status-publish","format-standard","has-post-thumbnail","hentry","category-jarjesto"],"yoast_head":"<!-- This site is optimized with the Yoast SEO plugin v27.5 - https:\/\/yoast.com\/product\/yoast-seo-wordpress\/ -->\n<title>Osuustoimintakeskus Pellervon valtuuskunnan puheenjohtajaksi Ilkka Uusitalo - Pellervo<\/title>\n<meta name=\"robots\" content=\"index, follow, max-snippet:-1, max-image-preview:large, max-video-preview:-1\" \/>\n<link rel=\"canonical\" href=\"https:\/\/pellervo.fi\/jarjesto\/2018\/12\/14\/osuustoimintakeskus-pellervon-valtuuskunnan-puheenjohtajaksi-ilkka-uusitalo\/\" \/>\n<meta property=\"og:locale\" content=\"en_US\" \/>\n<meta property=\"og:type\" content=\"article\" \/>\n<meta property=\"og:title\" content=\"Osuustoimintakeskus Pellervon valtuuskunnan puheenjohtajaksi Ilkka Uusitalo - Pellervo\" \/>\n<meta property=\"og:description\" content=\"Osuustoimintakeskus Pellervon valtuuskunta valitsi 14.12.2018 pit\u00e4m\u00e4ss\u00e4\u00e4n kokouksessa uudeksi valtuuskunnan puheenjohtajaksi maatalousyritt\u00e4j\u00e4 Ilkka Uusitalon Salosta nykyisen puheenjohtajan, kauppaneuvos Seppo Rytivaaran v\u00e4istytty\u00e4 teht\u00e4v\u00e4st\u00e4.\" \/>\n<meta property=\"og:url\" content=\"https:\/\/pellervo.fi\/jarjesto\/2018\/12\/14\/osuustoimintakeskus-pellervon-valtuuskunnan-puheenjohtajaksi-ilkka-uusitalo\/\" \/>\n<meta property=\"og:site_name\" content=\"Pellervo\" \/>\n<meta property=\"article:published_time\" content=\"2018-12-14T13:40:53+00:00\" \/>\n<meta property=\"article:modified_time\" content=\"2020-06-30T08:40:30+00:00\" \/>\n<meta property=\"og:image\" content=\"https:\/\/pellervo.fi\/wp-content\/uploads\/2018\/12\/uusitalo2-1.jpg\" \/>\n\t<meta property=\"og:image:width\" content=\"850\" \/>\n\t<meta property=\"og:image:height\" content=\"567\" \/>\n\t<meta property=\"og:image:type\" content=\"image\/jpeg\" \/>\n<meta name=\"author\" content=\"pellervo\" \/>\n<meta name=\"twitter:card\" content=\"summary_large_image\" \/>\n<meta name=\"twitter:creator\" content=\"@PellervoFi\" \/>\n<meta name=\"twitter:site\" content=\"@PellervoFi\" \/>\n<meta name=\"twitter:label1\" content=\"Written by\" \/>\n\t<meta name=\"twitter:data1\" content=\"pellervo\" \/>\n\t<meta name=\"twitter:label2\" content=\"Est. reading time\" \/>\n\t<meta name=\"twitter:data2\" content=\"2 minutes\" \/>\n<script type=\"application\/ld+json\" class=\"yoast-schema-graph\">{\"@context\":\"https:\\\/\\\/schema.org\",\"@graph\":[{\"@type\":\"Article\",\"@id\":\"https:\\\/\\\/pellervo.fi\\\/jarjesto\\\/2018\\\/12\\\/14\\\/osuustoimintakeskus-pellervon-valtuuskunnan-puheenjohtajaksi-ilkka-uusitalo\\\/#article\",\"isPartOf\":{\"@id\":\"https:\\\/\\\/pellervo.fi\\\/jarjesto\\\/2018\\\/12\\\/14\\\/osuustoimintakeskus-pellervon-valtuuskunnan-puheenjohtajaksi-ilkka-uusitalo\\\/\"},\"author\":{\"name\":\"pellervo\",\"@id\":\"https:\\\/\\\/pellervo.fi\\\/#\\\/schema\\\/person\\\/4b74d40956937d1367ade81899997e71\"},\"headline\":\"Osuustoimintakeskus Pellervon valtuuskunnan puheenjohtajaksi Ilkka Uusitalo\",\"datePublished\":\"2018-12-14T13:40:53+00:00\",\"dateModified\":\"2020-06-30T08:40:30+00:00\",\"mainEntityOfPage\":{\"@id\":\"https:\\\/\\\/pellervo.fi\\\/jarjesto\\\/2018\\\/12\\\/14\\\/osuustoimintakeskus-pellervon-valtuuskunnan-puheenjohtajaksi-ilkka-uusitalo\\\/\"},\"wordCount\":389,\"commentCount\":0,\"publisher\":{\"@id\":\"https:\\\/\\\/pellervo.fi\\\/#organization\"},\"image\":{\"@id\":\"https:\\\/\\\/pellervo.fi\\\/jarjesto\\\/2018\\\/12\\\/14\\\/osuustoimintakeskus-pellervon-valtuuskunnan-puheenjohtajaksi-ilkka-uusitalo\\\/#primaryimage\"},\"thumbnailUrl\":\"https:\\\/\\\/pellervo.fi\\\/wp-content\\\/uploads\\\/2018\\\/12\\\/uusitalo2-1.jpg\",\"articleSection\":[\"J\u00e4rjest\u00f6\"],\"inLanguage\":\"en-US\",\"potentialAction\":[{\"@type\":\"CommentAction\",\"name\":\"Comment\",\"target\":[\"https:\\\/\\\/pellervo.fi\\\/jarjesto\\\/2018\\\/12\\\/14\\\/osuustoimintakeskus-pellervon-valtuuskunnan-puheenjohtajaksi-ilkka-uusitalo\\\/#respond\"]}]},{\"@type\":\"WebPage\",\"@id\":\"https:\\\/\\\/pellervo.fi\\\/jarjesto\\\/2018\\\/12\\\/14\\\/osuustoimintakeskus-pellervon-valtuuskunnan-puheenjohtajaksi-ilkka-uusitalo\\\/\",\"url\":\"https:\\\/\\\/pellervo.fi\\\/jarjesto\\\/2018\\\/12\\\/14\\\/osuustoimintakeskus-pellervon-valtuuskunnan-puheenjohtajaksi-ilkka-uusitalo\\\/\",\"name\":\"Osuustoimintakeskus Pellervon valtuuskunnan puheenjohtajaksi Ilkka Uusitalo - Pellervo\",\"isPartOf\":{\"@id\":\"https:\\\/\\\/pellervo.fi\\\/#website\"},\"primaryImageOfPage\":{\"@id\":\"https:\\\/\\\/pellervo.fi\\\/jarjesto\\\/2018\\\/12\\\/14\\\/osuustoimintakeskus-pellervon-valtuuskunnan-puheenjohtajaksi-ilkka-uusitalo\\\/#primaryimage\"},\"image\":{\"@id\":\"https:\\\/\\\/pellervo.fi\\\/jarjesto\\\/2018\\\/12\\\/14\\\/osuustoimintakeskus-pellervon-valtuuskunnan-puheenjohtajaksi-ilkka-uusitalo\\\/#primaryimage\"},\"thumbnailUrl\":\"https:\\\/\\\/pellervo.fi\\\/wp-content\\\/uploads\\\/2018\\\/12\\\/uusitalo2-1.jpg\",\"datePublished\":\"2018-12-14T13:40:53+00:00\",\"dateModified\":\"2020-06-30T08:40:30+00:00\",\"breadcrumb\":{\"@id\":\"https:\\\/\\\/pellervo.fi\\\/jarjesto\\\/2018\\\/12\\\/14\\\/osuustoimintakeskus-pellervon-valtuuskunnan-puheenjohtajaksi-ilkka-uusitalo\\\/#breadcrumb\"},\"inLanguage\":\"en-US\",\"potentialAction\":[{\"@type\":\"ReadAction\",\"target\":[\"https:\\\/\\\/pellervo.fi\\\/jarjesto\\\/2018\\\/12\\\/14\\\/osuustoimintakeskus-pellervon-valtuuskunnan-puheenjohtajaksi-ilkka-uusitalo\\\/\"]}]},{\"@type\":\"ImageObject\",\"inLanguage\":\"en-US\",\"@id\":\"https:\\\/\\\/pellervo.fi\\\/jarjesto\\\/2018\\\/12\\\/14\\\/osuustoimintakeskus-pellervon-valtuuskunnan-puheenjohtajaksi-ilkka-uusitalo\\\/#primaryimage\",\"url\":\"https:\\\/\\\/pellervo.fi\\\/wp-content\\\/uploads\\\/2018\\\/12\\\/uusitalo2-1.jpg\",\"contentUrl\":\"https:\\\/\\\/pellervo.fi\\\/wp-content\\\/uploads\\\/2018\\\/12\\\/uusitalo2-1.jpg\",\"width\":850,\"height\":567},{\"@type\":\"BreadcrumbList\",\"@id\":\"https:\\\/\\\/pellervo.fi\\\/jarjesto\\\/2018\\\/12\\\/14\\\/osuustoimintakeskus-pellervon-valtuuskunnan-puheenjohtajaksi-ilkka-uusitalo\\\/#breadcrumb\",\"itemListElement\":[{\"@type\":\"ListItem\",\"position\":1,\"name\":\"Koti\",\"item\":\"https:\\\/\\\/pellervo.fi\\\/en\\\/\"},{\"@type\":\"ListItem\",\"position\":2,\"name\":\"Osuustoimintakeskus Pellervon valtuuskunnan puheenjohtajaksi Ilkka Uusitalo\"}]},{\"@type\":\"WebSite\",\"@id\":\"https:\\\/\\\/pellervo.fi\\\/#website\",\"url\":\"https:\\\/\\\/pellervo.fi\\\/\",\"name\":\"Pellervo\",\"description\":\"Osuuskuntien keskusj\u00e4rjest\u00f6\",\"publisher\":{\"@id\":\"https:\\\/\\\/pellervo.fi\\\/#organization\"},\"potentialAction\":[{\"@type\":\"SearchAction\",\"target\":{\"@type\":\"EntryPoint\",\"urlTemplate\":\"https:\\\/\\\/pellervo.fi\\\/?s={search_term_string}\"},\"query-input\":{\"@type\":\"PropertyValueSpecification\",\"valueRequired\":true,\"valueName\":\"search_term_string\"}}],\"inLanguage\":\"en-US\"},{\"@type\":\"Organization\",\"@id\":\"https:\\\/\\\/pellervo.fi\\\/#organization\",\"name\":\"Osuustoimintakeskus Pellervo ry\",\"url\":\"https:\\\/\\\/pellervo.fi\\\/\",\"logo\":{\"@type\":\"ImageObject\",\"inLanguage\":\"en-US\",\"@id\":\"https:\\\/\\\/pellervo.fi\\\/#\\\/schema\\\/logo\\\/image\\\/\",\"url\":\"https:\\\/\\\/pellervo.fi\\\/wp-content\\\/uploads\\\/2020\\\/05\\\/Pellervo_logo.png\",\"contentUrl\":\"https:\\\/\\\/pellervo.fi\\\/wp-content\\\/uploads\\\/2020\\\/05\\\/Pellervo_logo.png\",\"width\":1335,\"height\":376,\"caption\":\"Osuustoimintakeskus Pellervo ry\"},\"image\":{\"@id\":\"https:\\\/\\\/pellervo.fi\\\/#\\\/schema\\\/logo\\\/image\\\/\"},\"sameAs\":[\"https:\\\/\\\/x.com\\\/PellervoFi\"]},{\"@type\":\"Person\",\"@id\":\"https:\\\/\\\/pellervo.fi\\\/#\\\/schema\\\/person\\\/4b74d40956937d1367ade81899997e71\",\"name\":\"pellervo\",\"image\":{\"@type\":\"ImageObject\",\"inLanguage\":\"en-US\",\"@id\":\"https:\\\/\\\/pellervo.fi\\\/wp-content\\\/uploads\\\/2013\\\/11\\\/pellervo_avatar_1384522134-96x96.jpg\",\"url\":\"https:\\\/\\\/pellervo.fi\\\/wp-content\\\/uploads\\\/2013\\\/11\\\/pellervo_avatar_1384522134-96x96.jpg\",\"contentUrl\":\"https:\\\/\\\/pellervo.fi\\\/wp-content\\\/uploads\\\/2013\\\/11\\\/pellervo_avatar_1384522134-96x96.jpg\",\"caption\":\"pellervo\"},\"description\":\"Kuvaus\",\"url\":\"https:\\\/\\\/pellervo.fi\\\/en\\\/author\\\/pellervo\\\/\"}]}<\/script>\n<!-- \/ Yoast SEO plugin. -->","yoast_head_json":{"title":"Osuustoimintakeskus Pellervon valtuuskunnan puheenjohtajaksi Ilkka Uusitalo - Pellervo","robots":{"index":"index","follow":"follow","max-snippet":"max-snippet:-1","max-image-preview":"max-image-preview:large","max-video-preview":"max-video-preview:-1"},"canonical":"https:\/\/pellervo.fi\/jarjesto\/2018\/12\/14\/osuustoimintakeskus-pellervon-valtuuskunnan-puheenjohtajaksi-ilkka-uusitalo\/","og_locale":"en_US","og_type":"article","og_title":"Osuustoimintakeskus Pellervon valtuuskunnan puheenjohtajaksi Ilkka Uusitalo - Pellervo","og_description":"Osuustoimintakeskus Pellervon valtuuskunta valitsi 14.12.2018 pit\u00e4m\u00e4ss\u00e4\u00e4n kokouksessa uudeksi valtuuskunnan puheenjohtajaksi maatalousyritt\u00e4j\u00e4 Ilkka Uusitalon Salosta nykyisen puheenjohtajan, kauppaneuvos Seppo Rytivaaran v\u00e4istytty\u00e4 teht\u00e4v\u00e4st\u00e4.","og_url":"https:\/\/pellervo.fi\/jarjesto\/2018\/12\/14\/osuustoimintakeskus-pellervon-valtuuskunnan-puheenjohtajaksi-ilkka-uusitalo\/","og_site_name":"Pellervo","article_published_time":"2018-12-14T13:40:53+00:00","article_modified_time":"2020-06-30T08:40:30+00:00","og_image":[{"width":850,"height":567,"url":"https:\/\/pellervo.fi\/wp-content\/uploads\/2018\/12\/uusitalo2-1.jpg","type":"image\/jpeg"}],"author":"pellervo","twitter_card":"summary_large_image","twitter_creator":"@PellervoFi","twitter_site":"@PellervoFi","twitter_misc":{"Written by":"pellervo","Est. reading time":"2 minutes"},"schema":{"@context":"https:\/\/schema.org","@graph":[{"@type":"Article","@id":"https:\/\/pellervo.fi\/jarjesto\/2018\/12\/14\/osuustoimintakeskus-pellervon-valtuuskunnan-puheenjohtajaksi-ilkka-uusitalo\/#article","isPartOf":{"@id":"https:\/\/pellervo.fi\/jarjesto\/2018\/12\/14\/osuustoimintakeskus-pellervon-valtuuskunnan-puheenjohtajaksi-ilkka-uusitalo\/"},"author":{"name":"pellervo","@id":"https:\/\/pellervo.fi\/#\/schema\/person\/4b74d40956937d1367ade81899997e71"},"headline":"Osuustoimintakeskus Pellervon valtuuskunnan puheenjohtajaksi Ilkka Uusitalo","datePublished":"2018-12-14T13:40:53+00:00","dateModified":"2020-06-30T08:40:30+00:00","mainEntityOfPage":{"@id":"https:\/\/pellervo.fi\/jarjesto\/2018\/12\/14\/osuustoimintakeskus-pellervon-valtuuskunnan-puheenjohtajaksi-ilkka-uusitalo\/"},"wordCount":389,"commentCount":0,"publisher":{"@id":"https:\/\/pellervo.fi\/#organization"},"image":{"@id":"https:\/\/pellervo.fi\/jarjesto\/2018\/12\/14\/osuustoimintakeskus-pellervon-valtuuskunnan-puheenjohtajaksi-ilkka-uusitalo\/#primaryimage"},"thumbnailUrl":"https:\/\/pellervo.fi\/wp-content\/uploads\/2018\/12\/uusitalo2-1.jpg","articleSection":["J\u00e4rjest\u00f6"],"inLanguage":"en-US","potentialAction":[{"@type":"CommentAction","name":"Comment","target":["https:\/\/pellervo.fi\/jarjesto\/2018\/12\/14\/osuustoimintakeskus-pellervon-valtuuskunnan-puheenjohtajaksi-ilkka-uusitalo\/#respond"]}]},{"@type":"WebPage","@id":"https:\/\/pellervo.fi\/jarjesto\/2018\/12\/14\/osuustoimintakeskus-pellervon-valtuuskunnan-puheenjohtajaksi-ilkka-uusitalo\/","url":"https:\/\/pellervo.fi\/jarjesto\/2018\/12\/14\/osuustoimintakeskus-pellervon-valtuuskunnan-puheenjohtajaksi-ilkka-uusitalo\/","name":"Osuustoimintakeskus Pellervon valtuuskunnan puheenjohtajaksi Ilkka Uusitalo - Pellervo","isPartOf":{"@id":"https:\/\/pellervo.fi\/#website"},"primaryImageOfPage":{"@id":"https:\/\/pellervo.fi\/jarjesto\/2018\/12\/14\/osuustoimintakeskus-pellervon-valtuuskunnan-puheenjohtajaksi-ilkka-uusitalo\/#primaryimage"},"image":{"@id":"https:\/\/pellervo.fi\/jarjesto\/2018\/12\/14\/osuustoimintakeskus-pellervon-valtuuskunnan-puheenjohtajaksi-ilkka-uusitalo\/#primaryimage"},"thumbnailUrl":"https:\/\/pellervo.fi\/wp-content\/uploads\/2018\/12\/uusitalo2-1.jpg","datePublished":"2018-12-14T13:40:53+00:00","dateModified":"2020-06-30T08:40:30+00:00","breadcrumb":{"@id":"https:\/\/pellervo.fi\/jarjesto\/2018\/12\/14\/osuustoimintakeskus-pellervon-valtuuskunnan-puheenjohtajaksi-ilkka-uusitalo\/#breadcrumb"},"inLanguage":"en-US","potentialAction":[{"@type":"ReadAction","target":["https:\/\/pellervo.fi\/jarjesto\/2018\/12\/14\/osuustoimintakeskus-pellervon-valtuuskunnan-puheenjohtajaksi-ilkka-uusitalo\/"]}]},{"@type":"ImageObject","inLanguage":"en-US","@id":"https:\/\/pellervo.fi\/jarjesto\/2018\/12\/14\/osuustoimintakeskus-pellervon-valtuuskunnan-puheenjohtajaksi-ilkka-uusitalo\/#primaryimage","url":"https:\/\/pellervo.fi\/wp-content\/uploads\/2018\/12\/uusitalo2-1.jpg","contentUrl":"https:\/\/pellervo.fi\/wp-content\/uploads\/2018\/12\/uusitalo2-1.jpg","width":850,"height":567},{"@type":"BreadcrumbList","@id":"https:\/\/pellervo.fi\/jarjesto\/2018\/12\/14\/osuustoimintakeskus-pellervon-valtuuskunnan-puheenjohtajaksi-ilkka-uusitalo\/#breadcrumb","itemListElement":[{"@type":"ListItem","position":1,"name":"Koti","item":"https:\/\/pellervo.fi\/en\/"},{"@type":"ListItem","position":2,"name":"Osuustoimintakeskus Pellervon valtuuskunnan puheenjohtajaksi Ilkka Uusitalo"}]},{"@type":"WebSite","@id":"https:\/\/pellervo.fi\/#website","url":"https:\/\/pellervo.fi\/","name":"Pellervo","description":"Osuuskuntien keskusj\u00e4rjest\u00f6","publisher":{"@id":"https:\/\/pellervo.fi\/#organization"},"potentialAction":[{"@type":"SearchAction","target":{"@type":"EntryPoint","urlTemplate":"https:\/\/pellervo.fi\/?s={search_term_string}"},"query-input":{"@type":"PropertyValueSpecification","valueRequired":true,"valueName":"search_term_string"}}],"inLanguage":"en-US"},{"@type":"Organization","@id":"https:\/\/pellervo.fi\/#organization","name":"Osuustoimintakeskus Pellervo ry","url":"https:\/\/pellervo.fi\/","logo":{"@type":"ImageObject","inLanguage":"en-US","@id":"https:\/\/pellervo.fi\/#\/schema\/logo\/image\/","url":"https:\/\/pellervo.fi\/wp-content\/uploads\/2020\/05\/Pellervo_logo.png","contentUrl":"https:\/\/pellervo.fi\/wp-content\/uploads\/2020\/05\/Pellervo_logo.png","width":1335,"height":376,"caption":"Osuustoimintakeskus Pellervo ry"},"image":{"@id":"https:\/\/pellervo.fi\/#\/schema\/logo\/image\/"},"sameAs":["https:\/\/x.com\/PellervoFi"]},{"@type":"Person","@id":"https:\/\/pellervo.fi\/#\/schema\/person\/4b74d40956937d1367ade81899997e71","name":"pellervo","image":{"@type":"ImageObject","inLanguage":"en-US","@id":"https:\/\/pellervo.fi\/wp-content\/uploads\/2013\/11\/pellervo_avatar_1384522134-96x96.jpg","url":"https:\/\/pellervo.fi\/wp-content\/uploads\/2013\/11\/pellervo_avatar_1384522134-96x96.jpg","contentUrl":"https:\/\/pellervo.fi\/wp-content\/uploads\/2013\/11\/pellervo_avatar_1384522134-96x96.jpg","caption":"pellervo"},"description":"Kuvaus","url":"https:\/\/pellervo.fi\/en\/author\/pellervo\/"}]}},"_links":{"self":[{"href":"https:\/\/pellervo.fi\/en\/wp-json\/wp\/v2\/posts\/884800","targetHints":{"allow":["GET"]}}],"collection":[{"href":"https:\/\/pellervo.fi\/en\/wp-json\/wp\/v2\/posts"}],"about":[{"href":"https:\/\/pellervo.fi\/en\/wp-json\/wp\/v2\/types\/post"}],"author":[{"embeddable":true,"href":"https:\/\/pellervo.fi\/en\/wp-json\/wp\/v2\/users\/5"}],"replies":[{"embeddable":true,"href":"https:\/\/pellervo.fi\/en\/wp-json\/wp\/v2\/comments?post=884800"}],"version-history":[{"count":2,"href":"https:\/\/pellervo.fi\/en\/wp-json\/wp\/v2\/posts\/884800\/revisions"}],"predecessor-version":[{"id":884809,"href":"https:\/\/pellervo.fi\/en\/wp-json\/wp\/v2\/posts\/884800\/revisions\/884809"}],"wp:featuredmedia":[{"embeddable":true,"href":"https:\/\/pellervo.fi\/en\/wp-json\/wp\/v2\/media\/884801"}],"wp:attachment":[{"href":"https:\/\/pellervo.fi\/en\/wp-json\/wp\/v2\/media?parent=884800"}],"wp:term":[{"taxonomy":"category","embeddable":true,"href":"https:\/\/pellervo.fi\/en\/wp-json\/wp\/v2\/categories?post=884800"},{"taxonomy":"post_tag","embeddable":true,"href":"https:\/\/pellervo.fi\/en\/wp-json\/wp\/v2\/tags?post=884800"}],"curies":[{"name":"wp","href":"https:\/\/api.w.org\/{rel}","templated":true}]}}