{"id":885515,"date":"2019-09-11T08:30:18","date_gmt":"2019-09-11T05:30:18","guid":{"rendered":"https:\/\/pellervo.fi\/?p=885515"},"modified":"2020-09-03T13:26:28","modified_gmt":"2020-09-03T10:26:28","slug":"rilli-2019-osuuskuntapaivat-joensuussa-12-9-2019","status":"publish","type":"post","link":"https:\/\/pellervo.fi\/en\/uutiset\/2019\/09\/11\/rilli-2019-osuuskuntapaivat-joensuussa-12-9-2019\/","title":{"rendered":"Rilli 2019 Osuuskuntap\u00e4iv\u00e4t Joensuussa 12.9.2019"},"content":{"rendered":"\n<p>Joensuun uusilla veturitalleilla j\u00e4rjestet\u00e4\u00e4n 12. syyskuuta osuuskuntayritt\u00e4miseen keskittyv\u00e4 tapahtuma Rilli 2019 Osuuskuntap\u00e4iv\u00e4t 2019.<\/p>\n<p>J\u00e4rjest\u00e4jien mukaan Osuuskuntap\u00e4ivien tavoitteena on tuoda tutuksi paikallisten osuuskuntien kirjoa.\u00a0<\/p>\n<p>Lis\u00e4ksi tapahtumassa selvitet\u00e4\u00e4n mm. kysymyksi\u00e4:<\/p>\n<p><em>Mik\u00e4 tekee osuuskunnasta hieman erilaisen yritysmuodon? Miksi osuuskuntia syntyy enemm\u00e4n kuin koskaan ennen? Miksi osuuskunta sopii aloittavalle yritt\u00e4j\u00e4lle? Mist\u00e4 l\u00f6ytyy konkareita avuksi uuden osuuskunnan perustamiseen? Kaivattu yhteis\u00f6llisyys \u2013 iloja ja kiroja? Ovatko isot osuuskunnat unohtaneet alkuper\u00e4iset arvot ja osuuskuntaeetoksen? Uuden osuuskuntalain mukaan yksikin ihminen voi perustaa osuuskunnan, miten se eroaa yksityisyritt\u00e4jyydest\u00e4?\u200b<\/em><\/p>\n<p>Osuustoimintakeskus Pellervo on mukana tapahtumassa. Hannes Gebhardin rahasto my\u00f6nsi apurahan tapahtuman j\u00e4rjest\u00e4miseen.\u00a0<\/p>\n<p>Lis\u00e4tietoja tapahtumasta sen kotisivulta <a href=\"http:\/\/suunnittelupaja.fi\/osuuskuntapaivat.html\">http:\/\/suunnittelupaja.fi\/osuuskuntapaivat.html<\/a><\/p>\n","protected":false},"excerpt":{"rendered":"<p>Joensuun uusilla veturitalleilla j\u00e4rjestet\u00e4\u00e4n 12. syyskuuta osuuskuntayritt\u00e4miseen keskittyv\u00e4 tapahtuma Rilli 2019 Osuuskuntap\u00e4iv\u00e4t 2019.<\/p>\n","protected":false},"author":5,"featured_media":885516,"comment_status":"open","ping_status":"open","sticky":false,"template":"","format":"standard","meta":{"inline_featured_image":false,"_monsterinsights_skip_tracking":false,"_monsterinsights_sitenote_active":false,"_monsterinsights_sitenote_note":"","_monsterinsights_sitenote_category":0,"site-sidebar-layout":"default","site-content-layout":"","ast-site-content-layout":"default","site-content-style":"default","site-sidebar-style":"default","ast-global-header-display":"","ast-banner-title-visibility":"","ast-main-header-display":"","ast-hfb-above-header-display":"","ast-hfb-below-header-display":"","ast-hfb-mobile-header-display":"","site-post-title":"","ast-breadcrumbs-content":"","ast-featured-img":"","footer-sml-layout":"","ast-disable-related-posts":"","theme-transparent-header-meta":"","adv-header-id-meta":"","stick-header-meta":"","header-above-stick-meta":"","header-main-stick-meta":"","header-below-stick-meta":"","astra-migrate-meta-layouts":"default","ast-page-background-enabled":"default","ast-page-background-meta":{"desktop":{"background-color":"","background-image":"","background-repeat":"repeat","background-position":"center center","background-size":"auto","background-attachment":"scroll","background-type":"","background-media":"","overlay-type":"","overlay-color":"","overlay-opacity":"","overlay-gradient":""},"tablet":{"background-color":"","background-image":"","background-repeat":"repeat","background-position":"center center","background-size":"auto","background-attachment":"scroll","background-type":"","background-media":"","overlay-type":"","overlay-color":"","overlay-opacity":"","overlay-gradient":""},"mobile":{"background-color":"","background-image":"","background-repeat":"repeat","background-position":"center center","background-size":"auto","background-attachment":"scroll","background-type":"","background-media":"","overlay-type":"","overlay-color":"","overlay-opacity":"","overlay-gradient":""}},"ast-content-background-meta":{"desktop":{"background-color":"var(--ast-global-color-5)","background-image":"","background-repeat":"repeat","background-position":"center center","background-size":"auto","background-attachment":"scroll","background-type":"","background-media":"","overlay-type":"","overlay-color":"","overlay-opacity":"","overlay-gradient":""},"tablet":{"background-color":"var(--ast-global-color-5)","background-image":"","background-repeat":"repeat","background-position":"center center","background-size":"auto","background-attachment":"scroll","background-type":"","background-media":"","overlay-type":"","overlay-color":"","overlay-opacity":"","overlay-gradient":""},"mobile":{"background-color":"var(--ast-global-color-5)","background-image":"","background-repeat":"repeat","background-position":"center center","background-size":"auto","background-attachment":"scroll","background-type":"","background-media":"","overlay-type":"","overlay-color":"","overlay-opacity":"","overlay-gradient":""}},"_FSMCFIC_featured_image_caption":"","_FSMCFIC_featured_image_nocaption":"","_FSMCFIC_featured_image_hide":"","footnotes":""},"categories":[22],"tags":[],"class_list":["post-885515","post","type-post","status-publish","format-standard","has-post-thumbnail","hentry","category-uutiset"],"yoast_head":"<!-- This site is optimized with the Yoast SEO plugin v27.5 - https:\/\/yoast.com\/product\/yoast-seo-wordpress\/ -->\n<title>Rilli 2019 Osuuskuntap\u00e4iv\u00e4t Joensuussa 12.9.2019 - Pellervo<\/title>\n<meta name=\"robots\" content=\"index, follow, max-snippet:-1, max-image-preview:large, max-video-preview:-1\" \/>\n<link rel=\"canonical\" href=\"https:\/\/pellervo.fi\/uutiset\/2019\/09\/11\/rilli-2019-osuuskuntapaivat-joensuussa-12-9-2019\/\" \/>\n<meta property=\"og:locale\" content=\"en_US\" \/>\n<meta property=\"og:type\" content=\"article\" \/>\n<meta property=\"og:title\" content=\"Rilli 2019 Osuuskuntap\u00e4iv\u00e4t Joensuussa 12.9.2019 - Pellervo\" \/>\n<meta property=\"og:description\" content=\"Joensuun uusilla veturitalleilla j\u00e4rjestet\u00e4\u00e4n 12. syyskuuta osuuskuntayritt\u00e4miseen keskittyv\u00e4 tapahtuma Rilli 2019 Osuuskuntap\u00e4iv\u00e4t 2019.\" \/>\n<meta property=\"og:url\" content=\"https:\/\/pellervo.fi\/uutiset\/2019\/09\/11\/rilli-2019-osuuskuntapaivat-joensuussa-12-9-2019\/\" \/>\n<meta property=\"og:site_name\" content=\"Pellervo\" \/>\n<meta property=\"article:published_time\" content=\"2019-09-11T05:30:18+00:00\" \/>\n<meta property=\"article:modified_time\" content=\"2020-09-03T10:26:28+00:00\" \/>\n<meta property=\"og:image\" content=\"https:\/\/pellervo.fi\/wp-content\/uploads\/2019\/09\/rilli.jpg\" \/>\n\t<meta property=\"og:image:width\" content=\"850\" \/>\n\t<meta property=\"og:image:height\" content=\"538\" \/>\n\t<meta property=\"og:image:type\" content=\"image\/jpeg\" \/>\n<meta name=\"author\" content=\"pellervo\" \/>\n<meta name=\"twitter:card\" content=\"summary_large_image\" \/>\n<meta name=\"twitter:creator\" content=\"@PellervoFi\" \/>\n<meta name=\"twitter:site\" content=\"@PellervoFi\" \/>\n<meta name=\"twitter:label1\" content=\"Written by\" \/>\n\t<meta name=\"twitter:data1\" content=\"pellervo\" \/>\n\t<meta name=\"twitter:label2\" content=\"Est. reading time\" \/>\n\t<meta name=\"twitter:data2\" content=\"1 minute\" \/>\n<script type=\"application\/ld+json\" class=\"yoast-schema-graph\">{\"@context\":\"https:\\\/\\\/schema.org\",\"@graph\":[{\"@type\":\"Article\",\"@id\":\"https:\\\/\\\/pellervo.fi\\\/uutiset\\\/2019\\\/09\\\/11\\\/rilli-2019-osuuskuntapaivat-joensuussa-12-9-2019\\\/#article\",\"isPartOf\":{\"@id\":\"https:\\\/\\\/pellervo.fi\\\/uutiset\\\/2019\\\/09\\\/11\\\/rilli-2019-osuuskuntapaivat-joensuussa-12-9-2019\\\/\"},\"author\":{\"name\":\"pellervo\",\"@id\":\"https:\\\/\\\/pellervo.fi\\\/#\\\/schema\\\/person\\\/4b74d40956937d1367ade81899997e71\"},\"headline\":\"Rilli 2019 Osuuskuntap\u00e4iv\u00e4t Joensuussa 12.9.2019\",\"datePublished\":\"2019-09-11T05:30:18+00:00\",\"dateModified\":\"2020-09-03T10:26:28+00:00\",\"mainEntityOfPage\":{\"@id\":\"https:\\\/\\\/pellervo.fi\\\/uutiset\\\/2019\\\/09\\\/11\\\/rilli-2019-osuuskuntapaivat-joensuussa-12-9-2019\\\/\"},\"wordCount\":122,\"commentCount\":0,\"publisher\":{\"@id\":\"https:\\\/\\\/pellervo.fi\\\/#organization\"},\"image\":{\"@id\":\"https:\\\/\\\/pellervo.fi\\\/uutiset\\\/2019\\\/09\\\/11\\\/rilli-2019-osuuskuntapaivat-joensuussa-12-9-2019\\\/#primaryimage\"},\"thumbnailUrl\":\"https:\\\/\\\/pellervo.fi\\\/wp-content\\\/uploads\\\/2019\\\/09\\\/rilli.jpg\",\"articleSection\":[\"Uutiset\"],\"inLanguage\":\"en-US\",\"potentialAction\":[{\"@type\":\"CommentAction\",\"name\":\"Comment\",\"target\":[\"https:\\\/\\\/pellervo.fi\\\/uutiset\\\/2019\\\/09\\\/11\\\/rilli-2019-osuuskuntapaivat-joensuussa-12-9-2019\\\/#respond\"]}]},{\"@type\":\"WebPage\",\"@id\":\"https:\\\/\\\/pellervo.fi\\\/uutiset\\\/2019\\\/09\\\/11\\\/rilli-2019-osuuskuntapaivat-joensuussa-12-9-2019\\\/\",\"url\":\"https:\\\/\\\/pellervo.fi\\\/uutiset\\\/2019\\\/09\\\/11\\\/rilli-2019-osuuskuntapaivat-joensuussa-12-9-2019\\\/\",\"name\":\"Rilli 2019 Osuuskuntap\u00e4iv\u00e4t Joensuussa 12.9.2019 - Pellervo\",\"isPartOf\":{\"@id\":\"https:\\\/\\\/pellervo.fi\\\/#website\"},\"primaryImageOfPage\":{\"@id\":\"https:\\\/\\\/pellervo.fi\\\/uutiset\\\/2019\\\/09\\\/11\\\/rilli-2019-osuuskuntapaivat-joensuussa-12-9-2019\\\/#primaryimage\"},\"image\":{\"@id\":\"https:\\\/\\\/pellervo.fi\\\/uutiset\\\/2019\\\/09\\\/11\\\/rilli-2019-osuuskuntapaivat-joensuussa-12-9-2019\\\/#primaryimage\"},\"thumbnailUrl\":\"https:\\\/\\\/pellervo.fi\\\/wp-content\\\/uploads\\\/2019\\\/09\\\/rilli.jpg\",\"datePublished\":\"2019-09-11T05:30:18+00:00\",\"dateModified\":\"2020-09-03T10:26:28+00:00\",\"breadcrumb\":{\"@id\":\"https:\\\/\\\/pellervo.fi\\\/uutiset\\\/2019\\\/09\\\/11\\\/rilli-2019-osuuskuntapaivat-joensuussa-12-9-2019\\\/#breadcrumb\"},\"inLanguage\":\"en-US\",\"potentialAction\":[{\"@type\":\"ReadAction\",\"target\":[\"https:\\\/\\\/pellervo.fi\\\/uutiset\\\/2019\\\/09\\\/11\\\/rilli-2019-osuuskuntapaivat-joensuussa-12-9-2019\\\/\"]}]},{\"@type\":\"ImageObject\",\"inLanguage\":\"en-US\",\"@id\":\"https:\\\/\\\/pellervo.fi\\\/uutiset\\\/2019\\\/09\\\/11\\\/rilli-2019-osuuskuntapaivat-joensuussa-12-9-2019\\\/#primaryimage\",\"url\":\"https:\\\/\\\/pellervo.fi\\\/wp-content\\\/uploads\\\/2019\\\/09\\\/rilli.jpg\",\"contentUrl\":\"https:\\\/\\\/pellervo.fi\\\/wp-content\\\/uploads\\\/2019\\\/09\\\/rilli.jpg\",\"width\":850,\"height\":538},{\"@type\":\"BreadcrumbList\",\"@id\":\"https:\\\/\\\/pellervo.fi\\\/uutiset\\\/2019\\\/09\\\/11\\\/rilli-2019-osuuskuntapaivat-joensuussa-12-9-2019\\\/#breadcrumb\",\"itemListElement\":[{\"@type\":\"ListItem\",\"position\":1,\"name\":\"Koti\",\"item\":\"https:\\\/\\\/pellervo.fi\\\/en\\\/\"},{\"@type\":\"ListItem\",\"position\":2,\"name\":\"Rilli 2019 Osuuskuntap\u00e4iv\u00e4t Joensuussa 12.9.2019\"}]},{\"@type\":\"WebSite\",\"@id\":\"https:\\\/\\\/pellervo.fi\\\/#website\",\"url\":\"https:\\\/\\\/pellervo.fi\\\/\",\"name\":\"Pellervo\",\"description\":\"Osuuskuntien keskusj\u00e4rjest\u00f6\",\"publisher\":{\"@id\":\"https:\\\/\\\/pellervo.fi\\\/#organization\"},\"potentialAction\":[{\"@type\":\"SearchAction\",\"target\":{\"@type\":\"EntryPoint\",\"urlTemplate\":\"https:\\\/\\\/pellervo.fi\\\/?s={search_term_string}\"},\"query-input\":{\"@type\":\"PropertyValueSpecification\",\"valueRequired\":true,\"valueName\":\"search_term_string\"}}],\"inLanguage\":\"en-US\"},{\"@type\":\"Organization\",\"@id\":\"https:\\\/\\\/pellervo.fi\\\/#organization\",\"name\":\"Osuustoimintakeskus Pellervo ry\",\"url\":\"https:\\\/\\\/pellervo.fi\\\/\",\"logo\":{\"@type\":\"ImageObject\",\"inLanguage\":\"en-US\",\"@id\":\"https:\\\/\\\/pellervo.fi\\\/#\\\/schema\\\/logo\\\/image\\\/\",\"url\":\"https:\\\/\\\/pellervo.fi\\\/wp-content\\\/uploads\\\/2020\\\/05\\\/Pellervo_logo.png\",\"contentUrl\":\"https:\\\/\\\/pellervo.fi\\\/wp-content\\\/uploads\\\/2020\\\/05\\\/Pellervo_logo.png\",\"width\":1335,\"height\":376,\"caption\":\"Osuustoimintakeskus Pellervo ry\"},\"image\":{\"@id\":\"https:\\\/\\\/pellervo.fi\\\/#\\\/schema\\\/logo\\\/image\\\/\"},\"sameAs\":[\"https:\\\/\\\/x.com\\\/PellervoFi\"]},{\"@type\":\"Person\",\"@id\":\"https:\\\/\\\/pellervo.fi\\\/#\\\/schema\\\/person\\\/4b74d40956937d1367ade81899997e71\",\"name\":\"pellervo\",\"image\":{\"@type\":\"ImageObject\",\"inLanguage\":\"en-US\",\"@id\":\"https:\\\/\\\/pellervo.fi\\\/wp-content\\\/uploads\\\/2013\\\/11\\\/pellervo_avatar_1384522134-96x96.jpg\",\"url\":\"https:\\\/\\\/pellervo.fi\\\/wp-content\\\/uploads\\\/2013\\\/11\\\/pellervo_avatar_1384522134-96x96.jpg\",\"contentUrl\":\"https:\\\/\\\/pellervo.fi\\\/wp-content\\\/uploads\\\/2013\\\/11\\\/pellervo_avatar_1384522134-96x96.jpg\",\"caption\":\"pellervo\"},\"description\":\"Kuvaus\",\"url\":\"https:\\\/\\\/pellervo.fi\\\/en\\\/author\\\/pellervo\\\/\"}]}<\/script>\n<!-- \/ Yoast SEO plugin. -->","yoast_head_json":{"title":"Rilli 2019 Osuuskuntap\u00e4iv\u00e4t Joensuussa 12.9.2019 - Pellervo","robots":{"index":"index","follow":"follow","max-snippet":"max-snippet:-1","max-image-preview":"max-image-preview:large","max-video-preview":"max-video-preview:-1"},"canonical":"https:\/\/pellervo.fi\/uutiset\/2019\/09\/11\/rilli-2019-osuuskuntapaivat-joensuussa-12-9-2019\/","og_locale":"en_US","og_type":"article","og_title":"Rilli 2019 Osuuskuntap\u00e4iv\u00e4t Joensuussa 12.9.2019 - Pellervo","og_description":"Joensuun uusilla veturitalleilla j\u00e4rjestet\u00e4\u00e4n 12. syyskuuta osuuskuntayritt\u00e4miseen keskittyv\u00e4 tapahtuma Rilli 2019 Osuuskuntap\u00e4iv\u00e4t 2019.","og_url":"https:\/\/pellervo.fi\/uutiset\/2019\/09\/11\/rilli-2019-osuuskuntapaivat-joensuussa-12-9-2019\/","og_site_name":"Pellervo","article_published_time":"2019-09-11T05:30:18+00:00","article_modified_time":"2020-09-03T10:26:28+00:00","og_image":[{"width":850,"height":538,"url":"https:\/\/pellervo.fi\/wp-content\/uploads\/2019\/09\/rilli.jpg","type":"image\/jpeg"}],"author":"pellervo","twitter_card":"summary_large_image","twitter_creator":"@PellervoFi","twitter_site":"@PellervoFi","twitter_misc":{"Written by":"pellervo","Est. reading time":"1 minute"},"schema":{"@context":"https:\/\/schema.org","@graph":[{"@type":"Article","@id":"https:\/\/pellervo.fi\/uutiset\/2019\/09\/11\/rilli-2019-osuuskuntapaivat-joensuussa-12-9-2019\/#article","isPartOf":{"@id":"https:\/\/pellervo.fi\/uutiset\/2019\/09\/11\/rilli-2019-osuuskuntapaivat-joensuussa-12-9-2019\/"},"author":{"name":"pellervo","@id":"https:\/\/pellervo.fi\/#\/schema\/person\/4b74d40956937d1367ade81899997e71"},"headline":"Rilli 2019 Osuuskuntap\u00e4iv\u00e4t Joensuussa 12.9.2019","datePublished":"2019-09-11T05:30:18+00:00","dateModified":"2020-09-03T10:26:28+00:00","mainEntityOfPage":{"@id":"https:\/\/pellervo.fi\/uutiset\/2019\/09\/11\/rilli-2019-osuuskuntapaivat-joensuussa-12-9-2019\/"},"wordCount":122,"commentCount":0,"publisher":{"@id":"https:\/\/pellervo.fi\/#organization"},"image":{"@id":"https:\/\/pellervo.fi\/uutiset\/2019\/09\/11\/rilli-2019-osuuskuntapaivat-joensuussa-12-9-2019\/#primaryimage"},"thumbnailUrl":"https:\/\/pellervo.fi\/wp-content\/uploads\/2019\/09\/rilli.jpg","articleSection":["Uutiset"],"inLanguage":"en-US","potentialAction":[{"@type":"CommentAction","name":"Comment","target":["https:\/\/pellervo.fi\/uutiset\/2019\/09\/11\/rilli-2019-osuuskuntapaivat-joensuussa-12-9-2019\/#respond"]}]},{"@type":"WebPage","@id":"https:\/\/pellervo.fi\/uutiset\/2019\/09\/11\/rilli-2019-osuuskuntapaivat-joensuussa-12-9-2019\/","url":"https:\/\/pellervo.fi\/uutiset\/2019\/09\/11\/rilli-2019-osuuskuntapaivat-joensuussa-12-9-2019\/","name":"Rilli 2019 Osuuskuntap\u00e4iv\u00e4t Joensuussa 12.9.2019 - Pellervo","isPartOf":{"@id":"https:\/\/pellervo.fi\/#website"},"primaryImageOfPage":{"@id":"https:\/\/pellervo.fi\/uutiset\/2019\/09\/11\/rilli-2019-osuuskuntapaivat-joensuussa-12-9-2019\/#primaryimage"},"image":{"@id":"https:\/\/pellervo.fi\/uutiset\/2019\/09\/11\/rilli-2019-osuuskuntapaivat-joensuussa-12-9-2019\/#primaryimage"},"thumbnailUrl":"https:\/\/pellervo.fi\/wp-content\/uploads\/2019\/09\/rilli.jpg","datePublished":"2019-09-11T05:30:18+00:00","dateModified":"2020-09-03T10:26:28+00:00","breadcrumb":{"@id":"https:\/\/pellervo.fi\/uutiset\/2019\/09\/11\/rilli-2019-osuuskuntapaivat-joensuussa-12-9-2019\/#breadcrumb"},"inLanguage":"en-US","potentialAction":[{"@type":"ReadAction","target":["https:\/\/pellervo.fi\/uutiset\/2019\/09\/11\/rilli-2019-osuuskuntapaivat-joensuussa-12-9-2019\/"]}]},{"@type":"ImageObject","inLanguage":"en-US","@id":"https:\/\/pellervo.fi\/uutiset\/2019\/09\/11\/rilli-2019-osuuskuntapaivat-joensuussa-12-9-2019\/#primaryimage","url":"https:\/\/pellervo.fi\/wp-content\/uploads\/2019\/09\/rilli.jpg","contentUrl":"https:\/\/pellervo.fi\/wp-content\/uploads\/2019\/09\/rilli.jpg","width":850,"height":538},{"@type":"BreadcrumbList","@id":"https:\/\/pellervo.fi\/uutiset\/2019\/09\/11\/rilli-2019-osuuskuntapaivat-joensuussa-12-9-2019\/#breadcrumb","itemListElement":[{"@type":"ListItem","position":1,"name":"Koti","item":"https:\/\/pellervo.fi\/en\/"},{"@type":"ListItem","position":2,"name":"Rilli 2019 Osuuskuntap\u00e4iv\u00e4t Joensuussa 12.9.2019"}]},{"@type":"WebSite","@id":"https:\/\/pellervo.fi\/#website","url":"https:\/\/pellervo.fi\/","name":"Pellervo","description":"Osuuskuntien keskusj\u00e4rjest\u00f6","publisher":{"@id":"https:\/\/pellervo.fi\/#organization"},"potentialAction":[{"@type":"SearchAction","target":{"@type":"EntryPoint","urlTemplate":"https:\/\/pellervo.fi\/?s={search_term_string}"},"query-input":{"@type":"PropertyValueSpecification","valueRequired":true,"valueName":"search_term_string"}}],"inLanguage":"en-US"},{"@type":"Organization","@id":"https:\/\/pellervo.fi\/#organization","name":"Osuustoimintakeskus Pellervo ry","url":"https:\/\/pellervo.fi\/","logo":{"@type":"ImageObject","inLanguage":"en-US","@id":"https:\/\/pellervo.fi\/#\/schema\/logo\/image\/","url":"https:\/\/pellervo.fi\/wp-content\/uploads\/2020\/05\/Pellervo_logo.png","contentUrl":"https:\/\/pellervo.fi\/wp-content\/uploads\/2020\/05\/Pellervo_logo.png","width":1335,"height":376,"caption":"Osuustoimintakeskus Pellervo ry"},"image":{"@id":"https:\/\/pellervo.fi\/#\/schema\/logo\/image\/"},"sameAs":["https:\/\/x.com\/PellervoFi"]},{"@type":"Person","@id":"https:\/\/pellervo.fi\/#\/schema\/person\/4b74d40956937d1367ade81899997e71","name":"pellervo","image":{"@type":"ImageObject","inLanguage":"en-US","@id":"https:\/\/pellervo.fi\/wp-content\/uploads\/2013\/11\/pellervo_avatar_1384522134-96x96.jpg","url":"https:\/\/pellervo.fi\/wp-content\/uploads\/2013\/11\/pellervo_avatar_1384522134-96x96.jpg","contentUrl":"https:\/\/pellervo.fi\/wp-content\/uploads\/2013\/11\/pellervo_avatar_1384522134-96x96.jpg","caption":"pellervo"},"description":"Kuvaus","url":"https:\/\/pellervo.fi\/en\/author\/pellervo\/"}]}},"_links":{"self":[{"href":"https:\/\/pellervo.fi\/en\/wp-json\/wp\/v2\/posts\/885515","targetHints":{"allow":["GET"]}}],"collection":[{"href":"https:\/\/pellervo.fi\/en\/wp-json\/wp\/v2\/posts"}],"about":[{"href":"https:\/\/pellervo.fi\/en\/wp-json\/wp\/v2\/types\/post"}],"author":[{"embeddable":true,"href":"https:\/\/pellervo.fi\/en\/wp-json\/wp\/v2\/users\/5"}],"replies":[{"embeddable":true,"href":"https:\/\/pellervo.fi\/en\/wp-json\/wp\/v2\/comments?post=885515"}],"version-history":[{"count":3,"href":"https:\/\/pellervo.fi\/en\/wp-json\/wp\/v2\/posts\/885515\/revisions"}],"predecessor-version":[{"id":885521,"href":"https:\/\/pellervo.fi\/en\/wp-json\/wp\/v2\/posts\/885515\/revisions\/885521"}],"wp:featuredmedia":[{"embeddable":true,"href":"https:\/\/pellervo.fi\/en\/wp-json\/wp\/v2\/media\/885516"}],"wp:attachment":[{"href":"https:\/\/pellervo.fi\/en\/wp-json\/wp\/v2\/media?parent=885515"}],"wp:term":[{"taxonomy":"category","embeddable":true,"href":"https:\/\/pellervo.fi\/en\/wp-json\/wp\/v2\/categories?post=885515"},{"taxonomy":"post_tag","embeddable":true,"href":"https:\/\/pellervo.fi\/en\/wp-json\/wp\/v2\/tags?post=885515"}],"curies":[{"name":"wp","href":"https:\/\/api.w.org\/{rel}","templated":true}]}}