{"id":885964,"date":"2019-12-20T11:09:10","date_gmt":"2019-12-20T09:09:10","guid":{"rendered":"https:\/\/pellervo.fi\/?p=885964"},"modified":"2020-09-03T13:01:38","modified_gmt":"2020-09-03T10:01:38","slug":"osuustoiminta-on-nyt-vahvassa-myotatuulessa","status":"publish","type":"post","link":"https:\/\/pellervo.fi\/en\/nakokulma\/2019\/12\/20\/osuustoiminta-on-nyt-vahvassa-myotatuulessa\/","title":{"rendered":"Osuustoiminta on nyt vahvassa my\u00f6t\u00e4tuulessa"},"content":{"rendered":"<p><strong>Sanna Marinin hallitus jatkaa p\u00e4\u00e4ministeri Antti Rinteen hallitusohjelmalla, joka huomioi hyvin osuustoimintamallin. L\u00e4hdemme Osuustoimintakeskus Pellervossa siit\u00e4, ett\u00e4 osuustoimintaa koskevat kirjaukset ja toimenpiteet p\u00e4tev\u00e4t my\u00f6s uuden hallituksen aikana.<\/strong><\/p>\n<p>Hallitusohjelma, joka julkistettiin 3. kes\u00e4kuuta 2019, on osuustoiminnalle suotuisa. <em>\u201dEdistet\u00e4\u00e4n osuuskuntamuotoista yritystoimintaa\u201d <\/em>on historiallinen lause. Erikseen mainitaan my\u00f6s osuuskuntarakentaminen ja -asuminen sek\u00e4 lains\u00e4\u00e4d\u00e4nn\u00f6lliset muutostarpeet ty\u00f6n murroksessa, my\u00f6s osuuskunnat huomioiden.<\/p>\n<p>Olemme pit\u00e4neet maan hallituksiin, kansanedustajiin ja virkamiehiin yhteytt\u00e4 ohjelman toimeenpanossa. Hallitus lupasi tarttua osuustoiminta-asioihin nyt vuodenvaihteen j\u00e4lkeen, kun EU-puheenjohtajuuskausi on ohi. Kehitystarpeet on syyt\u00e4 tunnistaa viimeist\u00e4\u00e4n kev\u00e4\u00e4ll\u00e4 2020, sill\u00e4 vuoden 2021 valtion tulo- ja menoarvion valmistelu ja budjettilakien s\u00e4\u00e4t\u00e4minen ovat keskeisi\u00e4 askelmerkkej\u00e4.<\/p>\n<h3>Juhlavuosi takana<\/h3>\n<p>Toimintaymp\u00e4rist\u00f6mme my\u00f6nteisyys on hieno lahja juuri 120 vuotta t\u00e4ytt\u00e4neelle Osuustoimintakeskus Pellervolle, 100-vuotiaalle Finlands Svenska Andelsf\u00f6rbundille ja koko suomalaiselle osuustoiminnalle.<\/p>\n<p>Juhlavuonna on my\u00f6s hienoa todeta, ett\u00e4 Osuustoimintakeskus Pellervo sai j\u00e4senekseen syyskuussa Osuuskunta Lilithin, joka on 450 j\u00e4senen ja 3,5 miljoonan euron luovan alan ty\u00f6osuuskunta.<\/p>\n<p>Edustavuutemme ja yhteisen tekemisen into vain kasvaa. Pellervo on aito osuustoiminnan yhteinen foorumi.<\/p>\n<h3>Yritysvastuukysymykset ovat vahvasti esill\u00e4<\/h3>\n<p>Ne osuvat elintarvike- ja mets\u00e4ketjuun niin voimallisesti, ett\u00e4 saamme varmasti olla keskustelussa mukana.\u00a0 Kyse ei ole vain ekologisesta vastuusta eik\u00e4 ilmastosta, vaikka ne debatin k\u00e4rken\u00e4 usein ovatkin. My\u00f6s sosiaalinen, taloudellinen ja eettinen vastuu mitataan. Haluamme olla osa ratkaisua kohti parempaa maailmaa.<\/p>\n<p>Valtuuskunnan kokouksessa k\u00e4sittelimme valtioneuvoston kannustamana yhteist\u00e4 sitoumusta 2050 siit\u00e4, ett\u00e4 osuustoiminnalliset yritykset yhteisty\u00f6ss\u00e4 kasvattavat monimuotoista ja tasa-arvoista osuustoimintaa.\u00a0 Monimuotoisuuden lis\u00e4\u00e4mist\u00e4 varsinkaan hallinnon ja johdon tasolla ei ole julkisesti ja m\u00e4\u00e4r\u00e4tietoisesti asetettu yhteiseksi tavoitteeksi aiemmin. Nyt teimme sen!<\/p>\n<p><em>Kirjoitus perustuu Osuustoimintakeskus Pellervon valtuuskunnan kokouksen avauspuheeseeni 13. joulukuuta 2019.<\/em><\/p>\n<p>ILKKA UUSITALO<em><br \/>\n<\/em>Kirjoittaja on Osuustoimintakeskus Pellervon valtuuskunnan puheenjohtaja.<\/p>\n","protected":false},"excerpt":{"rendered":"<p>Valtuuskunnan puheenjohtaja Ilkka Uusitalo: &#8220;Sanna Marinin hallitus jatkaa p\u00e4\u00e4ministeri Antti Rinteen hallitusohjelmalla, joka huomioi hyvin osuustoimintamallin. L\u00e4hdemme Osuustoimintakeskus Pellervossa siit\u00e4, ett\u00e4 osuustoimintaa koskevat kirjaukset ja toimenpiteet p\u00e4tev\u00e4t my\u00f6s uuden hallituksen aikana.&#8221;<\/p>\n","protected":false},"author":37,"featured_media":885966,"comment_status":"closed","ping_status":"closed","sticky":false,"template":"","format":"standard","meta":{"inline_featured_image":false,"_monsterinsights_skip_tracking":false,"_monsterinsights_sitenote_active":false,"_monsterinsights_sitenote_note":"","_monsterinsights_sitenote_category":0,"site-sidebar-layout":"default","site-content-layout":"","ast-site-content-layout":"default","site-content-style":"default","site-sidebar-style":"default","ast-global-header-display":"","ast-banner-title-visibility":"","ast-main-header-display":"","ast-hfb-above-header-display":"","ast-hfb-below-header-display":"","ast-hfb-mobile-header-display":"","site-post-title":"","ast-breadcrumbs-content":"","ast-featured-img":"","footer-sml-layout":"","ast-disable-related-posts":"","theme-transparent-header-meta":"","adv-header-id-meta":"","stick-header-meta":"","header-above-stick-meta":"","header-main-stick-meta":"","header-below-stick-meta":"","astra-migrate-meta-layouts":"default","ast-page-background-enabled":"default","ast-page-background-meta":{"desktop":{"background-color":"","background-image":"","background-repeat":"repeat","background-position":"center center","background-size":"auto","background-attachment":"scroll","background-type":"","background-media":"","overlay-type":"","overlay-color":"","overlay-opacity":"","overlay-gradient":""},"tablet":{"background-color":"","background-image":"","background-repeat":"repeat","background-position":"center center","background-size":"auto","background-attachment":"scroll","background-type":"","background-media":"","overlay-type":"","overlay-color":"","overlay-opacity":"","overlay-gradient":""},"mobile":{"background-color":"","background-image":"","background-repeat":"repeat","background-position":"center center","background-size":"auto","background-attachment":"scroll","background-type":"","background-media":"","overlay-type":"","overlay-color":"","overlay-opacity":"","overlay-gradient":""}},"ast-content-background-meta":{"desktop":{"background-color":"var(--ast-global-color-5)","background-image":"","background-repeat":"repeat","background-position":"center center","background-size":"auto","background-attachment":"scroll","background-type":"","background-media":"","overlay-type":"","overlay-color":"","overlay-opacity":"","overlay-gradient":""},"tablet":{"background-color":"var(--ast-global-color-5)","background-image":"","background-repeat":"repeat","background-position":"center center","background-size":"auto","background-attachment":"scroll","background-type":"","background-media":"","overlay-type":"","overlay-color":"","overlay-opacity":"","overlay-gradient":""},"mobile":{"background-color":"var(--ast-global-color-5)","background-image":"","background-repeat":"repeat","background-position":"center center","background-size":"auto","background-attachment":"scroll","background-type":"","background-media":"","overlay-type":"","overlay-color":"","overlay-opacity":"","overlay-gradient":""}},"_FSMCFIC_featured_image_caption":"","_FSMCFIC_featured_image_nocaption":"","_FSMCFIC_featured_image_hide":"","footnotes":""},"categories":[21],"tags":[],"class_list":["post-885964","post","type-post","status-publish","format-standard","has-post-thumbnail","hentry","category-nakokulma"],"yoast_head":"<!-- This site is optimized with the Yoast SEO plugin v27.4 - https:\/\/yoast.com\/product\/yoast-seo-wordpress\/ -->\n<title>Osuustoiminta on nyt vahvassa my\u00f6t\u00e4tuulessa - Pellervo<\/title>\n<meta name=\"robots\" content=\"index, follow, max-snippet:-1, max-image-preview:large, max-video-preview:-1\" \/>\n<link rel=\"canonical\" href=\"https:\/\/pellervo.fi\/sv\/nakokulma\/2019\/12\/20\/osuustoiminta-on-nyt-vahvassa-myotatuulessa\/\" \/>\n<meta property=\"og:locale\" content=\"en_US\" \/>\n<meta property=\"og:type\" content=\"article\" \/>\n<meta property=\"og:title\" content=\"Osuustoiminta on nyt vahvassa my\u00f6t\u00e4tuulessa - Pellervo\" \/>\n<meta property=\"og:description\" content=\"Valtuuskunnan puheenjohtaja Ilkka Uusitalo: &quot;Sanna Marinin hallitus jatkaa p\u00e4\u00e4ministeri Antti Rinteen hallitusohjelmalla, joka huomioi hyvin osuustoimintamallin. L\u00e4hdemme Osuustoimintakeskus Pellervossa siit\u00e4, ett\u00e4 osuustoimintaa koskevat kirjaukset ja toimenpiteet p\u00e4tev\u00e4t my\u00f6s uuden hallituksen aikana.&quot;\" \/>\n<meta property=\"og:url\" content=\"https:\/\/pellervo.fi\/sv\/nakokulma\/2019\/12\/20\/osuustoiminta-on-nyt-vahvassa-myotatuulessa\/\" \/>\n<meta property=\"og:site_name\" content=\"Pellervo\" \/>\n<meta property=\"article:published_time\" content=\"2019-12-20T09:09:10+00:00\" \/>\n<meta property=\"article:modified_time\" content=\"2020-09-03T10:01:38+00:00\" \/>\n<meta property=\"og:image\" content=\"https:\/\/pellervo.fi\/wp-content\/uploads\/2019\/12\/MG_1389.jpg\" \/>\n\t<meta property=\"og:image:width\" content=\"850\" \/>\n\t<meta property=\"og:image:height\" content=\"567\" \/>\n\t<meta property=\"og:image:type\" content=\"image\/jpeg\" \/>\n<meta name=\"author\" content=\"Ilkka Uusitalo\" \/>\n<meta name=\"twitter:card\" content=\"summary_large_image\" \/>\n<meta name=\"twitter:creator\" content=\"@PellervoFi\" \/>\n<meta name=\"twitter:site\" content=\"@PellervoFi\" \/>\n<meta name=\"twitter:label1\" content=\"Written by\" \/>\n\t<meta name=\"twitter:data1\" content=\"Ilkka Uusitalo\" \/>\n\t<meta name=\"twitter:label2\" content=\"Est. reading time\" \/>\n\t<meta name=\"twitter:data2\" content=\"1 minute\" \/>\n<script type=\"application\/ld+json\" class=\"yoast-schema-graph\">{\"@context\":\"https:\\\/\\\/schema.org\",\"@graph\":[{\"@type\":\"Article\",\"@id\":\"https:\\\/\\\/pellervo.fi\\\/sv\\\/nakokulma\\\/2019\\\/12\\\/20\\\/osuustoiminta-on-nyt-vahvassa-myotatuulessa\\\/#article\",\"isPartOf\":{\"@id\":\"https:\\\/\\\/pellervo.fi\\\/sv\\\/nakokulma\\\/2019\\\/12\\\/20\\\/osuustoiminta-on-nyt-vahvassa-myotatuulessa\\\/\"},\"author\":{\"name\":\"Ilkka Uusitalo\",\"@id\":\"https:\\\/\\\/pellervo.fi\\\/#\\\/schema\\\/person\\\/584d069f063a3c9e83ef955b2aa09059\"},\"headline\":\"Osuustoiminta on nyt vahvassa my\u00f6t\u00e4tuulessa\",\"datePublished\":\"2019-12-20T09:09:10+00:00\",\"dateModified\":\"2020-09-03T10:01:38+00:00\",\"mainEntityOfPage\":{\"@id\":\"https:\\\/\\\/pellervo.fi\\\/sv\\\/nakokulma\\\/2019\\\/12\\\/20\\\/osuustoiminta-on-nyt-vahvassa-myotatuulessa\\\/\"},\"wordCount\":290,\"publisher\":{\"@id\":\"https:\\\/\\\/pellervo.fi\\\/#organization\"},\"image\":{\"@id\":\"https:\\\/\\\/pellervo.fi\\\/sv\\\/nakokulma\\\/2019\\\/12\\\/20\\\/osuustoiminta-on-nyt-vahvassa-myotatuulessa\\\/#primaryimage\"},\"thumbnailUrl\":\"https:\\\/\\\/pellervo.fi\\\/wp-content\\\/uploads\\\/2019\\\/12\\\/MG_1389.jpg\",\"articleSection\":[\"N\u00e4k\u00f6kulma\"],\"inLanguage\":\"en-US\"},{\"@type\":\"WebPage\",\"@id\":\"https:\\\/\\\/pellervo.fi\\\/sv\\\/nakokulma\\\/2019\\\/12\\\/20\\\/osuustoiminta-on-nyt-vahvassa-myotatuulessa\\\/\",\"url\":\"https:\\\/\\\/pellervo.fi\\\/sv\\\/nakokulma\\\/2019\\\/12\\\/20\\\/osuustoiminta-on-nyt-vahvassa-myotatuulessa\\\/\",\"name\":\"Osuustoiminta on nyt vahvassa my\u00f6t\u00e4tuulessa - Pellervo\",\"isPartOf\":{\"@id\":\"https:\\\/\\\/pellervo.fi\\\/#website\"},\"primaryImageOfPage\":{\"@id\":\"https:\\\/\\\/pellervo.fi\\\/sv\\\/nakokulma\\\/2019\\\/12\\\/20\\\/osuustoiminta-on-nyt-vahvassa-myotatuulessa\\\/#primaryimage\"},\"image\":{\"@id\":\"https:\\\/\\\/pellervo.fi\\\/sv\\\/nakokulma\\\/2019\\\/12\\\/20\\\/osuustoiminta-on-nyt-vahvassa-myotatuulessa\\\/#primaryimage\"},\"thumbnailUrl\":\"https:\\\/\\\/pellervo.fi\\\/wp-content\\\/uploads\\\/2019\\\/12\\\/MG_1389.jpg\",\"datePublished\":\"2019-12-20T09:09:10+00:00\",\"dateModified\":\"2020-09-03T10:01:38+00:00\",\"breadcrumb\":{\"@id\":\"https:\\\/\\\/pellervo.fi\\\/sv\\\/nakokulma\\\/2019\\\/12\\\/20\\\/osuustoiminta-on-nyt-vahvassa-myotatuulessa\\\/#breadcrumb\"},\"inLanguage\":\"en-US\",\"potentialAction\":[{\"@type\":\"ReadAction\",\"target\":[\"https:\\\/\\\/pellervo.fi\\\/sv\\\/nakokulma\\\/2019\\\/12\\\/20\\\/osuustoiminta-on-nyt-vahvassa-myotatuulessa\\\/\"]}]},{\"@type\":\"ImageObject\",\"inLanguage\":\"en-US\",\"@id\":\"https:\\\/\\\/pellervo.fi\\\/sv\\\/nakokulma\\\/2019\\\/12\\\/20\\\/osuustoiminta-on-nyt-vahvassa-myotatuulessa\\\/#primaryimage\",\"url\":\"https:\\\/\\\/pellervo.fi\\\/wp-content\\\/uploads\\\/2019\\\/12\\\/MG_1389.jpg\",\"contentUrl\":\"https:\\\/\\\/pellervo.fi\\\/wp-content\\\/uploads\\\/2019\\\/12\\\/MG_1389.jpg\",\"width\":850,\"height\":567},{\"@type\":\"BreadcrumbList\",\"@id\":\"https:\\\/\\\/pellervo.fi\\\/sv\\\/nakokulma\\\/2019\\\/12\\\/20\\\/osuustoiminta-on-nyt-vahvassa-myotatuulessa\\\/#breadcrumb\",\"itemListElement\":[{\"@type\":\"ListItem\",\"position\":1,\"name\":\"Koti\",\"item\":\"https:\\\/\\\/pellervo.fi\\\/en\\\/\"},{\"@type\":\"ListItem\",\"position\":2,\"name\":\"Osuustoiminta on nyt vahvassa my\u00f6t\u00e4tuulessa\"}]},{\"@type\":\"WebSite\",\"@id\":\"https:\\\/\\\/pellervo.fi\\\/#website\",\"url\":\"https:\\\/\\\/pellervo.fi\\\/\",\"name\":\"Pellervo\",\"description\":\"Osuuskuntien keskusj\u00e4rjest\u00f6\",\"publisher\":{\"@id\":\"https:\\\/\\\/pellervo.fi\\\/#organization\"},\"potentialAction\":[{\"@type\":\"SearchAction\",\"target\":{\"@type\":\"EntryPoint\",\"urlTemplate\":\"https:\\\/\\\/pellervo.fi\\\/?s={search_term_string}\"},\"query-input\":{\"@type\":\"PropertyValueSpecification\",\"valueRequired\":true,\"valueName\":\"search_term_string\"}}],\"inLanguage\":\"en-US\"},{\"@type\":\"Organization\",\"@id\":\"https:\\\/\\\/pellervo.fi\\\/#organization\",\"name\":\"Osuustoimintakeskus Pellervo ry\",\"url\":\"https:\\\/\\\/pellervo.fi\\\/\",\"logo\":{\"@type\":\"ImageObject\",\"inLanguage\":\"en-US\",\"@id\":\"https:\\\/\\\/pellervo.fi\\\/#\\\/schema\\\/logo\\\/image\\\/\",\"url\":\"https:\\\/\\\/pellervo.fi\\\/wp-content\\\/uploads\\\/2020\\\/05\\\/Pellervo_logo.png\",\"contentUrl\":\"https:\\\/\\\/pellervo.fi\\\/wp-content\\\/uploads\\\/2020\\\/05\\\/Pellervo_logo.png\",\"width\":1335,\"height\":376,\"caption\":\"Osuustoimintakeskus Pellervo ry\"},\"image\":{\"@id\":\"https:\\\/\\\/pellervo.fi\\\/#\\\/schema\\\/logo\\\/image\\\/\"},\"sameAs\":[\"https:\\\/\\\/x.com\\\/PellervoFi\"]},{\"@type\":\"Person\",\"@id\":\"https:\\\/\\\/pellervo.fi\\\/#\\\/schema\\\/person\\\/584d069f063a3c9e83ef955b2aa09059\",\"name\":\"Ilkka Uusitalo\",\"image\":{\"@type\":\"ImageObject\",\"inLanguage\":\"en-US\",\"@id\":\"https:\\\/\\\/pellervo.fi\\\/wp-content\\\/uploads\\\/2019\\\/04\\\/uusitalo-nelio-96x96.jpg\",\"url\":\"https:\\\/\\\/pellervo.fi\\\/wp-content\\\/uploads\\\/2019\\\/04\\\/uusitalo-nelio-96x96.jpg\",\"contentUrl\":\"https:\\\/\\\/pellervo.fi\\\/wp-content\\\/uploads\\\/2019\\\/04\\\/uusitalo-nelio-96x96.jpg\",\"caption\":\"Ilkka Uusitalo\"},\"description\":\"Kirjoittaja on Osuustoimintakeskus Pellervon valtuuskunnan puheenjohtaja.\",\"url\":\"https:\\\/\\\/pellervo.fi\\\/en\\\/author\\\/ilkkauusitalo\\\/\"}]}<\/script>\n<!-- \/ Yoast SEO plugin. -->","yoast_head_json":{"title":"Osuustoiminta on nyt vahvassa my\u00f6t\u00e4tuulessa - Pellervo","robots":{"index":"index","follow":"follow","max-snippet":"max-snippet:-1","max-image-preview":"max-image-preview:large","max-video-preview":"max-video-preview:-1"},"canonical":"https:\/\/pellervo.fi\/sv\/nakokulma\/2019\/12\/20\/osuustoiminta-on-nyt-vahvassa-myotatuulessa\/","og_locale":"en_US","og_type":"article","og_title":"Osuustoiminta on nyt vahvassa my\u00f6t\u00e4tuulessa - Pellervo","og_description":"Valtuuskunnan puheenjohtaja Ilkka Uusitalo: \"Sanna Marinin hallitus jatkaa p\u00e4\u00e4ministeri Antti Rinteen hallitusohjelmalla, joka huomioi hyvin osuustoimintamallin. L\u00e4hdemme Osuustoimintakeskus Pellervossa siit\u00e4, ett\u00e4 osuustoimintaa koskevat kirjaukset ja toimenpiteet p\u00e4tev\u00e4t my\u00f6s uuden hallituksen aikana.\"","og_url":"https:\/\/pellervo.fi\/sv\/nakokulma\/2019\/12\/20\/osuustoiminta-on-nyt-vahvassa-myotatuulessa\/","og_site_name":"Pellervo","article_published_time":"2019-12-20T09:09:10+00:00","article_modified_time":"2020-09-03T10:01:38+00:00","og_image":[{"width":850,"height":567,"url":"https:\/\/pellervo.fi\/wp-content\/uploads\/2019\/12\/MG_1389.jpg","type":"image\/jpeg"}],"author":"Ilkka Uusitalo","twitter_card":"summary_large_image","twitter_creator":"@PellervoFi","twitter_site":"@PellervoFi","twitter_misc":{"Written by":"Ilkka Uusitalo","Est. reading time":"1 minute"},"schema":{"@context":"https:\/\/schema.org","@graph":[{"@type":"Article","@id":"https:\/\/pellervo.fi\/sv\/nakokulma\/2019\/12\/20\/osuustoiminta-on-nyt-vahvassa-myotatuulessa\/#article","isPartOf":{"@id":"https:\/\/pellervo.fi\/sv\/nakokulma\/2019\/12\/20\/osuustoiminta-on-nyt-vahvassa-myotatuulessa\/"},"author":{"name":"Ilkka Uusitalo","@id":"https:\/\/pellervo.fi\/#\/schema\/person\/584d069f063a3c9e83ef955b2aa09059"},"headline":"Osuustoiminta on nyt vahvassa my\u00f6t\u00e4tuulessa","datePublished":"2019-12-20T09:09:10+00:00","dateModified":"2020-09-03T10:01:38+00:00","mainEntityOfPage":{"@id":"https:\/\/pellervo.fi\/sv\/nakokulma\/2019\/12\/20\/osuustoiminta-on-nyt-vahvassa-myotatuulessa\/"},"wordCount":290,"publisher":{"@id":"https:\/\/pellervo.fi\/#organization"},"image":{"@id":"https:\/\/pellervo.fi\/sv\/nakokulma\/2019\/12\/20\/osuustoiminta-on-nyt-vahvassa-myotatuulessa\/#primaryimage"},"thumbnailUrl":"https:\/\/pellervo.fi\/wp-content\/uploads\/2019\/12\/MG_1389.jpg","articleSection":["N\u00e4k\u00f6kulma"],"inLanguage":"en-US"},{"@type":"WebPage","@id":"https:\/\/pellervo.fi\/sv\/nakokulma\/2019\/12\/20\/osuustoiminta-on-nyt-vahvassa-myotatuulessa\/","url":"https:\/\/pellervo.fi\/sv\/nakokulma\/2019\/12\/20\/osuustoiminta-on-nyt-vahvassa-myotatuulessa\/","name":"Osuustoiminta on nyt vahvassa my\u00f6t\u00e4tuulessa - Pellervo","isPartOf":{"@id":"https:\/\/pellervo.fi\/#website"},"primaryImageOfPage":{"@id":"https:\/\/pellervo.fi\/sv\/nakokulma\/2019\/12\/20\/osuustoiminta-on-nyt-vahvassa-myotatuulessa\/#primaryimage"},"image":{"@id":"https:\/\/pellervo.fi\/sv\/nakokulma\/2019\/12\/20\/osuustoiminta-on-nyt-vahvassa-myotatuulessa\/#primaryimage"},"thumbnailUrl":"https:\/\/pellervo.fi\/wp-content\/uploads\/2019\/12\/MG_1389.jpg","datePublished":"2019-12-20T09:09:10+00:00","dateModified":"2020-09-03T10:01:38+00:00","breadcrumb":{"@id":"https:\/\/pellervo.fi\/sv\/nakokulma\/2019\/12\/20\/osuustoiminta-on-nyt-vahvassa-myotatuulessa\/#breadcrumb"},"inLanguage":"en-US","potentialAction":[{"@type":"ReadAction","target":["https:\/\/pellervo.fi\/sv\/nakokulma\/2019\/12\/20\/osuustoiminta-on-nyt-vahvassa-myotatuulessa\/"]}]},{"@type":"ImageObject","inLanguage":"en-US","@id":"https:\/\/pellervo.fi\/sv\/nakokulma\/2019\/12\/20\/osuustoiminta-on-nyt-vahvassa-myotatuulessa\/#primaryimage","url":"https:\/\/pellervo.fi\/wp-content\/uploads\/2019\/12\/MG_1389.jpg","contentUrl":"https:\/\/pellervo.fi\/wp-content\/uploads\/2019\/12\/MG_1389.jpg","width":850,"height":567},{"@type":"BreadcrumbList","@id":"https:\/\/pellervo.fi\/sv\/nakokulma\/2019\/12\/20\/osuustoiminta-on-nyt-vahvassa-myotatuulessa\/#breadcrumb","itemListElement":[{"@type":"ListItem","position":1,"name":"Koti","item":"https:\/\/pellervo.fi\/en\/"},{"@type":"ListItem","position":2,"name":"Osuustoiminta on nyt vahvassa my\u00f6t\u00e4tuulessa"}]},{"@type":"WebSite","@id":"https:\/\/pellervo.fi\/#website","url":"https:\/\/pellervo.fi\/","name":"Pellervo","description":"Osuuskuntien keskusj\u00e4rjest\u00f6","publisher":{"@id":"https:\/\/pellervo.fi\/#organization"},"potentialAction":[{"@type":"SearchAction","target":{"@type":"EntryPoint","urlTemplate":"https:\/\/pellervo.fi\/?s={search_term_string}"},"query-input":{"@type":"PropertyValueSpecification","valueRequired":true,"valueName":"search_term_string"}}],"inLanguage":"en-US"},{"@type":"Organization","@id":"https:\/\/pellervo.fi\/#organization","name":"Osuustoimintakeskus Pellervo ry","url":"https:\/\/pellervo.fi\/","logo":{"@type":"ImageObject","inLanguage":"en-US","@id":"https:\/\/pellervo.fi\/#\/schema\/logo\/image\/","url":"https:\/\/pellervo.fi\/wp-content\/uploads\/2020\/05\/Pellervo_logo.png","contentUrl":"https:\/\/pellervo.fi\/wp-content\/uploads\/2020\/05\/Pellervo_logo.png","width":1335,"height":376,"caption":"Osuustoimintakeskus Pellervo ry"},"image":{"@id":"https:\/\/pellervo.fi\/#\/schema\/logo\/image\/"},"sameAs":["https:\/\/x.com\/PellervoFi"]},{"@type":"Person","@id":"https:\/\/pellervo.fi\/#\/schema\/person\/584d069f063a3c9e83ef955b2aa09059","name":"Ilkka Uusitalo","image":{"@type":"ImageObject","inLanguage":"en-US","@id":"https:\/\/pellervo.fi\/wp-content\/uploads\/2019\/04\/uusitalo-nelio-96x96.jpg","url":"https:\/\/pellervo.fi\/wp-content\/uploads\/2019\/04\/uusitalo-nelio-96x96.jpg","contentUrl":"https:\/\/pellervo.fi\/wp-content\/uploads\/2019\/04\/uusitalo-nelio-96x96.jpg","caption":"Ilkka Uusitalo"},"description":"Kirjoittaja on Osuustoimintakeskus Pellervon valtuuskunnan puheenjohtaja.","url":"https:\/\/pellervo.fi\/en\/author\/ilkkauusitalo\/"}]}},"_links":{"self":[{"href":"https:\/\/pellervo.fi\/en\/wp-json\/wp\/v2\/posts\/885964","targetHints":{"allow":["GET"]}}],"collection":[{"href":"https:\/\/pellervo.fi\/en\/wp-json\/wp\/v2\/posts"}],"about":[{"href":"https:\/\/pellervo.fi\/en\/wp-json\/wp\/v2\/types\/post"}],"author":[{"embeddable":true,"href":"https:\/\/pellervo.fi\/en\/wp-json\/wp\/v2\/users\/37"}],"replies":[{"embeddable":true,"href":"https:\/\/pellervo.fi\/en\/wp-json\/wp\/v2\/comments?post=885964"}],"version-history":[{"count":3,"href":"https:\/\/pellervo.fi\/en\/wp-json\/wp\/v2\/posts\/885964\/revisions"}],"predecessor-version":[{"id":885969,"href":"https:\/\/pellervo.fi\/en\/wp-json\/wp\/v2\/posts\/885964\/revisions\/885969"}],"wp:featuredmedia":[{"embeddable":true,"href":"https:\/\/pellervo.fi\/en\/wp-json\/wp\/v2\/media\/885966"}],"wp:attachment":[{"href":"https:\/\/pellervo.fi\/en\/wp-json\/wp\/v2\/media?parent=885964"}],"wp:term":[{"taxonomy":"category","embeddable":true,"href":"https:\/\/pellervo.fi\/en\/wp-json\/wp\/v2\/categories?post=885964"},{"taxonomy":"post_tag","embeddable":true,"href":"https:\/\/pellervo.fi\/en\/wp-json\/wp\/v2\/tags?post=885964"}],"curies":[{"name":"wp","href":"https:\/\/api.w.org\/{rel}","templated":true}]}}