{"id":886218,"date":"2020-03-02T15:16:51","date_gmt":"2020-03-02T13:16:51","guid":{"rendered":"https:\/\/pellervo.fi\/?p=886218"},"modified":"2020-09-03T13:04:59","modified_gmt":"2020-09-03T10:04:59","slug":"886218","status":"publish","type":"post","link":"https:\/\/pellervo.fi\/en\/jarjesto\/2020\/03\/02\/886218\/","title":{"rendered":"Pellervon valtuuskunnassa kuultiin uudesta eduskunnan osuustoimintaryhm\u00e4st\u00e4"},"content":{"rendered":"<h2>\n\t\tPellervon valtuuskunnassa kuultiin uudesta eduskunnan osuustoimintaryhm\u00e4st\u00e4 \n\t<\/h2>\n\t<p>Osuustoimintakeskus Pellervon valtuuskunta piti maanantaina 2.maaliskuuta 2020 kev\u00e4tkokouksensa Sokos Hotel Presidentiss\u00e4. Kokouksessa vierailivat my\u00f6s eduskuntaan juuri perustetun osuustoimintaryhm\u00e4n puheenjohtaja, kansanedustaja <strong>Antero Laukkanen<\/strong>, KD sek\u00e4 tutkijatohtori, KTT <strong>Antti Talonen<\/strong> Helsingin yliopistosta. <\/p>\n<p>Talonen kertoi uusimmasta keskin\u00e4isyyden tutkimuksesta ja sen vahvasta nosteesta sek\u00e4 miten varmistamme tutkimuksen jatkon. Laukkanen avasi eduskunnan osuustoimintaryhm\u00e4n ideaa ja toivoa aktiivista yhteisty\u00f6t\u00e4 nyt kun yhteinen alusta vaikuttamiselle on luotu.<\/p>\n<p>Kokouksessa k\u00e4siteltiin s\u00e4\u00e4nt\u00f6m\u00e4\u00e4r\u00e4iset asiat ja keskeinen asia oli tilinp\u00e4\u00e4t\u00f6s, jonka mukaan j\u00e4rjest\u00f6n tulos oli hieman budjetoitua parempi ja vastasi edellisten vuosien keskim\u00e4\u00e4r\u00e4ist\u00e4 tulosta. My\u00f6s Pellervo-Media Oy:n alustava tulos on ennakoitua parempi huolimatta isoista henkil\u00f6st\u00f6muutoksista ja j\u00e4rjestelm\u00e4hankkeista sek\u00e4 lehtiuudistuksista.<\/p>\n<p>Lis\u00e4ksi valtuuskunnalle esiteltiin Pellervon uusi viestint\u00e4strategia 2020-2022 sek\u00e4 Pellervon visuaalinen uudistus.<\/p>\n<p>\u00a0<\/p>\n","protected":false},"excerpt":{"rendered":"<p>Pellervon valtuuskunnassa kuultiin uudesta eduskunnan osuustoimintaryhm\u00e4st\u00e4 Osuustoimintakeskus Pellervon valtuuskunta piti maanantaina 2.maaliskuuta 2020 kev\u00e4tkokouksensa Sokos Hotel Presidentiss\u00e4. Kokouksessa vierailivat my\u00f6s eduskuntaan juuri perustetun osuustoimintaryhm\u00e4n puheenjohtaja, kansanedustaja Antero Laukkanen, KD sek\u00e4 tutkijatohtori, KTT Antti Talonen Helsingin yliopistosta. Talonen kertoi uusimmasta keskin\u00e4isyyden tutkimuksesta ja sen vahvasta nosteesta sek\u00e4 miten varmistamme tutkimuksen jatkon. Laukkanen avasi eduskunnan osuustoimintaryhm\u00e4n ideaa<\/p>\n","protected":false},"author":6,"featured_media":886220,"comment_status":"open","ping_status":"open","sticky":false,"template":"","format":"standard","meta":{"inline_featured_image":false,"_monsterinsights_skip_tracking":false,"_monsterinsights_sitenote_active":false,"_monsterinsights_sitenote_note":"","_monsterinsights_sitenote_category":0,"site-sidebar-layout":"default","site-content-layout":"","ast-site-content-layout":"default","site-content-style":"default","site-sidebar-style":"default","ast-global-header-display":"","ast-banner-title-visibility":"","ast-main-header-display":"","ast-hfb-above-header-display":"","ast-hfb-below-header-display":"","ast-hfb-mobile-header-display":"","site-post-title":"","ast-breadcrumbs-content":"","ast-featured-img":"","footer-sml-layout":"","ast-disable-related-posts":"","theme-transparent-header-meta":"","adv-header-id-meta":"","stick-header-meta":"","header-above-stick-meta":"","header-main-stick-meta":"","header-below-stick-meta":"","astra-migrate-meta-layouts":"default","ast-page-background-enabled":"default","ast-page-background-meta":{"desktop":{"background-color":"","background-image":"","background-repeat":"repeat","background-position":"center center","background-size":"auto","background-attachment":"scroll","background-type":"","background-media":"","overlay-type":"","overlay-color":"","overlay-opacity":"","overlay-gradient":""},"tablet":{"background-color":"","background-image":"","background-repeat":"repeat","background-position":"center center","background-size":"auto","background-attachment":"scroll","background-type":"","background-media":"","overlay-type":"","overlay-color":"","overlay-opacity":"","overlay-gradient":""},"mobile":{"background-color":"","background-image":"","background-repeat":"repeat","background-position":"center center","background-size":"auto","background-attachment":"scroll","background-type":"","background-media":"","overlay-type":"","overlay-color":"","overlay-opacity":"","overlay-gradient":""}},"ast-content-background-meta":{"desktop":{"background-color":"var(--ast-global-color-5)","background-image":"","background-repeat":"repeat","background-position":"center center","background-size":"auto","background-attachment":"scroll","background-type":"","background-media":"","overlay-type":"","overlay-color":"","overlay-opacity":"","overlay-gradient":""},"tablet":{"background-color":"var(--ast-global-color-5)","background-image":"","background-repeat":"repeat","background-position":"center center","background-size":"auto","background-attachment":"scroll","background-type":"","background-media":"","overlay-type":"","overlay-color":"","overlay-opacity":"","overlay-gradient":""},"mobile":{"background-color":"var(--ast-global-color-5)","background-image":"","background-repeat":"repeat","background-position":"center center","background-size":"auto","background-attachment":"scroll","background-type":"","background-media":"","overlay-type":"","overlay-color":"","overlay-opacity":"","overlay-gradient":""}},"_FSMCFIC_featured_image_caption":"","_FSMCFIC_featured_image_nocaption":"","_FSMCFIC_featured_image_hide":"","footnotes":""},"categories":[71],"tags":[],"class_list":["post-886218","post","type-post","status-publish","format-standard","has-post-thumbnail","hentry","category-jarjesto"],"yoast_head":"<!-- This site is optimized with the Yoast SEO plugin v27.4 - https:\/\/yoast.com\/product\/yoast-seo-wordpress\/ -->\n<title>Pellervon valtuuskunnassa kuultiin uudesta eduskunnan osuustoimintaryhm\u00e4st\u00e4 - Pellervo<\/title>\n<meta name=\"robots\" content=\"index, follow, max-snippet:-1, max-image-preview:large, max-video-preview:-1\" \/>\n<link rel=\"canonical\" href=\"https:\/\/pellervo.fi\/jarjesto\/2020\/03\/02\/886218\/\" \/>\n<meta property=\"og:locale\" content=\"en_US\" \/>\n<meta property=\"og:type\" content=\"article\" \/>\n<meta property=\"og:title\" content=\"Pellervon valtuuskunnassa kuultiin uudesta eduskunnan osuustoimintaryhm\u00e4st\u00e4 - Pellervo\" \/>\n<meta property=\"og:description\" content=\"Pellervon valtuuskunnassa kuultiin uudesta eduskunnan osuustoimintaryhm\u00e4st\u00e4 Osuustoimintakeskus Pellervon valtuuskunta piti maanantaina 2.maaliskuuta 2020 kev\u00e4tkokouksensa Sokos Hotel Presidentiss\u00e4. Kokouksessa vierailivat my\u00f6s eduskuntaan juuri perustetun osuustoimintaryhm\u00e4n puheenjohtaja, kansanedustaja Antero Laukkanen, KD sek\u00e4 tutkijatohtori, KTT Antti Talonen Helsingin yliopistosta. Talonen kertoi uusimmasta keskin\u00e4isyyden tutkimuksesta ja sen vahvasta nosteesta sek\u00e4 miten varmistamme tutkimuksen jatkon. Laukkanen avasi eduskunnan osuustoimintaryhm\u00e4n ideaa\" \/>\n<meta property=\"og:url\" content=\"https:\/\/pellervo.fi\/jarjesto\/2020\/03\/02\/886218\/\" \/>\n<meta property=\"og:site_name\" content=\"Pellervo\" \/>\n<meta property=\"article:published_time\" content=\"2020-03-02T13:16:51+00:00\" \/>\n<meta property=\"article:modified_time\" content=\"2020-09-03T10:04:59+00:00\" \/>\n<meta property=\"og:image\" content=\"https:\/\/pellervo.fi\/wp-content\/uploads\/2020\/03\/valtuuskunta_0.jpg\" \/>\n\t<meta property=\"og:image:width\" content=\"1632\" \/>\n\t<meta property=\"og:image:height\" content=\"1224\" \/>\n\t<meta property=\"og:image:type\" content=\"image\/jpeg\" \/>\n<meta name=\"author\" content=\"Hanna Muukka\" \/>\n<meta name=\"twitter:card\" content=\"summary_large_image\" \/>\n<meta name=\"twitter:creator\" content=\"@PellervoFi\" \/>\n<meta name=\"twitter:site\" content=\"@PellervoFi\" \/>\n<meta name=\"twitter:label1\" content=\"Written by\" \/>\n\t<meta name=\"twitter:data1\" content=\"Hanna Muukka\" \/>\n\t<meta name=\"twitter:label2\" content=\"Est. reading time\" \/>\n\t<meta name=\"twitter:data2\" content=\"1 minute\" \/>\n<script type=\"application\/ld+json\" class=\"yoast-schema-graph\">{\"@context\":\"https:\\\/\\\/schema.org\",\"@graph\":[{\"@type\":\"Article\",\"@id\":\"https:\\\/\\\/pellervo.fi\\\/jarjesto\\\/2020\\\/03\\\/02\\\/886218\\\/#article\",\"isPartOf\":{\"@id\":\"https:\\\/\\\/pellervo.fi\\\/jarjesto\\\/2020\\\/03\\\/02\\\/886218\\\/\"},\"author\":{\"name\":\"Hanna Muukka\",\"@id\":\"https:\\\/\\\/pellervo.fi\\\/#\\\/schema\\\/person\\\/f001b7c670bab10e5236b09672d9e6a3\"},\"headline\":\"Pellervon valtuuskunnassa kuultiin uudesta eduskunnan osuustoimintaryhm\u00e4st\u00e4\",\"datePublished\":\"2020-03-02T13:16:51+00:00\",\"dateModified\":\"2020-09-03T10:04:59+00:00\",\"mainEntityOfPage\":{\"@id\":\"https:\\\/\\\/pellervo.fi\\\/jarjesto\\\/2020\\\/03\\\/02\\\/886218\\\/\"},\"wordCount\":147,\"commentCount\":0,\"publisher\":{\"@id\":\"https:\\\/\\\/pellervo.fi\\\/#organization\"},\"image\":{\"@id\":\"https:\\\/\\\/pellervo.fi\\\/jarjesto\\\/2020\\\/03\\\/02\\\/886218\\\/#primaryimage\"},\"thumbnailUrl\":\"https:\\\/\\\/pellervo.fi\\\/wp-content\\\/uploads\\\/2020\\\/03\\\/valtuuskunta_0.jpg\",\"articleSection\":[\"J\u00e4rjest\u00f6\"],\"inLanguage\":\"en-US\",\"potentialAction\":[{\"@type\":\"CommentAction\",\"name\":\"Comment\",\"target\":[\"https:\\\/\\\/pellervo.fi\\\/jarjesto\\\/2020\\\/03\\\/02\\\/886218\\\/#respond\"]}]},{\"@type\":\"WebPage\",\"@id\":\"https:\\\/\\\/pellervo.fi\\\/jarjesto\\\/2020\\\/03\\\/02\\\/886218\\\/\",\"url\":\"https:\\\/\\\/pellervo.fi\\\/jarjesto\\\/2020\\\/03\\\/02\\\/886218\\\/\",\"name\":\"Pellervon valtuuskunnassa kuultiin uudesta eduskunnan osuustoimintaryhm\u00e4st\u00e4 - Pellervo\",\"isPartOf\":{\"@id\":\"https:\\\/\\\/pellervo.fi\\\/#website\"},\"primaryImageOfPage\":{\"@id\":\"https:\\\/\\\/pellervo.fi\\\/jarjesto\\\/2020\\\/03\\\/02\\\/886218\\\/#primaryimage\"},\"image\":{\"@id\":\"https:\\\/\\\/pellervo.fi\\\/jarjesto\\\/2020\\\/03\\\/02\\\/886218\\\/#primaryimage\"},\"thumbnailUrl\":\"https:\\\/\\\/pellervo.fi\\\/wp-content\\\/uploads\\\/2020\\\/03\\\/valtuuskunta_0.jpg\",\"datePublished\":\"2020-03-02T13:16:51+00:00\",\"dateModified\":\"2020-09-03T10:04:59+00:00\",\"breadcrumb\":{\"@id\":\"https:\\\/\\\/pellervo.fi\\\/jarjesto\\\/2020\\\/03\\\/02\\\/886218\\\/#breadcrumb\"},\"inLanguage\":\"en-US\",\"potentialAction\":[{\"@type\":\"ReadAction\",\"target\":[\"https:\\\/\\\/pellervo.fi\\\/jarjesto\\\/2020\\\/03\\\/02\\\/886218\\\/\"]}]},{\"@type\":\"ImageObject\",\"inLanguage\":\"en-US\",\"@id\":\"https:\\\/\\\/pellervo.fi\\\/jarjesto\\\/2020\\\/03\\\/02\\\/886218\\\/#primaryimage\",\"url\":\"https:\\\/\\\/pellervo.fi\\\/wp-content\\\/uploads\\\/2020\\\/03\\\/valtuuskunta_0.jpg\",\"contentUrl\":\"https:\\\/\\\/pellervo.fi\\\/wp-content\\\/uploads\\\/2020\\\/03\\\/valtuuskunta_0.jpg\",\"width\":1632,\"height\":1224},{\"@type\":\"BreadcrumbList\",\"@id\":\"https:\\\/\\\/pellervo.fi\\\/jarjesto\\\/2020\\\/03\\\/02\\\/886218\\\/#breadcrumb\",\"itemListElement\":[{\"@type\":\"ListItem\",\"position\":1,\"name\":\"Koti\",\"item\":\"https:\\\/\\\/pellervo.fi\\\/en\\\/\"},{\"@type\":\"ListItem\",\"position\":2,\"name\":\"Pellervon valtuuskunnassa kuultiin uudesta eduskunnan osuustoimintaryhm\u00e4st\u00e4\"}]},{\"@type\":\"WebSite\",\"@id\":\"https:\\\/\\\/pellervo.fi\\\/#website\",\"url\":\"https:\\\/\\\/pellervo.fi\\\/\",\"name\":\"Pellervo\",\"description\":\"Osuuskuntien keskusj\u00e4rjest\u00f6\",\"publisher\":{\"@id\":\"https:\\\/\\\/pellervo.fi\\\/#organization\"},\"potentialAction\":[{\"@type\":\"SearchAction\",\"target\":{\"@type\":\"EntryPoint\",\"urlTemplate\":\"https:\\\/\\\/pellervo.fi\\\/?s={search_term_string}\"},\"query-input\":{\"@type\":\"PropertyValueSpecification\",\"valueRequired\":true,\"valueName\":\"search_term_string\"}}],\"inLanguage\":\"en-US\"},{\"@type\":\"Organization\",\"@id\":\"https:\\\/\\\/pellervo.fi\\\/#organization\",\"name\":\"Osuustoimintakeskus Pellervo ry\",\"url\":\"https:\\\/\\\/pellervo.fi\\\/\",\"logo\":{\"@type\":\"ImageObject\",\"inLanguage\":\"en-US\",\"@id\":\"https:\\\/\\\/pellervo.fi\\\/#\\\/schema\\\/logo\\\/image\\\/\",\"url\":\"https:\\\/\\\/pellervo.fi\\\/wp-content\\\/uploads\\\/2020\\\/05\\\/Pellervo_logo.png\",\"contentUrl\":\"https:\\\/\\\/pellervo.fi\\\/wp-content\\\/uploads\\\/2020\\\/05\\\/Pellervo_logo.png\",\"width\":1335,\"height\":376,\"caption\":\"Osuustoimintakeskus Pellervo ry\"},\"image\":{\"@id\":\"https:\\\/\\\/pellervo.fi\\\/#\\\/schema\\\/logo\\\/image\\\/\"},\"sameAs\":[\"https:\\\/\\\/x.com\\\/PellervoFi\"]},{\"@type\":\"Person\",\"@id\":\"https:\\\/\\\/pellervo.fi\\\/#\\\/schema\\\/person\\\/f001b7c670bab10e5236b09672d9e6a3\",\"name\":\"Hanna Muukka\",\"image\":{\"@type\":\"ImageObject\",\"inLanguage\":\"en-US\",\"@id\":\"https:\\\/\\\/pellervo.fi\\\/wp-content\\\/uploads\\\/2014\\\/02\\\/Hanna-Muukka_avatar_1393417732-96x96.jpg\",\"url\":\"https:\\\/\\\/pellervo.fi\\\/wp-content\\\/uploads\\\/2014\\\/02\\\/Hanna-Muukka_avatar_1393417732-96x96.jpg\",\"contentUrl\":\"https:\\\/\\\/pellervo.fi\\\/wp-content\\\/uploads\\\/2014\\\/02\\\/Hanna-Muukka_avatar_1393417732-96x96.jpg\",\"caption\":\"Hanna Muukka\"},\"description\":\"Kirjoittaja ty\u00f6skentelee Osuustoimintakeskus Pellervossa vastuullisuusasiantuntijana.\",\"url\":\"https:\\\/\\\/pellervo.fi\\\/en\\\/author\\\/hannamuu\\\/\"}]}<\/script>\n<!-- \/ Yoast SEO plugin. -->","yoast_head_json":{"title":"Pellervon valtuuskunnassa kuultiin uudesta eduskunnan osuustoimintaryhm\u00e4st\u00e4 - Pellervo","robots":{"index":"index","follow":"follow","max-snippet":"max-snippet:-1","max-image-preview":"max-image-preview:large","max-video-preview":"max-video-preview:-1"},"canonical":"https:\/\/pellervo.fi\/jarjesto\/2020\/03\/02\/886218\/","og_locale":"en_US","og_type":"article","og_title":"Pellervon valtuuskunnassa kuultiin uudesta eduskunnan osuustoimintaryhm\u00e4st\u00e4 - Pellervo","og_description":"Pellervon valtuuskunnassa kuultiin uudesta eduskunnan osuustoimintaryhm\u00e4st\u00e4 Osuustoimintakeskus Pellervon valtuuskunta piti maanantaina 2.maaliskuuta 2020 kev\u00e4tkokouksensa Sokos Hotel Presidentiss\u00e4. Kokouksessa vierailivat my\u00f6s eduskuntaan juuri perustetun osuustoimintaryhm\u00e4n puheenjohtaja, kansanedustaja Antero Laukkanen, KD sek\u00e4 tutkijatohtori, KTT Antti Talonen Helsingin yliopistosta. Talonen kertoi uusimmasta keskin\u00e4isyyden tutkimuksesta ja sen vahvasta nosteesta sek\u00e4 miten varmistamme tutkimuksen jatkon. Laukkanen avasi eduskunnan osuustoimintaryhm\u00e4n ideaa","og_url":"https:\/\/pellervo.fi\/jarjesto\/2020\/03\/02\/886218\/","og_site_name":"Pellervo","article_published_time":"2020-03-02T13:16:51+00:00","article_modified_time":"2020-09-03T10:04:59+00:00","og_image":[{"width":1632,"height":1224,"url":"https:\/\/pellervo.fi\/wp-content\/uploads\/2020\/03\/valtuuskunta_0.jpg","type":"image\/jpeg"}],"author":"Hanna Muukka","twitter_card":"summary_large_image","twitter_creator":"@PellervoFi","twitter_site":"@PellervoFi","twitter_misc":{"Written by":"Hanna Muukka","Est. reading time":"1 minute"},"schema":{"@context":"https:\/\/schema.org","@graph":[{"@type":"Article","@id":"https:\/\/pellervo.fi\/jarjesto\/2020\/03\/02\/886218\/#article","isPartOf":{"@id":"https:\/\/pellervo.fi\/jarjesto\/2020\/03\/02\/886218\/"},"author":{"name":"Hanna Muukka","@id":"https:\/\/pellervo.fi\/#\/schema\/person\/f001b7c670bab10e5236b09672d9e6a3"},"headline":"Pellervon valtuuskunnassa kuultiin uudesta eduskunnan osuustoimintaryhm\u00e4st\u00e4","datePublished":"2020-03-02T13:16:51+00:00","dateModified":"2020-09-03T10:04:59+00:00","mainEntityOfPage":{"@id":"https:\/\/pellervo.fi\/jarjesto\/2020\/03\/02\/886218\/"},"wordCount":147,"commentCount":0,"publisher":{"@id":"https:\/\/pellervo.fi\/#organization"},"image":{"@id":"https:\/\/pellervo.fi\/jarjesto\/2020\/03\/02\/886218\/#primaryimage"},"thumbnailUrl":"https:\/\/pellervo.fi\/wp-content\/uploads\/2020\/03\/valtuuskunta_0.jpg","articleSection":["J\u00e4rjest\u00f6"],"inLanguage":"en-US","potentialAction":[{"@type":"CommentAction","name":"Comment","target":["https:\/\/pellervo.fi\/jarjesto\/2020\/03\/02\/886218\/#respond"]}]},{"@type":"WebPage","@id":"https:\/\/pellervo.fi\/jarjesto\/2020\/03\/02\/886218\/","url":"https:\/\/pellervo.fi\/jarjesto\/2020\/03\/02\/886218\/","name":"Pellervon valtuuskunnassa kuultiin uudesta eduskunnan osuustoimintaryhm\u00e4st\u00e4 - Pellervo","isPartOf":{"@id":"https:\/\/pellervo.fi\/#website"},"primaryImageOfPage":{"@id":"https:\/\/pellervo.fi\/jarjesto\/2020\/03\/02\/886218\/#primaryimage"},"image":{"@id":"https:\/\/pellervo.fi\/jarjesto\/2020\/03\/02\/886218\/#primaryimage"},"thumbnailUrl":"https:\/\/pellervo.fi\/wp-content\/uploads\/2020\/03\/valtuuskunta_0.jpg","datePublished":"2020-03-02T13:16:51+00:00","dateModified":"2020-09-03T10:04:59+00:00","breadcrumb":{"@id":"https:\/\/pellervo.fi\/jarjesto\/2020\/03\/02\/886218\/#breadcrumb"},"inLanguage":"en-US","potentialAction":[{"@type":"ReadAction","target":["https:\/\/pellervo.fi\/jarjesto\/2020\/03\/02\/886218\/"]}]},{"@type":"ImageObject","inLanguage":"en-US","@id":"https:\/\/pellervo.fi\/jarjesto\/2020\/03\/02\/886218\/#primaryimage","url":"https:\/\/pellervo.fi\/wp-content\/uploads\/2020\/03\/valtuuskunta_0.jpg","contentUrl":"https:\/\/pellervo.fi\/wp-content\/uploads\/2020\/03\/valtuuskunta_0.jpg","width":1632,"height":1224},{"@type":"BreadcrumbList","@id":"https:\/\/pellervo.fi\/jarjesto\/2020\/03\/02\/886218\/#breadcrumb","itemListElement":[{"@type":"ListItem","position":1,"name":"Koti","item":"https:\/\/pellervo.fi\/en\/"},{"@type":"ListItem","position":2,"name":"Pellervon valtuuskunnassa kuultiin uudesta eduskunnan osuustoimintaryhm\u00e4st\u00e4"}]},{"@type":"WebSite","@id":"https:\/\/pellervo.fi\/#website","url":"https:\/\/pellervo.fi\/","name":"Pellervo","description":"Osuuskuntien keskusj\u00e4rjest\u00f6","publisher":{"@id":"https:\/\/pellervo.fi\/#organization"},"potentialAction":[{"@type":"SearchAction","target":{"@type":"EntryPoint","urlTemplate":"https:\/\/pellervo.fi\/?s={search_term_string}"},"query-input":{"@type":"PropertyValueSpecification","valueRequired":true,"valueName":"search_term_string"}}],"inLanguage":"en-US"},{"@type":"Organization","@id":"https:\/\/pellervo.fi\/#organization","name":"Osuustoimintakeskus Pellervo ry","url":"https:\/\/pellervo.fi\/","logo":{"@type":"ImageObject","inLanguage":"en-US","@id":"https:\/\/pellervo.fi\/#\/schema\/logo\/image\/","url":"https:\/\/pellervo.fi\/wp-content\/uploads\/2020\/05\/Pellervo_logo.png","contentUrl":"https:\/\/pellervo.fi\/wp-content\/uploads\/2020\/05\/Pellervo_logo.png","width":1335,"height":376,"caption":"Osuustoimintakeskus Pellervo ry"},"image":{"@id":"https:\/\/pellervo.fi\/#\/schema\/logo\/image\/"},"sameAs":["https:\/\/x.com\/PellervoFi"]},{"@type":"Person","@id":"https:\/\/pellervo.fi\/#\/schema\/person\/f001b7c670bab10e5236b09672d9e6a3","name":"Hanna Muukka","image":{"@type":"ImageObject","inLanguage":"en-US","@id":"https:\/\/pellervo.fi\/wp-content\/uploads\/2014\/02\/Hanna-Muukka_avatar_1393417732-96x96.jpg","url":"https:\/\/pellervo.fi\/wp-content\/uploads\/2014\/02\/Hanna-Muukka_avatar_1393417732-96x96.jpg","contentUrl":"https:\/\/pellervo.fi\/wp-content\/uploads\/2014\/02\/Hanna-Muukka_avatar_1393417732-96x96.jpg","caption":"Hanna Muukka"},"description":"Kirjoittaja ty\u00f6skentelee Osuustoimintakeskus Pellervossa vastuullisuusasiantuntijana.","url":"https:\/\/pellervo.fi\/en\/author\/hannamuu\/"}]}},"_links":{"self":[{"href":"https:\/\/pellervo.fi\/en\/wp-json\/wp\/v2\/posts\/886218","targetHints":{"allow":["GET"]}}],"collection":[{"href":"https:\/\/pellervo.fi\/en\/wp-json\/wp\/v2\/posts"}],"about":[{"href":"https:\/\/pellervo.fi\/en\/wp-json\/wp\/v2\/types\/post"}],"author":[{"embeddable":true,"href":"https:\/\/pellervo.fi\/en\/wp-json\/wp\/v2\/users\/6"}],"replies":[{"embeddable":true,"href":"https:\/\/pellervo.fi\/en\/wp-json\/wp\/v2\/comments?post=886218"}],"version-history":[{"count":6,"href":"https:\/\/pellervo.fi\/en\/wp-json\/wp\/v2\/posts\/886218\/revisions"}],"predecessor-version":[{"id":886225,"href":"https:\/\/pellervo.fi\/en\/wp-json\/wp\/v2\/posts\/886218\/revisions\/886225"}],"wp:featuredmedia":[{"embeddable":true,"href":"https:\/\/pellervo.fi\/en\/wp-json\/wp\/v2\/media\/886220"}],"wp:attachment":[{"href":"https:\/\/pellervo.fi\/en\/wp-json\/wp\/v2\/media?parent=886218"}],"wp:term":[{"taxonomy":"category","embeddable":true,"href":"https:\/\/pellervo.fi\/en\/wp-json\/wp\/v2\/categories?post=886218"},{"taxonomy":"post_tag","embeddable":true,"href":"https:\/\/pellervo.fi\/en\/wp-json\/wp\/v2\/tags?post=886218"}],"curies":[{"name":"wp","href":"https:\/\/api.w.org\/{rel}","templated":true}]}}