{"id":886582,"date":"2020-05-04T11:39:56","date_gmt":"2020-05-04T08:39:56","guid":{"rendered":"https:\/\/pellervo.fi\/?p=886582"},"modified":"2020-09-03T13:07:37","modified_gmt":"2020-09-03T10:07:37","slug":"cooperatives-europe-kriisin-jalleenrakennus-tarvitsee-osuuskuntia","status":"publish","type":"post","link":"https:\/\/pellervo.fi\/en\/uutiset\/2020\/05\/04\/cooperatives-europe-kriisin-jalleenrakennus-tarvitsee-osuuskuntia\/","title":{"rendered":"Cooperatives Europe: kriisin j\u00e4lleenrakennus tarvitsee osuuskuntia"},"content":{"rendered":"\n<p>COVID-19: n puhkeaminen on aiheuttanut ennenn\u00e4kem\u00e4tt\u00f6m\u00e4n kriisin kansalaisille, yrityksille ja yhteiskunnalle Euroopassa ja muualla maailmassa. Vaikka positiivisia signaaleja on jo n\u00e4k\u00f6piiriss\u00e4 yhteisten ponnistelujen ansiosta, suurin osa Euroopan maista on edelleen poikkeustilassa ilman selke\u00e4\u00e4 n\u00e4kemyst\u00e4 siit\u00e4, milloin paluu normaaliin el\u00e4m\u00e4\u00e4n on mahdollista.<\/p>\n<p>Nykyinen tilanne on huolestuttava. Mutta se on paljastanut my\u00f6s ennenn\u00e4kem\u00e4t\u00f6nt\u00e4 solidaarisuutta, miss\u00e4 erityisesti osuuskunnat ovat n\u00e4ytt\u00e4neet <a href=\"https:\/\/coopseurope.coop\/resources\/news\/covid-19-coop-response%20\">aktiivisuutensa<\/a>.<\/p>\n<p><strong>Parempaa maailmaa rakentamassa &#8211; edelleen<\/strong><\/p>\n<p>\u201dYK julisti vuoden 2012 kansainv\u00e4liseksi osuustoimintavuodeksi iskulauseella<em>: Osuuskunnat rakentavat parempaa maailmaa<\/em>. T\u00e4m\u00e4 viesti on edelleen ajankohtainen\u201d, muistuttaa Cooperatives Europen puheenjohtaja <strong>Jean-Louis Bancel<\/strong>.<\/p>\n<p>Nyt on h\u00e4nen mukaansa erityisen t\u00e4rke\u00e4\u00e4 pit\u00e4\u00e4 mieless\u00e4 osuustoiminnan arvot eli omatoimisuus, omavastuisuus, demokratia, tasa-arvo sek\u00e4 oikeudenmukaisuus ja solidaarisuus. Puhumattakaan eettisyyden arvoista: rehellisyys, avoimuus, yhteiskunnallinen vastuu ja muista ihmisist\u00e4 v\u00e4litt\u00e4minen.<\/p>\n<p>\u201dOsuuskuntien demokraattinen ulottuvuus ja j\u00e4senten sitouttaminen ovat voimavara, jotka auttavat kriisiss\u00e4 eteenp\u00e4in. Osuuskuntien johto voi siirty\u00e4 muodollisen demokratian seuraavalle tasolle ja antaa uuden ulottuvuuden j\u00e4sensuhteeseen et\u00e4yhteyksi\u00e4 hy\u00f6dynt\u00e4m\u00e4ll\u00e4,\u201d Bancel visioi.<\/p>\n<p>\u201cOsuustoimintajohtajien vastuulla on nyt my\u00f6s v\u00e4ltt\u00e4\u00e4 sis\u00e4\u00e4np\u00e4in k\u00e4\u00e4ntymist\u00e4 tai pahimmassa tapauksessa itsekkyytt\u00e4,\u201d Bancel huomauttaa. \u201dInstituutiot kuten Kansainv\u00e4linen osuustoimintaliitto ICA ja Cooperatives Europe ovat arvokkaita yll\u00e4pit\u00e4ess\u00e4\u00e4n keskin\u00e4ist\u00e4 yhteydenpitoamme. Niiden kautta autamme toisiamme ja rakennamme yhdess\u00e4 uusia vaihtoehtoja.\u201d<\/p>\n<p>Euroopan osuustoimintaj\u00e4rjest\u00f6 on julkaissut kannanoton koronatilanteesta. Sen mukaan nyt on toimittava sek\u00e4 pandemian kest\u00e4miseksi ett\u00e4 valmistauduttava elvytystoimiin, joilla varmistetaan kest\u00e4v\u00e4 taloudellinen ja sosiaalinen tulevaisuus Euroopalle. Lue koko kannanotto alapuolelta.<\/p>\n<p>&#8212;&#8212;&#8212;&#8212;&#8212;&#8212;&#8212;&#8212;&#8212;&#8212;&#8212;&#8212;&#8212;&#8212;&#8212;&#8212;&#8212;&#8212;&#8212;&#8212;&#8212;&#8212;&#8212;&#8212;&#8212;&#8212;&#8212;&#8212;&#8212;&#8212;&#8212;&#8212;&#8212;&#8212;&#8211;<\/p>\n<p><strong>Kannanotto<\/strong><\/p>\n<p><em>Cooperatives Europen kanta COVID-19 kriisin hallintaan ja tulevaisuudenn\u00e4kymiin<\/em><\/p>\n<p><strong>Kriisin levi\u00e4minen ja yhteisvastuun kasvu<\/strong><\/p>\n<p>COVID-19: n puhkeaminen on aiheuttanut ennenn\u00e4kem\u00e4tt\u00f6m\u00e4n kriisin kansalaisille, yrityksille ja yhteiskunnalle Euroopassa ja muualla maailmassa. Vaikka positiivisia signaaleja on jo n\u00e4k\u00f6piiriss\u00e4 yhteisten ponnistelujen ansiosta, suurin osa Euroopan maista on edelleen poikkeustilassa ilman selke\u00e4\u00e4 n\u00e4kemyst\u00e4 siit\u00e4, milloin paluu normaaliin el\u00e4m\u00e4\u00e4n on mahdollista.<\/p>\n<p>Nykyinen tilanne on huolestuttava. Mutta se on paljastanut my\u00f6s ennenn\u00e4kem\u00e4t\u00f6nt\u00e4 solidaarisuutta, miss\u00e4 erityisesti osuuskunnat ovat n\u00e4ytt\u00e4neet aktiivisuutensa. Ne ovat toimineet sek\u00e4 paikallisella ett\u00e4 laajemmalla tasolla ja jopa aloilla, jotka ovat eritt\u00e4in haasteellisia.<\/p>\n<p>Cooperatives Europe on ker\u00e4nnyt esimerkkej\u00e4 osuuskuntien toimista ymp\u00e4ri Euroopan. Solidaarisuustoimia ovat olleet esimerkiksi tuotteiden hintojennousun j\u00e4\u00e4dytt\u00e4minen kuluttajaosuuskunnissa, terveydenhuoltoj\u00e4rjestelm\u00e4n parissa ty\u00f6skentelevien vanhempien tukeminen kustantamalla lasten p\u00e4iv\u00e4hoito sek\u00e4 uusien joukkovelkakirjojen luominen kansanterveystoimien rahoittamiseksi.<\/p>\n<p><strong>Vaikutus osuuskuntiin<\/strong><\/p>\n<p>Vaikka on selv\u00e4\u00e4, ett\u00e4 COVID-19 koskettaa osuuskuntia, on liian aikaista esitt\u00e4\u00e4 lukuja ja arvioita sosiaalisista ja taloudellisista vaikutuksista osuustoimintaliikkeeseen. Mutta merkitt\u00e4v\u00e4 m\u00e4\u00e4r\u00e4 osuuskuntia, l\u00e4hinn\u00e4 pk-yrityksi\u00e4 ja mikroyrityksi\u00e4, taistelee nyt toimintansa jatkumisen puolesta. On muistettava, ett\u00e4 osuuskunnilla on monessa maassa t\u00e4rke\u00e4 rooli sosiaalisen yhteenkuuluvuuden tukemisessa.<\/p>\n<p>Osuuskunnat ovat taloudellisia v\u00e4lineit\u00e4, joilla vastataan niit\u00e4 omistavien eurooppalaisten kansalaisten tarpeisiin. Niill\u00e4 on nyt kassavirtaongelmia, liiketoiminnan merkitt\u00e4v\u00e4\u00e4 v\u00e4hentymist\u00e4 k\u00e4ytt\u00f6\u00f6n otettujen liikkumista koskevien rajoitusten takia, tulojen menetyksi\u00e4 n\u00e4iden rajoitusten mukaisesti, etenkin sellaisilla aloilla kuin matkailu, liikenne ja kulttuuri. Jopa silloin, kun tulot ovat v\u00e4h\u00e4isi\u00e4 tai niit\u00e4 ei ole lainkaan, tietyt kulut, kuten verot ja vakuutukset, on silti maksettava.<\/p>\n<p>On my\u00f6s henkil\u00f6st\u00f6resursseihin ja riskialttiisiin t\u00f6ihin liittyvi\u00e4 haasteita etenkin hoitopalveluita tarjoavissa yrityksiss\u00e4. My\u00f6s kuluttaja- ja maatalousosuuskunnissa ty\u00f6skentelee ihmisi\u00e4, jotka tekev\u00e4t t\u00e4rke\u00e4\u00e4 ty\u00f6t\u00e4 takaamalla keskeytym\u00e4tt\u00f6m\u00e4n tavaravirran j\u00e4senilleen ja kansalaisille. Puhumattakaan lomautuksista ja ep\u00e4varmuudesta ty\u00f6suhteiden tulevaisuuden suhteen.<\/p>\n<p>Suurin osa n\u00e4ist\u00e4 vaikeuksista ei kosketa vain osuuskuntia, mutta joillakin osuuskunnilla, jotka tarjoavat palveluita heikossa asemassa oleville ryhmille tai syrj\u00e4isille seuduille, ei ole organisatorista ja taloudellista voimaa, jotta ne pystyisiv\u00e4t kest\u00e4m\u00e4\u00e4n poikkeusoloja pitk\u00e4\u00e4n. T\u00e4m\u00e4 vaikuttaa suoraan n\u00e4iden osuuskuntien j\u00e4seniin ja kansalaisiin, jotka hy\u00f6tyv\u00e4t niiden palveluista.<\/p>\n<p><strong>Eurooppalainen vastaus: v\u00e4ltt\u00e4m\u00e4tt\u00f6myys<\/strong><\/p>\n<p>Cooperatives Europe suhtautuu my\u00f6nteisesti Euroopan komission toteuttamiin koordinoiviin toimenpiteisiin. T\u00e4n\u00e4 aikana komission teht\u00e4v\u00e4n\u00e4 on p\u00e4\u00e4asiassa tukea j\u00e4senvaltioita kriisin ratkaisemisessa tarjoamalla suosituksia yhteisist\u00e4 toimintatavoista.<\/p>\n<p>T\u00e4lt\u00e4 osin komissio on antanut v\u00e4lineit\u00e4 kriisin hallintaan soveltamalla EU: n rahoituss\u00e4\u00e4nt\u00f6jen joustavuutta, tarkistanut valtiontukis\u00e4\u00e4nt\u00f6j\u00e4\u00e4n ja perustanut 37 miljardin euron suuruisen Coronavirus Response -investointihankkeen parantaakseen pienten yritysten &#8211; kuten osuuskuntien &#8211; sek\u00e4 terveydenhuoltoalan maksuvalmiutta.<\/p>\n<p>Cooperatives Europe on lis\u00e4ksi tyytyv\u00e4inen Euroryhm\u00e4n p\u00e4\u00e4t\u00f6kseen taata 500 miljardin euron tuki, mukaan lukien 200 miljardin euron takuurahasto, joka on tarkoitettu erityisesti pienien ja keskisuurten yritysten rahoitukseen. Tuki on my\u00f6s vastaus joihinkin Euroopan solidaarisuutta koskeviin kysymyksiin.<\/p>\n<p><strong>Toimimme yhdess\u00e4<\/strong><\/p>\n<p>Nyt on teht\u00e4v\u00e4 kahdenlaisia toimenpiteit\u00e4: toimia pandemian kest\u00e4miseksi sek\u00e4 valmistautumista elvytystoimiin, joilla varmistetaan kest\u00e4v\u00e4 taloudellinen ja sosiaalinen tulevaisuus Euroopan kansalaisille.<\/p>\n<p><strong>Cooperatives Europe haluaa jakaa joitain yleisi\u00e4 huomioita:<\/strong><\/p>\n<ul>\n<li>Ensimm\u00e4inen tavoite on rajoittaa viruksen levi\u00e4mist\u00e4 ja varmistaa kest\u00e4v\u00e4 terveydenhuoltoj\u00e4rjestelm\u00e4 kuitenkin pit\u00e4m\u00e4ll\u00e4 samalla taloudellista toimintaa mahdollisimman aktiivisena, jotta kansalaisille voidaan tarjota edelleen perustarpeet. J\u00e4sentens\u00e4 omistamat osuuskunnat ovat luonnollisia v\u00e4lineit\u00e4 t\u00e4h\u00e4n, koska ne yhdist\u00e4v\u00e4t ihmisten sosiaaliset tarpeet aktiiviseen taloudelliseen toimintaan.<\/li>\n<li>EU: n j\u00e4senvaltioiden v\u00e4linen koordinointi on eritt\u00e4in t\u00e4rke\u00e4\u00e4. Tarvitaan EU-tason johtajuutta komissiolta, parlamentin hyv\u00e4ksym\u00e4n\u00e4, ja joka perustuu kaikkien j\u00e4senvaltioiden yhteisty\u00f6h\u00f6n ja osallistumiseen.<\/li>\n<li>Institutionaalinen taso ei ole ainoa t\u00e4rke\u00e4 toimija, kaikki kumppanit kansalaisyhteiskunnasta ty\u00f6markkinaosapuoliin olisi my\u00f6s tuotava yhteen. Ihmisl\u00e4ht\u00f6isen yritystoiminnan edustajana my\u00f6s Cooperatives Europen on oltava mukana, ja eri komission yksik\u00f6t ovatkin pyyt\u00e4neet silt\u00e4 tietoja COVID-19: n vaikutuksista.<\/li>\n<li>V\u00e4litt\u00f6mien toimien ja elpymiskauden toimien tulee koskea kaikenlaisia yrityksi\u00e4 innovatiivisista perinteisiin aloihin, perheyrityksist\u00e4 mikroyrityksiin ja osuuskunnista yhteiskunnallisiin yrityksiin ja yhteis\u00f6talouteen. Cooperatives Europe oli tyytyv\u00e4inen n\u00e4hdess\u00e4\u00e4n erilaisissa verkkoseminaareissa, ett\u00e4 komission korkean tason puhujat esittiv\u00e4t, ett\u00e4 kaikki liiketoimintamallit ovat edunsaajia.<\/li>\n<\/ul>\n<p><strong>Lyhyell\u00e4 aikav\u00e4lill\u00e4 Cooperatives Europe edellytt\u00e4\u00e4:<\/strong><\/p>\n<ul>\n<li>Kriisin torjumiseksi hyv\u00e4ksyttyjen toimenpiteiden nopeaa toteutusta, erityisesti saatava taloudelliset v\u00e4lineet ja sosiaalinen tuki heikoimmassa asemassa olevien auttamiseksi.<\/li>\n<li>Helppo ja koordinoitu p\u00e4\u00e4sy n\u00e4ihin toimenpiteisiin liittyv\u00e4\u00e4n tietoon.<\/li>\n<li>T\u00e4yt\u00e4nt\u00f6\u00f6npanossa tule taata, ett\u00e4 hallinnollinen taakka ei viivyt\u00e4 sit\u00e4 j\u00e4senvaltioiden tasolla. T\u00e4ss\u00e4 suhteessa osuuskuntien erityisrakenne ei saa olla esteen\u00e4 erilaisten keinojen k\u00e4ytt\u00e4misess\u00e4.<\/li>\n<li>Tulee varmistaa, ett\u00e4 tukitoimenpiteet ovat my\u00f6s pk-osuuskuntien ja muun tyyppisten pk-yritysten ja mikroyritysten saavutettavissa.<\/li>\n<\/ul>\n<p><strong>Tukitoimenpiteiden tulisi erityisesti: <\/strong><\/p>\n<ul>\n<li>Taata kaikentyyppisille yrityksille paremman maksukyvyn (mukaan lukien osuuskunnat).<\/li>\n<li>Varmistaa rahoitusj\u00e4rjestelm\u00e4n riitt\u00e4v\u00e4 maksuvalmius ja erityisesti varmistaa, ett\u00e4 yrityksille annetaan riitt\u00e4v\u00e4sti luottoa.<\/li>\n<li>Suojella ty\u00f6ntekij\u00f6it\u00e4 laajentamalla sosiaaliturvaverkosto kaikentyyppisiin ja -kokoisiin ja eri aloilla toimiviin yrityksiin.<\/li>\n<li>Joustavan ja tukevan finanssipolitiikan helpottaminen: J\u00e4senvaltioiden on sallittava v\u00e4liaikaisesti k\u00e4ytt\u00e4\u00e4 vakaus- ja kasvusopimukseen sis\u00e4llytetty\u00e4 maksimaalista joustavuutta muun muassa harkitsemalla sen mahdollista v\u00e4liaikaista keskeytt\u00e4mist\u00e4 yleisen irtautumislausekkeen avulla.<\/li>\n<li>EU-rahoituksen on johdettava todelliseen lis\u00e4tukeen, joka tavoittaa suoraan EU: n yritykset ja ty\u00f6ntekij\u00e4t, ei vain j\u00e4senvaltioiden kautta.<\/li>\n<li>V\u00e4hennett\u00e4v\u00e4 COVID-19: n vaikutusta nuoriin yritt\u00e4jiin, paitsi yksil\u00f6tasolla, my\u00f6s yhteis\u00f6iden tukemiseen rakennettuja yhteishankkeita tukemalla.<\/li>\n<li>Kehityspolitiikan osalta Agenda 2030: n mukaisesti Cooperatives Europe suosittelee keskittym\u00e4\u00e4n EU: n tuella kansalaisyhteiskunnan toimijoihin, paikalliseen yksityiseen sektoriin ja osallistaviin liiketoimintamalleihin, mukaan lukien osuuskuntiin, jotka todistetusti edist\u00e4v\u00e4t kest\u00e4v\u00e4n kehityst\u00e4.<\/li>\n<\/ul>\n<p><strong>Katse tulevaisuuteen<\/strong><\/p>\n<ul>\n<li>EIP-ryhm\u00e4n ja osuuskuntien sek\u00e4 yhteis\u00f6talouden rahoituslaitosten v\u00e4list\u00e4 yhteisty\u00f6t\u00e4 olisi edistett\u00e4v\u00e4 edelleen.<\/li>\n<li>Cooperatives Europe vaatii eurooppalaista elvytyssuunnitelmaa, jota tukee sopimus uudesta monivuotisesta rahoituskehyksest\u00e4 (MFF). MFF antaa EU:lle mahdollisuuden investoida strategisiin tavoitteisiin kest\u00e4v\u00e4n kehityksen digitaalista ja vihre\u00e4\u00e4 siirtymist\u00e4 koskevien tavoitteiden mukaisesti, ja n\u00e4in luoda talous, joka toimii ihmisi\u00e4 varten.<\/li>\n<li>Tulevaa eurooppalaista yhteis\u00f6talouden toimintasuunnitelmaa sosiaalisen innovoinnin edist\u00e4miseksi vuodeksi 2021 on tarkoitus k\u00e4ytt\u00e4\u00e4 v\u00e4lineen\u00e4, jonka avulla yhteis\u00f6talouden toimijat voivat kehitt\u00e4\u00e4 mahdollisuuksiaan vastata edess\u00e4mme oleviin haasteisiin.<\/li>\n<\/ul>\n<p>Lue alkuper\u00e4inen <a href=\"https:\/\/coopseurope.coop\/sites\/default\/files\/20-04%20Coops%20Europe%20Position%20Covid-19.pdf\">kannanotto<\/a> (englanniksi).<\/p>\n","protected":false},"excerpt":{"rendered":"<p>Euroopan osuustoimintaj\u00e4rjest\u00f6 on julkaissut kannanoton koronatilanteesta. Sen mukaan nyt on toimittava sek\u00e4 pandemian kest\u00e4miseksi ett\u00e4 valmistauduttava elvytystoimiin, joilla varmistetaan kest\u00e4v\u00e4 taloudellinen ja sosiaalinen tulevaisuus Euroopalle.<\/p>\n","protected":false},"author":6,"featured_media":886583,"comment_status":"open","ping_status":"open","sticky":false,"template":"","format":"standard","meta":{"inline_featured_image":false,"_monsterinsights_skip_tracking":false,"_monsterinsights_sitenote_active":false,"_monsterinsights_sitenote_note":"","_monsterinsights_sitenote_category":0,"site-sidebar-layout":"default","site-content-layout":"","ast-site-content-layout":"default","site-content-style":"default","site-sidebar-style":"default","ast-global-header-display":"","ast-banner-title-visibility":"","ast-main-header-display":"","ast-hfb-above-header-display":"","ast-hfb-below-header-display":"","ast-hfb-mobile-header-display":"","site-post-title":"","ast-breadcrumbs-content":"","ast-featured-img":"","footer-sml-layout":"","ast-disable-related-posts":"","theme-transparent-header-meta":"","adv-header-id-meta":"","stick-header-meta":"","header-above-stick-meta":"","header-main-stick-meta":"","header-below-stick-meta":"","astra-migrate-meta-layouts":"default","ast-page-background-enabled":"default","ast-page-background-meta":{"desktop":{"background-color":"","background-image":"","background-repeat":"repeat","background-position":"center center","background-size":"auto","background-attachment":"scroll","background-type":"","background-media":"","overlay-type":"","overlay-color":"","overlay-opacity":"","overlay-gradient":""},"tablet":{"background-color":"","background-image":"","background-repeat":"repeat","background-position":"center center","background-size":"auto","background-attachment":"scroll","background-type":"","background-media":"","overlay-type":"","overlay-color":"","overlay-opacity":"","overlay-gradient":""},"mobile":{"background-color":"","background-image":"","background-repeat":"repeat","background-position":"center center","background-size":"auto","background-attachment":"scroll","background-type":"","background-media":"","overlay-type":"","overlay-color":"","overlay-opacity":"","overlay-gradient":""}},"ast-content-background-meta":{"desktop":{"background-color":"var(--ast-global-color-5)","background-image":"","background-repeat":"repeat","background-position":"center center","background-size":"auto","background-attachment":"scroll","background-type":"","background-media":"","overlay-type":"","overlay-color":"","overlay-opacity":"","overlay-gradient":""},"tablet":{"background-color":"var(--ast-global-color-5)","background-image":"","background-repeat":"repeat","background-position":"center center","background-size":"auto","background-attachment":"scroll","background-type":"","background-media":"","overlay-type":"","overlay-color":"","overlay-opacity":"","overlay-gradient":""},"mobile":{"background-color":"var(--ast-global-color-5)","background-image":"","background-repeat":"repeat","background-position":"center center","background-size":"auto","background-attachment":"scroll","background-type":"","background-media":"","overlay-type":"","overlay-color":"","overlay-opacity":"","overlay-gradient":""}},"_FSMCFIC_featured_image_caption":"","_FSMCFIC_featured_image_nocaption":"","_FSMCFIC_featured_image_hide":"","footnotes":""},"categories":[22],"tags":[],"class_list":["post-886582","post","type-post","status-publish","format-standard","has-post-thumbnail","hentry","category-uutiset"],"yoast_head":"<!-- This site is optimized with the Yoast SEO plugin v27.5 - https:\/\/yoast.com\/product\/yoast-seo-wordpress\/ -->\n<title>Cooperatives Europe: kriisin j\u00e4lleenrakennus tarvitsee osuuskuntia - Pellervo<\/title>\n<meta name=\"robots\" content=\"index, follow, max-snippet:-1, max-image-preview:large, max-video-preview:-1\" \/>\n<link rel=\"canonical\" href=\"https:\/\/pellervo.fi\/sv\/uutiset\/2020\/05\/04\/cooperatives-europe-kriisin-jalleenrakennus-tarvitsee-osuuskuntia\/\" \/>\n<meta property=\"og:locale\" content=\"en_US\" \/>\n<meta property=\"og:type\" content=\"article\" \/>\n<meta property=\"og:title\" content=\"Cooperatives Europe: kriisin j\u00e4lleenrakennus tarvitsee osuuskuntia - Pellervo\" \/>\n<meta property=\"og:description\" content=\"Euroopan osuustoimintaj\u00e4rjest\u00f6 on julkaissut kannanoton koronatilanteesta. Sen mukaan nyt on toimittava sek\u00e4 pandemian kest\u00e4miseksi ett\u00e4 valmistauduttava elvytystoimiin, joilla varmistetaan kest\u00e4v\u00e4 taloudellinen ja sosiaalinen tulevaisuus Euroopalle.\" \/>\n<meta property=\"og:url\" content=\"https:\/\/pellervo.fi\/sv\/uutiset\/2020\/05\/04\/cooperatives-europe-kriisin-jalleenrakennus-tarvitsee-osuuskuntia\/\" \/>\n<meta property=\"og:site_name\" content=\"Pellervo\" \/>\n<meta property=\"article:published_time\" content=\"2020-05-04T08:39:56+00:00\" \/>\n<meta property=\"article:modified_time\" content=\"2020-09-03T10:07:37+00:00\" \/>\n<meta property=\"og:image\" content=\"https:\/\/pellervo.fi\/wp-content\/uploads\/2020\/05\/covid19.png\" \/>\n\t<meta property=\"og:image:width\" content=\"1267\" \/>\n\t<meta property=\"og:image:height\" content=\"689\" \/>\n\t<meta property=\"og:image:type\" content=\"image\/png\" \/>\n<meta name=\"author\" content=\"Hanna Muukka\" \/>\n<meta name=\"twitter:card\" content=\"summary_large_image\" \/>\n<meta name=\"twitter:creator\" content=\"@PellervoFi\" \/>\n<meta name=\"twitter:site\" content=\"@PellervoFi\" \/>\n<meta name=\"twitter:label1\" content=\"Written by\" \/>\n\t<meta name=\"twitter:data1\" content=\"Hanna Muukka\" \/>\n\t<meta name=\"twitter:label2\" content=\"Est. reading time\" \/>\n\t<meta name=\"twitter:data2\" content=\"6 minutes\" \/>\n<script type=\"application\/ld+json\" class=\"yoast-schema-graph\">{\"@context\":\"https:\\\/\\\/schema.org\",\"@graph\":[{\"@type\":\"Article\",\"@id\":\"https:\\\/\\\/pellervo.fi\\\/sv\\\/uutiset\\\/2020\\\/05\\\/04\\\/cooperatives-europe-kriisin-jalleenrakennus-tarvitsee-osuuskuntia\\\/#article\",\"isPartOf\":{\"@id\":\"https:\\\/\\\/pellervo.fi\\\/sv\\\/uutiset\\\/2020\\\/05\\\/04\\\/cooperatives-europe-kriisin-jalleenrakennus-tarvitsee-osuuskuntia\\\/\"},\"author\":{\"name\":\"Hanna Muukka\",\"@id\":\"https:\\\/\\\/pellervo.fi\\\/#\\\/schema\\\/person\\\/f001b7c670bab10e5236b09672d9e6a3\"},\"headline\":\"Cooperatives Europe: kriisin j\u00e4lleenrakennus tarvitsee osuuskuntia\",\"datePublished\":\"2020-05-04T08:39:56+00:00\",\"dateModified\":\"2020-09-03T10:07:37+00:00\",\"mainEntityOfPage\":{\"@id\":\"https:\\\/\\\/pellervo.fi\\\/sv\\\/uutiset\\\/2020\\\/05\\\/04\\\/cooperatives-europe-kriisin-jalleenrakennus-tarvitsee-osuuskuntia\\\/\"},\"wordCount\":1261,\"commentCount\":0,\"publisher\":{\"@id\":\"https:\\\/\\\/pellervo.fi\\\/#organization\"},\"image\":{\"@id\":\"https:\\\/\\\/pellervo.fi\\\/sv\\\/uutiset\\\/2020\\\/05\\\/04\\\/cooperatives-europe-kriisin-jalleenrakennus-tarvitsee-osuuskuntia\\\/#primaryimage\"},\"thumbnailUrl\":\"https:\\\/\\\/pellervo.fi\\\/wp-content\\\/uploads\\\/2020\\\/05\\\/covid19.png\",\"articleSection\":[\"Uutiset\"],\"inLanguage\":\"en-US\",\"potentialAction\":[{\"@type\":\"CommentAction\",\"name\":\"Comment\",\"target\":[\"https:\\\/\\\/pellervo.fi\\\/sv\\\/uutiset\\\/2020\\\/05\\\/04\\\/cooperatives-europe-kriisin-jalleenrakennus-tarvitsee-osuuskuntia\\\/#respond\"]}]},{\"@type\":\"WebPage\",\"@id\":\"https:\\\/\\\/pellervo.fi\\\/sv\\\/uutiset\\\/2020\\\/05\\\/04\\\/cooperatives-europe-kriisin-jalleenrakennus-tarvitsee-osuuskuntia\\\/\",\"url\":\"https:\\\/\\\/pellervo.fi\\\/sv\\\/uutiset\\\/2020\\\/05\\\/04\\\/cooperatives-europe-kriisin-jalleenrakennus-tarvitsee-osuuskuntia\\\/\",\"name\":\"Cooperatives Europe: kriisin j\u00e4lleenrakennus tarvitsee osuuskuntia - Pellervo\",\"isPartOf\":{\"@id\":\"https:\\\/\\\/pellervo.fi\\\/#website\"},\"primaryImageOfPage\":{\"@id\":\"https:\\\/\\\/pellervo.fi\\\/sv\\\/uutiset\\\/2020\\\/05\\\/04\\\/cooperatives-europe-kriisin-jalleenrakennus-tarvitsee-osuuskuntia\\\/#primaryimage\"},\"image\":{\"@id\":\"https:\\\/\\\/pellervo.fi\\\/sv\\\/uutiset\\\/2020\\\/05\\\/04\\\/cooperatives-europe-kriisin-jalleenrakennus-tarvitsee-osuuskuntia\\\/#primaryimage\"},\"thumbnailUrl\":\"https:\\\/\\\/pellervo.fi\\\/wp-content\\\/uploads\\\/2020\\\/05\\\/covid19.png\",\"datePublished\":\"2020-05-04T08:39:56+00:00\",\"dateModified\":\"2020-09-03T10:07:37+00:00\",\"breadcrumb\":{\"@id\":\"https:\\\/\\\/pellervo.fi\\\/sv\\\/uutiset\\\/2020\\\/05\\\/04\\\/cooperatives-europe-kriisin-jalleenrakennus-tarvitsee-osuuskuntia\\\/#breadcrumb\"},\"inLanguage\":\"en-US\",\"potentialAction\":[{\"@type\":\"ReadAction\",\"target\":[\"https:\\\/\\\/pellervo.fi\\\/sv\\\/uutiset\\\/2020\\\/05\\\/04\\\/cooperatives-europe-kriisin-jalleenrakennus-tarvitsee-osuuskuntia\\\/\"]}]},{\"@type\":\"ImageObject\",\"inLanguage\":\"en-US\",\"@id\":\"https:\\\/\\\/pellervo.fi\\\/sv\\\/uutiset\\\/2020\\\/05\\\/04\\\/cooperatives-europe-kriisin-jalleenrakennus-tarvitsee-osuuskuntia\\\/#primaryimage\",\"url\":\"https:\\\/\\\/pellervo.fi\\\/wp-content\\\/uploads\\\/2020\\\/05\\\/covid19.png\",\"contentUrl\":\"https:\\\/\\\/pellervo.fi\\\/wp-content\\\/uploads\\\/2020\\\/05\\\/covid19.png\",\"width\":1267,\"height\":689},{\"@type\":\"BreadcrumbList\",\"@id\":\"https:\\\/\\\/pellervo.fi\\\/sv\\\/uutiset\\\/2020\\\/05\\\/04\\\/cooperatives-europe-kriisin-jalleenrakennus-tarvitsee-osuuskuntia\\\/#breadcrumb\",\"itemListElement\":[{\"@type\":\"ListItem\",\"position\":1,\"name\":\"Koti\",\"item\":\"https:\\\/\\\/pellervo.fi\\\/en\\\/\"},{\"@type\":\"ListItem\",\"position\":2,\"name\":\"Cooperatives Europe: kriisin j\u00e4lleenrakennus tarvitsee osuuskuntia\"}]},{\"@type\":\"WebSite\",\"@id\":\"https:\\\/\\\/pellervo.fi\\\/#website\",\"url\":\"https:\\\/\\\/pellervo.fi\\\/\",\"name\":\"Pellervo\",\"description\":\"Osuuskuntien keskusj\u00e4rjest\u00f6\",\"publisher\":{\"@id\":\"https:\\\/\\\/pellervo.fi\\\/#organization\"},\"potentialAction\":[{\"@type\":\"SearchAction\",\"target\":{\"@type\":\"EntryPoint\",\"urlTemplate\":\"https:\\\/\\\/pellervo.fi\\\/?s={search_term_string}\"},\"query-input\":{\"@type\":\"PropertyValueSpecification\",\"valueRequired\":true,\"valueName\":\"search_term_string\"}}],\"inLanguage\":\"en-US\"},{\"@type\":\"Organization\",\"@id\":\"https:\\\/\\\/pellervo.fi\\\/#organization\",\"name\":\"Osuustoimintakeskus Pellervo ry\",\"url\":\"https:\\\/\\\/pellervo.fi\\\/\",\"logo\":{\"@type\":\"ImageObject\",\"inLanguage\":\"en-US\",\"@id\":\"https:\\\/\\\/pellervo.fi\\\/#\\\/schema\\\/logo\\\/image\\\/\",\"url\":\"https:\\\/\\\/pellervo.fi\\\/wp-content\\\/uploads\\\/2020\\\/05\\\/Pellervo_logo.png\",\"contentUrl\":\"https:\\\/\\\/pellervo.fi\\\/wp-content\\\/uploads\\\/2020\\\/05\\\/Pellervo_logo.png\",\"width\":1335,\"height\":376,\"caption\":\"Osuustoimintakeskus Pellervo ry\"},\"image\":{\"@id\":\"https:\\\/\\\/pellervo.fi\\\/#\\\/schema\\\/logo\\\/image\\\/\"},\"sameAs\":[\"https:\\\/\\\/x.com\\\/PellervoFi\"]},{\"@type\":\"Person\",\"@id\":\"https:\\\/\\\/pellervo.fi\\\/#\\\/schema\\\/person\\\/f001b7c670bab10e5236b09672d9e6a3\",\"name\":\"Hanna Muukka\",\"image\":{\"@type\":\"ImageObject\",\"inLanguage\":\"en-US\",\"@id\":\"https:\\\/\\\/pellervo.fi\\\/wp-content\\\/uploads\\\/2014\\\/02\\\/Hanna-Muukka_avatar_1393417732-96x96.jpg\",\"url\":\"https:\\\/\\\/pellervo.fi\\\/wp-content\\\/uploads\\\/2014\\\/02\\\/Hanna-Muukka_avatar_1393417732-96x96.jpg\",\"contentUrl\":\"https:\\\/\\\/pellervo.fi\\\/wp-content\\\/uploads\\\/2014\\\/02\\\/Hanna-Muukka_avatar_1393417732-96x96.jpg\",\"caption\":\"Hanna Muukka\"},\"description\":\"Kirjoittaja ty\u00f6skentelee Osuustoimintakeskus Pellervossa vastuullisuusasiantuntijana.\",\"url\":\"https:\\\/\\\/pellervo.fi\\\/en\\\/author\\\/hannamuu\\\/\"}]}<\/script>\n<!-- \/ Yoast SEO plugin. -->","yoast_head_json":{"title":"Cooperatives Europe: kriisin j\u00e4lleenrakennus tarvitsee osuuskuntia - Pellervo","robots":{"index":"index","follow":"follow","max-snippet":"max-snippet:-1","max-image-preview":"max-image-preview:large","max-video-preview":"max-video-preview:-1"},"canonical":"https:\/\/pellervo.fi\/sv\/uutiset\/2020\/05\/04\/cooperatives-europe-kriisin-jalleenrakennus-tarvitsee-osuuskuntia\/","og_locale":"en_US","og_type":"article","og_title":"Cooperatives Europe: kriisin j\u00e4lleenrakennus tarvitsee osuuskuntia - Pellervo","og_description":"Euroopan osuustoimintaj\u00e4rjest\u00f6 on julkaissut kannanoton koronatilanteesta. Sen mukaan nyt on toimittava sek\u00e4 pandemian kest\u00e4miseksi ett\u00e4 valmistauduttava elvytystoimiin, joilla varmistetaan kest\u00e4v\u00e4 taloudellinen ja sosiaalinen tulevaisuus Euroopalle.","og_url":"https:\/\/pellervo.fi\/sv\/uutiset\/2020\/05\/04\/cooperatives-europe-kriisin-jalleenrakennus-tarvitsee-osuuskuntia\/","og_site_name":"Pellervo","article_published_time":"2020-05-04T08:39:56+00:00","article_modified_time":"2020-09-03T10:07:37+00:00","og_image":[{"width":1267,"height":689,"url":"https:\/\/pellervo.fi\/wp-content\/uploads\/2020\/05\/covid19.png","type":"image\/png"}],"author":"Hanna Muukka","twitter_card":"summary_large_image","twitter_creator":"@PellervoFi","twitter_site":"@PellervoFi","twitter_misc":{"Written by":"Hanna Muukka","Est. reading time":"6 minutes"},"schema":{"@context":"https:\/\/schema.org","@graph":[{"@type":"Article","@id":"https:\/\/pellervo.fi\/sv\/uutiset\/2020\/05\/04\/cooperatives-europe-kriisin-jalleenrakennus-tarvitsee-osuuskuntia\/#article","isPartOf":{"@id":"https:\/\/pellervo.fi\/sv\/uutiset\/2020\/05\/04\/cooperatives-europe-kriisin-jalleenrakennus-tarvitsee-osuuskuntia\/"},"author":{"name":"Hanna Muukka","@id":"https:\/\/pellervo.fi\/#\/schema\/person\/f001b7c670bab10e5236b09672d9e6a3"},"headline":"Cooperatives Europe: kriisin j\u00e4lleenrakennus tarvitsee osuuskuntia","datePublished":"2020-05-04T08:39:56+00:00","dateModified":"2020-09-03T10:07:37+00:00","mainEntityOfPage":{"@id":"https:\/\/pellervo.fi\/sv\/uutiset\/2020\/05\/04\/cooperatives-europe-kriisin-jalleenrakennus-tarvitsee-osuuskuntia\/"},"wordCount":1261,"commentCount":0,"publisher":{"@id":"https:\/\/pellervo.fi\/#organization"},"image":{"@id":"https:\/\/pellervo.fi\/sv\/uutiset\/2020\/05\/04\/cooperatives-europe-kriisin-jalleenrakennus-tarvitsee-osuuskuntia\/#primaryimage"},"thumbnailUrl":"https:\/\/pellervo.fi\/wp-content\/uploads\/2020\/05\/covid19.png","articleSection":["Uutiset"],"inLanguage":"en-US","potentialAction":[{"@type":"CommentAction","name":"Comment","target":["https:\/\/pellervo.fi\/sv\/uutiset\/2020\/05\/04\/cooperatives-europe-kriisin-jalleenrakennus-tarvitsee-osuuskuntia\/#respond"]}]},{"@type":"WebPage","@id":"https:\/\/pellervo.fi\/sv\/uutiset\/2020\/05\/04\/cooperatives-europe-kriisin-jalleenrakennus-tarvitsee-osuuskuntia\/","url":"https:\/\/pellervo.fi\/sv\/uutiset\/2020\/05\/04\/cooperatives-europe-kriisin-jalleenrakennus-tarvitsee-osuuskuntia\/","name":"Cooperatives Europe: kriisin j\u00e4lleenrakennus tarvitsee osuuskuntia - Pellervo","isPartOf":{"@id":"https:\/\/pellervo.fi\/#website"},"primaryImageOfPage":{"@id":"https:\/\/pellervo.fi\/sv\/uutiset\/2020\/05\/04\/cooperatives-europe-kriisin-jalleenrakennus-tarvitsee-osuuskuntia\/#primaryimage"},"image":{"@id":"https:\/\/pellervo.fi\/sv\/uutiset\/2020\/05\/04\/cooperatives-europe-kriisin-jalleenrakennus-tarvitsee-osuuskuntia\/#primaryimage"},"thumbnailUrl":"https:\/\/pellervo.fi\/wp-content\/uploads\/2020\/05\/covid19.png","datePublished":"2020-05-04T08:39:56+00:00","dateModified":"2020-09-03T10:07:37+00:00","breadcrumb":{"@id":"https:\/\/pellervo.fi\/sv\/uutiset\/2020\/05\/04\/cooperatives-europe-kriisin-jalleenrakennus-tarvitsee-osuuskuntia\/#breadcrumb"},"inLanguage":"en-US","potentialAction":[{"@type":"ReadAction","target":["https:\/\/pellervo.fi\/sv\/uutiset\/2020\/05\/04\/cooperatives-europe-kriisin-jalleenrakennus-tarvitsee-osuuskuntia\/"]}]},{"@type":"ImageObject","inLanguage":"en-US","@id":"https:\/\/pellervo.fi\/sv\/uutiset\/2020\/05\/04\/cooperatives-europe-kriisin-jalleenrakennus-tarvitsee-osuuskuntia\/#primaryimage","url":"https:\/\/pellervo.fi\/wp-content\/uploads\/2020\/05\/covid19.png","contentUrl":"https:\/\/pellervo.fi\/wp-content\/uploads\/2020\/05\/covid19.png","width":1267,"height":689},{"@type":"BreadcrumbList","@id":"https:\/\/pellervo.fi\/sv\/uutiset\/2020\/05\/04\/cooperatives-europe-kriisin-jalleenrakennus-tarvitsee-osuuskuntia\/#breadcrumb","itemListElement":[{"@type":"ListItem","position":1,"name":"Koti","item":"https:\/\/pellervo.fi\/en\/"},{"@type":"ListItem","position":2,"name":"Cooperatives Europe: kriisin j\u00e4lleenrakennus tarvitsee osuuskuntia"}]},{"@type":"WebSite","@id":"https:\/\/pellervo.fi\/#website","url":"https:\/\/pellervo.fi\/","name":"Pellervo","description":"Osuuskuntien keskusj\u00e4rjest\u00f6","publisher":{"@id":"https:\/\/pellervo.fi\/#organization"},"potentialAction":[{"@type":"SearchAction","target":{"@type":"EntryPoint","urlTemplate":"https:\/\/pellervo.fi\/?s={search_term_string}"},"query-input":{"@type":"PropertyValueSpecification","valueRequired":true,"valueName":"search_term_string"}}],"inLanguage":"en-US"},{"@type":"Organization","@id":"https:\/\/pellervo.fi\/#organization","name":"Osuustoimintakeskus Pellervo ry","url":"https:\/\/pellervo.fi\/","logo":{"@type":"ImageObject","inLanguage":"en-US","@id":"https:\/\/pellervo.fi\/#\/schema\/logo\/image\/","url":"https:\/\/pellervo.fi\/wp-content\/uploads\/2020\/05\/Pellervo_logo.png","contentUrl":"https:\/\/pellervo.fi\/wp-content\/uploads\/2020\/05\/Pellervo_logo.png","width":1335,"height":376,"caption":"Osuustoimintakeskus Pellervo ry"},"image":{"@id":"https:\/\/pellervo.fi\/#\/schema\/logo\/image\/"},"sameAs":["https:\/\/x.com\/PellervoFi"]},{"@type":"Person","@id":"https:\/\/pellervo.fi\/#\/schema\/person\/f001b7c670bab10e5236b09672d9e6a3","name":"Hanna Muukka","image":{"@type":"ImageObject","inLanguage":"en-US","@id":"https:\/\/pellervo.fi\/wp-content\/uploads\/2014\/02\/Hanna-Muukka_avatar_1393417732-96x96.jpg","url":"https:\/\/pellervo.fi\/wp-content\/uploads\/2014\/02\/Hanna-Muukka_avatar_1393417732-96x96.jpg","contentUrl":"https:\/\/pellervo.fi\/wp-content\/uploads\/2014\/02\/Hanna-Muukka_avatar_1393417732-96x96.jpg","caption":"Hanna Muukka"},"description":"Kirjoittaja ty\u00f6skentelee Osuustoimintakeskus Pellervossa vastuullisuusasiantuntijana.","url":"https:\/\/pellervo.fi\/en\/author\/hannamuu\/"}]}},"_links":{"self":[{"href":"https:\/\/pellervo.fi\/en\/wp-json\/wp\/v2\/posts\/886582","targetHints":{"allow":["GET"]}}],"collection":[{"href":"https:\/\/pellervo.fi\/en\/wp-json\/wp\/v2\/posts"}],"about":[{"href":"https:\/\/pellervo.fi\/en\/wp-json\/wp\/v2\/types\/post"}],"author":[{"embeddable":true,"href":"https:\/\/pellervo.fi\/en\/wp-json\/wp\/v2\/users\/6"}],"replies":[{"embeddable":true,"href":"https:\/\/pellervo.fi\/en\/wp-json\/wp\/v2\/comments?post=886582"}],"version-history":[{"count":4,"href":"https:\/\/pellervo.fi\/en\/wp-json\/wp\/v2\/posts\/886582\/revisions"}],"predecessor-version":[{"id":886587,"href":"https:\/\/pellervo.fi\/en\/wp-json\/wp\/v2\/posts\/886582\/revisions\/886587"}],"wp:featuredmedia":[{"embeddable":true,"href":"https:\/\/pellervo.fi\/en\/wp-json\/wp\/v2\/media\/886583"}],"wp:attachment":[{"href":"https:\/\/pellervo.fi\/en\/wp-json\/wp\/v2\/media?parent=886582"}],"wp:term":[{"taxonomy":"category","embeddable":true,"href":"https:\/\/pellervo.fi\/en\/wp-json\/wp\/v2\/categories?post=886582"},{"taxonomy":"post_tag","embeddable":true,"href":"https:\/\/pellervo.fi\/en\/wp-json\/wp\/v2\/tags?post=886582"}],"curies":[{"name":"wp","href":"https:\/\/api.w.org\/{rel}","templated":true}]}}