{"id":888160,"date":"2020-05-25T13:58:22","date_gmt":"2020-05-25T10:58:22","guid":{"rendered":"https:\/\/pellervo.fi\/?p=886657"},"modified":"2020-09-03T12:58:40","modified_gmt":"2020-09-03T09:58:40","slug":"pttn-toimitusjohtaja-vaihtuu","status":"publish","type":"post","link":"https:\/\/pellervo.fi\/en\/uutiset\/2020\/05\/25\/pttn-toimitusjohtaja-vaihtuu\/","title":{"rendered":"PTT:n toimitusjohtaja vaihtuu"},"content":{"rendered":"\n<p><strong style=\"font-size: inherit;\">Pellervon taloustutkimus PTT tiedotti, ett\u00e4 sen toimitusjohtaja, professori Iiro Jussila j\u00e4tt\u00e4\u00e4 tutkimuslaitoksen, ja yhdistyksen hallitus k\u00e4ynnist\u00e4\u00e4 uuden toimitusjohtajan hakuprosessin. PTT:n toimitusjohtajana tammikuusta 2016 toiminut Jussila jatkaa teht\u00e4v\u00e4ss\u00e4\u00e4n kuluvan vuoden lopulle. Vastuiden siirtymisen aikataulu tarkentuu seuraajan l\u00f6ytymisen my\u00f6t\u00e4.<\/strong><\/p>\n<p>\u201dOlen nauttinut ajastani PTT:ss\u00e4, ja olemme saaneet paljon aikaan yhdess\u00e4 upean ty\u00f6yhteis\u00f6mme kanssa. Olisi ollut hienoa jatkaa t\u00e4m\u00e4n yhteis\u00f6n kanssa pidemp\u00e4\u00e4n, mutta mahdollisuudet omien liiketoimintojen parissa kutsuvat\u201d, kertoo Jussila. H\u00e4n on osakkaana ohjelmisto- ja matkailualan kasvuyrityksiss\u00e4 sek\u00e4 l\u00e4hiviikkoina perustettavassa liiketoiminnan kehitt\u00e4mis- ja kasvupalveluita tarjoavassa yrityksess\u00e4.<\/p>\n<p>Jussila uskoo, ett\u00e4 h\u00e4nen seuraajansa tulee nauttimaan teht\u00e4v\u00e4st\u00e4\u00e4n PTT:n toimitusjohtajana. Yli 40-vuotiaalla PTT:ll\u00e4 on vahva asema yhteiskunnallisen keskustelun edist\u00e4j\u00e4n\u00e4 ja p\u00e4\u00e4t\u00f6ksenteon tukijana. PTT tunnetaan talousennusteiden ja -tutkimusten laadukkaana tuottajana. PTT:n asiantuntijoiden vaikuttavuus on kasvanut merkitt\u00e4v\u00e4sti viime vuosina, ty\u00f6yhteis\u00f6n osaaminen on vahvistunut ja monipuolistunut, organisaation rakenteita ja toimintamalleja on kehitetty m\u00e4\u00e4r\u00e4tietoisesti, ja PTT on p\u00e4rj\u00e4nnyt erinomaisesti kilpailussa tutkimusrahoituksesta.<\/p>\n<p>\u201dPTT on muutamassa vuodessa kasvattanut kilpailtua tutkimusrahoitusta noin puolella sek\u00e4 kaksinkertaistanut tieteellisten julkaisujensa m\u00e4\u00e4r\u00e4n. Samalla toiminnan kehitt\u00e4miseen on investoitu merkitt\u00e4v\u00e4sti. Kapulanvaihto tehd\u00e4\u00e4n siis kaiken kaikkiaan hyviss\u00e4 tunnelmissa ja vahvasti tulevaisuuteen uskoen\u201d, PTT:n hallituksen puheenjohtaja Juha Marttila tiivist\u00e4\u00e4.<\/p>\n<p>Marttila kiitt\u00e4\u00e4 toimitusjohtaja Jussilaa m\u00e4\u00e4r\u00e4tietoisesta johtamisesta: \u201dRekrytoimme Iiron osuustoimintaprofessorina, jolla oli visio tutkimusorganisaation kehitt\u00e4misest\u00e4 ja palava halu kehitty\u00e4 johtajana. PTT tarjosi nousujohteiselle uralle sopivia haasteita, joista h\u00e4n on selvinnyt mallikkaasti. Tutkimusyhteis\u00f6 on erinomaisessa kunnossa. Siit\u00e4 suuri kiitos ja menestyst\u00e4 yritysmaailman haasteisiin.\u201d<\/p>\n","protected":false},"excerpt":{"rendered":"<p>Pellervon taloustutkimus PTT tiedotti, ett\u00e4 sen toimitusjohtaja, professori Iiro Jussila j\u00e4tt\u00e4\u00e4 tutkimuslaitoksen, ja yhdistyksen hallitus k\u00e4ynnist\u00e4\u00e4 uuden toimitusjohtajan hakuprosessin.<\/p>\n","protected":false},"author":5,"featured_media":886659,"comment_status":"open","ping_status":"open","sticky":false,"template":"","format":"standard","meta":{"inline_featured_image":false,"_monsterinsights_skip_tracking":false,"_monsterinsights_sitenote_active":false,"_monsterinsights_sitenote_note":"","_monsterinsights_sitenote_category":0,"site-sidebar-layout":"default","site-content-layout":"","ast-site-content-layout":"default","site-content-style":"default","site-sidebar-style":"default","ast-global-header-display":"","ast-banner-title-visibility":"","ast-main-header-display":"","ast-hfb-above-header-display":"","ast-hfb-below-header-display":"","ast-hfb-mobile-header-display":"","site-post-title":"","ast-breadcrumbs-content":"","ast-featured-img":"","footer-sml-layout":"","ast-disable-related-posts":"","theme-transparent-header-meta":"","adv-header-id-meta":"","stick-header-meta":"","header-above-stick-meta":"","header-main-stick-meta":"","header-below-stick-meta":"","astra-migrate-meta-layouts":"default","ast-page-background-enabled":"default","ast-page-background-meta":{"desktop":{"background-color":"","background-image":"","background-repeat":"repeat","background-position":"center center","background-size":"auto","background-attachment":"scroll","background-type":"","background-media":"","overlay-type":"","overlay-color":"","overlay-opacity":"","overlay-gradient":""},"tablet":{"background-color":"","background-image":"","background-repeat":"repeat","background-position":"center center","background-size":"auto","background-attachment":"scroll","background-type":"","background-media":"","overlay-type":"","overlay-color":"","overlay-opacity":"","overlay-gradient":""},"mobile":{"background-color":"","background-image":"","background-repeat":"repeat","background-position":"center center","background-size":"auto","background-attachment":"scroll","background-type":"","background-media":"","overlay-type":"","overlay-color":"","overlay-opacity":"","overlay-gradient":""}},"ast-content-background-meta":{"desktop":{"background-color":"var(--ast-global-color-5)","background-image":"","background-repeat":"repeat","background-position":"center center","background-size":"auto","background-attachment":"scroll","background-type":"","background-media":"","overlay-type":"","overlay-color":"","overlay-opacity":"","overlay-gradient":""},"tablet":{"background-color":"var(--ast-global-color-5)","background-image":"","background-repeat":"repeat","background-position":"center center","background-size":"auto","background-attachment":"scroll","background-type":"","background-media":"","overlay-type":"","overlay-color":"","overlay-opacity":"","overlay-gradient":""},"mobile":{"background-color":"var(--ast-global-color-5)","background-image":"","background-repeat":"repeat","background-position":"center center","background-size":"auto","background-attachment":"scroll","background-type":"","background-media":"","overlay-type":"","overlay-color":"","overlay-opacity":"","overlay-gradient":""}},"_FSMCFIC_featured_image_caption":"","_FSMCFIC_featured_image_nocaption":"","_FSMCFIC_featured_image_hide":"","footnotes":""},"categories":[22],"tags":[],"class_list":["post-888160","post","type-post","status-publish","format-standard","has-post-thumbnail","hentry","category-uutiset"],"yoast_head":"<!-- This site is optimized with the Yoast SEO plugin v27.4 - https:\/\/yoast.com\/product\/yoast-seo-wordpress\/ -->\n<title>PTT:n toimitusjohtaja vaihtuu - Pellervo<\/title>\n<meta name=\"robots\" content=\"index, follow, max-snippet:-1, max-image-preview:large, max-video-preview:-1\" \/>\n<link rel=\"canonical\" href=\"https:\/\/pellervo.fi\/en\/uutiset\/2020\/05\/25\/pttn-toimitusjohtaja-vaihtuu\/\" \/>\n<meta property=\"og:locale\" content=\"en_US\" \/>\n<meta property=\"og:type\" content=\"article\" \/>\n<meta property=\"og:title\" content=\"PTT:n toimitusjohtaja vaihtuu - Pellervo\" \/>\n<meta property=\"og:description\" content=\"Pellervon taloustutkimus PTT tiedotti, ett\u00e4 sen toimitusjohtaja, professori Iiro Jussila j\u00e4tt\u00e4\u00e4 tutkimuslaitoksen, ja yhdistyksen hallitus k\u00e4ynnist\u00e4\u00e4 uuden toimitusjohtajan hakuprosessin.\" \/>\n<meta property=\"og:url\" content=\"https:\/\/pellervo.fi\/en\/uutiset\/2020\/05\/25\/pttn-toimitusjohtaja-vaihtuu\/\" \/>\n<meta property=\"og:site_name\" content=\"Pellervo\" \/>\n<meta property=\"article:published_time\" content=\"2020-05-25T10:58:22+00:00\" \/>\n<meta property=\"article:modified_time\" content=\"2020-09-03T09:58:40+00:00\" \/>\n<meta property=\"og:image\" content=\"https:\/\/pellervo.fi\/wp-content\/uploads\/2020\/04\/pallo2020.jpg\" \/>\n\t<meta property=\"og:image:width\" content=\"850\" \/>\n\t<meta property=\"og:image:height\" content=\"560\" \/>\n\t<meta property=\"og:image:type\" content=\"image\/jpeg\" \/>\n<meta name=\"author\" content=\"pellervo\" \/>\n<meta name=\"twitter:card\" content=\"summary_large_image\" \/>\n<meta name=\"twitter:creator\" content=\"@PellervoFi\" \/>\n<meta name=\"twitter:site\" content=\"@PellervoFi\" \/>\n<meta name=\"twitter:label1\" content=\"Written by\" \/>\n\t<meta name=\"twitter:data1\" content=\"pellervo\" \/>\n\t<meta name=\"twitter:label2\" content=\"Est. reading time\" \/>\n\t<meta name=\"twitter:data2\" content=\"1 minute\" \/>\n<script type=\"application\/ld+json\" class=\"yoast-schema-graph\">{\"@context\":\"https:\\\/\\\/schema.org\",\"@graph\":[{\"@type\":\"Article\",\"@id\":\"https:\\\/\\\/pellervo.fi\\\/en\\\/uutiset\\\/2020\\\/05\\\/25\\\/pttn-toimitusjohtaja-vaihtuu\\\/#article\",\"isPartOf\":{\"@id\":\"https:\\\/\\\/pellervo.fi\\\/en\\\/uutiset\\\/2020\\\/05\\\/25\\\/pttn-toimitusjohtaja-vaihtuu\\\/\"},\"author\":{\"name\":\"pellervo\",\"@id\":\"https:\\\/\\\/pellervo.fi\\\/#\\\/schema\\\/person\\\/4b74d40956937d1367ade81899997e71\"},\"headline\":\"PTT:n toimitusjohtaja vaihtuu\",\"datePublished\":\"2020-05-25T10:58:22+00:00\",\"dateModified\":\"2020-09-03T09:58:40+00:00\",\"mainEntityOfPage\":{\"@id\":\"https:\\\/\\\/pellervo.fi\\\/en\\\/uutiset\\\/2020\\\/05\\\/25\\\/pttn-toimitusjohtaja-vaihtuu\\\/\"},\"wordCount\":268,\"commentCount\":0,\"publisher\":{\"@id\":\"https:\\\/\\\/pellervo.fi\\\/#organization\"},\"image\":{\"@id\":\"https:\\\/\\\/pellervo.fi\\\/en\\\/uutiset\\\/2020\\\/05\\\/25\\\/pttn-toimitusjohtaja-vaihtuu\\\/#primaryimage\"},\"thumbnailUrl\":\"\",\"articleSection\":[\"Uutiset\"],\"inLanguage\":\"en-US\",\"potentialAction\":[{\"@type\":\"CommentAction\",\"name\":\"Comment\",\"target\":[\"https:\\\/\\\/pellervo.fi\\\/en\\\/uutiset\\\/2020\\\/05\\\/25\\\/pttn-toimitusjohtaja-vaihtuu\\\/#respond\"]}]},{\"@type\":\"WebPage\",\"@id\":\"https:\\\/\\\/pellervo.fi\\\/en\\\/uutiset\\\/2020\\\/05\\\/25\\\/pttn-toimitusjohtaja-vaihtuu\\\/\",\"url\":\"https:\\\/\\\/pellervo.fi\\\/en\\\/uutiset\\\/2020\\\/05\\\/25\\\/pttn-toimitusjohtaja-vaihtuu\\\/\",\"name\":\"PTT:n toimitusjohtaja vaihtuu - Pellervo\",\"isPartOf\":{\"@id\":\"https:\\\/\\\/pellervo.fi\\\/#website\"},\"primaryImageOfPage\":{\"@id\":\"https:\\\/\\\/pellervo.fi\\\/en\\\/uutiset\\\/2020\\\/05\\\/25\\\/pttn-toimitusjohtaja-vaihtuu\\\/#primaryimage\"},\"image\":{\"@id\":\"https:\\\/\\\/pellervo.fi\\\/en\\\/uutiset\\\/2020\\\/05\\\/25\\\/pttn-toimitusjohtaja-vaihtuu\\\/#primaryimage\"},\"thumbnailUrl\":\"\",\"datePublished\":\"2020-05-25T10:58:22+00:00\",\"dateModified\":\"2020-09-03T09:58:40+00:00\",\"breadcrumb\":{\"@id\":\"https:\\\/\\\/pellervo.fi\\\/en\\\/uutiset\\\/2020\\\/05\\\/25\\\/pttn-toimitusjohtaja-vaihtuu\\\/#breadcrumb\"},\"inLanguage\":\"en-US\",\"potentialAction\":[{\"@type\":\"ReadAction\",\"target\":[\"https:\\\/\\\/pellervo.fi\\\/en\\\/uutiset\\\/2020\\\/05\\\/25\\\/pttn-toimitusjohtaja-vaihtuu\\\/\"]}]},{\"@type\":\"ImageObject\",\"inLanguage\":\"en-US\",\"@id\":\"https:\\\/\\\/pellervo.fi\\\/en\\\/uutiset\\\/2020\\\/05\\\/25\\\/pttn-toimitusjohtaja-vaihtuu\\\/#primaryimage\",\"url\":\"\",\"contentUrl\":\"\"},{\"@type\":\"BreadcrumbList\",\"@id\":\"https:\\\/\\\/pellervo.fi\\\/en\\\/uutiset\\\/2020\\\/05\\\/25\\\/pttn-toimitusjohtaja-vaihtuu\\\/#breadcrumb\",\"itemListElement\":[{\"@type\":\"ListItem\",\"position\":1,\"name\":\"Koti\",\"item\":\"https:\\\/\\\/pellervo.fi\\\/en\\\/\"},{\"@type\":\"ListItem\",\"position\":2,\"name\":\"PTT:n toimitusjohtaja vaihtuu\"}]},{\"@type\":\"WebSite\",\"@id\":\"https:\\\/\\\/pellervo.fi\\\/#website\",\"url\":\"https:\\\/\\\/pellervo.fi\\\/\",\"name\":\"Pellervo\",\"description\":\"Osuuskuntien keskusj\u00e4rjest\u00f6\",\"publisher\":{\"@id\":\"https:\\\/\\\/pellervo.fi\\\/#organization\"},\"potentialAction\":[{\"@type\":\"SearchAction\",\"target\":{\"@type\":\"EntryPoint\",\"urlTemplate\":\"https:\\\/\\\/pellervo.fi\\\/?s={search_term_string}\"},\"query-input\":{\"@type\":\"PropertyValueSpecification\",\"valueRequired\":true,\"valueName\":\"search_term_string\"}}],\"inLanguage\":\"en-US\"},{\"@type\":\"Organization\",\"@id\":\"https:\\\/\\\/pellervo.fi\\\/#organization\",\"name\":\"Osuustoimintakeskus Pellervo ry\",\"url\":\"https:\\\/\\\/pellervo.fi\\\/\",\"logo\":{\"@type\":\"ImageObject\",\"inLanguage\":\"en-US\",\"@id\":\"https:\\\/\\\/pellervo.fi\\\/#\\\/schema\\\/logo\\\/image\\\/\",\"url\":\"https:\\\/\\\/pellervo.fi\\\/wp-content\\\/uploads\\\/2020\\\/05\\\/Pellervo_logo.png\",\"contentUrl\":\"https:\\\/\\\/pellervo.fi\\\/wp-content\\\/uploads\\\/2020\\\/05\\\/Pellervo_logo.png\",\"width\":1335,\"height\":376,\"caption\":\"Osuustoimintakeskus Pellervo ry\"},\"image\":{\"@id\":\"https:\\\/\\\/pellervo.fi\\\/#\\\/schema\\\/logo\\\/image\\\/\"},\"sameAs\":[\"https:\\\/\\\/x.com\\\/PellervoFi\"]},{\"@type\":\"Person\",\"@id\":\"https:\\\/\\\/pellervo.fi\\\/#\\\/schema\\\/person\\\/4b74d40956937d1367ade81899997e71\",\"name\":\"pellervo\",\"image\":{\"@type\":\"ImageObject\",\"inLanguage\":\"en-US\",\"@id\":\"https:\\\/\\\/pellervo.fi\\\/wp-content\\\/uploads\\\/2013\\\/11\\\/pellervo_avatar_1384522134-96x96.jpg\",\"url\":\"https:\\\/\\\/pellervo.fi\\\/wp-content\\\/uploads\\\/2013\\\/11\\\/pellervo_avatar_1384522134-96x96.jpg\",\"contentUrl\":\"https:\\\/\\\/pellervo.fi\\\/wp-content\\\/uploads\\\/2013\\\/11\\\/pellervo_avatar_1384522134-96x96.jpg\",\"caption\":\"pellervo\"},\"description\":\"Kuvaus\",\"url\":\"https:\\\/\\\/pellervo.fi\\\/en\\\/author\\\/pellervo\\\/\"}]}<\/script>\n<!-- \/ Yoast SEO plugin. -->","yoast_head_json":{"title":"PTT:n toimitusjohtaja vaihtuu - Pellervo","robots":{"index":"index","follow":"follow","max-snippet":"max-snippet:-1","max-image-preview":"max-image-preview:large","max-video-preview":"max-video-preview:-1"},"canonical":"https:\/\/pellervo.fi\/en\/uutiset\/2020\/05\/25\/pttn-toimitusjohtaja-vaihtuu\/","og_locale":"en_US","og_type":"article","og_title":"PTT:n toimitusjohtaja vaihtuu - Pellervo","og_description":"Pellervon taloustutkimus PTT tiedotti, ett\u00e4 sen toimitusjohtaja, professori Iiro Jussila j\u00e4tt\u00e4\u00e4 tutkimuslaitoksen, ja yhdistyksen hallitus k\u00e4ynnist\u00e4\u00e4 uuden toimitusjohtajan hakuprosessin.","og_url":"https:\/\/pellervo.fi\/en\/uutiset\/2020\/05\/25\/pttn-toimitusjohtaja-vaihtuu\/","og_site_name":"Pellervo","article_published_time":"2020-05-25T10:58:22+00:00","article_modified_time":"2020-09-03T09:58:40+00:00","og_image":[{"width":850,"height":560,"url":"https:\/\/pellervo.fi\/wp-content\/uploads\/2020\/04\/pallo2020.jpg","type":"image\/jpeg"}],"author":"pellervo","twitter_card":"summary_large_image","twitter_creator":"@PellervoFi","twitter_site":"@PellervoFi","twitter_misc":{"Written by":"pellervo","Est. reading time":"1 minute"},"schema":{"@context":"https:\/\/schema.org","@graph":[{"@type":"Article","@id":"https:\/\/pellervo.fi\/en\/uutiset\/2020\/05\/25\/pttn-toimitusjohtaja-vaihtuu\/#article","isPartOf":{"@id":"https:\/\/pellervo.fi\/en\/uutiset\/2020\/05\/25\/pttn-toimitusjohtaja-vaihtuu\/"},"author":{"name":"pellervo","@id":"https:\/\/pellervo.fi\/#\/schema\/person\/4b74d40956937d1367ade81899997e71"},"headline":"PTT:n toimitusjohtaja vaihtuu","datePublished":"2020-05-25T10:58:22+00:00","dateModified":"2020-09-03T09:58:40+00:00","mainEntityOfPage":{"@id":"https:\/\/pellervo.fi\/en\/uutiset\/2020\/05\/25\/pttn-toimitusjohtaja-vaihtuu\/"},"wordCount":268,"commentCount":0,"publisher":{"@id":"https:\/\/pellervo.fi\/#organization"},"image":{"@id":"https:\/\/pellervo.fi\/en\/uutiset\/2020\/05\/25\/pttn-toimitusjohtaja-vaihtuu\/#primaryimage"},"thumbnailUrl":"","articleSection":["Uutiset"],"inLanguage":"en-US","potentialAction":[{"@type":"CommentAction","name":"Comment","target":["https:\/\/pellervo.fi\/en\/uutiset\/2020\/05\/25\/pttn-toimitusjohtaja-vaihtuu\/#respond"]}]},{"@type":"WebPage","@id":"https:\/\/pellervo.fi\/en\/uutiset\/2020\/05\/25\/pttn-toimitusjohtaja-vaihtuu\/","url":"https:\/\/pellervo.fi\/en\/uutiset\/2020\/05\/25\/pttn-toimitusjohtaja-vaihtuu\/","name":"PTT:n toimitusjohtaja vaihtuu - Pellervo","isPartOf":{"@id":"https:\/\/pellervo.fi\/#website"},"primaryImageOfPage":{"@id":"https:\/\/pellervo.fi\/en\/uutiset\/2020\/05\/25\/pttn-toimitusjohtaja-vaihtuu\/#primaryimage"},"image":{"@id":"https:\/\/pellervo.fi\/en\/uutiset\/2020\/05\/25\/pttn-toimitusjohtaja-vaihtuu\/#primaryimage"},"thumbnailUrl":"","datePublished":"2020-05-25T10:58:22+00:00","dateModified":"2020-09-03T09:58:40+00:00","breadcrumb":{"@id":"https:\/\/pellervo.fi\/en\/uutiset\/2020\/05\/25\/pttn-toimitusjohtaja-vaihtuu\/#breadcrumb"},"inLanguage":"en-US","potentialAction":[{"@type":"ReadAction","target":["https:\/\/pellervo.fi\/en\/uutiset\/2020\/05\/25\/pttn-toimitusjohtaja-vaihtuu\/"]}]},{"@type":"ImageObject","inLanguage":"en-US","@id":"https:\/\/pellervo.fi\/en\/uutiset\/2020\/05\/25\/pttn-toimitusjohtaja-vaihtuu\/#primaryimage","url":"","contentUrl":""},{"@type":"BreadcrumbList","@id":"https:\/\/pellervo.fi\/en\/uutiset\/2020\/05\/25\/pttn-toimitusjohtaja-vaihtuu\/#breadcrumb","itemListElement":[{"@type":"ListItem","position":1,"name":"Koti","item":"https:\/\/pellervo.fi\/en\/"},{"@type":"ListItem","position":2,"name":"PTT:n toimitusjohtaja vaihtuu"}]},{"@type":"WebSite","@id":"https:\/\/pellervo.fi\/#website","url":"https:\/\/pellervo.fi\/","name":"Pellervo","description":"Osuuskuntien keskusj\u00e4rjest\u00f6","publisher":{"@id":"https:\/\/pellervo.fi\/#organization"},"potentialAction":[{"@type":"SearchAction","target":{"@type":"EntryPoint","urlTemplate":"https:\/\/pellervo.fi\/?s={search_term_string}"},"query-input":{"@type":"PropertyValueSpecification","valueRequired":true,"valueName":"search_term_string"}}],"inLanguage":"en-US"},{"@type":"Organization","@id":"https:\/\/pellervo.fi\/#organization","name":"Osuustoimintakeskus Pellervo ry","url":"https:\/\/pellervo.fi\/","logo":{"@type":"ImageObject","inLanguage":"en-US","@id":"https:\/\/pellervo.fi\/#\/schema\/logo\/image\/","url":"https:\/\/pellervo.fi\/wp-content\/uploads\/2020\/05\/Pellervo_logo.png","contentUrl":"https:\/\/pellervo.fi\/wp-content\/uploads\/2020\/05\/Pellervo_logo.png","width":1335,"height":376,"caption":"Osuustoimintakeskus Pellervo ry"},"image":{"@id":"https:\/\/pellervo.fi\/#\/schema\/logo\/image\/"},"sameAs":["https:\/\/x.com\/PellervoFi"]},{"@type":"Person","@id":"https:\/\/pellervo.fi\/#\/schema\/person\/4b74d40956937d1367ade81899997e71","name":"pellervo","image":{"@type":"ImageObject","inLanguage":"en-US","@id":"https:\/\/pellervo.fi\/wp-content\/uploads\/2013\/11\/pellervo_avatar_1384522134-96x96.jpg","url":"https:\/\/pellervo.fi\/wp-content\/uploads\/2013\/11\/pellervo_avatar_1384522134-96x96.jpg","contentUrl":"https:\/\/pellervo.fi\/wp-content\/uploads\/2013\/11\/pellervo_avatar_1384522134-96x96.jpg","caption":"pellervo"},"description":"Kuvaus","url":"https:\/\/pellervo.fi\/en\/author\/pellervo\/"}]}},"_links":{"self":[{"href":"https:\/\/pellervo.fi\/en\/wp-json\/wp\/v2\/posts\/888160","targetHints":{"allow":["GET"]}}],"collection":[{"href":"https:\/\/pellervo.fi\/en\/wp-json\/wp\/v2\/posts"}],"about":[{"href":"https:\/\/pellervo.fi\/en\/wp-json\/wp\/v2\/types\/post"}],"author":[{"embeddable":true,"href":"https:\/\/pellervo.fi\/en\/wp-json\/wp\/v2\/users\/5"}],"replies":[{"embeddable":true,"href":"https:\/\/pellervo.fi\/en\/wp-json\/wp\/v2\/comments?post=888160"}],"version-history":[{"count":1,"href":"https:\/\/pellervo.fi\/en\/wp-json\/wp\/v2\/posts\/888160\/revisions"}],"predecessor-version":[{"id":888209,"href":"https:\/\/pellervo.fi\/en\/wp-json\/wp\/v2\/posts\/888160\/revisions\/888209"}],"wp:featuredmedia":[{"embeddable":true,"href":"https:\/\/pellervo.fi\/en\/wp-json\/wp\/v2\/menu-items\/886659"}],"wp:attachment":[{"href":"https:\/\/pellervo.fi\/en\/wp-json\/wp\/v2\/media?parent=888160"}],"wp:term":[{"taxonomy":"category","embeddable":true,"href":"https:\/\/pellervo.fi\/en\/wp-json\/wp\/v2\/categories?post=888160"},{"taxonomy":"post_tag","embeddable":true,"href":"https:\/\/pellervo.fi\/en\/wp-json\/wp\/v2\/tags?post=888160"}],"curies":[{"name":"wp","href":"https:\/\/api.w.org\/{rel}","templated":true}]}}