{"id":889193,"date":"2020-12-15T08:33:00","date_gmt":"2020-12-15T06:33:00","guid":{"rendered":"https:\/\/pellervo.fi\/?p=889193"},"modified":"2020-12-15T08:33:57","modified_gmt":"2020-12-15T06:33:57","slug":"mep-nakokulma-alviina-alametsa-ilmastokriisi-torjutaan-reilulla-taloudella","status":"publish","type":"post","link":"https:\/\/pellervo.fi\/en\/nakokulma\/2020\/12\/15\/mep-nakokulma-alviina-alametsa-ilmastokriisi-torjutaan-reilulla-taloudella\/","title":{"rendered":"MEP N\u00e4k\u00f6kulma: Alviina Alamets\u00e4 \u2013 Ilmastokriisi torjutaan reilulla taloudella"},"content":{"rendered":"\n<p><strong>Ilmastokriisi pakottaa yhteiskuntia muuttumaan. Muutos kannattaa aloittaa itse, eik\u00e4 pakon edess\u00e4. Ilmastokriisin torjumiseksi talousj\u00e4rjestelm\u00e4n Suomessa, EU:ssa ja koko maailmassa on muututtava. Ymp\u00e4rist\u00f6 kannattaa huomioida paljon nykyist\u00e4 paremmin.<\/strong><\/p>\n<p>Ilmastonmuutoksen ei pid\u00e4 painaa eniten tavallisen ihmisen taskussa. Vihreille oleellisin asia ei ole se, ajaako joku Lapissa bensa-autolla. Haluamme saada maailmanlaajuiset nettop\u00e4\u00e4st\u00f6t laskuun. T\u00e4h\u00e4n tarvitaan suuria ratkaisuja.<\/p>\n<p>Maailman taloudessa on varmistettava, ett\u00e4 saastuttaja maksaa teoistaan. Vahvemmalla p\u00e4\u00e4st\u00f6kaupalla ja verotuksella hiilt\u00e4 ei voisi p\u00e4\u00e4st\u00e4\u00e4 en\u00e4\u00e4 ilmakeh\u00e4\u00e4n halvalla, tai pahimmillaan ilmaiseksi. T\u00e4ss\u00e4 on EU:n paikka toimia.\u00a0<\/p>\n<p>Ilmastokriisist\u00e4 selvi\u00e4\u00e4 parhaiten se yhteiskunta, jossa keksit\u00e4\u00e4n fiksuja tapoja suojella ymp\u00e4rist\u00f6\u00e4 eri el\u00e4m\u00e4n osa-alueilla. T\u00e4m\u00e4 on my\u00f6s mahdollisuus suomalaisille keksinn\u00f6ille ja vientituotteille, kuten nyht\u00f6kauralle ja puhtaammalle energialle.<\/p>\n<p>Nykyiset markkinat eiv\u00e4t toimi reilusti. Osassa maailmaa yritykset voivat k\u00e4ytt\u00e4\u00e4 ilmastoa l\u00e4hes ilmaisena kasvihuonekaasujen kaatopaikkana, siin\u00e4 miss\u00e4 esimerkiksi Euroopan Unionissa p\u00e4\u00e4st\u00f6jen s\u00e4\u00e4ntely on tiukempaa. Reilussa taloudessa ilmastotekojen pit\u00e4isi olla yrityksille poikkeuksetta kilpailuetu.\u00a0<\/p>\n<p>My\u00f6s t\u00e4ss\u00e4 on osuustoiminnan mahdollisuus. Osuuskunnan yhten\u00e4 arvona voi olla kest\u00e4v\u00e4n kehityksen mukainen toiminta, joka on omiaan edist\u00e4m\u00e4\u00e4n yksil\u00f6n, yhteiskunnan sek\u00e4 osuustoiminnan tavoitteita. Jokainen j\u00e4sen vaikuttaa omalla toiminnallaan n\u00e4iden tavoitteiden t\u00e4yttymiseen, ja sill\u00e4 voidaan osuuskuntatoiminnan kautta saada merkitt\u00e4v\u00e4 muutos aikaiseksi. Osuuskunnat mahdollistavat toimintaymp\u00e4rist\u00f6n, jossa potentiaali kest\u00e4v\u00e4n muutoksen aikaansaamiseksi on suuri.<\/p>\n<p>Reilu talous ei rajoitu tietenk\u00e4\u00e4n vain p\u00e4\u00e4st\u00f6jen v\u00e4hent\u00e4miseen. Talouden rakenteita muutettaessa on otettava huomioon inhimilliset ja sosiaaliset n\u00e4k\u00f6kulmat. Ihmisoikeudet, hyvinvointi ja reilut ty\u00f6olot. Pelkk\u00e4 markkinatalouden p\u00e4\u00e4st\u00f6tt\u00f6myys ei ole tarpeeksi kunnianhimoista. Muutosten on palveltava mahdollisimman laajasti eri ihmisryhmi\u00e4 ja ja tuloluokkia.\u00a0<\/p>\n<p>On j\u00e4rjet\u00f6nt\u00e4 yll\u00e4pit\u00e4\u00e4 taloudellisia rakenteita, jotka jatkavat nykyist\u00e4 varallisuuden keskittymist\u00e4 ja taloudellisen ep\u00e4tasa-arvon kasvua. Talouden pit\u00e4isi tukea yhteiskunnan sosiaalisesti kest\u00e4v\u00e4\u00e4 kehityst\u00e4, ja etenkin yhteiskuntien heikoimmassa asemassa olevien tilannetta. Osuustoiminta vastaa osaltaan my\u00f6s n\u00e4ihin kysymyksiin, sill\u00e4 er\u00e4s osuuskuntien perusajatuksista on edist\u00e4\u00e4 yhteis\u00f6n hyv\u00e4\u00e4.<\/p>\n<p>Vihre\u00e4 ja reilu talous saatetaan usein k\u00e4sitt\u00e4\u00e4 kuluja aiheuttavana ilmi\u00f6n\u00e4. Tosiasia kuitenkin on, ett\u00e4 jokainen vuosi ep\u00e4reilua taloutta, joka ei huomioi ilmastoa, aiheuttaa globaalisti satojen, joidenkin arvioiden mukaan jopa tuhansien miljardien kulut. Samalla se aiheuttaa suunnatonta inhimillist\u00e4 h\u00e4t\u00e4\u00e4 ja k\u00e4rsimyst\u00e4. Reilun talouden on oltava ilmastonmuutoksen aikakautena p\u00e4\u00e4t\u00f6ksenteon kantava teema, ja selke\u00e4 p\u00e4\u00e4m\u00e4\u00e4r\u00e4.<\/p>\n<p><strong>Alviina Alamets\u00e4\u00a0<\/strong><br \/>Europarlamentaarikko<\/p>\n<p><em>Kirjoittaja on Vihreiden ja <span class=\"ep_name\">Euroopan vapaa allianssi <\/span>-ryhm\u00e4n europarlamentaarikko. <\/em><\/p>\n<p><em>Teksti on osa Euroopan parlamentin suomalaisj\u00e4senten <a href=\"https:\/\/pellervo.fi\/tag\/mep-nakokulma\/\">vierasblogisarjaa<\/a>\u00a0Pellervon verkkosivuilla.<\/em><\/p>\n<p>\u00a0<\/p>\n","protected":false},"excerpt":{"rendered":"<p>Ilmastokriisi pakottaa yhteiskuntia muuttumaan. Muutos kannattaa aloittaa itse, eik\u00e4 pakon edess\u00e4. Ilmastokriisin torjumiseksi talousj\u00e4rjestelm\u00e4n Suomessa, EU:ssa ja koko maailmassa on muututtava. Ymp\u00e4rist\u00f6 kannattaa huomioida paljon nykyist\u00e4 paremmin.<\/p>\n","protected":false},"author":5,"featured_media":889194,"comment_status":"closed","ping_status":"closed","sticky":false,"template":"","format":"standard","meta":{"inline_featured_image":false,"_monsterinsights_skip_tracking":false,"_monsterinsights_sitenote_active":false,"_monsterinsights_sitenote_note":"","_monsterinsights_sitenote_category":0,"site-sidebar-layout":"default","site-content-layout":"default","ast-site-content-layout":"default","site-content-style":"default","site-sidebar-style":"default","ast-global-header-display":"","ast-banner-title-visibility":"","ast-main-header-display":"","ast-hfb-above-header-display":"","ast-hfb-below-header-display":"","ast-hfb-mobile-header-display":"","site-post-title":"","ast-breadcrumbs-content":"","ast-featured-img":"","footer-sml-layout":"","ast-disable-related-posts":"","theme-transparent-header-meta":"default","adv-header-id-meta":"","stick-header-meta":"","header-above-stick-meta":"","header-main-stick-meta":"","header-below-stick-meta":"","astra-migrate-meta-layouts":"default","ast-page-background-enabled":"default","ast-page-background-meta":{"desktop":{"background-color":"","background-image":"","background-repeat":"repeat","background-position":"center center","background-size":"auto","background-attachment":"scroll","background-type":"","background-media":"","overlay-type":"","overlay-color":"","overlay-opacity":"","overlay-gradient":""},"tablet":{"background-color":"","background-image":"","background-repeat":"repeat","background-position":"center center","background-size":"auto","background-attachment":"scroll","background-type":"","background-media":"","overlay-type":"","overlay-color":"","overlay-opacity":"","overlay-gradient":""},"mobile":{"background-color":"","background-image":"","background-repeat":"repeat","background-position":"center center","background-size":"auto","background-attachment":"scroll","background-type":"","background-media":"","overlay-type":"","overlay-color":"","overlay-opacity":"","overlay-gradient":""}},"ast-content-background-meta":{"desktop":{"background-color":"var(--ast-global-color-5)","background-image":"","background-repeat":"repeat","background-position":"center center","background-size":"auto","background-attachment":"scroll","background-type":"","background-media":"","overlay-type":"","overlay-color":"","overlay-opacity":"","overlay-gradient":""},"tablet":{"background-color":"var(--ast-global-color-5)","background-image":"","background-repeat":"repeat","background-position":"center center","background-size":"auto","background-attachment":"scroll","background-type":"","background-media":"","overlay-type":"","overlay-color":"","overlay-opacity":"","overlay-gradient":""},"mobile":{"background-color":"var(--ast-global-color-5)","background-image":"","background-repeat":"repeat","background-position":"center center","background-size":"auto","background-attachment":"scroll","background-type":"","background-media":"","overlay-type":"","overlay-color":"","overlay-opacity":"","overlay-gradient":""}},"_FSMCFIC_featured_image_caption":"","_FSMCFIC_featured_image_nocaption":"","_FSMCFIC_featured_image_hide":"","footnotes":""},"categories":[21],"tags":[311],"class_list":["post-889193","post","type-post","status-publish","format-standard","has-post-thumbnail","hentry","category-nakokulma","tag-mep-nakokulma"],"yoast_head":"<!-- This site is optimized with the Yoast SEO plugin v27.5 - https:\/\/yoast.com\/product\/yoast-seo-wordpress\/ -->\n<title>MEP N\u00e4k\u00f6kulma: Alviina Alamets\u00e4 \u2013 Ilmastokriisi torjutaan reilulla taloudella - Pellervo<\/title>\n<meta name=\"robots\" content=\"index, follow, max-snippet:-1, max-image-preview:large, max-video-preview:-1\" \/>\n<link rel=\"canonical\" href=\"https:\/\/pellervo.fi\/sv\/nakokulma\/2020\/12\/15\/mep-nakokulma-alviina-alametsa-ilmastokriisi-torjutaan-reilulla-taloudella\/\" \/>\n<meta property=\"og:locale\" content=\"en_US\" \/>\n<meta property=\"og:type\" content=\"article\" \/>\n<meta property=\"og:title\" content=\"MEP N\u00e4k\u00f6kulma: Alviina Alamets\u00e4 \u2013 Ilmastokriisi torjutaan reilulla taloudella - Pellervo\" \/>\n<meta property=\"og:description\" content=\"Ilmastokriisi pakottaa yhteiskuntia muuttumaan. Muutos kannattaa aloittaa itse, eik\u00e4 pakon edess\u00e4. Ilmastokriisin torjumiseksi talousj\u00e4rjestelm\u00e4n Suomessa, EU:ssa ja koko maailmassa on muututtava. Ymp\u00e4rist\u00f6 kannattaa huomioida paljon nykyist\u00e4 paremmin.\" \/>\n<meta property=\"og:url\" content=\"https:\/\/pellervo.fi\/sv\/nakokulma\/2020\/12\/15\/mep-nakokulma-alviina-alametsa-ilmastokriisi-torjutaan-reilulla-taloudella\/\" \/>\n<meta property=\"og:site_name\" content=\"Pellervo\" \/>\n<meta property=\"article:published_time\" content=\"2020-12-15T06:33:00+00:00\" \/>\n<meta property=\"article:modified_time\" content=\"2020-12-15T06:33:57+00:00\" \/>\n<meta property=\"og:image\" content=\"https:\/\/pellervo.fi\/wp-content\/uploads\/2020\/12\/alviina-alametsa.jpg\" \/>\n\t<meta property=\"og:image:width\" content=\"850\" \/>\n\t<meta property=\"og:image:height\" content=\"567\" \/>\n\t<meta property=\"og:image:type\" content=\"image\/jpeg\" \/>\n<meta name=\"author\" content=\"pellervo\" \/>\n<meta name=\"twitter:card\" content=\"summary_large_image\" \/>\n<meta name=\"twitter:creator\" content=\"@PellervoFi\" \/>\n<meta name=\"twitter:site\" content=\"@PellervoFi\" \/>\n<meta name=\"twitter:label1\" content=\"Written by\" \/>\n\t<meta name=\"twitter:data1\" content=\"pellervo\" \/>\n\t<meta name=\"twitter:label2\" content=\"Est. reading time\" \/>\n\t<meta name=\"twitter:data2\" content=\"2 minutes\" \/>\n<script type=\"application\/ld+json\" class=\"yoast-schema-graph\">{\"@context\":\"https:\\\/\\\/schema.org\",\"@graph\":[{\"@type\":\"Article\",\"@id\":\"https:\\\/\\\/pellervo.fi\\\/sv\\\/nakokulma\\\/2020\\\/12\\\/15\\\/mep-nakokulma-alviina-alametsa-ilmastokriisi-torjutaan-reilulla-taloudella\\\/#article\",\"isPartOf\":{\"@id\":\"https:\\\/\\\/pellervo.fi\\\/sv\\\/nakokulma\\\/2020\\\/12\\\/15\\\/mep-nakokulma-alviina-alametsa-ilmastokriisi-torjutaan-reilulla-taloudella\\\/\"},\"author\":{\"name\":\"pellervo\",\"@id\":\"https:\\\/\\\/pellervo.fi\\\/#\\\/schema\\\/person\\\/4b74d40956937d1367ade81899997e71\"},\"headline\":\"MEP N\u00e4k\u00f6kulma: Alviina Alamets\u00e4 \u2013 Ilmastokriisi torjutaan reilulla taloudella\",\"datePublished\":\"2020-12-15T06:33:00+00:00\",\"dateModified\":\"2020-12-15T06:33:57+00:00\",\"mainEntityOfPage\":{\"@id\":\"https:\\\/\\\/pellervo.fi\\\/sv\\\/nakokulma\\\/2020\\\/12\\\/15\\\/mep-nakokulma-alviina-alametsa-ilmastokriisi-torjutaan-reilulla-taloudella\\\/\"},\"wordCount\":431,\"publisher\":{\"@id\":\"https:\\\/\\\/pellervo.fi\\\/#organization\"},\"image\":{\"@id\":\"https:\\\/\\\/pellervo.fi\\\/sv\\\/nakokulma\\\/2020\\\/12\\\/15\\\/mep-nakokulma-alviina-alametsa-ilmastokriisi-torjutaan-reilulla-taloudella\\\/#primaryimage\"},\"thumbnailUrl\":\"https:\\\/\\\/pellervo.fi\\\/wp-content\\\/uploads\\\/2020\\\/12\\\/alviina-alametsa.jpg\",\"keywords\":[\"MEP N\u00e4k\u00f6kulma\"],\"articleSection\":[\"N\u00e4k\u00f6kulma\"],\"inLanguage\":\"en-US\"},{\"@type\":\"WebPage\",\"@id\":\"https:\\\/\\\/pellervo.fi\\\/sv\\\/nakokulma\\\/2020\\\/12\\\/15\\\/mep-nakokulma-alviina-alametsa-ilmastokriisi-torjutaan-reilulla-taloudella\\\/\",\"url\":\"https:\\\/\\\/pellervo.fi\\\/sv\\\/nakokulma\\\/2020\\\/12\\\/15\\\/mep-nakokulma-alviina-alametsa-ilmastokriisi-torjutaan-reilulla-taloudella\\\/\",\"name\":\"MEP N\u00e4k\u00f6kulma: Alviina Alamets\u00e4 \u2013 Ilmastokriisi torjutaan reilulla taloudella - Pellervo\",\"isPartOf\":{\"@id\":\"https:\\\/\\\/pellervo.fi\\\/#website\"},\"primaryImageOfPage\":{\"@id\":\"https:\\\/\\\/pellervo.fi\\\/sv\\\/nakokulma\\\/2020\\\/12\\\/15\\\/mep-nakokulma-alviina-alametsa-ilmastokriisi-torjutaan-reilulla-taloudella\\\/#primaryimage\"},\"image\":{\"@id\":\"https:\\\/\\\/pellervo.fi\\\/sv\\\/nakokulma\\\/2020\\\/12\\\/15\\\/mep-nakokulma-alviina-alametsa-ilmastokriisi-torjutaan-reilulla-taloudella\\\/#primaryimage\"},\"thumbnailUrl\":\"https:\\\/\\\/pellervo.fi\\\/wp-content\\\/uploads\\\/2020\\\/12\\\/alviina-alametsa.jpg\",\"datePublished\":\"2020-12-15T06:33:00+00:00\",\"dateModified\":\"2020-12-15T06:33:57+00:00\",\"breadcrumb\":{\"@id\":\"https:\\\/\\\/pellervo.fi\\\/sv\\\/nakokulma\\\/2020\\\/12\\\/15\\\/mep-nakokulma-alviina-alametsa-ilmastokriisi-torjutaan-reilulla-taloudella\\\/#breadcrumb\"},\"inLanguage\":\"en-US\",\"potentialAction\":[{\"@type\":\"ReadAction\",\"target\":[\"https:\\\/\\\/pellervo.fi\\\/sv\\\/nakokulma\\\/2020\\\/12\\\/15\\\/mep-nakokulma-alviina-alametsa-ilmastokriisi-torjutaan-reilulla-taloudella\\\/\"]}]},{\"@type\":\"ImageObject\",\"inLanguage\":\"en-US\",\"@id\":\"https:\\\/\\\/pellervo.fi\\\/sv\\\/nakokulma\\\/2020\\\/12\\\/15\\\/mep-nakokulma-alviina-alametsa-ilmastokriisi-torjutaan-reilulla-taloudella\\\/#primaryimage\",\"url\":\"https:\\\/\\\/pellervo.fi\\\/wp-content\\\/uploads\\\/2020\\\/12\\\/alviina-alametsa.jpg\",\"contentUrl\":\"https:\\\/\\\/pellervo.fi\\\/wp-content\\\/uploads\\\/2020\\\/12\\\/alviina-alametsa.jpg\",\"width\":850,\"height\":567},{\"@type\":\"BreadcrumbList\",\"@id\":\"https:\\\/\\\/pellervo.fi\\\/sv\\\/nakokulma\\\/2020\\\/12\\\/15\\\/mep-nakokulma-alviina-alametsa-ilmastokriisi-torjutaan-reilulla-taloudella\\\/#breadcrumb\",\"itemListElement\":[{\"@type\":\"ListItem\",\"position\":1,\"name\":\"Koti\",\"item\":\"https:\\\/\\\/pellervo.fi\\\/en\\\/\"},{\"@type\":\"ListItem\",\"position\":2,\"name\":\"MEP N\u00e4k\u00f6kulma: Alviina Alamets\u00e4 \u2013 Ilmastokriisi torjutaan reilulla taloudella\"}]},{\"@type\":\"WebSite\",\"@id\":\"https:\\\/\\\/pellervo.fi\\\/#website\",\"url\":\"https:\\\/\\\/pellervo.fi\\\/\",\"name\":\"Pellervo\",\"description\":\"Osuuskuntien keskusj\u00e4rjest\u00f6\",\"publisher\":{\"@id\":\"https:\\\/\\\/pellervo.fi\\\/#organization\"},\"potentialAction\":[{\"@type\":\"SearchAction\",\"target\":{\"@type\":\"EntryPoint\",\"urlTemplate\":\"https:\\\/\\\/pellervo.fi\\\/?s={search_term_string}\"},\"query-input\":{\"@type\":\"PropertyValueSpecification\",\"valueRequired\":true,\"valueName\":\"search_term_string\"}}],\"inLanguage\":\"en-US\"},{\"@type\":\"Organization\",\"@id\":\"https:\\\/\\\/pellervo.fi\\\/#organization\",\"name\":\"Osuustoimintakeskus Pellervo ry\",\"url\":\"https:\\\/\\\/pellervo.fi\\\/\",\"logo\":{\"@type\":\"ImageObject\",\"inLanguage\":\"en-US\",\"@id\":\"https:\\\/\\\/pellervo.fi\\\/#\\\/schema\\\/logo\\\/image\\\/\",\"url\":\"https:\\\/\\\/pellervo.fi\\\/wp-content\\\/uploads\\\/2020\\\/05\\\/Pellervo_logo.png\",\"contentUrl\":\"https:\\\/\\\/pellervo.fi\\\/wp-content\\\/uploads\\\/2020\\\/05\\\/Pellervo_logo.png\",\"width\":1335,\"height\":376,\"caption\":\"Osuustoimintakeskus Pellervo ry\"},\"image\":{\"@id\":\"https:\\\/\\\/pellervo.fi\\\/#\\\/schema\\\/logo\\\/image\\\/\"},\"sameAs\":[\"https:\\\/\\\/x.com\\\/PellervoFi\"]},{\"@type\":\"Person\",\"@id\":\"https:\\\/\\\/pellervo.fi\\\/#\\\/schema\\\/person\\\/4b74d40956937d1367ade81899997e71\",\"name\":\"pellervo\",\"image\":{\"@type\":\"ImageObject\",\"inLanguage\":\"en-US\",\"@id\":\"https:\\\/\\\/pellervo.fi\\\/wp-content\\\/uploads\\\/2013\\\/11\\\/pellervo_avatar_1384522134-96x96.jpg\",\"url\":\"https:\\\/\\\/pellervo.fi\\\/wp-content\\\/uploads\\\/2013\\\/11\\\/pellervo_avatar_1384522134-96x96.jpg\",\"contentUrl\":\"https:\\\/\\\/pellervo.fi\\\/wp-content\\\/uploads\\\/2013\\\/11\\\/pellervo_avatar_1384522134-96x96.jpg\",\"caption\":\"pellervo\"},\"description\":\"Kuvaus\",\"url\":\"https:\\\/\\\/pellervo.fi\\\/en\\\/author\\\/pellervo\\\/\"}]}<\/script>\n<!-- \/ Yoast SEO plugin. -->","yoast_head_json":{"title":"MEP N\u00e4k\u00f6kulma: Alviina Alamets\u00e4 \u2013 Ilmastokriisi torjutaan reilulla taloudella - Pellervo","robots":{"index":"index","follow":"follow","max-snippet":"max-snippet:-1","max-image-preview":"max-image-preview:large","max-video-preview":"max-video-preview:-1"},"canonical":"https:\/\/pellervo.fi\/sv\/nakokulma\/2020\/12\/15\/mep-nakokulma-alviina-alametsa-ilmastokriisi-torjutaan-reilulla-taloudella\/","og_locale":"en_US","og_type":"article","og_title":"MEP N\u00e4k\u00f6kulma: Alviina Alamets\u00e4 \u2013 Ilmastokriisi torjutaan reilulla taloudella - Pellervo","og_description":"Ilmastokriisi pakottaa yhteiskuntia muuttumaan. Muutos kannattaa aloittaa itse, eik\u00e4 pakon edess\u00e4. Ilmastokriisin torjumiseksi talousj\u00e4rjestelm\u00e4n Suomessa, EU:ssa ja koko maailmassa on muututtava. Ymp\u00e4rist\u00f6 kannattaa huomioida paljon nykyist\u00e4 paremmin.","og_url":"https:\/\/pellervo.fi\/sv\/nakokulma\/2020\/12\/15\/mep-nakokulma-alviina-alametsa-ilmastokriisi-torjutaan-reilulla-taloudella\/","og_site_name":"Pellervo","article_published_time":"2020-12-15T06:33:00+00:00","article_modified_time":"2020-12-15T06:33:57+00:00","og_image":[{"width":850,"height":567,"url":"https:\/\/pellervo.fi\/wp-content\/uploads\/2020\/12\/alviina-alametsa.jpg","type":"image\/jpeg"}],"author":"pellervo","twitter_card":"summary_large_image","twitter_creator":"@PellervoFi","twitter_site":"@PellervoFi","twitter_misc":{"Written by":"pellervo","Est. reading time":"2 minutes"},"schema":{"@context":"https:\/\/schema.org","@graph":[{"@type":"Article","@id":"https:\/\/pellervo.fi\/sv\/nakokulma\/2020\/12\/15\/mep-nakokulma-alviina-alametsa-ilmastokriisi-torjutaan-reilulla-taloudella\/#article","isPartOf":{"@id":"https:\/\/pellervo.fi\/sv\/nakokulma\/2020\/12\/15\/mep-nakokulma-alviina-alametsa-ilmastokriisi-torjutaan-reilulla-taloudella\/"},"author":{"name":"pellervo","@id":"https:\/\/pellervo.fi\/#\/schema\/person\/4b74d40956937d1367ade81899997e71"},"headline":"MEP N\u00e4k\u00f6kulma: Alviina Alamets\u00e4 \u2013 Ilmastokriisi torjutaan reilulla taloudella","datePublished":"2020-12-15T06:33:00+00:00","dateModified":"2020-12-15T06:33:57+00:00","mainEntityOfPage":{"@id":"https:\/\/pellervo.fi\/sv\/nakokulma\/2020\/12\/15\/mep-nakokulma-alviina-alametsa-ilmastokriisi-torjutaan-reilulla-taloudella\/"},"wordCount":431,"publisher":{"@id":"https:\/\/pellervo.fi\/#organization"},"image":{"@id":"https:\/\/pellervo.fi\/sv\/nakokulma\/2020\/12\/15\/mep-nakokulma-alviina-alametsa-ilmastokriisi-torjutaan-reilulla-taloudella\/#primaryimage"},"thumbnailUrl":"https:\/\/pellervo.fi\/wp-content\/uploads\/2020\/12\/alviina-alametsa.jpg","keywords":["MEP N\u00e4k\u00f6kulma"],"articleSection":["N\u00e4k\u00f6kulma"],"inLanguage":"en-US"},{"@type":"WebPage","@id":"https:\/\/pellervo.fi\/sv\/nakokulma\/2020\/12\/15\/mep-nakokulma-alviina-alametsa-ilmastokriisi-torjutaan-reilulla-taloudella\/","url":"https:\/\/pellervo.fi\/sv\/nakokulma\/2020\/12\/15\/mep-nakokulma-alviina-alametsa-ilmastokriisi-torjutaan-reilulla-taloudella\/","name":"MEP N\u00e4k\u00f6kulma: Alviina Alamets\u00e4 \u2013 Ilmastokriisi torjutaan reilulla taloudella - Pellervo","isPartOf":{"@id":"https:\/\/pellervo.fi\/#website"},"primaryImageOfPage":{"@id":"https:\/\/pellervo.fi\/sv\/nakokulma\/2020\/12\/15\/mep-nakokulma-alviina-alametsa-ilmastokriisi-torjutaan-reilulla-taloudella\/#primaryimage"},"image":{"@id":"https:\/\/pellervo.fi\/sv\/nakokulma\/2020\/12\/15\/mep-nakokulma-alviina-alametsa-ilmastokriisi-torjutaan-reilulla-taloudella\/#primaryimage"},"thumbnailUrl":"https:\/\/pellervo.fi\/wp-content\/uploads\/2020\/12\/alviina-alametsa.jpg","datePublished":"2020-12-15T06:33:00+00:00","dateModified":"2020-12-15T06:33:57+00:00","breadcrumb":{"@id":"https:\/\/pellervo.fi\/sv\/nakokulma\/2020\/12\/15\/mep-nakokulma-alviina-alametsa-ilmastokriisi-torjutaan-reilulla-taloudella\/#breadcrumb"},"inLanguage":"en-US","potentialAction":[{"@type":"ReadAction","target":["https:\/\/pellervo.fi\/sv\/nakokulma\/2020\/12\/15\/mep-nakokulma-alviina-alametsa-ilmastokriisi-torjutaan-reilulla-taloudella\/"]}]},{"@type":"ImageObject","inLanguage":"en-US","@id":"https:\/\/pellervo.fi\/sv\/nakokulma\/2020\/12\/15\/mep-nakokulma-alviina-alametsa-ilmastokriisi-torjutaan-reilulla-taloudella\/#primaryimage","url":"https:\/\/pellervo.fi\/wp-content\/uploads\/2020\/12\/alviina-alametsa.jpg","contentUrl":"https:\/\/pellervo.fi\/wp-content\/uploads\/2020\/12\/alviina-alametsa.jpg","width":850,"height":567},{"@type":"BreadcrumbList","@id":"https:\/\/pellervo.fi\/sv\/nakokulma\/2020\/12\/15\/mep-nakokulma-alviina-alametsa-ilmastokriisi-torjutaan-reilulla-taloudella\/#breadcrumb","itemListElement":[{"@type":"ListItem","position":1,"name":"Koti","item":"https:\/\/pellervo.fi\/en\/"},{"@type":"ListItem","position":2,"name":"MEP N\u00e4k\u00f6kulma: Alviina Alamets\u00e4 \u2013 Ilmastokriisi torjutaan reilulla taloudella"}]},{"@type":"WebSite","@id":"https:\/\/pellervo.fi\/#website","url":"https:\/\/pellervo.fi\/","name":"Pellervo","description":"Osuuskuntien keskusj\u00e4rjest\u00f6","publisher":{"@id":"https:\/\/pellervo.fi\/#organization"},"potentialAction":[{"@type":"SearchAction","target":{"@type":"EntryPoint","urlTemplate":"https:\/\/pellervo.fi\/?s={search_term_string}"},"query-input":{"@type":"PropertyValueSpecification","valueRequired":true,"valueName":"search_term_string"}}],"inLanguage":"en-US"},{"@type":"Organization","@id":"https:\/\/pellervo.fi\/#organization","name":"Osuustoimintakeskus Pellervo ry","url":"https:\/\/pellervo.fi\/","logo":{"@type":"ImageObject","inLanguage":"en-US","@id":"https:\/\/pellervo.fi\/#\/schema\/logo\/image\/","url":"https:\/\/pellervo.fi\/wp-content\/uploads\/2020\/05\/Pellervo_logo.png","contentUrl":"https:\/\/pellervo.fi\/wp-content\/uploads\/2020\/05\/Pellervo_logo.png","width":1335,"height":376,"caption":"Osuustoimintakeskus Pellervo ry"},"image":{"@id":"https:\/\/pellervo.fi\/#\/schema\/logo\/image\/"},"sameAs":["https:\/\/x.com\/PellervoFi"]},{"@type":"Person","@id":"https:\/\/pellervo.fi\/#\/schema\/person\/4b74d40956937d1367ade81899997e71","name":"pellervo","image":{"@type":"ImageObject","inLanguage":"en-US","@id":"https:\/\/pellervo.fi\/wp-content\/uploads\/2013\/11\/pellervo_avatar_1384522134-96x96.jpg","url":"https:\/\/pellervo.fi\/wp-content\/uploads\/2013\/11\/pellervo_avatar_1384522134-96x96.jpg","contentUrl":"https:\/\/pellervo.fi\/wp-content\/uploads\/2013\/11\/pellervo_avatar_1384522134-96x96.jpg","caption":"pellervo"},"description":"Kuvaus","url":"https:\/\/pellervo.fi\/en\/author\/pellervo\/"}]}},"_links":{"self":[{"href":"https:\/\/pellervo.fi\/en\/wp-json\/wp\/v2\/posts\/889193","targetHints":{"allow":["GET"]}}],"collection":[{"href":"https:\/\/pellervo.fi\/en\/wp-json\/wp\/v2\/posts"}],"about":[{"href":"https:\/\/pellervo.fi\/en\/wp-json\/wp\/v2\/types\/post"}],"author":[{"embeddable":true,"href":"https:\/\/pellervo.fi\/en\/wp-json\/wp\/v2\/users\/5"}],"replies":[{"embeddable":true,"href":"https:\/\/pellervo.fi\/en\/wp-json\/wp\/v2\/comments?post=889193"}],"version-history":[{"count":2,"href":"https:\/\/pellervo.fi\/en\/wp-json\/wp\/v2\/posts\/889193\/revisions"}],"predecessor-version":[{"id":889198,"href":"https:\/\/pellervo.fi\/en\/wp-json\/wp\/v2\/posts\/889193\/revisions\/889198"}],"wp:featuredmedia":[{"embeddable":true,"href":"https:\/\/pellervo.fi\/en\/wp-json\/wp\/v2\/media\/889194"}],"wp:attachment":[{"href":"https:\/\/pellervo.fi\/en\/wp-json\/wp\/v2\/media?parent=889193"}],"wp:term":[{"taxonomy":"category","embeddable":true,"href":"https:\/\/pellervo.fi\/en\/wp-json\/wp\/v2\/categories?post=889193"},{"taxonomy":"post_tag","embeddable":true,"href":"https:\/\/pellervo.fi\/en\/wp-json\/wp\/v2\/tags?post=889193"}],"curies":[{"name":"wp","href":"https:\/\/api.w.org\/{rel}","templated":true}]}}