{"id":889508,"date":"2021-01-14T15:34:00","date_gmt":"2021-01-14T13:34:00","guid":{"rendered":"https:\/\/pellervo.fi\/?p=889508"},"modified":"2021-08-05T12:50:51","modified_gmt":"2021-08-05T09:50:51","slug":"pellervon-aamu-14-1-lisaa-naisia-hallinnon-ja-johdon-avainpaikoille-vieraana-sirpa-pietikainen","status":"publish","type":"post","link":"https:\/\/pellervo.fi\/en\/uutiset\/2021\/01\/14\/pellervon-aamu-14-1-lisaa-naisia-hallinnon-ja-johdon-avainpaikoille-vieraana-sirpa-pietikainen\/","title":{"rendered":"Sirpa Pietik\u00e4inen vieraili Pellervon Aamussa: Tasa-arvon pit\u00e4isi olla osuustoimintaliikkeelle syd\u00e4men asia!"},"content":{"rendered":"\n<p>&#8220;Hedvig-projektin l\u00e4ht\u00f6kohtana oli, ett\u00e4 saataisiin yht\u00e4 paljon naisia kuin miehi\u00e4kin osuustoiminnallisiin vastuuteht\u00e4viin. Aika kaukana siit\u00e4 tavoitteesta ollaan ja aika hitaasti t\u00e4ss\u00e4 on edistytty. Nykyisell\u00e4 tahdilla tasa-arvoa joudutaan odottamaan vuoteen 2200.&#8221;<\/p>\n\n\n\n<p>Pietik\u00e4inen puhui resurssien hukkaamisesta, kun naisten koko potentiaali ei p\u00e4\u00e4se osuuskuntien johtamisessa k\u00e4ytt\u00f6\u00f6n. Potentiaalia on, siit\u00e4 h\u00e4n kertoi varmistuneensa jo kymmenen\u00e4 opettajavuotenaan kauppakorkeakoulussa. Siksi osuustoimintaliike tarvitsee pohdintaa rakenteista.<\/p>\n\n\n\n<h4 class=\"wp-block-heading\"><strong>Enemm\u00e4n naisia on oikein, mahdollista ja tuo parempaa liiketoimintaa<\/strong><\/h4>\n\n\n\n<p>&#8220;Kysymys on oikeudenmukaisuudesta ja tasa-arvosta. Siksi t\u00e4m\u00e4n pit\u00e4isi olla osuustoimintaliikkeelle syd\u00e4men asia&#8221;, Pietik\u00e4inen muistutti webinaarin osanottajia.<\/p>\n\n\n\n<p>&#8220;Lis\u00e4ksi on paljon tutkimusta siit\u00e4, ett\u00e4 sellaiset yritykset, joissa tasa-arvoperiaate toteutuu, p\u00e4rj\u00e4\u00e4v\u00e4t parhaiten. Kysymys ei ole siit\u00e4, ett\u00e4 naiset ovat parempia kuin miehet &#8211; mutta asia ei my\u00f6sk\u00e4\u00e4n ole toisinp\u00e4in. Usein kyse on hiljaisesta syrjinn\u00e4st\u00e4, jossa hukataan puolen kansakunnan \u00e4lyllinen resurssi.&#8221;<\/p>\n\n\n\n<p>H\u00e4nen mukaansa me Suomessa olemme tuudittautuneet siihen, ett\u00e4 Suomi on tasa-arvon mallimaa. Ajattelemme helposti, ett\u00e4 tasa-arvokysymykset koskevat l\u00e4hinn\u00e4 it\u00e4-, kenties my\u00f6s etel\u00e4-Eurooppaa. Kuitenkin erilaiset indikaattoriluvut kertovat toista kielt\u00e4. Muun muassa Euroopan tasa-arvoinstituutti EIGE seuraa kehityst\u00e4 tarkasti.<\/p>\n\n\n\n<p>Luvuilla on merkityst\u00e4 osuustoiminnan periaatteiden lis\u00e4ksi my\u00f6s siksi, ett\u00e4 tutkitusti diversiteetilt\u00e4\u00e4n laajemmat yritykset p\u00e4rj\u00e4\u00e4v\u00e4t paremmin. &nbsp;N\u00e4in lis\u00e4t\u00e4\u00e4n ikkunoita p\u00e4\u00e4t\u00f6ksenteon huoneisiin &#8211; riskin arviointiin, kuluttajatarpeiden ymm\u00e4rt\u00e4miseen tai ihan mihin tahansa taloudellisen p\u00e4\u00e4t\u00f6ksenteon kysymykseen. Esimerkiksi hallitusj\u00e4senyyden ideahan on tuoda erilaista n\u00e4kemyst\u00e4, kokemuksen puute juuri kyseiselt\u00e4 alalta ei saa olla este.<\/p>\n\n\n\n<p>&#8220;Hyvin sis\u00e4syntyiset n\u00e4kemykset erityisesti yhteiskunnallisen murroksen aikaan voivat olla yritykselle todella vaarallisia,&#8221; kiteytti Pietik\u00e4inen.<\/p>\n\n\n\n<h4 class=\"wp-block-heading\"><strong>Tarvitaan muuta kuin cv-rekrytointia<\/strong><\/h4>\n\n\n\n<p>Mit\u00e4 osuustoimintaliike voisi tehd\u00e4? Sirpa Pietik\u00e4inen per\u00e4\u00e4nkuulutti yrityksiin ohjelmaa, jolla tasa-arvoon pyrit\u00e4\u00e4n aktiivisin keinoin: esimerkiksi koulutuksilla, johtajapaikkojen sijaistuksilla ja potentiaalirekrytoinneilla &#8211; jossa katsotaan muutakin kuin jo ker\u00e4tty\u00e4 referenssi\u00e4.<\/p>\n\n\n\n<p>Isojen yritysten kannattaisi h\u00e4nen mukaansa tehd\u00e4 aiheesta selke\u00e4 sitoumus ja lis\u00e4ksi ohjekirja, jonka sek\u00e4 ammattijohto ett\u00e4 hallitus k\u00e4visiv\u00e4t l\u00e4pi. Yksi ulottuvuus siin\u00e4 olisi diversiteetti, jonka edist\u00e4miseen kirjattaisiin ty\u00f6kaluksi tasa-arvo-ohjelma. Todettaisiin, ett\u00e4,<\/p>\n\n\n\n<ol class=\"wp-block-list\"><li>rekrytoinneissa haetaan ensisijaisesti potentiaalia, ei cv:n mittaa<\/li><li>ammattijohdon hakuilmoituksia mietit\u00e4\u00e4n my\u00f6s t\u00e4lt\u00e4 pohjalta<\/li><li>pohditaan, miten talon sis\u00e4lt\u00e4 rakennetaan etenemiseen &#8220;tampoliinia&#8221;.<\/li><\/ol>\n\n\n\n<p>Pellervon hallituksen puheenjohtaja <strong>Petri Pitk\u00e4nen<\/strong> muistutti Pellervon Aamun osanottajia Kest\u00e4v\u00e4n kehityksen 2050-sitoumuksesta, joka Pellervossa on tehty. H\u00e4n toivoi, ett\u00e4 j\u00e4senyritykset l\u00e4htev\u00e4t t\u00e4h\u00e4n nyt mukaan:<\/p>\n\n\n\n<p>&#8220;T\u00e4m\u00e4 on hyvin pitk\u00e4lle yrityskulttuurikysymys. Pienen\u00e4 kansana meill\u00e4 ei ole varaa hukata yht\u00e4\u00e4n resursseja. &#8220;<\/p>\n\n\n\n<p>Sirpa Pietik\u00e4inen totesi, ett\u00e4 Suomi on vahva osuustoimintamaa. Voitaisiinko Pellervon piiriss\u00e4 olla polkaisemassa vaikkapa europarlamentin osuustoimintaryhm\u00e4n kanssa per\u00e4ti eurooppalaista Hedvig-projektia?<\/p>\n\n\n\n<p><strong>Marjaana Saarikoski <\/strong>Eurocoopin hallituksen j\u00e4sen, kertoi Petri Pitk\u00e4sen lailla ilahtuvansa t\u00e4st\u00e4 ajatuksesta kovasti. Pellervon Aamussa jo hahmoteltiinkin webinaaria tai tapaamista Eurocoopin ja Cooperatives Europen kanssa aiheen tiimoilta.<\/p>\n\n\n\n<p>Kyse ei ole pelk\u00e4st\u00e4\u00e4n sukupuolten v\u00e4lisest\u00e4 tasa-arvosta vaan my\u00f6s muusta taustojen diversiteetist\u00e4. Heitettiinp\u00e4 webinaarikeskustelussa ilmoille jo ty\u00f6nimi <em>Ruskea Hedvig<\/em>.<\/p>\n\n\n\n<p>&#8220;Autan t\u00e4ss\u00e4 todella mielell\u00e4ni, t\u00e4t\u00e4 toivon. Teill\u00e4 on ne jalat ja muskelit ja min\u00e4 voin sitten olla linkki poliitikkokentt\u00e4\u00e4n&#8221;, Pietik\u00e4inen summasi.<\/p>\n\n\n\n<p><a href=\"https:\/\/youtu.be\/cccGSqWSpFQ\" target=\"_blank\" rel=\"noreferrer noopener\">Pellervon Aamun 14.1. tallenne<\/a><\/p>\n\n\n\n<p><a href=\"https:\/\/pellervo.fi\/hedvig\/index.html\" target=\"_blank\" rel=\"noreferrer noopener\">2000-luvun taitteen Hedvig-projekti<\/a><\/p>\n","protected":false},"excerpt":{"rendered":"<p>Euroopan Parlamentin j\u00e4sen Sirpa Pietik\u00e4inen vieraili 14.1. keskustelemassa tasa-arvoasioista ja osuuskuntien keinoista edist\u00e4\u00e4 sit\u00e4, ettei puolen kansan resurssia hukata.  <\/p>\n","protected":false},"author":5,"featured_media":889509,"comment_status":"closed","ping_status":"closed","sticky":false,"template":"","format":"standard","meta":{"inline_featured_image":false,"_monsterinsights_skip_tracking":false,"_monsterinsights_sitenote_active":false,"_monsterinsights_sitenote_note":"","_monsterinsights_sitenote_category":0,"site-sidebar-layout":"default","site-content-layout":"default","ast-site-content-layout":"default","site-content-style":"default","site-sidebar-style":"default","ast-global-header-display":"","ast-banner-title-visibility":"","ast-main-header-display":"","ast-hfb-above-header-display":"","ast-hfb-below-header-display":"","ast-hfb-mobile-header-display":"","site-post-title":"","ast-breadcrumbs-content":"","ast-featured-img":"","footer-sml-layout":"","ast-disable-related-posts":"","theme-transparent-header-meta":"default","adv-header-id-meta":"","stick-header-meta":"","header-above-stick-meta":"","header-main-stick-meta":"","header-below-stick-meta":"","astra-migrate-meta-layouts":"default","ast-page-background-enabled":"default","ast-page-background-meta":{"desktop":{"background-color":"","background-image":"","background-repeat":"repeat","background-position":"center center","background-size":"auto","background-attachment":"scroll","background-type":"","background-media":"","overlay-type":"","overlay-color":"","overlay-opacity":"","overlay-gradient":""},"tablet":{"background-color":"","background-image":"","background-repeat":"repeat","background-position":"center center","background-size":"auto","background-attachment":"scroll","background-type":"","background-media":"","overlay-type":"","overlay-color":"","overlay-opacity":"","overlay-gradient":""},"mobile":{"background-color":"","background-image":"","background-repeat":"repeat","background-position":"center center","background-size":"auto","background-attachment":"scroll","background-type":"","background-media":"","overlay-type":"","overlay-color":"","overlay-opacity":"","overlay-gradient":""}},"ast-content-background-meta":{"desktop":{"background-color":"var(--ast-global-color-5)","background-image":"","background-repeat":"repeat","background-position":"center center","background-size":"auto","background-attachment":"scroll","background-type":"","background-media":"","overlay-type":"","overlay-color":"","overlay-opacity":"","overlay-gradient":""},"tablet":{"background-color":"var(--ast-global-color-5)","background-image":"","background-repeat":"repeat","background-position":"center center","background-size":"auto","background-attachment":"scroll","background-type":"","background-media":"","overlay-type":"","overlay-color":"","overlay-opacity":"","overlay-gradient":""},"mobile":{"background-color":"var(--ast-global-color-5)","background-image":"","background-repeat":"repeat","background-position":"center center","background-size":"auto","background-attachment":"scroll","background-type":"","background-media":"","overlay-type":"","overlay-color":"","overlay-opacity":"","overlay-gradient":""}},"_FSMCFIC_featured_image_caption":"","_FSMCFIC_featured_image_nocaption":"","_FSMCFIC_featured_image_hide":"","footnotes":""},"categories":[359,22],"tags":[256],"class_list":["post-889508","post","type-post","status-publish","format-standard","has-post-thumbnail","hentry","category-pellervon-aamut","category-uutiset","tag-pellervon-aamu"],"yoast_head":"<!-- This site is optimized with the Yoast SEO plugin v27.4 - https:\/\/yoast.com\/product\/yoast-seo-wordpress\/ -->\n<title>Sirpa Pietik\u00e4inen vieraili Pellervon Aamussa: Tasa-arvon pit\u00e4isi olla osuustoimintaliikkeelle syd\u00e4men asia! - Pellervo<\/title>\n<meta name=\"description\" content=\"Euroopan Parlamentin j\u00e4sen Sirpa Pietik\u00e4inen vieraili 14.1. keskustelemassa tasa-arvoasioista ja osuuskuntien keinoista edist\u00e4\u00e4 sit\u00e4, ettei puolen kansan resurssia hukata.\" \/>\n<meta name=\"robots\" content=\"index, follow, max-snippet:-1, max-image-preview:large, max-video-preview:-1\" \/>\n<link rel=\"canonical\" href=\"https:\/\/pellervo.fi\/uutiset\/2021\/01\/14\/pellervon-aamu-14-1-lisaa-naisia-hallinnon-ja-johdon-avainpaikoille-vieraana-sirpa-pietikainen\/\" \/>\n<meta property=\"og:locale\" content=\"en_US\" \/>\n<meta property=\"og:type\" content=\"article\" \/>\n<meta property=\"og:title\" content=\"Sirpa Pietik\u00e4inen vieraili Pellervon Aamussa: Tasa-arvon pit\u00e4isi olla osuustoimintaliikkeelle syd\u00e4men asia! - Pellervo\" \/>\n<meta property=\"og:description\" content=\"Euroopan Parlamentin j\u00e4sen Sirpa Pietik\u00e4inen vieraili 14.1. keskustelemassa tasa-arvoasioista ja osuuskuntien keinoista edist\u00e4\u00e4 sit\u00e4, ettei puolen kansan resurssia hukata.\" \/>\n<meta property=\"og:url\" content=\"https:\/\/pellervo.fi\/uutiset\/2021\/01\/14\/pellervon-aamu-14-1-lisaa-naisia-hallinnon-ja-johdon-avainpaikoille-vieraana-sirpa-pietikainen\/\" \/>\n<meta property=\"og:site_name\" content=\"Pellervo\" \/>\n<meta property=\"article:published_time\" content=\"2021-01-14T13:34:00+00:00\" \/>\n<meta property=\"article:modified_time\" content=\"2021-08-05T09:50:51+00:00\" \/>\n<meta property=\"og:image\" content=\"https:\/\/pellervo.fi\/wp-content\/uploads\/2021\/01\/Pellervon-Aamu-Lisaa-naisia-hallinnon-ja-johdon-avainpaikoille.jpeg\" \/>\n\t<meta property=\"og:image:width\" content=\"480\" \/>\n\t<meta property=\"og:image:height\" content=\"360\" \/>\n\t<meta property=\"og:image:type\" content=\"image\/jpeg\" \/>\n<meta name=\"author\" content=\"pellervo\" \/>\n<meta name=\"twitter:card\" content=\"summary_large_image\" \/>\n<meta name=\"twitter:creator\" content=\"@PellervoFi\" \/>\n<meta name=\"twitter:site\" content=\"@PellervoFi\" \/>\n<meta name=\"twitter:label1\" content=\"Written by\" \/>\n\t<meta name=\"twitter:data1\" content=\"pellervo\" \/>\n\t<meta name=\"twitter:label2\" content=\"Est. reading time\" \/>\n\t<meta name=\"twitter:data2\" content=\"3 minutes\" \/>\n<script type=\"application\/ld+json\" class=\"yoast-schema-graph\">{\"@context\":\"https:\\\/\\\/schema.org\",\"@graph\":[{\"@type\":\"Article\",\"@id\":\"https:\\\/\\\/pellervo.fi\\\/uutiset\\\/2021\\\/01\\\/14\\\/pellervon-aamu-14-1-lisaa-naisia-hallinnon-ja-johdon-avainpaikoille-vieraana-sirpa-pietikainen\\\/#article\",\"isPartOf\":{\"@id\":\"https:\\\/\\\/pellervo.fi\\\/uutiset\\\/2021\\\/01\\\/14\\\/pellervon-aamu-14-1-lisaa-naisia-hallinnon-ja-johdon-avainpaikoille-vieraana-sirpa-pietikainen\\\/\"},\"author\":{\"name\":\"pellervo\",\"@id\":\"https:\\\/\\\/pellervo.fi\\\/#\\\/schema\\\/person\\\/4b74d40956937d1367ade81899997e71\"},\"headline\":\"Sirpa Pietik\u00e4inen vieraili Pellervon Aamussa: Tasa-arvon pit\u00e4isi olla osuustoimintaliikkeelle syd\u00e4men asia!\",\"datePublished\":\"2021-01-14T13:34:00+00:00\",\"dateModified\":\"2021-08-05T09:50:51+00:00\",\"mainEntityOfPage\":{\"@id\":\"https:\\\/\\\/pellervo.fi\\\/uutiset\\\/2021\\\/01\\\/14\\\/pellervon-aamu-14-1-lisaa-naisia-hallinnon-ja-johdon-avainpaikoille-vieraana-sirpa-pietikainen\\\/\"},\"wordCount\":543,\"publisher\":{\"@id\":\"https:\\\/\\\/pellervo.fi\\\/#organization\"},\"image\":{\"@id\":\"https:\\\/\\\/pellervo.fi\\\/uutiset\\\/2021\\\/01\\\/14\\\/pellervon-aamu-14-1-lisaa-naisia-hallinnon-ja-johdon-avainpaikoille-vieraana-sirpa-pietikainen\\\/#primaryimage\"},\"thumbnailUrl\":\"https:\\\/\\\/pellervo.fi\\\/wp-content\\\/uploads\\\/2021\\\/01\\\/Pellervon-Aamu-Lisaa-naisia-hallinnon-ja-johdon-avainpaikoille.jpeg\",\"keywords\":[\"Pellervon Aamu -webinaaritallenteet\"],\"articleSection\":[\"Pellervon Aamu -webinaarit\",\"Uutiset\"],\"inLanguage\":\"en-US\"},{\"@type\":\"WebPage\",\"@id\":\"https:\\\/\\\/pellervo.fi\\\/uutiset\\\/2021\\\/01\\\/14\\\/pellervon-aamu-14-1-lisaa-naisia-hallinnon-ja-johdon-avainpaikoille-vieraana-sirpa-pietikainen\\\/\",\"url\":\"https:\\\/\\\/pellervo.fi\\\/uutiset\\\/2021\\\/01\\\/14\\\/pellervon-aamu-14-1-lisaa-naisia-hallinnon-ja-johdon-avainpaikoille-vieraana-sirpa-pietikainen\\\/\",\"name\":\"Sirpa Pietik\u00e4inen vieraili Pellervon Aamussa: Tasa-arvon pit\u00e4isi olla osuustoimintaliikkeelle syd\u00e4men asia! - Pellervo\",\"isPartOf\":{\"@id\":\"https:\\\/\\\/pellervo.fi\\\/#website\"},\"primaryImageOfPage\":{\"@id\":\"https:\\\/\\\/pellervo.fi\\\/uutiset\\\/2021\\\/01\\\/14\\\/pellervon-aamu-14-1-lisaa-naisia-hallinnon-ja-johdon-avainpaikoille-vieraana-sirpa-pietikainen\\\/#primaryimage\"},\"image\":{\"@id\":\"https:\\\/\\\/pellervo.fi\\\/uutiset\\\/2021\\\/01\\\/14\\\/pellervon-aamu-14-1-lisaa-naisia-hallinnon-ja-johdon-avainpaikoille-vieraana-sirpa-pietikainen\\\/#primaryimage\"},\"thumbnailUrl\":\"https:\\\/\\\/pellervo.fi\\\/wp-content\\\/uploads\\\/2021\\\/01\\\/Pellervon-Aamu-Lisaa-naisia-hallinnon-ja-johdon-avainpaikoille.jpeg\",\"datePublished\":\"2021-01-14T13:34:00+00:00\",\"dateModified\":\"2021-08-05T09:50:51+00:00\",\"description\":\"Euroopan Parlamentin j\u00e4sen Sirpa Pietik\u00e4inen vieraili 14.1. keskustelemassa tasa-arvoasioista ja osuuskuntien keinoista edist\u00e4\u00e4 sit\u00e4, ettei puolen kansan resurssia hukata.\",\"breadcrumb\":{\"@id\":\"https:\\\/\\\/pellervo.fi\\\/uutiset\\\/2021\\\/01\\\/14\\\/pellervon-aamu-14-1-lisaa-naisia-hallinnon-ja-johdon-avainpaikoille-vieraana-sirpa-pietikainen\\\/#breadcrumb\"},\"inLanguage\":\"en-US\",\"potentialAction\":[{\"@type\":\"ReadAction\",\"target\":[\"https:\\\/\\\/pellervo.fi\\\/uutiset\\\/2021\\\/01\\\/14\\\/pellervon-aamu-14-1-lisaa-naisia-hallinnon-ja-johdon-avainpaikoille-vieraana-sirpa-pietikainen\\\/\"]}]},{\"@type\":\"ImageObject\",\"inLanguage\":\"en-US\",\"@id\":\"https:\\\/\\\/pellervo.fi\\\/uutiset\\\/2021\\\/01\\\/14\\\/pellervon-aamu-14-1-lisaa-naisia-hallinnon-ja-johdon-avainpaikoille-vieraana-sirpa-pietikainen\\\/#primaryimage\",\"url\":\"https:\\\/\\\/pellervo.fi\\\/wp-content\\\/uploads\\\/2021\\\/01\\\/Pellervon-Aamu-Lisaa-naisia-hallinnon-ja-johdon-avainpaikoille.jpeg\",\"contentUrl\":\"https:\\\/\\\/pellervo.fi\\\/wp-content\\\/uploads\\\/2021\\\/01\\\/Pellervon-Aamu-Lisaa-naisia-hallinnon-ja-johdon-avainpaikoille.jpeg\",\"width\":480,\"height\":360},{\"@type\":\"BreadcrumbList\",\"@id\":\"https:\\\/\\\/pellervo.fi\\\/uutiset\\\/2021\\\/01\\\/14\\\/pellervon-aamu-14-1-lisaa-naisia-hallinnon-ja-johdon-avainpaikoille-vieraana-sirpa-pietikainen\\\/#breadcrumb\",\"itemListElement\":[{\"@type\":\"ListItem\",\"position\":1,\"name\":\"Koti\",\"item\":\"https:\\\/\\\/pellervo.fi\\\/en\\\/\"},{\"@type\":\"ListItem\",\"position\":2,\"name\":\"Sirpa Pietik\u00e4inen vieraili Pellervon Aamussa: Tasa-arvon pit\u00e4isi olla osuustoimintaliikkeelle syd\u00e4men asia!\"}]},{\"@type\":\"WebSite\",\"@id\":\"https:\\\/\\\/pellervo.fi\\\/#website\",\"url\":\"https:\\\/\\\/pellervo.fi\\\/\",\"name\":\"Pellervo\",\"description\":\"Osuuskuntien keskusj\u00e4rjest\u00f6\",\"publisher\":{\"@id\":\"https:\\\/\\\/pellervo.fi\\\/#organization\"},\"potentialAction\":[{\"@type\":\"SearchAction\",\"target\":{\"@type\":\"EntryPoint\",\"urlTemplate\":\"https:\\\/\\\/pellervo.fi\\\/?s={search_term_string}\"},\"query-input\":{\"@type\":\"PropertyValueSpecification\",\"valueRequired\":true,\"valueName\":\"search_term_string\"}}],\"inLanguage\":\"en-US\"},{\"@type\":\"Organization\",\"@id\":\"https:\\\/\\\/pellervo.fi\\\/#organization\",\"name\":\"Osuustoimintakeskus Pellervo ry\",\"url\":\"https:\\\/\\\/pellervo.fi\\\/\",\"logo\":{\"@type\":\"ImageObject\",\"inLanguage\":\"en-US\",\"@id\":\"https:\\\/\\\/pellervo.fi\\\/#\\\/schema\\\/logo\\\/image\\\/\",\"url\":\"https:\\\/\\\/pellervo.fi\\\/wp-content\\\/uploads\\\/2020\\\/05\\\/Pellervo_logo.png\",\"contentUrl\":\"https:\\\/\\\/pellervo.fi\\\/wp-content\\\/uploads\\\/2020\\\/05\\\/Pellervo_logo.png\",\"width\":1335,\"height\":376,\"caption\":\"Osuustoimintakeskus Pellervo ry\"},\"image\":{\"@id\":\"https:\\\/\\\/pellervo.fi\\\/#\\\/schema\\\/logo\\\/image\\\/\"},\"sameAs\":[\"https:\\\/\\\/x.com\\\/PellervoFi\"]},{\"@type\":\"Person\",\"@id\":\"https:\\\/\\\/pellervo.fi\\\/#\\\/schema\\\/person\\\/4b74d40956937d1367ade81899997e71\",\"name\":\"pellervo\",\"image\":{\"@type\":\"ImageObject\",\"inLanguage\":\"en-US\",\"@id\":\"https:\\\/\\\/pellervo.fi\\\/wp-content\\\/uploads\\\/2013\\\/11\\\/pellervo_avatar_1384522134-96x96.jpg\",\"url\":\"https:\\\/\\\/pellervo.fi\\\/wp-content\\\/uploads\\\/2013\\\/11\\\/pellervo_avatar_1384522134-96x96.jpg\",\"contentUrl\":\"https:\\\/\\\/pellervo.fi\\\/wp-content\\\/uploads\\\/2013\\\/11\\\/pellervo_avatar_1384522134-96x96.jpg\",\"caption\":\"pellervo\"},\"description\":\"Kuvaus\",\"url\":\"https:\\\/\\\/pellervo.fi\\\/en\\\/author\\\/pellervo\\\/\"}]}<\/script>\n<!-- \/ Yoast SEO plugin. -->","yoast_head_json":{"title":"Sirpa Pietik\u00e4inen vieraili Pellervon Aamussa: Tasa-arvon pit\u00e4isi olla osuustoimintaliikkeelle syd\u00e4men asia! - Pellervo","description":"Euroopan Parlamentin j\u00e4sen Sirpa Pietik\u00e4inen vieraili 14.1. keskustelemassa tasa-arvoasioista ja osuuskuntien keinoista edist\u00e4\u00e4 sit\u00e4, ettei puolen kansan resurssia hukata.","robots":{"index":"index","follow":"follow","max-snippet":"max-snippet:-1","max-image-preview":"max-image-preview:large","max-video-preview":"max-video-preview:-1"},"canonical":"https:\/\/pellervo.fi\/uutiset\/2021\/01\/14\/pellervon-aamu-14-1-lisaa-naisia-hallinnon-ja-johdon-avainpaikoille-vieraana-sirpa-pietikainen\/","og_locale":"en_US","og_type":"article","og_title":"Sirpa Pietik\u00e4inen vieraili Pellervon Aamussa: Tasa-arvon pit\u00e4isi olla osuustoimintaliikkeelle syd\u00e4men asia! - Pellervo","og_description":"Euroopan Parlamentin j\u00e4sen Sirpa Pietik\u00e4inen vieraili 14.1. keskustelemassa tasa-arvoasioista ja osuuskuntien keinoista edist\u00e4\u00e4 sit\u00e4, ettei puolen kansan resurssia hukata.","og_url":"https:\/\/pellervo.fi\/uutiset\/2021\/01\/14\/pellervon-aamu-14-1-lisaa-naisia-hallinnon-ja-johdon-avainpaikoille-vieraana-sirpa-pietikainen\/","og_site_name":"Pellervo","article_published_time":"2021-01-14T13:34:00+00:00","article_modified_time":"2021-08-05T09:50:51+00:00","og_image":[{"width":480,"height":360,"url":"https:\/\/pellervo.fi\/wp-content\/uploads\/2021\/01\/Pellervon-Aamu-Lisaa-naisia-hallinnon-ja-johdon-avainpaikoille.jpeg","type":"image\/jpeg"}],"author":"pellervo","twitter_card":"summary_large_image","twitter_creator":"@PellervoFi","twitter_site":"@PellervoFi","twitter_misc":{"Written by":"pellervo","Est. reading time":"3 minutes"},"schema":{"@context":"https:\/\/schema.org","@graph":[{"@type":"Article","@id":"https:\/\/pellervo.fi\/uutiset\/2021\/01\/14\/pellervon-aamu-14-1-lisaa-naisia-hallinnon-ja-johdon-avainpaikoille-vieraana-sirpa-pietikainen\/#article","isPartOf":{"@id":"https:\/\/pellervo.fi\/uutiset\/2021\/01\/14\/pellervon-aamu-14-1-lisaa-naisia-hallinnon-ja-johdon-avainpaikoille-vieraana-sirpa-pietikainen\/"},"author":{"name":"pellervo","@id":"https:\/\/pellervo.fi\/#\/schema\/person\/4b74d40956937d1367ade81899997e71"},"headline":"Sirpa Pietik\u00e4inen vieraili Pellervon Aamussa: Tasa-arvon pit\u00e4isi olla osuustoimintaliikkeelle syd\u00e4men asia!","datePublished":"2021-01-14T13:34:00+00:00","dateModified":"2021-08-05T09:50:51+00:00","mainEntityOfPage":{"@id":"https:\/\/pellervo.fi\/uutiset\/2021\/01\/14\/pellervon-aamu-14-1-lisaa-naisia-hallinnon-ja-johdon-avainpaikoille-vieraana-sirpa-pietikainen\/"},"wordCount":543,"publisher":{"@id":"https:\/\/pellervo.fi\/#organization"},"image":{"@id":"https:\/\/pellervo.fi\/uutiset\/2021\/01\/14\/pellervon-aamu-14-1-lisaa-naisia-hallinnon-ja-johdon-avainpaikoille-vieraana-sirpa-pietikainen\/#primaryimage"},"thumbnailUrl":"https:\/\/pellervo.fi\/wp-content\/uploads\/2021\/01\/Pellervon-Aamu-Lisaa-naisia-hallinnon-ja-johdon-avainpaikoille.jpeg","keywords":["Pellervon Aamu -webinaaritallenteet"],"articleSection":["Pellervon Aamu -webinaarit","Uutiset"],"inLanguage":"en-US"},{"@type":"WebPage","@id":"https:\/\/pellervo.fi\/uutiset\/2021\/01\/14\/pellervon-aamu-14-1-lisaa-naisia-hallinnon-ja-johdon-avainpaikoille-vieraana-sirpa-pietikainen\/","url":"https:\/\/pellervo.fi\/uutiset\/2021\/01\/14\/pellervon-aamu-14-1-lisaa-naisia-hallinnon-ja-johdon-avainpaikoille-vieraana-sirpa-pietikainen\/","name":"Sirpa Pietik\u00e4inen vieraili Pellervon Aamussa: Tasa-arvon pit\u00e4isi olla osuustoimintaliikkeelle syd\u00e4men asia! - Pellervo","isPartOf":{"@id":"https:\/\/pellervo.fi\/#website"},"primaryImageOfPage":{"@id":"https:\/\/pellervo.fi\/uutiset\/2021\/01\/14\/pellervon-aamu-14-1-lisaa-naisia-hallinnon-ja-johdon-avainpaikoille-vieraana-sirpa-pietikainen\/#primaryimage"},"image":{"@id":"https:\/\/pellervo.fi\/uutiset\/2021\/01\/14\/pellervon-aamu-14-1-lisaa-naisia-hallinnon-ja-johdon-avainpaikoille-vieraana-sirpa-pietikainen\/#primaryimage"},"thumbnailUrl":"https:\/\/pellervo.fi\/wp-content\/uploads\/2021\/01\/Pellervon-Aamu-Lisaa-naisia-hallinnon-ja-johdon-avainpaikoille.jpeg","datePublished":"2021-01-14T13:34:00+00:00","dateModified":"2021-08-05T09:50:51+00:00","description":"Euroopan Parlamentin j\u00e4sen Sirpa Pietik\u00e4inen vieraili 14.1. keskustelemassa tasa-arvoasioista ja osuuskuntien keinoista edist\u00e4\u00e4 sit\u00e4, ettei puolen kansan resurssia hukata.","breadcrumb":{"@id":"https:\/\/pellervo.fi\/uutiset\/2021\/01\/14\/pellervon-aamu-14-1-lisaa-naisia-hallinnon-ja-johdon-avainpaikoille-vieraana-sirpa-pietikainen\/#breadcrumb"},"inLanguage":"en-US","potentialAction":[{"@type":"ReadAction","target":["https:\/\/pellervo.fi\/uutiset\/2021\/01\/14\/pellervon-aamu-14-1-lisaa-naisia-hallinnon-ja-johdon-avainpaikoille-vieraana-sirpa-pietikainen\/"]}]},{"@type":"ImageObject","inLanguage":"en-US","@id":"https:\/\/pellervo.fi\/uutiset\/2021\/01\/14\/pellervon-aamu-14-1-lisaa-naisia-hallinnon-ja-johdon-avainpaikoille-vieraana-sirpa-pietikainen\/#primaryimage","url":"https:\/\/pellervo.fi\/wp-content\/uploads\/2021\/01\/Pellervon-Aamu-Lisaa-naisia-hallinnon-ja-johdon-avainpaikoille.jpeg","contentUrl":"https:\/\/pellervo.fi\/wp-content\/uploads\/2021\/01\/Pellervon-Aamu-Lisaa-naisia-hallinnon-ja-johdon-avainpaikoille.jpeg","width":480,"height":360},{"@type":"BreadcrumbList","@id":"https:\/\/pellervo.fi\/uutiset\/2021\/01\/14\/pellervon-aamu-14-1-lisaa-naisia-hallinnon-ja-johdon-avainpaikoille-vieraana-sirpa-pietikainen\/#breadcrumb","itemListElement":[{"@type":"ListItem","position":1,"name":"Koti","item":"https:\/\/pellervo.fi\/en\/"},{"@type":"ListItem","position":2,"name":"Sirpa Pietik\u00e4inen vieraili Pellervon Aamussa: Tasa-arvon pit\u00e4isi olla osuustoimintaliikkeelle syd\u00e4men asia!"}]},{"@type":"WebSite","@id":"https:\/\/pellervo.fi\/#website","url":"https:\/\/pellervo.fi\/","name":"Pellervo","description":"Osuuskuntien keskusj\u00e4rjest\u00f6","publisher":{"@id":"https:\/\/pellervo.fi\/#organization"},"potentialAction":[{"@type":"SearchAction","target":{"@type":"EntryPoint","urlTemplate":"https:\/\/pellervo.fi\/?s={search_term_string}"},"query-input":{"@type":"PropertyValueSpecification","valueRequired":true,"valueName":"search_term_string"}}],"inLanguage":"en-US"},{"@type":"Organization","@id":"https:\/\/pellervo.fi\/#organization","name":"Osuustoimintakeskus Pellervo ry","url":"https:\/\/pellervo.fi\/","logo":{"@type":"ImageObject","inLanguage":"en-US","@id":"https:\/\/pellervo.fi\/#\/schema\/logo\/image\/","url":"https:\/\/pellervo.fi\/wp-content\/uploads\/2020\/05\/Pellervo_logo.png","contentUrl":"https:\/\/pellervo.fi\/wp-content\/uploads\/2020\/05\/Pellervo_logo.png","width":1335,"height":376,"caption":"Osuustoimintakeskus Pellervo ry"},"image":{"@id":"https:\/\/pellervo.fi\/#\/schema\/logo\/image\/"},"sameAs":["https:\/\/x.com\/PellervoFi"]},{"@type":"Person","@id":"https:\/\/pellervo.fi\/#\/schema\/person\/4b74d40956937d1367ade81899997e71","name":"pellervo","image":{"@type":"ImageObject","inLanguage":"en-US","@id":"https:\/\/pellervo.fi\/wp-content\/uploads\/2013\/11\/pellervo_avatar_1384522134-96x96.jpg","url":"https:\/\/pellervo.fi\/wp-content\/uploads\/2013\/11\/pellervo_avatar_1384522134-96x96.jpg","contentUrl":"https:\/\/pellervo.fi\/wp-content\/uploads\/2013\/11\/pellervo_avatar_1384522134-96x96.jpg","caption":"pellervo"},"description":"Kuvaus","url":"https:\/\/pellervo.fi\/en\/author\/pellervo\/"}]}},"_links":{"self":[{"href":"https:\/\/pellervo.fi\/en\/wp-json\/wp\/v2\/posts\/889508","targetHints":{"allow":["GET"]}}],"collection":[{"href":"https:\/\/pellervo.fi\/en\/wp-json\/wp\/v2\/posts"}],"about":[{"href":"https:\/\/pellervo.fi\/en\/wp-json\/wp\/v2\/types\/post"}],"author":[{"embeddable":true,"href":"https:\/\/pellervo.fi\/en\/wp-json\/wp\/v2\/users\/5"}],"replies":[{"embeddable":true,"href":"https:\/\/pellervo.fi\/en\/wp-json\/wp\/v2\/comments?post=889508"}],"version-history":[{"count":11,"href":"https:\/\/pellervo.fi\/en\/wp-json\/wp\/v2\/posts\/889508\/revisions"}],"predecessor-version":[{"id":898620,"href":"https:\/\/pellervo.fi\/en\/wp-json\/wp\/v2\/posts\/889508\/revisions\/898620"}],"wp:featuredmedia":[{"embeddable":true,"href":"https:\/\/pellervo.fi\/en\/wp-json\/wp\/v2\/media\/889509"}],"wp:attachment":[{"href":"https:\/\/pellervo.fi\/en\/wp-json\/wp\/v2\/media?parent=889508"}],"wp:term":[{"taxonomy":"category","embeddable":true,"href":"https:\/\/pellervo.fi\/en\/wp-json\/wp\/v2\/categories?post=889508"},{"taxonomy":"post_tag","embeddable":true,"href":"https:\/\/pellervo.fi\/en\/wp-json\/wp\/v2\/tags?post=889508"}],"curies":[{"name":"wp","href":"https:\/\/api.w.org\/{rel}","templated":true}]}}