{"id":889742,"date":"2021-02-09T10:23:00","date_gmt":"2021-02-09T08:23:00","guid":{"rendered":"https:\/\/pellervo.fi\/?p=889742"},"modified":"2024-07-17T13:26:57","modified_gmt":"2024-07-17T10:26:57","slug":"pellervon-aamu-yritysmuotona-osuuskunta-ja-ylpea-siita-tallenne","status":"publish","type":"post","link":"https:\/\/pellervo.fi\/en\/uutiset\/2021\/02\/09\/pellervon-aamu-yritysmuotona-osuuskunta-ja-ylpea-siita-tallenne\/","title":{"rendered":"Pellervon Aamussa 9.2. keskusteltiin yritysmuodon merkityksest\u00e4 toimitusjohtajan n\u00e4k\u00f6kulmasta: Olemme osuuskunta ja ylpe\u00e4 siit\u00e4!"},"content":{"rendered":"\n<h4 class=\"wp-block-heading\">&#8220;Olemme LPONetill\u00e4 kiitollisia siit\u00e4, ett\u00e4 olemme osuuskunta &#8211; se on se tae, ettei meit\u00e4 vallata emmek\u00e4 p\u00e4\u00e4dy spekulatiivisten ostajien kitoihin. Tuomme t\u00e4t\u00e4 esille kaikissa meid\u00e4n asiakas- ja sidosryhm\u00e4tapaamisissa, totesi It\u00e4-Uudellamaalla toimivan osuuskunnan toimitusjohtaja <strong>Gustaf Forsberg<\/strong> Pellervon Aamussa tiistaina 9. helmikuuta.<\/h4>\n\n\n\n<h4 class=\"wp-block-heading\">Verkkotilaisuuden aiheena oli toimitusjohtajan suhde yritysmuotoon. Mik\u00e4 rooli sill\u00e4 on asiakasviestinn\u00e4ss\u00e4, ja mihin muuhun se vaikuttaa? Vieraana oli Forsbergin lis\u00e4ksi Oulun Seudun S\u00e4hk\u00f6n <strong>Risto Kantola<\/strong>. OSS on satavuotias 16&nbsp;500 j\u00e4senen s\u00e4hk\u00f6-, l\u00e4mp\u00f6- ja valokuituosuuskunta.<\/h4>\n\n\n\n<p>Runsaan 4000 j\u00e4senen LPO perustettiin 1931 osuuskuntaksi siksi, ett\u00e4 loviisalaisten alullepanema osakeyhti\u00f6muotoinen puhelinyhti\u00f6 oli p\u00e4\u00e4tynyt ulkopuolisten k\u00e4siin. Monopoliyhti\u00f6n hintapolitiikkaan ei ollut mit\u00e4\u00e4n sanomista. Nyky\u00e4\u00e4n valokuituihin keskittyv\u00e4n LPONetin toiminta on monopolitoimintaa: verkkoja ei pienille paikkakunnille kannata rakentaa yht\u00e4 enemp\u00e4\u00e4.<\/p>\n\n\n\n<p>&#8220;Luonnollisessa monopolissa ei mielest\u00e4ni ole mit\u00e4\u00e4n ongelmaa, jos omistaja ja asiakas on sama henkil\u00f6&#8221;, Forsberg totesi. T\u00e4m\u00e4 koskee yht\u00e4lailla esimerkiksi vesihuoltoa. Osuuskunta on parempi kuin kunnallinen yhti\u00f6, koska siin\u00e4 on aina riski piiloverotukseen.<\/p>\n\n\n\n<h3 class=\"wp-block-heading\"><strong>Osuuskunnan arvo nousee j\u00e4senm\u00e4\u00e4r\u00e4n my\u00f6t\u00e4<\/strong><\/h3>\n\n\n\n<p>Kasvava osuuskunta on menestyv\u00e4 osuuskunta. Koska j\u00e4senm\u00e4\u00e4r\u00e4 ei ole rajattu, arvo nousee osuuksien m\u00e4\u00e4r\u00e4n noustessa. Kyse on siis p\u00e4invastaisesta ilmi\u00f6st\u00e4 kuin osakeyhti\u00f6ss\u00e4, jossa osakem\u00e4\u00e4r\u00e4 on rajattu ja arvonnousu tarkoittaa nimenomaan osakkeiden arvon nousemista.<\/p>\n\n\n\n<p>Vuosituhannen vaihteen tienoilla LPONetiss\u00e4kin toimittiin Forsbergin mukaan osakeyhti\u00f6t\u00e4 j\u00e4ljitellen. Vuonna 2010 p\u00e4\u00e4tettiin lopettaa ylij\u00e4\u00e4m\u00e4n palautukset ja osuusmaksun koron maksamiset. J\u00e4senalennuksiin palaamisen my\u00f6t\u00e4 ei kenellek\u00e4\u00e4n ollut en\u00e4\u00e4 hy\u00f6ty\u00e4 omistaa yht\u00e4 j\u00e4senyytt\u00e4 enemp\u00e4\u00e4.<\/p>\n\n\n\n<p>&#8220;Yhti\u00f6ss\u00e4 oli jonkin aikaa vallalla harhaluulo, ett\u00e4 osuuksilla pit\u00e4isi olla jokin arvo ja niit\u00e4 pit\u00e4isi voida j\u00e4lkimarkkinoida, jolloin niit\u00e4 alkoi kerty\u00e4 sijoittajien taskuihin, h\u00e4n sanoi.&#8221;<\/p>\n\n\n\n<p>T\u00e4st\u00e4 ajattelusta luopuminen johti j\u00e4senm\u00e4\u00e4r\u00e4n kasvuun. Nyt jokainen uusi j\u00e4sen kerrytt\u00e4\u00e4 yhti\u00f6n arvoa 500 euron verran. Se on osuuskunnan t\u00e4m\u00e4nhetkinen liittymismaksu.<\/p>\n\n\n\n<h3 class=\"wp-block-heading\"><strong>OSS on energia-alan kummajainen<\/strong><\/h3>\n\n\n\n<p>Oulun Seudun S\u00e4hk\u00f6n identiteetti on selv\u00e4 sekin, mutta ei aina yhti\u00f6n ulkopuolisille:<\/p>\n\n\n\n<p>&#8220;Olemme v\u00e4h\u00e4n sellainen kummajainen t\u00e4ll\u00e4 sektorilla, jota joutuu monesti kollegoille selitt\u00e4m\u00e4\u00e4n&#8221;, kertoi Risto Kantola. Suomessa on noin 100 energia-alan yhti\u00f6t\u00e4, joista puolenkymment\u00e4 on osuuskuntia. P\u00e4\u00e4osa toimialasta on julkisessa omistuksessa eli kunnat yksin tai yhdess\u00e4 omistavat.<\/p>\n\n\n\n<p>OSS on 15 yhteis\u00f6j\u00e4senen keskusosuuskunta, mutta se hoitaa kaikkien s\u00e4hk\u00f6osuuskuntiensa liiketoiminnan. T\u00e4ll\u00e4 hetkell\u00e4 noin 80 % toimialueen kotitalouksista on j\u00e4seni\u00e4. Liittymismaksu on vain 20 euroa, ja sill\u00e4 saa j\u00e4senalennusta jo valmiiksi kilpailukykyisist\u00e4 hinnoista.<\/p>\n\n\n\n<p>Osuuskunnan visio on &#8220;J\u00e4senille parasta arkeen&#8221; eli omistajat ovat yrityksen toiminnan keski\u00f6ss\u00e4. T\u00e4rkeimp\u00e4n\u00e4 kulmana OSS pit\u00e4\u00e4 siin\u00e4 on edullisuutta eli sijoittumista energiayhti\u00f6iden hintakilpailussa halvimmaksi.<\/p>\n\n\n\n<p>Suomen edullisin aiotaan jatkossa olla my\u00f6s laajakaistan tarjoamisessa. Ei kuitenkaan niin, ett\u00e4 edullisuus polkisi alleen monipuolisuuden ja laadukkuuden palvelutarjonnassa. &nbsp;Ja &#8220;parasta arkeen&#8221; tarkoittaa OSS:ss\u00e4 my\u00f6s kunnianhimoista tavoitetta hiilineutraalisuudesta jo 2025.<\/p>\n\n\n\n<h3 class=\"wp-block-heading\"><strong>Osuuskunnan idea on tukea alueellista elinvoimaa<\/strong><\/h3>\n\n\n\n<p>&#8220;Missiomme on, ett\u00e4 toimimme j\u00e4sentemme eduksi ja luomme hyvinvointia alueelle. Yhten\u00e4 strategian kulmakiven\u00e4 on alueen kehityksen mahdollistaminen&#8221;, Risto Kantola kertoi.<\/p>\n\n\n\n<p>Ihan samaa vakuutti my\u00f6s Forsberg:<\/p>\n\n\n\n<p>&#8220;LPO:n toiminta-ajattelun ytimess\u00e4 on investoida toiminta-alueen elinvoimaan ja kilpailukykyyn. Samoin kuin asiakaspalveluun, omistajien palveleminen hyvin on meille erityisen t\u00e4rke\u00e4\u00e4.&#8221;<\/p>\n\n\n\n<p>Elinvoimaa luodaan kustannustehokkaalla tekemisell\u00e4 eli menestyv\u00e4ll\u00e4 liiketoiminnalla. Tuloslaskelman viimeinen rivi on merkitt\u00e4v\u00e4.<\/p>\n\n\n\n<p>&#8220;Huomattava on kuitenkin se, ett\u00e4 meid\u00e4n kustannustehokkuutemme ei n\u00e4y pelk\u00e4st\u00e4\u00e4n t\u00e4\u00e4ll\u00e4 vaan my\u00f6s liikevaihdossa my\u00f6nnettyin\u00e4 j\u00e4senalennuksina. &#8220;<\/p>\n\n\n\n<p>Pellervon Aamussa keskusteltiin my\u00f6s esimerkiksi toimitusjohtajan roolista suhteessa hallitukseen ja sen mahdollisista eroista osakeyhti\u00f6\u00f6n verrattuna.<\/p>\n\n\n\n<p>Katso tapahtuman tallenne (0:52h): <a href=\"https:\/\/youtu.be\/m92PXf7pd3Y\" target=\"_blank\" rel=\"noopener\">https:\/\/youtu.be\/m92PXf7pd3Y<\/a>.<\/p>\n","protected":false},"excerpt":{"rendered":"<p>Vieraina 9. helmikuuta pidetyss\u00e4 Pellervon Aamussa olivat toimitusjohtajat Risto Kantola Oulun Seudun S\u00e4hk\u00f6st\u00e4 ja Gustaf Forsberg LPONetist\u00e4.<\/p>\n","protected":false},"author":5,"featured_media":0,"comment_status":"closed","ping_status":"closed","sticky":false,"template":"","format":"standard","meta":{"inline_featured_image":false,"_monsterinsights_skip_tracking":false,"_monsterinsights_sitenote_active":false,"_monsterinsights_sitenote_note":"","_monsterinsights_sitenote_category":0,"site-sidebar-layout":"default","site-content-layout":"default","ast-site-content-layout":"default","site-content-style":"default","site-sidebar-style":"default","ast-global-header-display":"","ast-banner-title-visibility":"","ast-main-header-display":"","ast-hfb-above-header-display":"","ast-hfb-below-header-display":"","ast-hfb-mobile-header-display":"","site-post-title":"","ast-breadcrumbs-content":"","ast-featured-img":"","footer-sml-layout":"","ast-disable-related-posts":"","theme-transparent-header-meta":"default","adv-header-id-meta":"","stick-header-meta":"","header-above-stick-meta":"","header-main-stick-meta":"","header-below-stick-meta":"","astra-migrate-meta-layouts":"set","ast-page-background-enabled":"default","ast-page-background-meta":{"desktop":{"background-color":"","background-image":"","background-repeat":"repeat","background-position":"center center","background-size":"auto","background-attachment":"scroll","background-type":"","background-media":"","overlay-type":"","overlay-color":"","overlay-opacity":"","overlay-gradient":""},"tablet":{"background-color":"","background-image":"","background-repeat":"repeat","background-position":"center center","background-size":"auto","background-attachment":"scroll","background-type":"","background-media":"","overlay-type":"","overlay-color":"","overlay-opacity":"","overlay-gradient":""},"mobile":{"background-color":"","background-image":"","background-repeat":"repeat","background-position":"center center","background-size":"auto","background-attachment":"scroll","background-type":"","background-media":"","overlay-type":"","overlay-color":"","overlay-opacity":"","overlay-gradient":""}},"ast-content-background-meta":{"desktop":{"background-color":"var(--ast-global-color-5)","background-image":"","background-repeat":"repeat","background-position":"center center","background-size":"auto","background-attachment":"scroll","background-type":"","background-media":"","overlay-type":"","overlay-color":"","overlay-opacity":"","overlay-gradient":""},"tablet":{"background-color":"var(--ast-global-color-5)","background-image":"","background-repeat":"repeat","background-position":"center center","background-size":"auto","background-attachment":"scroll","background-type":"","background-media":"","overlay-type":"","overlay-color":"","overlay-opacity":"","overlay-gradient":""},"mobile":{"background-color":"var(--ast-global-color-5)","background-image":"","background-repeat":"repeat","background-position":"center center","background-size":"auto","background-attachment":"scroll","background-type":"","background-media":"","overlay-type":"","overlay-color":"","overlay-opacity":"","overlay-gradient":""}},"_FSMCFIC_featured_image_caption":"","_FSMCFIC_featured_image_nocaption":"","_FSMCFIC_featured_image_hide":"","footnotes":""},"categories":[359,22],"tags":[328,256,327],"class_list":["post-889742","post","type-post","status-publish","format-standard","hentry","category-pellervon-aamut","category-uutiset","tag-infraosuuskunta","tag-pellervon-aamu","tag-yritysmuoto","rsfv-has-video"],"yoast_head":"<!-- This site is optimized with the Yoast SEO plugin v27.4 - https:\/\/yoast.com\/product\/yoast-seo-wordpress\/ -->\n<title>Pellervon Aamussa 9.2. keskusteltiin yritysmuodon merkityksest\u00e4 toimitusjohtajan n\u00e4k\u00f6kulmasta: Olemme osuuskunta ja ylpe\u00e4 siit\u00e4! - Pellervo<\/title>\n<meta name=\"robots\" content=\"index, follow, max-snippet:-1, max-image-preview:large, max-video-preview:-1\" \/>\n<link rel=\"canonical\" href=\"https:\/\/pellervo.fi\/uutiset\/2021\/02\/09\/pellervon-aamu-yritysmuotona-osuuskunta-ja-ylpea-siita-tallenne\/\" \/>\n<meta property=\"og:locale\" content=\"en_US\" \/>\n<meta property=\"og:type\" content=\"article\" \/>\n<meta property=\"og:title\" content=\"Pellervon Aamussa 9.2. keskusteltiin yritysmuodon merkityksest\u00e4 toimitusjohtajan n\u00e4k\u00f6kulmasta: Olemme osuuskunta ja ylpe\u00e4 siit\u00e4! - Pellervo\" \/>\n<meta property=\"og:description\" content=\"Vieraina 9. helmikuuta pidetyss\u00e4 Pellervon Aamussa olivat toimitusjohtajat Risto Kantola Oulun Seudun S\u00e4hk\u00f6st\u00e4 ja Gustaf Forsberg LPONetist\u00e4.\" \/>\n<meta property=\"og:url\" content=\"https:\/\/pellervo.fi\/uutiset\/2021\/02\/09\/pellervon-aamu-yritysmuotona-osuuskunta-ja-ylpea-siita-tallenne\/\" \/>\n<meta property=\"og:site_name\" content=\"Pellervo\" \/>\n<meta property=\"article:published_time\" content=\"2021-02-09T08:23:00+00:00\" \/>\n<meta property=\"article:modified_time\" content=\"2024-07-17T10:26:57+00:00\" \/>\n<meta property=\"og:image\" content=\"https:\/\/pellervo.fi\/wp-content\/uploads\/2021\/02\/Pellervon-Aamu-9.2.2021-Yritysmuotona-osuuskunta-ja-ylpea-siita.jpeg\" \/>\n\t<meta property=\"og:image:width\" content=\"480\" \/>\n\t<meta property=\"og:image:height\" content=\"360\" \/>\n\t<meta property=\"og:image:type\" content=\"image\/jpeg\" \/>\n<meta name=\"author\" content=\"pellervo\" \/>\n<meta name=\"twitter:card\" content=\"summary_large_image\" \/>\n<meta name=\"twitter:creator\" content=\"@PellervoFi\" \/>\n<meta name=\"twitter:site\" content=\"@PellervoFi\" \/>\n<meta name=\"twitter:label1\" content=\"Written by\" \/>\n\t<meta name=\"twitter:data1\" content=\"pellervo\" \/>\n\t<meta name=\"twitter:label2\" content=\"Est. reading time\" \/>\n\t<meta name=\"twitter:data2\" content=\"4 minutes\" \/>\n<script type=\"application\/ld+json\" class=\"yoast-schema-graph\">{\"@context\":\"https:\\\/\\\/schema.org\",\"@graph\":[{\"@type\":\"Article\",\"@id\":\"https:\\\/\\\/pellervo.fi\\\/uutiset\\\/2021\\\/02\\\/09\\\/pellervon-aamu-yritysmuotona-osuuskunta-ja-ylpea-siita-tallenne\\\/#article\",\"isPartOf\":{\"@id\":\"https:\\\/\\\/pellervo.fi\\\/uutiset\\\/2021\\\/02\\\/09\\\/pellervon-aamu-yritysmuotona-osuuskunta-ja-ylpea-siita-tallenne\\\/\"},\"author\":{\"name\":\"pellervo\",\"@id\":\"https:\\\/\\\/pellervo.fi\\\/#\\\/schema\\\/person\\\/4b74d40956937d1367ade81899997e71\"},\"headline\":\"Pellervon Aamussa 9.2. keskusteltiin yritysmuodon merkityksest\u00e4 toimitusjohtajan n\u00e4k\u00f6kulmasta: Olemme osuuskunta ja ylpe\u00e4 siit\u00e4!\",\"datePublished\":\"2021-02-09T08:23:00+00:00\",\"dateModified\":\"2024-07-17T10:26:57+00:00\",\"mainEntityOfPage\":{\"@id\":\"https:\\\/\\\/pellervo.fi\\\/uutiset\\\/2021\\\/02\\\/09\\\/pellervon-aamu-yritysmuotona-osuuskunta-ja-ylpea-siita-tallenne\\\/\"},\"wordCount\":609,\"publisher\":{\"@id\":\"https:\\\/\\\/pellervo.fi\\\/#organization\"},\"keywords\":[\"infraosuuskunta\",\"Pellervon Aamu -webinaaritallenteet\",\"yritysmuoto\"],\"articleSection\":[\"Pellervon Aamu -webinaarit\",\"Uutiset\"],\"inLanguage\":\"en-US\"},{\"@type\":\"WebPage\",\"@id\":\"https:\\\/\\\/pellervo.fi\\\/uutiset\\\/2021\\\/02\\\/09\\\/pellervon-aamu-yritysmuotona-osuuskunta-ja-ylpea-siita-tallenne\\\/\",\"url\":\"https:\\\/\\\/pellervo.fi\\\/uutiset\\\/2021\\\/02\\\/09\\\/pellervon-aamu-yritysmuotona-osuuskunta-ja-ylpea-siita-tallenne\\\/\",\"name\":\"Pellervon Aamussa 9.2. keskusteltiin yritysmuodon merkityksest\u00e4 toimitusjohtajan n\u00e4k\u00f6kulmasta: Olemme osuuskunta ja ylpe\u00e4 siit\u00e4! - Pellervo\",\"isPartOf\":{\"@id\":\"https:\\\/\\\/pellervo.fi\\\/#website\"},\"datePublished\":\"2021-02-09T08:23:00+00:00\",\"dateModified\":\"2024-07-17T10:26:57+00:00\",\"breadcrumb\":{\"@id\":\"https:\\\/\\\/pellervo.fi\\\/uutiset\\\/2021\\\/02\\\/09\\\/pellervon-aamu-yritysmuotona-osuuskunta-ja-ylpea-siita-tallenne\\\/#breadcrumb\"},\"inLanguage\":\"en-US\",\"potentialAction\":[{\"@type\":\"ReadAction\",\"target\":[\"https:\\\/\\\/pellervo.fi\\\/uutiset\\\/2021\\\/02\\\/09\\\/pellervon-aamu-yritysmuotona-osuuskunta-ja-ylpea-siita-tallenne\\\/\"]}]},{\"@type\":\"BreadcrumbList\",\"@id\":\"https:\\\/\\\/pellervo.fi\\\/uutiset\\\/2021\\\/02\\\/09\\\/pellervon-aamu-yritysmuotona-osuuskunta-ja-ylpea-siita-tallenne\\\/#breadcrumb\",\"itemListElement\":[{\"@type\":\"ListItem\",\"position\":1,\"name\":\"Koti\",\"item\":\"https:\\\/\\\/pellervo.fi\\\/en\\\/\"},{\"@type\":\"ListItem\",\"position\":2,\"name\":\"Pellervon Aamussa 9.2. keskusteltiin yritysmuodon merkityksest\u00e4 toimitusjohtajan n\u00e4k\u00f6kulmasta: Olemme osuuskunta ja ylpe\u00e4 siit\u00e4!\"}]},{\"@type\":\"WebSite\",\"@id\":\"https:\\\/\\\/pellervo.fi\\\/#website\",\"url\":\"https:\\\/\\\/pellervo.fi\\\/\",\"name\":\"Pellervo\",\"description\":\"Osuuskuntien keskusj\u00e4rjest\u00f6\",\"publisher\":{\"@id\":\"https:\\\/\\\/pellervo.fi\\\/#organization\"},\"potentialAction\":[{\"@type\":\"SearchAction\",\"target\":{\"@type\":\"EntryPoint\",\"urlTemplate\":\"https:\\\/\\\/pellervo.fi\\\/?s={search_term_string}\"},\"query-input\":{\"@type\":\"PropertyValueSpecification\",\"valueRequired\":true,\"valueName\":\"search_term_string\"}}],\"inLanguage\":\"en-US\"},{\"@type\":\"Organization\",\"@id\":\"https:\\\/\\\/pellervo.fi\\\/#organization\",\"name\":\"Osuustoimintakeskus Pellervo ry\",\"url\":\"https:\\\/\\\/pellervo.fi\\\/\",\"logo\":{\"@type\":\"ImageObject\",\"inLanguage\":\"en-US\",\"@id\":\"https:\\\/\\\/pellervo.fi\\\/#\\\/schema\\\/logo\\\/image\\\/\",\"url\":\"https:\\\/\\\/pellervo.fi\\\/wp-content\\\/uploads\\\/2020\\\/05\\\/Pellervo_logo.png\",\"contentUrl\":\"https:\\\/\\\/pellervo.fi\\\/wp-content\\\/uploads\\\/2020\\\/05\\\/Pellervo_logo.png\",\"width\":1335,\"height\":376,\"caption\":\"Osuustoimintakeskus Pellervo ry\"},\"image\":{\"@id\":\"https:\\\/\\\/pellervo.fi\\\/#\\\/schema\\\/logo\\\/image\\\/\"},\"sameAs\":[\"https:\\\/\\\/x.com\\\/PellervoFi\"]},{\"@type\":\"Person\",\"@id\":\"https:\\\/\\\/pellervo.fi\\\/#\\\/schema\\\/person\\\/4b74d40956937d1367ade81899997e71\",\"name\":\"pellervo\",\"image\":{\"@type\":\"ImageObject\",\"inLanguage\":\"en-US\",\"@id\":\"https:\\\/\\\/pellervo.fi\\\/wp-content\\\/uploads\\\/2013\\\/11\\\/pellervo_avatar_1384522134-96x96.jpg\",\"url\":\"https:\\\/\\\/pellervo.fi\\\/wp-content\\\/uploads\\\/2013\\\/11\\\/pellervo_avatar_1384522134-96x96.jpg\",\"contentUrl\":\"https:\\\/\\\/pellervo.fi\\\/wp-content\\\/uploads\\\/2013\\\/11\\\/pellervo_avatar_1384522134-96x96.jpg\",\"caption\":\"pellervo\"},\"description\":\"Kuvaus\",\"url\":\"https:\\\/\\\/pellervo.fi\\\/en\\\/author\\\/pellervo\\\/\"}]}<\/script>\n<!-- \/ Yoast SEO plugin. -->","yoast_head_json":{"title":"Pellervon Aamussa 9.2. keskusteltiin yritysmuodon merkityksest\u00e4 toimitusjohtajan n\u00e4k\u00f6kulmasta: Olemme osuuskunta ja ylpe\u00e4 siit\u00e4! - Pellervo","robots":{"index":"index","follow":"follow","max-snippet":"max-snippet:-1","max-image-preview":"max-image-preview:large","max-video-preview":"max-video-preview:-1"},"canonical":"https:\/\/pellervo.fi\/uutiset\/2021\/02\/09\/pellervon-aamu-yritysmuotona-osuuskunta-ja-ylpea-siita-tallenne\/","og_locale":"en_US","og_type":"article","og_title":"Pellervon Aamussa 9.2. keskusteltiin yritysmuodon merkityksest\u00e4 toimitusjohtajan n\u00e4k\u00f6kulmasta: Olemme osuuskunta ja ylpe\u00e4 siit\u00e4! - Pellervo","og_description":"Vieraina 9. helmikuuta pidetyss\u00e4 Pellervon Aamussa olivat toimitusjohtajat Risto Kantola Oulun Seudun S\u00e4hk\u00f6st\u00e4 ja Gustaf Forsberg LPONetist\u00e4.","og_url":"https:\/\/pellervo.fi\/uutiset\/2021\/02\/09\/pellervon-aamu-yritysmuotona-osuuskunta-ja-ylpea-siita-tallenne\/","og_site_name":"Pellervo","article_published_time":"2021-02-09T08:23:00+00:00","article_modified_time":"2024-07-17T10:26:57+00:00","og_image":[{"width":480,"height":360,"url":"https:\/\/pellervo.fi\/wp-content\/uploads\/2021\/02\/Pellervon-Aamu-9.2.2021-Yritysmuotona-osuuskunta-ja-ylpea-siita.jpeg","type":"image\/jpeg"}],"author":"pellervo","twitter_card":"summary_large_image","twitter_creator":"@PellervoFi","twitter_site":"@PellervoFi","twitter_misc":{"Written by":"pellervo","Est. reading time":"4 minutes"},"schema":{"@context":"https:\/\/schema.org","@graph":[{"@type":"Article","@id":"https:\/\/pellervo.fi\/uutiset\/2021\/02\/09\/pellervon-aamu-yritysmuotona-osuuskunta-ja-ylpea-siita-tallenne\/#article","isPartOf":{"@id":"https:\/\/pellervo.fi\/uutiset\/2021\/02\/09\/pellervon-aamu-yritysmuotona-osuuskunta-ja-ylpea-siita-tallenne\/"},"author":{"name":"pellervo","@id":"https:\/\/pellervo.fi\/#\/schema\/person\/4b74d40956937d1367ade81899997e71"},"headline":"Pellervon Aamussa 9.2. keskusteltiin yritysmuodon merkityksest\u00e4 toimitusjohtajan n\u00e4k\u00f6kulmasta: Olemme osuuskunta ja ylpe\u00e4 siit\u00e4!","datePublished":"2021-02-09T08:23:00+00:00","dateModified":"2024-07-17T10:26:57+00:00","mainEntityOfPage":{"@id":"https:\/\/pellervo.fi\/uutiset\/2021\/02\/09\/pellervon-aamu-yritysmuotona-osuuskunta-ja-ylpea-siita-tallenne\/"},"wordCount":609,"publisher":{"@id":"https:\/\/pellervo.fi\/#organization"},"keywords":["infraosuuskunta","Pellervon Aamu -webinaaritallenteet","yritysmuoto"],"articleSection":["Pellervon Aamu -webinaarit","Uutiset"],"inLanguage":"en-US"},{"@type":"WebPage","@id":"https:\/\/pellervo.fi\/uutiset\/2021\/02\/09\/pellervon-aamu-yritysmuotona-osuuskunta-ja-ylpea-siita-tallenne\/","url":"https:\/\/pellervo.fi\/uutiset\/2021\/02\/09\/pellervon-aamu-yritysmuotona-osuuskunta-ja-ylpea-siita-tallenne\/","name":"Pellervon Aamussa 9.2. keskusteltiin yritysmuodon merkityksest\u00e4 toimitusjohtajan n\u00e4k\u00f6kulmasta: Olemme osuuskunta ja ylpe\u00e4 siit\u00e4! - Pellervo","isPartOf":{"@id":"https:\/\/pellervo.fi\/#website"},"datePublished":"2021-02-09T08:23:00+00:00","dateModified":"2024-07-17T10:26:57+00:00","breadcrumb":{"@id":"https:\/\/pellervo.fi\/uutiset\/2021\/02\/09\/pellervon-aamu-yritysmuotona-osuuskunta-ja-ylpea-siita-tallenne\/#breadcrumb"},"inLanguage":"en-US","potentialAction":[{"@type":"ReadAction","target":["https:\/\/pellervo.fi\/uutiset\/2021\/02\/09\/pellervon-aamu-yritysmuotona-osuuskunta-ja-ylpea-siita-tallenne\/"]}]},{"@type":"BreadcrumbList","@id":"https:\/\/pellervo.fi\/uutiset\/2021\/02\/09\/pellervon-aamu-yritysmuotona-osuuskunta-ja-ylpea-siita-tallenne\/#breadcrumb","itemListElement":[{"@type":"ListItem","position":1,"name":"Koti","item":"https:\/\/pellervo.fi\/en\/"},{"@type":"ListItem","position":2,"name":"Pellervon Aamussa 9.2. keskusteltiin yritysmuodon merkityksest\u00e4 toimitusjohtajan n\u00e4k\u00f6kulmasta: Olemme osuuskunta ja ylpe\u00e4 siit\u00e4!"}]},{"@type":"WebSite","@id":"https:\/\/pellervo.fi\/#website","url":"https:\/\/pellervo.fi\/","name":"Pellervo","description":"Osuuskuntien keskusj\u00e4rjest\u00f6","publisher":{"@id":"https:\/\/pellervo.fi\/#organization"},"potentialAction":[{"@type":"SearchAction","target":{"@type":"EntryPoint","urlTemplate":"https:\/\/pellervo.fi\/?s={search_term_string}"},"query-input":{"@type":"PropertyValueSpecification","valueRequired":true,"valueName":"search_term_string"}}],"inLanguage":"en-US"},{"@type":"Organization","@id":"https:\/\/pellervo.fi\/#organization","name":"Osuustoimintakeskus Pellervo ry","url":"https:\/\/pellervo.fi\/","logo":{"@type":"ImageObject","inLanguage":"en-US","@id":"https:\/\/pellervo.fi\/#\/schema\/logo\/image\/","url":"https:\/\/pellervo.fi\/wp-content\/uploads\/2020\/05\/Pellervo_logo.png","contentUrl":"https:\/\/pellervo.fi\/wp-content\/uploads\/2020\/05\/Pellervo_logo.png","width":1335,"height":376,"caption":"Osuustoimintakeskus Pellervo ry"},"image":{"@id":"https:\/\/pellervo.fi\/#\/schema\/logo\/image\/"},"sameAs":["https:\/\/x.com\/PellervoFi"]},{"@type":"Person","@id":"https:\/\/pellervo.fi\/#\/schema\/person\/4b74d40956937d1367ade81899997e71","name":"pellervo","image":{"@type":"ImageObject","inLanguage":"en-US","@id":"https:\/\/pellervo.fi\/wp-content\/uploads\/2013\/11\/pellervo_avatar_1384522134-96x96.jpg","url":"https:\/\/pellervo.fi\/wp-content\/uploads\/2013\/11\/pellervo_avatar_1384522134-96x96.jpg","contentUrl":"https:\/\/pellervo.fi\/wp-content\/uploads\/2013\/11\/pellervo_avatar_1384522134-96x96.jpg","caption":"pellervo"},"description":"Kuvaus","url":"https:\/\/pellervo.fi\/en\/author\/pellervo\/"}]}},"_links":{"self":[{"href":"https:\/\/pellervo.fi\/en\/wp-json\/wp\/v2\/posts\/889742","targetHints":{"allow":["GET"]}}],"collection":[{"href":"https:\/\/pellervo.fi\/en\/wp-json\/wp\/v2\/posts"}],"about":[{"href":"https:\/\/pellervo.fi\/en\/wp-json\/wp\/v2\/types\/post"}],"author":[{"embeddable":true,"href":"https:\/\/pellervo.fi\/en\/wp-json\/wp\/v2\/users\/5"}],"replies":[{"embeddable":true,"href":"https:\/\/pellervo.fi\/en\/wp-json\/wp\/v2\/comments?post=889742"}],"version-history":[{"count":14,"href":"https:\/\/pellervo.fi\/en\/wp-json\/wp\/v2\/posts\/889742\/revisions"}],"predecessor-version":[{"id":898619,"href":"https:\/\/pellervo.fi\/en\/wp-json\/wp\/v2\/posts\/889742\/revisions\/898619"}],"wp:attachment":[{"href":"https:\/\/pellervo.fi\/en\/wp-json\/wp\/v2\/media?parent=889742"}],"wp:term":[{"taxonomy":"category","embeddable":true,"href":"https:\/\/pellervo.fi\/en\/wp-json\/wp\/v2\/categories?post=889742"},{"taxonomy":"post_tag","embeddable":true,"href":"https:\/\/pellervo.fi\/en\/wp-json\/wp\/v2\/tags?post=889742"}],"curies":[{"name":"wp","href":"https:\/\/api.w.org\/{rel}","templated":true}]}}