{"id":890101,"date":"2021-03-11T13:45:36","date_gmt":"2021-03-11T11:45:36","guid":{"rendered":"https:\/\/pellervo.fi\/?p=890101"},"modified":"2021-03-12T09:12:54","modified_gmt":"2021-03-12T07:12:54","slug":"osuustoiminnan-arvoilla-ja-periaatteilla-suomalaisia-juuria","status":"publish","type":"post","link":"https:\/\/pellervo.fi\/en\/uutiset\/2021\/03\/11\/osuustoiminnan-arvoilla-ja-periaatteilla-suomalaisia-juuria\/","title":{"rendered":"V\u00e4in\u00f6 Tanner 140 vuotta: Osuustoiminnan arvoilla ja periaatteilla suomalaisia juuria"},"content":{"rendered":"\n<p><strong>Osuusliike Elannon toimitusjohtaja V\u00e4in\u00f6 Tanner (1881-1966) oli maailman osuustoimintaliikkeen johdossa vuosina 1927-1945, jolloin h\u00e4n toimi tuolloin Kansainv\u00e4lisen Osuustoimintaliiton ICA:n puheenjohtajana. H\u00e4nen aikanaan m\u00e4\u00e4riteltiin ensi kerran kirjalliseen muotoon osuustoiminnan globaali arvopohja ja periaatteet.<\/strong><\/p>\n<p>ICA:n Wienin kongressissa vuonna 1930 asetettiin teht\u00e4v\u00e4ksi kodifioida kirjalliseen muotoon osuustoiminnallinen k\u00e4yt\u00e4nt\u00f6 ja tapakulttuuri. Kysyttiin, ett\u00e4 mitk\u00e4 ovat osuustoimintaliikkeen esikuvan, vuonna 1844 perustetun brittil\u00e4isen Rochdalen osuuskaupan, noudattamat osuustoimintaperiaatteet ja mitk\u00e4 niist\u00e4 soveltuvat k\u00e4yt\u00e4nt\u00f6\u00f6n vuosisataa my\u00f6hemmin. Perusteellisen ty\u00f6n j\u00e4lkeen valmista tuli ICA:n Pariisin kongressissa 1937. Osuustoiminnan varsinaiset periaatteet olivat avoin j\u00e4senyys, kansanvaltainen hallinto, ylij\u00e4\u00e4m\u00e4n palautus palvelujen k\u00e4yt\u00f6n mukaan ja rajoitettu p\u00e4\u00e4oman korko. V\u00e4ljemm\u00e4t lis\u00e4periaatteet olivat poliittinen ja uskonnollinen puolueettomuus, k\u00e4teismaksu ja valistusty\u00f6n tekeminen.<\/p>\n<p>Asiakirjaa on vuosikymmenien varrella kahteen kertaan uudistettu ilman, ett\u00e4 osuustoiminnan humaanin ihmisk\u00e4sityksen ja osuustoimintayrityksen j\u00e4senten tasa-arvoiseen osallistumiseen perustunut ydin olisi muuttunut. Nyky\u00e4\u00e4n on voimassa Manchesterissa 1995 vahvistetut osuustoiminnan arvot ja periaatteet. Se on ihmiskunnan suuria asiakirjoja.<\/p>\n<p>Varatuomari V\u00e4in\u00f6 Tannerin syntym\u00e4st\u00e4 on perjantaina 12. maaliskuuta 2021 tasan 140 vuotta. H\u00e4n toimi Elannon ja ICA:n teht\u00e4vien lis\u00e4ksi my\u00f6s eri rooleissa mm. Turun V\u00e4h\u00e4v\u00e4kisten Osuuskaupassa, SOK:ssa, Kulutusosuuskuntien Keskusliitossa ja OTK:ssa. Tanner sai osuustoiminnallisen k\u00e4yt\u00e4nn\u00f6n huippukoulutuksen 1900-luvun alun saksalaisessa osuuskauppaliikkeess\u00e4.<\/p>\n<p>Sami Karhu<\/p>\n","protected":false},"excerpt":{"rendered":"<p>Osuusliike Elannon toimitusjohtaja V\u00e4in\u00f6 Tanner (1881-1966) oli maailman osuustoimintaliikkeen johdossa vuosina 1927-1945. H\u00e4n toimi tuolloin Kansainv\u00e4lisen Osuustoimintaliiton ICA:n puheenjohtajana. H\u00e4nen aikanaan m\u00e4\u00e4riteltiin ensi kerran kirjalliseen muotoon osuustoiminnan globaali arvopohja ja periaatteet.<\/p>\n","protected":false},"author":29,"featured_media":890102,"comment_status":"closed","ping_status":"closed","sticky":false,"template":"","format":"standard","meta":{"inline_featured_image":false,"_monsterinsights_skip_tracking":false,"_monsterinsights_sitenote_active":false,"_monsterinsights_sitenote_note":"","_monsterinsights_sitenote_category":0,"site-sidebar-layout":"default","site-content-layout":"default","ast-site-content-layout":"default","site-content-style":"default","site-sidebar-style":"default","ast-global-header-display":"","ast-banner-title-visibility":"","ast-main-header-display":"","ast-hfb-above-header-display":"","ast-hfb-below-header-display":"","ast-hfb-mobile-header-display":"","site-post-title":"","ast-breadcrumbs-content":"","ast-featured-img":"","footer-sml-layout":"","ast-disable-related-posts":"","theme-transparent-header-meta":"default","adv-header-id-meta":"","stick-header-meta":"","header-above-stick-meta":"","header-main-stick-meta":"","header-below-stick-meta":"","astra-migrate-meta-layouts":"default","ast-page-background-enabled":"default","ast-page-background-meta":{"desktop":{"background-color":"","background-image":"","background-repeat":"repeat","background-position":"center center","background-size":"auto","background-attachment":"scroll","background-type":"","background-media":"","overlay-type":"","overlay-color":"","overlay-opacity":"","overlay-gradient":""},"tablet":{"background-color":"","background-image":"","background-repeat":"repeat","background-position":"center center","background-size":"auto","background-attachment":"scroll","background-type":"","background-media":"","overlay-type":"","overlay-color":"","overlay-opacity":"","overlay-gradient":""},"mobile":{"background-color":"","background-image":"","background-repeat":"repeat","background-position":"center center","background-size":"auto","background-attachment":"scroll","background-type":"","background-media":"","overlay-type":"","overlay-color":"","overlay-opacity":"","overlay-gradient":""}},"ast-content-background-meta":{"desktop":{"background-color":"var(--ast-global-color-5)","background-image":"","background-repeat":"repeat","background-position":"center center","background-size":"auto","background-attachment":"scroll","background-type":"","background-media":"","overlay-type":"","overlay-color":"","overlay-opacity":"","overlay-gradient":""},"tablet":{"background-color":"var(--ast-global-color-5)","background-image":"","background-repeat":"repeat","background-position":"center center","background-size":"auto","background-attachment":"scroll","background-type":"","background-media":"","overlay-type":"","overlay-color":"","overlay-opacity":"","overlay-gradient":""},"mobile":{"background-color":"var(--ast-global-color-5)","background-image":"","background-repeat":"repeat","background-position":"center center","background-size":"auto","background-attachment":"scroll","background-type":"","background-media":"","overlay-type":"","overlay-color":"","overlay-opacity":"","overlay-gradient":""}},"_FSMCFIC_featured_image_caption":"","_FSMCFIC_featured_image_nocaption":"","_FSMCFIC_featured_image_hide":"","footnotes":""},"categories":[22],"tags":[],"class_list":["post-890101","post","type-post","status-publish","format-standard","has-post-thumbnail","hentry","category-uutiset"],"yoast_head":"<!-- This site is optimized with the Yoast SEO plugin v27.5 - https:\/\/yoast.com\/product\/yoast-seo-wordpress\/ -->\n<title>V\u00e4in\u00f6 Tanner 140 vuotta: Osuustoiminnan arvoilla ja periaatteilla suomalaisia juuria - Pellervo<\/title>\n<meta name=\"robots\" content=\"index, follow, max-snippet:-1, max-image-preview:large, max-video-preview:-1\" \/>\n<link rel=\"canonical\" href=\"https:\/\/pellervo.fi\/sv\/uutiset\/2021\/03\/11\/osuustoiminnan-arvoilla-ja-periaatteilla-suomalaisia-juuria\/\" \/>\n<meta property=\"og:locale\" content=\"en_US\" \/>\n<meta property=\"og:type\" content=\"article\" \/>\n<meta property=\"og:title\" content=\"V\u00e4in\u00f6 Tanner 140 vuotta: Osuustoiminnan arvoilla ja periaatteilla suomalaisia juuria - Pellervo\" \/>\n<meta property=\"og:description\" content=\"Osuusliike Elannon toimitusjohtaja V\u00e4in\u00f6 Tanner (1881-1966) oli maailman osuustoimintaliikkeen johdossa vuosina 1927-1945. H\u00e4n toimi tuolloin Kansainv\u00e4lisen Osuustoimintaliiton ICA:n puheenjohtajana. H\u00e4nen aikanaan m\u00e4\u00e4riteltiin ensi kerran kirjalliseen muotoon osuustoiminnan globaali arvopohja ja periaatteet.\" \/>\n<meta property=\"og:url\" content=\"https:\/\/pellervo.fi\/sv\/uutiset\/2021\/03\/11\/osuustoiminnan-arvoilla-ja-periaatteilla-suomalaisia-juuria\/\" \/>\n<meta property=\"og:site_name\" content=\"Pellervo\" \/>\n<meta property=\"article:published_time\" content=\"2021-03-11T11:45:36+00:00\" \/>\n<meta property=\"article:modified_time\" content=\"2021-03-12T07:12:54+00:00\" \/>\n<meta property=\"og:image\" content=\"https:\/\/pellervo.fi\/wp-content\/uploads\/2021\/03\/tanner.jpg\" \/>\n\t<meta property=\"og:image:width\" content=\"850\" \/>\n\t<meta property=\"og:image:height\" content=\"600\" \/>\n\t<meta property=\"og:image:type\" content=\"image\/jpeg\" \/>\n<meta name=\"author\" content=\"Sami Karhu\" \/>\n<meta name=\"twitter:card\" content=\"summary_large_image\" \/>\n<meta name=\"twitter:creator\" content=\"@PellervoFi\" \/>\n<meta name=\"twitter:site\" content=\"@PellervoFi\" \/>\n<meta name=\"twitter:label1\" content=\"Written by\" \/>\n\t<meta name=\"twitter:data1\" content=\"Sami Karhu\" \/>\n\t<meta name=\"twitter:label2\" content=\"Est. reading time\" \/>\n\t<meta name=\"twitter:data2\" content=\"1 minute\" \/>\n<script type=\"application\/ld+json\" class=\"yoast-schema-graph\">{\"@context\":\"https:\\\/\\\/schema.org\",\"@graph\":[{\"@type\":\"Article\",\"@id\":\"https:\\\/\\\/pellervo.fi\\\/sv\\\/uutiset\\\/2021\\\/03\\\/11\\\/osuustoiminnan-arvoilla-ja-periaatteilla-suomalaisia-juuria\\\/#article\",\"isPartOf\":{\"@id\":\"https:\\\/\\\/pellervo.fi\\\/sv\\\/uutiset\\\/2021\\\/03\\\/11\\\/osuustoiminnan-arvoilla-ja-periaatteilla-suomalaisia-juuria\\\/\"},\"author\":{\"name\":\"Sami Karhu\",\"@id\":\"https:\\\/\\\/pellervo.fi\\\/#\\\/schema\\\/person\\\/e174a75936465264325e18e15e24b3c4\"},\"headline\":\"V\u00e4in\u00f6 Tanner 140 vuotta: Osuustoiminnan arvoilla ja periaatteilla suomalaisia juuria\",\"datePublished\":\"2021-03-11T11:45:36+00:00\",\"dateModified\":\"2021-03-12T07:12:54+00:00\",\"mainEntityOfPage\":{\"@id\":\"https:\\\/\\\/pellervo.fi\\\/sv\\\/uutiset\\\/2021\\\/03\\\/11\\\/osuustoiminnan-arvoilla-ja-periaatteilla-suomalaisia-juuria\\\/\"},\"wordCount\":233,\"publisher\":{\"@id\":\"https:\\\/\\\/pellervo.fi\\\/#organization\"},\"image\":{\"@id\":\"https:\\\/\\\/pellervo.fi\\\/sv\\\/uutiset\\\/2021\\\/03\\\/11\\\/osuustoiminnan-arvoilla-ja-periaatteilla-suomalaisia-juuria\\\/#primaryimage\"},\"thumbnailUrl\":\"https:\\\/\\\/pellervo.fi\\\/wp-content\\\/uploads\\\/2021\\\/03\\\/tanner.jpg\",\"articleSection\":[\"Uutiset\"],\"inLanguage\":\"en-US\"},{\"@type\":\"WebPage\",\"@id\":\"https:\\\/\\\/pellervo.fi\\\/sv\\\/uutiset\\\/2021\\\/03\\\/11\\\/osuustoiminnan-arvoilla-ja-periaatteilla-suomalaisia-juuria\\\/\",\"url\":\"https:\\\/\\\/pellervo.fi\\\/sv\\\/uutiset\\\/2021\\\/03\\\/11\\\/osuustoiminnan-arvoilla-ja-periaatteilla-suomalaisia-juuria\\\/\",\"name\":\"V\u00e4in\u00f6 Tanner 140 vuotta: Osuustoiminnan arvoilla ja periaatteilla suomalaisia juuria - Pellervo\",\"isPartOf\":{\"@id\":\"https:\\\/\\\/pellervo.fi\\\/#website\"},\"primaryImageOfPage\":{\"@id\":\"https:\\\/\\\/pellervo.fi\\\/sv\\\/uutiset\\\/2021\\\/03\\\/11\\\/osuustoiminnan-arvoilla-ja-periaatteilla-suomalaisia-juuria\\\/#primaryimage\"},\"image\":{\"@id\":\"https:\\\/\\\/pellervo.fi\\\/sv\\\/uutiset\\\/2021\\\/03\\\/11\\\/osuustoiminnan-arvoilla-ja-periaatteilla-suomalaisia-juuria\\\/#primaryimage\"},\"thumbnailUrl\":\"https:\\\/\\\/pellervo.fi\\\/wp-content\\\/uploads\\\/2021\\\/03\\\/tanner.jpg\",\"datePublished\":\"2021-03-11T11:45:36+00:00\",\"dateModified\":\"2021-03-12T07:12:54+00:00\",\"breadcrumb\":{\"@id\":\"https:\\\/\\\/pellervo.fi\\\/sv\\\/uutiset\\\/2021\\\/03\\\/11\\\/osuustoiminnan-arvoilla-ja-periaatteilla-suomalaisia-juuria\\\/#breadcrumb\"},\"inLanguage\":\"en-US\",\"potentialAction\":[{\"@type\":\"ReadAction\",\"target\":[\"https:\\\/\\\/pellervo.fi\\\/sv\\\/uutiset\\\/2021\\\/03\\\/11\\\/osuustoiminnan-arvoilla-ja-periaatteilla-suomalaisia-juuria\\\/\"]}]},{\"@type\":\"ImageObject\",\"inLanguage\":\"en-US\",\"@id\":\"https:\\\/\\\/pellervo.fi\\\/sv\\\/uutiset\\\/2021\\\/03\\\/11\\\/osuustoiminnan-arvoilla-ja-periaatteilla-suomalaisia-juuria\\\/#primaryimage\",\"url\":\"https:\\\/\\\/pellervo.fi\\\/wp-content\\\/uploads\\\/2021\\\/03\\\/tanner.jpg\",\"contentUrl\":\"https:\\\/\\\/pellervo.fi\\\/wp-content\\\/uploads\\\/2021\\\/03\\\/tanner.jpg\",\"width\":850,\"height\":600},{\"@type\":\"BreadcrumbList\",\"@id\":\"https:\\\/\\\/pellervo.fi\\\/sv\\\/uutiset\\\/2021\\\/03\\\/11\\\/osuustoiminnan-arvoilla-ja-periaatteilla-suomalaisia-juuria\\\/#breadcrumb\",\"itemListElement\":[{\"@type\":\"ListItem\",\"position\":1,\"name\":\"Koti\",\"item\":\"https:\\\/\\\/pellervo.fi\\\/en\\\/\"},{\"@type\":\"ListItem\",\"position\":2,\"name\":\"V\u00e4in\u00f6 Tanner 140 vuotta: Osuustoiminnan arvoilla ja periaatteilla suomalaisia juuria\"}]},{\"@type\":\"WebSite\",\"@id\":\"https:\\\/\\\/pellervo.fi\\\/#website\",\"url\":\"https:\\\/\\\/pellervo.fi\\\/\",\"name\":\"Pellervo\",\"description\":\"Osuuskuntien keskusj\u00e4rjest\u00f6\",\"publisher\":{\"@id\":\"https:\\\/\\\/pellervo.fi\\\/#organization\"},\"potentialAction\":[{\"@type\":\"SearchAction\",\"target\":{\"@type\":\"EntryPoint\",\"urlTemplate\":\"https:\\\/\\\/pellervo.fi\\\/?s={search_term_string}\"},\"query-input\":{\"@type\":\"PropertyValueSpecification\",\"valueRequired\":true,\"valueName\":\"search_term_string\"}}],\"inLanguage\":\"en-US\"},{\"@type\":\"Organization\",\"@id\":\"https:\\\/\\\/pellervo.fi\\\/#organization\",\"name\":\"Osuustoimintakeskus Pellervo ry\",\"url\":\"https:\\\/\\\/pellervo.fi\\\/\",\"logo\":{\"@type\":\"ImageObject\",\"inLanguage\":\"en-US\",\"@id\":\"https:\\\/\\\/pellervo.fi\\\/#\\\/schema\\\/logo\\\/image\\\/\",\"url\":\"https:\\\/\\\/pellervo.fi\\\/wp-content\\\/uploads\\\/2020\\\/05\\\/Pellervo_logo.png\",\"contentUrl\":\"https:\\\/\\\/pellervo.fi\\\/wp-content\\\/uploads\\\/2020\\\/05\\\/Pellervo_logo.png\",\"width\":1335,\"height\":376,\"caption\":\"Osuustoimintakeskus Pellervo ry\"},\"image\":{\"@id\":\"https:\\\/\\\/pellervo.fi\\\/#\\\/schema\\\/logo\\\/image\\\/\"},\"sameAs\":[\"https:\\\/\\\/x.com\\\/PellervoFi\"]},{\"@type\":\"Person\",\"@id\":\"https:\\\/\\\/pellervo.fi\\\/#\\\/schema\\\/person\\\/e174a75936465264325e18e15e24b3c4\",\"name\":\"Sami Karhu\",\"image\":{\"@type\":\"ImageObject\",\"inLanguage\":\"en-US\",\"@id\":\"https:\\\/\\\/pellervo.fi\\\/wp-content\\\/uploads\\\/2017\\\/02\\\/sami-karhu-1-of-1-2-96x96.jpg\",\"url\":\"https:\\\/\\\/pellervo.fi\\\/wp-content\\\/uploads\\\/2017\\\/02\\\/sami-karhu-1-of-1-2-96x96.jpg\",\"contentUrl\":\"https:\\\/\\\/pellervo.fi\\\/wp-content\\\/uploads\\\/2017\\\/02\\\/sami-karhu-1-of-1-2-96x96.jpg\",\"caption\":\"Sami Karhu\"},\"description\":\"Kirjoittaja on Osuustoimintakeskus Pellervon toimitusjohtaja.\",\"url\":\"https:\\\/\\\/pellervo.fi\\\/en\\\/author\\\/samik\\\/\"}]}<\/script>\n<!-- \/ Yoast SEO plugin. -->","yoast_head_json":{"title":"V\u00e4in\u00f6 Tanner 140 vuotta: Osuustoiminnan arvoilla ja periaatteilla suomalaisia juuria - Pellervo","robots":{"index":"index","follow":"follow","max-snippet":"max-snippet:-1","max-image-preview":"max-image-preview:large","max-video-preview":"max-video-preview:-1"},"canonical":"https:\/\/pellervo.fi\/sv\/uutiset\/2021\/03\/11\/osuustoiminnan-arvoilla-ja-periaatteilla-suomalaisia-juuria\/","og_locale":"en_US","og_type":"article","og_title":"V\u00e4in\u00f6 Tanner 140 vuotta: Osuustoiminnan arvoilla ja periaatteilla suomalaisia juuria - Pellervo","og_description":"Osuusliike Elannon toimitusjohtaja V\u00e4in\u00f6 Tanner (1881-1966) oli maailman osuustoimintaliikkeen johdossa vuosina 1927-1945. H\u00e4n toimi tuolloin Kansainv\u00e4lisen Osuustoimintaliiton ICA:n puheenjohtajana. H\u00e4nen aikanaan m\u00e4\u00e4riteltiin ensi kerran kirjalliseen muotoon osuustoiminnan globaali arvopohja ja periaatteet.","og_url":"https:\/\/pellervo.fi\/sv\/uutiset\/2021\/03\/11\/osuustoiminnan-arvoilla-ja-periaatteilla-suomalaisia-juuria\/","og_site_name":"Pellervo","article_published_time":"2021-03-11T11:45:36+00:00","article_modified_time":"2021-03-12T07:12:54+00:00","og_image":[{"width":850,"height":600,"url":"https:\/\/pellervo.fi\/wp-content\/uploads\/2021\/03\/tanner.jpg","type":"image\/jpeg"}],"author":"Sami Karhu","twitter_card":"summary_large_image","twitter_creator":"@PellervoFi","twitter_site":"@PellervoFi","twitter_misc":{"Written by":"Sami Karhu","Est. reading time":"1 minute"},"schema":{"@context":"https:\/\/schema.org","@graph":[{"@type":"Article","@id":"https:\/\/pellervo.fi\/sv\/uutiset\/2021\/03\/11\/osuustoiminnan-arvoilla-ja-periaatteilla-suomalaisia-juuria\/#article","isPartOf":{"@id":"https:\/\/pellervo.fi\/sv\/uutiset\/2021\/03\/11\/osuustoiminnan-arvoilla-ja-periaatteilla-suomalaisia-juuria\/"},"author":{"name":"Sami Karhu","@id":"https:\/\/pellervo.fi\/#\/schema\/person\/e174a75936465264325e18e15e24b3c4"},"headline":"V\u00e4in\u00f6 Tanner 140 vuotta: Osuustoiminnan arvoilla ja periaatteilla suomalaisia juuria","datePublished":"2021-03-11T11:45:36+00:00","dateModified":"2021-03-12T07:12:54+00:00","mainEntityOfPage":{"@id":"https:\/\/pellervo.fi\/sv\/uutiset\/2021\/03\/11\/osuustoiminnan-arvoilla-ja-periaatteilla-suomalaisia-juuria\/"},"wordCount":233,"publisher":{"@id":"https:\/\/pellervo.fi\/#organization"},"image":{"@id":"https:\/\/pellervo.fi\/sv\/uutiset\/2021\/03\/11\/osuustoiminnan-arvoilla-ja-periaatteilla-suomalaisia-juuria\/#primaryimage"},"thumbnailUrl":"https:\/\/pellervo.fi\/wp-content\/uploads\/2021\/03\/tanner.jpg","articleSection":["Uutiset"],"inLanguage":"en-US"},{"@type":"WebPage","@id":"https:\/\/pellervo.fi\/sv\/uutiset\/2021\/03\/11\/osuustoiminnan-arvoilla-ja-periaatteilla-suomalaisia-juuria\/","url":"https:\/\/pellervo.fi\/sv\/uutiset\/2021\/03\/11\/osuustoiminnan-arvoilla-ja-periaatteilla-suomalaisia-juuria\/","name":"V\u00e4in\u00f6 Tanner 140 vuotta: Osuustoiminnan arvoilla ja periaatteilla suomalaisia juuria - Pellervo","isPartOf":{"@id":"https:\/\/pellervo.fi\/#website"},"primaryImageOfPage":{"@id":"https:\/\/pellervo.fi\/sv\/uutiset\/2021\/03\/11\/osuustoiminnan-arvoilla-ja-periaatteilla-suomalaisia-juuria\/#primaryimage"},"image":{"@id":"https:\/\/pellervo.fi\/sv\/uutiset\/2021\/03\/11\/osuustoiminnan-arvoilla-ja-periaatteilla-suomalaisia-juuria\/#primaryimage"},"thumbnailUrl":"https:\/\/pellervo.fi\/wp-content\/uploads\/2021\/03\/tanner.jpg","datePublished":"2021-03-11T11:45:36+00:00","dateModified":"2021-03-12T07:12:54+00:00","breadcrumb":{"@id":"https:\/\/pellervo.fi\/sv\/uutiset\/2021\/03\/11\/osuustoiminnan-arvoilla-ja-periaatteilla-suomalaisia-juuria\/#breadcrumb"},"inLanguage":"en-US","potentialAction":[{"@type":"ReadAction","target":["https:\/\/pellervo.fi\/sv\/uutiset\/2021\/03\/11\/osuustoiminnan-arvoilla-ja-periaatteilla-suomalaisia-juuria\/"]}]},{"@type":"ImageObject","inLanguage":"en-US","@id":"https:\/\/pellervo.fi\/sv\/uutiset\/2021\/03\/11\/osuustoiminnan-arvoilla-ja-periaatteilla-suomalaisia-juuria\/#primaryimage","url":"https:\/\/pellervo.fi\/wp-content\/uploads\/2021\/03\/tanner.jpg","contentUrl":"https:\/\/pellervo.fi\/wp-content\/uploads\/2021\/03\/tanner.jpg","width":850,"height":600},{"@type":"BreadcrumbList","@id":"https:\/\/pellervo.fi\/sv\/uutiset\/2021\/03\/11\/osuustoiminnan-arvoilla-ja-periaatteilla-suomalaisia-juuria\/#breadcrumb","itemListElement":[{"@type":"ListItem","position":1,"name":"Koti","item":"https:\/\/pellervo.fi\/en\/"},{"@type":"ListItem","position":2,"name":"V\u00e4in\u00f6 Tanner 140 vuotta: Osuustoiminnan arvoilla ja periaatteilla suomalaisia juuria"}]},{"@type":"WebSite","@id":"https:\/\/pellervo.fi\/#website","url":"https:\/\/pellervo.fi\/","name":"Pellervo","description":"Osuuskuntien keskusj\u00e4rjest\u00f6","publisher":{"@id":"https:\/\/pellervo.fi\/#organization"},"potentialAction":[{"@type":"SearchAction","target":{"@type":"EntryPoint","urlTemplate":"https:\/\/pellervo.fi\/?s={search_term_string}"},"query-input":{"@type":"PropertyValueSpecification","valueRequired":true,"valueName":"search_term_string"}}],"inLanguage":"en-US"},{"@type":"Organization","@id":"https:\/\/pellervo.fi\/#organization","name":"Osuustoimintakeskus Pellervo ry","url":"https:\/\/pellervo.fi\/","logo":{"@type":"ImageObject","inLanguage":"en-US","@id":"https:\/\/pellervo.fi\/#\/schema\/logo\/image\/","url":"https:\/\/pellervo.fi\/wp-content\/uploads\/2020\/05\/Pellervo_logo.png","contentUrl":"https:\/\/pellervo.fi\/wp-content\/uploads\/2020\/05\/Pellervo_logo.png","width":1335,"height":376,"caption":"Osuustoimintakeskus Pellervo ry"},"image":{"@id":"https:\/\/pellervo.fi\/#\/schema\/logo\/image\/"},"sameAs":["https:\/\/x.com\/PellervoFi"]},{"@type":"Person","@id":"https:\/\/pellervo.fi\/#\/schema\/person\/e174a75936465264325e18e15e24b3c4","name":"Sami Karhu","image":{"@type":"ImageObject","inLanguage":"en-US","@id":"https:\/\/pellervo.fi\/wp-content\/uploads\/2017\/02\/sami-karhu-1-of-1-2-96x96.jpg","url":"https:\/\/pellervo.fi\/wp-content\/uploads\/2017\/02\/sami-karhu-1-of-1-2-96x96.jpg","contentUrl":"https:\/\/pellervo.fi\/wp-content\/uploads\/2017\/02\/sami-karhu-1-of-1-2-96x96.jpg","caption":"Sami Karhu"},"description":"Kirjoittaja on Osuustoimintakeskus Pellervon toimitusjohtaja.","url":"https:\/\/pellervo.fi\/en\/author\/samik\/"}]}},"_links":{"self":[{"href":"https:\/\/pellervo.fi\/en\/wp-json\/wp\/v2\/posts\/890101","targetHints":{"allow":["GET"]}}],"collection":[{"href":"https:\/\/pellervo.fi\/en\/wp-json\/wp\/v2\/posts"}],"about":[{"href":"https:\/\/pellervo.fi\/en\/wp-json\/wp\/v2\/types\/post"}],"author":[{"embeddable":true,"href":"https:\/\/pellervo.fi\/en\/wp-json\/wp\/v2\/users\/29"}],"replies":[{"embeddable":true,"href":"https:\/\/pellervo.fi\/en\/wp-json\/wp\/v2\/comments?post=890101"}],"version-history":[{"count":5,"href":"https:\/\/pellervo.fi\/en\/wp-json\/wp\/v2\/posts\/890101\/revisions"}],"predecessor-version":[{"id":890117,"href":"https:\/\/pellervo.fi\/en\/wp-json\/wp\/v2\/posts\/890101\/revisions\/890117"}],"wp:featuredmedia":[{"embeddable":true,"href":"https:\/\/pellervo.fi\/en\/wp-json\/wp\/v2\/media\/890102"}],"wp:attachment":[{"href":"https:\/\/pellervo.fi\/en\/wp-json\/wp\/v2\/media?parent=890101"}],"wp:term":[{"taxonomy":"category","embeddable":true,"href":"https:\/\/pellervo.fi\/en\/wp-json\/wp\/v2\/categories?post=890101"},{"taxonomy":"post_tag","embeddable":true,"href":"https:\/\/pellervo.fi\/en\/wp-json\/wp\/v2\/tags?post=890101"}],"curies":[{"name":"wp","href":"https:\/\/api.w.org\/{rel}","templated":true}]}}