{"id":890961,"date":"2021-05-20T08:58:13","date_gmt":"2021-05-20T05:58:13","guid":{"rendered":"https:\/\/pellervo.fi\/?p=890961"},"modified":"2021-05-20T08:58:15","modified_gmt":"2021-05-20T05:58:15","slug":"atria-kaynnistaa-tuulivoimahankkeen-tavoitteena-seitseman-myllyn-puisto-nurmoon","status":"publish","type":"post","link":"https:\/\/pellervo.fi\/en\/vastuullisuus\/2021\/05\/20\/atria-kaynnistaa-tuulivoimahankkeen-tavoitteena-seitseman-myllyn-puisto-nurmoon\/","title":{"rendered":"Atria k\u00e4ynnist\u00e4\u00e4 tuulivoimahankkeen \u2013 tavoitteena seitsem\u00e4n myllyn puisto Nurmoon"},"content":{"rendered":"\n<p><strong>Atria on asettanut tavoitteekseen hiilineutraalin ruoan tuotannon vuoteen 2035 menness\u00e4 ja t\u00e4m\u00e4n tavoitteen saavuttamiseksi Atria on k\u00e4ynnist\u00e4nyt hankkeen tuulivoimapuiston rakentamiseksi. Suunnitelmissa on noin 45 megawatin tuulivoimapuiston rakentaminen, mik\u00e4 tarkoittaisi, ett\u00e4 Nurmon tehtaan l\u00e4heisyyteen nousisi 7 tuulimylly\u00e4. Tuulivoimapuiston toteuttajaksi on perustettu hankeyhti\u00f6 Taivaanraapija Oy. Hanke perustuu kotimaiseen, maakunnalliseen omistajuuteen. Yhti\u00f6n omistajina ovat Itikka osuuskunta (60 %), Skarta Group (30 %) ja Atria (10 %). Yhti\u00f6 tuottaa uusiutuvaa energiaa Atrialle, ja tuotot palautuvat omistajille, suomalaisille perhetiloille.<\/strong><\/p>\n<p>Hankkeen alustava kustannusarvio on noin 45 miljoonaa euroa ja voimalasta saatava s\u00e4hk\u00f6energia tulisi p\u00e4\u00e4s\u00e4\u00e4nt\u00f6isesti Atrian k\u00e4ytt\u00f6\u00f6n. Tasaisella tuotannolla voimalan vuosittainen kapasiteetti riitt\u00e4isi kattamaan kokonaan Atrian Nurmon tuotantolaitoksen s\u00e4hk\u00f6n k\u00e4yt\u00f6n. Yksityiskohtaiset toteutukseen liittyv\u00e4t selvitykset mm. tarvittavien maa-alueiden hankkimisen osalta k\u00e4ynnistet\u00e4\u00e4n v\u00e4litt\u00f6m\u00e4sti. Alue sijoittuu Atria Nurmon tuotantolaitoksesta koilliseen Sein\u00e4joen ja Lapuan kaupunkien alueelle. Tarkka sijainti t\u00e4smentyy selvitysten edetess\u00e4.<\/p>\n<p>&#8211; Atrian visiona on hiilineutraali ruoan tuotanto ja etenemme kohti tavoitetta konkreettisten tekojen kautta. Viisi vuotta sitten toteutimme Suomen suurimman aurinkopuiston ja nyt otamme ison askeleen kohti t\u00e4ysin uusiutuvan energian k\u00e4ytt\u00f6\u00e4. Olemme nyt rakentamassa sellaista konseptia, jota ei aikaisemmin Suomen mittakaavassa ole tehty, toteaa Atrian teollisen toimitusketjun johtaja<strong> Tapani Potka.<\/strong><\/p>\n<p>Tuulivoima ja aurinko t\u00e4ydent\u00e4v\u00e4t toisiaan. Tuulivoiman tuotantom\u00e4\u00e4r\u00e4t ovat vuodenaikaan n\u00e4hden suurimmat talvella, kes\u00e4ll\u00e4 taas saadaan aurinkoenergiaa. Uusiutuvan energian k\u00e4yt\u00f6ll\u00e4 on Atrialle iso merkitys hiilineutraalisuustavoitteen saavuttamiseksi. My\u00f6s uuden siipikarjatehtaan rakennushanke ja sen my\u00f6t\u00e4 lis\u00e4\u00e4ntyv\u00e4 s\u00e4hk\u00f6energian tarve on ollut yksi tuulivoimahankkeen k\u00e4ynnist\u00e4v\u00e4 tekij\u00e4.<\/p>\n<p>&#8211; Taivaanraapija Oy:n perustaminen on merkitt\u00e4v\u00e4 Atrialle ja sen tuottajille. Tavoitteenamme on vahvistaa j\u00e4sentemme ja Atrian taloudellista menestyst\u00e4 sek\u00e4 edist\u00e4\u00e4 arvoketjun vastuullisuutta. Kyse on kansallisessa mittakaavassa uraauurtavasta hankkeesta, kun tuulivoimapuiston omistajuutta tavoittelee 1220 tavallista suomalaista maatilaa, kertoo Itikka osuuskunnan toimitusjohtaja <strong>Risto Lahti<\/strong>.<\/p>\n<p>Taivaanraapija Oy tulee l\u00e4hestym\u00e4\u00e4n alueen maanomistajia l\u00e4hiaikoina. Paikallisena toimijana my\u00f6s paikallisten asukkaiden kanssa tullaan k\u00e4ym\u00e4\u00e4n aktiivista vuoropuhelua.<\/p>\n<p>Hankkeen teknologiakumppanina ja osaomistajana toimii Skarta Group, joka tuo teknologiaosaamista yhti\u00f6\u00f6n ja tuulivoimapuiston kehitt\u00e4miseen.<\/p>\n<p>&#8211; Olemme eritt\u00e4in tyytyv\u00e4isi\u00e4 p\u00e4\u00e4stess\u00e4mme toteuttamaan t\u00e4t\u00e4 merkitt\u00e4v\u00e4\u00e4 ja uuden tyyppist\u00e4 uusiutuvan energian hanketta, joka edist\u00e4\u00e4 Atrian tavoitetta hiilineutraalista ruoan tuotannosta. Tuomme hankkeeseen kokeneen kotimaisen tuulivoimarakentajan osaamisen sek\u00e4 uusimmat puhtaat teknologiat. Samalla investointi tukee erinomaisesti yhti\u00f6mme strategiaa kasvaa yhdess\u00e4 asiakkaidemme kanssa, sanoo Skarta Groupin toimitusjohtaja <strong>Jukka Juola.<\/strong><\/p>\n","protected":false},"excerpt":{"rendered":"","protected":false},"author":6,"featured_media":890962,"comment_status":"closed","ping_status":"closed","sticky":false,"template":"","format":"standard","meta":{"inline_featured_image":false,"_monsterinsights_skip_tracking":false,"_monsterinsights_sitenote_active":false,"_monsterinsights_sitenote_note":"","_monsterinsights_sitenote_category":0,"site-sidebar-layout":"default","site-content-layout":"default","ast-site-content-layout":"default","site-content-style":"default","site-sidebar-style":"default","ast-global-header-display":"","ast-banner-title-visibility":"","ast-main-header-display":"","ast-hfb-above-header-display":"","ast-hfb-below-header-display":"","ast-hfb-mobile-header-display":"","site-post-title":"","ast-breadcrumbs-content":"","ast-featured-img":"","footer-sml-layout":"","ast-disable-related-posts":"","theme-transparent-header-meta":"default","adv-header-id-meta":"","stick-header-meta":"","header-above-stick-meta":"","header-main-stick-meta":"","header-below-stick-meta":"","astra-migrate-meta-layouts":"default","ast-page-background-enabled":"default","ast-page-background-meta":{"desktop":{"background-color":"","background-image":"","background-repeat":"repeat","background-position":"center center","background-size":"auto","background-attachment":"scroll","background-type":"","background-media":"","overlay-type":"","overlay-color":"","overlay-opacity":"","overlay-gradient":""},"tablet":{"background-color":"","background-image":"","background-repeat":"repeat","background-position":"center center","background-size":"auto","background-attachment":"scroll","background-type":"","background-media":"","overlay-type":"","overlay-color":"","overlay-opacity":"","overlay-gradient":""},"mobile":{"background-color":"","background-image":"","background-repeat":"repeat","background-position":"center center","background-size":"auto","background-attachment":"scroll","background-type":"","background-media":"","overlay-type":"","overlay-color":"","overlay-opacity":"","overlay-gradient":""}},"ast-content-background-meta":{"desktop":{"background-color":"var(--ast-global-color-5)","background-image":"","background-repeat":"repeat","background-position":"center center","background-size":"auto","background-attachment":"scroll","background-type":"","background-media":"","overlay-type":"","overlay-color":"","overlay-opacity":"","overlay-gradient":""},"tablet":{"background-color":"var(--ast-global-color-5)","background-image":"","background-repeat":"repeat","background-position":"center center","background-size":"auto","background-attachment":"scroll","background-type":"","background-media":"","overlay-type":"","overlay-color":"","overlay-opacity":"","overlay-gradient":""},"mobile":{"background-color":"var(--ast-global-color-5)","background-image":"","background-repeat":"repeat","background-position":"center center","background-size":"auto","background-attachment":"scroll","background-type":"","background-media":"","overlay-type":"","overlay-color":"","overlay-opacity":"","overlay-gradient":""}},"_FSMCFIC_featured_image_caption":"","_FSMCFIC_featured_image_nocaption":"","_FSMCFIC_featured_image_hide":"","footnotes":""},"categories":[224],"tags":[],"class_list":["post-890961","post","type-post","status-publish","format-standard","has-post-thumbnail","hentry","category-vastuullisuus"],"yoast_head":"<!-- This site is optimized with the Yoast SEO plugin v27.4 - https:\/\/yoast.com\/product\/yoast-seo-wordpress\/ -->\n<title>Atria k\u00e4ynnist\u00e4\u00e4 tuulivoimahankkeen \u2013 tavoitteena seitsem\u00e4n myllyn puisto Nurmoon - Pellervo<\/title>\n<meta name=\"robots\" content=\"index, follow, max-snippet:-1, max-image-preview:large, max-video-preview:-1\" \/>\n<link rel=\"canonical\" href=\"https:\/\/pellervo.fi\/sv\/vastuullisuus\/2021\/05\/20\/atria-kaynnistaa-tuulivoimahankkeen-tavoitteena-seitseman-myllyn-puisto-nurmoon\/\" \/>\n<meta property=\"og:locale\" content=\"en_US\" \/>\n<meta property=\"og:type\" content=\"article\" \/>\n<meta property=\"og:title\" content=\"Atria k\u00e4ynnist\u00e4\u00e4 tuulivoimahankkeen \u2013 tavoitteena seitsem\u00e4n myllyn puisto Nurmoon - Pellervo\" \/>\n<meta property=\"og:url\" content=\"https:\/\/pellervo.fi\/sv\/vastuullisuus\/2021\/05\/20\/atria-kaynnistaa-tuulivoimahankkeen-tavoitteena-seitseman-myllyn-puisto-nurmoon\/\" \/>\n<meta property=\"og:site_name\" content=\"Pellervo\" \/>\n<meta property=\"article:published_time\" content=\"2021-05-20T05:58:13+00:00\" \/>\n<meta property=\"article:modified_time\" content=\"2021-05-20T05:58:15+00:00\" \/>\n<meta property=\"og:image\" content=\"https:\/\/pellervo.fi\/wp-content\/uploads\/2021\/05\/Atria_nurmontehdas-scaled.jpg\" \/>\n\t<meta property=\"og:image:width\" content=\"2560\" \/>\n\t<meta property=\"og:image:height\" content=\"1705\" \/>\n\t<meta property=\"og:image:type\" content=\"image\/jpeg\" \/>\n<meta name=\"author\" content=\"Hanna Muukka\" \/>\n<meta name=\"twitter:card\" content=\"summary_large_image\" \/>\n<meta name=\"twitter:creator\" content=\"@PellervoFi\" \/>\n<meta name=\"twitter:site\" content=\"@PellervoFi\" \/>\n<meta name=\"twitter:label1\" content=\"Written by\" \/>\n\t<meta name=\"twitter:data1\" content=\"Hanna Muukka\" \/>\n\t<meta name=\"twitter:label2\" content=\"Est. reading time\" \/>\n\t<meta name=\"twitter:data2\" content=\"2 minutes\" \/>\n<script type=\"application\/ld+json\" class=\"yoast-schema-graph\">{\"@context\":\"https:\\\/\\\/schema.org\",\"@graph\":[{\"@type\":\"Article\",\"@id\":\"https:\\\/\\\/pellervo.fi\\\/sv\\\/vastuullisuus\\\/2021\\\/05\\\/20\\\/atria-kaynnistaa-tuulivoimahankkeen-tavoitteena-seitseman-myllyn-puisto-nurmoon\\\/#article\",\"isPartOf\":{\"@id\":\"https:\\\/\\\/pellervo.fi\\\/sv\\\/vastuullisuus\\\/2021\\\/05\\\/20\\\/atria-kaynnistaa-tuulivoimahankkeen-tavoitteena-seitseman-myllyn-puisto-nurmoon\\\/\"},\"author\":{\"name\":\"Hanna Muukka\",\"@id\":\"https:\\\/\\\/pellervo.fi\\\/#\\\/schema\\\/person\\\/f001b7c670bab10e5236b09672d9e6a3\"},\"headline\":\"Atria k\u00e4ynnist\u00e4\u00e4 tuulivoimahankkeen \u2013 tavoitteena seitsem\u00e4n myllyn puisto Nurmoon\",\"datePublished\":\"2021-05-20T05:58:13+00:00\",\"dateModified\":\"2021-05-20T05:58:15+00:00\",\"mainEntityOfPage\":{\"@id\":\"https:\\\/\\\/pellervo.fi\\\/sv\\\/vastuullisuus\\\/2021\\\/05\\\/20\\\/atria-kaynnistaa-tuulivoimahankkeen-tavoitteena-seitseman-myllyn-puisto-nurmoon\\\/\"},\"wordCount\":402,\"publisher\":{\"@id\":\"https:\\\/\\\/pellervo.fi\\\/#organization\"},\"image\":{\"@id\":\"https:\\\/\\\/pellervo.fi\\\/sv\\\/vastuullisuus\\\/2021\\\/05\\\/20\\\/atria-kaynnistaa-tuulivoimahankkeen-tavoitteena-seitseman-myllyn-puisto-nurmoon\\\/#primaryimage\"},\"thumbnailUrl\":\"https:\\\/\\\/pellervo.fi\\\/wp-content\\\/uploads\\\/2021\\\/05\\\/Atria_nurmontehdas-scaled.jpg\",\"articleSection\":[\"Vastuullisuus\"],\"inLanguage\":\"en-US\"},{\"@type\":\"WebPage\",\"@id\":\"https:\\\/\\\/pellervo.fi\\\/sv\\\/vastuullisuus\\\/2021\\\/05\\\/20\\\/atria-kaynnistaa-tuulivoimahankkeen-tavoitteena-seitseman-myllyn-puisto-nurmoon\\\/\",\"url\":\"https:\\\/\\\/pellervo.fi\\\/sv\\\/vastuullisuus\\\/2021\\\/05\\\/20\\\/atria-kaynnistaa-tuulivoimahankkeen-tavoitteena-seitseman-myllyn-puisto-nurmoon\\\/\",\"name\":\"Atria k\u00e4ynnist\u00e4\u00e4 tuulivoimahankkeen \u2013 tavoitteena seitsem\u00e4n myllyn puisto Nurmoon - Pellervo\",\"isPartOf\":{\"@id\":\"https:\\\/\\\/pellervo.fi\\\/#website\"},\"primaryImageOfPage\":{\"@id\":\"https:\\\/\\\/pellervo.fi\\\/sv\\\/vastuullisuus\\\/2021\\\/05\\\/20\\\/atria-kaynnistaa-tuulivoimahankkeen-tavoitteena-seitseman-myllyn-puisto-nurmoon\\\/#primaryimage\"},\"image\":{\"@id\":\"https:\\\/\\\/pellervo.fi\\\/sv\\\/vastuullisuus\\\/2021\\\/05\\\/20\\\/atria-kaynnistaa-tuulivoimahankkeen-tavoitteena-seitseman-myllyn-puisto-nurmoon\\\/#primaryimage\"},\"thumbnailUrl\":\"https:\\\/\\\/pellervo.fi\\\/wp-content\\\/uploads\\\/2021\\\/05\\\/Atria_nurmontehdas-scaled.jpg\",\"datePublished\":\"2021-05-20T05:58:13+00:00\",\"dateModified\":\"2021-05-20T05:58:15+00:00\",\"breadcrumb\":{\"@id\":\"https:\\\/\\\/pellervo.fi\\\/sv\\\/vastuullisuus\\\/2021\\\/05\\\/20\\\/atria-kaynnistaa-tuulivoimahankkeen-tavoitteena-seitseman-myllyn-puisto-nurmoon\\\/#breadcrumb\"},\"inLanguage\":\"en-US\",\"potentialAction\":[{\"@type\":\"ReadAction\",\"target\":[\"https:\\\/\\\/pellervo.fi\\\/sv\\\/vastuullisuus\\\/2021\\\/05\\\/20\\\/atria-kaynnistaa-tuulivoimahankkeen-tavoitteena-seitseman-myllyn-puisto-nurmoon\\\/\"]}]},{\"@type\":\"ImageObject\",\"inLanguage\":\"en-US\",\"@id\":\"https:\\\/\\\/pellervo.fi\\\/sv\\\/vastuullisuus\\\/2021\\\/05\\\/20\\\/atria-kaynnistaa-tuulivoimahankkeen-tavoitteena-seitseman-myllyn-puisto-nurmoon\\\/#primaryimage\",\"url\":\"https:\\\/\\\/pellervo.fi\\\/wp-content\\\/uploads\\\/2021\\\/05\\\/Atria_nurmontehdas-scaled.jpg\",\"contentUrl\":\"https:\\\/\\\/pellervo.fi\\\/wp-content\\\/uploads\\\/2021\\\/05\\\/Atria_nurmontehdas-scaled.jpg\",\"width\":2560,\"height\":1705,\"caption\":\"Atria on k\u00e4ynnist\u00e4nyt hankkeen tuulivoimapuiston rakentamiseksi Nurmon tuotantolaitoksen koillispuolelle.\"},{\"@type\":\"BreadcrumbList\",\"@id\":\"https:\\\/\\\/pellervo.fi\\\/sv\\\/vastuullisuus\\\/2021\\\/05\\\/20\\\/atria-kaynnistaa-tuulivoimahankkeen-tavoitteena-seitseman-myllyn-puisto-nurmoon\\\/#breadcrumb\",\"itemListElement\":[{\"@type\":\"ListItem\",\"position\":1,\"name\":\"Koti\",\"item\":\"https:\\\/\\\/pellervo.fi\\\/en\\\/\"},{\"@type\":\"ListItem\",\"position\":2,\"name\":\"Atria k\u00e4ynnist\u00e4\u00e4 tuulivoimahankkeen \u2013 tavoitteena seitsem\u00e4n myllyn puisto Nurmoon\"}]},{\"@type\":\"WebSite\",\"@id\":\"https:\\\/\\\/pellervo.fi\\\/#website\",\"url\":\"https:\\\/\\\/pellervo.fi\\\/\",\"name\":\"Pellervo\",\"description\":\"Osuuskuntien keskusj\u00e4rjest\u00f6\",\"publisher\":{\"@id\":\"https:\\\/\\\/pellervo.fi\\\/#organization\"},\"potentialAction\":[{\"@type\":\"SearchAction\",\"target\":{\"@type\":\"EntryPoint\",\"urlTemplate\":\"https:\\\/\\\/pellervo.fi\\\/?s={search_term_string}\"},\"query-input\":{\"@type\":\"PropertyValueSpecification\",\"valueRequired\":true,\"valueName\":\"search_term_string\"}}],\"inLanguage\":\"en-US\"},{\"@type\":\"Organization\",\"@id\":\"https:\\\/\\\/pellervo.fi\\\/#organization\",\"name\":\"Osuustoimintakeskus Pellervo ry\",\"url\":\"https:\\\/\\\/pellervo.fi\\\/\",\"logo\":{\"@type\":\"ImageObject\",\"inLanguage\":\"en-US\",\"@id\":\"https:\\\/\\\/pellervo.fi\\\/#\\\/schema\\\/logo\\\/image\\\/\",\"url\":\"https:\\\/\\\/pellervo.fi\\\/wp-content\\\/uploads\\\/2020\\\/05\\\/Pellervo_logo.png\",\"contentUrl\":\"https:\\\/\\\/pellervo.fi\\\/wp-content\\\/uploads\\\/2020\\\/05\\\/Pellervo_logo.png\",\"width\":1335,\"height\":376,\"caption\":\"Osuustoimintakeskus Pellervo ry\"},\"image\":{\"@id\":\"https:\\\/\\\/pellervo.fi\\\/#\\\/schema\\\/logo\\\/image\\\/\"},\"sameAs\":[\"https:\\\/\\\/x.com\\\/PellervoFi\"]},{\"@type\":\"Person\",\"@id\":\"https:\\\/\\\/pellervo.fi\\\/#\\\/schema\\\/person\\\/f001b7c670bab10e5236b09672d9e6a3\",\"name\":\"Hanna Muukka\",\"image\":{\"@type\":\"ImageObject\",\"inLanguage\":\"en-US\",\"@id\":\"https:\\\/\\\/pellervo.fi\\\/wp-content\\\/uploads\\\/2014\\\/02\\\/Hanna-Muukka_avatar_1393417732-96x96.jpg\",\"url\":\"https:\\\/\\\/pellervo.fi\\\/wp-content\\\/uploads\\\/2014\\\/02\\\/Hanna-Muukka_avatar_1393417732-96x96.jpg\",\"contentUrl\":\"https:\\\/\\\/pellervo.fi\\\/wp-content\\\/uploads\\\/2014\\\/02\\\/Hanna-Muukka_avatar_1393417732-96x96.jpg\",\"caption\":\"Hanna Muukka\"},\"description\":\"Kirjoittaja ty\u00f6skentelee Osuustoimintakeskus Pellervossa vastuullisuusasiantuntijana.\",\"url\":\"https:\\\/\\\/pellervo.fi\\\/en\\\/author\\\/hannamuu\\\/\"}]}<\/script>\n<!-- \/ Yoast SEO plugin. -->","yoast_head_json":{"title":"Atria k\u00e4ynnist\u00e4\u00e4 tuulivoimahankkeen \u2013 tavoitteena seitsem\u00e4n myllyn puisto Nurmoon - Pellervo","robots":{"index":"index","follow":"follow","max-snippet":"max-snippet:-1","max-image-preview":"max-image-preview:large","max-video-preview":"max-video-preview:-1"},"canonical":"https:\/\/pellervo.fi\/sv\/vastuullisuus\/2021\/05\/20\/atria-kaynnistaa-tuulivoimahankkeen-tavoitteena-seitseman-myllyn-puisto-nurmoon\/","og_locale":"en_US","og_type":"article","og_title":"Atria k\u00e4ynnist\u00e4\u00e4 tuulivoimahankkeen \u2013 tavoitteena seitsem\u00e4n myllyn puisto Nurmoon - Pellervo","og_url":"https:\/\/pellervo.fi\/sv\/vastuullisuus\/2021\/05\/20\/atria-kaynnistaa-tuulivoimahankkeen-tavoitteena-seitseman-myllyn-puisto-nurmoon\/","og_site_name":"Pellervo","article_published_time":"2021-05-20T05:58:13+00:00","article_modified_time":"2021-05-20T05:58:15+00:00","og_image":[{"width":2560,"height":1705,"url":"https:\/\/pellervo.fi\/wp-content\/uploads\/2021\/05\/Atria_nurmontehdas-scaled.jpg","type":"image\/jpeg"}],"author":"Hanna Muukka","twitter_card":"summary_large_image","twitter_creator":"@PellervoFi","twitter_site":"@PellervoFi","twitter_misc":{"Written by":"Hanna Muukka","Est. reading time":"2 minutes"},"schema":{"@context":"https:\/\/schema.org","@graph":[{"@type":"Article","@id":"https:\/\/pellervo.fi\/sv\/vastuullisuus\/2021\/05\/20\/atria-kaynnistaa-tuulivoimahankkeen-tavoitteena-seitseman-myllyn-puisto-nurmoon\/#article","isPartOf":{"@id":"https:\/\/pellervo.fi\/sv\/vastuullisuus\/2021\/05\/20\/atria-kaynnistaa-tuulivoimahankkeen-tavoitteena-seitseman-myllyn-puisto-nurmoon\/"},"author":{"name":"Hanna Muukka","@id":"https:\/\/pellervo.fi\/#\/schema\/person\/f001b7c670bab10e5236b09672d9e6a3"},"headline":"Atria k\u00e4ynnist\u00e4\u00e4 tuulivoimahankkeen \u2013 tavoitteena seitsem\u00e4n myllyn puisto Nurmoon","datePublished":"2021-05-20T05:58:13+00:00","dateModified":"2021-05-20T05:58:15+00:00","mainEntityOfPage":{"@id":"https:\/\/pellervo.fi\/sv\/vastuullisuus\/2021\/05\/20\/atria-kaynnistaa-tuulivoimahankkeen-tavoitteena-seitseman-myllyn-puisto-nurmoon\/"},"wordCount":402,"publisher":{"@id":"https:\/\/pellervo.fi\/#organization"},"image":{"@id":"https:\/\/pellervo.fi\/sv\/vastuullisuus\/2021\/05\/20\/atria-kaynnistaa-tuulivoimahankkeen-tavoitteena-seitseman-myllyn-puisto-nurmoon\/#primaryimage"},"thumbnailUrl":"https:\/\/pellervo.fi\/wp-content\/uploads\/2021\/05\/Atria_nurmontehdas-scaled.jpg","articleSection":["Vastuullisuus"],"inLanguage":"en-US"},{"@type":"WebPage","@id":"https:\/\/pellervo.fi\/sv\/vastuullisuus\/2021\/05\/20\/atria-kaynnistaa-tuulivoimahankkeen-tavoitteena-seitseman-myllyn-puisto-nurmoon\/","url":"https:\/\/pellervo.fi\/sv\/vastuullisuus\/2021\/05\/20\/atria-kaynnistaa-tuulivoimahankkeen-tavoitteena-seitseman-myllyn-puisto-nurmoon\/","name":"Atria k\u00e4ynnist\u00e4\u00e4 tuulivoimahankkeen \u2013 tavoitteena seitsem\u00e4n myllyn puisto Nurmoon - Pellervo","isPartOf":{"@id":"https:\/\/pellervo.fi\/#website"},"primaryImageOfPage":{"@id":"https:\/\/pellervo.fi\/sv\/vastuullisuus\/2021\/05\/20\/atria-kaynnistaa-tuulivoimahankkeen-tavoitteena-seitseman-myllyn-puisto-nurmoon\/#primaryimage"},"image":{"@id":"https:\/\/pellervo.fi\/sv\/vastuullisuus\/2021\/05\/20\/atria-kaynnistaa-tuulivoimahankkeen-tavoitteena-seitseman-myllyn-puisto-nurmoon\/#primaryimage"},"thumbnailUrl":"https:\/\/pellervo.fi\/wp-content\/uploads\/2021\/05\/Atria_nurmontehdas-scaled.jpg","datePublished":"2021-05-20T05:58:13+00:00","dateModified":"2021-05-20T05:58:15+00:00","breadcrumb":{"@id":"https:\/\/pellervo.fi\/sv\/vastuullisuus\/2021\/05\/20\/atria-kaynnistaa-tuulivoimahankkeen-tavoitteena-seitseman-myllyn-puisto-nurmoon\/#breadcrumb"},"inLanguage":"en-US","potentialAction":[{"@type":"ReadAction","target":["https:\/\/pellervo.fi\/sv\/vastuullisuus\/2021\/05\/20\/atria-kaynnistaa-tuulivoimahankkeen-tavoitteena-seitseman-myllyn-puisto-nurmoon\/"]}]},{"@type":"ImageObject","inLanguage":"en-US","@id":"https:\/\/pellervo.fi\/sv\/vastuullisuus\/2021\/05\/20\/atria-kaynnistaa-tuulivoimahankkeen-tavoitteena-seitseman-myllyn-puisto-nurmoon\/#primaryimage","url":"https:\/\/pellervo.fi\/wp-content\/uploads\/2021\/05\/Atria_nurmontehdas-scaled.jpg","contentUrl":"https:\/\/pellervo.fi\/wp-content\/uploads\/2021\/05\/Atria_nurmontehdas-scaled.jpg","width":2560,"height":1705,"caption":"Atria on k\u00e4ynnist\u00e4nyt hankkeen tuulivoimapuiston rakentamiseksi Nurmon tuotantolaitoksen koillispuolelle."},{"@type":"BreadcrumbList","@id":"https:\/\/pellervo.fi\/sv\/vastuullisuus\/2021\/05\/20\/atria-kaynnistaa-tuulivoimahankkeen-tavoitteena-seitseman-myllyn-puisto-nurmoon\/#breadcrumb","itemListElement":[{"@type":"ListItem","position":1,"name":"Koti","item":"https:\/\/pellervo.fi\/en\/"},{"@type":"ListItem","position":2,"name":"Atria k\u00e4ynnist\u00e4\u00e4 tuulivoimahankkeen \u2013 tavoitteena seitsem\u00e4n myllyn puisto Nurmoon"}]},{"@type":"WebSite","@id":"https:\/\/pellervo.fi\/#website","url":"https:\/\/pellervo.fi\/","name":"Pellervo","description":"Osuuskuntien keskusj\u00e4rjest\u00f6","publisher":{"@id":"https:\/\/pellervo.fi\/#organization"},"potentialAction":[{"@type":"SearchAction","target":{"@type":"EntryPoint","urlTemplate":"https:\/\/pellervo.fi\/?s={search_term_string}"},"query-input":{"@type":"PropertyValueSpecification","valueRequired":true,"valueName":"search_term_string"}}],"inLanguage":"en-US"},{"@type":"Organization","@id":"https:\/\/pellervo.fi\/#organization","name":"Osuustoimintakeskus Pellervo ry","url":"https:\/\/pellervo.fi\/","logo":{"@type":"ImageObject","inLanguage":"en-US","@id":"https:\/\/pellervo.fi\/#\/schema\/logo\/image\/","url":"https:\/\/pellervo.fi\/wp-content\/uploads\/2020\/05\/Pellervo_logo.png","contentUrl":"https:\/\/pellervo.fi\/wp-content\/uploads\/2020\/05\/Pellervo_logo.png","width":1335,"height":376,"caption":"Osuustoimintakeskus Pellervo ry"},"image":{"@id":"https:\/\/pellervo.fi\/#\/schema\/logo\/image\/"},"sameAs":["https:\/\/x.com\/PellervoFi"]},{"@type":"Person","@id":"https:\/\/pellervo.fi\/#\/schema\/person\/f001b7c670bab10e5236b09672d9e6a3","name":"Hanna Muukka","image":{"@type":"ImageObject","inLanguage":"en-US","@id":"https:\/\/pellervo.fi\/wp-content\/uploads\/2014\/02\/Hanna-Muukka_avatar_1393417732-96x96.jpg","url":"https:\/\/pellervo.fi\/wp-content\/uploads\/2014\/02\/Hanna-Muukka_avatar_1393417732-96x96.jpg","contentUrl":"https:\/\/pellervo.fi\/wp-content\/uploads\/2014\/02\/Hanna-Muukka_avatar_1393417732-96x96.jpg","caption":"Hanna Muukka"},"description":"Kirjoittaja ty\u00f6skentelee Osuustoimintakeskus Pellervossa vastuullisuusasiantuntijana.","url":"https:\/\/pellervo.fi\/en\/author\/hannamuu\/"}]}},"_links":{"self":[{"href":"https:\/\/pellervo.fi\/en\/wp-json\/wp\/v2\/posts\/890961","targetHints":{"allow":["GET"]}}],"collection":[{"href":"https:\/\/pellervo.fi\/en\/wp-json\/wp\/v2\/posts"}],"about":[{"href":"https:\/\/pellervo.fi\/en\/wp-json\/wp\/v2\/types\/post"}],"author":[{"embeddable":true,"href":"https:\/\/pellervo.fi\/en\/wp-json\/wp\/v2\/users\/6"}],"replies":[{"embeddable":true,"href":"https:\/\/pellervo.fi\/en\/wp-json\/wp\/v2\/comments?post=890961"}],"version-history":[{"count":1,"href":"https:\/\/pellervo.fi\/en\/wp-json\/wp\/v2\/posts\/890961\/revisions"}],"predecessor-version":[{"id":890965,"href":"https:\/\/pellervo.fi\/en\/wp-json\/wp\/v2\/posts\/890961\/revisions\/890965"}],"wp:featuredmedia":[{"embeddable":true,"href":"https:\/\/pellervo.fi\/en\/wp-json\/wp\/v2\/media\/890962"}],"wp:attachment":[{"href":"https:\/\/pellervo.fi\/en\/wp-json\/wp\/v2\/media?parent=890961"}],"wp:term":[{"taxonomy":"category","embeddable":true,"href":"https:\/\/pellervo.fi\/en\/wp-json\/wp\/v2\/categories?post=890961"},{"taxonomy":"post_tag","embeddable":true,"href":"https:\/\/pellervo.fi\/en\/wp-json\/wp\/v2\/tags?post=890961"}],"curies":[{"name":"wp","href":"https:\/\/api.w.org\/{rel}","templated":true}]}}