{"id":891202,"date":"2021-05-28T12:25:26","date_gmt":"2021-05-28T09:25:26","guid":{"rendered":"https:\/\/pellervo.fi\/?p=891202"},"modified":"2021-05-28T12:26:54","modified_gmt":"2021-05-28T09:26:54","slug":"891202","status":"publish","type":"post","link":"https:\/\/pellervo.fi\/en\/uutiset\/2021\/05\/28\/891202\/","title":{"rendered":"Yhteisty\u00f6n merkitys korostui Afrikan kehityksen edist\u00e4mist\u00e4 k\u00e4sitelleess\u00e4 webinaarissa"},"content":{"rendered":"\n\n\t<p>Tilaisuudessa keskusteltiin siit\u00e4, miten osuuskunnat, ammatilliset koululaitokset, yliopistot ja paikalliset yritykset voivat edist\u00e4\u00e4 kehityst\u00e4 Afrikassa.<\/p>\n<p>Torstaina 27.5. j\u00e4rjestetyn Osuustoiminnan, koulutuksen ja yritt\u00e4jyyden vastuu kehityksen edist\u00e4j\u00e4n\u00e4 -webinaarista vastasivat yhteisty\u00f6ss\u00e4 taloudellisen yhteisty\u00f6n ja osuustoiminnan tutkimuksen seura <a href=\"https:\/\/www.facebook.com\/kooperatiivi\/\">Kooperatiivi ry<\/a>, Espoon seudun koulutusyhtym\u00e4 <a href=\"https:\/\/www.omnia.fi\/\">Omnia<\/a> ja Pellervon taloustutkimus <a href=\"https:\/\/www.ptt.fi\/\">PTT ry<\/a>.<\/p>\n\n<p>Kansainv\u00e4lisen Osuustoimintaliitto ICA:n presidentti\u00a0<strong>Ariel Guarco <\/strong>muistutti videotervehdyksess\u00e4\u00e4n, ett\u00e4 osuustoiminnan kehitys ei tapahdu vahingossa vaan tarvitaan tahtoa toimia ja tehd\u00e4 t\u00f6it\u00e4 yhdess\u00e4. H\u00e4nen mukaansa k\u00e4sill\u00e4 on paradigman muutos globaalilla tasolla, jossa etsit\u00e4\u00e4n tiet\u00e4 uudenlaiseen tulevaisuuteen ja osuuskuntien pit\u00e4\u00e4 n\u00e4ytt\u00e4\u00e4 muille mallia, siin\u00e4 miten yhdist\u00e4\u00e4 kannattava liiketoiminta ja yhteiskunnallinen vastuu.<\/p>\n<p>ICA:n t\u00e4rkeimpi\u00e4 strategisia tavoitteita on osuustoiminnan identiteetin syvent\u00e4minen osuuskuntien keskuudessa. \u00a0Guarcon mukaan asiassa pit\u00e4isi tehd\u00e4 globaalisti enemm\u00e4n yhteisty\u00f6lt\u00e4.<\/p>\n<p>Komissaari <strong>Jutta Urpilainen<\/strong> kertoi niin ik\u00e4\u00e4n videotervehdyksess\u00e4, ett\u00e4 haluaa luoda vahvan ja kaikkia hy\u00f6dytt\u00e4v\u00e4n kumppanuuden EU:n ja Afrikan v\u00e4lille. Avainasemassa ovat nuoret, jotka tarvitsevat sek\u00e4 koulutusta ett\u00e4 ty\u00f6paikkoja. Urpilaisen uskoo, ett\u00e4 osuuskunnilla inklusiivisina yritysmalleina on paljon annettavaa niin pienviljelij\u00f6ille, naisille kuin nuortenkin osallistamiseen.<\/p>\n\n<p>Keskustelijat olivat ruohonjuuritason toimijoita Suomesta ja Afrikasta sek\u00e4 asiantuntijoita tiedeyhteis\u00f6ist\u00e4, suomalaisista ja kansainv\u00e4lisist\u00e4 organisaatioista, ministeri\u00f6ist\u00e4 sek\u00e4 tutkimus- ja opetuslaitoksista.<\/p>\n<p>Pellervon toimitusjohtaja <strong>Sami Karhu<\/strong> esitteli Pellervon ja suomalaisen osuustoiminnan kehittymist\u00e4 ja tulevaisuutta ja mit\u00e4 Afrikan osuustoimintaliike voi siit\u00e4 oppia. Omnian <strong>Shimelles Tenaw<\/strong> jatkoi samalla teemalla kertoen, miten osuuskunnat voivat auttaa afrikkalaisen virallisen ja ep\u00e4virallisen talouden kehittymist\u00e4.<\/p>\n<p>PTT:n tutkimusjohtaja <strong>Olli-Pekka Ruuskanen<\/strong> avasi Ugandan pk-yrityksille suunnatusta hankkeesta tulleita oppeja. Ugandassa valtaosa ihmisist\u00e4 on itsens\u00e4 ty\u00f6llist\u00e4ji\u00e4, joten rahoituksen saaminen ja erityisesti riskienhallinta vakuuttamisen kautta on hankalaa. Tarvetta olisi keskin\u00e4isyydelle ja esimerkiksi osuuspankkien kautta saataville mikro-vakuutuksille.<\/p>\n<p>Tilaisuus p\u00e4\u00e4ttyi kahteen paneeliin, joissa keskusteltiin hyvien k\u00e4yt\u00e4nt\u00f6jen jakamisesta ja yhteisty\u00f6mahdollisuuksista suomalaisten ja afrikkalaisten yliopistojen v\u00e4lill\u00e4 sek\u00e4 osuuskuntien merkityksest\u00e4 nuorten ja naisten osallistamisessa. Ensimm\u00e4isess\u00e4 paneelissa keskustelivat ICA Afrikan aluejohtaja <strong>Chiyoge B. Sifa<\/strong>, suunnittelija <strong>Pekka Hytinkoski<\/strong> Helsingin yliopiston Ruralia-Instituutista sek\u00e4 professori <strong>Managasini Katundu<\/strong> ja yliopistolehtori <strong>Neema Kumburu<\/strong> Tansanian Moshi osuustoimintayliopistosta.<\/p>\n<p>Toisen paneelin keskustelijoina olivat varakansleri, professori <strong>Faustine Bee<\/strong> Dodoman yliopistosta Tansaniasta sek\u00e4 Suomen ulkoministeri\u00f6n kehityspolitiikan neuvonantaja <strong>L<\/strong><strong>aura Desmoulin<\/strong>.<\/p>\n\n","protected":false},"excerpt":{"rendered":"<p>Torstaina 27.5. j\u00e4rjestestyss\u00e4 tilaisuudessa keskusteltiin siit\u00e4, miten osuuskunnat, ammatilliset koululaitokset, yliopistot ja paikalliset yritykset voivat edist\u00e4\u00e4 kehityst\u00e4 Afrikassa.<\/p>\n","protected":false},"author":6,"featured_media":891087,"comment_status":"closed","ping_status":"closed","sticky":false,"template":"","format":"standard","meta":{"inline_featured_image":false,"_monsterinsights_skip_tracking":false,"_monsterinsights_sitenote_active":false,"_monsterinsights_sitenote_note":"","_monsterinsights_sitenote_category":0,"site-sidebar-layout":"default","site-content-layout":"default","ast-site-content-layout":"default","site-content-style":"default","site-sidebar-style":"default","ast-global-header-display":"","ast-banner-title-visibility":"","ast-main-header-display":"","ast-hfb-above-header-display":"","ast-hfb-below-header-display":"","ast-hfb-mobile-header-display":"","site-post-title":"","ast-breadcrumbs-content":"","ast-featured-img":"","footer-sml-layout":"","ast-disable-related-posts":"","theme-transparent-header-meta":"default","adv-header-id-meta":"","stick-header-meta":"","header-above-stick-meta":"","header-main-stick-meta":"","header-below-stick-meta":"","astra-migrate-meta-layouts":"default","ast-page-background-enabled":"default","ast-page-background-meta":{"desktop":{"background-color":"","background-image":"","background-repeat":"repeat","background-position":"center center","background-size":"auto","background-attachment":"scroll","background-type":"","background-media":"","overlay-type":"","overlay-color":"","overlay-opacity":"","overlay-gradient":""},"tablet":{"background-color":"","background-image":"","background-repeat":"repeat","background-position":"center center","background-size":"auto","background-attachment":"scroll","background-type":"","background-media":"","overlay-type":"","overlay-color":"","overlay-opacity":"","overlay-gradient":""},"mobile":{"background-color":"","background-image":"","background-repeat":"repeat","background-position":"center center","background-size":"auto","background-attachment":"scroll","background-type":"","background-media":"","overlay-type":"","overlay-color":"","overlay-opacity":"","overlay-gradient":""}},"ast-content-background-meta":{"desktop":{"background-color":"var(--ast-global-color-5)","background-image":"","background-repeat":"repeat","background-position":"center center","background-size":"auto","background-attachment":"scroll","background-type":"","background-media":"","overlay-type":"","overlay-color":"","overlay-opacity":"","overlay-gradient":""},"tablet":{"background-color":"var(--ast-global-color-5)","background-image":"","background-repeat":"repeat","background-position":"center center","background-size":"auto","background-attachment":"scroll","background-type":"","background-media":"","overlay-type":"","overlay-color":"","overlay-opacity":"","overlay-gradient":""},"mobile":{"background-color":"var(--ast-global-color-5)","background-image":"","background-repeat":"repeat","background-position":"center center","background-size":"auto","background-attachment":"scroll","background-type":"","background-media":"","overlay-type":"","overlay-color":"","overlay-opacity":"","overlay-gradient":""}},"_FSMCFIC_featured_image_caption":"","_FSMCFIC_featured_image_nocaption":"","_FSMCFIC_featured_image_hide":"","footnotes":""},"categories":[22],"tags":[],"class_list":["post-891202","post","type-post","status-publish","format-standard","has-post-thumbnail","hentry","category-uutiset"],"yoast_head":"<!-- This site is optimized with the Yoast SEO plugin v27.4 - https:\/\/yoast.com\/product\/yoast-seo-wordpress\/ -->\n<title>Yhteisty\u00f6n merkitys korostui Afrikan kehityksen edist\u00e4mist\u00e4 k\u00e4sitelleess\u00e4 webinaarissa - Pellervo<\/title>\n<meta name=\"robots\" content=\"index, follow, max-snippet:-1, max-image-preview:large, max-video-preview:-1\" \/>\n<link rel=\"canonical\" href=\"https:\/\/pellervo.fi\/sv\/uutiset\/2021\/05\/28\/891202\/\" \/>\n<meta property=\"og:locale\" content=\"en_US\" \/>\n<meta property=\"og:type\" content=\"article\" \/>\n<meta property=\"og:title\" content=\"Yhteisty\u00f6n merkitys korostui Afrikan kehityksen edist\u00e4mist\u00e4 k\u00e4sitelleess\u00e4 webinaarissa - Pellervo\" \/>\n<meta property=\"og:description\" content=\"Torstaina 27.5. j\u00e4rjestestyss\u00e4 tilaisuudessa keskusteltiin siit\u00e4, miten osuuskunnat, ammatilliset koululaitokset, yliopistot ja paikalliset yritykset voivat edist\u00e4\u00e4 kehityst\u00e4 Afrikassa.\" \/>\n<meta property=\"og:url\" content=\"https:\/\/pellervo.fi\/sv\/uutiset\/2021\/05\/28\/891202\/\" \/>\n<meta property=\"og:site_name\" content=\"Pellervo\" \/>\n<meta property=\"article:published_time\" content=\"2021-05-28T09:25:26+00:00\" \/>\n<meta property=\"article:modified_time\" content=\"2021-05-28T09:26:54+00:00\" \/>\n<meta property=\"og:image\" content=\"https:\/\/pellervo.fi\/wp-content\/uploads\/2021\/05\/270521_kooperatiivi_webinaari.png\" \/>\n\t<meta property=\"og:image:width\" content=\"599\" \/>\n\t<meta property=\"og:image:height\" content=\"337\" \/>\n\t<meta property=\"og:image:type\" content=\"image\/png\" \/>\n<meta name=\"author\" content=\"Hanna Muukka\" \/>\n<meta name=\"twitter:card\" content=\"summary_large_image\" \/>\n<meta name=\"twitter:creator\" content=\"@PellervoFi\" \/>\n<meta name=\"twitter:site\" content=\"@PellervoFi\" \/>\n<meta name=\"twitter:label1\" content=\"Written by\" \/>\n\t<meta name=\"twitter:data1\" content=\"Hanna Muukka\" \/>\n\t<meta name=\"twitter:label2\" content=\"Est. reading time\" \/>\n\t<meta name=\"twitter:data2\" content=\"2 minutes\" \/>\n<script type=\"application\/ld+json\" class=\"yoast-schema-graph\">{\"@context\":\"https:\\\/\\\/schema.org\",\"@graph\":[{\"@type\":\"Article\",\"@id\":\"https:\\\/\\\/pellervo.fi\\\/sv\\\/uutiset\\\/2021\\\/05\\\/28\\\/891202\\\/#article\",\"isPartOf\":{\"@id\":\"https:\\\/\\\/pellervo.fi\\\/sv\\\/uutiset\\\/2021\\\/05\\\/28\\\/891202\\\/\"},\"author\":{\"name\":\"Hanna Muukka\",\"@id\":\"https:\\\/\\\/pellervo.fi\\\/#\\\/schema\\\/person\\\/f001b7c670bab10e5236b09672d9e6a3\"},\"headline\":\"Yhteisty\u00f6n merkitys korostui Afrikan kehityksen edist\u00e4mist\u00e4 k\u00e4sitelleess\u00e4 webinaarissa\",\"datePublished\":\"2021-05-28T09:25:26+00:00\",\"dateModified\":\"2021-05-28T09:26:54+00:00\",\"mainEntityOfPage\":{\"@id\":\"https:\\\/\\\/pellervo.fi\\\/sv\\\/uutiset\\\/2021\\\/05\\\/28\\\/891202\\\/\"},\"wordCount\":368,\"publisher\":{\"@id\":\"https:\\\/\\\/pellervo.fi\\\/#organization\"},\"image\":{\"@id\":\"https:\\\/\\\/pellervo.fi\\\/sv\\\/uutiset\\\/2021\\\/05\\\/28\\\/891202\\\/#primaryimage\"},\"thumbnailUrl\":\"https:\\\/\\\/pellervo.fi\\\/wp-content\\\/uploads\\\/2021\\\/05\\\/270521_kooperatiivi_webinaari.png\",\"articleSection\":[\"Uutiset\"],\"inLanguage\":\"en-US\"},{\"@type\":\"WebPage\",\"@id\":\"https:\\\/\\\/pellervo.fi\\\/sv\\\/uutiset\\\/2021\\\/05\\\/28\\\/891202\\\/\",\"url\":\"https:\\\/\\\/pellervo.fi\\\/sv\\\/uutiset\\\/2021\\\/05\\\/28\\\/891202\\\/\",\"name\":\"Yhteisty\u00f6n merkitys korostui Afrikan kehityksen edist\u00e4mist\u00e4 k\u00e4sitelleess\u00e4 webinaarissa - Pellervo\",\"isPartOf\":{\"@id\":\"https:\\\/\\\/pellervo.fi\\\/#website\"},\"primaryImageOfPage\":{\"@id\":\"https:\\\/\\\/pellervo.fi\\\/sv\\\/uutiset\\\/2021\\\/05\\\/28\\\/891202\\\/#primaryimage\"},\"image\":{\"@id\":\"https:\\\/\\\/pellervo.fi\\\/sv\\\/uutiset\\\/2021\\\/05\\\/28\\\/891202\\\/#primaryimage\"},\"thumbnailUrl\":\"https:\\\/\\\/pellervo.fi\\\/wp-content\\\/uploads\\\/2021\\\/05\\\/270521_kooperatiivi_webinaari.png\",\"datePublished\":\"2021-05-28T09:25:26+00:00\",\"dateModified\":\"2021-05-28T09:26:54+00:00\",\"breadcrumb\":{\"@id\":\"https:\\\/\\\/pellervo.fi\\\/sv\\\/uutiset\\\/2021\\\/05\\\/28\\\/891202\\\/#breadcrumb\"},\"inLanguage\":\"en-US\",\"potentialAction\":[{\"@type\":\"ReadAction\",\"target\":[\"https:\\\/\\\/pellervo.fi\\\/sv\\\/uutiset\\\/2021\\\/05\\\/28\\\/891202\\\/\"]}]},{\"@type\":\"ImageObject\",\"inLanguage\":\"en-US\",\"@id\":\"https:\\\/\\\/pellervo.fi\\\/sv\\\/uutiset\\\/2021\\\/05\\\/28\\\/891202\\\/#primaryimage\",\"url\":\"https:\\\/\\\/pellervo.fi\\\/wp-content\\\/uploads\\\/2021\\\/05\\\/270521_kooperatiivi_webinaari.png\",\"contentUrl\":\"https:\\\/\\\/pellervo.fi\\\/wp-content\\\/uploads\\\/2021\\\/05\\\/270521_kooperatiivi_webinaari.png\",\"width\":599,\"height\":337},{\"@type\":\"BreadcrumbList\",\"@id\":\"https:\\\/\\\/pellervo.fi\\\/sv\\\/uutiset\\\/2021\\\/05\\\/28\\\/891202\\\/#breadcrumb\",\"itemListElement\":[{\"@type\":\"ListItem\",\"position\":1,\"name\":\"Koti\",\"item\":\"https:\\\/\\\/pellervo.fi\\\/en\\\/\"},{\"@type\":\"ListItem\",\"position\":2,\"name\":\"Yhteisty\u00f6n merkitys korostui Afrikan kehityksen edist\u00e4mist\u00e4 k\u00e4sitelleess\u00e4 webinaarissa\"}]},{\"@type\":\"WebSite\",\"@id\":\"https:\\\/\\\/pellervo.fi\\\/#website\",\"url\":\"https:\\\/\\\/pellervo.fi\\\/\",\"name\":\"Pellervo\",\"description\":\"Osuuskuntien keskusj\u00e4rjest\u00f6\",\"publisher\":{\"@id\":\"https:\\\/\\\/pellervo.fi\\\/#organization\"},\"potentialAction\":[{\"@type\":\"SearchAction\",\"target\":{\"@type\":\"EntryPoint\",\"urlTemplate\":\"https:\\\/\\\/pellervo.fi\\\/?s={search_term_string}\"},\"query-input\":{\"@type\":\"PropertyValueSpecification\",\"valueRequired\":true,\"valueName\":\"search_term_string\"}}],\"inLanguage\":\"en-US\"},{\"@type\":\"Organization\",\"@id\":\"https:\\\/\\\/pellervo.fi\\\/#organization\",\"name\":\"Osuustoimintakeskus Pellervo ry\",\"url\":\"https:\\\/\\\/pellervo.fi\\\/\",\"logo\":{\"@type\":\"ImageObject\",\"inLanguage\":\"en-US\",\"@id\":\"https:\\\/\\\/pellervo.fi\\\/#\\\/schema\\\/logo\\\/image\\\/\",\"url\":\"https:\\\/\\\/pellervo.fi\\\/wp-content\\\/uploads\\\/2020\\\/05\\\/Pellervo_logo.png\",\"contentUrl\":\"https:\\\/\\\/pellervo.fi\\\/wp-content\\\/uploads\\\/2020\\\/05\\\/Pellervo_logo.png\",\"width\":1335,\"height\":376,\"caption\":\"Osuustoimintakeskus Pellervo ry\"},\"image\":{\"@id\":\"https:\\\/\\\/pellervo.fi\\\/#\\\/schema\\\/logo\\\/image\\\/\"},\"sameAs\":[\"https:\\\/\\\/x.com\\\/PellervoFi\"]},{\"@type\":\"Person\",\"@id\":\"https:\\\/\\\/pellervo.fi\\\/#\\\/schema\\\/person\\\/f001b7c670bab10e5236b09672d9e6a3\",\"name\":\"Hanna Muukka\",\"image\":{\"@type\":\"ImageObject\",\"inLanguage\":\"en-US\",\"@id\":\"https:\\\/\\\/pellervo.fi\\\/wp-content\\\/uploads\\\/2014\\\/02\\\/Hanna-Muukka_avatar_1393417732-96x96.jpg\",\"url\":\"https:\\\/\\\/pellervo.fi\\\/wp-content\\\/uploads\\\/2014\\\/02\\\/Hanna-Muukka_avatar_1393417732-96x96.jpg\",\"contentUrl\":\"https:\\\/\\\/pellervo.fi\\\/wp-content\\\/uploads\\\/2014\\\/02\\\/Hanna-Muukka_avatar_1393417732-96x96.jpg\",\"caption\":\"Hanna Muukka\"},\"description\":\"Kirjoittaja ty\u00f6skentelee Osuustoimintakeskus Pellervossa vastuullisuusasiantuntijana.\",\"url\":\"https:\\\/\\\/pellervo.fi\\\/en\\\/author\\\/hannamuu\\\/\"}]}<\/script>\n<!-- \/ Yoast SEO plugin. -->","yoast_head_json":{"title":"Yhteisty\u00f6n merkitys korostui Afrikan kehityksen edist\u00e4mist\u00e4 k\u00e4sitelleess\u00e4 webinaarissa - Pellervo","robots":{"index":"index","follow":"follow","max-snippet":"max-snippet:-1","max-image-preview":"max-image-preview:large","max-video-preview":"max-video-preview:-1"},"canonical":"https:\/\/pellervo.fi\/sv\/uutiset\/2021\/05\/28\/891202\/","og_locale":"en_US","og_type":"article","og_title":"Yhteisty\u00f6n merkitys korostui Afrikan kehityksen edist\u00e4mist\u00e4 k\u00e4sitelleess\u00e4 webinaarissa - Pellervo","og_description":"Torstaina 27.5. j\u00e4rjestestyss\u00e4 tilaisuudessa keskusteltiin siit\u00e4, miten osuuskunnat, ammatilliset koululaitokset, yliopistot ja paikalliset yritykset voivat edist\u00e4\u00e4 kehityst\u00e4 Afrikassa.","og_url":"https:\/\/pellervo.fi\/sv\/uutiset\/2021\/05\/28\/891202\/","og_site_name":"Pellervo","article_published_time":"2021-05-28T09:25:26+00:00","article_modified_time":"2021-05-28T09:26:54+00:00","og_image":[{"width":599,"height":337,"url":"https:\/\/pellervo.fi\/wp-content\/uploads\/2021\/05\/270521_kooperatiivi_webinaari.png","type":"image\/png"}],"author":"Hanna Muukka","twitter_card":"summary_large_image","twitter_creator":"@PellervoFi","twitter_site":"@PellervoFi","twitter_misc":{"Written by":"Hanna Muukka","Est. reading time":"2 minutes"},"schema":{"@context":"https:\/\/schema.org","@graph":[{"@type":"Article","@id":"https:\/\/pellervo.fi\/sv\/uutiset\/2021\/05\/28\/891202\/#article","isPartOf":{"@id":"https:\/\/pellervo.fi\/sv\/uutiset\/2021\/05\/28\/891202\/"},"author":{"name":"Hanna Muukka","@id":"https:\/\/pellervo.fi\/#\/schema\/person\/f001b7c670bab10e5236b09672d9e6a3"},"headline":"Yhteisty\u00f6n merkitys korostui Afrikan kehityksen edist\u00e4mist\u00e4 k\u00e4sitelleess\u00e4 webinaarissa","datePublished":"2021-05-28T09:25:26+00:00","dateModified":"2021-05-28T09:26:54+00:00","mainEntityOfPage":{"@id":"https:\/\/pellervo.fi\/sv\/uutiset\/2021\/05\/28\/891202\/"},"wordCount":368,"publisher":{"@id":"https:\/\/pellervo.fi\/#organization"},"image":{"@id":"https:\/\/pellervo.fi\/sv\/uutiset\/2021\/05\/28\/891202\/#primaryimage"},"thumbnailUrl":"https:\/\/pellervo.fi\/wp-content\/uploads\/2021\/05\/270521_kooperatiivi_webinaari.png","articleSection":["Uutiset"],"inLanguage":"en-US"},{"@type":"WebPage","@id":"https:\/\/pellervo.fi\/sv\/uutiset\/2021\/05\/28\/891202\/","url":"https:\/\/pellervo.fi\/sv\/uutiset\/2021\/05\/28\/891202\/","name":"Yhteisty\u00f6n merkitys korostui Afrikan kehityksen edist\u00e4mist\u00e4 k\u00e4sitelleess\u00e4 webinaarissa - Pellervo","isPartOf":{"@id":"https:\/\/pellervo.fi\/#website"},"primaryImageOfPage":{"@id":"https:\/\/pellervo.fi\/sv\/uutiset\/2021\/05\/28\/891202\/#primaryimage"},"image":{"@id":"https:\/\/pellervo.fi\/sv\/uutiset\/2021\/05\/28\/891202\/#primaryimage"},"thumbnailUrl":"https:\/\/pellervo.fi\/wp-content\/uploads\/2021\/05\/270521_kooperatiivi_webinaari.png","datePublished":"2021-05-28T09:25:26+00:00","dateModified":"2021-05-28T09:26:54+00:00","breadcrumb":{"@id":"https:\/\/pellervo.fi\/sv\/uutiset\/2021\/05\/28\/891202\/#breadcrumb"},"inLanguage":"en-US","potentialAction":[{"@type":"ReadAction","target":["https:\/\/pellervo.fi\/sv\/uutiset\/2021\/05\/28\/891202\/"]}]},{"@type":"ImageObject","inLanguage":"en-US","@id":"https:\/\/pellervo.fi\/sv\/uutiset\/2021\/05\/28\/891202\/#primaryimage","url":"https:\/\/pellervo.fi\/wp-content\/uploads\/2021\/05\/270521_kooperatiivi_webinaari.png","contentUrl":"https:\/\/pellervo.fi\/wp-content\/uploads\/2021\/05\/270521_kooperatiivi_webinaari.png","width":599,"height":337},{"@type":"BreadcrumbList","@id":"https:\/\/pellervo.fi\/sv\/uutiset\/2021\/05\/28\/891202\/#breadcrumb","itemListElement":[{"@type":"ListItem","position":1,"name":"Koti","item":"https:\/\/pellervo.fi\/en\/"},{"@type":"ListItem","position":2,"name":"Yhteisty\u00f6n merkitys korostui Afrikan kehityksen edist\u00e4mist\u00e4 k\u00e4sitelleess\u00e4 webinaarissa"}]},{"@type":"WebSite","@id":"https:\/\/pellervo.fi\/#website","url":"https:\/\/pellervo.fi\/","name":"Pellervo","description":"Osuuskuntien keskusj\u00e4rjest\u00f6","publisher":{"@id":"https:\/\/pellervo.fi\/#organization"},"potentialAction":[{"@type":"SearchAction","target":{"@type":"EntryPoint","urlTemplate":"https:\/\/pellervo.fi\/?s={search_term_string}"},"query-input":{"@type":"PropertyValueSpecification","valueRequired":true,"valueName":"search_term_string"}}],"inLanguage":"en-US"},{"@type":"Organization","@id":"https:\/\/pellervo.fi\/#organization","name":"Osuustoimintakeskus Pellervo ry","url":"https:\/\/pellervo.fi\/","logo":{"@type":"ImageObject","inLanguage":"en-US","@id":"https:\/\/pellervo.fi\/#\/schema\/logo\/image\/","url":"https:\/\/pellervo.fi\/wp-content\/uploads\/2020\/05\/Pellervo_logo.png","contentUrl":"https:\/\/pellervo.fi\/wp-content\/uploads\/2020\/05\/Pellervo_logo.png","width":1335,"height":376,"caption":"Osuustoimintakeskus Pellervo ry"},"image":{"@id":"https:\/\/pellervo.fi\/#\/schema\/logo\/image\/"},"sameAs":["https:\/\/x.com\/PellervoFi"]},{"@type":"Person","@id":"https:\/\/pellervo.fi\/#\/schema\/person\/f001b7c670bab10e5236b09672d9e6a3","name":"Hanna Muukka","image":{"@type":"ImageObject","inLanguage":"en-US","@id":"https:\/\/pellervo.fi\/wp-content\/uploads\/2014\/02\/Hanna-Muukka_avatar_1393417732-96x96.jpg","url":"https:\/\/pellervo.fi\/wp-content\/uploads\/2014\/02\/Hanna-Muukka_avatar_1393417732-96x96.jpg","contentUrl":"https:\/\/pellervo.fi\/wp-content\/uploads\/2014\/02\/Hanna-Muukka_avatar_1393417732-96x96.jpg","caption":"Hanna Muukka"},"description":"Kirjoittaja ty\u00f6skentelee Osuustoimintakeskus Pellervossa vastuullisuusasiantuntijana.","url":"https:\/\/pellervo.fi\/en\/author\/hannamuu\/"}]}},"_links":{"self":[{"href":"https:\/\/pellervo.fi\/en\/wp-json\/wp\/v2\/posts\/891202","targetHints":{"allow":["GET"]}}],"collection":[{"href":"https:\/\/pellervo.fi\/en\/wp-json\/wp\/v2\/posts"}],"about":[{"href":"https:\/\/pellervo.fi\/en\/wp-json\/wp\/v2\/types\/post"}],"author":[{"embeddable":true,"href":"https:\/\/pellervo.fi\/en\/wp-json\/wp\/v2\/users\/6"}],"replies":[{"embeddable":true,"href":"https:\/\/pellervo.fi\/en\/wp-json\/wp\/v2\/comments?post=891202"}],"version-history":[{"count":4,"href":"https:\/\/pellervo.fi\/en\/wp-json\/wp\/v2\/posts\/891202\/revisions"}],"predecessor-version":[{"id":891206,"href":"https:\/\/pellervo.fi\/en\/wp-json\/wp\/v2\/posts\/891202\/revisions\/891206"}],"wp:featuredmedia":[{"embeddable":true,"href":"https:\/\/pellervo.fi\/en\/wp-json\/wp\/v2\/media\/891087"}],"wp:attachment":[{"href":"https:\/\/pellervo.fi\/en\/wp-json\/wp\/v2\/media?parent=891202"}],"wp:term":[{"taxonomy":"category","embeddable":true,"href":"https:\/\/pellervo.fi\/en\/wp-json\/wp\/v2\/categories?post=891202"},{"taxonomy":"post_tag","embeddable":true,"href":"https:\/\/pellervo.fi\/en\/wp-json\/wp\/v2\/tags?post=891202"}],"curies":[{"name":"wp","href":"https:\/\/api.w.org\/{rel}","templated":true}]}}