{"id":891410,"date":"2021-06-28T10:50:32","date_gmt":"2021-06-28T07:50:32","guid":{"rendered":"https:\/\/pellervo.fi\/?p=891410"},"modified":"2021-06-28T13:38:46","modified_gmt":"2021-06-28T10:38:46","slug":"pellervon-hallitus-on-vahvistanut-jarjestolle-sen-ensimmaisen-vastuullisuusstrategian","status":"publish","type":"post","link":"https:\/\/pellervo.fi\/en\/uutiset\/2021\/06\/28\/pellervon-hallitus-on-vahvistanut-jarjestolle-sen-ensimmaisen-vastuullisuusstrategian\/","title":{"rendered":"Pellervon hallitus vahvisti j\u00e4rjest\u00f6lle sen ensimm\u00e4isen vastuullisuusstrategian"},"content":{"rendered":"\n\n\t\n<p>Pellervon hallitus hyv\u00e4ksyi strategian kokouksessaan 10.6.2021, jonka mukaan j\u00e4rjest\u00f6n vastuullisuusty\u00f6n missiona on:<\/p>\n<blockquote>\n<h4>Vahvistaa mielikuvaa osuustoiminnasta kest\u00e4v\u00e4n\u00e4 ja arvopohjaisena yritystoimintana sek\u00e4 auttaa osuustoimintayrityksi\u00e4 ymm\u00e4rt\u00e4m\u00e4\u00e4n ja viestim\u00e4\u00e4n erityisesti yritysmuotoon liittyv\u00e4t vastuullisuuden kilpailuetunsa. \u200b<\/h4>\n<\/blockquote>\n<p>T\u00e4m\u00e4n p\u00e4\u00e4m\u00e4\u00e4r\u00e4n saavuttamiseksi Pellervo:<\/p>\n<ul>\n<li>Kannustaa suurempia\u00a0osuustoimintayrityksi\u00e4 entist\u00e4 vaikuttavampiin vastuullisuustekoihin\u00a0\u200b<\/li>\n<li>Rohkaisee ja tukee pk-osuuskuntia aloittamaan ja kehitt\u00e4m\u00e4\u00e4n omaa vastuullisuusty\u00f6t\u00e4\u00e4n ja\u00a0viestim\u00e4\u00e4n vastuullisuudestaan\u200b<\/li>\n<li>Tukee j\u00e4senyrityksi\u00e4 vastuullisuustekojensa esiin tuomisessa ja n\u00e4kyvyydess\u00e4\u200b<\/li>\n<li>Tekee itsest\u00e4\u00e4n kest\u00e4v\u00e4n talouden ajatusjohtajan, jolloin osuustoiminta n\u00e4hd\u00e4\u00e4n parhaana tapana\u00a0edist\u00e4\u00e4 tulevaisuuden kest\u00e4v\u00e4\u00e4 talousmallia\u200b<\/li>\n<li>Integroi vastuullisuuden ja kest\u00e4vyyden osaksi kaikkea toimintaansa ja luo Pellervosta\u00a0foorumin osuustoiminnan vastuullisuuskeskusteluille\u00a0\u200b<\/li>\n<\/ul>\n<p>P\u00e4\u00e4tavoitteiden saavuttamiseksi tulee my\u00f6s kirkastaa koko osuustoimintakent\u00e4lle yhteisten arvojen, periaatteiden ja osuustoimintaidentiteetin merkitys\u200b sek\u00e4 pohtia yhdess\u00e4 k\u00e4sitteit\u00e4 ja mittareita, joiden avulla voimme yhdess\u00e4 keskustella ja viesti\u00e4 osuustoimintayritysten vastuullisuustavoitteista ja saavutuksista\u200b. Uusien kumppanuuksien luominen on avain asemassa.<\/p>\n<p>Pellervon vastuullisuus- ja kest\u00e4vyysty\u00f6 t\u00e4ht\u00e4\u00e4 visioon, jonka mukaan:<\/p>\n<blockquote>\n<h4>Osuuskunnat ja keskin\u00e4iset yritykset tunnistetaan vastuullisuuden ja kest\u00e4vyyden edell\u00e4k\u00e4vij\u00f6in\u00e4 ja Pellervo kest\u00e4vyyden aktiivisena edist\u00e4j\u00e4n\u00e4. \u200b<\/h4>\n<\/blockquote>\n\n","protected":false},"excerpt":{"rendered":"<p>Vastuullisuuden ja kest\u00e4vien toimintatapojen t\u00e4rkeys kasvaa vuosi vuodelta. Ei vain yrityksille vaan my\u00f6s niit\u00e4 palveleville j\u00e4rjest\u00f6ille. T\u00e4st\u00e4 syyst\u00e4 my\u00f6s Osuustoimintakeskus Pellervo on viime vuonna aloittanut oman, ensimm\u00e4isen vastuullisuusstrategiansa valmistelun. Pellervon hallitus hyv\u00e4ksyi strategian kokouksessaan 10.6.2021<\/p>\n","protected":false},"author":6,"featured_media":891411,"comment_status":"closed","ping_status":"closed","sticky":false,"template":"","format":"standard","meta":{"inline_featured_image":false,"_monsterinsights_skip_tracking":false,"_monsterinsights_sitenote_active":false,"_monsterinsights_sitenote_note":"","_monsterinsights_sitenote_category":0,"site-sidebar-layout":"default","site-content-layout":"default","ast-site-content-layout":"default","site-content-style":"default","site-sidebar-style":"default","ast-global-header-display":"","ast-banner-title-visibility":"","ast-main-header-display":"","ast-hfb-above-header-display":"","ast-hfb-below-header-display":"","ast-hfb-mobile-header-display":"","site-post-title":"","ast-breadcrumbs-content":"","ast-featured-img":"","footer-sml-layout":"","ast-disable-related-posts":"","theme-transparent-header-meta":"default","adv-header-id-meta":"","stick-header-meta":"","header-above-stick-meta":"","header-main-stick-meta":"","header-below-stick-meta":"","astra-migrate-meta-layouts":"default","ast-page-background-enabled":"default","ast-page-background-meta":{"desktop":{"background-color":"","background-image":"","background-repeat":"repeat","background-position":"center center","background-size":"auto","background-attachment":"scroll","background-type":"","background-media":"","overlay-type":"","overlay-color":"","overlay-opacity":"","overlay-gradient":""},"tablet":{"background-color":"","background-image":"","background-repeat":"repeat","background-position":"center center","background-size":"auto","background-attachment":"scroll","background-type":"","background-media":"","overlay-type":"","overlay-color":"","overlay-opacity":"","overlay-gradient":""},"mobile":{"background-color":"","background-image":"","background-repeat":"repeat","background-position":"center center","background-size":"auto","background-attachment":"scroll","background-type":"","background-media":"","overlay-type":"","overlay-color":"","overlay-opacity":"","overlay-gradient":""}},"ast-content-background-meta":{"desktop":{"background-color":"var(--ast-global-color-5)","background-image":"","background-repeat":"repeat","background-position":"center center","background-size":"auto","background-attachment":"scroll","background-type":"","background-media":"","overlay-type":"","overlay-color":"","overlay-opacity":"","overlay-gradient":""},"tablet":{"background-color":"var(--ast-global-color-5)","background-image":"","background-repeat":"repeat","background-position":"center center","background-size":"auto","background-attachment":"scroll","background-type":"","background-media":"","overlay-type":"","overlay-color":"","overlay-opacity":"","overlay-gradient":""},"mobile":{"background-color":"var(--ast-global-color-5)","background-image":"","background-repeat":"repeat","background-position":"center center","background-size":"auto","background-attachment":"scroll","background-type":"","background-media":"","overlay-type":"","overlay-color":"","overlay-opacity":"","overlay-gradient":""}},"_FSMCFIC_featured_image_caption":"","_FSMCFIC_featured_image_nocaption":"","_FSMCFIC_featured_image_hide":"","footnotes":""},"categories":[22,224],"tags":[],"class_list":["post-891410","post","type-post","status-publish","format-standard","has-post-thumbnail","hentry","category-uutiset","category-vastuullisuus"],"yoast_head":"<!-- This site is optimized with the Yoast SEO plugin v27.4 - https:\/\/yoast.com\/product\/yoast-seo-wordpress\/ -->\n<title>Pellervon hallitus vahvisti j\u00e4rjest\u00f6lle sen ensimm\u00e4isen vastuullisuusstrategian - Pellervo<\/title>\n<meta name=\"robots\" content=\"index, follow, max-snippet:-1, max-image-preview:large, max-video-preview:-1\" \/>\n<link rel=\"canonical\" href=\"https:\/\/pellervo.fi\/uutiset\/2021\/06\/28\/pellervon-hallitus-on-vahvistanut-jarjestolle-sen-ensimmaisen-vastuullisuusstrategian\/\" \/>\n<meta property=\"og:locale\" content=\"en_US\" \/>\n<meta property=\"og:type\" content=\"article\" \/>\n<meta property=\"og:title\" content=\"Pellervon hallitus vahvisti j\u00e4rjest\u00f6lle sen ensimm\u00e4isen vastuullisuusstrategian - Pellervo\" \/>\n<meta property=\"og:description\" content=\"Vastuullisuuden ja kest\u00e4vien toimintatapojen t\u00e4rkeys kasvaa vuosi vuodelta. Ei vain yrityksille vaan my\u00f6s niit\u00e4 palveleville j\u00e4rjest\u00f6ille. T\u00e4st\u00e4 syyst\u00e4 my\u00f6s Osuustoimintakeskus Pellervo on viime vuonna aloittanut oman, ensimm\u00e4isen vastuullisuusstrategiansa valmistelun. Pellervon hallitus hyv\u00e4ksyi strategian kokouksessaan 10.6.2021\" \/>\n<meta property=\"og:url\" content=\"https:\/\/pellervo.fi\/uutiset\/2021\/06\/28\/pellervon-hallitus-on-vahvistanut-jarjestolle-sen-ensimmaisen-vastuullisuusstrategian\/\" \/>\n<meta property=\"og:site_name\" content=\"Pellervo\" \/>\n<meta property=\"article:published_time\" content=\"2021-06-28T07:50:32+00:00\" \/>\n<meta property=\"article:modified_time\" content=\"2021-06-28T10:38:46+00:00\" \/>\n<meta property=\"og:image\" content=\"https:\/\/pellervo.fi\/wp-content\/uploads\/2021\/06\/vas.stratgeia_kuva-840x470.png\" \/>\n\t<meta property=\"og:image:width\" content=\"840\" \/>\n\t<meta property=\"og:image:height\" content=\"470\" \/>\n\t<meta property=\"og:image:type\" content=\"image\/png\" \/>\n<meta name=\"author\" content=\"Hanna Muukka\" \/>\n<meta name=\"twitter:card\" content=\"summary_large_image\" \/>\n<meta name=\"twitter:image\" content=\"https:\/\/pellervo.fi\/wp-content\/uploads\/2021\/06\/vas.stratgeia_kuva.png\" \/>\n<meta name=\"twitter:creator\" content=\"@PellervoFi\" \/>\n<meta name=\"twitter:site\" content=\"@PellervoFi\" \/>\n<meta name=\"twitter:label1\" content=\"Written by\" \/>\n\t<meta name=\"twitter:data1\" content=\"Hanna Muukka\" \/>\n\t<meta name=\"twitter:label2\" content=\"Est. reading time\" \/>\n\t<meta name=\"twitter:data2\" content=\"1 minute\" \/>\n<script type=\"application\/ld+json\" class=\"yoast-schema-graph\">{\"@context\":\"https:\\\/\\\/schema.org\",\"@graph\":[{\"@type\":\"Article\",\"@id\":\"https:\\\/\\\/pellervo.fi\\\/uutiset\\\/2021\\\/06\\\/28\\\/pellervon-hallitus-on-vahvistanut-jarjestolle-sen-ensimmaisen-vastuullisuusstrategian\\\/#article\",\"isPartOf\":{\"@id\":\"https:\\\/\\\/pellervo.fi\\\/uutiset\\\/2021\\\/06\\\/28\\\/pellervon-hallitus-on-vahvistanut-jarjestolle-sen-ensimmaisen-vastuullisuusstrategian\\\/\"},\"author\":{\"name\":\"Hanna Muukka\",\"@id\":\"https:\\\/\\\/pellervo.fi\\\/#\\\/schema\\\/person\\\/f001b7c670bab10e5236b09672d9e6a3\"},\"headline\":\"Pellervon hallitus vahvisti j\u00e4rjest\u00f6lle sen ensimm\u00e4isen vastuullisuusstrategian\",\"datePublished\":\"2021-06-28T07:50:32+00:00\",\"dateModified\":\"2021-06-28T10:38:46+00:00\",\"mainEntityOfPage\":{\"@id\":\"https:\\\/\\\/pellervo.fi\\\/uutiset\\\/2021\\\/06\\\/28\\\/pellervon-hallitus-on-vahvistanut-jarjestolle-sen-ensimmaisen-vastuullisuusstrategian\\\/\"},\"wordCount\":197,\"publisher\":{\"@id\":\"https:\\\/\\\/pellervo.fi\\\/#organization\"},\"image\":{\"@id\":\"https:\\\/\\\/pellervo.fi\\\/uutiset\\\/2021\\\/06\\\/28\\\/pellervon-hallitus-on-vahvistanut-jarjestolle-sen-ensimmaisen-vastuullisuusstrategian\\\/#primaryimage\"},\"thumbnailUrl\":\"https:\\\/\\\/pellervo.fi\\\/wp-content\\\/uploads\\\/2021\\\/06\\\/vas.stratgeia_kuva.png\",\"articleSection\":[\"Uutiset\",\"Vastuullisuus\"],\"inLanguage\":\"en-US\"},{\"@type\":\"WebPage\",\"@id\":\"https:\\\/\\\/pellervo.fi\\\/uutiset\\\/2021\\\/06\\\/28\\\/pellervon-hallitus-on-vahvistanut-jarjestolle-sen-ensimmaisen-vastuullisuusstrategian\\\/\",\"url\":\"https:\\\/\\\/pellervo.fi\\\/uutiset\\\/2021\\\/06\\\/28\\\/pellervon-hallitus-on-vahvistanut-jarjestolle-sen-ensimmaisen-vastuullisuusstrategian\\\/\",\"name\":\"Pellervon hallitus vahvisti j\u00e4rjest\u00f6lle sen ensimm\u00e4isen vastuullisuusstrategian - Pellervo\",\"isPartOf\":{\"@id\":\"https:\\\/\\\/pellervo.fi\\\/#website\"},\"primaryImageOfPage\":{\"@id\":\"https:\\\/\\\/pellervo.fi\\\/uutiset\\\/2021\\\/06\\\/28\\\/pellervon-hallitus-on-vahvistanut-jarjestolle-sen-ensimmaisen-vastuullisuusstrategian\\\/#primaryimage\"},\"image\":{\"@id\":\"https:\\\/\\\/pellervo.fi\\\/uutiset\\\/2021\\\/06\\\/28\\\/pellervon-hallitus-on-vahvistanut-jarjestolle-sen-ensimmaisen-vastuullisuusstrategian\\\/#primaryimage\"},\"thumbnailUrl\":\"https:\\\/\\\/pellervo.fi\\\/wp-content\\\/uploads\\\/2021\\\/06\\\/vas.stratgeia_kuva.png\",\"datePublished\":\"2021-06-28T07:50:32+00:00\",\"dateModified\":\"2021-06-28T10:38:46+00:00\",\"breadcrumb\":{\"@id\":\"https:\\\/\\\/pellervo.fi\\\/uutiset\\\/2021\\\/06\\\/28\\\/pellervon-hallitus-on-vahvistanut-jarjestolle-sen-ensimmaisen-vastuullisuusstrategian\\\/#breadcrumb\"},\"inLanguage\":\"en-US\",\"potentialAction\":[{\"@type\":\"ReadAction\",\"target\":[\"https:\\\/\\\/pellervo.fi\\\/uutiset\\\/2021\\\/06\\\/28\\\/pellervon-hallitus-on-vahvistanut-jarjestolle-sen-ensimmaisen-vastuullisuusstrategian\\\/\"]}]},{\"@type\":\"ImageObject\",\"inLanguage\":\"en-US\",\"@id\":\"https:\\\/\\\/pellervo.fi\\\/uutiset\\\/2021\\\/06\\\/28\\\/pellervon-hallitus-on-vahvistanut-jarjestolle-sen-ensimmaisen-vastuullisuusstrategian\\\/#primaryimage\",\"url\":\"https:\\\/\\\/pellervo.fi\\\/wp-content\\\/uploads\\\/2021\\\/06\\\/vas.stratgeia_kuva.png\",\"contentUrl\":\"https:\\\/\\\/pellervo.fi\\\/wp-content\\\/uploads\\\/2021\\\/06\\\/vas.stratgeia_kuva.png\",\"width\":1448,\"height\":810,\"caption\":\"Kuvistuskuva: kes\u00e4isess\u00e4 kaupunkimaisemassa kaksi py\u00f6r\u00e4ilij\u00e4\u00e4 seisoo py\u00f6riens\u00e4 vieress\u00e4 ja katsovat hymyillen toisiinsa.\"},{\"@type\":\"BreadcrumbList\",\"@id\":\"https:\\\/\\\/pellervo.fi\\\/uutiset\\\/2021\\\/06\\\/28\\\/pellervon-hallitus-on-vahvistanut-jarjestolle-sen-ensimmaisen-vastuullisuusstrategian\\\/#breadcrumb\",\"itemListElement\":[{\"@type\":\"ListItem\",\"position\":1,\"name\":\"Koti\",\"item\":\"https:\\\/\\\/pellervo.fi\\\/en\\\/\"},{\"@type\":\"ListItem\",\"position\":2,\"name\":\"Pellervon hallitus vahvisti j\u00e4rjest\u00f6lle sen ensimm\u00e4isen vastuullisuusstrategian\"}]},{\"@type\":\"WebSite\",\"@id\":\"https:\\\/\\\/pellervo.fi\\\/#website\",\"url\":\"https:\\\/\\\/pellervo.fi\\\/\",\"name\":\"Pellervo\",\"description\":\"Osuuskuntien keskusj\u00e4rjest\u00f6\",\"publisher\":{\"@id\":\"https:\\\/\\\/pellervo.fi\\\/#organization\"},\"potentialAction\":[{\"@type\":\"SearchAction\",\"target\":{\"@type\":\"EntryPoint\",\"urlTemplate\":\"https:\\\/\\\/pellervo.fi\\\/?s={search_term_string}\"},\"query-input\":{\"@type\":\"PropertyValueSpecification\",\"valueRequired\":true,\"valueName\":\"search_term_string\"}}],\"inLanguage\":\"en-US\"},{\"@type\":\"Organization\",\"@id\":\"https:\\\/\\\/pellervo.fi\\\/#organization\",\"name\":\"Osuustoimintakeskus Pellervo ry\",\"url\":\"https:\\\/\\\/pellervo.fi\\\/\",\"logo\":{\"@type\":\"ImageObject\",\"inLanguage\":\"en-US\",\"@id\":\"https:\\\/\\\/pellervo.fi\\\/#\\\/schema\\\/logo\\\/image\\\/\",\"url\":\"https:\\\/\\\/pellervo.fi\\\/wp-content\\\/uploads\\\/2020\\\/05\\\/Pellervo_logo.png\",\"contentUrl\":\"https:\\\/\\\/pellervo.fi\\\/wp-content\\\/uploads\\\/2020\\\/05\\\/Pellervo_logo.png\",\"width\":1335,\"height\":376,\"caption\":\"Osuustoimintakeskus Pellervo ry\"},\"image\":{\"@id\":\"https:\\\/\\\/pellervo.fi\\\/#\\\/schema\\\/logo\\\/image\\\/\"},\"sameAs\":[\"https:\\\/\\\/x.com\\\/PellervoFi\"]},{\"@type\":\"Person\",\"@id\":\"https:\\\/\\\/pellervo.fi\\\/#\\\/schema\\\/person\\\/f001b7c670bab10e5236b09672d9e6a3\",\"name\":\"Hanna Muukka\",\"image\":{\"@type\":\"ImageObject\",\"inLanguage\":\"en-US\",\"@id\":\"https:\\\/\\\/pellervo.fi\\\/wp-content\\\/uploads\\\/2014\\\/02\\\/Hanna-Muukka_avatar_1393417732-96x96.jpg\",\"url\":\"https:\\\/\\\/pellervo.fi\\\/wp-content\\\/uploads\\\/2014\\\/02\\\/Hanna-Muukka_avatar_1393417732-96x96.jpg\",\"contentUrl\":\"https:\\\/\\\/pellervo.fi\\\/wp-content\\\/uploads\\\/2014\\\/02\\\/Hanna-Muukka_avatar_1393417732-96x96.jpg\",\"caption\":\"Hanna Muukka\"},\"description\":\"Kirjoittaja ty\u00f6skentelee Osuustoimintakeskus Pellervossa vastuullisuusasiantuntijana.\",\"url\":\"https:\\\/\\\/pellervo.fi\\\/en\\\/author\\\/hannamuu\\\/\"}]}<\/script>\n<!-- \/ Yoast SEO plugin. -->","yoast_head_json":{"title":"Pellervon hallitus vahvisti j\u00e4rjest\u00f6lle sen ensimm\u00e4isen vastuullisuusstrategian - Pellervo","robots":{"index":"index","follow":"follow","max-snippet":"max-snippet:-1","max-image-preview":"max-image-preview:large","max-video-preview":"max-video-preview:-1"},"canonical":"https:\/\/pellervo.fi\/uutiset\/2021\/06\/28\/pellervon-hallitus-on-vahvistanut-jarjestolle-sen-ensimmaisen-vastuullisuusstrategian\/","og_locale":"en_US","og_type":"article","og_title":"Pellervon hallitus vahvisti j\u00e4rjest\u00f6lle sen ensimm\u00e4isen vastuullisuusstrategian - Pellervo","og_description":"Vastuullisuuden ja kest\u00e4vien toimintatapojen t\u00e4rkeys kasvaa vuosi vuodelta. Ei vain yrityksille vaan my\u00f6s niit\u00e4 palveleville j\u00e4rjest\u00f6ille. T\u00e4st\u00e4 syyst\u00e4 my\u00f6s Osuustoimintakeskus Pellervo on viime vuonna aloittanut oman, ensimm\u00e4isen vastuullisuusstrategiansa valmistelun. Pellervon hallitus hyv\u00e4ksyi strategian kokouksessaan 10.6.2021","og_url":"https:\/\/pellervo.fi\/uutiset\/2021\/06\/28\/pellervon-hallitus-on-vahvistanut-jarjestolle-sen-ensimmaisen-vastuullisuusstrategian\/","og_site_name":"Pellervo","article_published_time":"2021-06-28T07:50:32+00:00","article_modified_time":"2021-06-28T10:38:46+00:00","og_image":[{"width":840,"height":470,"url":"https:\/\/pellervo.fi\/wp-content\/uploads\/2021\/06\/vas.stratgeia_kuva-840x470.png","type":"image\/png"}],"author":"Hanna Muukka","twitter_card":"summary_large_image","twitter_image":"https:\/\/pellervo.fi\/wp-content\/uploads\/2021\/06\/vas.stratgeia_kuva.png","twitter_creator":"@PellervoFi","twitter_site":"@PellervoFi","twitter_misc":{"Written by":"Hanna Muukka","Est. reading time":"1 minute"},"schema":{"@context":"https:\/\/schema.org","@graph":[{"@type":"Article","@id":"https:\/\/pellervo.fi\/uutiset\/2021\/06\/28\/pellervon-hallitus-on-vahvistanut-jarjestolle-sen-ensimmaisen-vastuullisuusstrategian\/#article","isPartOf":{"@id":"https:\/\/pellervo.fi\/uutiset\/2021\/06\/28\/pellervon-hallitus-on-vahvistanut-jarjestolle-sen-ensimmaisen-vastuullisuusstrategian\/"},"author":{"name":"Hanna Muukka","@id":"https:\/\/pellervo.fi\/#\/schema\/person\/f001b7c670bab10e5236b09672d9e6a3"},"headline":"Pellervon hallitus vahvisti j\u00e4rjest\u00f6lle sen ensimm\u00e4isen vastuullisuusstrategian","datePublished":"2021-06-28T07:50:32+00:00","dateModified":"2021-06-28T10:38:46+00:00","mainEntityOfPage":{"@id":"https:\/\/pellervo.fi\/uutiset\/2021\/06\/28\/pellervon-hallitus-on-vahvistanut-jarjestolle-sen-ensimmaisen-vastuullisuusstrategian\/"},"wordCount":197,"publisher":{"@id":"https:\/\/pellervo.fi\/#organization"},"image":{"@id":"https:\/\/pellervo.fi\/uutiset\/2021\/06\/28\/pellervon-hallitus-on-vahvistanut-jarjestolle-sen-ensimmaisen-vastuullisuusstrategian\/#primaryimage"},"thumbnailUrl":"https:\/\/pellervo.fi\/wp-content\/uploads\/2021\/06\/vas.stratgeia_kuva.png","articleSection":["Uutiset","Vastuullisuus"],"inLanguage":"en-US"},{"@type":"WebPage","@id":"https:\/\/pellervo.fi\/uutiset\/2021\/06\/28\/pellervon-hallitus-on-vahvistanut-jarjestolle-sen-ensimmaisen-vastuullisuusstrategian\/","url":"https:\/\/pellervo.fi\/uutiset\/2021\/06\/28\/pellervon-hallitus-on-vahvistanut-jarjestolle-sen-ensimmaisen-vastuullisuusstrategian\/","name":"Pellervon hallitus vahvisti j\u00e4rjest\u00f6lle sen ensimm\u00e4isen vastuullisuusstrategian - Pellervo","isPartOf":{"@id":"https:\/\/pellervo.fi\/#website"},"primaryImageOfPage":{"@id":"https:\/\/pellervo.fi\/uutiset\/2021\/06\/28\/pellervon-hallitus-on-vahvistanut-jarjestolle-sen-ensimmaisen-vastuullisuusstrategian\/#primaryimage"},"image":{"@id":"https:\/\/pellervo.fi\/uutiset\/2021\/06\/28\/pellervon-hallitus-on-vahvistanut-jarjestolle-sen-ensimmaisen-vastuullisuusstrategian\/#primaryimage"},"thumbnailUrl":"https:\/\/pellervo.fi\/wp-content\/uploads\/2021\/06\/vas.stratgeia_kuva.png","datePublished":"2021-06-28T07:50:32+00:00","dateModified":"2021-06-28T10:38:46+00:00","breadcrumb":{"@id":"https:\/\/pellervo.fi\/uutiset\/2021\/06\/28\/pellervon-hallitus-on-vahvistanut-jarjestolle-sen-ensimmaisen-vastuullisuusstrategian\/#breadcrumb"},"inLanguage":"en-US","potentialAction":[{"@type":"ReadAction","target":["https:\/\/pellervo.fi\/uutiset\/2021\/06\/28\/pellervon-hallitus-on-vahvistanut-jarjestolle-sen-ensimmaisen-vastuullisuusstrategian\/"]}]},{"@type":"ImageObject","inLanguage":"en-US","@id":"https:\/\/pellervo.fi\/uutiset\/2021\/06\/28\/pellervon-hallitus-on-vahvistanut-jarjestolle-sen-ensimmaisen-vastuullisuusstrategian\/#primaryimage","url":"https:\/\/pellervo.fi\/wp-content\/uploads\/2021\/06\/vas.stratgeia_kuva.png","contentUrl":"https:\/\/pellervo.fi\/wp-content\/uploads\/2021\/06\/vas.stratgeia_kuva.png","width":1448,"height":810,"caption":"Kuvistuskuva: kes\u00e4isess\u00e4 kaupunkimaisemassa kaksi py\u00f6r\u00e4ilij\u00e4\u00e4 seisoo py\u00f6riens\u00e4 vieress\u00e4 ja katsovat hymyillen toisiinsa."},{"@type":"BreadcrumbList","@id":"https:\/\/pellervo.fi\/uutiset\/2021\/06\/28\/pellervon-hallitus-on-vahvistanut-jarjestolle-sen-ensimmaisen-vastuullisuusstrategian\/#breadcrumb","itemListElement":[{"@type":"ListItem","position":1,"name":"Koti","item":"https:\/\/pellervo.fi\/en\/"},{"@type":"ListItem","position":2,"name":"Pellervon hallitus vahvisti j\u00e4rjest\u00f6lle sen ensimm\u00e4isen vastuullisuusstrategian"}]},{"@type":"WebSite","@id":"https:\/\/pellervo.fi\/#website","url":"https:\/\/pellervo.fi\/","name":"Pellervo","description":"Osuuskuntien keskusj\u00e4rjest\u00f6","publisher":{"@id":"https:\/\/pellervo.fi\/#organization"},"potentialAction":[{"@type":"SearchAction","target":{"@type":"EntryPoint","urlTemplate":"https:\/\/pellervo.fi\/?s={search_term_string}"},"query-input":{"@type":"PropertyValueSpecification","valueRequired":true,"valueName":"search_term_string"}}],"inLanguage":"en-US"},{"@type":"Organization","@id":"https:\/\/pellervo.fi\/#organization","name":"Osuustoimintakeskus Pellervo ry","url":"https:\/\/pellervo.fi\/","logo":{"@type":"ImageObject","inLanguage":"en-US","@id":"https:\/\/pellervo.fi\/#\/schema\/logo\/image\/","url":"https:\/\/pellervo.fi\/wp-content\/uploads\/2020\/05\/Pellervo_logo.png","contentUrl":"https:\/\/pellervo.fi\/wp-content\/uploads\/2020\/05\/Pellervo_logo.png","width":1335,"height":376,"caption":"Osuustoimintakeskus Pellervo ry"},"image":{"@id":"https:\/\/pellervo.fi\/#\/schema\/logo\/image\/"},"sameAs":["https:\/\/x.com\/PellervoFi"]},{"@type":"Person","@id":"https:\/\/pellervo.fi\/#\/schema\/person\/f001b7c670bab10e5236b09672d9e6a3","name":"Hanna Muukka","image":{"@type":"ImageObject","inLanguage":"en-US","@id":"https:\/\/pellervo.fi\/wp-content\/uploads\/2014\/02\/Hanna-Muukka_avatar_1393417732-96x96.jpg","url":"https:\/\/pellervo.fi\/wp-content\/uploads\/2014\/02\/Hanna-Muukka_avatar_1393417732-96x96.jpg","contentUrl":"https:\/\/pellervo.fi\/wp-content\/uploads\/2014\/02\/Hanna-Muukka_avatar_1393417732-96x96.jpg","caption":"Hanna Muukka"},"description":"Kirjoittaja ty\u00f6skentelee Osuustoimintakeskus Pellervossa vastuullisuusasiantuntijana.","url":"https:\/\/pellervo.fi\/en\/author\/hannamuu\/"}]}},"_links":{"self":[{"href":"https:\/\/pellervo.fi\/en\/wp-json\/wp\/v2\/posts\/891410","targetHints":{"allow":["GET"]}}],"collection":[{"href":"https:\/\/pellervo.fi\/en\/wp-json\/wp\/v2\/posts"}],"about":[{"href":"https:\/\/pellervo.fi\/en\/wp-json\/wp\/v2\/types\/post"}],"author":[{"embeddable":true,"href":"https:\/\/pellervo.fi\/en\/wp-json\/wp\/v2\/users\/6"}],"replies":[{"embeddable":true,"href":"https:\/\/pellervo.fi\/en\/wp-json\/wp\/v2\/comments?post=891410"}],"version-history":[{"count":9,"href":"https:\/\/pellervo.fi\/en\/wp-json\/wp\/v2\/posts\/891410\/revisions"}],"predecessor-version":[{"id":891430,"href":"https:\/\/pellervo.fi\/en\/wp-json\/wp\/v2\/posts\/891410\/revisions\/891430"}],"wp:featuredmedia":[{"embeddable":true,"href":"https:\/\/pellervo.fi\/en\/wp-json\/wp\/v2\/media\/891411"}],"wp:attachment":[{"href":"https:\/\/pellervo.fi\/en\/wp-json\/wp\/v2\/media?parent=891410"}],"wp:term":[{"taxonomy":"category","embeddable":true,"href":"https:\/\/pellervo.fi\/en\/wp-json\/wp\/v2\/categories?post=891410"},{"taxonomy":"post_tag","embeddable":true,"href":"https:\/\/pellervo.fi\/en\/wp-json\/wp\/v2\/tags?post=891410"}],"curies":[{"name":"wp","href":"https:\/\/api.w.org\/{rel}","templated":true}]}}