{"id":891845,"date":"2021-09-21T08:59:00","date_gmt":"2021-09-21T05:59:00","guid":{"rendered":"https:\/\/pellervo.fi\/?p=891845"},"modified":"2021-09-22T09:05:14","modified_gmt":"2021-09-22T06:05:14","slug":"metsa-group-edistaa-toimintakulttuurissaan-monimuotoisuutta-yhdenvertaisuutta-ja-mukaan-ottamista","status":"publish","type":"post","link":"https:\/\/pellervo.fi\/en\/uutiset\/2021\/09\/21\/metsa-group-edistaa-toimintakulttuurissaan-monimuotoisuutta-yhdenvertaisuutta-ja-mukaan-ottamista\/","title":{"rendered":"Mets\u00e4 Group edist\u00e4\u00e4 toimintakulttuurissaan monimuotoisuutta, yhdenvertaisuutta ja mukaan ottamista"},"content":{"rendered":"\n<p>Mets\u00e4 Group on sitoutunut kehitt\u00e4m\u00e4\u00e4n monimuotoista ja yhdenvertaista kulttuuria, jossa kaikilla on mahdollisuus menesty\u00e4 ty\u00f6urallaan ja olla tasavertaisia ty\u00f6yhteis\u00f6n j\u00e4seni\u00e4. Tarvittavaa kehitysty\u00f6t\u00e4 ohjaamaan on m\u00e4\u00e4ritelty <em>Mets\u00e4 meille kaikille<\/em> -visio, joka kuvaa sit\u00e4 millainen ty\u00f6paikka Mets\u00e4 Group haluaa olla tulevaisuudessa.<\/p>\n<p>Mets\u00e4 Group on sitoutunut varmistamaan, etteiv\u00e4t henkil\u00f6kohtaiset ominaisuudet, kuten sukupuoli, ik\u00e4, etninen tausta, seksuaalinen suuntautuminen tai vammaisuus, vaikuta henkil\u00f6n mahdollisuuksiin menesty\u00e4 ty\u00f6el\u00e4m\u00e4ss\u00e4. Monimuotoisuutta, yhdenvertaisuutta ja mukaan ottamista edistet\u00e4\u00e4n ja mitataan asetettujen tavoitteiden avulla.<\/p>\n<p>\u201dKonsernimme toimii globaalisti yli kolmessakymmeness\u00e4 maassa, ja henkil\u00f6st\u00f6mme edustaa yli viitt\u00e4kymment\u00e4 eri kansallisuutta. Tarvitsemme monipuolista asiantuntemusta jatkuvan uudistumisen ja kannattavan kasvun strategiamme toteuttamiseksi. Arvostamalla ja hy\u00f6dynt\u00e4m\u00e4ll\u00e4 erilaisuutta voimme ennen kaikkea olla yh\u00e4 parempi ty\u00f6paikka nykyiselle henkil\u00f6st\u00f6llemme ja tulevaisuuden tekij\u00f6ille. Meill\u00e4 on t\u00e4ss\u00e4 viel\u00e4 kehitett\u00e4v\u00e4\u00e4 ja olemme nyt aktiivisesti l\u00e4hteneet ottamaan askeleita yhdenvertaisemman ty\u00f6paikan eteen\u201d, Mets\u00e4 Groupin p\u00e4\u00e4johtaja <strong>Ilkka H\u00e4m\u00e4l\u00e4<\/strong> sanoo.<\/p>\n<p>Muutosta tukevien kehitystoimenpiteiden m\u00e4\u00e4rittelyss\u00e4 hy\u00f6dynnet\u00e4\u00e4n vuonna 2020 toteutetun eettisyysbarometrin ja kev\u00e4\u00e4ll\u00e4 2021 tehdyn yhdenvertaisuuskyselyn tuloksia. N\u00e4ist\u00e4 koko henkil\u00f6st\u00f6lle suunnatuista tutkimuksista saatuja n\u00e4k\u00f6kulmia t\u00e4ydennettiin ulkoisilla sidosryhm\u00e4haastatteluilla.<\/p>\n<p>Mets\u00e4 Group kannustaa koko henkil\u00f6st\u00f6\u00e4 kehittym\u00e4\u00e4n yht\u00e4 lailla yksil\u00f6in\u00e4 kuin kehitt\u00e4m\u00e4\u00e4n yhti\u00f6t\u00e4 ja koko mets\u00e4alaa vastaamaan tulevaisuuden tarpeisiin. Henkil\u00f6st\u00f6 koulutetaan ottamaan monimuotoisuus, yhdenvertaisuus ja mukaan ottaminen huomioon arjen ty\u00f6ss\u00e4 yh\u00e4 paremmin. <em>Mets\u00e4 meille kaikille<\/em> -visiolla ja muutosmatkan aikana m\u00e4\u00e4ritelt\u00e4vill\u00e4 toimenpiteill\u00e4, kuten anonyymin rekrytoinnin ja muiden monimuotoisuutta edist\u00e4vien k\u00e4yt\u00e4nt\u00f6jen avulla, uskomme edist\u00e4v\u00e4mme my\u00f6s koko mets\u00e4alan vetovoimaa.<\/p>\n<p>Lue lis\u00e4\u00e4 aiheesta <a href=\"https:\/\/www.metsagroup.com\/fi\/ura-metsassa\/metsa-group-tyonantajana\/monimuotoisuus-yhdenvertaisuus-ja-mukaan-ottaminen\/Pages\/default.aspx\" target=\"_blank\" rel=\"nofollow noopener\">verkkosivuilta.<\/a><\/p>\n","protected":false},"excerpt":{"rendered":"<p>Mets\u00e4 Group on sitoutunut kehitt\u00e4m\u00e4\u00e4n monimuotoista ja yhdenvertaista kulttuuria, jossa kaikilla on mahdollisuus menesty\u00e4 ty\u00f6urallaan ja olla tasavertaisia ty\u00f6yhteis\u00f6n j\u00e4seni\u00e4. Tarvittavaa kehitysty\u00f6t\u00e4 ohjaamaan on m\u00e4\u00e4ritelty Mets\u00e4 meille kaikille -visio, joka kuvaa sit\u00e4 millainen ty\u00f6paikka Mets\u00e4 Group haluaa olla tulevaisuudessa.<\/p>\n","protected":false},"author":6,"featured_media":891846,"comment_status":"closed","ping_status":"closed","sticky":false,"template":"","format":"standard","meta":{"inline_featured_image":false,"_monsterinsights_skip_tracking":false,"_monsterinsights_sitenote_active":false,"_monsterinsights_sitenote_note":"","_monsterinsights_sitenote_category":0,"site-sidebar-layout":"default","site-content-layout":"default","ast-site-content-layout":"default","site-content-style":"default","site-sidebar-style":"default","ast-global-header-display":"","ast-banner-title-visibility":"","ast-main-header-display":"","ast-hfb-above-header-display":"","ast-hfb-below-header-display":"","ast-hfb-mobile-header-display":"","site-post-title":"","ast-breadcrumbs-content":"","ast-featured-img":"","footer-sml-layout":"","ast-disable-related-posts":"","theme-transparent-header-meta":"default","adv-header-id-meta":"","stick-header-meta":"","header-above-stick-meta":"","header-main-stick-meta":"","header-below-stick-meta":"","astra-migrate-meta-layouts":"default","ast-page-background-enabled":"default","ast-page-background-meta":{"desktop":{"background-color":"","background-image":"","background-repeat":"repeat","background-position":"center center","background-size":"auto","background-attachment":"scroll","background-type":"","background-media":"","overlay-type":"","overlay-color":"","overlay-opacity":"","overlay-gradient":""},"tablet":{"background-color":"","background-image":"","background-repeat":"repeat","background-position":"center center","background-size":"auto","background-attachment":"scroll","background-type":"","background-media":"","overlay-type":"","overlay-color":"","overlay-opacity":"","overlay-gradient":""},"mobile":{"background-color":"","background-image":"","background-repeat":"repeat","background-position":"center center","background-size":"auto","background-attachment":"scroll","background-type":"","background-media":"","overlay-type":"","overlay-color":"","overlay-opacity":"","overlay-gradient":""}},"ast-content-background-meta":{"desktop":{"background-color":"var(--ast-global-color-5)","background-image":"","background-repeat":"repeat","background-position":"center center","background-size":"auto","background-attachment":"scroll","background-type":"","background-media":"","overlay-type":"","overlay-color":"","overlay-opacity":"","overlay-gradient":""},"tablet":{"background-color":"var(--ast-global-color-5)","background-image":"","background-repeat":"repeat","background-position":"center center","background-size":"auto","background-attachment":"scroll","background-type":"","background-media":"","overlay-type":"","overlay-color":"","overlay-opacity":"","overlay-gradient":""},"mobile":{"background-color":"var(--ast-global-color-5)","background-image":"","background-repeat":"repeat","background-position":"center center","background-size":"auto","background-attachment":"scroll","background-type":"","background-media":"","overlay-type":"","overlay-color":"","overlay-opacity":"","overlay-gradient":""}},"_FSMCFIC_featured_image_caption":"","_FSMCFIC_featured_image_nocaption":"","_FSMCFIC_featured_image_hide":"","footnotes":""},"categories":[22,224],"tags":[],"class_list":["post-891845","post","type-post","status-publish","format-standard","has-post-thumbnail","hentry","category-uutiset","category-vastuullisuus"],"yoast_head":"<!-- This site is optimized with the Yoast SEO plugin v27.4 - https:\/\/yoast.com\/product\/yoast-seo-wordpress\/ -->\n<title>Mets\u00e4 Group edist\u00e4\u00e4 toimintakulttuurissaan monimuotoisuutta, yhdenvertaisuutta ja mukaan ottamista - Pellervo<\/title>\n<meta name=\"robots\" content=\"index, follow, max-snippet:-1, max-image-preview:large, max-video-preview:-1\" \/>\n<link rel=\"canonical\" href=\"https:\/\/pellervo.fi\/sv\/uutiset\/2021\/09\/21\/metsa-group-edistaa-toimintakulttuurissaan-monimuotoisuutta-yhdenvertaisuutta-ja-mukaan-ottamista\/\" \/>\n<meta property=\"og:locale\" content=\"en_US\" \/>\n<meta property=\"og:type\" content=\"article\" \/>\n<meta property=\"og:title\" content=\"Mets\u00e4 Group edist\u00e4\u00e4 toimintakulttuurissaan monimuotoisuutta, yhdenvertaisuutta ja mukaan ottamista - Pellervo\" \/>\n<meta property=\"og:description\" content=\"Mets\u00e4 Group on sitoutunut kehitt\u00e4m\u00e4\u00e4n monimuotoista ja yhdenvertaista kulttuuria, jossa kaikilla on mahdollisuus menesty\u00e4 ty\u00f6urallaan ja olla tasavertaisia ty\u00f6yhteis\u00f6n j\u00e4seni\u00e4. Tarvittavaa kehitysty\u00f6t\u00e4 ohjaamaan on m\u00e4\u00e4ritelty Mets\u00e4 meille kaikille -visio, joka kuvaa sit\u00e4 millainen ty\u00f6paikka Mets\u00e4 Group haluaa olla tulevaisuudessa.\" \/>\n<meta property=\"og:url\" content=\"https:\/\/pellervo.fi\/sv\/uutiset\/2021\/09\/21\/metsa-group-edistaa-toimintakulttuurissaan-monimuotoisuutta-yhdenvertaisuutta-ja-mukaan-ottamista\/\" \/>\n<meta property=\"og:site_name\" content=\"Pellervo\" \/>\n<meta property=\"article:published_time\" content=\"2021-09-21T05:59:00+00:00\" \/>\n<meta property=\"article:modified_time\" content=\"2021-09-22T06:05:14+00:00\" \/>\n<meta property=\"og:image\" content=\"https:\/\/pellervo.fi\/wp-content\/uploads\/2021\/09\/MetsaGroup_yhdenvertaisuus.jpg\" \/>\n\t<meta property=\"og:image:width\" content=\"700\" \/>\n\t<meta property=\"og:image:height\" content=\"570\" \/>\n\t<meta property=\"og:image:type\" content=\"image\/jpeg\" \/>\n<meta name=\"author\" content=\"Hanna Muukka\" \/>\n<meta name=\"twitter:card\" content=\"summary_large_image\" \/>\n<meta name=\"twitter:creator\" content=\"@PellervoFi\" \/>\n<meta name=\"twitter:site\" content=\"@PellervoFi\" \/>\n<meta name=\"twitter:label1\" content=\"Written by\" \/>\n\t<meta name=\"twitter:data1\" content=\"Hanna Muukka\" \/>\n\t<meta name=\"twitter:label2\" content=\"Est. reading time\" \/>\n\t<meta name=\"twitter:data2\" content=\"1 minute\" \/>\n<script type=\"application\/ld+json\" class=\"yoast-schema-graph\">{\"@context\":\"https:\\\/\\\/schema.org\",\"@graph\":[{\"@type\":\"Article\",\"@id\":\"https:\\\/\\\/pellervo.fi\\\/sv\\\/uutiset\\\/2021\\\/09\\\/21\\\/metsa-group-edistaa-toimintakulttuurissaan-monimuotoisuutta-yhdenvertaisuutta-ja-mukaan-ottamista\\\/#article\",\"isPartOf\":{\"@id\":\"https:\\\/\\\/pellervo.fi\\\/sv\\\/uutiset\\\/2021\\\/09\\\/21\\\/metsa-group-edistaa-toimintakulttuurissaan-monimuotoisuutta-yhdenvertaisuutta-ja-mukaan-ottamista\\\/\"},\"author\":{\"name\":\"Hanna Muukka\",\"@id\":\"https:\\\/\\\/pellervo.fi\\\/#\\\/schema\\\/person\\\/f001b7c670bab10e5236b09672d9e6a3\"},\"headline\":\"Mets\u00e4 Group edist\u00e4\u00e4 toimintakulttuurissaan monimuotoisuutta, yhdenvertaisuutta ja mukaan ottamista\",\"datePublished\":\"2021-09-21T05:59:00+00:00\",\"dateModified\":\"2021-09-22T06:05:14+00:00\",\"mainEntityOfPage\":{\"@id\":\"https:\\\/\\\/pellervo.fi\\\/sv\\\/uutiset\\\/2021\\\/09\\\/21\\\/metsa-group-edistaa-toimintakulttuurissaan-monimuotoisuutta-yhdenvertaisuutta-ja-mukaan-ottamista\\\/\"},\"wordCount\":286,\"publisher\":{\"@id\":\"https:\\\/\\\/pellervo.fi\\\/#organization\"},\"image\":{\"@id\":\"https:\\\/\\\/pellervo.fi\\\/sv\\\/uutiset\\\/2021\\\/09\\\/21\\\/metsa-group-edistaa-toimintakulttuurissaan-monimuotoisuutta-yhdenvertaisuutta-ja-mukaan-ottamista\\\/#primaryimage\"},\"thumbnailUrl\":\"https:\\\/\\\/pellervo.fi\\\/wp-content\\\/uploads\\\/2021\\\/09\\\/MetsaGroup_yhdenvertaisuus.jpg\",\"articleSection\":[\"Uutiset\",\"Vastuullisuus\"],\"inLanguage\":\"en-US\"},{\"@type\":\"WebPage\",\"@id\":\"https:\\\/\\\/pellervo.fi\\\/sv\\\/uutiset\\\/2021\\\/09\\\/21\\\/metsa-group-edistaa-toimintakulttuurissaan-monimuotoisuutta-yhdenvertaisuutta-ja-mukaan-ottamista\\\/\",\"url\":\"https:\\\/\\\/pellervo.fi\\\/sv\\\/uutiset\\\/2021\\\/09\\\/21\\\/metsa-group-edistaa-toimintakulttuurissaan-monimuotoisuutta-yhdenvertaisuutta-ja-mukaan-ottamista\\\/\",\"name\":\"Mets\u00e4 Group edist\u00e4\u00e4 toimintakulttuurissaan monimuotoisuutta, yhdenvertaisuutta ja mukaan ottamista - Pellervo\",\"isPartOf\":{\"@id\":\"https:\\\/\\\/pellervo.fi\\\/#website\"},\"primaryImageOfPage\":{\"@id\":\"https:\\\/\\\/pellervo.fi\\\/sv\\\/uutiset\\\/2021\\\/09\\\/21\\\/metsa-group-edistaa-toimintakulttuurissaan-monimuotoisuutta-yhdenvertaisuutta-ja-mukaan-ottamista\\\/#primaryimage\"},\"image\":{\"@id\":\"https:\\\/\\\/pellervo.fi\\\/sv\\\/uutiset\\\/2021\\\/09\\\/21\\\/metsa-group-edistaa-toimintakulttuurissaan-monimuotoisuutta-yhdenvertaisuutta-ja-mukaan-ottamista\\\/#primaryimage\"},\"thumbnailUrl\":\"https:\\\/\\\/pellervo.fi\\\/wp-content\\\/uploads\\\/2021\\\/09\\\/MetsaGroup_yhdenvertaisuus.jpg\",\"datePublished\":\"2021-09-21T05:59:00+00:00\",\"dateModified\":\"2021-09-22T06:05:14+00:00\",\"breadcrumb\":{\"@id\":\"https:\\\/\\\/pellervo.fi\\\/sv\\\/uutiset\\\/2021\\\/09\\\/21\\\/metsa-group-edistaa-toimintakulttuurissaan-monimuotoisuutta-yhdenvertaisuutta-ja-mukaan-ottamista\\\/#breadcrumb\"},\"inLanguage\":\"en-US\",\"potentialAction\":[{\"@type\":\"ReadAction\",\"target\":[\"https:\\\/\\\/pellervo.fi\\\/sv\\\/uutiset\\\/2021\\\/09\\\/21\\\/metsa-group-edistaa-toimintakulttuurissaan-monimuotoisuutta-yhdenvertaisuutta-ja-mukaan-ottamista\\\/\"]}]},{\"@type\":\"ImageObject\",\"inLanguage\":\"en-US\",\"@id\":\"https:\\\/\\\/pellervo.fi\\\/sv\\\/uutiset\\\/2021\\\/09\\\/21\\\/metsa-group-edistaa-toimintakulttuurissaan-monimuotoisuutta-yhdenvertaisuutta-ja-mukaan-ottamista\\\/#primaryimage\",\"url\":\"https:\\\/\\\/pellervo.fi\\\/wp-content\\\/uploads\\\/2021\\\/09\\\/MetsaGroup_yhdenvertaisuus.jpg\",\"contentUrl\":\"https:\\\/\\\/pellervo.fi\\\/wp-content\\\/uploads\\\/2021\\\/09\\\/MetsaGroup_yhdenvertaisuus.jpg\",\"width\":700,\"height\":570,\"caption\":\"Kuvassa kolme mets\u00e4groupilaista. Vasemmassa raunassa vanhempi nainen, jolla kirkkaan vihre\u00e4 liivi ja valkoinen kyp\u00e4r\u00e4. OIkealla olevalla aasialaisella nuorella miehell\u00e4 sama vaatetus. Keskell\u00e4 nainen toimistovaatteissa. Yl\u00e4vartaloiden p\u00e4\u00e4ll\u00e4 valkoiset tekstilaatikot, joissa lukee monimuotoisuus, yhdenvertaisuus ja mukaan ottaminen.\"},{\"@type\":\"BreadcrumbList\",\"@id\":\"https:\\\/\\\/pellervo.fi\\\/sv\\\/uutiset\\\/2021\\\/09\\\/21\\\/metsa-group-edistaa-toimintakulttuurissaan-monimuotoisuutta-yhdenvertaisuutta-ja-mukaan-ottamista\\\/#breadcrumb\",\"itemListElement\":[{\"@type\":\"ListItem\",\"position\":1,\"name\":\"Koti\",\"item\":\"https:\\\/\\\/pellervo.fi\\\/en\\\/\"},{\"@type\":\"ListItem\",\"position\":2,\"name\":\"Mets\u00e4 Group edist\u00e4\u00e4 toimintakulttuurissaan monimuotoisuutta, yhdenvertaisuutta ja mukaan ottamista\"}]},{\"@type\":\"WebSite\",\"@id\":\"https:\\\/\\\/pellervo.fi\\\/#website\",\"url\":\"https:\\\/\\\/pellervo.fi\\\/\",\"name\":\"Pellervo\",\"description\":\"Osuuskuntien keskusj\u00e4rjest\u00f6\",\"publisher\":{\"@id\":\"https:\\\/\\\/pellervo.fi\\\/#organization\"},\"potentialAction\":[{\"@type\":\"SearchAction\",\"target\":{\"@type\":\"EntryPoint\",\"urlTemplate\":\"https:\\\/\\\/pellervo.fi\\\/?s={search_term_string}\"},\"query-input\":{\"@type\":\"PropertyValueSpecification\",\"valueRequired\":true,\"valueName\":\"search_term_string\"}}],\"inLanguage\":\"en-US\"},{\"@type\":\"Organization\",\"@id\":\"https:\\\/\\\/pellervo.fi\\\/#organization\",\"name\":\"Osuustoimintakeskus Pellervo ry\",\"url\":\"https:\\\/\\\/pellervo.fi\\\/\",\"logo\":{\"@type\":\"ImageObject\",\"inLanguage\":\"en-US\",\"@id\":\"https:\\\/\\\/pellervo.fi\\\/#\\\/schema\\\/logo\\\/image\\\/\",\"url\":\"https:\\\/\\\/pellervo.fi\\\/wp-content\\\/uploads\\\/2020\\\/05\\\/Pellervo_logo.png\",\"contentUrl\":\"https:\\\/\\\/pellervo.fi\\\/wp-content\\\/uploads\\\/2020\\\/05\\\/Pellervo_logo.png\",\"width\":1335,\"height\":376,\"caption\":\"Osuustoimintakeskus Pellervo ry\"},\"image\":{\"@id\":\"https:\\\/\\\/pellervo.fi\\\/#\\\/schema\\\/logo\\\/image\\\/\"},\"sameAs\":[\"https:\\\/\\\/x.com\\\/PellervoFi\"]},{\"@type\":\"Person\",\"@id\":\"https:\\\/\\\/pellervo.fi\\\/#\\\/schema\\\/person\\\/f001b7c670bab10e5236b09672d9e6a3\",\"name\":\"Hanna Muukka\",\"image\":{\"@type\":\"ImageObject\",\"inLanguage\":\"en-US\",\"@id\":\"https:\\\/\\\/pellervo.fi\\\/wp-content\\\/uploads\\\/2014\\\/02\\\/Hanna-Muukka_avatar_1393417732-96x96.jpg\",\"url\":\"https:\\\/\\\/pellervo.fi\\\/wp-content\\\/uploads\\\/2014\\\/02\\\/Hanna-Muukka_avatar_1393417732-96x96.jpg\",\"contentUrl\":\"https:\\\/\\\/pellervo.fi\\\/wp-content\\\/uploads\\\/2014\\\/02\\\/Hanna-Muukka_avatar_1393417732-96x96.jpg\",\"caption\":\"Hanna Muukka\"},\"description\":\"Kirjoittaja ty\u00f6skentelee Osuustoimintakeskus Pellervossa vastuullisuusasiantuntijana.\",\"url\":\"https:\\\/\\\/pellervo.fi\\\/en\\\/author\\\/hannamuu\\\/\"}]}<\/script>\n<!-- \/ Yoast SEO plugin. -->","yoast_head_json":{"title":"Mets\u00e4 Group edist\u00e4\u00e4 toimintakulttuurissaan monimuotoisuutta, yhdenvertaisuutta ja mukaan ottamista - Pellervo","robots":{"index":"index","follow":"follow","max-snippet":"max-snippet:-1","max-image-preview":"max-image-preview:large","max-video-preview":"max-video-preview:-1"},"canonical":"https:\/\/pellervo.fi\/sv\/uutiset\/2021\/09\/21\/metsa-group-edistaa-toimintakulttuurissaan-monimuotoisuutta-yhdenvertaisuutta-ja-mukaan-ottamista\/","og_locale":"en_US","og_type":"article","og_title":"Mets\u00e4 Group edist\u00e4\u00e4 toimintakulttuurissaan monimuotoisuutta, yhdenvertaisuutta ja mukaan ottamista - Pellervo","og_description":"Mets\u00e4 Group on sitoutunut kehitt\u00e4m\u00e4\u00e4n monimuotoista ja yhdenvertaista kulttuuria, jossa kaikilla on mahdollisuus menesty\u00e4 ty\u00f6urallaan ja olla tasavertaisia ty\u00f6yhteis\u00f6n j\u00e4seni\u00e4. Tarvittavaa kehitysty\u00f6t\u00e4 ohjaamaan on m\u00e4\u00e4ritelty Mets\u00e4 meille kaikille -visio, joka kuvaa sit\u00e4 millainen ty\u00f6paikka Mets\u00e4 Group haluaa olla tulevaisuudessa.","og_url":"https:\/\/pellervo.fi\/sv\/uutiset\/2021\/09\/21\/metsa-group-edistaa-toimintakulttuurissaan-monimuotoisuutta-yhdenvertaisuutta-ja-mukaan-ottamista\/","og_site_name":"Pellervo","article_published_time":"2021-09-21T05:59:00+00:00","article_modified_time":"2021-09-22T06:05:14+00:00","og_image":[{"width":700,"height":570,"url":"https:\/\/pellervo.fi\/wp-content\/uploads\/2021\/09\/MetsaGroup_yhdenvertaisuus.jpg","type":"image\/jpeg"}],"author":"Hanna Muukka","twitter_card":"summary_large_image","twitter_creator":"@PellervoFi","twitter_site":"@PellervoFi","twitter_misc":{"Written by":"Hanna Muukka","Est. reading time":"1 minute"},"schema":{"@context":"https:\/\/schema.org","@graph":[{"@type":"Article","@id":"https:\/\/pellervo.fi\/sv\/uutiset\/2021\/09\/21\/metsa-group-edistaa-toimintakulttuurissaan-monimuotoisuutta-yhdenvertaisuutta-ja-mukaan-ottamista\/#article","isPartOf":{"@id":"https:\/\/pellervo.fi\/sv\/uutiset\/2021\/09\/21\/metsa-group-edistaa-toimintakulttuurissaan-monimuotoisuutta-yhdenvertaisuutta-ja-mukaan-ottamista\/"},"author":{"name":"Hanna Muukka","@id":"https:\/\/pellervo.fi\/#\/schema\/person\/f001b7c670bab10e5236b09672d9e6a3"},"headline":"Mets\u00e4 Group edist\u00e4\u00e4 toimintakulttuurissaan monimuotoisuutta, yhdenvertaisuutta ja mukaan ottamista","datePublished":"2021-09-21T05:59:00+00:00","dateModified":"2021-09-22T06:05:14+00:00","mainEntityOfPage":{"@id":"https:\/\/pellervo.fi\/sv\/uutiset\/2021\/09\/21\/metsa-group-edistaa-toimintakulttuurissaan-monimuotoisuutta-yhdenvertaisuutta-ja-mukaan-ottamista\/"},"wordCount":286,"publisher":{"@id":"https:\/\/pellervo.fi\/#organization"},"image":{"@id":"https:\/\/pellervo.fi\/sv\/uutiset\/2021\/09\/21\/metsa-group-edistaa-toimintakulttuurissaan-monimuotoisuutta-yhdenvertaisuutta-ja-mukaan-ottamista\/#primaryimage"},"thumbnailUrl":"https:\/\/pellervo.fi\/wp-content\/uploads\/2021\/09\/MetsaGroup_yhdenvertaisuus.jpg","articleSection":["Uutiset","Vastuullisuus"],"inLanguage":"en-US"},{"@type":"WebPage","@id":"https:\/\/pellervo.fi\/sv\/uutiset\/2021\/09\/21\/metsa-group-edistaa-toimintakulttuurissaan-monimuotoisuutta-yhdenvertaisuutta-ja-mukaan-ottamista\/","url":"https:\/\/pellervo.fi\/sv\/uutiset\/2021\/09\/21\/metsa-group-edistaa-toimintakulttuurissaan-monimuotoisuutta-yhdenvertaisuutta-ja-mukaan-ottamista\/","name":"Mets\u00e4 Group edist\u00e4\u00e4 toimintakulttuurissaan monimuotoisuutta, yhdenvertaisuutta ja mukaan ottamista - Pellervo","isPartOf":{"@id":"https:\/\/pellervo.fi\/#website"},"primaryImageOfPage":{"@id":"https:\/\/pellervo.fi\/sv\/uutiset\/2021\/09\/21\/metsa-group-edistaa-toimintakulttuurissaan-monimuotoisuutta-yhdenvertaisuutta-ja-mukaan-ottamista\/#primaryimage"},"image":{"@id":"https:\/\/pellervo.fi\/sv\/uutiset\/2021\/09\/21\/metsa-group-edistaa-toimintakulttuurissaan-monimuotoisuutta-yhdenvertaisuutta-ja-mukaan-ottamista\/#primaryimage"},"thumbnailUrl":"https:\/\/pellervo.fi\/wp-content\/uploads\/2021\/09\/MetsaGroup_yhdenvertaisuus.jpg","datePublished":"2021-09-21T05:59:00+00:00","dateModified":"2021-09-22T06:05:14+00:00","breadcrumb":{"@id":"https:\/\/pellervo.fi\/sv\/uutiset\/2021\/09\/21\/metsa-group-edistaa-toimintakulttuurissaan-monimuotoisuutta-yhdenvertaisuutta-ja-mukaan-ottamista\/#breadcrumb"},"inLanguage":"en-US","potentialAction":[{"@type":"ReadAction","target":["https:\/\/pellervo.fi\/sv\/uutiset\/2021\/09\/21\/metsa-group-edistaa-toimintakulttuurissaan-monimuotoisuutta-yhdenvertaisuutta-ja-mukaan-ottamista\/"]}]},{"@type":"ImageObject","inLanguage":"en-US","@id":"https:\/\/pellervo.fi\/sv\/uutiset\/2021\/09\/21\/metsa-group-edistaa-toimintakulttuurissaan-monimuotoisuutta-yhdenvertaisuutta-ja-mukaan-ottamista\/#primaryimage","url":"https:\/\/pellervo.fi\/wp-content\/uploads\/2021\/09\/MetsaGroup_yhdenvertaisuus.jpg","contentUrl":"https:\/\/pellervo.fi\/wp-content\/uploads\/2021\/09\/MetsaGroup_yhdenvertaisuus.jpg","width":700,"height":570,"caption":"Kuvassa kolme mets\u00e4groupilaista. Vasemmassa raunassa vanhempi nainen, jolla kirkkaan vihre\u00e4 liivi ja valkoinen kyp\u00e4r\u00e4. OIkealla olevalla aasialaisella nuorella miehell\u00e4 sama vaatetus. Keskell\u00e4 nainen toimistovaatteissa. Yl\u00e4vartaloiden p\u00e4\u00e4ll\u00e4 valkoiset tekstilaatikot, joissa lukee monimuotoisuus, yhdenvertaisuus ja mukaan ottaminen."},{"@type":"BreadcrumbList","@id":"https:\/\/pellervo.fi\/sv\/uutiset\/2021\/09\/21\/metsa-group-edistaa-toimintakulttuurissaan-monimuotoisuutta-yhdenvertaisuutta-ja-mukaan-ottamista\/#breadcrumb","itemListElement":[{"@type":"ListItem","position":1,"name":"Koti","item":"https:\/\/pellervo.fi\/en\/"},{"@type":"ListItem","position":2,"name":"Mets\u00e4 Group edist\u00e4\u00e4 toimintakulttuurissaan monimuotoisuutta, yhdenvertaisuutta ja mukaan ottamista"}]},{"@type":"WebSite","@id":"https:\/\/pellervo.fi\/#website","url":"https:\/\/pellervo.fi\/","name":"Pellervo","description":"Osuuskuntien keskusj\u00e4rjest\u00f6","publisher":{"@id":"https:\/\/pellervo.fi\/#organization"},"potentialAction":[{"@type":"SearchAction","target":{"@type":"EntryPoint","urlTemplate":"https:\/\/pellervo.fi\/?s={search_term_string}"},"query-input":{"@type":"PropertyValueSpecification","valueRequired":true,"valueName":"search_term_string"}}],"inLanguage":"en-US"},{"@type":"Organization","@id":"https:\/\/pellervo.fi\/#organization","name":"Osuustoimintakeskus Pellervo ry","url":"https:\/\/pellervo.fi\/","logo":{"@type":"ImageObject","inLanguage":"en-US","@id":"https:\/\/pellervo.fi\/#\/schema\/logo\/image\/","url":"https:\/\/pellervo.fi\/wp-content\/uploads\/2020\/05\/Pellervo_logo.png","contentUrl":"https:\/\/pellervo.fi\/wp-content\/uploads\/2020\/05\/Pellervo_logo.png","width":1335,"height":376,"caption":"Osuustoimintakeskus Pellervo ry"},"image":{"@id":"https:\/\/pellervo.fi\/#\/schema\/logo\/image\/"},"sameAs":["https:\/\/x.com\/PellervoFi"]},{"@type":"Person","@id":"https:\/\/pellervo.fi\/#\/schema\/person\/f001b7c670bab10e5236b09672d9e6a3","name":"Hanna Muukka","image":{"@type":"ImageObject","inLanguage":"en-US","@id":"https:\/\/pellervo.fi\/wp-content\/uploads\/2014\/02\/Hanna-Muukka_avatar_1393417732-96x96.jpg","url":"https:\/\/pellervo.fi\/wp-content\/uploads\/2014\/02\/Hanna-Muukka_avatar_1393417732-96x96.jpg","contentUrl":"https:\/\/pellervo.fi\/wp-content\/uploads\/2014\/02\/Hanna-Muukka_avatar_1393417732-96x96.jpg","caption":"Hanna Muukka"},"description":"Kirjoittaja ty\u00f6skentelee Osuustoimintakeskus Pellervossa vastuullisuusasiantuntijana.","url":"https:\/\/pellervo.fi\/en\/author\/hannamuu\/"}]}},"_links":{"self":[{"href":"https:\/\/pellervo.fi\/en\/wp-json\/wp\/v2\/posts\/891845","targetHints":{"allow":["GET"]}}],"collection":[{"href":"https:\/\/pellervo.fi\/en\/wp-json\/wp\/v2\/posts"}],"about":[{"href":"https:\/\/pellervo.fi\/en\/wp-json\/wp\/v2\/types\/post"}],"author":[{"embeddable":true,"href":"https:\/\/pellervo.fi\/en\/wp-json\/wp\/v2\/users\/6"}],"replies":[{"embeddable":true,"href":"https:\/\/pellervo.fi\/en\/wp-json\/wp\/v2\/comments?post=891845"}],"version-history":[{"count":1,"href":"https:\/\/pellervo.fi\/en\/wp-json\/wp\/v2\/posts\/891845\/revisions"}],"predecessor-version":[{"id":891849,"href":"https:\/\/pellervo.fi\/en\/wp-json\/wp\/v2\/posts\/891845\/revisions\/891849"}],"wp:featuredmedia":[{"embeddable":true,"href":"https:\/\/pellervo.fi\/en\/wp-json\/wp\/v2\/media\/891846"}],"wp:attachment":[{"href":"https:\/\/pellervo.fi\/en\/wp-json\/wp\/v2\/media?parent=891845"}],"wp:term":[{"taxonomy":"category","embeddable":true,"href":"https:\/\/pellervo.fi\/en\/wp-json\/wp\/v2\/categories?post=891845"},{"taxonomy":"post_tag","embeddable":true,"href":"https:\/\/pellervo.fi\/en\/wp-json\/wp\/v2\/tags?post=891845"}],"curies":[{"name":"wp","href":"https:\/\/api.w.org\/{rel}","templated":true}]}}