{"id":892070,"date":"2021-10-12T09:58:59","date_gmt":"2021-10-12T06:58:59","guid":{"rendered":"https:\/\/pellervo.fi\/?p=892070"},"modified":"2021-10-12T10:15:03","modified_gmt":"2021-10-12T07:15:03","slug":"vaan-rahan-takii-voiko-vastuullisuus-ja-kestavyys-olla-yritykselle-koskaan-itseisarvo","status":"publish","type":"post","link":"https:\/\/pellervo.fi\/en\/kestava-talous\/2021\/10\/12\/vaan-rahan-takii-voiko-vastuullisuus-ja-kestavyys-olla-yritykselle-koskaan-itseisarvo\/","title":{"rendered":"Vaan rahan takii &#8211; voiko vastuullisuus ja kest\u00e4vyys olla yritykselle koskaan itseisarvo?"},"content":{"rendered":"\n<p>Miksi monet yritykset haluavat olla vastuullisuuden edell\u00e4k\u00e4vij\u00f6it\u00e4? Koska ne aidosti kokevat, ett\u00e4 niill\u00e4 on \u2013 yhteiskunnallisesti merkitt\u00e4vin\u00e4 toimijoina \u2013 vastuukin toimia kest\u00e4v\u00e4sti? Toisaalta tekisik\u00f6 yritys vastuullisuustoimia, jos niille ei olisi osoitettavissa mink\u00e4\u00e4nlaisia taloudellisia hy\u00f6tyj\u00e4? Ja tarvitseeko yrityksen vastuullisuusty\u00f6n edes olla pyyteet\u00f6nt\u00e4?<\/p>\n<h3>Panokset maksavat itsens\u00e4 takaisin \u2013 usein moninkertaisesti<\/h3>\n<p>On toisaalta vaikea keksi\u00e4 vastuullisuustekoa, jolla ei v\u00e4hint\u00e4\u00e4n pitk\u00e4ll\u00e4 aikav\u00e4lill\u00e4 olisi taloudellista ja\/tai br\u00e4ndihy\u00f6ty\u00e4 yritykselle. Esimerkiksi energiank\u00e4yt\u00f6n v\u00e4hent\u00e4minen tai ty\u00f6turvallisuuteen panostaminen ovat asioista, jotka pienent\u00e4v\u00e4t yrityksen kustannuksia usein jo melko nopeasti. Pidemm\u00e4n aikav\u00e4lin vastuullisuustoimet kuten ty\u00f6hyvinvointiin panostaminen, monimuotoisuuden edist\u00e4minen tai investoinnit uuteen, nousevaan teknologiaan ovat ehk\u00e4 vaikeammin mitattavissa, mutta niidenkin taloudellinen hy\u00f6ty on k\u00e4yt\u00e4nn\u00f6ss\u00e4 kiistaton.<\/p>\n<p>Usein yritysvastuuta \u201dmyyd\u00e4\u00e4nkin\u201d yrityksille sill\u00e4, ett\u00e4 investoinneista kest\u00e4vyyteen on aina lopulta taloudellista hy\u00f6ty\u00e4. Monessa yrityksess\u00e4 \u2013 erityisesti pienemmiss\u00e4 \u2013 vastuullisuutta katsotaan edelleen toki l\u00e4hinn\u00e4 riskin\u00e4k\u00f6kulmasta. Jos ei panosteta vaikka ymp\u00e4rist\u00f6- ja ilmastokysymyksiin, liiketoiminnan riskit kasvavat huomattavasti. Rahoittajat ja sijoittajatkin ovat alkaneet katsoa yrityksen toiminnan kest\u00e4vyytt\u00e4 ja rahoituksen saaminen voi tulevaisuudessa olla hyvinkin riippuvainen siit\u00e4, miten vastuullisesti yritys toimii. Taloudellinen n\u00e4k\u00f6kulma vaikuttaa siis t\u00e4t\u00e4kin kautta yh\u00e4 vahvemmin.&nbsp;<\/p>\n<h3>Mutta miten paljon vastuullisuuteen kannattaa panostaa?<\/h3>\n<p>Jos hy\u00f6dyt ovat niin selke\u00e4t, miksi on edelleen niin monia yrityksi\u00e4, jotka eiv\u00e4t kiinnit\u00e4 vastuullisuuteen erityisemmin huomiota? Monen pk-yrityksen kohdalla kyseess\u00e4 on resurssit ja raha: ei koeta ett\u00e4 on osaamista ja resursseja edist\u00e4\u00e4 asiaa.<\/p>\n<p>Yritykset etsiv\u00e4t my\u00f6s rajahy\u00f6ty\u00e4. Usein pienell\u00e4 panoksella saadaan jo paljon aikaan, mutta investointien lis\u00e4\u00e4minen ei tuokaan en\u00e4\u00e4 vastaava hy\u00f6ty\u00e4. Panosten ja syntyv\u00e4n hy\u00f6dyn v\u00e4linen suhde ei siis ole suora vaan kaartuva. Pit\u00e4isi olla isommat muskelit, ett\u00e4 p\u00e4\u00e4sisi k\u00e4yr\u00e4n toiselle puolelle, jossa panostuksen hy\u00f6ty l\u00e4htisi taas nousuun. T\u00e4ysin ymm\u00e4rrett\u00e4v\u00e4\u00e4 liiketoiminnallisesta n\u00e4k\u00f6kulmasta, ett\u00e4 yritystoiminnan kustannuksia mietit\u00e4\u00e4n eritt\u00e4in tarkkaan. N\u00e4in valitettavasti yritysvastuu ja varsinkaan ilmastoasioihin panostaminen ei lis\u00e4\u00e4nny yhteiskunnallisesta n\u00e4k\u00f6kulmasta tarpeeksi vauhdikkaasti. Sen takia EU tarttuikin oletettavasti ensimm\u00e4isen\u00e4 juuri rahoitusalaan, sit\u00e4 kautta kest\u00e4vyysvaatimukset valuvat kaikkein tehokkaimmin muille toimialoille. Tavallaan lains\u00e4\u00e4d\u00e4nn\u00f6ll\u00e4 tehd\u00e4\u00e4n kest\u00e4vyydest\u00e4 yrityksille taloudellinen kysymys.<\/p>\n<h3>Onko yritysten hyv\u00e4ntekev\u00e4isyydell\u00e4kin aina taloudellinen taka-ajatus?<\/h3>\n<p>Ent\u00e4 kun yritys lahjoittaa rahaa nuorten urheiluharrastusten tukemiseen tai kulttuuriin, jotka eiv\u00e4t edes liity yrityksen omaan ydinliiketoimintaan? Eik\u00f6 t\u00e4ll\u00f6in voi ajatella, ett\u00e4 kyse on itseisarvoisesti vastuullisuudesta ja halusta tukea yleisesti yhteiskuntaa? Ehk\u00e4, mutta fakta on, ett\u00e4 yritys saa n\u00e4ist\u00e4 yleens\u00e4 melko selke\u00e4\u00e4 br\u00e4ndihy\u00f6ty\u00e4 ja n\u00e4kyvyytt\u00e4. Asiakas todenn\u00e4k\u00f6isesti valitsee \u2013 erityisesti kuluttajapuolella \u2013 yrityksen, joka niin sanotusti antaa yhteis\u00f6lleen takaisin. Taloudellista hy\u00f6ty\u00e4 siis syntyy, vaikka sit\u00e4 voi toki olla eritt\u00e4in vaikea mitata.<\/p>\n<p>Tosin ei yritysten hyv\u00e4ntekev\u00e4isyytt\u00e4 katsota v\u00e4ltt\u00e4m\u00e4tt\u00e4 hyv\u00e4ll\u00e4. Osa ajattelee, ett\u00e4 siin\u00e4 menn\u00e4\u00e4n sielt\u00e4 miss\u00e4 aita on matalin. Lahjoitetaan v\u00e4h\u00e4n pennosia lapsille, mutta ei tehd\u00e4 mit\u00e4\u00e4n aidosti vaikuttavaa ja muuteta yrityksen toimintaa kest\u00e4v\u00e4mm\u00e4ksi.<\/p>\n<h3>Onko motiiveilla edes v\u00e4li\u00e4?<\/h3>\n<p>K\u00e4rjist\u00e4en: yrityksi\u00e4 arvostellaan siit\u00e4, ett\u00e4 vastuullisuustoimia tehd\u00e4\u00e4n vain koska niist\u00e4 on (taloudellista) hy\u00f6ty\u00e4, mutta toisaalta, jos yritys tekee toimia, jotka eiv\u00e4t liity sen omaan ydinliiketoimintaan syytet\u00e4\u00e4n viher- tai muusta pesusta ja silm\u00e4nlumeesta.<\/p>\n<p>Toki t\u00e4ss\u00e4 voi l\u00e4hte\u00e4 syv\u00e4llisiin filosofisiin pohdintoihin siit\u00e4, onko teko aidosti moraalinen ja itsearvoisesti eettinen, jos sen motiivit ovat niin sanotusti v\u00e4\u00e4r\u00e4t. Jos saat itse mielihyv\u00e4\u00e4 tekem\u00e4st\u00e4si hyv\u00e4st\u00e4 teoista, hy\u00f6dyt siit\u00e4 eik\u00e4 teko ole moraalinen. Jos yritys hy\u00f6tyy vastuullisuustoimistaan, tarkoittaako se, ett\u00e4 yrityksen vastuullisuus on v\u00e4hemm\u00e4n merkitt\u00e4v\u00e4\u00e4? V\u00e4itt\u00e4isin, ett\u00e4 yritysmaailmassa se mill\u00e4 on lopulta v\u00e4li\u00e4 on lopputulos eli kest\u00e4v\u00e4 toiminta. Esimerkiksi ilmastokriisi on sen verran vakava asia, ett\u00e4 se on aivan saman tekev\u00e4\u00e4 mill\u00e4 motiiveilla yritykset toimivat, kunhan toimivat.<\/p>\n<p>Tietysti se, ett\u00e4 pidet\u00e4\u00e4n vain hienoja juhlapuheita ja asetetaan kunnianhimoisia tavoitteita kymmenen vuoden p\u00e4\u00e4h\u00e4n, joiden saavuttamiseksi ei ole olemassa realistisia suunnitelmia, on yritysmaailmassa todellinen ongelma.<\/p>\n<h3>Ihmiset tekev\u00e4t yrityksen<\/h3>\n<p>Yritys ei ole mik\u00e4\u00e4n itsen\u00e4inen ja irrallinen entiteetti, jota ohjailee Avaruusseikkailu 2001 -elokuvan HAL-tietokoneen kaltainen olio. Jokaisen yrityksen taustalla on ihmisi\u00e4: omistajia, johtajia, ty\u00f6ntekij\u00f6it\u00e4. Voisi kysy\u00e4, ett\u00e4 jos heille vastuullisuus on itseisarvo, miksei se voisi olla my\u00f6s yritykselle? Eiv\u00e4tk\u00f6 he voisi johtaa yrityst\u00e4\u00e4n niin, ett\u00e4 sen toiminnassa \u2013 sill\u00e4kin riskill\u00e4 ett\u00e4 vastuullisuustoimien kustannukset ovat hy\u00f6tyj\u00e4 suuremmat \u2013 vastuullisuus on itseisarvo?<\/p>\n<p>T\u00e4ss\u00e4 on pohdittavaa (luottamus)johdolle, kun rekrytoidaan uusia tekij\u00f6it\u00e4 erityisesti yrityksen johtopaikoille tai mietit\u00e4\u00e4n miten henkil\u00f6st\u00e4 lis\u00e4-koulutetaan. Vastuullisuusosaamiseen kannattaa kiinnitt\u00e4\u00e4 huomiota ja siihen panostaa.<\/p>\n<h3>Onko osuuskunnassa paremmat mahdollisuudet itsearvoiseen vastuullisuuteen?<\/h3>\n<p>Pakkohan sit\u00e4 on muutama sana osuustoiminnasta viel\u00e4 loppuun sanoa. Osuuskuntahan on kansainv\u00e4lisen m\u00e4\u00e4ritelm\u00e4n mukaan \u201ditsen\u00e4inen henkil\u00f6yhteis\u00f6, johon j\u00e4senet liittyv\u00e4t vapaaehtoisesti toteuttaakseen yhteisesti omistamansa ja demokraattisesti hallitsemansa yrityksen avulla taloudellisia, <strong>sosiaalisia ja kulttuurisia<\/strong> tarpeitaan ja tavoitteitaan\u201d. Kuten aiemmissakin Kest\u00e4v\u00e4 talous -blogeissa on kirjoitettu, osuustoiminnassa on potentiaalia helpommin ottaa huomioon useampia tavoitteita. Osuuskunnissa korostetaan usein paikallisuutta ja oman alueen elinvoimaa, mink\u00e4 tukeminen toki auttaa osuuskuntaa itse\u00e4kin usein. Mutta vastuullisuuden itsearvoisuus istuu helpommin osaksi osuuskunnan toimintaa, koska siell\u00e4 ei tehd\u00e4 asioita vaan rahan takii.<\/p>\n<p><strong>Hanna Muukka<br><\/strong><em>Kirjoittaja on Osuustoimintakeskus Pellervon vastuullisuusasiantuntija<\/em><\/p>\n","protected":false},"excerpt":{"rendered":"","protected":false},"author":6,"featured_media":890869,"comment_status":"closed","ping_status":"closed","sticky":false,"template":"","format":"standard","meta":{"inline_featured_image":false,"_monsterinsights_skip_tracking":false,"_monsterinsights_sitenote_active":false,"_monsterinsights_sitenote_note":"","_monsterinsights_sitenote_category":0,"site-sidebar-layout":"default","site-content-layout":"default","ast-site-content-layout":"default","site-content-style":"default","site-sidebar-style":"default","ast-global-header-display":"","ast-banner-title-visibility":"","ast-main-header-display":"","ast-hfb-above-header-display":"","ast-hfb-below-header-display":"","ast-hfb-mobile-header-display":"","site-post-title":"","ast-breadcrumbs-content":"","ast-featured-img":"","footer-sml-layout":"","ast-disable-related-posts":"","theme-transparent-header-meta":"default","adv-header-id-meta":"","stick-header-meta":"","header-above-stick-meta":"","header-main-stick-meta":"","header-below-stick-meta":"","astra-migrate-meta-layouts":"default","ast-page-background-enabled":"default","ast-page-background-meta":{"desktop":{"background-color":"","background-image":"","background-repeat":"repeat","background-position":"center center","background-size":"auto","background-attachment":"scroll","background-type":"","background-media":"","overlay-type":"","overlay-color":"","overlay-opacity":"","overlay-gradient":""},"tablet":{"background-color":"","background-image":"","background-repeat":"repeat","background-position":"center center","background-size":"auto","background-attachment":"scroll","background-type":"","background-media":"","overlay-type":"","overlay-color":"","overlay-opacity":"","overlay-gradient":""},"mobile":{"background-color":"","background-image":"","background-repeat":"repeat","background-position":"center center","background-size":"auto","background-attachment":"scroll","background-type":"","background-media":"","overlay-type":"","overlay-color":"","overlay-opacity":"","overlay-gradient":""}},"ast-content-background-meta":{"desktop":{"background-color":"var(--ast-global-color-5)","background-image":"","background-repeat":"repeat","background-position":"center center","background-size":"auto","background-attachment":"scroll","background-type":"","background-media":"","overlay-type":"","overlay-color":"","overlay-opacity":"","overlay-gradient":""},"tablet":{"background-color":"var(--ast-global-color-5)","background-image":"","background-repeat":"repeat","background-position":"center center","background-size":"auto","background-attachment":"scroll","background-type":"","background-media":"","overlay-type":"","overlay-color":"","overlay-opacity":"","overlay-gradient":""},"mobile":{"background-color":"var(--ast-global-color-5)","background-image":"","background-repeat":"repeat","background-position":"center center","background-size":"auto","background-attachment":"scroll","background-type":"","background-media":"","overlay-type":"","overlay-color":"","overlay-opacity":"","overlay-gradient":""}},"_FSMCFIC_featured_image_caption":"","_FSMCFIC_featured_image_nocaption":"","_FSMCFIC_featured_image_hide":"","footnotes":""},"categories":[344,21],"tags":[],"class_list":["post-892070","post","type-post","status-publish","format-standard","has-post-thumbnail","hentry","category-kestava-talous","category-nakokulma"],"yoast_head":"<!-- This site is optimized with the Yoast SEO plugin v27.4 - https:\/\/yoast.com\/product\/yoast-seo-wordpress\/ -->\n<title>Vaan rahan takii - voiko vastuullisuus ja kest\u00e4vyys olla yritykselle koskaan itseisarvo? - Pellervo<\/title>\n<meta name=\"robots\" content=\"index, follow, max-snippet:-1, max-image-preview:large, max-video-preview:-1\" \/>\n<link rel=\"canonical\" href=\"https:\/\/pellervo.fi\/sv\/kestava-talous\/2021\/10\/12\/vaan-rahan-takii-voiko-vastuullisuus-ja-kestavyys-olla-yritykselle-koskaan-itseisarvo\/\" \/>\n<meta property=\"og:locale\" content=\"en_US\" \/>\n<meta property=\"og:type\" content=\"article\" \/>\n<meta property=\"og:title\" content=\"Vaan rahan takii - voiko vastuullisuus ja kest\u00e4vyys olla yritykselle koskaan itseisarvo? - Pellervo\" \/>\n<meta property=\"og:url\" content=\"https:\/\/pellervo.fi\/sv\/kestava-talous\/2021\/10\/12\/vaan-rahan-takii-voiko-vastuullisuus-ja-kestavyys-olla-yritykselle-koskaan-itseisarvo\/\" \/>\n<meta property=\"og:site_name\" content=\"Pellervo\" \/>\n<meta property=\"article:published_time\" content=\"2021-10-12T06:58:59+00:00\" \/>\n<meta property=\"article:modified_time\" content=\"2021-10-12T07:15:03+00:00\" \/>\n<meta property=\"og:image\" content=\"https:\/\/pellervo.fi\/wp-content\/uploads\/2021\/05\/kestava-talous-hanna.jpg\" \/>\n\t<meta property=\"og:image:width\" content=\"900\" \/>\n\t<meta property=\"og:image:height\" content=\"600\" \/>\n\t<meta property=\"og:image:type\" content=\"image\/jpeg\" \/>\n<meta name=\"author\" content=\"Hanna Muukka\" \/>\n<meta name=\"twitter:card\" content=\"summary_large_image\" \/>\n<meta name=\"twitter:creator\" content=\"@PellervoFi\" \/>\n<meta name=\"twitter:site\" content=\"@PellervoFi\" \/>\n<meta name=\"twitter:label1\" content=\"Written by\" \/>\n\t<meta name=\"twitter:data1\" content=\"Hanna Muukka\" \/>\n\t<meta name=\"twitter:label2\" content=\"Est. reading time\" \/>\n\t<meta name=\"twitter:data2\" content=\"4 minutes\" \/>\n<script type=\"application\/ld+json\" class=\"yoast-schema-graph\">{\"@context\":\"https:\\\/\\\/schema.org\",\"@graph\":[{\"@type\":\"Article\",\"@id\":\"https:\\\/\\\/pellervo.fi\\\/sv\\\/kestava-talous\\\/2021\\\/10\\\/12\\\/vaan-rahan-takii-voiko-vastuullisuus-ja-kestavyys-olla-yritykselle-koskaan-itseisarvo\\\/#article\",\"isPartOf\":{\"@id\":\"https:\\\/\\\/pellervo.fi\\\/sv\\\/kestava-talous\\\/2021\\\/10\\\/12\\\/vaan-rahan-takii-voiko-vastuullisuus-ja-kestavyys-olla-yritykselle-koskaan-itseisarvo\\\/\"},\"author\":{\"name\":\"Hanna Muukka\",\"@id\":\"https:\\\/\\\/pellervo.fi\\\/#\\\/schema\\\/person\\\/f001b7c670bab10e5236b09672d9e6a3\"},\"headline\":\"Vaan rahan takii &#8211; voiko vastuullisuus ja kest\u00e4vyys olla yritykselle koskaan itseisarvo?\",\"datePublished\":\"2021-10-12T06:58:59+00:00\",\"dateModified\":\"2021-10-12T07:15:03+00:00\",\"mainEntityOfPage\":{\"@id\":\"https:\\\/\\\/pellervo.fi\\\/sv\\\/kestava-talous\\\/2021\\\/10\\\/12\\\/vaan-rahan-takii-voiko-vastuullisuus-ja-kestavyys-olla-yritykselle-koskaan-itseisarvo\\\/\"},\"wordCount\":895,\"publisher\":{\"@id\":\"https:\\\/\\\/pellervo.fi\\\/#organization\"},\"image\":{\"@id\":\"https:\\\/\\\/pellervo.fi\\\/sv\\\/kestava-talous\\\/2021\\\/10\\\/12\\\/vaan-rahan-takii-voiko-vastuullisuus-ja-kestavyys-olla-yritykselle-koskaan-itseisarvo\\\/#primaryimage\"},\"thumbnailUrl\":\"https:\\\/\\\/pellervo.fi\\\/wp-content\\\/uploads\\\/2021\\\/05\\\/kestava-talous-hanna.jpg\",\"articleSection\":[\"Kest\u00e4v\u00e4 talous\",\"N\u00e4k\u00f6kulma\"],\"inLanguage\":\"en-US\"},{\"@type\":\"WebPage\",\"@id\":\"https:\\\/\\\/pellervo.fi\\\/sv\\\/kestava-talous\\\/2021\\\/10\\\/12\\\/vaan-rahan-takii-voiko-vastuullisuus-ja-kestavyys-olla-yritykselle-koskaan-itseisarvo\\\/\",\"url\":\"https:\\\/\\\/pellervo.fi\\\/sv\\\/kestava-talous\\\/2021\\\/10\\\/12\\\/vaan-rahan-takii-voiko-vastuullisuus-ja-kestavyys-olla-yritykselle-koskaan-itseisarvo\\\/\",\"name\":\"Vaan rahan takii - voiko vastuullisuus ja kest\u00e4vyys olla yritykselle koskaan itseisarvo? - Pellervo\",\"isPartOf\":{\"@id\":\"https:\\\/\\\/pellervo.fi\\\/#website\"},\"primaryImageOfPage\":{\"@id\":\"https:\\\/\\\/pellervo.fi\\\/sv\\\/kestava-talous\\\/2021\\\/10\\\/12\\\/vaan-rahan-takii-voiko-vastuullisuus-ja-kestavyys-olla-yritykselle-koskaan-itseisarvo\\\/#primaryimage\"},\"image\":{\"@id\":\"https:\\\/\\\/pellervo.fi\\\/sv\\\/kestava-talous\\\/2021\\\/10\\\/12\\\/vaan-rahan-takii-voiko-vastuullisuus-ja-kestavyys-olla-yritykselle-koskaan-itseisarvo\\\/#primaryimage\"},\"thumbnailUrl\":\"https:\\\/\\\/pellervo.fi\\\/wp-content\\\/uploads\\\/2021\\\/05\\\/kestava-talous-hanna.jpg\",\"datePublished\":\"2021-10-12T06:58:59+00:00\",\"dateModified\":\"2021-10-12T07:15:03+00:00\",\"breadcrumb\":{\"@id\":\"https:\\\/\\\/pellervo.fi\\\/sv\\\/kestava-talous\\\/2021\\\/10\\\/12\\\/vaan-rahan-takii-voiko-vastuullisuus-ja-kestavyys-olla-yritykselle-koskaan-itseisarvo\\\/#breadcrumb\"},\"inLanguage\":\"en-US\",\"potentialAction\":[{\"@type\":\"ReadAction\",\"target\":[\"https:\\\/\\\/pellervo.fi\\\/sv\\\/kestava-talous\\\/2021\\\/10\\\/12\\\/vaan-rahan-takii-voiko-vastuullisuus-ja-kestavyys-olla-yritykselle-koskaan-itseisarvo\\\/\"]}]},{\"@type\":\"ImageObject\",\"inLanguage\":\"en-US\",\"@id\":\"https:\\\/\\\/pellervo.fi\\\/sv\\\/kestava-talous\\\/2021\\\/10\\\/12\\\/vaan-rahan-takii-voiko-vastuullisuus-ja-kestavyys-olla-yritykselle-koskaan-itseisarvo\\\/#primaryimage\",\"url\":\"https:\\\/\\\/pellervo.fi\\\/wp-content\\\/uploads\\\/2021\\\/05\\\/kestava-talous-hanna.jpg\",\"contentUrl\":\"https:\\\/\\\/pellervo.fi\\\/wp-content\\\/uploads\\\/2021\\\/05\\\/kestava-talous-hanna.jpg\",\"width\":900,\"height\":600},{\"@type\":\"BreadcrumbList\",\"@id\":\"https:\\\/\\\/pellervo.fi\\\/sv\\\/kestava-talous\\\/2021\\\/10\\\/12\\\/vaan-rahan-takii-voiko-vastuullisuus-ja-kestavyys-olla-yritykselle-koskaan-itseisarvo\\\/#breadcrumb\",\"itemListElement\":[{\"@type\":\"ListItem\",\"position\":1,\"name\":\"Koti\",\"item\":\"https:\\\/\\\/pellervo.fi\\\/en\\\/\"},{\"@type\":\"ListItem\",\"position\":2,\"name\":\"Vaan rahan takii &#8211; voiko vastuullisuus ja kest\u00e4vyys olla yritykselle koskaan itseisarvo?\"}]},{\"@type\":\"WebSite\",\"@id\":\"https:\\\/\\\/pellervo.fi\\\/#website\",\"url\":\"https:\\\/\\\/pellervo.fi\\\/\",\"name\":\"Pellervo\",\"description\":\"Osuuskuntien keskusj\u00e4rjest\u00f6\",\"publisher\":{\"@id\":\"https:\\\/\\\/pellervo.fi\\\/#organization\"},\"potentialAction\":[{\"@type\":\"SearchAction\",\"target\":{\"@type\":\"EntryPoint\",\"urlTemplate\":\"https:\\\/\\\/pellervo.fi\\\/?s={search_term_string}\"},\"query-input\":{\"@type\":\"PropertyValueSpecification\",\"valueRequired\":true,\"valueName\":\"search_term_string\"}}],\"inLanguage\":\"en-US\"},{\"@type\":\"Organization\",\"@id\":\"https:\\\/\\\/pellervo.fi\\\/#organization\",\"name\":\"Osuustoimintakeskus Pellervo ry\",\"url\":\"https:\\\/\\\/pellervo.fi\\\/\",\"logo\":{\"@type\":\"ImageObject\",\"inLanguage\":\"en-US\",\"@id\":\"https:\\\/\\\/pellervo.fi\\\/#\\\/schema\\\/logo\\\/image\\\/\",\"url\":\"https:\\\/\\\/pellervo.fi\\\/wp-content\\\/uploads\\\/2020\\\/05\\\/Pellervo_logo.png\",\"contentUrl\":\"https:\\\/\\\/pellervo.fi\\\/wp-content\\\/uploads\\\/2020\\\/05\\\/Pellervo_logo.png\",\"width\":1335,\"height\":376,\"caption\":\"Osuustoimintakeskus Pellervo ry\"},\"image\":{\"@id\":\"https:\\\/\\\/pellervo.fi\\\/#\\\/schema\\\/logo\\\/image\\\/\"},\"sameAs\":[\"https:\\\/\\\/x.com\\\/PellervoFi\"]},{\"@type\":\"Person\",\"@id\":\"https:\\\/\\\/pellervo.fi\\\/#\\\/schema\\\/person\\\/f001b7c670bab10e5236b09672d9e6a3\",\"name\":\"Hanna Muukka\",\"image\":{\"@type\":\"ImageObject\",\"inLanguage\":\"en-US\",\"@id\":\"https:\\\/\\\/pellervo.fi\\\/wp-content\\\/uploads\\\/2014\\\/02\\\/Hanna-Muukka_avatar_1393417732-96x96.jpg\",\"url\":\"https:\\\/\\\/pellervo.fi\\\/wp-content\\\/uploads\\\/2014\\\/02\\\/Hanna-Muukka_avatar_1393417732-96x96.jpg\",\"contentUrl\":\"https:\\\/\\\/pellervo.fi\\\/wp-content\\\/uploads\\\/2014\\\/02\\\/Hanna-Muukka_avatar_1393417732-96x96.jpg\",\"caption\":\"Hanna Muukka\"},\"description\":\"Kirjoittaja ty\u00f6skentelee Osuustoimintakeskus Pellervossa vastuullisuusasiantuntijana.\",\"url\":\"https:\\\/\\\/pellervo.fi\\\/en\\\/author\\\/hannamuu\\\/\"}]}<\/script>\n<!-- \/ Yoast SEO plugin. -->","yoast_head_json":{"title":"Vaan rahan takii - voiko vastuullisuus ja kest\u00e4vyys olla yritykselle koskaan itseisarvo? - Pellervo","robots":{"index":"index","follow":"follow","max-snippet":"max-snippet:-1","max-image-preview":"max-image-preview:large","max-video-preview":"max-video-preview:-1"},"canonical":"https:\/\/pellervo.fi\/sv\/kestava-talous\/2021\/10\/12\/vaan-rahan-takii-voiko-vastuullisuus-ja-kestavyys-olla-yritykselle-koskaan-itseisarvo\/","og_locale":"en_US","og_type":"article","og_title":"Vaan rahan takii - voiko vastuullisuus ja kest\u00e4vyys olla yritykselle koskaan itseisarvo? - Pellervo","og_url":"https:\/\/pellervo.fi\/sv\/kestava-talous\/2021\/10\/12\/vaan-rahan-takii-voiko-vastuullisuus-ja-kestavyys-olla-yritykselle-koskaan-itseisarvo\/","og_site_name":"Pellervo","article_published_time":"2021-10-12T06:58:59+00:00","article_modified_time":"2021-10-12T07:15:03+00:00","og_image":[{"width":900,"height":600,"url":"https:\/\/pellervo.fi\/wp-content\/uploads\/2021\/05\/kestava-talous-hanna.jpg","type":"image\/jpeg"}],"author":"Hanna Muukka","twitter_card":"summary_large_image","twitter_creator":"@PellervoFi","twitter_site":"@PellervoFi","twitter_misc":{"Written by":"Hanna Muukka","Est. reading time":"4 minutes"},"schema":{"@context":"https:\/\/schema.org","@graph":[{"@type":"Article","@id":"https:\/\/pellervo.fi\/sv\/kestava-talous\/2021\/10\/12\/vaan-rahan-takii-voiko-vastuullisuus-ja-kestavyys-olla-yritykselle-koskaan-itseisarvo\/#article","isPartOf":{"@id":"https:\/\/pellervo.fi\/sv\/kestava-talous\/2021\/10\/12\/vaan-rahan-takii-voiko-vastuullisuus-ja-kestavyys-olla-yritykselle-koskaan-itseisarvo\/"},"author":{"name":"Hanna Muukka","@id":"https:\/\/pellervo.fi\/#\/schema\/person\/f001b7c670bab10e5236b09672d9e6a3"},"headline":"Vaan rahan takii &#8211; voiko vastuullisuus ja kest\u00e4vyys olla yritykselle koskaan itseisarvo?","datePublished":"2021-10-12T06:58:59+00:00","dateModified":"2021-10-12T07:15:03+00:00","mainEntityOfPage":{"@id":"https:\/\/pellervo.fi\/sv\/kestava-talous\/2021\/10\/12\/vaan-rahan-takii-voiko-vastuullisuus-ja-kestavyys-olla-yritykselle-koskaan-itseisarvo\/"},"wordCount":895,"publisher":{"@id":"https:\/\/pellervo.fi\/#organization"},"image":{"@id":"https:\/\/pellervo.fi\/sv\/kestava-talous\/2021\/10\/12\/vaan-rahan-takii-voiko-vastuullisuus-ja-kestavyys-olla-yritykselle-koskaan-itseisarvo\/#primaryimage"},"thumbnailUrl":"https:\/\/pellervo.fi\/wp-content\/uploads\/2021\/05\/kestava-talous-hanna.jpg","articleSection":["Kest\u00e4v\u00e4 talous","N\u00e4k\u00f6kulma"],"inLanguage":"en-US"},{"@type":"WebPage","@id":"https:\/\/pellervo.fi\/sv\/kestava-talous\/2021\/10\/12\/vaan-rahan-takii-voiko-vastuullisuus-ja-kestavyys-olla-yritykselle-koskaan-itseisarvo\/","url":"https:\/\/pellervo.fi\/sv\/kestava-talous\/2021\/10\/12\/vaan-rahan-takii-voiko-vastuullisuus-ja-kestavyys-olla-yritykselle-koskaan-itseisarvo\/","name":"Vaan rahan takii - voiko vastuullisuus ja kest\u00e4vyys olla yritykselle koskaan itseisarvo? - Pellervo","isPartOf":{"@id":"https:\/\/pellervo.fi\/#website"},"primaryImageOfPage":{"@id":"https:\/\/pellervo.fi\/sv\/kestava-talous\/2021\/10\/12\/vaan-rahan-takii-voiko-vastuullisuus-ja-kestavyys-olla-yritykselle-koskaan-itseisarvo\/#primaryimage"},"image":{"@id":"https:\/\/pellervo.fi\/sv\/kestava-talous\/2021\/10\/12\/vaan-rahan-takii-voiko-vastuullisuus-ja-kestavyys-olla-yritykselle-koskaan-itseisarvo\/#primaryimage"},"thumbnailUrl":"https:\/\/pellervo.fi\/wp-content\/uploads\/2021\/05\/kestava-talous-hanna.jpg","datePublished":"2021-10-12T06:58:59+00:00","dateModified":"2021-10-12T07:15:03+00:00","breadcrumb":{"@id":"https:\/\/pellervo.fi\/sv\/kestava-talous\/2021\/10\/12\/vaan-rahan-takii-voiko-vastuullisuus-ja-kestavyys-olla-yritykselle-koskaan-itseisarvo\/#breadcrumb"},"inLanguage":"en-US","potentialAction":[{"@type":"ReadAction","target":["https:\/\/pellervo.fi\/sv\/kestava-talous\/2021\/10\/12\/vaan-rahan-takii-voiko-vastuullisuus-ja-kestavyys-olla-yritykselle-koskaan-itseisarvo\/"]}]},{"@type":"ImageObject","inLanguage":"en-US","@id":"https:\/\/pellervo.fi\/sv\/kestava-talous\/2021\/10\/12\/vaan-rahan-takii-voiko-vastuullisuus-ja-kestavyys-olla-yritykselle-koskaan-itseisarvo\/#primaryimage","url":"https:\/\/pellervo.fi\/wp-content\/uploads\/2021\/05\/kestava-talous-hanna.jpg","contentUrl":"https:\/\/pellervo.fi\/wp-content\/uploads\/2021\/05\/kestava-talous-hanna.jpg","width":900,"height":600},{"@type":"BreadcrumbList","@id":"https:\/\/pellervo.fi\/sv\/kestava-talous\/2021\/10\/12\/vaan-rahan-takii-voiko-vastuullisuus-ja-kestavyys-olla-yritykselle-koskaan-itseisarvo\/#breadcrumb","itemListElement":[{"@type":"ListItem","position":1,"name":"Koti","item":"https:\/\/pellervo.fi\/en\/"},{"@type":"ListItem","position":2,"name":"Vaan rahan takii &#8211; voiko vastuullisuus ja kest\u00e4vyys olla yritykselle koskaan itseisarvo?"}]},{"@type":"WebSite","@id":"https:\/\/pellervo.fi\/#website","url":"https:\/\/pellervo.fi\/","name":"Pellervo","description":"Osuuskuntien keskusj\u00e4rjest\u00f6","publisher":{"@id":"https:\/\/pellervo.fi\/#organization"},"potentialAction":[{"@type":"SearchAction","target":{"@type":"EntryPoint","urlTemplate":"https:\/\/pellervo.fi\/?s={search_term_string}"},"query-input":{"@type":"PropertyValueSpecification","valueRequired":true,"valueName":"search_term_string"}}],"inLanguage":"en-US"},{"@type":"Organization","@id":"https:\/\/pellervo.fi\/#organization","name":"Osuustoimintakeskus Pellervo ry","url":"https:\/\/pellervo.fi\/","logo":{"@type":"ImageObject","inLanguage":"en-US","@id":"https:\/\/pellervo.fi\/#\/schema\/logo\/image\/","url":"https:\/\/pellervo.fi\/wp-content\/uploads\/2020\/05\/Pellervo_logo.png","contentUrl":"https:\/\/pellervo.fi\/wp-content\/uploads\/2020\/05\/Pellervo_logo.png","width":1335,"height":376,"caption":"Osuustoimintakeskus Pellervo ry"},"image":{"@id":"https:\/\/pellervo.fi\/#\/schema\/logo\/image\/"},"sameAs":["https:\/\/x.com\/PellervoFi"]},{"@type":"Person","@id":"https:\/\/pellervo.fi\/#\/schema\/person\/f001b7c670bab10e5236b09672d9e6a3","name":"Hanna Muukka","image":{"@type":"ImageObject","inLanguage":"en-US","@id":"https:\/\/pellervo.fi\/wp-content\/uploads\/2014\/02\/Hanna-Muukka_avatar_1393417732-96x96.jpg","url":"https:\/\/pellervo.fi\/wp-content\/uploads\/2014\/02\/Hanna-Muukka_avatar_1393417732-96x96.jpg","contentUrl":"https:\/\/pellervo.fi\/wp-content\/uploads\/2014\/02\/Hanna-Muukka_avatar_1393417732-96x96.jpg","caption":"Hanna Muukka"},"description":"Kirjoittaja ty\u00f6skentelee Osuustoimintakeskus Pellervossa vastuullisuusasiantuntijana.","url":"https:\/\/pellervo.fi\/en\/author\/hannamuu\/"}]}},"_links":{"self":[{"href":"https:\/\/pellervo.fi\/en\/wp-json\/wp\/v2\/posts\/892070","targetHints":{"allow":["GET"]}}],"collection":[{"href":"https:\/\/pellervo.fi\/en\/wp-json\/wp\/v2\/posts"}],"about":[{"href":"https:\/\/pellervo.fi\/en\/wp-json\/wp\/v2\/types\/post"}],"author":[{"embeddable":true,"href":"https:\/\/pellervo.fi\/en\/wp-json\/wp\/v2\/users\/6"}],"replies":[{"embeddable":true,"href":"https:\/\/pellervo.fi\/en\/wp-json\/wp\/v2\/comments?post=892070"}],"version-history":[{"count":3,"href":"https:\/\/pellervo.fi\/en\/wp-json\/wp\/v2\/posts\/892070\/revisions"}],"predecessor-version":[{"id":892078,"href":"https:\/\/pellervo.fi\/en\/wp-json\/wp\/v2\/posts\/892070\/revisions\/892078"}],"wp:featuredmedia":[{"embeddable":true,"href":"https:\/\/pellervo.fi\/en\/wp-json\/wp\/v2\/media\/890869"}],"wp:attachment":[{"href":"https:\/\/pellervo.fi\/en\/wp-json\/wp\/v2\/media?parent=892070"}],"wp:term":[{"taxonomy":"category","embeddable":true,"href":"https:\/\/pellervo.fi\/en\/wp-json\/wp\/v2\/categories?post=892070"},{"taxonomy":"post_tag","embeddable":true,"href":"https:\/\/pellervo.fi\/en\/wp-json\/wp\/v2\/tags?post=892070"}],"curies":[{"name":"wp","href":"https:\/\/api.w.org\/{rel}","templated":true}]}}