{"id":892104,"date":"2021-10-26T09:18:07","date_gmt":"2021-10-26T06:18:07","guid":{"rendered":"https:\/\/pellervo.fi\/?p=892104"},"modified":"2021-10-26T09:19:37","modified_gmt":"2021-10-26T06:19:37","slug":"reilun-kaupan-tiloilla-kehitetaan-ilmastoystavallisempia-viljelytapoja","status":"publish","type":"post","link":"https:\/\/pellervo.fi\/en\/uutiset\/2021\/10\/26\/reilun-kaupan-tiloilla-kehitetaan-ilmastoystavallisempia-viljelytapoja\/","title":{"rendered":"Reilun kaupan tiloilla kehitet\u00e4\u00e4n ilmastoyst\u00e4v\u00e4llisempi\u00e4 viljelytapoja"},"content":{"rendered":"\n<p>Reilu kauppa tunnetaan erityisesti viljelij\u00f6iden ja ty\u00f6ntekij\u00f6iden toimeentulon edist\u00e4misest\u00e4 tuotteen alkul\u00e4hteell\u00e4, viljelypalstoilla ja plantaaseilla. Reilun kaupan viljeilij\u00e4t toimivat nimen omaan osuuskuntien kautta. Viikolla 43 vietett\u00e4v\u00e4 Reilun kaupan viikko pureutuu ilmastonmuutokseen, joka on tehnyt viljelij\u00f6iden arjesta ja toimeentulosta yh\u00e4 ep\u00e4varmempaa.<\/p>\n<p>Kampanjaviikolla tuodaan esille ilmastomuutoksen vaikutuksia viljelyolosuhteisiin, mutta my\u00f6s sit\u00e4, miten Reilun kaupan viljelij\u00e4t ovat omalta osaltaan pystyneet muuttamaan toimintaansa ilmastoyst\u00e4v\u00e4llisemm\u00e4ksi. Pienill\u00e4 teoilla on reilu vaikutus -kampanja n\u00e4ytt\u00e4\u00e4 havahduttavia faktoja ilmastonmuutoksen vaikutuksista kahvin, kaakaon, banaanin, puuvillan ja ruusun viljelyyn. Ilmastonmuutos kurittaa erityisesti pienviljelij\u00f6it\u00e4, joille yhdenkin sadon ep\u00e4onnistuminen voi uhata toimeentuloa. Suurin osa Reilun kaupan tuotteista viljell\u00e4\u00e4n nimenomaan perhe-ja pientiloilla.<\/p>\n<p>\u201cReilu kauppa tekee systemaattista ty\u00f6t\u00e4 sen eteen, ett\u00e4 kauppaj\u00e4rjestelm\u00e4 tukee kest\u00e4v\u00e4\u00e4 kehityst\u00e4\u202fihmiskunnan ja maapallon puolesta. Viljelij\u00e4yhteis\u00f6iss\u00e4 koulutamme tuottajia\u202filmastonmuutokseen sopeutumisessa ja siirtymisess\u00e4 v\u00e4h\u00e4hiiliseen tuotantoon\u201d, Reilu kauppa ry:n toiminnanjohtaja <strong>Janne Sivonen<\/strong> kuvailee.<\/p>\n<p>Esimerkiksi Reilun kaupan koulutusohjelma Latinalaisessa Amerikassa kasvatti kahden ensimm\u00e4isen vuoden aikana banaaninviljelij\u00f6iden satoa l\u00e4hes 30 prosentilla v\u00e4hent\u00e4en samalla maatalouskemikaalien ja veden kulutusta.<\/p>\n<p>Yksi ilmastonmuutokselle herkimmist\u00e4 raaka-aineista on kahvi. Entist\u00e4 l\u00e4mpim\u00e4mm\u00e4t ja kosteammat olosuhteet saavat kahvin kukat putoamaan liian aikaisin ja kasvitaudit yleistym\u00e4\u00e4n. Reilun kaupan tiloilla kahvipensaita on vaihdettu uusiin kest\u00e4v\u00e4mpiin pensaisiin ja osuuskuntia on koulutettu pitk\u00e4j\u00e4nteisimmiksi ja strategisemmiksi. Ty\u00f6n seurauksena tuotanto on kasvanut ja kest\u00e4\u00e4 nyky\u00e4\u00e4n paremmin ilmastonmuutoksen riskej\u00e4.<\/p>\n<p>Osana Reilun kaupan viikkoa vietet\u00e4\u00e4n yhteinen Reilu kahvitauko torstaina 28.10. Tehd\u00e4\u00e4n yhdess\u00e4 Reilun kaupan viikko n\u00e4kyv\u00e4ksi kahvip\u00f6ydiss\u00e4 ja sosiaalisessa mediassa!<\/p>\n<p>Lue lis\u00e4\u00e4: <a href=\"http:\/\/www.reilukauppa.fi\">reilukauppa.fi<\/a><\/p>\n<p>Osallistu somessa: @reilukauppa #reilunkaupanviikko #reilukahvitauko<\/p>\n<p>Osuustoimintakeskus Pellervo on Reilu Kauppa ry:n j\u00e4sen.<\/p>\n","protected":false},"excerpt":{"rendered":"<p>Viikolla 43 vietett\u00e4v\u00e4 Reilun kaupan viikko pureutuu ilmastonmuutokseen, joka on tehnyt viljelij\u00f6iden arjesta ja toimeentulosta yh\u00e4 ep\u00e4varmempaa. Yksi ilmastonmuutokselle herkimmist\u00e4 raaka-aineista on kahvi. Entist\u00e4 l\u00e4mpim\u00e4mm\u00e4t ja kosteammat olosuhteet saavat kahvin kukat putoamaan liian aikaisin ja kasvitaudit yleistym\u00e4\u00e4n. Reilun kaupan tiloilla kahvipensaita on vaihdettu uusiin kest\u00e4v\u00e4mpiin pensaisiin ja osuuskuntia on koulutettu pitk\u00e4j\u00e4nteisimmiksi ja strategisemmiksi. Ty\u00f6n seurauksena tuotanto on kasvanut ja kest\u00e4\u00e4 nyky\u00e4\u00e4n paremmin ilmastonmuutoksen riskej\u00e4.<\/p>\n","protected":false},"author":6,"featured_media":892105,"comment_status":"closed","ping_status":"closed","sticky":false,"template":"","format":"standard","meta":{"inline_featured_image":false,"_monsterinsights_skip_tracking":false,"_monsterinsights_sitenote_active":false,"_monsterinsights_sitenote_note":"","_monsterinsights_sitenote_category":0,"site-sidebar-layout":"default","site-content-layout":"default","ast-site-content-layout":"default","site-content-style":"default","site-sidebar-style":"default","ast-global-header-display":"","ast-banner-title-visibility":"","ast-main-header-display":"","ast-hfb-above-header-display":"","ast-hfb-below-header-display":"","ast-hfb-mobile-header-display":"","site-post-title":"","ast-breadcrumbs-content":"","ast-featured-img":"","footer-sml-layout":"","ast-disable-related-posts":"","theme-transparent-header-meta":"default","adv-header-id-meta":"","stick-header-meta":"","header-above-stick-meta":"","header-main-stick-meta":"","header-below-stick-meta":"","astra-migrate-meta-layouts":"default","ast-page-background-enabled":"default","ast-page-background-meta":{"desktop":{"background-color":"","background-image":"","background-repeat":"repeat","background-position":"center center","background-size":"auto","background-attachment":"scroll","background-type":"","background-media":"","overlay-type":"","overlay-color":"","overlay-opacity":"","overlay-gradient":""},"tablet":{"background-color":"","background-image":"","background-repeat":"repeat","background-position":"center center","background-size":"auto","background-attachment":"scroll","background-type":"","background-media":"","overlay-type":"","overlay-color":"","overlay-opacity":"","overlay-gradient":""},"mobile":{"background-color":"","background-image":"","background-repeat":"repeat","background-position":"center center","background-size":"auto","background-attachment":"scroll","background-type":"","background-media":"","overlay-type":"","overlay-color":"","overlay-opacity":"","overlay-gradient":""}},"ast-content-background-meta":{"desktop":{"background-color":"var(--ast-global-color-5)","background-image":"","background-repeat":"repeat","background-position":"center center","background-size":"auto","background-attachment":"scroll","background-type":"","background-media":"","overlay-type":"","overlay-color":"","overlay-opacity":"","overlay-gradient":""},"tablet":{"background-color":"var(--ast-global-color-5)","background-image":"","background-repeat":"repeat","background-position":"center center","background-size":"auto","background-attachment":"scroll","background-type":"","background-media":"","overlay-type":"","overlay-color":"","overlay-opacity":"","overlay-gradient":""},"mobile":{"background-color":"var(--ast-global-color-5)","background-image":"","background-repeat":"repeat","background-position":"center center","background-size":"auto","background-attachment":"scroll","background-type":"","background-media":"","overlay-type":"","overlay-color":"","overlay-opacity":"","overlay-gradient":""}},"_FSMCFIC_featured_image_caption":"","_FSMCFIC_featured_image_nocaption":"","_FSMCFIC_featured_image_hide":"","footnotes":""},"categories":[22,224],"tags":[],"class_list":["post-892104","post","type-post","status-publish","format-standard","has-post-thumbnail","hentry","category-uutiset","category-vastuullisuus"],"yoast_head":"<!-- This site is optimized with the Yoast SEO plugin v27.5 - https:\/\/yoast.com\/product\/yoast-seo-wordpress\/ -->\n<title>Reilun kaupan tiloilla kehitet\u00e4\u00e4n ilmastoyst\u00e4v\u00e4llisempi\u00e4 viljelytapoja - Pellervo<\/title>\n<meta name=\"robots\" content=\"index, follow, max-snippet:-1, max-image-preview:large, max-video-preview:-1\" \/>\n<link rel=\"canonical\" href=\"https:\/\/pellervo.fi\/uutiset\/2021\/10\/26\/reilun-kaupan-tiloilla-kehitetaan-ilmastoystavallisempia-viljelytapoja\/\" \/>\n<meta property=\"og:locale\" content=\"en_US\" \/>\n<meta property=\"og:type\" content=\"article\" \/>\n<meta property=\"og:title\" content=\"Reilun kaupan tiloilla kehitet\u00e4\u00e4n ilmastoyst\u00e4v\u00e4llisempi\u00e4 viljelytapoja - Pellervo\" \/>\n<meta property=\"og:description\" content=\"Viikolla 43 vietett\u00e4v\u00e4 Reilun kaupan viikko pureutuu ilmastonmuutokseen, joka on tehnyt viljelij\u00f6iden arjesta ja toimeentulosta yh\u00e4 ep\u00e4varmempaa. Yksi ilmastonmuutokselle herkimmist\u00e4 raaka-aineista on kahvi. Entist\u00e4 l\u00e4mpim\u00e4mm\u00e4t ja kosteammat olosuhteet saavat kahvin kukat putoamaan liian aikaisin ja kasvitaudit yleistym\u00e4\u00e4n. Reilun kaupan tiloilla kahvipensaita on vaihdettu uusiin kest\u00e4v\u00e4mpiin pensaisiin ja osuuskuntia on koulutettu pitk\u00e4j\u00e4nteisimmiksi ja strategisemmiksi. Ty\u00f6n seurauksena tuotanto on kasvanut ja kest\u00e4\u00e4 nyky\u00e4\u00e4n paremmin ilmastonmuutoksen riskej\u00e4.\" \/>\n<meta property=\"og:url\" content=\"https:\/\/pellervo.fi\/uutiset\/2021\/10\/26\/reilun-kaupan-tiloilla-kehitetaan-ilmastoystavallisempia-viljelytapoja\/\" \/>\n<meta property=\"og:site_name\" content=\"Pellervo\" \/>\n<meta property=\"article:published_time\" content=\"2021-10-26T06:18:07+00:00\" \/>\n<meta property=\"article:modified_time\" content=\"2021-10-26T06:19:37+00:00\" \/>\n<meta property=\"og:image\" content=\"https:\/\/pellervo.fi\/wp-content\/uploads\/2021\/10\/2021_pienilla-teoilla-on-reilu-vaikutus_1200x640.jpg\" \/>\n\t<meta property=\"og:image:width\" content=\"1200\" \/>\n\t<meta property=\"og:image:height\" content=\"640\" \/>\n\t<meta property=\"og:image:type\" content=\"image\/jpeg\" \/>\n<meta name=\"author\" content=\"Hanna Muukka\" \/>\n<meta name=\"twitter:card\" content=\"summary_large_image\" \/>\n<meta name=\"twitter:creator\" content=\"@PellervoFi\" \/>\n<meta name=\"twitter:site\" content=\"@PellervoFi\" \/>\n<meta name=\"twitter:label1\" content=\"Written by\" \/>\n\t<meta name=\"twitter:data1\" content=\"Hanna Muukka\" \/>\n\t<meta name=\"twitter:label2\" content=\"Est. reading time\" \/>\n\t<meta name=\"twitter:data2\" content=\"2 minutes\" \/>\n<script type=\"application\/ld+json\" class=\"yoast-schema-graph\">{\"@context\":\"https:\\\/\\\/schema.org\",\"@graph\":[{\"@type\":\"Article\",\"@id\":\"https:\\\/\\\/pellervo.fi\\\/uutiset\\\/2021\\\/10\\\/26\\\/reilun-kaupan-tiloilla-kehitetaan-ilmastoystavallisempia-viljelytapoja\\\/#article\",\"isPartOf\":{\"@id\":\"https:\\\/\\\/pellervo.fi\\\/uutiset\\\/2021\\\/10\\\/26\\\/reilun-kaupan-tiloilla-kehitetaan-ilmastoystavallisempia-viljelytapoja\\\/\"},\"author\":{\"name\":\"Hanna Muukka\",\"@id\":\"https:\\\/\\\/pellervo.fi\\\/#\\\/schema\\\/person\\\/f001b7c670bab10e5236b09672d9e6a3\"},\"headline\":\"Reilun kaupan tiloilla kehitet\u00e4\u00e4n ilmastoyst\u00e4v\u00e4llisempi\u00e4 viljelytapoja\",\"datePublished\":\"2021-10-26T06:18:07+00:00\",\"dateModified\":\"2021-10-26T06:19:37+00:00\",\"mainEntityOfPage\":{\"@id\":\"https:\\\/\\\/pellervo.fi\\\/uutiset\\\/2021\\\/10\\\/26\\\/reilun-kaupan-tiloilla-kehitetaan-ilmastoystavallisempia-viljelytapoja\\\/\"},\"wordCount\":288,\"publisher\":{\"@id\":\"https:\\\/\\\/pellervo.fi\\\/#organization\"},\"image\":{\"@id\":\"https:\\\/\\\/pellervo.fi\\\/uutiset\\\/2021\\\/10\\\/26\\\/reilun-kaupan-tiloilla-kehitetaan-ilmastoystavallisempia-viljelytapoja\\\/#primaryimage\"},\"thumbnailUrl\":\"https:\\\/\\\/pellervo.fi\\\/wp-content\\\/uploads\\\/2021\\\/10\\\/2021_pienilla-teoilla-on-reilu-vaikutus_1200x640.jpg\",\"articleSection\":[\"Uutiset\",\"Vastuullisuus\"],\"inLanguage\":\"en-US\"},{\"@type\":\"WebPage\",\"@id\":\"https:\\\/\\\/pellervo.fi\\\/uutiset\\\/2021\\\/10\\\/26\\\/reilun-kaupan-tiloilla-kehitetaan-ilmastoystavallisempia-viljelytapoja\\\/\",\"url\":\"https:\\\/\\\/pellervo.fi\\\/uutiset\\\/2021\\\/10\\\/26\\\/reilun-kaupan-tiloilla-kehitetaan-ilmastoystavallisempia-viljelytapoja\\\/\",\"name\":\"Reilun kaupan tiloilla kehitet\u00e4\u00e4n ilmastoyst\u00e4v\u00e4llisempi\u00e4 viljelytapoja - Pellervo\",\"isPartOf\":{\"@id\":\"https:\\\/\\\/pellervo.fi\\\/#website\"},\"primaryImageOfPage\":{\"@id\":\"https:\\\/\\\/pellervo.fi\\\/uutiset\\\/2021\\\/10\\\/26\\\/reilun-kaupan-tiloilla-kehitetaan-ilmastoystavallisempia-viljelytapoja\\\/#primaryimage\"},\"image\":{\"@id\":\"https:\\\/\\\/pellervo.fi\\\/uutiset\\\/2021\\\/10\\\/26\\\/reilun-kaupan-tiloilla-kehitetaan-ilmastoystavallisempia-viljelytapoja\\\/#primaryimage\"},\"thumbnailUrl\":\"https:\\\/\\\/pellervo.fi\\\/wp-content\\\/uploads\\\/2021\\\/10\\\/2021_pienilla-teoilla-on-reilu-vaikutus_1200x640.jpg\",\"datePublished\":\"2021-10-26T06:18:07+00:00\",\"dateModified\":\"2021-10-26T06:19:37+00:00\",\"breadcrumb\":{\"@id\":\"https:\\\/\\\/pellervo.fi\\\/uutiset\\\/2021\\\/10\\\/26\\\/reilun-kaupan-tiloilla-kehitetaan-ilmastoystavallisempia-viljelytapoja\\\/#breadcrumb\"},\"inLanguage\":\"en-US\",\"potentialAction\":[{\"@type\":\"ReadAction\",\"target\":[\"https:\\\/\\\/pellervo.fi\\\/uutiset\\\/2021\\\/10\\\/26\\\/reilun-kaupan-tiloilla-kehitetaan-ilmastoystavallisempia-viljelytapoja\\\/\"]}]},{\"@type\":\"ImageObject\",\"inLanguage\":\"en-US\",\"@id\":\"https:\\\/\\\/pellervo.fi\\\/uutiset\\\/2021\\\/10\\\/26\\\/reilun-kaupan-tiloilla-kehitetaan-ilmastoystavallisempia-viljelytapoja\\\/#primaryimage\",\"url\":\"https:\\\/\\\/pellervo.fi\\\/wp-content\\\/uploads\\\/2021\\\/10\\\/2021_pienilla-teoilla-on-reilu-vaikutus_1200x640.jpg\",\"contentUrl\":\"https:\\\/\\\/pellervo.fi\\\/wp-content\\\/uploads\\\/2021\\\/10\\\/2021_pienilla-teoilla-on-reilu-vaikutus_1200x640.jpg\",\"width\":1200,\"height\":640,\"caption\":\"Pienill\u00e4 teoilla on reilu vaikutus -teksti vihre\u00e4ll\u00e4 pohjalla\"},{\"@type\":\"BreadcrumbList\",\"@id\":\"https:\\\/\\\/pellervo.fi\\\/uutiset\\\/2021\\\/10\\\/26\\\/reilun-kaupan-tiloilla-kehitetaan-ilmastoystavallisempia-viljelytapoja\\\/#breadcrumb\",\"itemListElement\":[{\"@type\":\"ListItem\",\"position\":1,\"name\":\"Koti\",\"item\":\"https:\\\/\\\/pellervo.fi\\\/en\\\/\"},{\"@type\":\"ListItem\",\"position\":2,\"name\":\"Reilun kaupan tiloilla kehitet\u00e4\u00e4n ilmastoyst\u00e4v\u00e4llisempi\u00e4 viljelytapoja\"}]},{\"@type\":\"WebSite\",\"@id\":\"https:\\\/\\\/pellervo.fi\\\/#website\",\"url\":\"https:\\\/\\\/pellervo.fi\\\/\",\"name\":\"Pellervo\",\"description\":\"Osuuskuntien keskusj\u00e4rjest\u00f6\",\"publisher\":{\"@id\":\"https:\\\/\\\/pellervo.fi\\\/#organization\"},\"potentialAction\":[{\"@type\":\"SearchAction\",\"target\":{\"@type\":\"EntryPoint\",\"urlTemplate\":\"https:\\\/\\\/pellervo.fi\\\/?s={search_term_string}\"},\"query-input\":{\"@type\":\"PropertyValueSpecification\",\"valueRequired\":true,\"valueName\":\"search_term_string\"}}],\"inLanguage\":\"en-US\"},{\"@type\":\"Organization\",\"@id\":\"https:\\\/\\\/pellervo.fi\\\/#organization\",\"name\":\"Osuustoimintakeskus Pellervo ry\",\"url\":\"https:\\\/\\\/pellervo.fi\\\/\",\"logo\":{\"@type\":\"ImageObject\",\"inLanguage\":\"en-US\",\"@id\":\"https:\\\/\\\/pellervo.fi\\\/#\\\/schema\\\/logo\\\/image\\\/\",\"url\":\"https:\\\/\\\/pellervo.fi\\\/wp-content\\\/uploads\\\/2020\\\/05\\\/Pellervo_logo.png\",\"contentUrl\":\"https:\\\/\\\/pellervo.fi\\\/wp-content\\\/uploads\\\/2020\\\/05\\\/Pellervo_logo.png\",\"width\":1335,\"height\":376,\"caption\":\"Osuustoimintakeskus Pellervo ry\"},\"image\":{\"@id\":\"https:\\\/\\\/pellervo.fi\\\/#\\\/schema\\\/logo\\\/image\\\/\"},\"sameAs\":[\"https:\\\/\\\/x.com\\\/PellervoFi\"]},{\"@type\":\"Person\",\"@id\":\"https:\\\/\\\/pellervo.fi\\\/#\\\/schema\\\/person\\\/f001b7c670bab10e5236b09672d9e6a3\",\"name\":\"Hanna Muukka\",\"image\":{\"@type\":\"ImageObject\",\"inLanguage\":\"en-US\",\"@id\":\"https:\\\/\\\/pellervo.fi\\\/wp-content\\\/uploads\\\/2014\\\/02\\\/Hanna-Muukka_avatar_1393417732-96x96.jpg\",\"url\":\"https:\\\/\\\/pellervo.fi\\\/wp-content\\\/uploads\\\/2014\\\/02\\\/Hanna-Muukka_avatar_1393417732-96x96.jpg\",\"contentUrl\":\"https:\\\/\\\/pellervo.fi\\\/wp-content\\\/uploads\\\/2014\\\/02\\\/Hanna-Muukka_avatar_1393417732-96x96.jpg\",\"caption\":\"Hanna Muukka\"},\"description\":\"Kirjoittaja ty\u00f6skentelee Osuustoimintakeskus Pellervossa vastuullisuusasiantuntijana.\",\"url\":\"https:\\\/\\\/pellervo.fi\\\/en\\\/author\\\/hannamuu\\\/\"}]}<\/script>\n<!-- \/ Yoast SEO plugin. -->","yoast_head_json":{"title":"Reilun kaupan tiloilla kehitet\u00e4\u00e4n ilmastoyst\u00e4v\u00e4llisempi\u00e4 viljelytapoja - Pellervo","robots":{"index":"index","follow":"follow","max-snippet":"max-snippet:-1","max-image-preview":"max-image-preview:large","max-video-preview":"max-video-preview:-1"},"canonical":"https:\/\/pellervo.fi\/uutiset\/2021\/10\/26\/reilun-kaupan-tiloilla-kehitetaan-ilmastoystavallisempia-viljelytapoja\/","og_locale":"en_US","og_type":"article","og_title":"Reilun kaupan tiloilla kehitet\u00e4\u00e4n ilmastoyst\u00e4v\u00e4llisempi\u00e4 viljelytapoja - Pellervo","og_description":"Viikolla 43 vietett\u00e4v\u00e4 Reilun kaupan viikko pureutuu ilmastonmuutokseen, joka on tehnyt viljelij\u00f6iden arjesta ja toimeentulosta yh\u00e4 ep\u00e4varmempaa. Yksi ilmastonmuutokselle herkimmist\u00e4 raaka-aineista on kahvi. Entist\u00e4 l\u00e4mpim\u00e4mm\u00e4t ja kosteammat olosuhteet saavat kahvin kukat putoamaan liian aikaisin ja kasvitaudit yleistym\u00e4\u00e4n. Reilun kaupan tiloilla kahvipensaita on vaihdettu uusiin kest\u00e4v\u00e4mpiin pensaisiin ja osuuskuntia on koulutettu pitk\u00e4j\u00e4nteisimmiksi ja strategisemmiksi. Ty\u00f6n seurauksena tuotanto on kasvanut ja kest\u00e4\u00e4 nyky\u00e4\u00e4n paremmin ilmastonmuutoksen riskej\u00e4.","og_url":"https:\/\/pellervo.fi\/uutiset\/2021\/10\/26\/reilun-kaupan-tiloilla-kehitetaan-ilmastoystavallisempia-viljelytapoja\/","og_site_name":"Pellervo","article_published_time":"2021-10-26T06:18:07+00:00","article_modified_time":"2021-10-26T06:19:37+00:00","og_image":[{"width":1200,"height":640,"url":"https:\/\/pellervo.fi\/wp-content\/uploads\/2021\/10\/2021_pienilla-teoilla-on-reilu-vaikutus_1200x640.jpg","type":"image\/jpeg"}],"author":"Hanna Muukka","twitter_card":"summary_large_image","twitter_creator":"@PellervoFi","twitter_site":"@PellervoFi","twitter_misc":{"Written by":"Hanna Muukka","Est. reading time":"2 minutes"},"schema":{"@context":"https:\/\/schema.org","@graph":[{"@type":"Article","@id":"https:\/\/pellervo.fi\/uutiset\/2021\/10\/26\/reilun-kaupan-tiloilla-kehitetaan-ilmastoystavallisempia-viljelytapoja\/#article","isPartOf":{"@id":"https:\/\/pellervo.fi\/uutiset\/2021\/10\/26\/reilun-kaupan-tiloilla-kehitetaan-ilmastoystavallisempia-viljelytapoja\/"},"author":{"name":"Hanna Muukka","@id":"https:\/\/pellervo.fi\/#\/schema\/person\/f001b7c670bab10e5236b09672d9e6a3"},"headline":"Reilun kaupan tiloilla kehitet\u00e4\u00e4n ilmastoyst\u00e4v\u00e4llisempi\u00e4 viljelytapoja","datePublished":"2021-10-26T06:18:07+00:00","dateModified":"2021-10-26T06:19:37+00:00","mainEntityOfPage":{"@id":"https:\/\/pellervo.fi\/uutiset\/2021\/10\/26\/reilun-kaupan-tiloilla-kehitetaan-ilmastoystavallisempia-viljelytapoja\/"},"wordCount":288,"publisher":{"@id":"https:\/\/pellervo.fi\/#organization"},"image":{"@id":"https:\/\/pellervo.fi\/uutiset\/2021\/10\/26\/reilun-kaupan-tiloilla-kehitetaan-ilmastoystavallisempia-viljelytapoja\/#primaryimage"},"thumbnailUrl":"https:\/\/pellervo.fi\/wp-content\/uploads\/2021\/10\/2021_pienilla-teoilla-on-reilu-vaikutus_1200x640.jpg","articleSection":["Uutiset","Vastuullisuus"],"inLanguage":"en-US"},{"@type":"WebPage","@id":"https:\/\/pellervo.fi\/uutiset\/2021\/10\/26\/reilun-kaupan-tiloilla-kehitetaan-ilmastoystavallisempia-viljelytapoja\/","url":"https:\/\/pellervo.fi\/uutiset\/2021\/10\/26\/reilun-kaupan-tiloilla-kehitetaan-ilmastoystavallisempia-viljelytapoja\/","name":"Reilun kaupan tiloilla kehitet\u00e4\u00e4n ilmastoyst\u00e4v\u00e4llisempi\u00e4 viljelytapoja - Pellervo","isPartOf":{"@id":"https:\/\/pellervo.fi\/#website"},"primaryImageOfPage":{"@id":"https:\/\/pellervo.fi\/uutiset\/2021\/10\/26\/reilun-kaupan-tiloilla-kehitetaan-ilmastoystavallisempia-viljelytapoja\/#primaryimage"},"image":{"@id":"https:\/\/pellervo.fi\/uutiset\/2021\/10\/26\/reilun-kaupan-tiloilla-kehitetaan-ilmastoystavallisempia-viljelytapoja\/#primaryimage"},"thumbnailUrl":"https:\/\/pellervo.fi\/wp-content\/uploads\/2021\/10\/2021_pienilla-teoilla-on-reilu-vaikutus_1200x640.jpg","datePublished":"2021-10-26T06:18:07+00:00","dateModified":"2021-10-26T06:19:37+00:00","breadcrumb":{"@id":"https:\/\/pellervo.fi\/uutiset\/2021\/10\/26\/reilun-kaupan-tiloilla-kehitetaan-ilmastoystavallisempia-viljelytapoja\/#breadcrumb"},"inLanguage":"en-US","potentialAction":[{"@type":"ReadAction","target":["https:\/\/pellervo.fi\/uutiset\/2021\/10\/26\/reilun-kaupan-tiloilla-kehitetaan-ilmastoystavallisempia-viljelytapoja\/"]}]},{"@type":"ImageObject","inLanguage":"en-US","@id":"https:\/\/pellervo.fi\/uutiset\/2021\/10\/26\/reilun-kaupan-tiloilla-kehitetaan-ilmastoystavallisempia-viljelytapoja\/#primaryimage","url":"https:\/\/pellervo.fi\/wp-content\/uploads\/2021\/10\/2021_pienilla-teoilla-on-reilu-vaikutus_1200x640.jpg","contentUrl":"https:\/\/pellervo.fi\/wp-content\/uploads\/2021\/10\/2021_pienilla-teoilla-on-reilu-vaikutus_1200x640.jpg","width":1200,"height":640,"caption":"Pienill\u00e4 teoilla on reilu vaikutus -teksti vihre\u00e4ll\u00e4 pohjalla"},{"@type":"BreadcrumbList","@id":"https:\/\/pellervo.fi\/uutiset\/2021\/10\/26\/reilun-kaupan-tiloilla-kehitetaan-ilmastoystavallisempia-viljelytapoja\/#breadcrumb","itemListElement":[{"@type":"ListItem","position":1,"name":"Koti","item":"https:\/\/pellervo.fi\/en\/"},{"@type":"ListItem","position":2,"name":"Reilun kaupan tiloilla kehitet\u00e4\u00e4n ilmastoyst\u00e4v\u00e4llisempi\u00e4 viljelytapoja"}]},{"@type":"WebSite","@id":"https:\/\/pellervo.fi\/#website","url":"https:\/\/pellervo.fi\/","name":"Pellervo","description":"Osuuskuntien keskusj\u00e4rjest\u00f6","publisher":{"@id":"https:\/\/pellervo.fi\/#organization"},"potentialAction":[{"@type":"SearchAction","target":{"@type":"EntryPoint","urlTemplate":"https:\/\/pellervo.fi\/?s={search_term_string}"},"query-input":{"@type":"PropertyValueSpecification","valueRequired":true,"valueName":"search_term_string"}}],"inLanguage":"en-US"},{"@type":"Organization","@id":"https:\/\/pellervo.fi\/#organization","name":"Osuustoimintakeskus Pellervo ry","url":"https:\/\/pellervo.fi\/","logo":{"@type":"ImageObject","inLanguage":"en-US","@id":"https:\/\/pellervo.fi\/#\/schema\/logo\/image\/","url":"https:\/\/pellervo.fi\/wp-content\/uploads\/2020\/05\/Pellervo_logo.png","contentUrl":"https:\/\/pellervo.fi\/wp-content\/uploads\/2020\/05\/Pellervo_logo.png","width":1335,"height":376,"caption":"Osuustoimintakeskus Pellervo ry"},"image":{"@id":"https:\/\/pellervo.fi\/#\/schema\/logo\/image\/"},"sameAs":["https:\/\/x.com\/PellervoFi"]},{"@type":"Person","@id":"https:\/\/pellervo.fi\/#\/schema\/person\/f001b7c670bab10e5236b09672d9e6a3","name":"Hanna Muukka","image":{"@type":"ImageObject","inLanguage":"en-US","@id":"https:\/\/pellervo.fi\/wp-content\/uploads\/2014\/02\/Hanna-Muukka_avatar_1393417732-96x96.jpg","url":"https:\/\/pellervo.fi\/wp-content\/uploads\/2014\/02\/Hanna-Muukka_avatar_1393417732-96x96.jpg","contentUrl":"https:\/\/pellervo.fi\/wp-content\/uploads\/2014\/02\/Hanna-Muukka_avatar_1393417732-96x96.jpg","caption":"Hanna Muukka"},"description":"Kirjoittaja ty\u00f6skentelee Osuustoimintakeskus Pellervossa vastuullisuusasiantuntijana.","url":"https:\/\/pellervo.fi\/en\/author\/hannamuu\/"}]}},"_links":{"self":[{"href":"https:\/\/pellervo.fi\/en\/wp-json\/wp\/v2\/posts\/892104","targetHints":{"allow":["GET"]}}],"collection":[{"href":"https:\/\/pellervo.fi\/en\/wp-json\/wp\/v2\/posts"}],"about":[{"href":"https:\/\/pellervo.fi\/en\/wp-json\/wp\/v2\/types\/post"}],"author":[{"embeddable":true,"href":"https:\/\/pellervo.fi\/en\/wp-json\/wp\/v2\/users\/6"}],"replies":[{"embeddable":true,"href":"https:\/\/pellervo.fi\/en\/wp-json\/wp\/v2\/comments?post=892104"}],"version-history":[{"count":2,"href":"https:\/\/pellervo.fi\/en\/wp-json\/wp\/v2\/posts\/892104\/revisions"}],"predecessor-version":[{"id":892109,"href":"https:\/\/pellervo.fi\/en\/wp-json\/wp\/v2\/posts\/892104\/revisions\/892109"}],"wp:featuredmedia":[{"embeddable":true,"href":"https:\/\/pellervo.fi\/en\/wp-json\/wp\/v2\/media\/892105"}],"wp:attachment":[{"href":"https:\/\/pellervo.fi\/en\/wp-json\/wp\/v2\/media?parent=892104"}],"wp:term":[{"taxonomy":"category","embeddable":true,"href":"https:\/\/pellervo.fi\/en\/wp-json\/wp\/v2\/categories?post=892104"},{"taxonomy":"post_tag","embeddable":true,"href":"https:\/\/pellervo.fi\/en\/wp-json\/wp\/v2\/tags?post=892104"}],"curies":[{"name":"wp","href":"https:\/\/api.w.org\/{rel}","templated":true}]}}