{"id":892479,"date":"2021-12-23T08:23:54","date_gmt":"2021-12-23T06:23:54","guid":{"rendered":"https:\/\/pellervo.fi\/?p=892479"},"modified":"2021-12-23T08:23:55","modified_gmt":"2021-12-23T06:23:55","slug":"osuuskunta-lumimuutos-sai-suomen-luonnonsuojeluliiton-ymparistopalkinnon-2021","status":"publish","type":"post","link":"https:\/\/pellervo.fi\/en\/vastuullisuus\/2021\/12\/23\/osuuskunta-lumimuutos-sai-suomen-luonnonsuojeluliiton-ymparistopalkinnon-2021\/","title":{"rendered":"Osuuskunta Lumimuutos sai Suomen luonnonsuojeluliiton ymp\u00e4rist\u00f6palkinnon 2021"},"content":{"rendered":"\n<p><em>Suomen luonnonsuojeluliitto jakoi vuotuiset tunnustuspalkintonsa joulun alla. Palkinnot meniv\u00e4t ansioituneille luonnonsuojelijoille Pohjois-Karjalaan, Lappiin ja Pirkanmaalle. Liitto valitsi my\u00f6s vuoden paikallisyhdistyksen ja vapaaehtoisen sek\u00e4 jakoi mitaleja.<\/em><\/p>\n<p>Suomen luonnonsuojeluliiton ymp\u00e4rist\u00f6palkinnon vuonna 2021 saivat pohjoiskarjalainen Lumimuutos ja sen perustajat <strong>Kaisu <\/strong>ja <strong>Tero Mustonen<\/strong>. Osuuskunta Lumimuutoksen ty\u00f6n ytimess\u00e4 ovat luontaistalouksien harjoittaminen ja luonnonelinymp\u00e4rist\u00f6jen ennallistus. Ennallistuskohteita on yli 50, ja niiden vaikutusalue on jopa 31 000 hehtaaria. Kansainv\u00e4lisesti Lumimuutos tunnetaan arktisesta tutkimusty\u00f6st\u00e4\u00e4n. Alkuper\u00e4iskansojen oikeuksien puolustaminen vie heid\u00e4t Suomen saamelaisten parista aina Australian aboriginaalien ja Uuden-Seelannin maoreiden luokse.<\/p>\n<p>\u201cOlemme ehk\u00e4 maailmalla tunnetumpi j\u00e4rjest\u00f6 kuin kotimaassa. T\u00e4m\u00e4 palkinto merkitsee meille paljon, koska olemme kyl\u00e4pohjainen osuuskunta, ja t\u00e4m\u00e4nkaltainen kansallinen huomio on j\u00e4rjest\u00f6n huippuhetki\u00e4. On hienoa, kun l\u00f6ytyy leikkauspiste uudentyyppisen luontotoimintamme ja perinteisen luonnonsuojeluty\u00f6n v\u00e4lill\u00e4\u201d, Tero Mustonen kertoo.<\/p>\n<p>Perinteik\u00e4s Ymp\u00e4rist\u00f6palkinto jaettiin ensimm\u00e4isen kerran yli 40 vuotta sitten. Vuonna 2021 palkinnot jaettiin ensimm\u00e4ist\u00e4 kertaa virtuaalisessa tilaisuudessa pandemiasta johtuen. Suomen luonnonsuojeluliiton palkinnot ovat tunnustuksia, eik\u00e4 niihin liity rahapalkintoa.<\/p>\n","protected":false},"excerpt":{"rendered":"<p>Osuuskunta Lumimuutoksen ty\u00f6n ytimess\u00e4 ovat luontaistalouksien harjoittaminen ja luonnonelinymp\u00e4rist\u00f6jen ennallistus. Ennallistuskohteita on yli 50, ja niiden vaikutusalue on jopa 31 000 hehtaaria. Kansainv\u00e4lisesti Lumimuutos tunnetaan arktisesta tutkimusty\u00f6st\u00e4\u00e4n. Alkuper\u00e4iskansojen oikeuksien puolustaminen vie heid\u00e4t Suomen saamelaisten parista aina Australian aboriginaalien ja Uuden-Seelannin maoreiden luokse.<\/p>\n","protected":false},"author":6,"featured_media":892480,"comment_status":"closed","ping_status":"closed","sticky":false,"template":"","format":"standard","meta":{"inline_featured_image":false,"_monsterinsights_skip_tracking":false,"_monsterinsights_sitenote_active":false,"_monsterinsights_sitenote_note":"","_monsterinsights_sitenote_category":0,"site-sidebar-layout":"default","site-content-layout":"default","ast-site-content-layout":"default","site-content-style":"default","site-sidebar-style":"default","ast-global-header-display":"","ast-banner-title-visibility":"","ast-main-header-display":"","ast-hfb-above-header-display":"","ast-hfb-below-header-display":"","ast-hfb-mobile-header-display":"","site-post-title":"","ast-breadcrumbs-content":"","ast-featured-img":"","footer-sml-layout":"","ast-disable-related-posts":"","theme-transparent-header-meta":"default","adv-header-id-meta":"","stick-header-meta":"","header-above-stick-meta":"","header-main-stick-meta":"","header-below-stick-meta":"","astra-migrate-meta-layouts":"default","ast-page-background-enabled":"default","ast-page-background-meta":{"desktop":{"background-color":"","background-image":"","background-repeat":"repeat","background-position":"center center","background-size":"auto","background-attachment":"scroll","background-type":"","background-media":"","overlay-type":"","overlay-color":"","overlay-opacity":"","overlay-gradient":""},"tablet":{"background-color":"","background-image":"","background-repeat":"repeat","background-position":"center center","background-size":"auto","background-attachment":"scroll","background-type":"","background-media":"","overlay-type":"","overlay-color":"","overlay-opacity":"","overlay-gradient":""},"mobile":{"background-color":"","background-image":"","background-repeat":"repeat","background-position":"center center","background-size":"auto","background-attachment":"scroll","background-type":"","background-media":"","overlay-type":"","overlay-color":"","overlay-opacity":"","overlay-gradient":""}},"ast-content-background-meta":{"desktop":{"background-color":"var(--ast-global-color-5)","background-image":"","background-repeat":"repeat","background-position":"center center","background-size":"auto","background-attachment":"scroll","background-type":"","background-media":"","overlay-type":"","overlay-color":"","overlay-opacity":"","overlay-gradient":""},"tablet":{"background-color":"var(--ast-global-color-5)","background-image":"","background-repeat":"repeat","background-position":"center center","background-size":"auto","background-attachment":"scroll","background-type":"","background-media":"","overlay-type":"","overlay-color":"","overlay-opacity":"","overlay-gradient":""},"mobile":{"background-color":"var(--ast-global-color-5)","background-image":"","background-repeat":"repeat","background-position":"center center","background-size":"auto","background-attachment":"scroll","background-type":"","background-media":"","overlay-type":"","overlay-color":"","overlay-opacity":"","overlay-gradient":""}},"_FSMCFIC_featured_image_caption":"","_FSMCFIC_featured_image_nocaption":"","_FSMCFIC_featured_image_hide":"","footnotes":""},"categories":[224],"tags":[],"class_list":["post-892479","post","type-post","status-publish","format-standard","has-post-thumbnail","hentry","category-vastuullisuus"],"yoast_head":"<!-- This site is optimized with the Yoast SEO plugin v27.5 - https:\/\/yoast.com\/product\/yoast-seo-wordpress\/ -->\n<title>Osuuskunta Lumimuutos sai Suomen luonnonsuojeluliiton ymp\u00e4rist\u00f6palkinnon 2021 - Pellervo<\/title>\n<meta name=\"robots\" content=\"index, follow, max-snippet:-1, max-image-preview:large, max-video-preview:-1\" \/>\n<link rel=\"canonical\" href=\"https:\/\/pellervo.fi\/vastuullisuus\/2021\/12\/23\/osuuskunta-lumimuutos-sai-suomen-luonnonsuojeluliiton-ymparistopalkinnon-2021\/\" \/>\n<meta property=\"og:locale\" content=\"en_US\" \/>\n<meta property=\"og:type\" content=\"article\" \/>\n<meta property=\"og:title\" content=\"Osuuskunta Lumimuutos sai Suomen luonnonsuojeluliiton ymp\u00e4rist\u00f6palkinnon 2021 - Pellervo\" \/>\n<meta property=\"og:description\" content=\"Osuuskunta Lumimuutoksen ty\u00f6n ytimess\u00e4 ovat luontaistalouksien harjoittaminen ja luonnonelinymp\u00e4rist\u00f6jen ennallistus. Ennallistuskohteita on yli 50, ja niiden vaikutusalue on jopa 31 000 hehtaaria. Kansainv\u00e4lisesti Lumimuutos tunnetaan arktisesta tutkimusty\u00f6st\u00e4\u00e4n. Alkuper\u00e4iskansojen oikeuksien puolustaminen vie heid\u00e4t Suomen saamelaisten parista aina Australian aboriginaalien ja Uuden-Seelannin maoreiden luokse.\" \/>\n<meta property=\"og:url\" content=\"https:\/\/pellervo.fi\/vastuullisuus\/2021\/12\/23\/osuuskunta-lumimuutos-sai-suomen-luonnonsuojeluliiton-ymparistopalkinnon-2021\/\" \/>\n<meta property=\"og:site_name\" content=\"Pellervo\" \/>\n<meta property=\"article:published_time\" content=\"2021-12-23T06:23:54+00:00\" \/>\n<meta property=\"article:modified_time\" content=\"2021-12-23T06:23:55+00:00\" \/>\n<meta property=\"og:image\" content=\"https:\/\/pellervo.fi\/wp-content\/uploads\/2021\/12\/tero-ja-kaisu-mustonen-scaled.jpg\" \/>\n\t<meta property=\"og:image:width\" content=\"2560\" \/>\n\t<meta property=\"og:image:height\" content=\"1542\" \/>\n\t<meta property=\"og:image:type\" content=\"image\/jpeg\" \/>\n<meta name=\"author\" content=\"Hanna Muukka\" \/>\n<meta name=\"twitter:card\" content=\"summary_large_image\" \/>\n<meta name=\"twitter:creator\" content=\"@PellervoFi\" \/>\n<meta name=\"twitter:site\" content=\"@PellervoFi\" \/>\n<meta name=\"twitter:label1\" content=\"Written by\" \/>\n\t<meta name=\"twitter:data1\" content=\"Hanna Muukka\" \/>\n\t<meta name=\"twitter:label2\" content=\"Est. reading time\" \/>\n\t<meta name=\"twitter:data2\" content=\"1 minute\" \/>\n<script type=\"application\/ld+json\" class=\"yoast-schema-graph\">{\"@context\":\"https:\\\/\\\/schema.org\",\"@graph\":[{\"@type\":\"Article\",\"@id\":\"https:\\\/\\\/pellervo.fi\\\/vastuullisuus\\\/2021\\\/12\\\/23\\\/osuuskunta-lumimuutos-sai-suomen-luonnonsuojeluliiton-ymparistopalkinnon-2021\\\/#article\",\"isPartOf\":{\"@id\":\"https:\\\/\\\/pellervo.fi\\\/vastuullisuus\\\/2021\\\/12\\\/23\\\/osuuskunta-lumimuutos-sai-suomen-luonnonsuojeluliiton-ymparistopalkinnon-2021\\\/\"},\"author\":{\"name\":\"Hanna Muukka\",\"@id\":\"https:\\\/\\\/pellervo.fi\\\/#\\\/schema\\\/person\\\/f001b7c670bab10e5236b09672d9e6a3\"},\"headline\":\"Osuuskunta Lumimuutos sai Suomen luonnonsuojeluliiton ymp\u00e4rist\u00f6palkinnon 2021\",\"datePublished\":\"2021-12-23T06:23:54+00:00\",\"dateModified\":\"2021-12-23T06:23:55+00:00\",\"mainEntityOfPage\":{\"@id\":\"https:\\\/\\\/pellervo.fi\\\/vastuullisuus\\\/2021\\\/12\\\/23\\\/osuuskunta-lumimuutos-sai-suomen-luonnonsuojeluliiton-ymparistopalkinnon-2021\\\/\"},\"wordCount\":176,\"publisher\":{\"@id\":\"https:\\\/\\\/pellervo.fi\\\/#organization\"},\"image\":{\"@id\":\"https:\\\/\\\/pellervo.fi\\\/vastuullisuus\\\/2021\\\/12\\\/23\\\/osuuskunta-lumimuutos-sai-suomen-luonnonsuojeluliiton-ymparistopalkinnon-2021\\\/#primaryimage\"},\"thumbnailUrl\":\"https:\\\/\\\/pellervo.fi\\\/wp-content\\\/uploads\\\/2021\\\/12\\\/tero-ja-kaisu-mustonen-scaled.jpg\",\"articleSection\":[\"Vastuullisuus\"],\"inLanguage\":\"en-US\"},{\"@type\":\"WebPage\",\"@id\":\"https:\\\/\\\/pellervo.fi\\\/vastuullisuus\\\/2021\\\/12\\\/23\\\/osuuskunta-lumimuutos-sai-suomen-luonnonsuojeluliiton-ymparistopalkinnon-2021\\\/\",\"url\":\"https:\\\/\\\/pellervo.fi\\\/vastuullisuus\\\/2021\\\/12\\\/23\\\/osuuskunta-lumimuutos-sai-suomen-luonnonsuojeluliiton-ymparistopalkinnon-2021\\\/\",\"name\":\"Osuuskunta Lumimuutos sai Suomen luonnonsuojeluliiton ymp\u00e4rist\u00f6palkinnon 2021 - Pellervo\",\"isPartOf\":{\"@id\":\"https:\\\/\\\/pellervo.fi\\\/#website\"},\"primaryImageOfPage\":{\"@id\":\"https:\\\/\\\/pellervo.fi\\\/vastuullisuus\\\/2021\\\/12\\\/23\\\/osuuskunta-lumimuutos-sai-suomen-luonnonsuojeluliiton-ymparistopalkinnon-2021\\\/#primaryimage\"},\"image\":{\"@id\":\"https:\\\/\\\/pellervo.fi\\\/vastuullisuus\\\/2021\\\/12\\\/23\\\/osuuskunta-lumimuutos-sai-suomen-luonnonsuojeluliiton-ymparistopalkinnon-2021\\\/#primaryimage\"},\"thumbnailUrl\":\"https:\\\/\\\/pellervo.fi\\\/wp-content\\\/uploads\\\/2021\\\/12\\\/tero-ja-kaisu-mustonen-scaled.jpg\",\"datePublished\":\"2021-12-23T06:23:54+00:00\",\"dateModified\":\"2021-12-23T06:23:55+00:00\",\"breadcrumb\":{\"@id\":\"https:\\\/\\\/pellervo.fi\\\/vastuullisuus\\\/2021\\\/12\\\/23\\\/osuuskunta-lumimuutos-sai-suomen-luonnonsuojeluliiton-ymparistopalkinnon-2021\\\/#breadcrumb\"},\"inLanguage\":\"en-US\",\"potentialAction\":[{\"@type\":\"ReadAction\",\"target\":[\"https:\\\/\\\/pellervo.fi\\\/vastuullisuus\\\/2021\\\/12\\\/23\\\/osuuskunta-lumimuutos-sai-suomen-luonnonsuojeluliiton-ymparistopalkinnon-2021\\\/\"]}]},{\"@type\":\"ImageObject\",\"inLanguage\":\"en-US\",\"@id\":\"https:\\\/\\\/pellervo.fi\\\/vastuullisuus\\\/2021\\\/12\\\/23\\\/osuuskunta-lumimuutos-sai-suomen-luonnonsuojeluliiton-ymparistopalkinnon-2021\\\/#primaryimage\",\"url\":\"https:\\\/\\\/pellervo.fi\\\/wp-content\\\/uploads\\\/2021\\\/12\\\/tero-ja-kaisu-mustonen-scaled.jpg\",\"contentUrl\":\"https:\\\/\\\/pellervo.fi\\\/wp-content\\\/uploads\\\/2021\\\/12\\\/tero-ja-kaisu-mustonen-scaled.jpg\",\"width\":2560,\"height\":1542,\"caption\":\"Tero ja Kaisu Mustonen Osuuskunta Lumimuutoksesta\"},{\"@type\":\"BreadcrumbList\",\"@id\":\"https:\\\/\\\/pellervo.fi\\\/vastuullisuus\\\/2021\\\/12\\\/23\\\/osuuskunta-lumimuutos-sai-suomen-luonnonsuojeluliiton-ymparistopalkinnon-2021\\\/#breadcrumb\",\"itemListElement\":[{\"@type\":\"ListItem\",\"position\":1,\"name\":\"Koti\",\"item\":\"https:\\\/\\\/pellervo.fi\\\/en\\\/\"},{\"@type\":\"ListItem\",\"position\":2,\"name\":\"Osuuskunta Lumimuutos sai Suomen luonnonsuojeluliiton ymp\u00e4rist\u00f6palkinnon 2021\"}]},{\"@type\":\"WebSite\",\"@id\":\"https:\\\/\\\/pellervo.fi\\\/#website\",\"url\":\"https:\\\/\\\/pellervo.fi\\\/\",\"name\":\"Pellervo\",\"description\":\"Osuuskuntien keskusj\u00e4rjest\u00f6\",\"publisher\":{\"@id\":\"https:\\\/\\\/pellervo.fi\\\/#organization\"},\"potentialAction\":[{\"@type\":\"SearchAction\",\"target\":{\"@type\":\"EntryPoint\",\"urlTemplate\":\"https:\\\/\\\/pellervo.fi\\\/?s={search_term_string}\"},\"query-input\":{\"@type\":\"PropertyValueSpecification\",\"valueRequired\":true,\"valueName\":\"search_term_string\"}}],\"inLanguage\":\"en-US\"},{\"@type\":\"Organization\",\"@id\":\"https:\\\/\\\/pellervo.fi\\\/#organization\",\"name\":\"Osuustoimintakeskus Pellervo ry\",\"url\":\"https:\\\/\\\/pellervo.fi\\\/\",\"logo\":{\"@type\":\"ImageObject\",\"inLanguage\":\"en-US\",\"@id\":\"https:\\\/\\\/pellervo.fi\\\/#\\\/schema\\\/logo\\\/image\\\/\",\"url\":\"https:\\\/\\\/pellervo.fi\\\/wp-content\\\/uploads\\\/2020\\\/05\\\/Pellervo_logo.png\",\"contentUrl\":\"https:\\\/\\\/pellervo.fi\\\/wp-content\\\/uploads\\\/2020\\\/05\\\/Pellervo_logo.png\",\"width\":1335,\"height\":376,\"caption\":\"Osuustoimintakeskus Pellervo ry\"},\"image\":{\"@id\":\"https:\\\/\\\/pellervo.fi\\\/#\\\/schema\\\/logo\\\/image\\\/\"},\"sameAs\":[\"https:\\\/\\\/x.com\\\/PellervoFi\"]},{\"@type\":\"Person\",\"@id\":\"https:\\\/\\\/pellervo.fi\\\/#\\\/schema\\\/person\\\/f001b7c670bab10e5236b09672d9e6a3\",\"name\":\"Hanna Muukka\",\"image\":{\"@type\":\"ImageObject\",\"inLanguage\":\"en-US\",\"@id\":\"https:\\\/\\\/pellervo.fi\\\/wp-content\\\/uploads\\\/2014\\\/02\\\/Hanna-Muukka_avatar_1393417732-96x96.jpg\",\"url\":\"https:\\\/\\\/pellervo.fi\\\/wp-content\\\/uploads\\\/2014\\\/02\\\/Hanna-Muukka_avatar_1393417732-96x96.jpg\",\"contentUrl\":\"https:\\\/\\\/pellervo.fi\\\/wp-content\\\/uploads\\\/2014\\\/02\\\/Hanna-Muukka_avatar_1393417732-96x96.jpg\",\"caption\":\"Hanna Muukka\"},\"description\":\"Kirjoittaja ty\u00f6skentelee Osuustoimintakeskus Pellervossa vastuullisuusasiantuntijana.\",\"url\":\"https:\\\/\\\/pellervo.fi\\\/en\\\/author\\\/hannamuu\\\/\"}]}<\/script>\n<!-- \/ Yoast SEO plugin. -->","yoast_head_json":{"title":"Osuuskunta Lumimuutos sai Suomen luonnonsuojeluliiton ymp\u00e4rist\u00f6palkinnon 2021 - Pellervo","robots":{"index":"index","follow":"follow","max-snippet":"max-snippet:-1","max-image-preview":"max-image-preview:large","max-video-preview":"max-video-preview:-1"},"canonical":"https:\/\/pellervo.fi\/vastuullisuus\/2021\/12\/23\/osuuskunta-lumimuutos-sai-suomen-luonnonsuojeluliiton-ymparistopalkinnon-2021\/","og_locale":"en_US","og_type":"article","og_title":"Osuuskunta Lumimuutos sai Suomen luonnonsuojeluliiton ymp\u00e4rist\u00f6palkinnon 2021 - Pellervo","og_description":"Osuuskunta Lumimuutoksen ty\u00f6n ytimess\u00e4 ovat luontaistalouksien harjoittaminen ja luonnonelinymp\u00e4rist\u00f6jen ennallistus. Ennallistuskohteita on yli 50, ja niiden vaikutusalue on jopa 31 000 hehtaaria. Kansainv\u00e4lisesti Lumimuutos tunnetaan arktisesta tutkimusty\u00f6st\u00e4\u00e4n. Alkuper\u00e4iskansojen oikeuksien puolustaminen vie heid\u00e4t Suomen saamelaisten parista aina Australian aboriginaalien ja Uuden-Seelannin maoreiden luokse.","og_url":"https:\/\/pellervo.fi\/vastuullisuus\/2021\/12\/23\/osuuskunta-lumimuutos-sai-suomen-luonnonsuojeluliiton-ymparistopalkinnon-2021\/","og_site_name":"Pellervo","article_published_time":"2021-12-23T06:23:54+00:00","article_modified_time":"2021-12-23T06:23:55+00:00","og_image":[{"width":2560,"height":1542,"url":"https:\/\/pellervo.fi\/wp-content\/uploads\/2021\/12\/tero-ja-kaisu-mustonen-scaled.jpg","type":"image\/jpeg"}],"author":"Hanna Muukka","twitter_card":"summary_large_image","twitter_creator":"@PellervoFi","twitter_site":"@PellervoFi","twitter_misc":{"Written by":"Hanna Muukka","Est. reading time":"1 minute"},"schema":{"@context":"https:\/\/schema.org","@graph":[{"@type":"Article","@id":"https:\/\/pellervo.fi\/vastuullisuus\/2021\/12\/23\/osuuskunta-lumimuutos-sai-suomen-luonnonsuojeluliiton-ymparistopalkinnon-2021\/#article","isPartOf":{"@id":"https:\/\/pellervo.fi\/vastuullisuus\/2021\/12\/23\/osuuskunta-lumimuutos-sai-suomen-luonnonsuojeluliiton-ymparistopalkinnon-2021\/"},"author":{"name":"Hanna Muukka","@id":"https:\/\/pellervo.fi\/#\/schema\/person\/f001b7c670bab10e5236b09672d9e6a3"},"headline":"Osuuskunta Lumimuutos sai Suomen luonnonsuojeluliiton ymp\u00e4rist\u00f6palkinnon 2021","datePublished":"2021-12-23T06:23:54+00:00","dateModified":"2021-12-23T06:23:55+00:00","mainEntityOfPage":{"@id":"https:\/\/pellervo.fi\/vastuullisuus\/2021\/12\/23\/osuuskunta-lumimuutos-sai-suomen-luonnonsuojeluliiton-ymparistopalkinnon-2021\/"},"wordCount":176,"publisher":{"@id":"https:\/\/pellervo.fi\/#organization"},"image":{"@id":"https:\/\/pellervo.fi\/vastuullisuus\/2021\/12\/23\/osuuskunta-lumimuutos-sai-suomen-luonnonsuojeluliiton-ymparistopalkinnon-2021\/#primaryimage"},"thumbnailUrl":"https:\/\/pellervo.fi\/wp-content\/uploads\/2021\/12\/tero-ja-kaisu-mustonen-scaled.jpg","articleSection":["Vastuullisuus"],"inLanguage":"en-US"},{"@type":"WebPage","@id":"https:\/\/pellervo.fi\/vastuullisuus\/2021\/12\/23\/osuuskunta-lumimuutos-sai-suomen-luonnonsuojeluliiton-ymparistopalkinnon-2021\/","url":"https:\/\/pellervo.fi\/vastuullisuus\/2021\/12\/23\/osuuskunta-lumimuutos-sai-suomen-luonnonsuojeluliiton-ymparistopalkinnon-2021\/","name":"Osuuskunta Lumimuutos sai Suomen luonnonsuojeluliiton ymp\u00e4rist\u00f6palkinnon 2021 - Pellervo","isPartOf":{"@id":"https:\/\/pellervo.fi\/#website"},"primaryImageOfPage":{"@id":"https:\/\/pellervo.fi\/vastuullisuus\/2021\/12\/23\/osuuskunta-lumimuutos-sai-suomen-luonnonsuojeluliiton-ymparistopalkinnon-2021\/#primaryimage"},"image":{"@id":"https:\/\/pellervo.fi\/vastuullisuus\/2021\/12\/23\/osuuskunta-lumimuutos-sai-suomen-luonnonsuojeluliiton-ymparistopalkinnon-2021\/#primaryimage"},"thumbnailUrl":"https:\/\/pellervo.fi\/wp-content\/uploads\/2021\/12\/tero-ja-kaisu-mustonen-scaled.jpg","datePublished":"2021-12-23T06:23:54+00:00","dateModified":"2021-12-23T06:23:55+00:00","breadcrumb":{"@id":"https:\/\/pellervo.fi\/vastuullisuus\/2021\/12\/23\/osuuskunta-lumimuutos-sai-suomen-luonnonsuojeluliiton-ymparistopalkinnon-2021\/#breadcrumb"},"inLanguage":"en-US","potentialAction":[{"@type":"ReadAction","target":["https:\/\/pellervo.fi\/vastuullisuus\/2021\/12\/23\/osuuskunta-lumimuutos-sai-suomen-luonnonsuojeluliiton-ymparistopalkinnon-2021\/"]}]},{"@type":"ImageObject","inLanguage":"en-US","@id":"https:\/\/pellervo.fi\/vastuullisuus\/2021\/12\/23\/osuuskunta-lumimuutos-sai-suomen-luonnonsuojeluliiton-ymparistopalkinnon-2021\/#primaryimage","url":"https:\/\/pellervo.fi\/wp-content\/uploads\/2021\/12\/tero-ja-kaisu-mustonen-scaled.jpg","contentUrl":"https:\/\/pellervo.fi\/wp-content\/uploads\/2021\/12\/tero-ja-kaisu-mustonen-scaled.jpg","width":2560,"height":1542,"caption":"Tero ja Kaisu Mustonen Osuuskunta Lumimuutoksesta"},{"@type":"BreadcrumbList","@id":"https:\/\/pellervo.fi\/vastuullisuus\/2021\/12\/23\/osuuskunta-lumimuutos-sai-suomen-luonnonsuojeluliiton-ymparistopalkinnon-2021\/#breadcrumb","itemListElement":[{"@type":"ListItem","position":1,"name":"Koti","item":"https:\/\/pellervo.fi\/en\/"},{"@type":"ListItem","position":2,"name":"Osuuskunta Lumimuutos sai Suomen luonnonsuojeluliiton ymp\u00e4rist\u00f6palkinnon 2021"}]},{"@type":"WebSite","@id":"https:\/\/pellervo.fi\/#website","url":"https:\/\/pellervo.fi\/","name":"Pellervo","description":"Osuuskuntien keskusj\u00e4rjest\u00f6","publisher":{"@id":"https:\/\/pellervo.fi\/#organization"},"potentialAction":[{"@type":"SearchAction","target":{"@type":"EntryPoint","urlTemplate":"https:\/\/pellervo.fi\/?s={search_term_string}"},"query-input":{"@type":"PropertyValueSpecification","valueRequired":true,"valueName":"search_term_string"}}],"inLanguage":"en-US"},{"@type":"Organization","@id":"https:\/\/pellervo.fi\/#organization","name":"Osuustoimintakeskus Pellervo ry","url":"https:\/\/pellervo.fi\/","logo":{"@type":"ImageObject","inLanguage":"en-US","@id":"https:\/\/pellervo.fi\/#\/schema\/logo\/image\/","url":"https:\/\/pellervo.fi\/wp-content\/uploads\/2020\/05\/Pellervo_logo.png","contentUrl":"https:\/\/pellervo.fi\/wp-content\/uploads\/2020\/05\/Pellervo_logo.png","width":1335,"height":376,"caption":"Osuustoimintakeskus Pellervo ry"},"image":{"@id":"https:\/\/pellervo.fi\/#\/schema\/logo\/image\/"},"sameAs":["https:\/\/x.com\/PellervoFi"]},{"@type":"Person","@id":"https:\/\/pellervo.fi\/#\/schema\/person\/f001b7c670bab10e5236b09672d9e6a3","name":"Hanna Muukka","image":{"@type":"ImageObject","inLanguage":"en-US","@id":"https:\/\/pellervo.fi\/wp-content\/uploads\/2014\/02\/Hanna-Muukka_avatar_1393417732-96x96.jpg","url":"https:\/\/pellervo.fi\/wp-content\/uploads\/2014\/02\/Hanna-Muukka_avatar_1393417732-96x96.jpg","contentUrl":"https:\/\/pellervo.fi\/wp-content\/uploads\/2014\/02\/Hanna-Muukka_avatar_1393417732-96x96.jpg","caption":"Hanna Muukka"},"description":"Kirjoittaja ty\u00f6skentelee Osuustoimintakeskus Pellervossa vastuullisuusasiantuntijana.","url":"https:\/\/pellervo.fi\/en\/author\/hannamuu\/"}]}},"_links":{"self":[{"href":"https:\/\/pellervo.fi\/en\/wp-json\/wp\/v2\/posts\/892479","targetHints":{"allow":["GET"]}}],"collection":[{"href":"https:\/\/pellervo.fi\/en\/wp-json\/wp\/v2\/posts"}],"about":[{"href":"https:\/\/pellervo.fi\/en\/wp-json\/wp\/v2\/types\/post"}],"author":[{"embeddable":true,"href":"https:\/\/pellervo.fi\/en\/wp-json\/wp\/v2\/users\/6"}],"replies":[{"embeddable":true,"href":"https:\/\/pellervo.fi\/en\/wp-json\/wp\/v2\/comments?post=892479"}],"version-history":[{"count":1,"href":"https:\/\/pellervo.fi\/en\/wp-json\/wp\/v2\/posts\/892479\/revisions"}],"predecessor-version":[{"id":892483,"href":"https:\/\/pellervo.fi\/en\/wp-json\/wp\/v2\/posts\/892479\/revisions\/892483"}],"wp:featuredmedia":[{"embeddable":true,"href":"https:\/\/pellervo.fi\/en\/wp-json\/wp\/v2\/media\/892480"}],"wp:attachment":[{"href":"https:\/\/pellervo.fi\/en\/wp-json\/wp\/v2\/media?parent=892479"}],"wp:term":[{"taxonomy":"category","embeddable":true,"href":"https:\/\/pellervo.fi\/en\/wp-json\/wp\/v2\/categories?post=892479"},{"taxonomy":"post_tag","embeddable":true,"href":"https:\/\/pellervo.fi\/en\/wp-json\/wp\/v2\/tags?post=892479"}],"curies":[{"name":"wp","href":"https:\/\/api.w.org\/{rel}","templated":true}]}}