{"id":892801,"date":"2022-03-03T09:50:00","date_gmt":"2022-03-03T07:50:00","guid":{"rendered":"https:\/\/pellervo.fi\/?p=892801"},"modified":"2022-03-03T09:57:33","modified_gmt":"2022-03-03T07:57:33","slug":"ilkka-uusitalo-ukrainan-kriisi-on-myos-meidan-kriisimme","status":"publish","type":"post","link":"https:\/\/pellervo.fi\/en\/jarjesto\/2022\/03\/03\/ilkka-uusitalo-ukrainan-kriisi-on-myos-meidan-kriisimme\/","title":{"rendered":"Ilkka Uusitalo: Ukrainan kriisi on my\u00f6s meid\u00e4n kriisimme \u00a0"},"content":{"rendered":"\n<p><em>Osuustoimintakeskus Pellervon valtuuskunta kokoontui kev\u00e4tkokoukseensa et\u00e4yhteydell\u00e4 3. maaliskuuta. Puheenjohtaja Ilkka Uusitalo avasi kokouksen seuraavin sanoin:<\/em><\/p>\n<p>Osuustoiminta on kansainv\u00e4linen, taloudellista ja sosiaalista kehityst\u00e4 sek\u00e4 rauhaa rakentava liike. Osuustoiminta on osa kansalaisyhteiskuntaa, ihmisten v\u00e4list\u00e4 yhteistoimintaa yli rajojen; lopulta varsin konkreettinen pyrkimys ja p\u00e4\u00e4m\u00e4\u00e4r\u00e4 rakentaa globaalia kehityst\u00e4.<\/p>\n<p>Ukrainan sodan k\u00e4rjistyminen on inhimillinen kriisi ja poliittinen j\u00e4rkytys. Sill\u00e4 on laaja merkitys Suomen turvallisuusymp\u00e4rist\u00f6\u00f6n, kansantalouteen, toimialojen ja j\u00e4senyritystemme toimintaan eri aloilla: finanssialaan, kauppaan, elintarviketalouteen, mets\u00e4talouteen jne. Aika n\u00e4ytt\u00e4\u00e4 miss\u00e4 ja miten syv\u00e4sti. Vaikutukset ovat suoria ja v\u00e4lillisi\u00e4, joiden merkitys selvi\u00e4\u00e4 p\u00e4iv\u00e4 p\u00e4iv\u00e4lt\u00e4.<\/p>\n<p>Moni j\u00e4senyrityksemme on jo reagoinut ukrainalaisten h\u00e4t\u00e4\u00e4n: S-ryhm\u00e4 poisti valikoimistaan ven\u00e4l\u00e4iset tuotteet, Tradekan omistama Restel p\u00e4\u00e4tti luopua liiketoiminnasta Hartwall-Areenalla. Valio lopetti viennin Ven\u00e4j\u00e4lle ja L\u00e4hiTapiola-yhti\u00f6t lahjoittivat 300\u00a0000 euroa Punaiselle Ristille.<\/p>\n<p>Sodan kiihtyminen Ukrainassa vaikeuttaa suomalaisen elintarvikeketjun toimintaa yh\u00e4 pahemmin. Ukraina on toimittanut maailmanmarkkinoille runsaasti viljaa. My\u00f6s ven\u00e4l\u00e4isen viljan tulo markkinoille katkennee. Meid\u00e4n vientimme Ven\u00e4j\u00e4lle \u2013 vaikka se on matalammalla tasolla kuin viel\u00e4 2014 Krimin kriisin aikaan \u2013 loppuu kokonaan.<\/p>\n<p>Meill\u00e4 Suomessa tilat ovat jo valmiiksi pahoissa vaikeuksissa, kun olemme kulkeneet kriisist\u00e4 toiseen. Ennen t\u00e4t\u00e4 painoivat jo Krimi, koronavuodet, viime vuoden huono sato ja kustannuskriisi. Muun muassa energian ja lannoitteiden hintoihin ei ole n\u00e4k\u00f6piiriss\u00e4 helpotusta. Inflaatio voi edelleen nousta. Ent\u00e4 kausity\u00f6ntekij\u00e4t? Ukrainalaiset ty\u00f6ntekij\u00e4t ovat olleet arvostettuja, mutta p\u00e4\u00e4sev\u00e4tk\u00f6 he tulevana kes\u00e4n\u00e4 t\u00e4nne?<\/p>\n<p>Kansallinen huoltovarmuuteen on her\u00e4tty viime vuosina yh\u00e4 enemm\u00e4n. Viimeist\u00e4\u00e4n nyt ne pit\u00e4\u00e4 ottaa tosissaan. Emme voi luottaa siihen, ett\u00e4 ruokaturva voidaan hoitaa tuonnilla. T\u00e4m\u00e4 on kaikkien elintarvikeketjun toimijoiden yhteinen asia maatilojen tuotantopanoksien toimittajista kauppaan ja kuluttajan valintoihin asti.<\/p>\n<p>Katson t\u00e4ss\u00e4 maailmaa meid\u00e4n silm\u00e4lasien l\u00e4pi. En unohda sit\u00e4, ett\u00e4 olennaista on nyt kuitenkin pelastaa ihmishenki\u00e4 Ukrainassa &#8211; ja saada sota loppumaan. Muutkin asiat voidaan sitten ratkaista.<\/p>\n<p>Nyt on t\u00e4rkeint\u00e4 vastustaa sotaa syv\u00e4n arvol\u00e4ht\u00f6kohtaisesti. V\u00e4kivalta on tuomittava. Itsen\u00e4isen valtion suvereniteetin loukkaaminen on v\u00e4\u00e4r\u00e4 teko.<\/p>\n","protected":false},"excerpt":{"rendered":"","protected":false},"author":5,"featured_media":890013,"comment_status":"closed","ping_status":"closed","sticky":false,"template":"","format":"standard","meta":{"inline_featured_image":false,"_monsterinsights_skip_tracking":false,"_monsterinsights_sitenote_active":false,"_monsterinsights_sitenote_note":"","_monsterinsights_sitenote_category":0,"site-sidebar-layout":"default","site-content-layout":"","ast-site-content-layout":"default","site-content-style":"default","site-sidebar-style":"default","ast-global-header-display":"","ast-banner-title-visibility":"","ast-main-header-display":"","ast-hfb-above-header-display":"","ast-hfb-below-header-display":"","ast-hfb-mobile-header-display":"","site-post-title":"","ast-breadcrumbs-content":"","ast-featured-img":"","footer-sml-layout":"","ast-disable-related-posts":"","theme-transparent-header-meta":"","adv-header-id-meta":"","stick-header-meta":"","header-above-stick-meta":"","header-main-stick-meta":"","header-below-stick-meta":"","astra-migrate-meta-layouts":"default","ast-page-background-enabled":"default","ast-page-background-meta":{"desktop":{"background-color":"","background-image":"","background-repeat":"repeat","background-position":"center center","background-size":"auto","background-attachment":"scroll","background-type":"","background-media":"","overlay-type":"","overlay-color":"","overlay-opacity":"","overlay-gradient":""},"tablet":{"background-color":"","background-image":"","background-repeat":"repeat","background-position":"center center","background-size":"auto","background-attachment":"scroll","background-type":"","background-media":"","overlay-type":"","overlay-color":"","overlay-opacity":"","overlay-gradient":""},"mobile":{"background-color":"","background-image":"","background-repeat":"repeat","background-position":"center center","background-size":"auto","background-attachment":"scroll","background-type":"","background-media":"","overlay-type":"","overlay-color":"","overlay-opacity":"","overlay-gradient":""}},"ast-content-background-meta":{"desktop":{"background-color":"var(--ast-global-color-5)","background-image":"","background-repeat":"repeat","background-position":"center center","background-size":"auto","background-attachment":"scroll","background-type":"","background-media":"","overlay-type":"","overlay-color":"","overlay-opacity":"","overlay-gradient":""},"tablet":{"background-color":"var(--ast-global-color-5)","background-image":"","background-repeat":"repeat","background-position":"center center","background-size":"auto","background-attachment":"scroll","background-type":"","background-media":"","overlay-type":"","overlay-color":"","overlay-opacity":"","overlay-gradient":""},"mobile":{"background-color":"var(--ast-global-color-5)","background-image":"","background-repeat":"repeat","background-position":"center center","background-size":"auto","background-attachment":"scroll","background-type":"","background-media":"","overlay-type":"","overlay-color":"","overlay-opacity":"","overlay-gradient":""}},"_FSMCFIC_featured_image_caption":"","_FSMCFIC_featured_image_nocaption":"","_FSMCFIC_featured_image_hide":"","footnotes":""},"categories":[71],"tags":[380],"class_list":["post-892801","post","type-post","status-publish","format-standard","has-post-thumbnail","hentry","category-jarjesto","tag-ilkka-uusitalo"],"yoast_head":"<!-- This site is optimized with the Yoast SEO plugin v27.5 - https:\/\/yoast.com\/product\/yoast-seo-wordpress\/ -->\n<title>Ilkka Uusitalo: Ukrainan kriisi on my\u00f6s meid\u00e4n kriisimme \u00a0 - Pellervo<\/title>\n<meta name=\"robots\" content=\"index, follow, max-snippet:-1, max-image-preview:large, max-video-preview:-1\" \/>\n<link rel=\"canonical\" href=\"https:\/\/pellervo.fi\/jarjesto\/2022\/03\/03\/ilkka-uusitalo-ukrainan-kriisi-on-myos-meidan-kriisimme\/\" \/>\n<meta property=\"og:locale\" content=\"en_US\" \/>\n<meta property=\"og:type\" content=\"article\" \/>\n<meta property=\"og:title\" content=\"Ilkka Uusitalo: Ukrainan kriisi on my\u00f6s meid\u00e4n kriisimme \u00a0 - Pellervo\" \/>\n<meta property=\"og:url\" content=\"https:\/\/pellervo.fi\/jarjesto\/2022\/03\/03\/ilkka-uusitalo-ukrainan-kriisi-on-myos-meidan-kriisimme\/\" \/>\n<meta property=\"og:site_name\" content=\"Pellervo\" \/>\n<meta property=\"article:published_time\" content=\"2022-03-03T07:50:00+00:00\" \/>\n<meta property=\"article:modified_time\" content=\"2022-03-03T07:57:33+00:00\" \/>\n<meta property=\"og:image\" content=\"https:\/\/pellervo.fi\/wp-content\/uploads\/2021\/03\/ilkka-uusitalo.jpg\" \/>\n\t<meta property=\"og:image:width\" content=\"750\" \/>\n\t<meta property=\"og:image:height\" content=\"421\" \/>\n\t<meta property=\"og:image:type\" content=\"image\/jpeg\" \/>\n<meta name=\"author\" content=\"pellervo\" \/>\n<meta name=\"twitter:card\" content=\"summary_large_image\" \/>\n<meta name=\"twitter:creator\" content=\"@PellervoFi\" \/>\n<meta name=\"twitter:site\" content=\"@PellervoFi\" \/>\n<meta name=\"twitter:label1\" content=\"Written by\" \/>\n\t<meta name=\"twitter:data1\" content=\"pellervo\" \/>\n\t<meta name=\"twitter:label2\" content=\"Est. reading time\" \/>\n\t<meta name=\"twitter:data2\" content=\"2 minutes\" \/>\n<script type=\"application\/ld+json\" class=\"yoast-schema-graph\">{\"@context\":\"https:\\\/\\\/schema.org\",\"@graph\":[{\"@type\":\"Article\",\"@id\":\"https:\\\/\\\/pellervo.fi\\\/jarjesto\\\/2022\\\/03\\\/03\\\/ilkka-uusitalo-ukrainan-kriisi-on-myos-meidan-kriisimme\\\/#article\",\"isPartOf\":{\"@id\":\"https:\\\/\\\/pellervo.fi\\\/jarjesto\\\/2022\\\/03\\\/03\\\/ilkka-uusitalo-ukrainan-kriisi-on-myos-meidan-kriisimme\\\/\"},\"author\":{\"name\":\"pellervo\",\"@id\":\"https:\\\/\\\/pellervo.fi\\\/#\\\/schema\\\/person\\\/4b74d40956937d1367ade81899997e71\"},\"headline\":\"Ilkka Uusitalo: Ukrainan kriisi on my\u00f6s meid\u00e4n kriisimme \u00a0\",\"datePublished\":\"2022-03-03T07:50:00+00:00\",\"dateModified\":\"2022-03-03T07:57:33+00:00\",\"mainEntityOfPage\":{\"@id\":\"https:\\\/\\\/pellervo.fi\\\/jarjesto\\\/2022\\\/03\\\/03\\\/ilkka-uusitalo-ukrainan-kriisi-on-myos-meidan-kriisimme\\\/\"},\"wordCount\":355,\"publisher\":{\"@id\":\"https:\\\/\\\/pellervo.fi\\\/#organization\"},\"image\":{\"@id\":\"https:\\\/\\\/pellervo.fi\\\/jarjesto\\\/2022\\\/03\\\/03\\\/ilkka-uusitalo-ukrainan-kriisi-on-myos-meidan-kriisimme\\\/#primaryimage\"},\"thumbnailUrl\":\"https:\\\/\\\/pellervo.fi\\\/wp-content\\\/uploads\\\/2021\\\/03\\\/ilkka-uusitalo.jpg\",\"keywords\":[\"Ilkka Uusitalo\"],\"articleSection\":[\"J\u00e4rjest\u00f6\"],\"inLanguage\":\"en-US\"},{\"@type\":\"WebPage\",\"@id\":\"https:\\\/\\\/pellervo.fi\\\/jarjesto\\\/2022\\\/03\\\/03\\\/ilkka-uusitalo-ukrainan-kriisi-on-myos-meidan-kriisimme\\\/\",\"url\":\"https:\\\/\\\/pellervo.fi\\\/jarjesto\\\/2022\\\/03\\\/03\\\/ilkka-uusitalo-ukrainan-kriisi-on-myos-meidan-kriisimme\\\/\",\"name\":\"Ilkka Uusitalo: Ukrainan kriisi on my\u00f6s meid\u00e4n kriisimme \u00a0 - Pellervo\",\"isPartOf\":{\"@id\":\"https:\\\/\\\/pellervo.fi\\\/#website\"},\"primaryImageOfPage\":{\"@id\":\"https:\\\/\\\/pellervo.fi\\\/jarjesto\\\/2022\\\/03\\\/03\\\/ilkka-uusitalo-ukrainan-kriisi-on-myos-meidan-kriisimme\\\/#primaryimage\"},\"image\":{\"@id\":\"https:\\\/\\\/pellervo.fi\\\/jarjesto\\\/2022\\\/03\\\/03\\\/ilkka-uusitalo-ukrainan-kriisi-on-myos-meidan-kriisimme\\\/#primaryimage\"},\"thumbnailUrl\":\"https:\\\/\\\/pellervo.fi\\\/wp-content\\\/uploads\\\/2021\\\/03\\\/ilkka-uusitalo.jpg\",\"datePublished\":\"2022-03-03T07:50:00+00:00\",\"dateModified\":\"2022-03-03T07:57:33+00:00\",\"breadcrumb\":{\"@id\":\"https:\\\/\\\/pellervo.fi\\\/jarjesto\\\/2022\\\/03\\\/03\\\/ilkka-uusitalo-ukrainan-kriisi-on-myos-meidan-kriisimme\\\/#breadcrumb\"},\"inLanguage\":\"en-US\",\"potentialAction\":[{\"@type\":\"ReadAction\",\"target\":[\"https:\\\/\\\/pellervo.fi\\\/jarjesto\\\/2022\\\/03\\\/03\\\/ilkka-uusitalo-ukrainan-kriisi-on-myos-meidan-kriisimme\\\/\"]}]},{\"@type\":\"ImageObject\",\"inLanguage\":\"en-US\",\"@id\":\"https:\\\/\\\/pellervo.fi\\\/jarjesto\\\/2022\\\/03\\\/03\\\/ilkka-uusitalo-ukrainan-kriisi-on-myos-meidan-kriisimme\\\/#primaryimage\",\"url\":\"https:\\\/\\\/pellervo.fi\\\/wp-content\\\/uploads\\\/2021\\\/03\\\/ilkka-uusitalo.jpg\",\"contentUrl\":\"https:\\\/\\\/pellervo.fi\\\/wp-content\\\/uploads\\\/2021\\\/03\\\/ilkka-uusitalo.jpg\",\"width\":750,\"height\":421},{\"@type\":\"BreadcrumbList\",\"@id\":\"https:\\\/\\\/pellervo.fi\\\/jarjesto\\\/2022\\\/03\\\/03\\\/ilkka-uusitalo-ukrainan-kriisi-on-myos-meidan-kriisimme\\\/#breadcrumb\",\"itemListElement\":[{\"@type\":\"ListItem\",\"position\":1,\"name\":\"Koti\",\"item\":\"https:\\\/\\\/pellervo.fi\\\/en\\\/\"},{\"@type\":\"ListItem\",\"position\":2,\"name\":\"Ilkka Uusitalo: Ukrainan kriisi on my\u00f6s meid\u00e4n kriisimme \u00a0\"}]},{\"@type\":\"WebSite\",\"@id\":\"https:\\\/\\\/pellervo.fi\\\/#website\",\"url\":\"https:\\\/\\\/pellervo.fi\\\/\",\"name\":\"Pellervo\",\"description\":\"Osuuskuntien keskusj\u00e4rjest\u00f6\",\"publisher\":{\"@id\":\"https:\\\/\\\/pellervo.fi\\\/#organization\"},\"potentialAction\":[{\"@type\":\"SearchAction\",\"target\":{\"@type\":\"EntryPoint\",\"urlTemplate\":\"https:\\\/\\\/pellervo.fi\\\/?s={search_term_string}\"},\"query-input\":{\"@type\":\"PropertyValueSpecification\",\"valueRequired\":true,\"valueName\":\"search_term_string\"}}],\"inLanguage\":\"en-US\"},{\"@type\":\"Organization\",\"@id\":\"https:\\\/\\\/pellervo.fi\\\/#organization\",\"name\":\"Osuustoimintakeskus Pellervo ry\",\"url\":\"https:\\\/\\\/pellervo.fi\\\/\",\"logo\":{\"@type\":\"ImageObject\",\"inLanguage\":\"en-US\",\"@id\":\"https:\\\/\\\/pellervo.fi\\\/#\\\/schema\\\/logo\\\/image\\\/\",\"url\":\"https:\\\/\\\/pellervo.fi\\\/wp-content\\\/uploads\\\/2020\\\/05\\\/Pellervo_logo.png\",\"contentUrl\":\"https:\\\/\\\/pellervo.fi\\\/wp-content\\\/uploads\\\/2020\\\/05\\\/Pellervo_logo.png\",\"width\":1335,\"height\":376,\"caption\":\"Osuustoimintakeskus Pellervo ry\"},\"image\":{\"@id\":\"https:\\\/\\\/pellervo.fi\\\/#\\\/schema\\\/logo\\\/image\\\/\"},\"sameAs\":[\"https:\\\/\\\/x.com\\\/PellervoFi\"]},{\"@type\":\"Person\",\"@id\":\"https:\\\/\\\/pellervo.fi\\\/#\\\/schema\\\/person\\\/4b74d40956937d1367ade81899997e71\",\"name\":\"pellervo\",\"image\":{\"@type\":\"ImageObject\",\"inLanguage\":\"en-US\",\"@id\":\"https:\\\/\\\/pellervo.fi\\\/wp-content\\\/uploads\\\/2013\\\/11\\\/pellervo_avatar_1384522134-96x96.jpg\",\"url\":\"https:\\\/\\\/pellervo.fi\\\/wp-content\\\/uploads\\\/2013\\\/11\\\/pellervo_avatar_1384522134-96x96.jpg\",\"contentUrl\":\"https:\\\/\\\/pellervo.fi\\\/wp-content\\\/uploads\\\/2013\\\/11\\\/pellervo_avatar_1384522134-96x96.jpg\",\"caption\":\"pellervo\"},\"description\":\"Kuvaus\",\"url\":\"https:\\\/\\\/pellervo.fi\\\/en\\\/author\\\/pellervo\\\/\"}]}<\/script>\n<!-- \/ Yoast SEO plugin. -->","yoast_head_json":{"title":"Ilkka Uusitalo: Ukrainan kriisi on my\u00f6s meid\u00e4n kriisimme \u00a0 - Pellervo","robots":{"index":"index","follow":"follow","max-snippet":"max-snippet:-1","max-image-preview":"max-image-preview:large","max-video-preview":"max-video-preview:-1"},"canonical":"https:\/\/pellervo.fi\/jarjesto\/2022\/03\/03\/ilkka-uusitalo-ukrainan-kriisi-on-myos-meidan-kriisimme\/","og_locale":"en_US","og_type":"article","og_title":"Ilkka Uusitalo: Ukrainan kriisi on my\u00f6s meid\u00e4n kriisimme \u00a0 - Pellervo","og_url":"https:\/\/pellervo.fi\/jarjesto\/2022\/03\/03\/ilkka-uusitalo-ukrainan-kriisi-on-myos-meidan-kriisimme\/","og_site_name":"Pellervo","article_published_time":"2022-03-03T07:50:00+00:00","article_modified_time":"2022-03-03T07:57:33+00:00","og_image":[{"width":750,"height":421,"url":"https:\/\/pellervo.fi\/wp-content\/uploads\/2021\/03\/ilkka-uusitalo.jpg","type":"image\/jpeg"}],"author":"pellervo","twitter_card":"summary_large_image","twitter_creator":"@PellervoFi","twitter_site":"@PellervoFi","twitter_misc":{"Written by":"pellervo","Est. reading time":"2 minutes"},"schema":{"@context":"https:\/\/schema.org","@graph":[{"@type":"Article","@id":"https:\/\/pellervo.fi\/jarjesto\/2022\/03\/03\/ilkka-uusitalo-ukrainan-kriisi-on-myos-meidan-kriisimme\/#article","isPartOf":{"@id":"https:\/\/pellervo.fi\/jarjesto\/2022\/03\/03\/ilkka-uusitalo-ukrainan-kriisi-on-myos-meidan-kriisimme\/"},"author":{"name":"pellervo","@id":"https:\/\/pellervo.fi\/#\/schema\/person\/4b74d40956937d1367ade81899997e71"},"headline":"Ilkka Uusitalo: Ukrainan kriisi on my\u00f6s meid\u00e4n kriisimme \u00a0","datePublished":"2022-03-03T07:50:00+00:00","dateModified":"2022-03-03T07:57:33+00:00","mainEntityOfPage":{"@id":"https:\/\/pellervo.fi\/jarjesto\/2022\/03\/03\/ilkka-uusitalo-ukrainan-kriisi-on-myos-meidan-kriisimme\/"},"wordCount":355,"publisher":{"@id":"https:\/\/pellervo.fi\/#organization"},"image":{"@id":"https:\/\/pellervo.fi\/jarjesto\/2022\/03\/03\/ilkka-uusitalo-ukrainan-kriisi-on-myos-meidan-kriisimme\/#primaryimage"},"thumbnailUrl":"https:\/\/pellervo.fi\/wp-content\/uploads\/2021\/03\/ilkka-uusitalo.jpg","keywords":["Ilkka Uusitalo"],"articleSection":["J\u00e4rjest\u00f6"],"inLanguage":"en-US"},{"@type":"WebPage","@id":"https:\/\/pellervo.fi\/jarjesto\/2022\/03\/03\/ilkka-uusitalo-ukrainan-kriisi-on-myos-meidan-kriisimme\/","url":"https:\/\/pellervo.fi\/jarjesto\/2022\/03\/03\/ilkka-uusitalo-ukrainan-kriisi-on-myos-meidan-kriisimme\/","name":"Ilkka Uusitalo: Ukrainan kriisi on my\u00f6s meid\u00e4n kriisimme \u00a0 - Pellervo","isPartOf":{"@id":"https:\/\/pellervo.fi\/#website"},"primaryImageOfPage":{"@id":"https:\/\/pellervo.fi\/jarjesto\/2022\/03\/03\/ilkka-uusitalo-ukrainan-kriisi-on-myos-meidan-kriisimme\/#primaryimage"},"image":{"@id":"https:\/\/pellervo.fi\/jarjesto\/2022\/03\/03\/ilkka-uusitalo-ukrainan-kriisi-on-myos-meidan-kriisimme\/#primaryimage"},"thumbnailUrl":"https:\/\/pellervo.fi\/wp-content\/uploads\/2021\/03\/ilkka-uusitalo.jpg","datePublished":"2022-03-03T07:50:00+00:00","dateModified":"2022-03-03T07:57:33+00:00","breadcrumb":{"@id":"https:\/\/pellervo.fi\/jarjesto\/2022\/03\/03\/ilkka-uusitalo-ukrainan-kriisi-on-myos-meidan-kriisimme\/#breadcrumb"},"inLanguage":"en-US","potentialAction":[{"@type":"ReadAction","target":["https:\/\/pellervo.fi\/jarjesto\/2022\/03\/03\/ilkka-uusitalo-ukrainan-kriisi-on-myos-meidan-kriisimme\/"]}]},{"@type":"ImageObject","inLanguage":"en-US","@id":"https:\/\/pellervo.fi\/jarjesto\/2022\/03\/03\/ilkka-uusitalo-ukrainan-kriisi-on-myos-meidan-kriisimme\/#primaryimage","url":"https:\/\/pellervo.fi\/wp-content\/uploads\/2021\/03\/ilkka-uusitalo.jpg","contentUrl":"https:\/\/pellervo.fi\/wp-content\/uploads\/2021\/03\/ilkka-uusitalo.jpg","width":750,"height":421},{"@type":"BreadcrumbList","@id":"https:\/\/pellervo.fi\/jarjesto\/2022\/03\/03\/ilkka-uusitalo-ukrainan-kriisi-on-myos-meidan-kriisimme\/#breadcrumb","itemListElement":[{"@type":"ListItem","position":1,"name":"Koti","item":"https:\/\/pellervo.fi\/en\/"},{"@type":"ListItem","position":2,"name":"Ilkka Uusitalo: Ukrainan kriisi on my\u00f6s meid\u00e4n kriisimme \u00a0"}]},{"@type":"WebSite","@id":"https:\/\/pellervo.fi\/#website","url":"https:\/\/pellervo.fi\/","name":"Pellervo","description":"Osuuskuntien keskusj\u00e4rjest\u00f6","publisher":{"@id":"https:\/\/pellervo.fi\/#organization"},"potentialAction":[{"@type":"SearchAction","target":{"@type":"EntryPoint","urlTemplate":"https:\/\/pellervo.fi\/?s={search_term_string}"},"query-input":{"@type":"PropertyValueSpecification","valueRequired":true,"valueName":"search_term_string"}}],"inLanguage":"en-US"},{"@type":"Organization","@id":"https:\/\/pellervo.fi\/#organization","name":"Osuustoimintakeskus Pellervo ry","url":"https:\/\/pellervo.fi\/","logo":{"@type":"ImageObject","inLanguage":"en-US","@id":"https:\/\/pellervo.fi\/#\/schema\/logo\/image\/","url":"https:\/\/pellervo.fi\/wp-content\/uploads\/2020\/05\/Pellervo_logo.png","contentUrl":"https:\/\/pellervo.fi\/wp-content\/uploads\/2020\/05\/Pellervo_logo.png","width":1335,"height":376,"caption":"Osuustoimintakeskus Pellervo ry"},"image":{"@id":"https:\/\/pellervo.fi\/#\/schema\/logo\/image\/"},"sameAs":["https:\/\/x.com\/PellervoFi"]},{"@type":"Person","@id":"https:\/\/pellervo.fi\/#\/schema\/person\/4b74d40956937d1367ade81899997e71","name":"pellervo","image":{"@type":"ImageObject","inLanguage":"en-US","@id":"https:\/\/pellervo.fi\/wp-content\/uploads\/2013\/11\/pellervo_avatar_1384522134-96x96.jpg","url":"https:\/\/pellervo.fi\/wp-content\/uploads\/2013\/11\/pellervo_avatar_1384522134-96x96.jpg","contentUrl":"https:\/\/pellervo.fi\/wp-content\/uploads\/2013\/11\/pellervo_avatar_1384522134-96x96.jpg","caption":"pellervo"},"description":"Kuvaus","url":"https:\/\/pellervo.fi\/en\/author\/pellervo\/"}]}},"_links":{"self":[{"href":"https:\/\/pellervo.fi\/en\/wp-json\/wp\/v2\/posts\/892801","targetHints":{"allow":["GET"]}}],"collection":[{"href":"https:\/\/pellervo.fi\/en\/wp-json\/wp\/v2\/posts"}],"about":[{"href":"https:\/\/pellervo.fi\/en\/wp-json\/wp\/v2\/types\/post"}],"author":[{"embeddable":true,"href":"https:\/\/pellervo.fi\/en\/wp-json\/wp\/v2\/users\/5"}],"replies":[{"embeddable":true,"href":"https:\/\/pellervo.fi\/en\/wp-json\/wp\/v2\/comments?post=892801"}],"version-history":[{"count":2,"href":"https:\/\/pellervo.fi\/en\/wp-json\/wp\/v2\/posts\/892801\/revisions"}],"predecessor-version":[{"id":892830,"href":"https:\/\/pellervo.fi\/en\/wp-json\/wp\/v2\/posts\/892801\/revisions\/892830"}],"wp:featuredmedia":[{"embeddable":true,"href":"https:\/\/pellervo.fi\/en\/wp-json\/wp\/v2\/media\/890013"}],"wp:attachment":[{"href":"https:\/\/pellervo.fi\/en\/wp-json\/wp\/v2\/media?parent=892801"}],"wp:term":[{"taxonomy":"category","embeddable":true,"href":"https:\/\/pellervo.fi\/en\/wp-json\/wp\/v2\/categories?post=892801"},{"taxonomy":"post_tag","embeddable":true,"href":"https:\/\/pellervo.fi\/en\/wp-json\/wp\/v2\/tags?post=892801"}],"curies":[{"name":"wp","href":"https:\/\/api.w.org\/{rel}","templated":true}]}}