{"id":892955,"date":"2022-03-25T11:56:36","date_gmt":"2022-03-25T09:56:36","guid":{"rendered":"https:\/\/pellervo.fi\/?p=892955"},"modified":"2022-03-25T12:26:47","modified_gmt":"2022-03-25T10:26:47","slug":"parhainta-menestysta-pellervolle-ja-koko-osuustoiminnalle","status":"publish","type":"post","link":"https:\/\/pellervo.fi\/en\/nakokulma\/2022\/03\/25\/parhainta-menestysta-pellervolle-ja-koko-osuustoiminnalle\/","title":{"rendered":"Parhainta menestyst\u00e4 Pellervolle ja koko osuustoiminnalle"},"content":{"rendered":"\n<p><strong>Olen ty\u00f6skennellyt Osuustoimintakeskus Pellervo ry:n toimitusjohtajana reilun vuosikymmenen. Kaikkiaan uraa Pellervon piiriss\u00e4 on 27 vuotta. Nyt on uuden aika.<\/strong><\/p>\n<p>Ty\u00f6teht\u00e4v\u00e4ni Osuustoimintakeskus Pellervo ry:n ja Pellervo-Media Oy:n toimitusjohtajana sek\u00e4 Osuustoiminnan neuvottelukunnan sihteerin\u00e4 p\u00e4\u00e4ttyv\u00e4t torstaina 31.3.2022. Sen mukana p\u00e4\u00e4ttyv\u00e4t lukuisat luottamusteht\u00e4v\u00e4t eri osakkuus- ja j\u00e4senorganisaatioiden hallinnoissa. Aamukammassani on t\u00e4t\u00e4 kirjoittaessani nelj\u00e4 piikki\u00e4.<\/p>\n<p>Koronaviruksen variantit ja Ven\u00e4j\u00e4n hy\u00f6kk\u00e4ys Ukrainaan luovat talouteen ja yhteiskuntaan poikkeustilan tuntua. Huoltovarmuuden, kotimaisen omistuksen ja osuustoiminnan merkitys vain korostuvat. Osuustoiminnallisessa maassa el\u00e4m\u00e4 on vakaampaa ja turvallisempaa. Sosiaalinen ja taloudellinen koheesio on mit\u00e4 arvokkain omaisuuser\u00e4 kansakunnalle. Jotain olemme tehneet kollektiivisesti oikein.<\/p>\n<h3>Pitk\u00e4 nousukausi<\/h3>\n<p>Aloitin osuustoimintaliikkeen historiahankkeessa vuonna 1995. Tein my\u00f6s muita projekteja. Ty\u00f6suhteisessa Pellervoon olen ollut vuodesta 2000 alkaen; tiedotus- ja j\u00e4rjest\u00f6p\u00e4\u00e4llikk\u00f6n\u00e4 vuoteen 2003, osuustoimintajohtajana ja toimitusjohtajan varamiehen\u00e4 vuoteen 2011 ja siit\u00e4 l\u00e4htien siis toimitusjohtajana.<\/p>\n<p>Olen ollut toimeenpanemassa Pellervon strategiaa kriittisin\u00e4 vuosina 2000-alussa. Olen ollut toimeenpanon lis\u00e4ksi my\u00f6s valmistelemassa nelj\u00e4\u00e4 toisiinsa sidoksissa olevaa strategiaa vuosille 2002-2022.<\/p>\n<p>Olen n\u00e4hnyt osuustoiminnan pitk\u00e4n nousukauden ja j\u00e4rjest\u00f6llisen eheytymisen. Siit\u00e4 on t\u00e4ss\u00e4 tilanteessa mieluisa kertoa omasta n\u00e4k\u00f6kulmastani.<\/p>\n<p>Professori Markku Kuisman johtaman pellervolaisen osuustoiminnan historiahankkeen tuottama \u201dKansan Talous\u201d -kirja liikkeen satavuotisjuhliin 1999 loi tiedollista perustaa ja suhtautumistamme Pellervon ja koko osuustoimintaliikkeemme kehitykseen. T\u00e4ss\u00e4 sain olla mukana yhten\u00e4 kirjoittajana ja kokemuksesta oli hy\u00f6ty\u00e4 jatkossa.<\/p>\n<p>Tiesimme ja tied\u00e4mme edelleen, ett\u00e4 edustamme suurta ajatusta taloudellisesta yhteistoiminnasta, joka pit\u00e4\u00e4 sis\u00e4ll\u00e4\u00e4n my\u00f6s sosiaalisen, kulttuurisen ja sivistyksellisen ulottuvuuden. Osuustoiminnan arvot ja periaatteet ovat suuria globaaleja asiakirjoja ihmiskunnan johtot\u00e4hdeksi. Piti vain saada aikaan oikeaa liikett\u00e4, jota kaikki potentiaali saadaan j\u00e4senten ja kansakunnan hy\u00f6dyksi.<\/p>\n<p>Pellervon luottamusjohdon ja toimihenkil\u00f6johdon johtop\u00e4\u00e4t\u00f6s menneest\u00e4 oli, ett\u00e4 osuustoiminnan t\u00e4ytyy osata paremmin yritysmallinsa ja osuustoiminnan tulee osata yhteisty\u00f6. Maailma oli peruuttamattomasti muuttunut eik\u00e4 paluuta vanhaan ollut. Oli seisottava omilla jaloilla.<\/p>\n<p>Laaja j\u00e4senkierros satoine j\u00e4senkeskusteluineen vuosina 2000-2002 oli minulle korkeakoulu Pellervon tulevaisuuden rakentamiseen. Haimme yhdess\u00e4 uutta starttia. J\u00e4senkeskusteluita oli omalla kohdallanikin yli 200. PTT, lakipalvelu ja tunnustusten anto katsottiin t\u00e4rkeiksi, mutta mit\u00e4 muuta \u2013 kyll\u00e4, osuustoiminnan pitk\u00e4j\u00e4nteinen kehitt\u00e4minen uuteen aikaan. Kysymysmerkkej\u00e4 oli paljon. Uusia j\u00e4seni\u00e4 tuli Pellervoon tuolloin parisen kymment\u00e4, mik\u00e4 antoi toivoa tulevaan.<\/p>\n<p>Minulta kysyttiin tuolloin, ett\u00e4 kaikilla organisaatioilla tulee olla ohjelma. Mik\u00e4 on Pellervon ohjelma? Viisas kysymys. Siihen olen koittanut aina vastata.<\/p>\n<p>Lopulta j\u00e4rjest\u00f6n saneeraus ja uudistaminen 2000-luvun alussa yhdess\u00e4 toimitusjohtaja Veikko H\u00e4m\u00e4l\u00e4isen kanssa oli ratkaisevaa tulevaisuudelle. Pohjalla oli Pellervon lakkautusajatukset ja -p\u00e4\u00e4t\u00f6kset. J\u00e4rjest\u00f6n perustassa oli paljon hyv\u00e4\u00e4 valmiina edelt\u00e4jiemme ajoilta.<\/p>\n<p>Loimme nyt Pellervolle siihen aikaan sopivan roolin, teht\u00e4v\u00e4t ja palvelukyvyn. Ohjelmaan kuului ty\u00f6yhteis\u00f6n vakauttaminen ja j\u00e4sensuhteiden parantaminen.<\/p>\n<p>Uudistamiseen ovat kuuluneet osuustoiminnallisen kansanliikkeen hengen kohotus, uudistuva ja eteenp\u00e4in katsova osuustoimintakulttuuri sek\u00e4 aikaan sopiva identiteetti. Ideana oli, ett\u00e4 kansanliikkeen tulee tuntea juurensa, t\u00e4m\u00e4 p\u00e4iv\u00e4 ja tulevaisuus. Uusia osuuskuntia piti synty\u00e4 tai ennen pitk\u00e4\u00e4 ei ole liikett\u00e4, vaikuttavuutta eik\u00e4 vaikutusvaltaa.<\/p>\n<p>L\u00e4ht\u00f6kohtana oli, ett\u00e4 j\u00e4senilt\u00e4 ei saa lis\u00e4\u00e4 rahaa. Laitoimme Pellervon talouden kuntoon ja olemme sen siin\u00e4 tilassa my\u00f6s pit\u00e4neet talousp\u00e4\u00e4llikk\u00f6 Juhani Lehdon, muun henkil\u00f6kunnan ja hallinnon kanssa. Varallisuus on noussut noin 8 miljoonasta eurosta noin 14 miljoonaan euroon. Viime vuosi taisi olla enn\u00e4tysm\u00e4isen ylij\u00e4\u00e4m\u00e4n vuosi Pellervossa ja osakkuusyhteis\u00f6iss\u00e4. T\u00e4m\u00e4 turvaa tulevaisuuden turbulentissa maailmassa.<\/p>\n<h3>J\u00e4rjest\u00f6llinen eheytyminen<\/h3>\n<p>Suhteiden rakentaminen osuustoimintaideologiaan nojaavalta pohjalta uudella tavalla kaikkien j\u00e4sentemme kanssa on ollut olennaista. Pellervo on olemassa osuustoimintaa varten. Edustamme ilmi\u00f6t\u00e4 laajasti.<\/p>\n<p>Lopullisena tavoitteena oli olosuhteiden luominen osuustoiminnan j\u00e4rjest\u00f6lliselle eheytymiselle vuosisataisesta juovasta ja olosuhteiden edelleen rakentaminen osuustoiminnan yhteisty\u00f6lle ja kehitykselle. T\u00e4m\u00e4 tapahtui 2017 menness\u00e4 isolta osin, kun ensin ty\u00f6osuuskunnat, vesihuolto-osuuskunnat liittyiv\u00e4t ryhm\u00e4j\u00e4senin\u00e4 mukaan ja sitten S-ryhm\u00e4 palasi Pellervoon ja Tradeka tuli uutena mukaan. Uusia j\u00e4seni\u00e4 on tullut edelleen. Kaikki viittaa siihen, ett\u00e4 Pellervo on saavuttanut aseman osuustoiminnan yleisj\u00e4rjest\u00f6n\u00e4.<\/p>\n<h3>Osaaminen ja tahto<\/h3>\n<p>Suurin asia on ollut osuustoiminnan laaja osaaminen &#8211; ja tahto. T\u00e4m\u00e4 paketti pit\u00e4\u00e4 olla itsell\u00e4. Sit\u00e4 ei voi ostaa. Ilman sit\u00e4 kaikki muu sortuu. Mukaan kuuluvat osuustoimintaa koskeva tiedontuotanto, hyv\u00e4 hallinto -kysymykset sek\u00e4 osaamisen kehitt\u00e4minen kaikkia kanavia pitkin, ml. opintomateriaalit, ammattilehdet, seminaarit, koulutus jne.<\/p>\n<p>Toimivat sidosryhm\u00e4suhteet sek\u00e4 tiede-, yliopisto- ja oppilaitosyhteisty\u00f6 ovat avain, koska Pellervo yksin voi tehd\u00e4 rajallisesti. P\u00e4\u00e4ty\u00f6 on hakea hyv\u00e4t kumppanit ja tarjota yhteisty\u00f6n k\u00e4tt\u00e4, kansallisesti ja globaalisti.<\/p>\n<p>Viime vuosina ovat korostuneet suhteet yhteiskunnallisiin ajattelijoihin ja p\u00e4\u00e4t\u00f6ksentekij\u00f6ihin. N\u00e4it\u00e4 ovat mm. puoluetoimistot, eduskuntaryhm\u00e4t, ajatuspajat, sivistysliitot, Euroopan parlamentin suomalaisj\u00e4senet, Eduskunnan osuustoimintaryhm\u00e4 ja valtioneuvosto ministeri\u00f6ineen.<\/p>\n<p>Osuustoiminnan toisiaan seuraavat eduskunta-, kunta-, europarlamentti ja aluevaaliohjelmat ovat olleet oiva ty\u00f6kalu katsoa tulevaisuus. Siin\u00e4 prosessissa mitataan valmiutemme tuottaa ajatuksia ja toimenpiteit\u00e4. Ty\u00f6 on n\u00e4kynyt puolueiden periaateohjelmissa, vaaliohjelmissa, hallitusohjelmissa ja poliittisissa puheissa. Onneksi my\u00f6s poliittisissa p\u00e4\u00e4t\u00f6ksiss\u00e4.<\/p>\n<h3>Verkostossa voimakerroin<\/h3>\n<p>Olen koittanut lujasti tukea hyvi\u00e4 ajatuksia ja tuottanut kaiketi niit\u00e4 itsekin. Olen toiminut eri teht\u00e4vist\u00e4 k\u00e4sin n\u00e4it\u00e4 p\u00e4\u00e4m\u00e4\u00e4ri\u00e4 kohti. Asiat ovat tapahtuneet varsin pienell\u00e4 henkil\u00f6kunnalla, mutta laajalla verkostolla. K\u00e4si\u00e4 on etsitt\u00e4v\u00e4 ja niihin on tartuttava. Siell\u00e4 se voimakerroin on.<\/p>\n<p>Osuustoiminnan tunnettuusty\u00f6ss\u00e4 luulisin saavutukseksi luettavan sen, ett\u00e4 julkisuutta kiinnostaa jossain m\u00e4\u00e4rin osuustoiminnan idea, kun on sopiva uusi kasvo ja n\u00e4k\u00f6kulma. Asiatonta uutisointia ei mielest\u00e4ni oikeastaan en\u00e4\u00e4 juuri ole. Seikka, jossa en ole menestynyt ja j\u00e4\u00e4 seuraajien saavutettavaksi, on, ett\u00e4 osuustoiminta ja Pellervo eiv\u00e4t ole olleet edelleenk\u00e4\u00e4n villitsev\u00e4 teema suurelle medialle. Tosin valtamediaan emme ole ennen uusinta strategiakautta t\u00e4ysill\u00e4 pyrkineetk\u00e4\u00e4n, koska j\u00e4senyritykset ja sidosryhm\u00e4t eiv\u00e4t halunneet br\u00e4ndeihins\u00e4 Pellervo-s\u00e4vy\u00e4. Syyt ovat historialliset ja johtamisteht\u00e4v\u00e4n\u00e4 oli rakentaa Pellervolle sellainen rooli, joka oli j\u00e4senten ja sidosryhmien hyv\u00e4ksytt\u00e4viss\u00e4. Ennen korostui ajatus hy\u00f6dyllisest\u00e4 taustakonsultista. Nyt tilanne on uusi.<\/p>\n<p>Ihmeellinen asia on, ett\u00e4 hiljainen kansa pit\u00e4\u00e4 osuustoiminnallista talousmallia kaikkein suosituimpana EVA:n tutkimuksessa vuonna 2020. Se on hieno l\u00e4ht\u00f6kohta tulevaan.<\/p>\n<p>Kiit\u00e4n syv\u00e4sti yhteisty\u00f6st\u00e4 Teit\u00e4 kaikkia eri puolilla yhteiskuntaa. Toivotan Pellervolle, henkil\u00f6st\u00f6lle, osakkuusyhteis\u00f6ille, j\u00e4senorganisaatioille, koko osuustoiminnalle ja sidosryhmille parhainta tulevaisuutta.<\/p>\n<p><strong>Sami Karhu<br \/><\/strong>Osuustoimintakeskus Pellervo ry:n toimitusjohtaja 1.1.2012-31.3.2022<\/p>\n","protected":false},"excerpt":{"rendered":"<p>Olen ty\u00f6skennellyt Osuustoimintakeskus Pellervo ry:n toimitusjohtajana reilun vuosikymmenen. Kaikkiaan uraa Pellervon piiriss\u00e4 on 27 vuotta. Nyt on uuden aika.<\/p>\n","protected":false},"author":29,"featured_media":886403,"comment_status":"closed","ping_status":"closed","sticky":false,"template":"","format":"standard","meta":{"inline_featured_image":false,"_monsterinsights_skip_tracking":false,"_monsterinsights_sitenote_active":false,"_monsterinsights_sitenote_note":"","_monsterinsights_sitenote_category":0,"site-sidebar-layout":"default","site-content-layout":"","ast-site-content-layout":"default","site-content-style":"default","site-sidebar-style":"default","ast-global-header-display":"","ast-banner-title-visibility":"","ast-main-header-display":"","ast-hfb-above-header-display":"","ast-hfb-below-header-display":"","ast-hfb-mobile-header-display":"","site-post-title":"","ast-breadcrumbs-content":"","ast-featured-img":"","footer-sml-layout":"","ast-disable-related-posts":"","theme-transparent-header-meta":"","adv-header-id-meta":"","stick-header-meta":"","header-above-stick-meta":"","header-main-stick-meta":"","header-below-stick-meta":"","astra-migrate-meta-layouts":"default","ast-page-background-enabled":"default","ast-page-background-meta":{"desktop":{"background-color":"","background-image":"","background-repeat":"repeat","background-position":"center center","background-size":"auto","background-attachment":"scroll","background-type":"","background-media":"","overlay-type":"","overlay-color":"","overlay-opacity":"","overlay-gradient":""},"tablet":{"background-color":"","background-image":"","background-repeat":"repeat","background-position":"center center","background-size":"auto","background-attachment":"scroll","background-type":"","background-media":"","overlay-type":"","overlay-color":"","overlay-opacity":"","overlay-gradient":""},"mobile":{"background-color":"","background-image":"","background-repeat":"repeat","background-position":"center center","background-size":"auto","background-attachment":"scroll","background-type":"","background-media":"","overlay-type":"","overlay-color":"","overlay-opacity":"","overlay-gradient":""}},"ast-content-background-meta":{"desktop":{"background-color":"var(--ast-global-color-5)","background-image":"","background-repeat":"repeat","background-position":"center center","background-size":"auto","background-attachment":"scroll","background-type":"","background-media":"","overlay-type":"","overlay-color":"","overlay-opacity":"","overlay-gradient":""},"tablet":{"background-color":"var(--ast-global-color-5)","background-image":"","background-repeat":"repeat","background-position":"center center","background-size":"auto","background-attachment":"scroll","background-type":"","background-media":"","overlay-type":"","overlay-color":"","overlay-opacity":"","overlay-gradient":""},"mobile":{"background-color":"var(--ast-global-color-5)","background-image":"","background-repeat":"repeat","background-position":"center center","background-size":"auto","background-attachment":"scroll","background-type":"","background-media":"","overlay-type":"","overlay-color":"","overlay-opacity":"","overlay-gradient":""}},"_FSMCFIC_featured_image_caption":"","_FSMCFIC_featured_image_nocaption":"","_FSMCFIC_featured_image_hide":"","footnotes":""},"categories":[21],"tags":[],"class_list":["post-892955","post","type-post","status-publish","format-standard","has-post-thumbnail","hentry","category-nakokulma"],"yoast_head":"<!-- This site is optimized with the Yoast SEO plugin v27.4 - https:\/\/yoast.com\/product\/yoast-seo-wordpress\/ -->\n<title>Parhainta menestyst\u00e4 Pellervolle ja koko osuustoiminnalle - Pellervo<\/title>\n<meta name=\"robots\" content=\"index, follow, max-snippet:-1, max-image-preview:large, max-video-preview:-1\" \/>\n<link rel=\"canonical\" href=\"https:\/\/pellervo.fi\/nakokulma\/2022\/03\/25\/parhainta-menestysta-pellervolle-ja-koko-osuustoiminnalle\/\" \/>\n<meta property=\"og:locale\" content=\"en_US\" \/>\n<meta property=\"og:type\" content=\"article\" \/>\n<meta property=\"og:title\" content=\"Parhainta menestyst\u00e4 Pellervolle ja koko osuustoiminnalle - Pellervo\" \/>\n<meta property=\"og:description\" content=\"Olen ty\u00f6skennellyt Osuustoimintakeskus Pellervo ry:n toimitusjohtajana reilun vuosikymmenen. Kaikkiaan uraa Pellervon piiriss\u00e4 on 27 vuotta. Nyt on uuden aika.\" \/>\n<meta property=\"og:url\" content=\"https:\/\/pellervo.fi\/nakokulma\/2022\/03\/25\/parhainta-menestysta-pellervolle-ja-koko-osuustoiminnalle\/\" \/>\n<meta property=\"og:site_name\" content=\"Pellervo\" \/>\n<meta property=\"article:published_time\" content=\"2022-03-25T09:56:36+00:00\" \/>\n<meta property=\"article:modified_time\" content=\"2022-03-25T10:26:47+00:00\" \/>\n<meta property=\"og:image\" content=\"https:\/\/pellervo.fi\/wp-content\/uploads\/2020\/04\/sami2.jpg\" \/>\n\t<meta property=\"og:image:width\" content=\"850\" \/>\n\t<meta property=\"og:image:height\" content=\"527\" \/>\n\t<meta property=\"og:image:type\" content=\"image\/jpeg\" \/>\n<meta name=\"author\" content=\"Sami Karhu\" \/>\n<meta name=\"twitter:card\" content=\"summary_large_image\" \/>\n<meta name=\"twitter:creator\" content=\"@PellervoFi\" \/>\n<meta name=\"twitter:site\" content=\"@PellervoFi\" \/>\n<meta name=\"twitter:label1\" content=\"Written by\" \/>\n\t<meta name=\"twitter:data1\" content=\"Sami Karhu\" \/>\n\t<meta name=\"twitter:label2\" content=\"Est. reading time\" \/>\n\t<meta name=\"twitter:data2\" content=\"6 minutes\" \/>\n<script type=\"application\/ld+json\" class=\"yoast-schema-graph\">{\"@context\":\"https:\\\/\\\/schema.org\",\"@graph\":[{\"@type\":\"Article\",\"@id\":\"https:\\\/\\\/pellervo.fi\\\/nakokulma\\\/2022\\\/03\\\/25\\\/parhainta-menestysta-pellervolle-ja-koko-osuustoiminnalle\\\/#article\",\"isPartOf\":{\"@id\":\"https:\\\/\\\/pellervo.fi\\\/nakokulma\\\/2022\\\/03\\\/25\\\/parhainta-menestysta-pellervolle-ja-koko-osuustoiminnalle\\\/\"},\"author\":{\"name\":\"Sami Karhu\",\"@id\":\"https:\\\/\\\/pellervo.fi\\\/#\\\/schema\\\/person\\\/e174a75936465264325e18e15e24b3c4\"},\"headline\":\"Parhainta menestyst\u00e4 Pellervolle ja koko osuustoiminnalle\",\"datePublished\":\"2022-03-25T09:56:36+00:00\",\"dateModified\":\"2022-03-25T10:26:47+00:00\",\"mainEntityOfPage\":{\"@id\":\"https:\\\/\\\/pellervo.fi\\\/nakokulma\\\/2022\\\/03\\\/25\\\/parhainta-menestysta-pellervolle-ja-koko-osuustoiminnalle\\\/\"},\"wordCount\":1028,\"publisher\":{\"@id\":\"https:\\\/\\\/pellervo.fi\\\/#organization\"},\"image\":{\"@id\":\"https:\\\/\\\/pellervo.fi\\\/nakokulma\\\/2022\\\/03\\\/25\\\/parhainta-menestysta-pellervolle-ja-koko-osuustoiminnalle\\\/#primaryimage\"},\"thumbnailUrl\":\"https:\\\/\\\/pellervo.fi\\\/wp-content\\\/uploads\\\/2020\\\/04\\\/sami2.jpg\",\"articleSection\":[\"N\u00e4k\u00f6kulma\"],\"inLanguage\":\"en-US\"},{\"@type\":\"WebPage\",\"@id\":\"https:\\\/\\\/pellervo.fi\\\/nakokulma\\\/2022\\\/03\\\/25\\\/parhainta-menestysta-pellervolle-ja-koko-osuustoiminnalle\\\/\",\"url\":\"https:\\\/\\\/pellervo.fi\\\/nakokulma\\\/2022\\\/03\\\/25\\\/parhainta-menestysta-pellervolle-ja-koko-osuustoiminnalle\\\/\",\"name\":\"Parhainta menestyst\u00e4 Pellervolle ja koko osuustoiminnalle - Pellervo\",\"isPartOf\":{\"@id\":\"https:\\\/\\\/pellervo.fi\\\/#website\"},\"primaryImageOfPage\":{\"@id\":\"https:\\\/\\\/pellervo.fi\\\/nakokulma\\\/2022\\\/03\\\/25\\\/parhainta-menestysta-pellervolle-ja-koko-osuustoiminnalle\\\/#primaryimage\"},\"image\":{\"@id\":\"https:\\\/\\\/pellervo.fi\\\/nakokulma\\\/2022\\\/03\\\/25\\\/parhainta-menestysta-pellervolle-ja-koko-osuustoiminnalle\\\/#primaryimage\"},\"thumbnailUrl\":\"https:\\\/\\\/pellervo.fi\\\/wp-content\\\/uploads\\\/2020\\\/04\\\/sami2.jpg\",\"datePublished\":\"2022-03-25T09:56:36+00:00\",\"dateModified\":\"2022-03-25T10:26:47+00:00\",\"breadcrumb\":{\"@id\":\"https:\\\/\\\/pellervo.fi\\\/nakokulma\\\/2022\\\/03\\\/25\\\/parhainta-menestysta-pellervolle-ja-koko-osuustoiminnalle\\\/#breadcrumb\"},\"inLanguage\":\"en-US\",\"potentialAction\":[{\"@type\":\"ReadAction\",\"target\":[\"https:\\\/\\\/pellervo.fi\\\/nakokulma\\\/2022\\\/03\\\/25\\\/parhainta-menestysta-pellervolle-ja-koko-osuustoiminnalle\\\/\"]}]},{\"@type\":\"ImageObject\",\"inLanguage\":\"en-US\",\"@id\":\"https:\\\/\\\/pellervo.fi\\\/nakokulma\\\/2022\\\/03\\\/25\\\/parhainta-menestysta-pellervolle-ja-koko-osuustoiminnalle\\\/#primaryimage\",\"url\":\"https:\\\/\\\/pellervo.fi\\\/wp-content\\\/uploads\\\/2020\\\/04\\\/sami2.jpg\",\"contentUrl\":\"https:\\\/\\\/pellervo.fi\\\/wp-content\\\/uploads\\\/2020\\\/04\\\/sami2.jpg\",\"width\":850,\"height\":527},{\"@type\":\"BreadcrumbList\",\"@id\":\"https:\\\/\\\/pellervo.fi\\\/nakokulma\\\/2022\\\/03\\\/25\\\/parhainta-menestysta-pellervolle-ja-koko-osuustoiminnalle\\\/#breadcrumb\",\"itemListElement\":[{\"@type\":\"ListItem\",\"position\":1,\"name\":\"Koti\",\"item\":\"https:\\\/\\\/pellervo.fi\\\/en\\\/\"},{\"@type\":\"ListItem\",\"position\":2,\"name\":\"Parhainta menestyst\u00e4 Pellervolle ja koko osuustoiminnalle\"}]},{\"@type\":\"WebSite\",\"@id\":\"https:\\\/\\\/pellervo.fi\\\/#website\",\"url\":\"https:\\\/\\\/pellervo.fi\\\/\",\"name\":\"Pellervo\",\"description\":\"Osuuskuntien keskusj\u00e4rjest\u00f6\",\"publisher\":{\"@id\":\"https:\\\/\\\/pellervo.fi\\\/#organization\"},\"potentialAction\":[{\"@type\":\"SearchAction\",\"target\":{\"@type\":\"EntryPoint\",\"urlTemplate\":\"https:\\\/\\\/pellervo.fi\\\/?s={search_term_string}\"},\"query-input\":{\"@type\":\"PropertyValueSpecification\",\"valueRequired\":true,\"valueName\":\"search_term_string\"}}],\"inLanguage\":\"en-US\"},{\"@type\":\"Organization\",\"@id\":\"https:\\\/\\\/pellervo.fi\\\/#organization\",\"name\":\"Osuustoimintakeskus Pellervo ry\",\"url\":\"https:\\\/\\\/pellervo.fi\\\/\",\"logo\":{\"@type\":\"ImageObject\",\"inLanguage\":\"en-US\",\"@id\":\"https:\\\/\\\/pellervo.fi\\\/#\\\/schema\\\/logo\\\/image\\\/\",\"url\":\"https:\\\/\\\/pellervo.fi\\\/wp-content\\\/uploads\\\/2020\\\/05\\\/Pellervo_logo.png\",\"contentUrl\":\"https:\\\/\\\/pellervo.fi\\\/wp-content\\\/uploads\\\/2020\\\/05\\\/Pellervo_logo.png\",\"width\":1335,\"height\":376,\"caption\":\"Osuustoimintakeskus Pellervo ry\"},\"image\":{\"@id\":\"https:\\\/\\\/pellervo.fi\\\/#\\\/schema\\\/logo\\\/image\\\/\"},\"sameAs\":[\"https:\\\/\\\/x.com\\\/PellervoFi\"]},{\"@type\":\"Person\",\"@id\":\"https:\\\/\\\/pellervo.fi\\\/#\\\/schema\\\/person\\\/e174a75936465264325e18e15e24b3c4\",\"name\":\"Sami Karhu\",\"image\":{\"@type\":\"ImageObject\",\"inLanguage\":\"en-US\",\"@id\":\"https:\\\/\\\/pellervo.fi\\\/wp-content\\\/uploads\\\/2017\\\/02\\\/sami-karhu-1-of-1-2-96x96.jpg\",\"url\":\"https:\\\/\\\/pellervo.fi\\\/wp-content\\\/uploads\\\/2017\\\/02\\\/sami-karhu-1-of-1-2-96x96.jpg\",\"contentUrl\":\"https:\\\/\\\/pellervo.fi\\\/wp-content\\\/uploads\\\/2017\\\/02\\\/sami-karhu-1-of-1-2-96x96.jpg\",\"caption\":\"Sami Karhu\"},\"description\":\"Kirjoittaja on Osuustoimintakeskus Pellervon toimitusjohtaja.\",\"url\":\"https:\\\/\\\/pellervo.fi\\\/en\\\/author\\\/samik\\\/\"}]}<\/script>\n<!-- \/ Yoast SEO plugin. -->","yoast_head_json":{"title":"Parhainta menestyst\u00e4 Pellervolle ja koko osuustoiminnalle - Pellervo","robots":{"index":"index","follow":"follow","max-snippet":"max-snippet:-1","max-image-preview":"max-image-preview:large","max-video-preview":"max-video-preview:-1"},"canonical":"https:\/\/pellervo.fi\/nakokulma\/2022\/03\/25\/parhainta-menestysta-pellervolle-ja-koko-osuustoiminnalle\/","og_locale":"en_US","og_type":"article","og_title":"Parhainta menestyst\u00e4 Pellervolle ja koko osuustoiminnalle - Pellervo","og_description":"Olen ty\u00f6skennellyt Osuustoimintakeskus Pellervo ry:n toimitusjohtajana reilun vuosikymmenen. Kaikkiaan uraa Pellervon piiriss\u00e4 on 27 vuotta. Nyt on uuden aika.","og_url":"https:\/\/pellervo.fi\/nakokulma\/2022\/03\/25\/parhainta-menestysta-pellervolle-ja-koko-osuustoiminnalle\/","og_site_name":"Pellervo","article_published_time":"2022-03-25T09:56:36+00:00","article_modified_time":"2022-03-25T10:26:47+00:00","og_image":[{"width":850,"height":527,"url":"https:\/\/pellervo.fi\/wp-content\/uploads\/2020\/04\/sami2.jpg","type":"image\/jpeg"}],"author":"Sami Karhu","twitter_card":"summary_large_image","twitter_creator":"@PellervoFi","twitter_site":"@PellervoFi","twitter_misc":{"Written by":"Sami Karhu","Est. reading time":"6 minutes"},"schema":{"@context":"https:\/\/schema.org","@graph":[{"@type":"Article","@id":"https:\/\/pellervo.fi\/nakokulma\/2022\/03\/25\/parhainta-menestysta-pellervolle-ja-koko-osuustoiminnalle\/#article","isPartOf":{"@id":"https:\/\/pellervo.fi\/nakokulma\/2022\/03\/25\/parhainta-menestysta-pellervolle-ja-koko-osuustoiminnalle\/"},"author":{"name":"Sami Karhu","@id":"https:\/\/pellervo.fi\/#\/schema\/person\/e174a75936465264325e18e15e24b3c4"},"headline":"Parhainta menestyst\u00e4 Pellervolle ja koko osuustoiminnalle","datePublished":"2022-03-25T09:56:36+00:00","dateModified":"2022-03-25T10:26:47+00:00","mainEntityOfPage":{"@id":"https:\/\/pellervo.fi\/nakokulma\/2022\/03\/25\/parhainta-menestysta-pellervolle-ja-koko-osuustoiminnalle\/"},"wordCount":1028,"publisher":{"@id":"https:\/\/pellervo.fi\/#organization"},"image":{"@id":"https:\/\/pellervo.fi\/nakokulma\/2022\/03\/25\/parhainta-menestysta-pellervolle-ja-koko-osuustoiminnalle\/#primaryimage"},"thumbnailUrl":"https:\/\/pellervo.fi\/wp-content\/uploads\/2020\/04\/sami2.jpg","articleSection":["N\u00e4k\u00f6kulma"],"inLanguage":"en-US"},{"@type":"WebPage","@id":"https:\/\/pellervo.fi\/nakokulma\/2022\/03\/25\/parhainta-menestysta-pellervolle-ja-koko-osuustoiminnalle\/","url":"https:\/\/pellervo.fi\/nakokulma\/2022\/03\/25\/parhainta-menestysta-pellervolle-ja-koko-osuustoiminnalle\/","name":"Parhainta menestyst\u00e4 Pellervolle ja koko osuustoiminnalle - Pellervo","isPartOf":{"@id":"https:\/\/pellervo.fi\/#website"},"primaryImageOfPage":{"@id":"https:\/\/pellervo.fi\/nakokulma\/2022\/03\/25\/parhainta-menestysta-pellervolle-ja-koko-osuustoiminnalle\/#primaryimage"},"image":{"@id":"https:\/\/pellervo.fi\/nakokulma\/2022\/03\/25\/parhainta-menestysta-pellervolle-ja-koko-osuustoiminnalle\/#primaryimage"},"thumbnailUrl":"https:\/\/pellervo.fi\/wp-content\/uploads\/2020\/04\/sami2.jpg","datePublished":"2022-03-25T09:56:36+00:00","dateModified":"2022-03-25T10:26:47+00:00","breadcrumb":{"@id":"https:\/\/pellervo.fi\/nakokulma\/2022\/03\/25\/parhainta-menestysta-pellervolle-ja-koko-osuustoiminnalle\/#breadcrumb"},"inLanguage":"en-US","potentialAction":[{"@type":"ReadAction","target":["https:\/\/pellervo.fi\/nakokulma\/2022\/03\/25\/parhainta-menestysta-pellervolle-ja-koko-osuustoiminnalle\/"]}]},{"@type":"ImageObject","inLanguage":"en-US","@id":"https:\/\/pellervo.fi\/nakokulma\/2022\/03\/25\/parhainta-menestysta-pellervolle-ja-koko-osuustoiminnalle\/#primaryimage","url":"https:\/\/pellervo.fi\/wp-content\/uploads\/2020\/04\/sami2.jpg","contentUrl":"https:\/\/pellervo.fi\/wp-content\/uploads\/2020\/04\/sami2.jpg","width":850,"height":527},{"@type":"BreadcrumbList","@id":"https:\/\/pellervo.fi\/nakokulma\/2022\/03\/25\/parhainta-menestysta-pellervolle-ja-koko-osuustoiminnalle\/#breadcrumb","itemListElement":[{"@type":"ListItem","position":1,"name":"Koti","item":"https:\/\/pellervo.fi\/en\/"},{"@type":"ListItem","position":2,"name":"Parhainta menestyst\u00e4 Pellervolle ja koko osuustoiminnalle"}]},{"@type":"WebSite","@id":"https:\/\/pellervo.fi\/#website","url":"https:\/\/pellervo.fi\/","name":"Pellervo","description":"Osuuskuntien keskusj\u00e4rjest\u00f6","publisher":{"@id":"https:\/\/pellervo.fi\/#organization"},"potentialAction":[{"@type":"SearchAction","target":{"@type":"EntryPoint","urlTemplate":"https:\/\/pellervo.fi\/?s={search_term_string}"},"query-input":{"@type":"PropertyValueSpecification","valueRequired":true,"valueName":"search_term_string"}}],"inLanguage":"en-US"},{"@type":"Organization","@id":"https:\/\/pellervo.fi\/#organization","name":"Osuustoimintakeskus Pellervo ry","url":"https:\/\/pellervo.fi\/","logo":{"@type":"ImageObject","inLanguage":"en-US","@id":"https:\/\/pellervo.fi\/#\/schema\/logo\/image\/","url":"https:\/\/pellervo.fi\/wp-content\/uploads\/2020\/05\/Pellervo_logo.png","contentUrl":"https:\/\/pellervo.fi\/wp-content\/uploads\/2020\/05\/Pellervo_logo.png","width":1335,"height":376,"caption":"Osuustoimintakeskus Pellervo ry"},"image":{"@id":"https:\/\/pellervo.fi\/#\/schema\/logo\/image\/"},"sameAs":["https:\/\/x.com\/PellervoFi"]},{"@type":"Person","@id":"https:\/\/pellervo.fi\/#\/schema\/person\/e174a75936465264325e18e15e24b3c4","name":"Sami Karhu","image":{"@type":"ImageObject","inLanguage":"en-US","@id":"https:\/\/pellervo.fi\/wp-content\/uploads\/2017\/02\/sami-karhu-1-of-1-2-96x96.jpg","url":"https:\/\/pellervo.fi\/wp-content\/uploads\/2017\/02\/sami-karhu-1-of-1-2-96x96.jpg","contentUrl":"https:\/\/pellervo.fi\/wp-content\/uploads\/2017\/02\/sami-karhu-1-of-1-2-96x96.jpg","caption":"Sami Karhu"},"description":"Kirjoittaja on Osuustoimintakeskus Pellervon toimitusjohtaja.","url":"https:\/\/pellervo.fi\/en\/author\/samik\/"}]}},"_links":{"self":[{"href":"https:\/\/pellervo.fi\/en\/wp-json\/wp\/v2\/posts\/892955","targetHints":{"allow":["GET"]}}],"collection":[{"href":"https:\/\/pellervo.fi\/en\/wp-json\/wp\/v2\/posts"}],"about":[{"href":"https:\/\/pellervo.fi\/en\/wp-json\/wp\/v2\/types\/post"}],"author":[{"embeddable":true,"href":"https:\/\/pellervo.fi\/en\/wp-json\/wp\/v2\/users\/29"}],"replies":[{"embeddable":true,"href":"https:\/\/pellervo.fi\/en\/wp-json\/wp\/v2\/comments?post=892955"}],"version-history":[{"count":2,"href":"https:\/\/pellervo.fi\/en\/wp-json\/wp\/v2\/posts\/892955\/revisions"}],"predecessor-version":[{"id":892957,"href":"https:\/\/pellervo.fi\/en\/wp-json\/wp\/v2\/posts\/892955\/revisions\/892957"}],"wp:featuredmedia":[{"embeddable":true,"href":"https:\/\/pellervo.fi\/en\/wp-json\/wp\/v2\/media\/886403"}],"wp:attachment":[{"href":"https:\/\/pellervo.fi\/en\/wp-json\/wp\/v2\/media?parent=892955"}],"wp:term":[{"taxonomy":"category","embeddable":true,"href":"https:\/\/pellervo.fi\/en\/wp-json\/wp\/v2\/categories?post=892955"},{"taxonomy":"post_tag","embeddable":true,"href":"https:\/\/pellervo.fi\/en\/wp-json\/wp\/v2\/tags?post=892955"}],"curies":[{"name":"wp","href":"https:\/\/api.w.org\/{rel}","templated":true}]}}