{"id":893480,"date":"2022-06-22T15:29:53","date_gmt":"2022-06-22T12:29:53","guid":{"rendered":"https:\/\/pellervo.fi\/?p=893480"},"modified":"2022-06-23T07:31:41","modified_gmt":"2022-06-23T04:31:41","slug":"yhteisojen-etakokouksia-koskeva-hallituksen-hyvaksyttiin-eduskunnassa","status":"publish","type":"post","link":"https:\/\/pellervo.fi\/en\/uutiset\/2022\/06\/22\/yhteisojen-etakokouksia-koskeva-hallituksen-hyvaksyttiin-eduskunnassa\/","title":{"rendered":"Yhteis\u00f6jen et\u00e4kokouksia koskeva hallituksen esitys hyv\u00e4ksyttiin eduskunnassa"},"content":{"rendered":"\n<p>Eduskunta hyv\u00e4ksyi v\u00e4h\u00e4isin tarkennuksin 21.6.2022<span style=\"text-decoration: underline;\"><a href=\"https:\/\/www.eduskunta.fi\/FI\/vaski\/KasittelytiedotValtiopaivaasia\/Sivut\/HE_47+2022.aspx\" target=\"_blank\" rel=\"noopener\"> hallituksen esityksen<\/a><\/span> yhteis\u00f6jen et\u00e4kokouksia koskevista yhteis\u00f6lakien muutoksista. Lakimuutokset tulevat todenn\u00e4k\u00f6isesti voimaan 1.7.2022.<\/p>\n<p>Et\u00e4kokouksia koskeva keskeisin muutos on mahdollisuus pit\u00e4\u00e4 osuuskunnan kokous pelk\u00e4st\u00e4\u00e4n et\u00e4kokouksena, jos s\u00e4\u00e4nn\u00f6iss\u00e4 niin m\u00e4\u00e4r\u00e4t\u00e4\u00e4n.<\/p>\n","protected":false},"excerpt":{"rendered":"<p>Eduskunta hyv\u00e4ksyi v\u00e4h\u00e4isin tarkennuksin 21.6.2022 hallituksen esityksen yhteis\u00f6jen et\u00e4kokouksia koskevista yhteis\u00f6lakien muutoksista. Lakimuutokset tulevat todenn\u00e4k\u00f6isesti voimaan 1.7.2022. Et\u00e4kokouksia koskeva keskeisin muutos on mahdollisuus pit\u00e4\u00e4 osuuskunnan kokous pelk\u00e4st\u00e4\u00e4n et\u00e4kokouksena, jos s\u00e4\u00e4nn\u00f6iss\u00e4 niin m\u00e4\u00e4r\u00e4t\u00e4\u00e4n.<\/p>\n","protected":false},"author":6,"featured_media":884561,"comment_status":"closed","ping_status":"closed","sticky":false,"template":"","format":"standard","meta":{"inline_featured_image":false,"_monsterinsights_skip_tracking":false,"_monsterinsights_sitenote_active":false,"_monsterinsights_sitenote_note":"","_monsterinsights_sitenote_category":0,"site-sidebar-layout":"default","site-content-layout":"","ast-site-content-layout":"default","site-content-style":"default","site-sidebar-style":"default","ast-global-header-display":"","ast-banner-title-visibility":"","ast-main-header-display":"","ast-hfb-above-header-display":"","ast-hfb-below-header-display":"","ast-hfb-mobile-header-display":"","site-post-title":"","ast-breadcrumbs-content":"","ast-featured-img":"","footer-sml-layout":"","ast-disable-related-posts":"","theme-transparent-header-meta":"","adv-header-id-meta":"","stick-header-meta":"","header-above-stick-meta":"","header-main-stick-meta":"","header-below-stick-meta":"","astra-migrate-meta-layouts":"default","ast-page-background-enabled":"default","ast-page-background-meta":{"desktop":{"background-color":"","background-image":"","background-repeat":"repeat","background-position":"center center","background-size":"auto","background-attachment":"scroll","background-type":"","background-media":"","overlay-type":"","overlay-color":"","overlay-opacity":"","overlay-gradient":""},"tablet":{"background-color":"","background-image":"","background-repeat":"repeat","background-position":"center center","background-size":"auto","background-attachment":"scroll","background-type":"","background-media":"","overlay-type":"","overlay-color":"","overlay-opacity":"","overlay-gradient":""},"mobile":{"background-color":"","background-image":"","background-repeat":"repeat","background-position":"center center","background-size":"auto","background-attachment":"scroll","background-type":"","background-media":"","overlay-type":"","overlay-color":"","overlay-opacity":"","overlay-gradient":""}},"ast-content-background-meta":{"desktop":{"background-color":"var(--ast-global-color-5)","background-image":"","background-repeat":"repeat","background-position":"center center","background-size":"auto","background-attachment":"scroll","background-type":"","background-media":"","overlay-type":"","overlay-color":"","overlay-opacity":"","overlay-gradient":""},"tablet":{"background-color":"var(--ast-global-color-5)","background-image":"","background-repeat":"repeat","background-position":"center center","background-size":"auto","background-attachment":"scroll","background-type":"","background-media":"","overlay-type":"","overlay-color":"","overlay-opacity":"","overlay-gradient":""},"mobile":{"background-color":"var(--ast-global-color-5)","background-image":"","background-repeat":"repeat","background-position":"center center","background-size":"auto","background-attachment":"scroll","background-type":"","background-media":"","overlay-type":"","overlay-color":"","overlay-opacity":"","overlay-gradient":""}},"_FSMCFIC_featured_image_caption":"","_FSMCFIC_featured_image_nocaption":"","_FSMCFIC_featured_image_hide":"","footnotes":""},"categories":[22],"tags":[],"class_list":["post-893480","post","type-post","status-publish","format-standard","has-post-thumbnail","hentry","category-uutiset"],"yoast_head":"<!-- This site is optimized with the Yoast SEO plugin v27.5 - https:\/\/yoast.com\/product\/yoast-seo-wordpress\/ -->\n<title>Yhteis\u00f6jen et\u00e4kokouksia koskeva hallituksen esitys hyv\u00e4ksyttiin eduskunnassa - Pellervo<\/title>\n<meta name=\"robots\" content=\"index, follow, max-snippet:-1, max-image-preview:large, max-video-preview:-1\" \/>\n<link rel=\"canonical\" href=\"https:\/\/pellervo.fi\/uutiset\/2022\/06\/22\/yhteisojen-etakokouksia-koskeva-hallituksen-hyvaksyttiin-eduskunnassa\/\" \/>\n<meta property=\"og:locale\" content=\"en_US\" \/>\n<meta property=\"og:type\" content=\"article\" \/>\n<meta property=\"og:title\" content=\"Yhteis\u00f6jen et\u00e4kokouksia koskeva hallituksen esitys hyv\u00e4ksyttiin eduskunnassa - Pellervo\" \/>\n<meta property=\"og:description\" content=\"Eduskunta hyv\u00e4ksyi v\u00e4h\u00e4isin tarkennuksin 21.6.2022 hallituksen esityksen yhteis\u00f6jen et\u00e4kokouksia koskevista yhteis\u00f6lakien muutoksista. Lakimuutokset tulevat todenn\u00e4k\u00f6isesti voimaan 1.7.2022. Et\u00e4kokouksia koskeva keskeisin muutos on mahdollisuus pit\u00e4\u00e4 osuuskunnan kokous pelk\u00e4st\u00e4\u00e4n et\u00e4kokouksena, jos s\u00e4\u00e4nn\u00f6iss\u00e4 niin m\u00e4\u00e4r\u00e4t\u00e4\u00e4n.\" \/>\n<meta property=\"og:url\" content=\"https:\/\/pellervo.fi\/uutiset\/2022\/06\/22\/yhteisojen-etakokouksia-koskeva-hallituksen-hyvaksyttiin-eduskunnassa\/\" \/>\n<meta property=\"og:site_name\" content=\"Pellervo\" \/>\n<meta property=\"article:published_time\" content=\"2022-06-22T12:29:53+00:00\" \/>\n<meta property=\"article:modified_time\" content=\"2022-06-23T04:31:41+00:00\" \/>\n<meta property=\"og:image\" content=\"https:\/\/pellervo.fi\/wp-content\/uploads\/2018\/09\/nuija-laki.jpg\" \/>\n\t<meta property=\"og:image:width\" content=\"850\" \/>\n\t<meta property=\"og:image:height\" content=\"566\" \/>\n\t<meta property=\"og:image:type\" content=\"image\/jpeg\" \/>\n<meta name=\"author\" content=\"Hanna Muukka\" \/>\n<meta name=\"twitter:card\" content=\"summary_large_image\" \/>\n<meta name=\"twitter:creator\" content=\"@PellervoFi\" \/>\n<meta name=\"twitter:site\" content=\"@PellervoFi\" \/>\n<meta name=\"twitter:label1\" content=\"Written by\" \/>\n\t<meta name=\"twitter:data1\" content=\"Hanna Muukka\" \/>\n\t<meta name=\"twitter:label2\" content=\"Est. reading time\" \/>\n\t<meta name=\"twitter:data2\" content=\"1 minute\" \/>\n<script type=\"application\/ld+json\" class=\"yoast-schema-graph\">{\"@context\":\"https:\\\/\\\/schema.org\",\"@graph\":[{\"@type\":\"Article\",\"@id\":\"https:\\\/\\\/pellervo.fi\\\/uutiset\\\/2022\\\/06\\\/22\\\/yhteisojen-etakokouksia-koskeva-hallituksen-hyvaksyttiin-eduskunnassa\\\/#article\",\"isPartOf\":{\"@id\":\"https:\\\/\\\/pellervo.fi\\\/uutiset\\\/2022\\\/06\\\/22\\\/yhteisojen-etakokouksia-koskeva-hallituksen-hyvaksyttiin-eduskunnassa\\\/\"},\"author\":{\"name\":\"Hanna Muukka\",\"@id\":\"https:\\\/\\\/pellervo.fi\\\/#\\\/schema\\\/person\\\/f001b7c670bab10e5236b09672d9e6a3\"},\"headline\":\"Yhteis\u00f6jen et\u00e4kokouksia koskeva hallituksen esitys hyv\u00e4ksyttiin eduskunnassa\",\"datePublished\":\"2022-06-22T12:29:53+00:00\",\"dateModified\":\"2022-06-23T04:31:41+00:00\",\"mainEntityOfPage\":{\"@id\":\"https:\\\/\\\/pellervo.fi\\\/uutiset\\\/2022\\\/06\\\/22\\\/yhteisojen-etakokouksia-koskeva-hallituksen-hyvaksyttiin-eduskunnassa\\\/\"},\"wordCount\":57,\"publisher\":{\"@id\":\"https:\\\/\\\/pellervo.fi\\\/#organization\"},\"image\":{\"@id\":\"https:\\\/\\\/pellervo.fi\\\/uutiset\\\/2022\\\/06\\\/22\\\/yhteisojen-etakokouksia-koskeva-hallituksen-hyvaksyttiin-eduskunnassa\\\/#primaryimage\"},\"thumbnailUrl\":\"https:\\\/\\\/pellervo.fi\\\/wp-content\\\/uploads\\\/2018\\\/09\\\/nuija-laki.jpg\",\"articleSection\":[\"Uutiset\"],\"inLanguage\":\"en-US\"},{\"@type\":\"WebPage\",\"@id\":\"https:\\\/\\\/pellervo.fi\\\/uutiset\\\/2022\\\/06\\\/22\\\/yhteisojen-etakokouksia-koskeva-hallituksen-hyvaksyttiin-eduskunnassa\\\/\",\"url\":\"https:\\\/\\\/pellervo.fi\\\/uutiset\\\/2022\\\/06\\\/22\\\/yhteisojen-etakokouksia-koskeva-hallituksen-hyvaksyttiin-eduskunnassa\\\/\",\"name\":\"Yhteis\u00f6jen et\u00e4kokouksia koskeva hallituksen esitys hyv\u00e4ksyttiin eduskunnassa - Pellervo\",\"isPartOf\":{\"@id\":\"https:\\\/\\\/pellervo.fi\\\/#website\"},\"primaryImageOfPage\":{\"@id\":\"https:\\\/\\\/pellervo.fi\\\/uutiset\\\/2022\\\/06\\\/22\\\/yhteisojen-etakokouksia-koskeva-hallituksen-hyvaksyttiin-eduskunnassa\\\/#primaryimage\"},\"image\":{\"@id\":\"https:\\\/\\\/pellervo.fi\\\/uutiset\\\/2022\\\/06\\\/22\\\/yhteisojen-etakokouksia-koskeva-hallituksen-hyvaksyttiin-eduskunnassa\\\/#primaryimage\"},\"thumbnailUrl\":\"https:\\\/\\\/pellervo.fi\\\/wp-content\\\/uploads\\\/2018\\\/09\\\/nuija-laki.jpg\",\"datePublished\":\"2022-06-22T12:29:53+00:00\",\"dateModified\":\"2022-06-23T04:31:41+00:00\",\"breadcrumb\":{\"@id\":\"https:\\\/\\\/pellervo.fi\\\/uutiset\\\/2022\\\/06\\\/22\\\/yhteisojen-etakokouksia-koskeva-hallituksen-hyvaksyttiin-eduskunnassa\\\/#breadcrumb\"},\"inLanguage\":\"en-US\",\"potentialAction\":[{\"@type\":\"ReadAction\",\"target\":[\"https:\\\/\\\/pellervo.fi\\\/uutiset\\\/2022\\\/06\\\/22\\\/yhteisojen-etakokouksia-koskeva-hallituksen-hyvaksyttiin-eduskunnassa\\\/\"]}]},{\"@type\":\"ImageObject\",\"inLanguage\":\"en-US\",\"@id\":\"https:\\\/\\\/pellervo.fi\\\/uutiset\\\/2022\\\/06\\\/22\\\/yhteisojen-etakokouksia-koskeva-hallituksen-hyvaksyttiin-eduskunnassa\\\/#primaryimage\",\"url\":\"https:\\\/\\\/pellervo.fi\\\/wp-content\\\/uploads\\\/2018\\\/09\\\/nuija-laki.jpg\",\"contentUrl\":\"https:\\\/\\\/pellervo.fi\\\/wp-content\\\/uploads\\\/2018\\\/09\\\/nuija-laki.jpg\",\"width\":850,\"height\":566},{\"@type\":\"BreadcrumbList\",\"@id\":\"https:\\\/\\\/pellervo.fi\\\/uutiset\\\/2022\\\/06\\\/22\\\/yhteisojen-etakokouksia-koskeva-hallituksen-hyvaksyttiin-eduskunnassa\\\/#breadcrumb\",\"itemListElement\":[{\"@type\":\"ListItem\",\"position\":1,\"name\":\"Koti\",\"item\":\"https:\\\/\\\/pellervo.fi\\\/en\\\/\"},{\"@type\":\"ListItem\",\"position\":2,\"name\":\"Yhteis\u00f6jen et\u00e4kokouksia koskeva hallituksen esitys hyv\u00e4ksyttiin eduskunnassa\"}]},{\"@type\":\"WebSite\",\"@id\":\"https:\\\/\\\/pellervo.fi\\\/#website\",\"url\":\"https:\\\/\\\/pellervo.fi\\\/\",\"name\":\"Pellervo\",\"description\":\"Osuuskuntien keskusj\u00e4rjest\u00f6\",\"publisher\":{\"@id\":\"https:\\\/\\\/pellervo.fi\\\/#organization\"},\"potentialAction\":[{\"@type\":\"SearchAction\",\"target\":{\"@type\":\"EntryPoint\",\"urlTemplate\":\"https:\\\/\\\/pellervo.fi\\\/?s={search_term_string}\"},\"query-input\":{\"@type\":\"PropertyValueSpecification\",\"valueRequired\":true,\"valueName\":\"search_term_string\"}}],\"inLanguage\":\"en-US\"},{\"@type\":\"Organization\",\"@id\":\"https:\\\/\\\/pellervo.fi\\\/#organization\",\"name\":\"Osuustoimintakeskus Pellervo ry\",\"url\":\"https:\\\/\\\/pellervo.fi\\\/\",\"logo\":{\"@type\":\"ImageObject\",\"inLanguage\":\"en-US\",\"@id\":\"https:\\\/\\\/pellervo.fi\\\/#\\\/schema\\\/logo\\\/image\\\/\",\"url\":\"https:\\\/\\\/pellervo.fi\\\/wp-content\\\/uploads\\\/2020\\\/05\\\/Pellervo_logo.png\",\"contentUrl\":\"https:\\\/\\\/pellervo.fi\\\/wp-content\\\/uploads\\\/2020\\\/05\\\/Pellervo_logo.png\",\"width\":1335,\"height\":376,\"caption\":\"Osuustoimintakeskus Pellervo ry\"},\"image\":{\"@id\":\"https:\\\/\\\/pellervo.fi\\\/#\\\/schema\\\/logo\\\/image\\\/\"},\"sameAs\":[\"https:\\\/\\\/x.com\\\/PellervoFi\"]},{\"@type\":\"Person\",\"@id\":\"https:\\\/\\\/pellervo.fi\\\/#\\\/schema\\\/person\\\/f001b7c670bab10e5236b09672d9e6a3\",\"name\":\"Hanna Muukka\",\"image\":{\"@type\":\"ImageObject\",\"inLanguage\":\"en-US\",\"@id\":\"https:\\\/\\\/pellervo.fi\\\/wp-content\\\/uploads\\\/2014\\\/02\\\/Hanna-Muukka_avatar_1393417732-96x96.jpg\",\"url\":\"https:\\\/\\\/pellervo.fi\\\/wp-content\\\/uploads\\\/2014\\\/02\\\/Hanna-Muukka_avatar_1393417732-96x96.jpg\",\"contentUrl\":\"https:\\\/\\\/pellervo.fi\\\/wp-content\\\/uploads\\\/2014\\\/02\\\/Hanna-Muukka_avatar_1393417732-96x96.jpg\",\"caption\":\"Hanna Muukka\"},\"description\":\"Kirjoittaja ty\u00f6skentelee Osuustoimintakeskus Pellervossa vastuullisuusasiantuntijana.\",\"url\":\"https:\\\/\\\/pellervo.fi\\\/en\\\/author\\\/hannamuu\\\/\"}]}<\/script>\n<!-- \/ Yoast SEO plugin. -->","yoast_head_json":{"title":"Yhteis\u00f6jen et\u00e4kokouksia koskeva hallituksen esitys hyv\u00e4ksyttiin eduskunnassa - Pellervo","robots":{"index":"index","follow":"follow","max-snippet":"max-snippet:-1","max-image-preview":"max-image-preview:large","max-video-preview":"max-video-preview:-1"},"canonical":"https:\/\/pellervo.fi\/uutiset\/2022\/06\/22\/yhteisojen-etakokouksia-koskeva-hallituksen-hyvaksyttiin-eduskunnassa\/","og_locale":"en_US","og_type":"article","og_title":"Yhteis\u00f6jen et\u00e4kokouksia koskeva hallituksen esitys hyv\u00e4ksyttiin eduskunnassa - Pellervo","og_description":"Eduskunta hyv\u00e4ksyi v\u00e4h\u00e4isin tarkennuksin 21.6.2022 hallituksen esityksen yhteis\u00f6jen et\u00e4kokouksia koskevista yhteis\u00f6lakien muutoksista. Lakimuutokset tulevat todenn\u00e4k\u00f6isesti voimaan 1.7.2022. Et\u00e4kokouksia koskeva keskeisin muutos on mahdollisuus pit\u00e4\u00e4 osuuskunnan kokous pelk\u00e4st\u00e4\u00e4n et\u00e4kokouksena, jos s\u00e4\u00e4nn\u00f6iss\u00e4 niin m\u00e4\u00e4r\u00e4t\u00e4\u00e4n.","og_url":"https:\/\/pellervo.fi\/uutiset\/2022\/06\/22\/yhteisojen-etakokouksia-koskeva-hallituksen-hyvaksyttiin-eduskunnassa\/","og_site_name":"Pellervo","article_published_time":"2022-06-22T12:29:53+00:00","article_modified_time":"2022-06-23T04:31:41+00:00","og_image":[{"width":850,"height":566,"url":"https:\/\/pellervo.fi\/wp-content\/uploads\/2018\/09\/nuija-laki.jpg","type":"image\/jpeg"}],"author":"Hanna Muukka","twitter_card":"summary_large_image","twitter_creator":"@PellervoFi","twitter_site":"@PellervoFi","twitter_misc":{"Written by":"Hanna Muukka","Est. reading time":"1 minute"},"schema":{"@context":"https:\/\/schema.org","@graph":[{"@type":"Article","@id":"https:\/\/pellervo.fi\/uutiset\/2022\/06\/22\/yhteisojen-etakokouksia-koskeva-hallituksen-hyvaksyttiin-eduskunnassa\/#article","isPartOf":{"@id":"https:\/\/pellervo.fi\/uutiset\/2022\/06\/22\/yhteisojen-etakokouksia-koskeva-hallituksen-hyvaksyttiin-eduskunnassa\/"},"author":{"name":"Hanna Muukka","@id":"https:\/\/pellervo.fi\/#\/schema\/person\/f001b7c670bab10e5236b09672d9e6a3"},"headline":"Yhteis\u00f6jen et\u00e4kokouksia koskeva hallituksen esitys hyv\u00e4ksyttiin eduskunnassa","datePublished":"2022-06-22T12:29:53+00:00","dateModified":"2022-06-23T04:31:41+00:00","mainEntityOfPage":{"@id":"https:\/\/pellervo.fi\/uutiset\/2022\/06\/22\/yhteisojen-etakokouksia-koskeva-hallituksen-hyvaksyttiin-eduskunnassa\/"},"wordCount":57,"publisher":{"@id":"https:\/\/pellervo.fi\/#organization"},"image":{"@id":"https:\/\/pellervo.fi\/uutiset\/2022\/06\/22\/yhteisojen-etakokouksia-koskeva-hallituksen-hyvaksyttiin-eduskunnassa\/#primaryimage"},"thumbnailUrl":"https:\/\/pellervo.fi\/wp-content\/uploads\/2018\/09\/nuija-laki.jpg","articleSection":["Uutiset"],"inLanguage":"en-US"},{"@type":"WebPage","@id":"https:\/\/pellervo.fi\/uutiset\/2022\/06\/22\/yhteisojen-etakokouksia-koskeva-hallituksen-hyvaksyttiin-eduskunnassa\/","url":"https:\/\/pellervo.fi\/uutiset\/2022\/06\/22\/yhteisojen-etakokouksia-koskeva-hallituksen-hyvaksyttiin-eduskunnassa\/","name":"Yhteis\u00f6jen et\u00e4kokouksia koskeva hallituksen esitys hyv\u00e4ksyttiin eduskunnassa - Pellervo","isPartOf":{"@id":"https:\/\/pellervo.fi\/#website"},"primaryImageOfPage":{"@id":"https:\/\/pellervo.fi\/uutiset\/2022\/06\/22\/yhteisojen-etakokouksia-koskeva-hallituksen-hyvaksyttiin-eduskunnassa\/#primaryimage"},"image":{"@id":"https:\/\/pellervo.fi\/uutiset\/2022\/06\/22\/yhteisojen-etakokouksia-koskeva-hallituksen-hyvaksyttiin-eduskunnassa\/#primaryimage"},"thumbnailUrl":"https:\/\/pellervo.fi\/wp-content\/uploads\/2018\/09\/nuija-laki.jpg","datePublished":"2022-06-22T12:29:53+00:00","dateModified":"2022-06-23T04:31:41+00:00","breadcrumb":{"@id":"https:\/\/pellervo.fi\/uutiset\/2022\/06\/22\/yhteisojen-etakokouksia-koskeva-hallituksen-hyvaksyttiin-eduskunnassa\/#breadcrumb"},"inLanguage":"en-US","potentialAction":[{"@type":"ReadAction","target":["https:\/\/pellervo.fi\/uutiset\/2022\/06\/22\/yhteisojen-etakokouksia-koskeva-hallituksen-hyvaksyttiin-eduskunnassa\/"]}]},{"@type":"ImageObject","inLanguage":"en-US","@id":"https:\/\/pellervo.fi\/uutiset\/2022\/06\/22\/yhteisojen-etakokouksia-koskeva-hallituksen-hyvaksyttiin-eduskunnassa\/#primaryimage","url":"https:\/\/pellervo.fi\/wp-content\/uploads\/2018\/09\/nuija-laki.jpg","contentUrl":"https:\/\/pellervo.fi\/wp-content\/uploads\/2018\/09\/nuija-laki.jpg","width":850,"height":566},{"@type":"BreadcrumbList","@id":"https:\/\/pellervo.fi\/uutiset\/2022\/06\/22\/yhteisojen-etakokouksia-koskeva-hallituksen-hyvaksyttiin-eduskunnassa\/#breadcrumb","itemListElement":[{"@type":"ListItem","position":1,"name":"Koti","item":"https:\/\/pellervo.fi\/en\/"},{"@type":"ListItem","position":2,"name":"Yhteis\u00f6jen et\u00e4kokouksia koskeva hallituksen esitys hyv\u00e4ksyttiin eduskunnassa"}]},{"@type":"WebSite","@id":"https:\/\/pellervo.fi\/#website","url":"https:\/\/pellervo.fi\/","name":"Pellervo","description":"Osuuskuntien keskusj\u00e4rjest\u00f6","publisher":{"@id":"https:\/\/pellervo.fi\/#organization"},"potentialAction":[{"@type":"SearchAction","target":{"@type":"EntryPoint","urlTemplate":"https:\/\/pellervo.fi\/?s={search_term_string}"},"query-input":{"@type":"PropertyValueSpecification","valueRequired":true,"valueName":"search_term_string"}}],"inLanguage":"en-US"},{"@type":"Organization","@id":"https:\/\/pellervo.fi\/#organization","name":"Osuustoimintakeskus Pellervo ry","url":"https:\/\/pellervo.fi\/","logo":{"@type":"ImageObject","inLanguage":"en-US","@id":"https:\/\/pellervo.fi\/#\/schema\/logo\/image\/","url":"https:\/\/pellervo.fi\/wp-content\/uploads\/2020\/05\/Pellervo_logo.png","contentUrl":"https:\/\/pellervo.fi\/wp-content\/uploads\/2020\/05\/Pellervo_logo.png","width":1335,"height":376,"caption":"Osuustoimintakeskus Pellervo ry"},"image":{"@id":"https:\/\/pellervo.fi\/#\/schema\/logo\/image\/"},"sameAs":["https:\/\/x.com\/PellervoFi"]},{"@type":"Person","@id":"https:\/\/pellervo.fi\/#\/schema\/person\/f001b7c670bab10e5236b09672d9e6a3","name":"Hanna Muukka","image":{"@type":"ImageObject","inLanguage":"en-US","@id":"https:\/\/pellervo.fi\/wp-content\/uploads\/2014\/02\/Hanna-Muukka_avatar_1393417732-96x96.jpg","url":"https:\/\/pellervo.fi\/wp-content\/uploads\/2014\/02\/Hanna-Muukka_avatar_1393417732-96x96.jpg","contentUrl":"https:\/\/pellervo.fi\/wp-content\/uploads\/2014\/02\/Hanna-Muukka_avatar_1393417732-96x96.jpg","caption":"Hanna Muukka"},"description":"Kirjoittaja ty\u00f6skentelee Osuustoimintakeskus Pellervossa vastuullisuusasiantuntijana.","url":"https:\/\/pellervo.fi\/en\/author\/hannamuu\/"}]}},"_links":{"self":[{"href":"https:\/\/pellervo.fi\/en\/wp-json\/wp\/v2\/posts\/893480","targetHints":{"allow":["GET"]}}],"collection":[{"href":"https:\/\/pellervo.fi\/en\/wp-json\/wp\/v2\/posts"}],"about":[{"href":"https:\/\/pellervo.fi\/en\/wp-json\/wp\/v2\/types\/post"}],"author":[{"embeddable":true,"href":"https:\/\/pellervo.fi\/en\/wp-json\/wp\/v2\/users\/6"}],"replies":[{"embeddable":true,"href":"https:\/\/pellervo.fi\/en\/wp-json\/wp\/v2\/comments?post=893480"}],"version-history":[{"count":4,"href":"https:\/\/pellervo.fi\/en\/wp-json\/wp\/v2\/posts\/893480\/revisions"}],"predecessor-version":[{"id":893497,"href":"https:\/\/pellervo.fi\/en\/wp-json\/wp\/v2\/posts\/893480\/revisions\/893497"}],"wp:featuredmedia":[{"embeddable":true,"href":"https:\/\/pellervo.fi\/en\/wp-json\/wp\/v2\/media\/884561"}],"wp:attachment":[{"href":"https:\/\/pellervo.fi\/en\/wp-json\/wp\/v2\/media?parent=893480"}],"wp:term":[{"taxonomy":"category","embeddable":true,"href":"https:\/\/pellervo.fi\/en\/wp-json\/wp\/v2\/categories?post=893480"},{"taxonomy":"post_tag","embeddable":true,"href":"https:\/\/pellervo.fi\/en\/wp-json\/wp\/v2\/tags?post=893480"}],"curies":[{"name":"wp","href":"https:\/\/api.w.org\/{rel}","templated":true}]}}