{"id":893742,"date":"2022-08-29T15:02:33","date_gmt":"2022-08-29T12:02:33","guid":{"rendered":"https:\/\/pellervo.fi\/?p=893742"},"modified":"2022-08-29T15:02:36","modified_gmt":"2022-08-29T12:02:36","slug":"atrian-aurinkopuiston-laajennus-lahes-kaksinkertaistaa-nykyisen-paneelitehon-uusi-investointi-nurmossa-otetaan-kayttoon-taman-vuoden-aikana","status":"publish","type":"post","link":"https:\/\/pellervo.fi\/en\/vastuullisuus\/2022\/08\/29\/atrian-aurinkopuiston-laajennus-lahes-kaksinkertaistaa-nykyisen-paneelitehon-uusi-investointi-nurmossa-otetaan-kayttoon-taman-vuoden-aikana\/","title":{"rendered":"Atrian aurinkopuiston laajennus l\u00e4hes kaksinkertaistaa nykyisen  paneelitehon &#8211; uusi investointi Nurmossa otetaan k\u00e4ytt\u00f6\u00f6n t\u00e4m\u00e4n vuoden  aikana"},"content":{"rendered":"\n<p>&#8211; Uusiutuvan, p\u00e4\u00e4st\u00f6tt\u00f6m\u00e4n aurinkoenergian hy\u00f6dynt\u00e4minen vie meit\u00e4 osaltaan kohti t\u00e4rkeint\u00e4 tavoitettamme: Atrian hiilineutraalia ruokaketjua. Kokemukset aurinkoenergiasta ovat olleet pelk\u00e4st\u00e4\u00e4n positiivisia, ja nyt rakenteilla oleva hanke l\u00e4hes kaksinkertaistaa nykyisen aurinkovoimalan kapasiteetin. Hankkeen toteuttaja Nurmon Aurinko Oy on saanut Business Finlandilta 20 prosentin suuruisen energiatuen. Hankkeen kokonaiskustannusarvio on noin 2,7 miljoonaa euroa, kertoo Atrian tekninen johtaja\u00a0<strong>Eero Ylisel\u00e4<\/strong>.<\/p>\n<p>&#8211; Aurinkovoimalan laajennus on merkitt\u00e4v\u00e4 projekti koko Suomen aurinkos\u00e4hk\u00f6alalla. Nykyinen voimala on t\u00e4ll\u00e4 hetkell\u00e4 Suomen suurin ja laajennusosa itsess\u00e4\u00e4n on yksi suurimpia rakenteilla olevista aurinkovoimaloista. Uutena tekniikkana voimalassa k\u00e4ytet\u00e4\u00e4n kaksipuoleista (bi-facial) aurinkopaneelia, joka tuottaa energiaa my\u00f6s paneelin takapuolelle heijastuvasta hajas\u00e4teilyst\u00e4. T\u00e4m\u00e4 parantaa aurinkovoimalan hy\u00f6tysuhdetta ja kasvattaa vuosittaista energiantuotantoa verrattuna perinteiseen teknologiaan, sanooSolarigo Systems Oy:n projektip\u00e4\u00e4llikk\u00f6<strong> Juho Lasonen<\/strong>.<\/p>\n<p>Kun laajennus valmistuu, Atria kattaa vuosikulutuksestaan noin 8 % aurinkos\u00e4hk\u00f6ll\u00e4. Aurinkovoimalan laajennusosa sijaitsee Atrian Nurmon tehtaan yhteydess\u00e4 alueen it\u00e4puolella, uuden siipikarjatehtaan v\u00e4litt\u00f6m\u00e4ss\u00e4 l\u00e4heisyydess\u00e4.<\/p>\n<p>Atrian Nurmon tehtaan yhteydess\u00e4 oleva aurinkovoimala on kokoluokaltaan Suomen suurin. Vuonna 2018 k\u00e4ytt\u00f6\u00f6notettu voimala k\u00e4sitt\u00e4\u00e4 yhteens\u00e4 noin 22 000 aurinkopaneelia maa- ja kattoasennuksina, jotka vastaavat toteutuman pohjalta noin 5 000 MWh:n vuotuista s\u00e4hk\u00f6ntuotantoa. Laajennusosan k\u00e4ytt\u00f6\u00f6noton j\u00e4lkeen Atrian vuotuinen aurinkos\u00e4hk\u00f6n tuotanto on noin 9 000 MWh. Hanke v\u00e4hent\u00e4\u00e4 edelleen kokonaisp\u00e4\u00e4st\u00f6j\u00e4 ja parantaa tehtaan energiatehokkuutta lis\u00e4ten my\u00f6s Atrian energiaomavaraisuutta.<\/p>\n<p>Atria toimii edell\u00e4k\u00e4vij\u00e4n\u00e4 aurinkos\u00e4hk\u00f6n teollisessa k\u00e4ytt\u00f6\u00f6notossa. V\u00e4h\u00e4p\u00e4\u00e4st\u00f6isesti tuotettu kotimainen ruoka on osa yhti\u00f6n ymp\u00e4rist\u00f6vastuullisuutta, joka kattaa koko ruokaketjun. Aurinkos\u00e4hk\u00f6 on kest\u00e4v\u00e4n kehityksen mukainen valinta sek\u00e4 tukee luonnonvarojen hallittua k\u00e4ytt\u00f6\u00e4 ja samalla siin\u00e4 panostetaan tulevaisuuden toimintaedellytyksiin.<\/p>\n","protected":false},"excerpt":{"rendered":"<p>Uusiutuvan, p\u00e4\u00e4st\u00f6tt\u00f6m\u00e4n aurinkoenergian hy\u00f6dynt\u00e4minen vie Atriaa osaltaan kohti t\u00e4rkeint\u00e4 tavoitetta: Atrian hiilineutraalia ruokaketjua. Kokemukset aurinkoenergiasta ovat olleet pelk\u00e4st\u00e4\u00e4n positiivisia, ja nyt rakenteilla oleva hanke l\u00e4hes kaksinkertaistaa nykyisen aurinkovoimalan kapasiteetin. Hankkeen toteuttaja on Nurmon Aurinko Oy.<\/p>\n","protected":false},"author":6,"featured_media":893743,"comment_status":"closed","ping_status":"closed","sticky":false,"template":"","format":"standard","meta":{"inline_featured_image":false,"_monsterinsights_skip_tracking":false,"_monsterinsights_sitenote_active":false,"_monsterinsights_sitenote_note":"","_monsterinsights_sitenote_category":0,"site-sidebar-layout":"default","site-content-layout":"","ast-site-content-layout":"default","site-content-style":"default","site-sidebar-style":"default","ast-global-header-display":"","ast-banner-title-visibility":"","ast-main-header-display":"","ast-hfb-above-header-display":"","ast-hfb-below-header-display":"","ast-hfb-mobile-header-display":"","site-post-title":"","ast-breadcrumbs-content":"","ast-featured-img":"","footer-sml-layout":"","ast-disable-related-posts":"","theme-transparent-header-meta":"","adv-header-id-meta":"","stick-header-meta":"","header-above-stick-meta":"","header-main-stick-meta":"","header-below-stick-meta":"","astra-migrate-meta-layouts":"default","ast-page-background-enabled":"default","ast-page-background-meta":{"desktop":{"background-color":"","background-image":"","background-repeat":"repeat","background-position":"center center","background-size":"auto","background-attachment":"scroll","background-type":"","background-media":"","overlay-type":"","overlay-color":"","overlay-opacity":"","overlay-gradient":""},"tablet":{"background-color":"","background-image":"","background-repeat":"repeat","background-position":"center center","background-size":"auto","background-attachment":"scroll","background-type":"","background-media":"","overlay-type":"","overlay-color":"","overlay-opacity":"","overlay-gradient":""},"mobile":{"background-color":"","background-image":"","background-repeat":"repeat","background-position":"center center","background-size":"auto","background-attachment":"scroll","background-type":"","background-media":"","overlay-type":"","overlay-color":"","overlay-opacity":"","overlay-gradient":""}},"ast-content-background-meta":{"desktop":{"background-color":"var(--ast-global-color-5)","background-image":"","background-repeat":"repeat","background-position":"center center","background-size":"auto","background-attachment":"scroll","background-type":"","background-media":"","overlay-type":"","overlay-color":"","overlay-opacity":"","overlay-gradient":""},"tablet":{"background-color":"var(--ast-global-color-5)","background-image":"","background-repeat":"repeat","background-position":"center center","background-size":"auto","background-attachment":"scroll","background-type":"","background-media":"","overlay-type":"","overlay-color":"","overlay-opacity":"","overlay-gradient":""},"mobile":{"background-color":"var(--ast-global-color-5)","background-image":"","background-repeat":"repeat","background-position":"center center","background-size":"auto","background-attachment":"scroll","background-type":"","background-media":"","overlay-type":"","overlay-color":"","overlay-opacity":"","overlay-gradient":""}},"_FSMCFIC_featured_image_caption":"","_FSMCFIC_featured_image_nocaption":"","_FSMCFIC_featured_image_hide":"","footnotes":""},"categories":[224],"tags":[],"class_list":["post-893742","post","type-post","status-publish","format-standard","has-post-thumbnail","hentry","category-vastuullisuus"],"yoast_head":"<!-- This site is optimized with the Yoast SEO plugin v27.4 - https:\/\/yoast.com\/product\/yoast-seo-wordpress\/ -->\n<title>Atrian aurinkopuiston laajennus l\u00e4hes kaksinkertaistaa nykyisen paneelitehon - uusi investointi Nurmossa otetaan k\u00e4ytt\u00f6\u00f6n t\u00e4m\u00e4n vuoden aikana - Pellervo<\/title>\n<meta name=\"robots\" content=\"index, follow, max-snippet:-1, max-image-preview:large, max-video-preview:-1\" \/>\n<link rel=\"canonical\" href=\"https:\/\/pellervo.fi\/vastuullisuus\/2022\/08\/29\/atrian-aurinkopuiston-laajennus-lahes-kaksinkertaistaa-nykyisen-paneelitehon-uusi-investointi-nurmossa-otetaan-kayttoon-taman-vuoden-aikana\/\" \/>\n<meta property=\"og:locale\" content=\"en_US\" \/>\n<meta property=\"og:type\" content=\"article\" \/>\n<meta property=\"og:title\" content=\"Atrian aurinkopuiston laajennus l\u00e4hes kaksinkertaistaa nykyisen paneelitehon - uusi investointi Nurmossa otetaan k\u00e4ytt\u00f6\u00f6n t\u00e4m\u00e4n vuoden aikana - Pellervo\" \/>\n<meta property=\"og:description\" content=\"Uusiutuvan, p\u00e4\u00e4st\u00f6tt\u00f6m\u00e4n aurinkoenergian hy\u00f6dynt\u00e4minen vie Atriaa osaltaan kohti t\u00e4rkeint\u00e4 tavoitetta: Atrian hiilineutraalia ruokaketjua. Kokemukset aurinkoenergiasta ovat olleet pelk\u00e4st\u00e4\u00e4n positiivisia, ja nyt rakenteilla oleva hanke l\u00e4hes kaksinkertaistaa nykyisen aurinkovoimalan kapasiteetin. Hankkeen toteuttaja on Nurmon Aurinko Oy.\" \/>\n<meta property=\"og:url\" content=\"https:\/\/pellervo.fi\/vastuullisuus\/2022\/08\/29\/atrian-aurinkopuiston-laajennus-lahes-kaksinkertaistaa-nykyisen-paneelitehon-uusi-investointi-nurmossa-otetaan-kayttoon-taman-vuoden-aikana\/\" \/>\n<meta property=\"og:site_name\" content=\"Pellervo\" \/>\n<meta property=\"article:published_time\" content=\"2022-08-29T12:02:33+00:00\" \/>\n<meta property=\"article:modified_time\" content=\"2022-08-29T12:02:36+00:00\" \/>\n<meta property=\"og:image\" content=\"https:\/\/pellervo.fi\/wp-content\/uploads\/2022\/08\/Atria_aurinkopaneelit.jpg\" \/>\n\t<meta property=\"og:image:width\" content=\"1355\" \/>\n\t<meta property=\"og:image:height\" content=\"757\" \/>\n\t<meta property=\"og:image:type\" content=\"image\/jpeg\" \/>\n<meta name=\"author\" content=\"Hanna Muukka\" \/>\n<meta name=\"twitter:card\" content=\"summary_large_image\" \/>\n<meta name=\"twitter:creator\" content=\"@PellervoFi\" \/>\n<meta name=\"twitter:site\" content=\"@PellervoFi\" \/>\n<meta name=\"twitter:label1\" content=\"Written by\" \/>\n\t<meta name=\"twitter:data1\" content=\"Hanna Muukka\" \/>\n\t<meta name=\"twitter:label2\" content=\"Est. reading time\" \/>\n\t<meta name=\"twitter:data2\" content=\"2 minutes\" \/>\n<script type=\"application\/ld+json\" class=\"yoast-schema-graph\">{\"@context\":\"https:\\\/\\\/schema.org\",\"@graph\":[{\"@type\":\"Article\",\"@id\":\"https:\\\/\\\/pellervo.fi\\\/vastuullisuus\\\/2022\\\/08\\\/29\\\/atrian-aurinkopuiston-laajennus-lahes-kaksinkertaistaa-nykyisen-paneelitehon-uusi-investointi-nurmossa-otetaan-kayttoon-taman-vuoden-aikana\\\/#article\",\"isPartOf\":{\"@id\":\"https:\\\/\\\/pellervo.fi\\\/vastuullisuus\\\/2022\\\/08\\\/29\\\/atrian-aurinkopuiston-laajennus-lahes-kaksinkertaistaa-nykyisen-paneelitehon-uusi-investointi-nurmossa-otetaan-kayttoon-taman-vuoden-aikana\\\/\"},\"author\":{\"name\":\"Hanna Muukka\",\"@id\":\"https:\\\/\\\/pellervo.fi\\\/#\\\/schema\\\/person\\\/f001b7c670bab10e5236b09672d9e6a3\"},\"headline\":\"Atrian aurinkopuiston laajennus l\u00e4hes kaksinkertaistaa nykyisen paneelitehon &#8211; uusi investointi Nurmossa otetaan k\u00e4ytt\u00f6\u00f6n t\u00e4m\u00e4n vuoden aikana\",\"datePublished\":\"2022-08-29T12:02:33+00:00\",\"dateModified\":\"2022-08-29T12:02:36+00:00\",\"mainEntityOfPage\":{\"@id\":\"https:\\\/\\\/pellervo.fi\\\/vastuullisuus\\\/2022\\\/08\\\/29\\\/atrian-aurinkopuiston-laajennus-lahes-kaksinkertaistaa-nykyisen-paneelitehon-uusi-investointi-nurmossa-otetaan-kayttoon-taman-vuoden-aikana\\\/\"},\"wordCount\":302,\"publisher\":{\"@id\":\"https:\\\/\\\/pellervo.fi\\\/#organization\"},\"image\":{\"@id\":\"https:\\\/\\\/pellervo.fi\\\/vastuullisuus\\\/2022\\\/08\\\/29\\\/atrian-aurinkopuiston-laajennus-lahes-kaksinkertaistaa-nykyisen-paneelitehon-uusi-investointi-nurmossa-otetaan-kayttoon-taman-vuoden-aikana\\\/#primaryimage\"},\"thumbnailUrl\":\"https:\\\/\\\/pellervo.fi\\\/wp-content\\\/uploads\\\/2022\\\/08\\\/Atria_aurinkopaneelit.jpg\",\"articleSection\":[\"Vastuullisuus\"],\"inLanguage\":\"en-US\"},{\"@type\":\"WebPage\",\"@id\":\"https:\\\/\\\/pellervo.fi\\\/vastuullisuus\\\/2022\\\/08\\\/29\\\/atrian-aurinkopuiston-laajennus-lahes-kaksinkertaistaa-nykyisen-paneelitehon-uusi-investointi-nurmossa-otetaan-kayttoon-taman-vuoden-aikana\\\/\",\"url\":\"https:\\\/\\\/pellervo.fi\\\/vastuullisuus\\\/2022\\\/08\\\/29\\\/atrian-aurinkopuiston-laajennus-lahes-kaksinkertaistaa-nykyisen-paneelitehon-uusi-investointi-nurmossa-otetaan-kayttoon-taman-vuoden-aikana\\\/\",\"name\":\"Atrian aurinkopuiston laajennus l\u00e4hes kaksinkertaistaa nykyisen paneelitehon - uusi investointi Nurmossa otetaan k\u00e4ytt\u00f6\u00f6n t\u00e4m\u00e4n vuoden aikana - Pellervo\",\"isPartOf\":{\"@id\":\"https:\\\/\\\/pellervo.fi\\\/#website\"},\"primaryImageOfPage\":{\"@id\":\"https:\\\/\\\/pellervo.fi\\\/vastuullisuus\\\/2022\\\/08\\\/29\\\/atrian-aurinkopuiston-laajennus-lahes-kaksinkertaistaa-nykyisen-paneelitehon-uusi-investointi-nurmossa-otetaan-kayttoon-taman-vuoden-aikana\\\/#primaryimage\"},\"image\":{\"@id\":\"https:\\\/\\\/pellervo.fi\\\/vastuullisuus\\\/2022\\\/08\\\/29\\\/atrian-aurinkopuiston-laajennus-lahes-kaksinkertaistaa-nykyisen-paneelitehon-uusi-investointi-nurmossa-otetaan-kayttoon-taman-vuoden-aikana\\\/#primaryimage\"},\"thumbnailUrl\":\"https:\\\/\\\/pellervo.fi\\\/wp-content\\\/uploads\\\/2022\\\/08\\\/Atria_aurinkopaneelit.jpg\",\"datePublished\":\"2022-08-29T12:02:33+00:00\",\"dateModified\":\"2022-08-29T12:02:36+00:00\",\"breadcrumb\":{\"@id\":\"https:\\\/\\\/pellervo.fi\\\/vastuullisuus\\\/2022\\\/08\\\/29\\\/atrian-aurinkopuiston-laajennus-lahes-kaksinkertaistaa-nykyisen-paneelitehon-uusi-investointi-nurmossa-otetaan-kayttoon-taman-vuoden-aikana\\\/#breadcrumb\"},\"inLanguage\":\"en-US\",\"potentialAction\":[{\"@type\":\"ReadAction\",\"target\":[\"https:\\\/\\\/pellervo.fi\\\/vastuullisuus\\\/2022\\\/08\\\/29\\\/atrian-aurinkopuiston-laajennus-lahes-kaksinkertaistaa-nykyisen-paneelitehon-uusi-investointi-nurmossa-otetaan-kayttoon-taman-vuoden-aikana\\\/\"]}]},{\"@type\":\"ImageObject\",\"inLanguage\":\"en-US\",\"@id\":\"https:\\\/\\\/pellervo.fi\\\/vastuullisuus\\\/2022\\\/08\\\/29\\\/atrian-aurinkopuiston-laajennus-lahes-kaksinkertaistaa-nykyisen-paneelitehon-uusi-investointi-nurmossa-otetaan-kayttoon-taman-vuoden-aikana\\\/#primaryimage\",\"url\":\"https:\\\/\\\/pellervo.fi\\\/wp-content\\\/uploads\\\/2022\\\/08\\\/Atria_aurinkopaneelit.jpg\",\"contentUrl\":\"https:\\\/\\\/pellervo.fi\\\/wp-content\\\/uploads\\\/2022\\\/08\\\/Atria_aurinkopaneelit.jpg\",\"width\":1355,\"height\":757,\"caption\":\"Atria Suomi toteuttaa yhdess\u00e4 Solarigo Systems Oy:n kanssa aurinkovoimalan laajennuksen Nurmon tehtaan yhteyteen. Nykyisen vuonna 2018 k\u00e4ytt\u00f6\u00f6notetun voimalan paneeliteho l\u00e4hes kaksinkertaistuu. Se tuottaa vuodessa noin 4 250 MWh aurinkos\u00e4hk\u00f6\u00e4, mik\u00e4 vastaa noin 2100 kerrostaloyksi\u00f6n vuosikulutusta. Paneelien asennus aloitettiin elokuun alussa ja voimalan laajennusosa on valmis k\u00e4ytt\u00f6\u00f6notettavaksi vuoden 2022 aikana.\"},{\"@type\":\"BreadcrumbList\",\"@id\":\"https:\\\/\\\/pellervo.fi\\\/vastuullisuus\\\/2022\\\/08\\\/29\\\/atrian-aurinkopuiston-laajennus-lahes-kaksinkertaistaa-nykyisen-paneelitehon-uusi-investointi-nurmossa-otetaan-kayttoon-taman-vuoden-aikana\\\/#breadcrumb\",\"itemListElement\":[{\"@type\":\"ListItem\",\"position\":1,\"name\":\"Koti\",\"item\":\"https:\\\/\\\/pellervo.fi\\\/en\\\/\"},{\"@type\":\"ListItem\",\"position\":2,\"name\":\"Atrian aurinkopuiston laajennus l\u00e4hes kaksinkertaistaa nykyisen paneelitehon &#8211; uusi investointi Nurmossa otetaan k\u00e4ytt\u00f6\u00f6n t\u00e4m\u00e4n vuoden aikana\"}]},{\"@type\":\"WebSite\",\"@id\":\"https:\\\/\\\/pellervo.fi\\\/#website\",\"url\":\"https:\\\/\\\/pellervo.fi\\\/\",\"name\":\"Pellervo\",\"description\":\"Osuuskuntien keskusj\u00e4rjest\u00f6\",\"publisher\":{\"@id\":\"https:\\\/\\\/pellervo.fi\\\/#organization\"},\"potentialAction\":[{\"@type\":\"SearchAction\",\"target\":{\"@type\":\"EntryPoint\",\"urlTemplate\":\"https:\\\/\\\/pellervo.fi\\\/?s={search_term_string}\"},\"query-input\":{\"@type\":\"PropertyValueSpecification\",\"valueRequired\":true,\"valueName\":\"search_term_string\"}}],\"inLanguage\":\"en-US\"},{\"@type\":\"Organization\",\"@id\":\"https:\\\/\\\/pellervo.fi\\\/#organization\",\"name\":\"Osuustoimintakeskus Pellervo ry\",\"url\":\"https:\\\/\\\/pellervo.fi\\\/\",\"logo\":{\"@type\":\"ImageObject\",\"inLanguage\":\"en-US\",\"@id\":\"https:\\\/\\\/pellervo.fi\\\/#\\\/schema\\\/logo\\\/image\\\/\",\"url\":\"https:\\\/\\\/pellervo.fi\\\/wp-content\\\/uploads\\\/2020\\\/05\\\/Pellervo_logo.png\",\"contentUrl\":\"https:\\\/\\\/pellervo.fi\\\/wp-content\\\/uploads\\\/2020\\\/05\\\/Pellervo_logo.png\",\"width\":1335,\"height\":376,\"caption\":\"Osuustoimintakeskus Pellervo ry\"},\"image\":{\"@id\":\"https:\\\/\\\/pellervo.fi\\\/#\\\/schema\\\/logo\\\/image\\\/\"},\"sameAs\":[\"https:\\\/\\\/x.com\\\/PellervoFi\"]},{\"@type\":\"Person\",\"@id\":\"https:\\\/\\\/pellervo.fi\\\/#\\\/schema\\\/person\\\/f001b7c670bab10e5236b09672d9e6a3\",\"name\":\"Hanna Muukka\",\"image\":{\"@type\":\"ImageObject\",\"inLanguage\":\"en-US\",\"@id\":\"https:\\\/\\\/pellervo.fi\\\/wp-content\\\/uploads\\\/2014\\\/02\\\/Hanna-Muukka_avatar_1393417732-96x96.jpg\",\"url\":\"https:\\\/\\\/pellervo.fi\\\/wp-content\\\/uploads\\\/2014\\\/02\\\/Hanna-Muukka_avatar_1393417732-96x96.jpg\",\"contentUrl\":\"https:\\\/\\\/pellervo.fi\\\/wp-content\\\/uploads\\\/2014\\\/02\\\/Hanna-Muukka_avatar_1393417732-96x96.jpg\",\"caption\":\"Hanna Muukka\"},\"description\":\"Kirjoittaja ty\u00f6skentelee Osuustoimintakeskus Pellervossa vastuullisuusasiantuntijana.\",\"url\":\"https:\\\/\\\/pellervo.fi\\\/en\\\/author\\\/hannamuu\\\/\"}]}<\/script>\n<!-- \/ Yoast SEO plugin. -->","yoast_head_json":{"title":"Atrian aurinkopuiston laajennus l\u00e4hes kaksinkertaistaa nykyisen paneelitehon - uusi investointi Nurmossa otetaan k\u00e4ytt\u00f6\u00f6n t\u00e4m\u00e4n vuoden aikana - Pellervo","robots":{"index":"index","follow":"follow","max-snippet":"max-snippet:-1","max-image-preview":"max-image-preview:large","max-video-preview":"max-video-preview:-1"},"canonical":"https:\/\/pellervo.fi\/vastuullisuus\/2022\/08\/29\/atrian-aurinkopuiston-laajennus-lahes-kaksinkertaistaa-nykyisen-paneelitehon-uusi-investointi-nurmossa-otetaan-kayttoon-taman-vuoden-aikana\/","og_locale":"en_US","og_type":"article","og_title":"Atrian aurinkopuiston laajennus l\u00e4hes kaksinkertaistaa nykyisen paneelitehon - uusi investointi Nurmossa otetaan k\u00e4ytt\u00f6\u00f6n t\u00e4m\u00e4n vuoden aikana - Pellervo","og_description":"Uusiutuvan, p\u00e4\u00e4st\u00f6tt\u00f6m\u00e4n aurinkoenergian hy\u00f6dynt\u00e4minen vie Atriaa osaltaan kohti t\u00e4rkeint\u00e4 tavoitetta: Atrian hiilineutraalia ruokaketjua. Kokemukset aurinkoenergiasta ovat olleet pelk\u00e4st\u00e4\u00e4n positiivisia, ja nyt rakenteilla oleva hanke l\u00e4hes kaksinkertaistaa nykyisen aurinkovoimalan kapasiteetin. Hankkeen toteuttaja on Nurmon Aurinko Oy.","og_url":"https:\/\/pellervo.fi\/vastuullisuus\/2022\/08\/29\/atrian-aurinkopuiston-laajennus-lahes-kaksinkertaistaa-nykyisen-paneelitehon-uusi-investointi-nurmossa-otetaan-kayttoon-taman-vuoden-aikana\/","og_site_name":"Pellervo","article_published_time":"2022-08-29T12:02:33+00:00","article_modified_time":"2022-08-29T12:02:36+00:00","og_image":[{"width":1355,"height":757,"url":"https:\/\/pellervo.fi\/wp-content\/uploads\/2022\/08\/Atria_aurinkopaneelit.jpg","type":"image\/jpeg"}],"author":"Hanna Muukka","twitter_card":"summary_large_image","twitter_creator":"@PellervoFi","twitter_site":"@PellervoFi","twitter_misc":{"Written by":"Hanna Muukka","Est. reading time":"2 minutes"},"schema":{"@context":"https:\/\/schema.org","@graph":[{"@type":"Article","@id":"https:\/\/pellervo.fi\/vastuullisuus\/2022\/08\/29\/atrian-aurinkopuiston-laajennus-lahes-kaksinkertaistaa-nykyisen-paneelitehon-uusi-investointi-nurmossa-otetaan-kayttoon-taman-vuoden-aikana\/#article","isPartOf":{"@id":"https:\/\/pellervo.fi\/vastuullisuus\/2022\/08\/29\/atrian-aurinkopuiston-laajennus-lahes-kaksinkertaistaa-nykyisen-paneelitehon-uusi-investointi-nurmossa-otetaan-kayttoon-taman-vuoden-aikana\/"},"author":{"name":"Hanna Muukka","@id":"https:\/\/pellervo.fi\/#\/schema\/person\/f001b7c670bab10e5236b09672d9e6a3"},"headline":"Atrian aurinkopuiston laajennus l\u00e4hes kaksinkertaistaa nykyisen paneelitehon &#8211; uusi investointi Nurmossa otetaan k\u00e4ytt\u00f6\u00f6n t\u00e4m\u00e4n vuoden aikana","datePublished":"2022-08-29T12:02:33+00:00","dateModified":"2022-08-29T12:02:36+00:00","mainEntityOfPage":{"@id":"https:\/\/pellervo.fi\/vastuullisuus\/2022\/08\/29\/atrian-aurinkopuiston-laajennus-lahes-kaksinkertaistaa-nykyisen-paneelitehon-uusi-investointi-nurmossa-otetaan-kayttoon-taman-vuoden-aikana\/"},"wordCount":302,"publisher":{"@id":"https:\/\/pellervo.fi\/#organization"},"image":{"@id":"https:\/\/pellervo.fi\/vastuullisuus\/2022\/08\/29\/atrian-aurinkopuiston-laajennus-lahes-kaksinkertaistaa-nykyisen-paneelitehon-uusi-investointi-nurmossa-otetaan-kayttoon-taman-vuoden-aikana\/#primaryimage"},"thumbnailUrl":"https:\/\/pellervo.fi\/wp-content\/uploads\/2022\/08\/Atria_aurinkopaneelit.jpg","articleSection":["Vastuullisuus"],"inLanguage":"en-US"},{"@type":"WebPage","@id":"https:\/\/pellervo.fi\/vastuullisuus\/2022\/08\/29\/atrian-aurinkopuiston-laajennus-lahes-kaksinkertaistaa-nykyisen-paneelitehon-uusi-investointi-nurmossa-otetaan-kayttoon-taman-vuoden-aikana\/","url":"https:\/\/pellervo.fi\/vastuullisuus\/2022\/08\/29\/atrian-aurinkopuiston-laajennus-lahes-kaksinkertaistaa-nykyisen-paneelitehon-uusi-investointi-nurmossa-otetaan-kayttoon-taman-vuoden-aikana\/","name":"Atrian aurinkopuiston laajennus l\u00e4hes kaksinkertaistaa nykyisen paneelitehon - uusi investointi Nurmossa otetaan k\u00e4ytt\u00f6\u00f6n t\u00e4m\u00e4n vuoden aikana - Pellervo","isPartOf":{"@id":"https:\/\/pellervo.fi\/#website"},"primaryImageOfPage":{"@id":"https:\/\/pellervo.fi\/vastuullisuus\/2022\/08\/29\/atrian-aurinkopuiston-laajennus-lahes-kaksinkertaistaa-nykyisen-paneelitehon-uusi-investointi-nurmossa-otetaan-kayttoon-taman-vuoden-aikana\/#primaryimage"},"image":{"@id":"https:\/\/pellervo.fi\/vastuullisuus\/2022\/08\/29\/atrian-aurinkopuiston-laajennus-lahes-kaksinkertaistaa-nykyisen-paneelitehon-uusi-investointi-nurmossa-otetaan-kayttoon-taman-vuoden-aikana\/#primaryimage"},"thumbnailUrl":"https:\/\/pellervo.fi\/wp-content\/uploads\/2022\/08\/Atria_aurinkopaneelit.jpg","datePublished":"2022-08-29T12:02:33+00:00","dateModified":"2022-08-29T12:02:36+00:00","breadcrumb":{"@id":"https:\/\/pellervo.fi\/vastuullisuus\/2022\/08\/29\/atrian-aurinkopuiston-laajennus-lahes-kaksinkertaistaa-nykyisen-paneelitehon-uusi-investointi-nurmossa-otetaan-kayttoon-taman-vuoden-aikana\/#breadcrumb"},"inLanguage":"en-US","potentialAction":[{"@type":"ReadAction","target":["https:\/\/pellervo.fi\/vastuullisuus\/2022\/08\/29\/atrian-aurinkopuiston-laajennus-lahes-kaksinkertaistaa-nykyisen-paneelitehon-uusi-investointi-nurmossa-otetaan-kayttoon-taman-vuoden-aikana\/"]}]},{"@type":"ImageObject","inLanguage":"en-US","@id":"https:\/\/pellervo.fi\/vastuullisuus\/2022\/08\/29\/atrian-aurinkopuiston-laajennus-lahes-kaksinkertaistaa-nykyisen-paneelitehon-uusi-investointi-nurmossa-otetaan-kayttoon-taman-vuoden-aikana\/#primaryimage","url":"https:\/\/pellervo.fi\/wp-content\/uploads\/2022\/08\/Atria_aurinkopaneelit.jpg","contentUrl":"https:\/\/pellervo.fi\/wp-content\/uploads\/2022\/08\/Atria_aurinkopaneelit.jpg","width":1355,"height":757,"caption":"Atria Suomi toteuttaa yhdess\u00e4 Solarigo Systems Oy:n kanssa aurinkovoimalan laajennuksen Nurmon tehtaan yhteyteen. Nykyisen vuonna 2018 k\u00e4ytt\u00f6\u00f6notetun voimalan paneeliteho l\u00e4hes kaksinkertaistuu. Se tuottaa vuodessa noin 4 250 MWh aurinkos\u00e4hk\u00f6\u00e4, mik\u00e4 vastaa noin 2100 kerrostaloyksi\u00f6n vuosikulutusta. Paneelien asennus aloitettiin elokuun alussa ja voimalan laajennusosa on valmis k\u00e4ytt\u00f6\u00f6notettavaksi vuoden 2022 aikana."},{"@type":"BreadcrumbList","@id":"https:\/\/pellervo.fi\/vastuullisuus\/2022\/08\/29\/atrian-aurinkopuiston-laajennus-lahes-kaksinkertaistaa-nykyisen-paneelitehon-uusi-investointi-nurmossa-otetaan-kayttoon-taman-vuoden-aikana\/#breadcrumb","itemListElement":[{"@type":"ListItem","position":1,"name":"Koti","item":"https:\/\/pellervo.fi\/en\/"},{"@type":"ListItem","position":2,"name":"Atrian aurinkopuiston laajennus l\u00e4hes kaksinkertaistaa nykyisen paneelitehon &#8211; uusi investointi Nurmossa otetaan k\u00e4ytt\u00f6\u00f6n t\u00e4m\u00e4n vuoden aikana"}]},{"@type":"WebSite","@id":"https:\/\/pellervo.fi\/#website","url":"https:\/\/pellervo.fi\/","name":"Pellervo","description":"Osuuskuntien keskusj\u00e4rjest\u00f6","publisher":{"@id":"https:\/\/pellervo.fi\/#organization"},"potentialAction":[{"@type":"SearchAction","target":{"@type":"EntryPoint","urlTemplate":"https:\/\/pellervo.fi\/?s={search_term_string}"},"query-input":{"@type":"PropertyValueSpecification","valueRequired":true,"valueName":"search_term_string"}}],"inLanguage":"en-US"},{"@type":"Organization","@id":"https:\/\/pellervo.fi\/#organization","name":"Osuustoimintakeskus Pellervo ry","url":"https:\/\/pellervo.fi\/","logo":{"@type":"ImageObject","inLanguage":"en-US","@id":"https:\/\/pellervo.fi\/#\/schema\/logo\/image\/","url":"https:\/\/pellervo.fi\/wp-content\/uploads\/2020\/05\/Pellervo_logo.png","contentUrl":"https:\/\/pellervo.fi\/wp-content\/uploads\/2020\/05\/Pellervo_logo.png","width":1335,"height":376,"caption":"Osuustoimintakeskus Pellervo ry"},"image":{"@id":"https:\/\/pellervo.fi\/#\/schema\/logo\/image\/"},"sameAs":["https:\/\/x.com\/PellervoFi"]},{"@type":"Person","@id":"https:\/\/pellervo.fi\/#\/schema\/person\/f001b7c670bab10e5236b09672d9e6a3","name":"Hanna Muukka","image":{"@type":"ImageObject","inLanguage":"en-US","@id":"https:\/\/pellervo.fi\/wp-content\/uploads\/2014\/02\/Hanna-Muukka_avatar_1393417732-96x96.jpg","url":"https:\/\/pellervo.fi\/wp-content\/uploads\/2014\/02\/Hanna-Muukka_avatar_1393417732-96x96.jpg","contentUrl":"https:\/\/pellervo.fi\/wp-content\/uploads\/2014\/02\/Hanna-Muukka_avatar_1393417732-96x96.jpg","caption":"Hanna Muukka"},"description":"Kirjoittaja ty\u00f6skentelee Osuustoimintakeskus Pellervossa vastuullisuusasiantuntijana.","url":"https:\/\/pellervo.fi\/en\/author\/hannamuu\/"}]}},"_links":{"self":[{"href":"https:\/\/pellervo.fi\/en\/wp-json\/wp\/v2\/posts\/893742","targetHints":{"allow":["GET"]}}],"collection":[{"href":"https:\/\/pellervo.fi\/en\/wp-json\/wp\/v2\/posts"}],"about":[{"href":"https:\/\/pellervo.fi\/en\/wp-json\/wp\/v2\/types\/post"}],"author":[{"embeddable":true,"href":"https:\/\/pellervo.fi\/en\/wp-json\/wp\/v2\/users\/6"}],"replies":[{"embeddable":true,"href":"https:\/\/pellervo.fi\/en\/wp-json\/wp\/v2\/comments?post=893742"}],"version-history":[{"count":1,"href":"https:\/\/pellervo.fi\/en\/wp-json\/wp\/v2\/posts\/893742\/revisions"}],"predecessor-version":[{"id":893746,"href":"https:\/\/pellervo.fi\/en\/wp-json\/wp\/v2\/posts\/893742\/revisions\/893746"}],"wp:featuredmedia":[{"embeddable":true,"href":"https:\/\/pellervo.fi\/en\/wp-json\/wp\/v2\/media\/893743"}],"wp:attachment":[{"href":"https:\/\/pellervo.fi\/en\/wp-json\/wp\/v2\/media?parent=893742"}],"wp:term":[{"taxonomy":"category","embeddable":true,"href":"https:\/\/pellervo.fi\/en\/wp-json\/wp\/v2\/categories?post=893742"},{"taxonomy":"post_tag","embeddable":true,"href":"https:\/\/pellervo.fi\/en\/wp-json\/wp\/v2\/tags?post=893742"}],"curies":[{"name":"wp","href":"https:\/\/api.w.org\/{rel}","templated":true}]}}