{"id":894057,"date":"2022-10-05T09:37:06","date_gmt":"2022-10-05T06:37:06","guid":{"rendered":"https:\/\/pellervo.fi\/?p=894057"},"modified":"2022-10-05T09:46:16","modified_gmt":"2022-10-05T06:46:16","slug":"menestynyt-ja-kasvava-vai-olemassaolostaan-taisteleva-kaksi-esimerkkia-kahviosuuskunnista","status":"publish","type":"post","link":"https:\/\/pellervo.fi\/en\/uutiset\/2022\/10\/05\/menestynyt-ja-kasvava-vai-olemassaolostaan-taisteleva-kaksi-esimerkkia-kahviosuuskunnista\/","title":{"rendered":"Menestynyt ja kasvava vai olemassaolostaan taisteleva &#8211; kaksi esimerkki\u00e4 kahviosuuskunnista"},"content":{"rendered":"\n\n\n<p>Kahvintuotannon arki sek\u00e4 sen mahdollisuudet ja haasteet V\u00e4li-Amerikassa tulivat tutuksi <strong>Timo A. Heikkil\u00e4lle<\/strong> h\u00e4nen toimiessa FFD:n Hondurasin kahviosuuskunta-hankkeessa asiantuntijakummina Osuustoimintakeskus Pellervon puolesta. Pellervo on yksi FFD ry (Food and Forest Development Finland) perustajaj\u00e4senist\u00e4 ja hanke tukee Hondurasissa kahta kahviosuuskuntaa, Caruchilia ja Cafescoria, sopeutumisessa ilmastonmuutokseen sek\u00e4 muutoinkin toimeentulon parantamisessa.<\/p>\n<p>Heikkil\u00e4ll\u00e4 on pitk\u00e4 tausta trooppisen mets\u00e4hoidon asiantuntijana ja koronatilanteen helpottuessa h\u00e4n p\u00e4\u00e4si vihdoin tekem\u00e4\u00e4n kummimatkansa V\u00e4li-Amerikkaan joulukuussa 2021.<\/p>\n<p>V\u00e4li-Amerikka on Heikkil\u00e4lle tuttu ja h\u00e4n puhuu sujuvasti espanjaa, koska on aikoinaan asunut muun muassa Hondurasissa. \u201dSuomalaisena minulla oli l\u00e4ht\u00f6kohtaisesti kuitenkin aika hentoinen asiantuntemus kahvin tuottamiseen, joten varasin ennen varsinaista matkakohdetta viikon aikaa tutustuakseni omatoimisesti kahvin tuottamiseen l\u00e4heisess\u00e4 verrokkimaassa, eli naapurissa Guatemalassa, jossa on Hondurasia vastaavat vuoristoiset olosuhteet.\u201d<\/p>\n<p><strong>Menestyv\u00e4 ja tehokas Cafescor<\/strong><\/p>\n<p>Hondurasissa matka suuntautui ensin Cafescor osuuskuntaan, joka sijaitsee Conquinissa maan luoteisosassa. Kahvintuottajia osuuskunnassa on noin 440. Heikkil\u00e4 huomasi heti, ett\u00e4 asiat rullasivat hyvin: \u201dToimitusjohtaja vastasi tuotannosta ja puheenjohtaja hoiti taustalla normaaleja luottamustoimeen kuuluvia teht\u00e4vi\u00e4. Lyhyen kaksip\u00e4iv\u00e4isen tutustumisen aikana totesin, ett\u00e4 yritys toimi tuottavasti ja vastuullisesti, suhteet olivat kunnossa ja henki korkealla.\u201d<\/p>\n<figure id=\"attachment_894061\" aria-describedby=\"caption-attachment-894061\" style=\"width: 255px\" class=\"wp-caption alignright\"><img loading=\"lazy\" decoding=\"async\" class=\"wp-image-894061\" src=\"https:\/\/pellervo.fi\/wp-content\/uploads\/2022\/10\/Honduras_Cafescor.jpg\" alt=\"\" width=\"255\" height=\"340\" srcset=\"https:\/\/pellervo.fi\/wp-content\/uploads\/2022\/10\/Honduras_Cafescor.jpg 563w, https:\/\/pellervo.fi\/wp-content\/uploads\/2022\/10\/Honduras_Cafescor-112x150.jpg 112w\" sizes=\"auto, (max-width: 255px) 100vw, 255px\" \/><figcaption id=\"caption-attachment-894061\" class=\"wp-caption-text\">Carmen ja Timo Cafescorin varastossa, kahvia valmiina l\u00e4hd\u00f6ss\u00e4 maailmalle.<\/figcaption><\/figure>\n<p>Osuuskunnassa on paljon pieni\u00e4 tuottajaj\u00e4seni\u00e4, mutta my\u00f6s muutama suuri toimija, jotka tuovat toimintaan ammattimaisuutta. Osuuskunta panostaa erityisesti sertifikaatteihin ja k\u00e4yt\u00f6ss\u00e4 on my\u00f6s edistyksellist\u00e4 teknologiaa: \u201dEsimerkkein\u00e4 mainittakoon bakteerituotannolla kahvin j\u00e4tteist\u00e4 prosessoidut omat luomulannoitteet sek\u00e4 k\u00e4sittelylaitoksen katolle asennetut aurinkopaneelit, jotka tuottavat yrityksen prosesseille kaiken niitten tarvitseman energian (tarve p\u00e4ivitt\u00e4in 130 kWh, tuotto 170 kWh).\u201d<\/p>\n<p>Tuotanto oli suurta ja omavaraista ja koko ketju kahvipensaiden kasvattamisesta vientiin asti oli osuuskunnan k\u00e4siss\u00e4: tuottajat, neuvojat, tuotantolaitos, kuljetus sek\u00e4 markkinat. \u201dKuvaavaa oli, ett\u00e4 vierailuni aikana jo joulukuussa oli 25 tuhatta kahvis\u00e4kki\u00e4 valmiina maailmalle l\u00e4hd\u00f6ss\u00e4. Vuotuinen tuotanto on yli 10 miljoona kiloa vientiin ja liikevaihto on yli 30 miljoonaa dollaria.\u201d<\/p>\n<p><strong>Caruchil j\u00e4tti toivomisen varaa<\/strong><\/p>\n<p>Kokonaan erilainen kokemus oli hankkeen toinen osuuskunta Caruchil, joka toimii luoteis-Hondurasissa sijaitsevassa Marcalassa. Heikkil\u00e4 kertoi, ett\u00e4 osuuskunta oli noin kymmenen vuotta sitten velkaantunut pahoin ja joutunut v\u00e4\u00e4rille raiteille, koska oli menett\u00e4nyt sertifikaattinsa. \u201dIsot kalliit koneet seisoivat l\u00e4hinn\u00e4 ruostetta ker\u00e4\u00e4m\u00e4ss\u00e4 ja toiminnalle oleelliset tuotantotilat oli varattu muuhun k\u00e4ytt\u00f6\u00f6n tai eiv\u00e4t olleet k\u00e4yt\u00f6ss\u00e4 lainkaan. T\u00e4t\u00e4 muuta toimintaa ei pid\u00e4 kuitenkaan ylenkatsoa, siell\u00e4 tehtiin hyv\u00e4\u00e4 pienyritystoimintaa paikallisten naisten toimesta, he tuottivat pienimuotoisesti erikoiskahvia markkinoille, mik\u00e4 ymm\u00e4rt\u00e4\u00e4kseni meni l\u00e4hinn\u00e4 rajatuille kohderyhmille.\u201d<\/p>\n<p>Osuuskunnassa on mukana noin toistasataa perhett\u00e4: \u201dToimivien j\u00e4senten lukum\u00e4\u00e4r\u00e4 ei tainnut olla k\u00e4yt\u00e4nn\u00f6ss\u00e4 aivan selv\u00e4, koska osa tuottajista varmaan myi satonsa jonnekin muualle mist\u00e4 sai rahansa ainakin omasta mielest\u00e4\u00e4n varmemmin. Toiminta oli muutenkin alkeellista ja hyvin pienimuotoista k\u00e4sity\u00f6t\u00e4 ja my\u00f6s aika lailla seis johtuen koronarajoituksista. \u201d<\/p>\n<p>Osuuskunnalla on aikanaan ollut kuitenkin eritt\u00e4in hyv\u00e4\u00e4 toimintaa sek\u00e4 kunnon laitteet ja monet j\u00e4senet odottavat parempia aikoja: \u201dNiiden tuottajien luona, joilla<\/p>\n<figure id=\"attachment_894067\" aria-describedby=\"caption-attachment-894067\" style=\"width: 150px\" class=\"wp-caption alignright\"><img loading=\"lazy\" decoding=\"async\" class=\"wp-image-894067 size-post-thumbnail\" src=\"https:\/\/pellervo.fi\/wp-content\/uploads\/2022\/10\/Honduras_Caruchil_Brenda-150x150.jpg\" alt=\"\" width=\"150\" height=\"150\" \/><figcaption id=\"caption-attachment-894067\" class=\"wp-caption-text\">Brenda Rodr\u00edguez, Caruchilin kentt\u00e4- neuvoja, ajaa omalla moottori- py\u00f6r\u00e4ll\u00e4 asiakkaiden luokse.<\/figcaption><\/figure>\n<p>vierailin, tunnelma oli hyv\u00e4 ja odottava. My\u00f6s kentt\u00e4neuvoja toimi hyvin ja rakentavasti. Eniten vaivasi juuri se, ett\u00e4 maaseudulla oli innostuneita viljelij\u00f6it\u00e4, jotka haluavat tuottaa kahvia, mutta se myytiin nyt oman osuuskunnan ohi sinne mist\u00e4 sai paremmat rahat. Potentiaalia siis olisi.\u201d<\/p>\n<p>Ongelma oli Heikkil\u00e4n mukaan melko selk\u00e4, johtajuus puuttui: \u201dToiminta ei ollut johdonmukaista, oli \u201dkomiteoita\u201d ja lukuisia neuvottelevia ryhmi\u00e4. Kun l\u00e4hes kaikilla osanottajilla on oma ja viel\u00e4 pitk\u00e4 mielipide, eiv\u00e4t asiat edisty eik\u00e4 niit\u00e4 saada ratkaisuun, p\u00e4\u00e4t\u00f6kset puuttuvat.\u201d<\/p>\n<p>Koska Caruchilin tilanne olikin ennakoitua huonompi, jouduttiin hanketta hieman muokkaamaan ja siell\u00e4 keskityt\u00e4\u00e4n nyt enemm\u00e4n sosiaalisiin kysymyksiin kuten naisten asemaan.<\/p>\n<p><strong>Mik\u00e4 neuvoksi?<\/strong><\/p>\n<p>Heikkil\u00e4 suosittelisi tulospalkkioperusteinen ammattijohtajan palkkaamista, joka jatkaisi aina vuoden m\u00e4\u00e4r\u00e4ajalla eteenp\u00e4in. Osuuskuntamuoto toimisi aivan hyvin, kunhan hallitus vain valitsisi johtajan eiv\u00e4tk\u00e4 j\u00e4senet en\u00e4\u00e4 puutuisi toimintaan sen j\u00e4lkeen. \u201dAmmattijohtaja, todellinen asiantuntija voisi k\u00e4yt\u00e4nn\u00f6n py\u00f6ritt\u00e4misen lis\u00e4ksi l\u00f6yt\u00e4\u00e4 olemassa olevasta kansainv\u00e4lisest\u00e4 avustuskent\u00e4st\u00e4 uusia partnereita tukemaan pahasti velkaantunutta yrityst\u00e4 selville vesille.\u201d<\/p>\n<p>Kahvin maailmanmarkkinahintojen nousu lupaa hyv\u00e4\u00e4 jaksoa paikallisille tuottajille, mutta Heikkil\u00e4 toivoo, etteiv\u00e4t osuuskunnat hukkaa etsikkoaikaansa. \u201dCafescorilla menee hyvin ja he ovat varmasti mukana hintojen nousuaallossa, kun on mit\u00e4 myyd\u00e4, mutta Caruchilin tuottajien on vaikeampi p\u00e4\u00e4st\u00e4 mukaan ja hintojen nousu menee sivu suun.\u201d<\/p>\n<p><strong>Ilmastonmuutoksen sopeutuminen vaatii viel\u00e4 tekemist\u00e4<\/strong><\/p>\n<p>Tuotantoketjussa on kummallakin osuuskunnalla Heikkil\u00e4n mukaan viel\u00e4 kehitett\u00e4v\u00e4\u00e4 erityisesti kest\u00e4v\u00e4n kehityksen n\u00e4k\u00f6kulmasta, vaikka ymp\u00e4rist\u00f6n kannalta kahvinviljely on paljon maissinviljely\u00e4 parempi vaihtoehto. \u201dT\u00e4rkeint\u00e4 olisi jalostaa uudet kahvipensaat tautikest\u00e4viksi sek\u00e4 paremmin kuivuutta siet\u00e4viksi. Paikallinen neuvonta ja seuranta on ratkaisevaa, pit\u00e4\u00e4 ohjeistaa tuottajille oikeat menetelm\u00e4t ruohouksista, lannoituksesta, varjostuksen s\u00e4\u00e4t\u00e4misest\u00e4, mahdollisesti kastelustakin, oikean lajikkeen valinnasta oikealle paikalle, eroosion torjunnasta ja kahvipensaitten karsimisesta, jotta saadaan optimaalinen sadon sato.\u201d<\/p>\n<p>My\u00f6s varsinaisen viljelyn ulkopuolella on kehitett\u00e4v\u00e4\u00e4. \u201dLasten tulisi saada paremmin mahdollisuus koulunk\u00e4yntiin, ennen kaikkea ei ty\u00f6t\u00e4 koulun kustannuksella. Nykyisin kuulemma satokaudella poissaolot lis\u00e4\u00e4ntyv\u00e4t. My\u00f6s naiset tulisi huomioida viel\u00e4 paremmin tasavertaisina j\u00e4senin\u00e4 osuuskunnissa.\u201d<\/p>\n<p>Kahvintuottaminen on monivaiheinen ja vaativa tapahtumasarja, jota Heikkil\u00e4 vertaa viinintuotantoon. \u201dKasvatus, jalostus sek\u00e4 riskien ennakointi ja hallinta edellytt\u00e4\u00e4 ammattitaitoa ja sitoutumista. Viljely vuorten rinteill\u00e4 puolentoista kilometrin korkeudessa on raskasta ty\u00f6t\u00e4. Olisi hyv\u00e4, ett\u00e4 ty\u00f6lle saataisiin varmuutta ja kest\u00e4vyytt\u00e4. Jatkuva ja kehittyv\u00e4 neuvonta \u2013 nimenomaan paikallisten tekem\u00e4n\u00e4 &#8211; on aivan oleellinen osa valoisammassa ja v\u00e4h\u00e4n helpommassa tulevaisuudessa.\u201d \u00a0<\/p>\n<p>Hankkeen oli m\u00e4\u00e4r\u00e4 p\u00e4\u00e4tty\u00e4 vuoden 2022 joulukuussa, mutta koronan vuoksi sit\u00e4 jatkettiin ensin vuoden kes\u00e4\u00e4n.<\/p>\n<p>Hanke on esitelty tarkemmin Osuustoiminta -lehden artikkelissa <a href=\"https:\/\/otlehti.pellervo.fi\/2021\/05\/03\/suomalaista-osaamista-hondurasin-kahvintuottajille\/\">Suomalaista osaamista Hondurasin kahvintuottajille<\/a> vuodelta 2021.<\/p>\n","protected":false},"excerpt":{"rendered":"","protected":false},"author":6,"featured_media":894058,"comment_status":"closed","ping_status":"closed","sticky":false,"template":"","format":"standard","meta":{"inline_featured_image":false,"_monsterinsights_skip_tracking":false,"_monsterinsights_sitenote_active":false,"_monsterinsights_sitenote_note":"","_monsterinsights_sitenote_category":0,"site-sidebar-layout":"default","site-content-layout":"","ast-site-content-layout":"default","site-content-style":"default","site-sidebar-style":"default","ast-global-header-display":"","ast-banner-title-visibility":"","ast-main-header-display":"","ast-hfb-above-header-display":"","ast-hfb-below-header-display":"","ast-hfb-mobile-header-display":"","site-post-title":"","ast-breadcrumbs-content":"","ast-featured-img":"","footer-sml-layout":"","ast-disable-related-posts":"","theme-transparent-header-meta":"","adv-header-id-meta":"","stick-header-meta":"","header-above-stick-meta":"","header-main-stick-meta":"","header-below-stick-meta":"","astra-migrate-meta-layouts":"default","ast-page-background-enabled":"default","ast-page-background-meta":{"desktop":{"background-color":"","background-image":"","background-repeat":"repeat","background-position":"center center","background-size":"auto","background-attachment":"scroll","background-type":"","background-media":"","overlay-type":"","overlay-color":"","overlay-opacity":"","overlay-gradient":""},"tablet":{"background-color":"","background-image":"","background-repeat":"repeat","background-position":"center center","background-size":"auto","background-attachment":"scroll","background-type":"","background-media":"","overlay-type":"","overlay-color":"","overlay-opacity":"","overlay-gradient":""},"mobile":{"background-color":"","background-image":"","background-repeat":"repeat","background-position":"center center","background-size":"auto","background-attachment":"scroll","background-type":"","background-media":"","overlay-type":"","overlay-color":"","overlay-opacity":"","overlay-gradient":""}},"ast-content-background-meta":{"desktop":{"background-color":"var(--ast-global-color-5)","background-image":"","background-repeat":"repeat","background-position":"center center","background-size":"auto","background-attachment":"scroll","background-type":"","background-media":"","overlay-type":"","overlay-color":"","overlay-opacity":"","overlay-gradient":""},"tablet":{"background-color":"var(--ast-global-color-5)","background-image":"","background-repeat":"repeat","background-position":"center center","background-size":"auto","background-attachment":"scroll","background-type":"","background-media":"","overlay-type":"","overlay-color":"","overlay-opacity":"","overlay-gradient":""},"mobile":{"background-color":"var(--ast-global-color-5)","background-image":"","background-repeat":"repeat","background-position":"center center","background-size":"auto","background-attachment":"scroll","background-type":"","background-media":"","overlay-type":"","overlay-color":"","overlay-opacity":"","overlay-gradient":""}},"_FSMCFIC_featured_image_caption":"","_FSMCFIC_featured_image_nocaption":"","_FSMCFIC_featured_image_hide":"","footnotes":""},"categories":[22,224],"tags":[],"class_list":["post-894057","post","type-post","status-publish","format-standard","has-post-thumbnail","hentry","category-uutiset","category-vastuullisuus"],"yoast_head":"<!-- This site is optimized with the Yoast SEO plugin v27.4 - https:\/\/yoast.com\/product\/yoast-seo-wordpress\/ -->\n<title>Menestynyt ja kasvava vai olemassaolostaan taisteleva - kaksi esimerkki\u00e4 kahviosuuskunnista - Pellervo<\/title>\n<meta name=\"robots\" content=\"index, follow, max-snippet:-1, max-image-preview:large, max-video-preview:-1\" \/>\n<link rel=\"canonical\" href=\"https:\/\/pellervo.fi\/uutiset\/2022\/10\/05\/menestynyt-ja-kasvava-vai-olemassaolostaan-taisteleva-kaksi-esimerkkia-kahviosuuskunnista\/\" \/>\n<meta property=\"og:locale\" content=\"en_US\" \/>\n<meta property=\"og:type\" content=\"article\" \/>\n<meta property=\"og:title\" content=\"Menestynyt ja kasvava vai olemassaolostaan taisteleva - kaksi esimerkki\u00e4 kahviosuuskunnista - Pellervo\" \/>\n<meta property=\"og:url\" content=\"https:\/\/pellervo.fi\/uutiset\/2022\/10\/05\/menestynyt-ja-kasvava-vai-olemassaolostaan-taisteleva-kaksi-esimerkkia-kahviosuuskunnista\/\" \/>\n<meta property=\"og:site_name\" content=\"Pellervo\" \/>\n<meta property=\"article:published_time\" content=\"2022-10-05T06:37:06+00:00\" \/>\n<meta property=\"article:modified_time\" content=\"2022-10-05T06:46:16+00:00\" \/>\n<meta property=\"og:image\" content=\"https:\/\/pellervo.fi\/wp-content\/uploads\/2022\/10\/Honduras_Caruchil.jpg\" \/>\n\t<meta property=\"og:image:width\" content=\"1433\" \/>\n\t<meta property=\"og:image:height\" content=\"678\" \/>\n\t<meta property=\"og:image:type\" content=\"image\/jpeg\" \/>\n<meta name=\"author\" content=\"Hanna Muukka\" \/>\n<meta name=\"twitter:card\" content=\"summary_large_image\" \/>\n<meta name=\"twitter:creator\" content=\"@PellervoFi\" \/>\n<meta name=\"twitter:site\" content=\"@PellervoFi\" \/>\n<meta name=\"twitter:label1\" content=\"Written by\" \/>\n\t<meta name=\"twitter:data1\" content=\"Hanna Muukka\" \/>\n\t<meta name=\"twitter:label2\" content=\"Est. reading time\" \/>\n\t<meta name=\"twitter:data2\" content=\"6 minutes\" \/>\n<script type=\"application\/ld+json\" class=\"yoast-schema-graph\">{\"@context\":\"https:\\\/\\\/schema.org\",\"@graph\":[{\"@type\":\"Article\",\"@id\":\"https:\\\/\\\/pellervo.fi\\\/uutiset\\\/2022\\\/10\\\/05\\\/menestynyt-ja-kasvava-vai-olemassaolostaan-taisteleva-kaksi-esimerkkia-kahviosuuskunnista\\\/#article\",\"isPartOf\":{\"@id\":\"https:\\\/\\\/pellervo.fi\\\/uutiset\\\/2022\\\/10\\\/05\\\/menestynyt-ja-kasvava-vai-olemassaolostaan-taisteleva-kaksi-esimerkkia-kahviosuuskunnista\\\/\"},\"author\":{\"name\":\"Hanna Muukka\",\"@id\":\"https:\\\/\\\/pellervo.fi\\\/#\\\/schema\\\/person\\\/f001b7c670bab10e5236b09672d9e6a3\"},\"headline\":\"Menestynyt ja kasvava vai olemassaolostaan taisteleva &#8211; kaksi esimerkki\u00e4 kahviosuuskunnista\",\"datePublished\":\"2022-10-05T06:37:06+00:00\",\"dateModified\":\"2022-10-05T06:46:16+00:00\",\"mainEntityOfPage\":{\"@id\":\"https:\\\/\\\/pellervo.fi\\\/uutiset\\\/2022\\\/10\\\/05\\\/menestynyt-ja-kasvava-vai-olemassaolostaan-taisteleva-kaksi-esimerkkia-kahviosuuskunnista\\\/\"},\"wordCount\":947,\"publisher\":{\"@id\":\"https:\\\/\\\/pellervo.fi\\\/#organization\"},\"image\":{\"@id\":\"https:\\\/\\\/pellervo.fi\\\/uutiset\\\/2022\\\/10\\\/05\\\/menestynyt-ja-kasvava-vai-olemassaolostaan-taisteleva-kaksi-esimerkkia-kahviosuuskunnista\\\/#primaryimage\"},\"thumbnailUrl\":\"https:\\\/\\\/pellervo.fi\\\/wp-content\\\/uploads\\\/2022\\\/10\\\/Honduras_Caruchil.jpg\",\"articleSection\":[\"Uutiset\",\"Vastuullisuus\"],\"inLanguage\":\"en-US\"},{\"@type\":\"WebPage\",\"@id\":\"https:\\\/\\\/pellervo.fi\\\/uutiset\\\/2022\\\/10\\\/05\\\/menestynyt-ja-kasvava-vai-olemassaolostaan-taisteleva-kaksi-esimerkkia-kahviosuuskunnista\\\/\",\"url\":\"https:\\\/\\\/pellervo.fi\\\/uutiset\\\/2022\\\/10\\\/05\\\/menestynyt-ja-kasvava-vai-olemassaolostaan-taisteleva-kaksi-esimerkkia-kahviosuuskunnista\\\/\",\"name\":\"Menestynyt ja kasvava vai olemassaolostaan taisteleva - kaksi esimerkki\u00e4 kahviosuuskunnista - Pellervo\",\"isPartOf\":{\"@id\":\"https:\\\/\\\/pellervo.fi\\\/#website\"},\"primaryImageOfPage\":{\"@id\":\"https:\\\/\\\/pellervo.fi\\\/uutiset\\\/2022\\\/10\\\/05\\\/menestynyt-ja-kasvava-vai-olemassaolostaan-taisteleva-kaksi-esimerkkia-kahviosuuskunnista\\\/#primaryimage\"},\"image\":{\"@id\":\"https:\\\/\\\/pellervo.fi\\\/uutiset\\\/2022\\\/10\\\/05\\\/menestynyt-ja-kasvava-vai-olemassaolostaan-taisteleva-kaksi-esimerkkia-kahviosuuskunnista\\\/#primaryimage\"},\"thumbnailUrl\":\"https:\\\/\\\/pellervo.fi\\\/wp-content\\\/uploads\\\/2022\\\/10\\\/Honduras_Caruchil.jpg\",\"datePublished\":\"2022-10-05T06:37:06+00:00\",\"dateModified\":\"2022-10-05T06:46:16+00:00\",\"breadcrumb\":{\"@id\":\"https:\\\/\\\/pellervo.fi\\\/uutiset\\\/2022\\\/10\\\/05\\\/menestynyt-ja-kasvava-vai-olemassaolostaan-taisteleva-kaksi-esimerkkia-kahviosuuskunnista\\\/#breadcrumb\"},\"inLanguage\":\"en-US\",\"potentialAction\":[{\"@type\":\"ReadAction\",\"target\":[\"https:\\\/\\\/pellervo.fi\\\/uutiset\\\/2022\\\/10\\\/05\\\/menestynyt-ja-kasvava-vai-olemassaolostaan-taisteleva-kaksi-esimerkkia-kahviosuuskunnista\\\/\"]}]},{\"@type\":\"ImageObject\",\"inLanguage\":\"en-US\",\"@id\":\"https:\\\/\\\/pellervo.fi\\\/uutiset\\\/2022\\\/10\\\/05\\\/menestynyt-ja-kasvava-vai-olemassaolostaan-taisteleva-kaksi-esimerkkia-kahviosuuskunnista\\\/#primaryimage\",\"url\":\"https:\\\/\\\/pellervo.fi\\\/wp-content\\\/uploads\\\/2022\\\/10\\\/Honduras_Caruchil.jpg\",\"contentUrl\":\"https:\\\/\\\/pellervo.fi\\\/wp-content\\\/uploads\\\/2022\\\/10\\\/Honduras_Caruchil.jpg\",\"width\":1433,\"height\":678,\"caption\":\"Caruchil-osuuskunnan naisj\u00e4rjest\u00f6n kahvituotantoa. Kuva: Timo Heikkil\u00e4.\"},{\"@type\":\"BreadcrumbList\",\"@id\":\"https:\\\/\\\/pellervo.fi\\\/uutiset\\\/2022\\\/10\\\/05\\\/menestynyt-ja-kasvava-vai-olemassaolostaan-taisteleva-kaksi-esimerkkia-kahviosuuskunnista\\\/#breadcrumb\",\"itemListElement\":[{\"@type\":\"ListItem\",\"position\":1,\"name\":\"Koti\",\"item\":\"https:\\\/\\\/pellervo.fi\\\/en\\\/\"},{\"@type\":\"ListItem\",\"position\":2,\"name\":\"Menestynyt ja kasvava vai olemassaolostaan taisteleva &#8211; kaksi esimerkki\u00e4 kahviosuuskunnista\"}]},{\"@type\":\"WebSite\",\"@id\":\"https:\\\/\\\/pellervo.fi\\\/#website\",\"url\":\"https:\\\/\\\/pellervo.fi\\\/\",\"name\":\"Pellervo\",\"description\":\"Osuuskuntien keskusj\u00e4rjest\u00f6\",\"publisher\":{\"@id\":\"https:\\\/\\\/pellervo.fi\\\/#organization\"},\"potentialAction\":[{\"@type\":\"SearchAction\",\"target\":{\"@type\":\"EntryPoint\",\"urlTemplate\":\"https:\\\/\\\/pellervo.fi\\\/?s={search_term_string}\"},\"query-input\":{\"@type\":\"PropertyValueSpecification\",\"valueRequired\":true,\"valueName\":\"search_term_string\"}}],\"inLanguage\":\"en-US\"},{\"@type\":\"Organization\",\"@id\":\"https:\\\/\\\/pellervo.fi\\\/#organization\",\"name\":\"Osuustoimintakeskus Pellervo ry\",\"url\":\"https:\\\/\\\/pellervo.fi\\\/\",\"logo\":{\"@type\":\"ImageObject\",\"inLanguage\":\"en-US\",\"@id\":\"https:\\\/\\\/pellervo.fi\\\/#\\\/schema\\\/logo\\\/image\\\/\",\"url\":\"https:\\\/\\\/pellervo.fi\\\/wp-content\\\/uploads\\\/2020\\\/05\\\/Pellervo_logo.png\",\"contentUrl\":\"https:\\\/\\\/pellervo.fi\\\/wp-content\\\/uploads\\\/2020\\\/05\\\/Pellervo_logo.png\",\"width\":1335,\"height\":376,\"caption\":\"Osuustoimintakeskus Pellervo ry\"},\"image\":{\"@id\":\"https:\\\/\\\/pellervo.fi\\\/#\\\/schema\\\/logo\\\/image\\\/\"},\"sameAs\":[\"https:\\\/\\\/x.com\\\/PellervoFi\"]},{\"@type\":\"Person\",\"@id\":\"https:\\\/\\\/pellervo.fi\\\/#\\\/schema\\\/person\\\/f001b7c670bab10e5236b09672d9e6a3\",\"name\":\"Hanna Muukka\",\"image\":{\"@type\":\"ImageObject\",\"inLanguage\":\"en-US\",\"@id\":\"https:\\\/\\\/pellervo.fi\\\/wp-content\\\/uploads\\\/2014\\\/02\\\/Hanna-Muukka_avatar_1393417732-96x96.jpg\",\"url\":\"https:\\\/\\\/pellervo.fi\\\/wp-content\\\/uploads\\\/2014\\\/02\\\/Hanna-Muukka_avatar_1393417732-96x96.jpg\",\"contentUrl\":\"https:\\\/\\\/pellervo.fi\\\/wp-content\\\/uploads\\\/2014\\\/02\\\/Hanna-Muukka_avatar_1393417732-96x96.jpg\",\"caption\":\"Hanna Muukka\"},\"description\":\"Kirjoittaja ty\u00f6skentelee Osuustoimintakeskus Pellervossa vastuullisuusasiantuntijana.\",\"url\":\"https:\\\/\\\/pellervo.fi\\\/en\\\/author\\\/hannamuu\\\/\"}]}<\/script>\n<!-- \/ Yoast SEO plugin. -->","yoast_head_json":{"title":"Menestynyt ja kasvava vai olemassaolostaan taisteleva - kaksi esimerkki\u00e4 kahviosuuskunnista - Pellervo","robots":{"index":"index","follow":"follow","max-snippet":"max-snippet:-1","max-image-preview":"max-image-preview:large","max-video-preview":"max-video-preview:-1"},"canonical":"https:\/\/pellervo.fi\/uutiset\/2022\/10\/05\/menestynyt-ja-kasvava-vai-olemassaolostaan-taisteleva-kaksi-esimerkkia-kahviosuuskunnista\/","og_locale":"en_US","og_type":"article","og_title":"Menestynyt ja kasvava vai olemassaolostaan taisteleva - kaksi esimerkki\u00e4 kahviosuuskunnista - Pellervo","og_url":"https:\/\/pellervo.fi\/uutiset\/2022\/10\/05\/menestynyt-ja-kasvava-vai-olemassaolostaan-taisteleva-kaksi-esimerkkia-kahviosuuskunnista\/","og_site_name":"Pellervo","article_published_time":"2022-10-05T06:37:06+00:00","article_modified_time":"2022-10-05T06:46:16+00:00","og_image":[{"width":1433,"height":678,"url":"https:\/\/pellervo.fi\/wp-content\/uploads\/2022\/10\/Honduras_Caruchil.jpg","type":"image\/jpeg"}],"author":"Hanna Muukka","twitter_card":"summary_large_image","twitter_creator":"@PellervoFi","twitter_site":"@PellervoFi","twitter_misc":{"Written by":"Hanna Muukka","Est. reading time":"6 minutes"},"schema":{"@context":"https:\/\/schema.org","@graph":[{"@type":"Article","@id":"https:\/\/pellervo.fi\/uutiset\/2022\/10\/05\/menestynyt-ja-kasvava-vai-olemassaolostaan-taisteleva-kaksi-esimerkkia-kahviosuuskunnista\/#article","isPartOf":{"@id":"https:\/\/pellervo.fi\/uutiset\/2022\/10\/05\/menestynyt-ja-kasvava-vai-olemassaolostaan-taisteleva-kaksi-esimerkkia-kahviosuuskunnista\/"},"author":{"name":"Hanna Muukka","@id":"https:\/\/pellervo.fi\/#\/schema\/person\/f001b7c670bab10e5236b09672d9e6a3"},"headline":"Menestynyt ja kasvava vai olemassaolostaan taisteleva &#8211; kaksi esimerkki\u00e4 kahviosuuskunnista","datePublished":"2022-10-05T06:37:06+00:00","dateModified":"2022-10-05T06:46:16+00:00","mainEntityOfPage":{"@id":"https:\/\/pellervo.fi\/uutiset\/2022\/10\/05\/menestynyt-ja-kasvava-vai-olemassaolostaan-taisteleva-kaksi-esimerkkia-kahviosuuskunnista\/"},"wordCount":947,"publisher":{"@id":"https:\/\/pellervo.fi\/#organization"},"image":{"@id":"https:\/\/pellervo.fi\/uutiset\/2022\/10\/05\/menestynyt-ja-kasvava-vai-olemassaolostaan-taisteleva-kaksi-esimerkkia-kahviosuuskunnista\/#primaryimage"},"thumbnailUrl":"https:\/\/pellervo.fi\/wp-content\/uploads\/2022\/10\/Honduras_Caruchil.jpg","articleSection":["Uutiset","Vastuullisuus"],"inLanguage":"en-US"},{"@type":"WebPage","@id":"https:\/\/pellervo.fi\/uutiset\/2022\/10\/05\/menestynyt-ja-kasvava-vai-olemassaolostaan-taisteleva-kaksi-esimerkkia-kahviosuuskunnista\/","url":"https:\/\/pellervo.fi\/uutiset\/2022\/10\/05\/menestynyt-ja-kasvava-vai-olemassaolostaan-taisteleva-kaksi-esimerkkia-kahviosuuskunnista\/","name":"Menestynyt ja kasvava vai olemassaolostaan taisteleva - kaksi esimerkki\u00e4 kahviosuuskunnista - Pellervo","isPartOf":{"@id":"https:\/\/pellervo.fi\/#website"},"primaryImageOfPage":{"@id":"https:\/\/pellervo.fi\/uutiset\/2022\/10\/05\/menestynyt-ja-kasvava-vai-olemassaolostaan-taisteleva-kaksi-esimerkkia-kahviosuuskunnista\/#primaryimage"},"image":{"@id":"https:\/\/pellervo.fi\/uutiset\/2022\/10\/05\/menestynyt-ja-kasvava-vai-olemassaolostaan-taisteleva-kaksi-esimerkkia-kahviosuuskunnista\/#primaryimage"},"thumbnailUrl":"https:\/\/pellervo.fi\/wp-content\/uploads\/2022\/10\/Honduras_Caruchil.jpg","datePublished":"2022-10-05T06:37:06+00:00","dateModified":"2022-10-05T06:46:16+00:00","breadcrumb":{"@id":"https:\/\/pellervo.fi\/uutiset\/2022\/10\/05\/menestynyt-ja-kasvava-vai-olemassaolostaan-taisteleva-kaksi-esimerkkia-kahviosuuskunnista\/#breadcrumb"},"inLanguage":"en-US","potentialAction":[{"@type":"ReadAction","target":["https:\/\/pellervo.fi\/uutiset\/2022\/10\/05\/menestynyt-ja-kasvava-vai-olemassaolostaan-taisteleva-kaksi-esimerkkia-kahviosuuskunnista\/"]}]},{"@type":"ImageObject","inLanguage":"en-US","@id":"https:\/\/pellervo.fi\/uutiset\/2022\/10\/05\/menestynyt-ja-kasvava-vai-olemassaolostaan-taisteleva-kaksi-esimerkkia-kahviosuuskunnista\/#primaryimage","url":"https:\/\/pellervo.fi\/wp-content\/uploads\/2022\/10\/Honduras_Caruchil.jpg","contentUrl":"https:\/\/pellervo.fi\/wp-content\/uploads\/2022\/10\/Honduras_Caruchil.jpg","width":1433,"height":678,"caption":"Caruchil-osuuskunnan naisj\u00e4rjest\u00f6n kahvituotantoa. Kuva: Timo Heikkil\u00e4."},{"@type":"BreadcrumbList","@id":"https:\/\/pellervo.fi\/uutiset\/2022\/10\/05\/menestynyt-ja-kasvava-vai-olemassaolostaan-taisteleva-kaksi-esimerkkia-kahviosuuskunnista\/#breadcrumb","itemListElement":[{"@type":"ListItem","position":1,"name":"Koti","item":"https:\/\/pellervo.fi\/en\/"},{"@type":"ListItem","position":2,"name":"Menestynyt ja kasvava vai olemassaolostaan taisteleva &#8211; kaksi esimerkki\u00e4 kahviosuuskunnista"}]},{"@type":"WebSite","@id":"https:\/\/pellervo.fi\/#website","url":"https:\/\/pellervo.fi\/","name":"Pellervo","description":"Osuuskuntien keskusj\u00e4rjest\u00f6","publisher":{"@id":"https:\/\/pellervo.fi\/#organization"},"potentialAction":[{"@type":"SearchAction","target":{"@type":"EntryPoint","urlTemplate":"https:\/\/pellervo.fi\/?s={search_term_string}"},"query-input":{"@type":"PropertyValueSpecification","valueRequired":true,"valueName":"search_term_string"}}],"inLanguage":"en-US"},{"@type":"Organization","@id":"https:\/\/pellervo.fi\/#organization","name":"Osuustoimintakeskus Pellervo ry","url":"https:\/\/pellervo.fi\/","logo":{"@type":"ImageObject","inLanguage":"en-US","@id":"https:\/\/pellervo.fi\/#\/schema\/logo\/image\/","url":"https:\/\/pellervo.fi\/wp-content\/uploads\/2020\/05\/Pellervo_logo.png","contentUrl":"https:\/\/pellervo.fi\/wp-content\/uploads\/2020\/05\/Pellervo_logo.png","width":1335,"height":376,"caption":"Osuustoimintakeskus Pellervo ry"},"image":{"@id":"https:\/\/pellervo.fi\/#\/schema\/logo\/image\/"},"sameAs":["https:\/\/x.com\/PellervoFi"]},{"@type":"Person","@id":"https:\/\/pellervo.fi\/#\/schema\/person\/f001b7c670bab10e5236b09672d9e6a3","name":"Hanna Muukka","image":{"@type":"ImageObject","inLanguage":"en-US","@id":"https:\/\/pellervo.fi\/wp-content\/uploads\/2014\/02\/Hanna-Muukka_avatar_1393417732-96x96.jpg","url":"https:\/\/pellervo.fi\/wp-content\/uploads\/2014\/02\/Hanna-Muukka_avatar_1393417732-96x96.jpg","contentUrl":"https:\/\/pellervo.fi\/wp-content\/uploads\/2014\/02\/Hanna-Muukka_avatar_1393417732-96x96.jpg","caption":"Hanna Muukka"},"description":"Kirjoittaja ty\u00f6skentelee Osuustoimintakeskus Pellervossa vastuullisuusasiantuntijana.","url":"https:\/\/pellervo.fi\/en\/author\/hannamuu\/"}]}},"_links":{"self":[{"href":"https:\/\/pellervo.fi\/en\/wp-json\/wp\/v2\/posts\/894057","targetHints":{"allow":["GET"]}}],"collection":[{"href":"https:\/\/pellervo.fi\/en\/wp-json\/wp\/v2\/posts"}],"about":[{"href":"https:\/\/pellervo.fi\/en\/wp-json\/wp\/v2\/types\/post"}],"author":[{"embeddable":true,"href":"https:\/\/pellervo.fi\/en\/wp-json\/wp\/v2\/users\/6"}],"replies":[{"embeddable":true,"href":"https:\/\/pellervo.fi\/en\/wp-json\/wp\/v2\/comments?post=894057"}],"version-history":[{"count":7,"href":"https:\/\/pellervo.fi\/en\/wp-json\/wp\/v2\/posts\/894057\/revisions"}],"predecessor-version":[{"id":894075,"href":"https:\/\/pellervo.fi\/en\/wp-json\/wp\/v2\/posts\/894057\/revisions\/894075"}],"wp:featuredmedia":[{"embeddable":true,"href":"https:\/\/pellervo.fi\/en\/wp-json\/wp\/v2\/media\/894058"}],"wp:attachment":[{"href":"https:\/\/pellervo.fi\/en\/wp-json\/wp\/v2\/media?parent=894057"}],"wp:term":[{"taxonomy":"category","embeddable":true,"href":"https:\/\/pellervo.fi\/en\/wp-json\/wp\/v2\/categories?post=894057"},{"taxonomy":"post_tag","embeddable":true,"href":"https:\/\/pellervo.fi\/en\/wp-json\/wp\/v2\/tags?post=894057"}],"curies":[{"name":"wp","href":"https:\/\/api.w.org\/{rel}","templated":true}]}}