{"id":894197,"date":"2022-10-19T09:04:05","date_gmt":"2022-10-19T06:04:05","guid":{"rendered":"https:\/\/pellervo.fi\/?p=894197"},"modified":"2022-10-19T09:05:12","modified_gmt":"2022-10-19T06:05:12","slug":"atria-mukana-elintarvikealan-materiaalitehokkuussitoumuksessa","status":"publish","type":"post","link":"https:\/\/pellervo.fi\/en\/vastuullisuus\/2022\/10\/19\/atria-mukana-elintarvikealan-materiaalitehokkuussitoumuksessa\/","title":{"rendered":"Atria mukana elintarvikealan materiaalitehokkuussitoumuksessa"},"content":{"rendered":"\n<p>Atria liittyi ensimm\u00e4isten yritysten joukossa elintarvikealan materiaalitehokkuuden sitoumukseen vuonna 2019 ja jatkaa sitoumustaan nyt uudella toimintakaudella 2022-2026. Materiaalitehokkuussitoumus t\u00e4ht\u00e4\u00e4 ymp\u00e4rist\u00f6vaikutusten v\u00e4hent\u00e4miseen ruoan valmistuksessa, jakelussa ja kulutuksessa. Toimialan yhteisi\u00e4 tavoitteita tukien Atria on sitoumuksessaan m\u00e4\u00e4ritt\u00e4nyt konkreettisia materiaalitehokkuustoimia, joissa keskityt\u00e4\u00e4n sek\u00e4 tuotantoprosessien materiaalitehokkuuden ett\u00e4 tuote- ja pakkausratkaisujen kehitt\u00e4miseen. Atrian tavoitteena on tehostaa jo nyt hyv\u00e4ll\u00e4 tasolla olevaa raaka-aineiden hy\u00f6dynt\u00e4mist\u00e4 ja v\u00e4hent\u00e4\u00e4 materiaali- ja ruokah\u00e4vikki\u00e4 tuotteen kaikissa elinkaaren vaiheissa. Lis\u00e4ksi Atria on sitoutunut edist\u00e4m\u00e4\u00e4n kuluttajien tietoisuutta ruokah\u00e4vikin v\u00e4hent\u00e4misen keinoista.<\/p>\n<p>&#8211; Materiaalitehokkuus on ohjannut toimintaamme jo aikaisemman sopimuskauden aikana. Uudella sopimuskaudella jatkamme aloitettuja toimenpiteit\u00e4 j\u00e4tteen minimoimiseksi ja edelleen kehit\u00e4mme omia prosessejamme entist\u00e4 kest\u00e4vimmiksi, kertoo <strong>Atrian tekninen johtaja Eero Ylisel\u00e4<\/strong>.<\/p>\n<p>Elintarvikealan materiaalitehokkuuden sitoumuksen vuosille 2022\u20132026 ovat allekirjoittaneet maa- ja mets\u00e4talousministeri\u00f6, ty\u00f6- ja elinkeinoministeri\u00f6 sek\u00e4 ymp\u00e4rist\u00f6ministeri\u00f6 yhdess\u00e4 Elintarviketeollisuusliitto ry:n, P\u00e4ivitt\u00e4istavarakauppa ry:n ja Suomen Pakkausyhdistys ry:n kanssa. Sitoumuksen avulla yritysten toimenpiteiden tuloksista saadaan koko alaa koskevaa mitattua tietoa. J\u00e4rjest\u00f6t ja ministeri\u00f6t seuraavat toiminnan vaikuttavuutta.<\/p>\n<p><a href=\"http:\/\/www.motiva.fi\/matsit\/elintarvikeala\" target=\"_blank\" rel=\"noopener\">Lue lis\u00e4\u00e4 materiaalitehokkuuden sitoumuksesta<\/a>.<\/p>\n","protected":false},"excerpt":{"rendered":"<p>Atria liittyi ensimm\u00e4isten yritysten joukossa elintarvikealan materiaalitehokkuuden sitoumukseen vuonna 2019 ja jatkaa sitoumustaan nyt uudella toimintakaudella 2022-2026. Materiaalitehokkuussitoumus t\u00e4ht\u00e4\u00e4 ymp\u00e4rist\u00f6vaikutusten v\u00e4hent\u00e4miseen ruoan valmistuksessa, jakelussa ja kulutuksessa.<\/p>\n","protected":false},"author":6,"featured_media":894198,"comment_status":"closed","ping_status":"closed","sticky":false,"template":"","format":"standard","meta":{"inline_featured_image":false,"_monsterinsights_skip_tracking":false,"_monsterinsights_sitenote_active":false,"_monsterinsights_sitenote_note":"","_monsterinsights_sitenote_category":0,"site-sidebar-layout":"default","site-content-layout":"","ast-site-content-layout":"default","site-content-style":"default","site-sidebar-style":"default","ast-global-header-display":"","ast-banner-title-visibility":"","ast-main-header-display":"","ast-hfb-above-header-display":"","ast-hfb-below-header-display":"","ast-hfb-mobile-header-display":"","site-post-title":"","ast-breadcrumbs-content":"","ast-featured-img":"","footer-sml-layout":"","ast-disable-related-posts":"","theme-transparent-header-meta":"","adv-header-id-meta":"","stick-header-meta":"","header-above-stick-meta":"","header-main-stick-meta":"","header-below-stick-meta":"","astra-migrate-meta-layouts":"default","ast-page-background-enabled":"default","ast-page-background-meta":{"desktop":{"background-color":"","background-image":"","background-repeat":"repeat","background-position":"center center","background-size":"auto","background-attachment":"scroll","background-type":"","background-media":"","overlay-type":"","overlay-color":"","overlay-opacity":"","overlay-gradient":""},"tablet":{"background-color":"","background-image":"","background-repeat":"repeat","background-position":"center center","background-size":"auto","background-attachment":"scroll","background-type":"","background-media":"","overlay-type":"","overlay-color":"","overlay-opacity":"","overlay-gradient":""},"mobile":{"background-color":"","background-image":"","background-repeat":"repeat","background-position":"center center","background-size":"auto","background-attachment":"scroll","background-type":"","background-media":"","overlay-type":"","overlay-color":"","overlay-opacity":"","overlay-gradient":""}},"ast-content-background-meta":{"desktop":{"background-color":"var(--ast-global-color-5)","background-image":"","background-repeat":"repeat","background-position":"center center","background-size":"auto","background-attachment":"scroll","background-type":"","background-media":"","overlay-type":"","overlay-color":"","overlay-opacity":"","overlay-gradient":""},"tablet":{"background-color":"var(--ast-global-color-5)","background-image":"","background-repeat":"repeat","background-position":"center center","background-size":"auto","background-attachment":"scroll","background-type":"","background-media":"","overlay-type":"","overlay-color":"","overlay-opacity":"","overlay-gradient":""},"mobile":{"background-color":"var(--ast-global-color-5)","background-image":"","background-repeat":"repeat","background-position":"center center","background-size":"auto","background-attachment":"scroll","background-type":"","background-media":"","overlay-type":"","overlay-color":"","overlay-opacity":"","overlay-gradient":""}},"_FSMCFIC_featured_image_caption":"","_FSMCFIC_featured_image_nocaption":"","_FSMCFIC_featured_image_hide":"","footnotes":""},"categories":[224],"tags":[],"class_list":["post-894197","post","type-post","status-publish","format-standard","has-post-thumbnail","hentry","category-vastuullisuus"],"yoast_head":"<!-- This site is optimized with the Yoast SEO plugin v27.5 - https:\/\/yoast.com\/product\/yoast-seo-wordpress\/ -->\n<title>Atria mukana elintarvikealan materiaalitehokkuussitoumuksessa - Pellervo<\/title>\n<meta name=\"robots\" content=\"index, follow, max-snippet:-1, max-image-preview:large, max-video-preview:-1\" \/>\n<link rel=\"canonical\" href=\"https:\/\/pellervo.fi\/vastuullisuus\/2022\/10\/19\/atria-mukana-elintarvikealan-materiaalitehokkuussitoumuksessa\/\" \/>\n<meta property=\"og:locale\" content=\"en_US\" \/>\n<meta property=\"og:type\" content=\"article\" \/>\n<meta property=\"og:title\" content=\"Atria mukana elintarvikealan materiaalitehokkuussitoumuksessa - Pellervo\" \/>\n<meta property=\"og:description\" content=\"Atria liittyi ensimm\u00e4isten yritysten joukossa elintarvikealan materiaalitehokkuuden sitoumukseen vuonna 2019 ja jatkaa sitoumustaan nyt uudella toimintakaudella 2022-2026. Materiaalitehokkuussitoumus t\u00e4ht\u00e4\u00e4 ymp\u00e4rist\u00f6vaikutusten v\u00e4hent\u00e4miseen ruoan valmistuksessa, jakelussa ja kulutuksessa.\" \/>\n<meta property=\"og:url\" content=\"https:\/\/pellervo.fi\/vastuullisuus\/2022\/10\/19\/atria-mukana-elintarvikealan-materiaalitehokkuussitoumuksessa\/\" \/>\n<meta property=\"og:site_name\" content=\"Pellervo\" \/>\n<meta property=\"article:published_time\" content=\"2022-10-19T06:04:05+00:00\" \/>\n<meta property=\"article:modified_time\" content=\"2022-10-19T06:05:12+00:00\" \/>\n<meta property=\"og:image\" content=\"https:\/\/pellervo.fi\/wp-content\/uploads\/2022\/10\/Atria_materiaalitehokkuus.jpg\" \/>\n\t<meta property=\"og:image:width\" content=\"1920\" \/>\n\t<meta property=\"og:image:height\" content=\"1080\" \/>\n\t<meta property=\"og:image:type\" content=\"image\/jpeg\" \/>\n<meta name=\"author\" content=\"Hanna Muukka\" \/>\n<meta name=\"twitter:card\" content=\"summary_large_image\" \/>\n<meta name=\"twitter:creator\" content=\"@PellervoFi\" \/>\n<meta name=\"twitter:site\" content=\"@PellervoFi\" \/>\n<meta name=\"twitter:label1\" content=\"Written by\" \/>\n\t<meta name=\"twitter:data1\" content=\"Hanna Muukka\" \/>\n\t<meta name=\"twitter:label2\" content=\"Est. reading time\" \/>\n\t<meta name=\"twitter:data2\" content=\"1 minute\" \/>\n<script type=\"application\/ld+json\" class=\"yoast-schema-graph\">{\"@context\":\"https:\\\/\\\/schema.org\",\"@graph\":[{\"@type\":\"Article\",\"@id\":\"https:\\\/\\\/pellervo.fi\\\/vastuullisuus\\\/2022\\\/10\\\/19\\\/atria-mukana-elintarvikealan-materiaalitehokkuussitoumuksessa\\\/#article\",\"isPartOf\":{\"@id\":\"https:\\\/\\\/pellervo.fi\\\/vastuullisuus\\\/2022\\\/10\\\/19\\\/atria-mukana-elintarvikealan-materiaalitehokkuussitoumuksessa\\\/\"},\"author\":{\"name\":\"Hanna Muukka\",\"@id\":\"https:\\\/\\\/pellervo.fi\\\/#\\\/schema\\\/person\\\/f001b7c670bab10e5236b09672d9e6a3\"},\"headline\":\"Atria mukana elintarvikealan materiaalitehokkuussitoumuksessa\",\"datePublished\":\"2022-10-19T06:04:05+00:00\",\"dateModified\":\"2022-10-19T06:05:12+00:00\",\"mainEntityOfPage\":{\"@id\":\"https:\\\/\\\/pellervo.fi\\\/vastuullisuus\\\/2022\\\/10\\\/19\\\/atria-mukana-elintarvikealan-materiaalitehokkuussitoumuksessa\\\/\"},\"wordCount\":189,\"publisher\":{\"@id\":\"https:\\\/\\\/pellervo.fi\\\/#organization\"},\"image\":{\"@id\":\"https:\\\/\\\/pellervo.fi\\\/vastuullisuus\\\/2022\\\/10\\\/19\\\/atria-mukana-elintarvikealan-materiaalitehokkuussitoumuksessa\\\/#primaryimage\"},\"thumbnailUrl\":\"https:\\\/\\\/pellervo.fi\\\/wp-content\\\/uploads\\\/2022\\\/10\\\/Atria_materiaalitehokkuus.jpg\",\"articleSection\":[\"Vastuullisuus\"],\"inLanguage\":\"en-US\"},{\"@type\":\"WebPage\",\"@id\":\"https:\\\/\\\/pellervo.fi\\\/vastuullisuus\\\/2022\\\/10\\\/19\\\/atria-mukana-elintarvikealan-materiaalitehokkuussitoumuksessa\\\/\",\"url\":\"https:\\\/\\\/pellervo.fi\\\/vastuullisuus\\\/2022\\\/10\\\/19\\\/atria-mukana-elintarvikealan-materiaalitehokkuussitoumuksessa\\\/\",\"name\":\"Atria mukana elintarvikealan materiaalitehokkuussitoumuksessa - Pellervo\",\"isPartOf\":{\"@id\":\"https:\\\/\\\/pellervo.fi\\\/#website\"},\"primaryImageOfPage\":{\"@id\":\"https:\\\/\\\/pellervo.fi\\\/vastuullisuus\\\/2022\\\/10\\\/19\\\/atria-mukana-elintarvikealan-materiaalitehokkuussitoumuksessa\\\/#primaryimage\"},\"image\":{\"@id\":\"https:\\\/\\\/pellervo.fi\\\/vastuullisuus\\\/2022\\\/10\\\/19\\\/atria-mukana-elintarvikealan-materiaalitehokkuussitoumuksessa\\\/#primaryimage\"},\"thumbnailUrl\":\"https:\\\/\\\/pellervo.fi\\\/wp-content\\\/uploads\\\/2022\\\/10\\\/Atria_materiaalitehokkuus.jpg\",\"datePublished\":\"2022-10-19T06:04:05+00:00\",\"dateModified\":\"2022-10-19T06:05:12+00:00\",\"breadcrumb\":{\"@id\":\"https:\\\/\\\/pellervo.fi\\\/vastuullisuus\\\/2022\\\/10\\\/19\\\/atria-mukana-elintarvikealan-materiaalitehokkuussitoumuksessa\\\/#breadcrumb\"},\"inLanguage\":\"en-US\",\"potentialAction\":[{\"@type\":\"ReadAction\",\"target\":[\"https:\\\/\\\/pellervo.fi\\\/vastuullisuus\\\/2022\\\/10\\\/19\\\/atria-mukana-elintarvikealan-materiaalitehokkuussitoumuksessa\\\/\"]}]},{\"@type\":\"ImageObject\",\"inLanguage\":\"en-US\",\"@id\":\"https:\\\/\\\/pellervo.fi\\\/vastuullisuus\\\/2022\\\/10\\\/19\\\/atria-mukana-elintarvikealan-materiaalitehokkuussitoumuksessa\\\/#primaryimage\",\"url\":\"https:\\\/\\\/pellervo.fi\\\/wp-content\\\/uploads\\\/2022\\\/10\\\/Atria_materiaalitehokkuus.jpg\",\"contentUrl\":\"https:\\\/\\\/pellervo.fi\\\/wp-content\\\/uploads\\\/2022\\\/10\\\/Atria_materiaalitehokkuus.jpg\",\"width\":1920,\"height\":1080,\"caption\":\"Atrian tehdastiloissa valkopukuinen ja -hattuinen ty\u00f6ntekij\u00e4 seisoo ja katsoo k\u00e4dess\u00e4\u00e4n olevaa padia.\"},{\"@type\":\"BreadcrumbList\",\"@id\":\"https:\\\/\\\/pellervo.fi\\\/vastuullisuus\\\/2022\\\/10\\\/19\\\/atria-mukana-elintarvikealan-materiaalitehokkuussitoumuksessa\\\/#breadcrumb\",\"itemListElement\":[{\"@type\":\"ListItem\",\"position\":1,\"name\":\"Koti\",\"item\":\"https:\\\/\\\/pellervo.fi\\\/en\\\/\"},{\"@type\":\"ListItem\",\"position\":2,\"name\":\"Atria mukana elintarvikealan materiaalitehokkuussitoumuksessa\"}]},{\"@type\":\"WebSite\",\"@id\":\"https:\\\/\\\/pellervo.fi\\\/#website\",\"url\":\"https:\\\/\\\/pellervo.fi\\\/\",\"name\":\"Pellervo\",\"description\":\"Osuuskuntien keskusj\u00e4rjest\u00f6\",\"publisher\":{\"@id\":\"https:\\\/\\\/pellervo.fi\\\/#organization\"},\"potentialAction\":[{\"@type\":\"SearchAction\",\"target\":{\"@type\":\"EntryPoint\",\"urlTemplate\":\"https:\\\/\\\/pellervo.fi\\\/?s={search_term_string}\"},\"query-input\":{\"@type\":\"PropertyValueSpecification\",\"valueRequired\":true,\"valueName\":\"search_term_string\"}}],\"inLanguage\":\"en-US\"},{\"@type\":\"Organization\",\"@id\":\"https:\\\/\\\/pellervo.fi\\\/#organization\",\"name\":\"Osuustoimintakeskus Pellervo ry\",\"url\":\"https:\\\/\\\/pellervo.fi\\\/\",\"logo\":{\"@type\":\"ImageObject\",\"inLanguage\":\"en-US\",\"@id\":\"https:\\\/\\\/pellervo.fi\\\/#\\\/schema\\\/logo\\\/image\\\/\",\"url\":\"https:\\\/\\\/pellervo.fi\\\/wp-content\\\/uploads\\\/2020\\\/05\\\/Pellervo_logo.png\",\"contentUrl\":\"https:\\\/\\\/pellervo.fi\\\/wp-content\\\/uploads\\\/2020\\\/05\\\/Pellervo_logo.png\",\"width\":1335,\"height\":376,\"caption\":\"Osuustoimintakeskus Pellervo ry\"},\"image\":{\"@id\":\"https:\\\/\\\/pellervo.fi\\\/#\\\/schema\\\/logo\\\/image\\\/\"},\"sameAs\":[\"https:\\\/\\\/x.com\\\/PellervoFi\"]},{\"@type\":\"Person\",\"@id\":\"https:\\\/\\\/pellervo.fi\\\/#\\\/schema\\\/person\\\/f001b7c670bab10e5236b09672d9e6a3\",\"name\":\"Hanna Muukka\",\"image\":{\"@type\":\"ImageObject\",\"inLanguage\":\"en-US\",\"@id\":\"https:\\\/\\\/pellervo.fi\\\/wp-content\\\/uploads\\\/2014\\\/02\\\/Hanna-Muukka_avatar_1393417732-96x96.jpg\",\"url\":\"https:\\\/\\\/pellervo.fi\\\/wp-content\\\/uploads\\\/2014\\\/02\\\/Hanna-Muukka_avatar_1393417732-96x96.jpg\",\"contentUrl\":\"https:\\\/\\\/pellervo.fi\\\/wp-content\\\/uploads\\\/2014\\\/02\\\/Hanna-Muukka_avatar_1393417732-96x96.jpg\",\"caption\":\"Hanna Muukka\"},\"description\":\"Kirjoittaja ty\u00f6skentelee Osuustoimintakeskus Pellervossa vastuullisuusasiantuntijana.\",\"url\":\"https:\\\/\\\/pellervo.fi\\\/en\\\/author\\\/hannamuu\\\/\"}]}<\/script>\n<!-- \/ Yoast SEO plugin. -->","yoast_head_json":{"title":"Atria mukana elintarvikealan materiaalitehokkuussitoumuksessa - Pellervo","robots":{"index":"index","follow":"follow","max-snippet":"max-snippet:-1","max-image-preview":"max-image-preview:large","max-video-preview":"max-video-preview:-1"},"canonical":"https:\/\/pellervo.fi\/vastuullisuus\/2022\/10\/19\/atria-mukana-elintarvikealan-materiaalitehokkuussitoumuksessa\/","og_locale":"en_US","og_type":"article","og_title":"Atria mukana elintarvikealan materiaalitehokkuussitoumuksessa - Pellervo","og_description":"Atria liittyi ensimm\u00e4isten yritysten joukossa elintarvikealan materiaalitehokkuuden sitoumukseen vuonna 2019 ja jatkaa sitoumustaan nyt uudella toimintakaudella 2022-2026. Materiaalitehokkuussitoumus t\u00e4ht\u00e4\u00e4 ymp\u00e4rist\u00f6vaikutusten v\u00e4hent\u00e4miseen ruoan valmistuksessa, jakelussa ja kulutuksessa.","og_url":"https:\/\/pellervo.fi\/vastuullisuus\/2022\/10\/19\/atria-mukana-elintarvikealan-materiaalitehokkuussitoumuksessa\/","og_site_name":"Pellervo","article_published_time":"2022-10-19T06:04:05+00:00","article_modified_time":"2022-10-19T06:05:12+00:00","og_image":[{"width":1920,"height":1080,"url":"https:\/\/pellervo.fi\/wp-content\/uploads\/2022\/10\/Atria_materiaalitehokkuus.jpg","type":"image\/jpeg"}],"author":"Hanna Muukka","twitter_card":"summary_large_image","twitter_creator":"@PellervoFi","twitter_site":"@PellervoFi","twitter_misc":{"Written by":"Hanna Muukka","Est. reading time":"1 minute"},"schema":{"@context":"https:\/\/schema.org","@graph":[{"@type":"Article","@id":"https:\/\/pellervo.fi\/vastuullisuus\/2022\/10\/19\/atria-mukana-elintarvikealan-materiaalitehokkuussitoumuksessa\/#article","isPartOf":{"@id":"https:\/\/pellervo.fi\/vastuullisuus\/2022\/10\/19\/atria-mukana-elintarvikealan-materiaalitehokkuussitoumuksessa\/"},"author":{"name":"Hanna Muukka","@id":"https:\/\/pellervo.fi\/#\/schema\/person\/f001b7c670bab10e5236b09672d9e6a3"},"headline":"Atria mukana elintarvikealan materiaalitehokkuussitoumuksessa","datePublished":"2022-10-19T06:04:05+00:00","dateModified":"2022-10-19T06:05:12+00:00","mainEntityOfPage":{"@id":"https:\/\/pellervo.fi\/vastuullisuus\/2022\/10\/19\/atria-mukana-elintarvikealan-materiaalitehokkuussitoumuksessa\/"},"wordCount":189,"publisher":{"@id":"https:\/\/pellervo.fi\/#organization"},"image":{"@id":"https:\/\/pellervo.fi\/vastuullisuus\/2022\/10\/19\/atria-mukana-elintarvikealan-materiaalitehokkuussitoumuksessa\/#primaryimage"},"thumbnailUrl":"https:\/\/pellervo.fi\/wp-content\/uploads\/2022\/10\/Atria_materiaalitehokkuus.jpg","articleSection":["Vastuullisuus"],"inLanguage":"en-US"},{"@type":"WebPage","@id":"https:\/\/pellervo.fi\/vastuullisuus\/2022\/10\/19\/atria-mukana-elintarvikealan-materiaalitehokkuussitoumuksessa\/","url":"https:\/\/pellervo.fi\/vastuullisuus\/2022\/10\/19\/atria-mukana-elintarvikealan-materiaalitehokkuussitoumuksessa\/","name":"Atria mukana elintarvikealan materiaalitehokkuussitoumuksessa - Pellervo","isPartOf":{"@id":"https:\/\/pellervo.fi\/#website"},"primaryImageOfPage":{"@id":"https:\/\/pellervo.fi\/vastuullisuus\/2022\/10\/19\/atria-mukana-elintarvikealan-materiaalitehokkuussitoumuksessa\/#primaryimage"},"image":{"@id":"https:\/\/pellervo.fi\/vastuullisuus\/2022\/10\/19\/atria-mukana-elintarvikealan-materiaalitehokkuussitoumuksessa\/#primaryimage"},"thumbnailUrl":"https:\/\/pellervo.fi\/wp-content\/uploads\/2022\/10\/Atria_materiaalitehokkuus.jpg","datePublished":"2022-10-19T06:04:05+00:00","dateModified":"2022-10-19T06:05:12+00:00","breadcrumb":{"@id":"https:\/\/pellervo.fi\/vastuullisuus\/2022\/10\/19\/atria-mukana-elintarvikealan-materiaalitehokkuussitoumuksessa\/#breadcrumb"},"inLanguage":"en-US","potentialAction":[{"@type":"ReadAction","target":["https:\/\/pellervo.fi\/vastuullisuus\/2022\/10\/19\/atria-mukana-elintarvikealan-materiaalitehokkuussitoumuksessa\/"]}]},{"@type":"ImageObject","inLanguage":"en-US","@id":"https:\/\/pellervo.fi\/vastuullisuus\/2022\/10\/19\/atria-mukana-elintarvikealan-materiaalitehokkuussitoumuksessa\/#primaryimage","url":"https:\/\/pellervo.fi\/wp-content\/uploads\/2022\/10\/Atria_materiaalitehokkuus.jpg","contentUrl":"https:\/\/pellervo.fi\/wp-content\/uploads\/2022\/10\/Atria_materiaalitehokkuus.jpg","width":1920,"height":1080,"caption":"Atrian tehdastiloissa valkopukuinen ja -hattuinen ty\u00f6ntekij\u00e4 seisoo ja katsoo k\u00e4dess\u00e4\u00e4n olevaa padia."},{"@type":"BreadcrumbList","@id":"https:\/\/pellervo.fi\/vastuullisuus\/2022\/10\/19\/atria-mukana-elintarvikealan-materiaalitehokkuussitoumuksessa\/#breadcrumb","itemListElement":[{"@type":"ListItem","position":1,"name":"Koti","item":"https:\/\/pellervo.fi\/en\/"},{"@type":"ListItem","position":2,"name":"Atria mukana elintarvikealan materiaalitehokkuussitoumuksessa"}]},{"@type":"WebSite","@id":"https:\/\/pellervo.fi\/#website","url":"https:\/\/pellervo.fi\/","name":"Pellervo","description":"Osuuskuntien keskusj\u00e4rjest\u00f6","publisher":{"@id":"https:\/\/pellervo.fi\/#organization"},"potentialAction":[{"@type":"SearchAction","target":{"@type":"EntryPoint","urlTemplate":"https:\/\/pellervo.fi\/?s={search_term_string}"},"query-input":{"@type":"PropertyValueSpecification","valueRequired":true,"valueName":"search_term_string"}}],"inLanguage":"en-US"},{"@type":"Organization","@id":"https:\/\/pellervo.fi\/#organization","name":"Osuustoimintakeskus Pellervo ry","url":"https:\/\/pellervo.fi\/","logo":{"@type":"ImageObject","inLanguage":"en-US","@id":"https:\/\/pellervo.fi\/#\/schema\/logo\/image\/","url":"https:\/\/pellervo.fi\/wp-content\/uploads\/2020\/05\/Pellervo_logo.png","contentUrl":"https:\/\/pellervo.fi\/wp-content\/uploads\/2020\/05\/Pellervo_logo.png","width":1335,"height":376,"caption":"Osuustoimintakeskus Pellervo ry"},"image":{"@id":"https:\/\/pellervo.fi\/#\/schema\/logo\/image\/"},"sameAs":["https:\/\/x.com\/PellervoFi"]},{"@type":"Person","@id":"https:\/\/pellervo.fi\/#\/schema\/person\/f001b7c670bab10e5236b09672d9e6a3","name":"Hanna Muukka","image":{"@type":"ImageObject","inLanguage":"en-US","@id":"https:\/\/pellervo.fi\/wp-content\/uploads\/2014\/02\/Hanna-Muukka_avatar_1393417732-96x96.jpg","url":"https:\/\/pellervo.fi\/wp-content\/uploads\/2014\/02\/Hanna-Muukka_avatar_1393417732-96x96.jpg","contentUrl":"https:\/\/pellervo.fi\/wp-content\/uploads\/2014\/02\/Hanna-Muukka_avatar_1393417732-96x96.jpg","caption":"Hanna Muukka"},"description":"Kirjoittaja ty\u00f6skentelee Osuustoimintakeskus Pellervossa vastuullisuusasiantuntijana.","url":"https:\/\/pellervo.fi\/en\/author\/hannamuu\/"}]}},"_links":{"self":[{"href":"https:\/\/pellervo.fi\/en\/wp-json\/wp\/v2\/posts\/894197","targetHints":{"allow":["GET"]}}],"collection":[{"href":"https:\/\/pellervo.fi\/en\/wp-json\/wp\/v2\/posts"}],"about":[{"href":"https:\/\/pellervo.fi\/en\/wp-json\/wp\/v2\/types\/post"}],"author":[{"embeddable":true,"href":"https:\/\/pellervo.fi\/en\/wp-json\/wp\/v2\/users\/6"}],"replies":[{"embeddable":true,"href":"https:\/\/pellervo.fi\/en\/wp-json\/wp\/v2\/comments?post=894197"}],"version-history":[{"count":2,"href":"https:\/\/pellervo.fi\/en\/wp-json\/wp\/v2\/posts\/894197\/revisions"}],"predecessor-version":[{"id":894202,"href":"https:\/\/pellervo.fi\/en\/wp-json\/wp\/v2\/posts\/894197\/revisions\/894202"}],"wp:featuredmedia":[{"embeddable":true,"href":"https:\/\/pellervo.fi\/en\/wp-json\/wp\/v2\/media\/894198"}],"wp:attachment":[{"href":"https:\/\/pellervo.fi\/en\/wp-json\/wp\/v2\/media?parent=894197"}],"wp:term":[{"taxonomy":"category","embeddable":true,"href":"https:\/\/pellervo.fi\/en\/wp-json\/wp\/v2\/categories?post=894197"},{"taxonomy":"post_tag","embeddable":true,"href":"https:\/\/pellervo.fi\/en\/wp-json\/wp\/v2\/tags?post=894197"}],"curies":[{"name":"wp","href":"https:\/\/api.w.org\/{rel}","templated":true}]}}