{"id":894493,"date":"2022-12-09T12:36:00","date_gmt":"2022-12-09T10:36:00","guid":{"rendered":"https:\/\/pellervo.fi\/?p=894493"},"modified":"2022-12-15T10:07:18","modified_gmt":"2022-12-15T08:07:18","slug":"ilkka-uusitalo-valtuuskunnalle-osuuskunnista-apua-energiakriisiin","status":"publish","type":"post","link":"https:\/\/pellervo.fi\/en\/jarjesto\/2022\/12\/09\/ilkka-uusitalo-valtuuskunnalle-osuuskunnista-apua-energiakriisiin\/","title":{"rendered":"Ilkka Uusitalo valtuuskunnalle: Osuuskunnista apua energiakriisiin?"},"content":{"rendered":"\n<p><strong>Pellervon valtuuskunnan puheenjohtajan avauspuhe\u00a0<br \/>Kokous 2\/2022, Helsinki<br \/><\/strong>\u00a0<br \/>El\u00e4mme monella tavoin kriisiaikaa. Sek\u00e4 globaalilla ett\u00e4 Suomen tasolla. Elinkeinoel\u00e4m\u00e4n valtuuskunta EVA:n \u00e4skett\u00e4in julkistettu tutkimus kertoo huolestuttavia asioita: Maaseudun ja kaupungin v\u00e4lille on noussut yh\u00e4 vahvempi juopa. Maalaisiksi itsens\u00e4 mielt\u00e4v\u00e4t kokevat maaseudun olevan akuutin kriisin keskell\u00e4. Kaupunkilaisiksi itsens\u00e4 kokevat suomalaiset eiv\u00e4t ole kovin huolissaan, eiv\u00e4tk\u00e4 kaikilta osin niin kiinnostuneitakaan maaseudun asioista.<\/p>\n<p>Maaseutu- ja kaupunkiv\u00e4est\u00f6t el\u00e4v\u00e4t EVA:n mukaan eri todellisuuksissa. Todettakoon t\u00e4ss\u00e4 yhteydess\u00e4, ett\u00e4 alle puolet suomalaisista mielt\u00e4\u00e4 itsens\u00e4 puhtaasti kaupunkilaisiksi. Enemmist\u00f6 &#8211; kolme viidest\u00e4 (57%) &#8211; ajattelee, ett\u00e4 maaseudun kriisin syventyminen vaarantaa tulevaisuudessa kansallisen eheyden. \u00a0<\/p>\n<p>Osuustoimintayritykset ovat t\u00e4ss\u00e4 maassa vahvoja niin maalla kuin kaupungissakin. J\u00e4senm\u00e4\u00e4r\u00e4lt\u00e4\u00e4n suurimmat sijaitsevat siell\u00e4, miss\u00e4 suurin osa suomalaisista asuu. Siis p\u00e4\u00e4kaupunkiseudulla. OP Uusimaalla on j\u00e4seni\u00e4 343\u00a0000 ja per\u00e4ti HOK Elannolla 653\u00a0000. Tradekallakin j\u00e4seni\u00e4 on noin 200\u00a0000.<\/p>\n<p>Toisaalta suomalaisten tuottajien elinkeinon selk\u00e4nojana on useimmissa tapauksissa osuuskunta, kuten me kaikki vallan hyvin tied\u00e4mme. Vastakkainasettelu ei ole kenenk\u00e4\u00e4n etu. Pellervo on kaikkien osuuskuntien puolestapuhuja.<\/p>\n<p>Osuustoiminta on yhteis\u00f6n arvoon perustuva talousmalli, jossa tavoitteena on aina enemm\u00e4n kuin vain oma menestys. Joskin moni el\u00e4intuottaja on nyt niin ahtaassa raossa, ett\u00e4 mahdollisuus edes siihen oman edun ajamiseen tuntuu liki mahdottomalta. Rehun, s\u00e4hk\u00f6n, ja lannoitteiden hintaan ei yksitt\u00e4isell\u00e4 elinkeinonharjoittajalla ole vaikutusvaltaa, ja tuotannosta saatava korvauskin on hyvin tavallisesti vain ilmoitusasia. \u00a0<\/p>\n<p>Osuustoiminnan teht\u00e4v\u00e4n\u00e4 on l\u00f6yt\u00e4\u00e4 uusia ratkaisuja. Mit\u00e4 voimme kehitt\u00e4\u00e4 yhdess\u00e4, jotta olosuhteet olisivat meille suotuisammat? Yksi mahdollinen keino on pyrki\u00e4 vaikuttamaan energian hintaan osuuskuntien avulla. Pellervon j\u00e4senist\u00e4 oivaksi esimerkiksi t\u00e4lt\u00e4 alalta kelpaa ainakin Oulun Seudun S\u00e4hk\u00f6, noin 20\u00a0000 j\u00e4senen kuluttajaosuuskunta. Se on oman tuotantonsa avulla pystynyt pit\u00e4m\u00e4\u00e4n myym\u00e4ns\u00e4 s\u00e4hk\u00f6n j\u00e4senhinnat vakaina ja markkinoiden edullisimpien joukossa. Ensi vuonnakin tarkoitus on k\u00e4ytt\u00e4\u00e4 ainakin 10 miljoonaa euroa j\u00e4senhinnan tukemiseen.<\/p>\n<p>Sin\u00e4ns\u00e4 mukava, ett\u00e4 hallitus on valmistellut lain, jolla pyrit\u00e4\u00e4n ylisuurten s\u00e4hk\u00f6n ja fossiilisten polttoaineiden myyntivoittojen leikkaamiseen. Laki on lausuntokierroksella nyt ja tulossa eduskunnan k\u00e4sittelyyn viel\u00e4 t\u00e4m\u00e4n vuoden puolella. Ajatuksena on asettaa tuotoille 33 prosentin vero. Leikkuri menisi p\u00e4\u00e4lle, mik\u00e4li sijoitetulle p\u00e4\u00e4omalle olisi n\u00e4kyviss\u00e4 tuottoa viisi prosenttia tai enemm\u00e4n, ja n\u00e4ill\u00e4 rahoilla valtio tukisi ylisuuriksi nousseiden s\u00e4hk\u00f6laskujen maksajia.<\/p>\n<p>T\u00e4m\u00e4 on erinomainen ajatus, mutta kyse on kuitenkin vain v\u00e4liaikaiseksi tarkoitetusta ratkaisusta. Osuustoiminta tuo onnistuessaan vakautta ja pysyvyytt\u00e4.\u00a0 \u00a0<\/p>\n<p>Toki meill\u00e4 on maassa my\u00f6s noin 30 puuhaketta hy\u00f6dynt\u00e4v\u00e4\u00e4 l\u00e4mp\u00f6osuuskuntaa. Unohtamatta tietenk\u00e4\u00e4n Mets\u00e4liittoa, joka on energian suhteen t\u00e4ysin omavarainen. Nyt on kuitenkin hyv\u00e4 hetki keskustella siit\u00e4, miten Suomeen saataisiin lis\u00e4\u00e4 energiaa tuottavia osuuskuntia. Kuka ryhtyisi t\u00e4ss\u00e4 aloitteelliseksi? Pellervo on tammikuussa j\u00e4rjest\u00e4m\u00e4ss\u00e4 eduskunnan osuustoimintaryhm\u00e4lle seminaaria, jossa syvennyt\u00e4\u00e4n nimenomaan t\u00e4h\u00e4n teemaan. Lains\u00e4\u00e4d\u00e4nn\u00f6lliset haasteet ja mahdolliset hidasteet on selvitett\u00e4v\u00e4, mutta osuustoiminta tarvitsee toki my\u00f6s aloitteellisia tekij\u00f6it\u00e4, puuhamiehi\u00e4 ja -naisia.<\/p>\n<p>Niit\u00e4 aktiiveja on t\u00e4ss\u00e4 joukossa: Valtuuskunnan iltakoulun ohjelma on t\u00e4n\u00e4\u00e4n t\u00e4rke\u00e4\u00e4kin t\u00e4rke\u00e4mpi: Ryhdymme keskustelemaan meit\u00e4 osuustoimijoita yhdist\u00e4vist\u00e4 asioista ja siit\u00e4, millaisen Pellervon haluamme jatkossa. Mik\u00e4 on Pellervon rooli n\u00e4in\u00e4 ep\u00e4vakaina aikoina, jolloin erilaiset ajatuksemme asioiden pysyvyydest\u00e4 ovat tulleet moneen kertaan kyseenalaistetuksi? Mihin Pellervon tulee pyrki\u00e4, mit\u00e4 me j\u00e4senyritysten edustajat tulevaisuuden osuustoiminnalta toivomme?<\/p>\n<p>Toivon kaikille siis hyvin antoisaa iltakoulua ja vilkasta strategiakeskustelua! Nyt on aika sanoa mielipiteens\u00e4. Katsotaan yhdess\u00e4 eteenp\u00e4in!<\/p>\n","protected":false},"excerpt":{"rendered":"","protected":false},"author":5,"featured_media":894500,"comment_status":"closed","ping_status":"closed","sticky":false,"template":"","format":"standard","meta":{"inline_featured_image":false,"_monsterinsights_skip_tracking":false,"_monsterinsights_sitenote_active":false,"_monsterinsights_sitenote_note":"","_monsterinsights_sitenote_category":0,"site-sidebar-layout":"default","site-content-layout":"","ast-site-content-layout":"default","site-content-style":"default","site-sidebar-style":"default","ast-global-header-display":"","ast-banner-title-visibility":"","ast-main-header-display":"","ast-hfb-above-header-display":"","ast-hfb-below-header-display":"","ast-hfb-mobile-header-display":"","site-post-title":"","ast-breadcrumbs-content":"","ast-featured-img":"","footer-sml-layout":"","ast-disable-related-posts":"","theme-transparent-header-meta":"","adv-header-id-meta":"","stick-header-meta":"","header-above-stick-meta":"","header-main-stick-meta":"","header-below-stick-meta":"","astra-migrate-meta-layouts":"default","ast-page-background-enabled":"default","ast-page-background-meta":{"desktop":{"background-color":"","background-image":"","background-repeat":"repeat","background-position":"center center","background-size":"auto","background-attachment":"scroll","background-type":"","background-media":"","overlay-type":"","overlay-color":"","overlay-opacity":"","overlay-gradient":""},"tablet":{"background-color":"","background-image":"","background-repeat":"repeat","background-position":"center center","background-size":"auto","background-attachment":"scroll","background-type":"","background-media":"","overlay-type":"","overlay-color":"","overlay-opacity":"","overlay-gradient":""},"mobile":{"background-color":"","background-image":"","background-repeat":"repeat","background-position":"center center","background-size":"auto","background-attachment":"scroll","background-type":"","background-media":"","overlay-type":"","overlay-color":"","overlay-opacity":"","overlay-gradient":""}},"ast-content-background-meta":{"desktop":{"background-color":"var(--ast-global-color-5)","background-image":"","background-repeat":"repeat","background-position":"center center","background-size":"auto","background-attachment":"scroll","background-type":"","background-media":"","overlay-type":"","overlay-color":"","overlay-opacity":"","overlay-gradient":""},"tablet":{"background-color":"var(--ast-global-color-5)","background-image":"","background-repeat":"repeat","background-position":"center center","background-size":"auto","background-attachment":"scroll","background-type":"","background-media":"","overlay-type":"","overlay-color":"","overlay-opacity":"","overlay-gradient":""},"mobile":{"background-color":"var(--ast-global-color-5)","background-image":"","background-repeat":"repeat","background-position":"center center","background-size":"auto","background-attachment":"scroll","background-type":"","background-media":"","overlay-type":"","overlay-color":"","overlay-opacity":"","overlay-gradient":""}},"_FSMCFIC_featured_image_caption":"","_FSMCFIC_featured_image_nocaption":"","_FSMCFIC_featured_image_hide":"","footnotes":""},"categories":[71],"tags":[408,380,334],"class_list":["post-894493","post","type-post","status-publish","format-standard","has-post-thumbnail","hentry","category-jarjesto","tag-energia","tag-ilkka-uusitalo","tag-valtuuskunta"],"yoast_head":"<!-- This site is optimized with the Yoast SEO plugin v27.4 - https:\/\/yoast.com\/product\/yoast-seo-wordpress\/ -->\n<title>Ilkka Uusitalo valtuuskunnalle: Osuuskunnista apua energiakriisiin? - Pellervo<\/title>\n<meta name=\"robots\" content=\"index, follow, max-snippet:-1, max-image-preview:large, max-video-preview:-1\" \/>\n<link rel=\"canonical\" href=\"https:\/\/pellervo.fi\/jarjesto\/2022\/12\/09\/ilkka-uusitalo-valtuuskunnalle-osuuskunnista-apua-energiakriisiin\/\" \/>\n<meta property=\"og:locale\" content=\"en_US\" \/>\n<meta property=\"og:type\" content=\"article\" \/>\n<meta property=\"og:title\" content=\"Ilkka Uusitalo valtuuskunnalle: Osuuskunnista apua energiakriisiin? - Pellervo\" \/>\n<meta property=\"og:url\" content=\"https:\/\/pellervo.fi\/jarjesto\/2022\/12\/09\/ilkka-uusitalo-valtuuskunnalle-osuuskunnista-apua-energiakriisiin\/\" \/>\n<meta property=\"og:site_name\" content=\"Pellervo\" \/>\n<meta property=\"article:published_time\" content=\"2022-12-09T10:36:00+00:00\" \/>\n<meta property=\"article:modified_time\" content=\"2022-12-15T08:07:18+00:00\" \/>\n<meta property=\"og:image\" content=\"https:\/\/pellervo.fi\/wp-content\/uploads\/2022\/12\/Pellervon-valtuuskunta-091222.jpg\" \/>\n\t<meta property=\"og:image:width\" content=\"2016\" \/>\n\t<meta property=\"og:image:height\" content=\"1512\" \/>\n\t<meta property=\"og:image:type\" content=\"image\/jpeg\" \/>\n<meta name=\"author\" content=\"pellervo\" \/>\n<meta name=\"twitter:card\" content=\"summary_large_image\" \/>\n<meta name=\"twitter:creator\" content=\"@PellervoFi\" \/>\n<meta name=\"twitter:site\" content=\"@PellervoFi\" \/>\n<meta name=\"twitter:label1\" content=\"Written by\" \/>\n\t<meta name=\"twitter:data1\" content=\"pellervo\" \/>\n\t<meta name=\"twitter:label2\" content=\"Est. reading time\" \/>\n\t<meta name=\"twitter:data2\" content=\"3 minutes\" \/>\n<script type=\"application\/ld+json\" class=\"yoast-schema-graph\">{\"@context\":\"https:\\\/\\\/schema.org\",\"@graph\":[{\"@type\":\"Article\",\"@id\":\"https:\\\/\\\/pellervo.fi\\\/jarjesto\\\/2022\\\/12\\\/09\\\/ilkka-uusitalo-valtuuskunnalle-osuuskunnista-apua-energiakriisiin\\\/#article\",\"isPartOf\":{\"@id\":\"https:\\\/\\\/pellervo.fi\\\/jarjesto\\\/2022\\\/12\\\/09\\\/ilkka-uusitalo-valtuuskunnalle-osuuskunnista-apua-energiakriisiin\\\/\"},\"author\":{\"name\":\"pellervo\",\"@id\":\"https:\\\/\\\/pellervo.fi\\\/#\\\/schema\\\/person\\\/4b74d40956937d1367ade81899997e71\"},\"headline\":\"Ilkka Uusitalo valtuuskunnalle: Osuuskunnista apua energiakriisiin?\",\"datePublished\":\"2022-12-09T10:36:00+00:00\",\"dateModified\":\"2022-12-15T08:07:18+00:00\",\"mainEntityOfPage\":{\"@id\":\"https:\\\/\\\/pellervo.fi\\\/jarjesto\\\/2022\\\/12\\\/09\\\/ilkka-uusitalo-valtuuskunnalle-osuuskunnista-apua-energiakriisiin\\\/\"},\"wordCount\":577,\"publisher\":{\"@id\":\"https:\\\/\\\/pellervo.fi\\\/#organization\"},\"image\":{\"@id\":\"https:\\\/\\\/pellervo.fi\\\/jarjesto\\\/2022\\\/12\\\/09\\\/ilkka-uusitalo-valtuuskunnalle-osuuskunnista-apua-energiakriisiin\\\/#primaryimage\"},\"thumbnailUrl\":\"https:\\\/\\\/pellervo.fi\\\/wp-content\\\/uploads\\\/2022\\\/12\\\/Pellervon-valtuuskunta-091222.jpg\",\"keywords\":[\"Energia\",\"Ilkka Uusitalo\",\"valtuuskunta\"],\"articleSection\":[\"J\u00e4rjest\u00f6\"],\"inLanguage\":\"en-US\"},{\"@type\":\"WebPage\",\"@id\":\"https:\\\/\\\/pellervo.fi\\\/jarjesto\\\/2022\\\/12\\\/09\\\/ilkka-uusitalo-valtuuskunnalle-osuuskunnista-apua-energiakriisiin\\\/\",\"url\":\"https:\\\/\\\/pellervo.fi\\\/jarjesto\\\/2022\\\/12\\\/09\\\/ilkka-uusitalo-valtuuskunnalle-osuuskunnista-apua-energiakriisiin\\\/\",\"name\":\"Ilkka Uusitalo valtuuskunnalle: Osuuskunnista apua energiakriisiin? - Pellervo\",\"isPartOf\":{\"@id\":\"https:\\\/\\\/pellervo.fi\\\/#website\"},\"primaryImageOfPage\":{\"@id\":\"https:\\\/\\\/pellervo.fi\\\/jarjesto\\\/2022\\\/12\\\/09\\\/ilkka-uusitalo-valtuuskunnalle-osuuskunnista-apua-energiakriisiin\\\/#primaryimage\"},\"image\":{\"@id\":\"https:\\\/\\\/pellervo.fi\\\/jarjesto\\\/2022\\\/12\\\/09\\\/ilkka-uusitalo-valtuuskunnalle-osuuskunnista-apua-energiakriisiin\\\/#primaryimage\"},\"thumbnailUrl\":\"https:\\\/\\\/pellervo.fi\\\/wp-content\\\/uploads\\\/2022\\\/12\\\/Pellervon-valtuuskunta-091222.jpg\",\"datePublished\":\"2022-12-09T10:36:00+00:00\",\"dateModified\":\"2022-12-15T08:07:18+00:00\",\"breadcrumb\":{\"@id\":\"https:\\\/\\\/pellervo.fi\\\/jarjesto\\\/2022\\\/12\\\/09\\\/ilkka-uusitalo-valtuuskunnalle-osuuskunnista-apua-energiakriisiin\\\/#breadcrumb\"},\"inLanguage\":\"en-US\",\"potentialAction\":[{\"@type\":\"ReadAction\",\"target\":[\"https:\\\/\\\/pellervo.fi\\\/jarjesto\\\/2022\\\/12\\\/09\\\/ilkka-uusitalo-valtuuskunnalle-osuuskunnista-apua-energiakriisiin\\\/\"]}]},{\"@type\":\"ImageObject\",\"inLanguage\":\"en-US\",\"@id\":\"https:\\\/\\\/pellervo.fi\\\/jarjesto\\\/2022\\\/12\\\/09\\\/ilkka-uusitalo-valtuuskunnalle-osuuskunnista-apua-energiakriisiin\\\/#primaryimage\",\"url\":\"https:\\\/\\\/pellervo.fi\\\/wp-content\\\/uploads\\\/2022\\\/12\\\/Pellervon-valtuuskunta-091222.jpg\",\"contentUrl\":\"https:\\\/\\\/pellervo.fi\\\/wp-content\\\/uploads\\\/2022\\\/12\\\/Pellervon-valtuuskunta-091222.jpg\",\"width\":2016,\"height\":1512},{\"@type\":\"BreadcrumbList\",\"@id\":\"https:\\\/\\\/pellervo.fi\\\/jarjesto\\\/2022\\\/12\\\/09\\\/ilkka-uusitalo-valtuuskunnalle-osuuskunnista-apua-energiakriisiin\\\/#breadcrumb\",\"itemListElement\":[{\"@type\":\"ListItem\",\"position\":1,\"name\":\"Koti\",\"item\":\"https:\\\/\\\/pellervo.fi\\\/en\\\/\"},{\"@type\":\"ListItem\",\"position\":2,\"name\":\"Ilkka Uusitalo valtuuskunnalle: Osuuskunnista apua energiakriisiin?\"}]},{\"@type\":\"WebSite\",\"@id\":\"https:\\\/\\\/pellervo.fi\\\/#website\",\"url\":\"https:\\\/\\\/pellervo.fi\\\/\",\"name\":\"Pellervo\",\"description\":\"Osuuskuntien keskusj\u00e4rjest\u00f6\",\"publisher\":{\"@id\":\"https:\\\/\\\/pellervo.fi\\\/#organization\"},\"potentialAction\":[{\"@type\":\"SearchAction\",\"target\":{\"@type\":\"EntryPoint\",\"urlTemplate\":\"https:\\\/\\\/pellervo.fi\\\/?s={search_term_string}\"},\"query-input\":{\"@type\":\"PropertyValueSpecification\",\"valueRequired\":true,\"valueName\":\"search_term_string\"}}],\"inLanguage\":\"en-US\"},{\"@type\":\"Organization\",\"@id\":\"https:\\\/\\\/pellervo.fi\\\/#organization\",\"name\":\"Osuustoimintakeskus Pellervo ry\",\"url\":\"https:\\\/\\\/pellervo.fi\\\/\",\"logo\":{\"@type\":\"ImageObject\",\"inLanguage\":\"en-US\",\"@id\":\"https:\\\/\\\/pellervo.fi\\\/#\\\/schema\\\/logo\\\/image\\\/\",\"url\":\"https:\\\/\\\/pellervo.fi\\\/wp-content\\\/uploads\\\/2020\\\/05\\\/Pellervo_logo.png\",\"contentUrl\":\"https:\\\/\\\/pellervo.fi\\\/wp-content\\\/uploads\\\/2020\\\/05\\\/Pellervo_logo.png\",\"width\":1335,\"height\":376,\"caption\":\"Osuustoimintakeskus Pellervo ry\"},\"image\":{\"@id\":\"https:\\\/\\\/pellervo.fi\\\/#\\\/schema\\\/logo\\\/image\\\/\"},\"sameAs\":[\"https:\\\/\\\/x.com\\\/PellervoFi\"]},{\"@type\":\"Person\",\"@id\":\"https:\\\/\\\/pellervo.fi\\\/#\\\/schema\\\/person\\\/4b74d40956937d1367ade81899997e71\",\"name\":\"pellervo\",\"image\":{\"@type\":\"ImageObject\",\"inLanguage\":\"en-US\",\"@id\":\"https:\\\/\\\/pellervo.fi\\\/wp-content\\\/uploads\\\/2013\\\/11\\\/pellervo_avatar_1384522134-96x96.jpg\",\"url\":\"https:\\\/\\\/pellervo.fi\\\/wp-content\\\/uploads\\\/2013\\\/11\\\/pellervo_avatar_1384522134-96x96.jpg\",\"contentUrl\":\"https:\\\/\\\/pellervo.fi\\\/wp-content\\\/uploads\\\/2013\\\/11\\\/pellervo_avatar_1384522134-96x96.jpg\",\"caption\":\"pellervo\"},\"description\":\"Kuvaus\",\"url\":\"https:\\\/\\\/pellervo.fi\\\/en\\\/author\\\/pellervo\\\/\"}]}<\/script>\n<!-- \/ Yoast SEO plugin. -->","yoast_head_json":{"title":"Ilkka Uusitalo valtuuskunnalle: Osuuskunnista apua energiakriisiin? - Pellervo","robots":{"index":"index","follow":"follow","max-snippet":"max-snippet:-1","max-image-preview":"max-image-preview:large","max-video-preview":"max-video-preview:-1"},"canonical":"https:\/\/pellervo.fi\/jarjesto\/2022\/12\/09\/ilkka-uusitalo-valtuuskunnalle-osuuskunnista-apua-energiakriisiin\/","og_locale":"en_US","og_type":"article","og_title":"Ilkka Uusitalo valtuuskunnalle: Osuuskunnista apua energiakriisiin? - Pellervo","og_url":"https:\/\/pellervo.fi\/jarjesto\/2022\/12\/09\/ilkka-uusitalo-valtuuskunnalle-osuuskunnista-apua-energiakriisiin\/","og_site_name":"Pellervo","article_published_time":"2022-12-09T10:36:00+00:00","article_modified_time":"2022-12-15T08:07:18+00:00","og_image":[{"width":2016,"height":1512,"url":"https:\/\/pellervo.fi\/wp-content\/uploads\/2022\/12\/Pellervon-valtuuskunta-091222.jpg","type":"image\/jpeg"}],"author":"pellervo","twitter_card":"summary_large_image","twitter_creator":"@PellervoFi","twitter_site":"@PellervoFi","twitter_misc":{"Written by":"pellervo","Est. reading time":"3 minutes"},"schema":{"@context":"https:\/\/schema.org","@graph":[{"@type":"Article","@id":"https:\/\/pellervo.fi\/jarjesto\/2022\/12\/09\/ilkka-uusitalo-valtuuskunnalle-osuuskunnista-apua-energiakriisiin\/#article","isPartOf":{"@id":"https:\/\/pellervo.fi\/jarjesto\/2022\/12\/09\/ilkka-uusitalo-valtuuskunnalle-osuuskunnista-apua-energiakriisiin\/"},"author":{"name":"pellervo","@id":"https:\/\/pellervo.fi\/#\/schema\/person\/4b74d40956937d1367ade81899997e71"},"headline":"Ilkka Uusitalo valtuuskunnalle: Osuuskunnista apua energiakriisiin?","datePublished":"2022-12-09T10:36:00+00:00","dateModified":"2022-12-15T08:07:18+00:00","mainEntityOfPage":{"@id":"https:\/\/pellervo.fi\/jarjesto\/2022\/12\/09\/ilkka-uusitalo-valtuuskunnalle-osuuskunnista-apua-energiakriisiin\/"},"wordCount":577,"publisher":{"@id":"https:\/\/pellervo.fi\/#organization"},"image":{"@id":"https:\/\/pellervo.fi\/jarjesto\/2022\/12\/09\/ilkka-uusitalo-valtuuskunnalle-osuuskunnista-apua-energiakriisiin\/#primaryimage"},"thumbnailUrl":"https:\/\/pellervo.fi\/wp-content\/uploads\/2022\/12\/Pellervon-valtuuskunta-091222.jpg","keywords":["Energia","Ilkka Uusitalo","valtuuskunta"],"articleSection":["J\u00e4rjest\u00f6"],"inLanguage":"en-US"},{"@type":"WebPage","@id":"https:\/\/pellervo.fi\/jarjesto\/2022\/12\/09\/ilkka-uusitalo-valtuuskunnalle-osuuskunnista-apua-energiakriisiin\/","url":"https:\/\/pellervo.fi\/jarjesto\/2022\/12\/09\/ilkka-uusitalo-valtuuskunnalle-osuuskunnista-apua-energiakriisiin\/","name":"Ilkka Uusitalo valtuuskunnalle: Osuuskunnista apua energiakriisiin? - Pellervo","isPartOf":{"@id":"https:\/\/pellervo.fi\/#website"},"primaryImageOfPage":{"@id":"https:\/\/pellervo.fi\/jarjesto\/2022\/12\/09\/ilkka-uusitalo-valtuuskunnalle-osuuskunnista-apua-energiakriisiin\/#primaryimage"},"image":{"@id":"https:\/\/pellervo.fi\/jarjesto\/2022\/12\/09\/ilkka-uusitalo-valtuuskunnalle-osuuskunnista-apua-energiakriisiin\/#primaryimage"},"thumbnailUrl":"https:\/\/pellervo.fi\/wp-content\/uploads\/2022\/12\/Pellervon-valtuuskunta-091222.jpg","datePublished":"2022-12-09T10:36:00+00:00","dateModified":"2022-12-15T08:07:18+00:00","breadcrumb":{"@id":"https:\/\/pellervo.fi\/jarjesto\/2022\/12\/09\/ilkka-uusitalo-valtuuskunnalle-osuuskunnista-apua-energiakriisiin\/#breadcrumb"},"inLanguage":"en-US","potentialAction":[{"@type":"ReadAction","target":["https:\/\/pellervo.fi\/jarjesto\/2022\/12\/09\/ilkka-uusitalo-valtuuskunnalle-osuuskunnista-apua-energiakriisiin\/"]}]},{"@type":"ImageObject","inLanguage":"en-US","@id":"https:\/\/pellervo.fi\/jarjesto\/2022\/12\/09\/ilkka-uusitalo-valtuuskunnalle-osuuskunnista-apua-energiakriisiin\/#primaryimage","url":"https:\/\/pellervo.fi\/wp-content\/uploads\/2022\/12\/Pellervon-valtuuskunta-091222.jpg","contentUrl":"https:\/\/pellervo.fi\/wp-content\/uploads\/2022\/12\/Pellervon-valtuuskunta-091222.jpg","width":2016,"height":1512},{"@type":"BreadcrumbList","@id":"https:\/\/pellervo.fi\/jarjesto\/2022\/12\/09\/ilkka-uusitalo-valtuuskunnalle-osuuskunnista-apua-energiakriisiin\/#breadcrumb","itemListElement":[{"@type":"ListItem","position":1,"name":"Koti","item":"https:\/\/pellervo.fi\/en\/"},{"@type":"ListItem","position":2,"name":"Ilkka Uusitalo valtuuskunnalle: Osuuskunnista apua energiakriisiin?"}]},{"@type":"WebSite","@id":"https:\/\/pellervo.fi\/#website","url":"https:\/\/pellervo.fi\/","name":"Pellervo","description":"Osuuskuntien keskusj\u00e4rjest\u00f6","publisher":{"@id":"https:\/\/pellervo.fi\/#organization"},"potentialAction":[{"@type":"SearchAction","target":{"@type":"EntryPoint","urlTemplate":"https:\/\/pellervo.fi\/?s={search_term_string}"},"query-input":{"@type":"PropertyValueSpecification","valueRequired":true,"valueName":"search_term_string"}}],"inLanguage":"en-US"},{"@type":"Organization","@id":"https:\/\/pellervo.fi\/#organization","name":"Osuustoimintakeskus Pellervo ry","url":"https:\/\/pellervo.fi\/","logo":{"@type":"ImageObject","inLanguage":"en-US","@id":"https:\/\/pellervo.fi\/#\/schema\/logo\/image\/","url":"https:\/\/pellervo.fi\/wp-content\/uploads\/2020\/05\/Pellervo_logo.png","contentUrl":"https:\/\/pellervo.fi\/wp-content\/uploads\/2020\/05\/Pellervo_logo.png","width":1335,"height":376,"caption":"Osuustoimintakeskus Pellervo ry"},"image":{"@id":"https:\/\/pellervo.fi\/#\/schema\/logo\/image\/"},"sameAs":["https:\/\/x.com\/PellervoFi"]},{"@type":"Person","@id":"https:\/\/pellervo.fi\/#\/schema\/person\/4b74d40956937d1367ade81899997e71","name":"pellervo","image":{"@type":"ImageObject","inLanguage":"en-US","@id":"https:\/\/pellervo.fi\/wp-content\/uploads\/2013\/11\/pellervo_avatar_1384522134-96x96.jpg","url":"https:\/\/pellervo.fi\/wp-content\/uploads\/2013\/11\/pellervo_avatar_1384522134-96x96.jpg","contentUrl":"https:\/\/pellervo.fi\/wp-content\/uploads\/2013\/11\/pellervo_avatar_1384522134-96x96.jpg","caption":"pellervo"},"description":"Kuvaus","url":"https:\/\/pellervo.fi\/en\/author\/pellervo\/"}]}},"_links":{"self":[{"href":"https:\/\/pellervo.fi\/en\/wp-json\/wp\/v2\/posts\/894493","targetHints":{"allow":["GET"]}}],"collection":[{"href":"https:\/\/pellervo.fi\/en\/wp-json\/wp\/v2\/posts"}],"about":[{"href":"https:\/\/pellervo.fi\/en\/wp-json\/wp\/v2\/types\/post"}],"author":[{"embeddable":true,"href":"https:\/\/pellervo.fi\/en\/wp-json\/wp\/v2\/users\/5"}],"replies":[{"embeddable":true,"href":"https:\/\/pellervo.fi\/en\/wp-json\/wp\/v2\/comments?post=894493"}],"version-history":[{"count":3,"href":"https:\/\/pellervo.fi\/en\/wp-json\/wp\/v2\/posts\/894493\/revisions"}],"predecessor-version":[{"id":894554,"href":"https:\/\/pellervo.fi\/en\/wp-json\/wp\/v2\/posts\/894493\/revisions\/894554"}],"wp:featuredmedia":[{"embeddable":true,"href":"https:\/\/pellervo.fi\/en\/wp-json\/wp\/v2\/media\/894500"}],"wp:attachment":[{"href":"https:\/\/pellervo.fi\/en\/wp-json\/wp\/v2\/media?parent=894493"}],"wp:term":[{"taxonomy":"category","embeddable":true,"href":"https:\/\/pellervo.fi\/en\/wp-json\/wp\/v2\/categories?post=894493"},{"taxonomy":"post_tag","embeddable":true,"href":"https:\/\/pellervo.fi\/en\/wp-json\/wp\/v2\/tags?post=894493"}],"curies":[{"name":"wp","href":"https:\/\/api.w.org\/{rel}","templated":true}]}}