{"id":894533,"date":"2022-12-13T12:43:40","date_gmt":"2022-12-13T10:43:40","guid":{"rendered":"https:\/\/pellervo.fi\/?p=894533"},"modified":"2022-12-13T12:43:42","modified_gmt":"2022-12-13T10:43:42","slug":"metsa-group-ja-vr-tiivistavat-vastuullisuusyhteistyotaan","status":"publish","type":"post","link":"https:\/\/pellervo.fi\/en\/vastuullisuus\/2022\/12\/13\/metsa-group-ja-vr-tiivistavat-vastuullisuusyhteistyotaan\/","title":{"rendered":"Mets\u00e4 Group ja VR tiivist\u00e4v\u00e4t vastuullisuusyhteisty\u00f6t\u00e4\u00e4n"},"content":{"rendered":"\n<p style=\"margin: 9.0pt 0cm 8.25pt 0cm;\"><span style=\"font-size: 12.0pt; font-family: 'Arial',sans-serif;\">Merkitt\u00e4vin\u00e4 yhteiskunnallisina toimijoina Mets\u00e4 Groupilla ja VR:ll\u00e4 on t\u00e4rke\u00e4 rooli ymp\u00e4rist\u00f6suorituskyvyn ja vastuullisuuden edist\u00e4misess\u00e4. Yhti\u00f6t tiivist\u00e4v\u00e4t logistiikkaan liittyv\u00e4\u00e4 vastuullisuusyhteisty\u00f6t\u00e4\u00e4n ja ovat sopineet uudesta yhteisest\u00e4 vuoteen 2030 ulottuvasta tavoitteesta puolittaa yhteisty\u00f6n piiriin kuuluvien kuljetusten p\u00e4\u00e4st\u00f6t. Lis\u00e4ksi Mets\u00e4 Groupin tiettyj\u00e4 nykyisi\u00e4 maantiekuljetuksia tavoitellaan siirrett\u00e4v\u00e4n rautateille. Kaiken kaikkiaan toimenpiteet vastaisivat Mets\u00e4 Groupille yhteens\u00e4 noin 14 000 tCO2e:n vuotuista p\u00e4\u00e4st\u00f6v\u00e4hennyst\u00e4, mik\u00e4 vastaa yli 25 000 keskim\u00e4\u00e4r\u00e4ist\u00e4 rekkakuljetusta. \u00a0<\/span><\/p>\n<p style=\"margin-bottom: 8.25pt;\"><span style=\"font-size: 12.0pt; font-family: 'Arial',sans-serif;\">\u201dYksi Mets\u00e4 Groupin strategisista vuoteen 2030 ulottuvista kest\u00e4v\u00e4n kehityksen tavoitteista on v\u00e4hent\u00e4\u00e4 oman toimintamme fossiilisia p\u00e4\u00e4st\u00f6j\u00e4 ja materiaaleja. Tehtaiden osalta olemme tavoitteen toteuttamisessa jo varsin pitk\u00e4ll\u00e4 ja haluamme saavuttaa vastaavia kehitysaskelia my\u00f6s toimitusketjussamme. VR on Mets\u00e4 Groupille t\u00e4rke\u00e4 kumppani niin puuraaka-ainelogistiikassa kuin tuotelogistiikassakin ja yhdess\u00e4 voimme saavuttaa merkitt\u00e4vi\u00e4 ymp\u00e4rist\u00f6suorituskyvyn parannuksia\u201d, sanoo Mets\u00e4 Groupin hankinta- ja logistiikkajohtaja <strong><span style=\"font-family: 'Arial',sans-serif;\">Jari Voutilainen<\/span><\/strong>. <\/span><\/p>\n<p style=\"margin-bottom: 8.25pt;\"><span style=\"font-size: 12.0pt; font-family: 'Arial',sans-serif;\">Mets\u00e4 Group ja VR ovat perustaneet yhteisen ty\u00f6ryhm\u00e4n m\u00e4\u00e4rittelem\u00e4\u00e4n konkreettiset keinot, joilla p\u00e4\u00e4st\u00f6v\u00e4hennystavoitteeseen p\u00e4\u00e4st\u00e4\u00e4n. Toimenpiteet liittyv\u00e4t esimerkiksi rataverkon s\u00e4hk\u00f6istyksiin, junakonseptien tehostamiseen ja uusiutuvista raaka-aineista valmistetun dieselin k\u00e4ytt\u00f6\u00f6n.<\/span><\/p>\n<p><span style=\"font-size: 12.0pt; font-family: 'Arial',sans-serif;\">&#8220;Vastuullisuus on keskeinen osa niin VR:n kuin Mets\u00e4 Groupin strategiaa. Yhdess\u00e4 v\u00e4henn\u00e4mme liikenteen p\u00e4\u00e4st\u00f6j\u00e4 ja vauhditamme matkaa kohti hiilineutraalia Suomea. Raideliikenne on l\u00e4ht\u00f6kohtaisesti energiatehokkain ja v\u00e4h\u00e4p\u00e4\u00e4st\u00f6isin liikennemuoto ja ratkaisevassa asemassa, kun tavoitteena on ilmastonmuutoksen hillitseminen. Teollisuuden vahvana tukijalkana mahdollistamme osaltamme asiakkaidemme p\u00e4\u00e4syn omiin ymp\u00e4rist\u00f6tavoitteisiinsa&#8221;, VR:n logistiikkajohtaja <strong><span style=\"font-family: 'Arial',sans-serif;\">Eljas Koistinen<\/span><\/strong> kertoo.<\/span><\/p>\n<p style=\"margin-bottom: 8.25pt;\"><span style=\"font-size: 12.0pt; font-family: 'Arial',sans-serif;\">Vuosittain raiteilla liikkuu VR:n toimesta noin 5 miljoonaa kuutiometri\u00e4 Mets\u00e4 Groupin puuta ja mekaanisia puutuotteita ja 2,1 miljoonaa tonnia muita mets\u00e4teollisuustuotteita, kuten sellua ja kartonkia. Mets\u00e4 Groupin k\u00e4ynniss\u00e4 olevien investointien my\u00f6t\u00e4 kuljetusm\u00e4\u00e4r\u00e4t kasvavat.<\/span><\/p>\n","protected":false},"excerpt":{"rendered":"<p>Merkitt\u00e4vin\u00e4 yhteiskunnallisina toimijoina Mets\u00e4 Groupilla ja VR:ll\u00e4 on t\u00e4rke\u00e4 rooli ymp\u00e4rist\u00f6suorituskyvyn ja vastuullisuuden edist\u00e4misess\u00e4. Yhti\u00f6t tiivist\u00e4v\u00e4t logistiikkaan liittyv\u00e4\u00e4 vastuullisuusyhteisty\u00f6t\u00e4\u00e4n ja ovat sopineet uudesta yhteisest\u00e4 vuoteen 2030 ulottuvasta tavoitteesta puolittaa yhteisty\u00f6n piiriin kuuluvien kuljetusten p\u00e4\u00e4st\u00f6t. Lis\u00e4ksi Mets\u00e4 Groupin tiettyj\u00e4 nykyisi\u00e4 maantiekuljetuksia tavoitellaan siirrett\u00e4v\u00e4n rautateille. Kaiken kaikkiaan toimenpiteet vastaisivat Mets\u00e4 Groupille yhteens\u00e4 noin 14 000 tCO2e:n vuotuista p\u00e4\u00e4st\u00f6v\u00e4hennyst\u00e4, mik\u00e4 vastaa yli 25 000 keskim\u00e4\u00e4r\u00e4ist\u00e4 rekkakuljetusta.<\/p>\n","protected":false},"author":6,"featured_media":894534,"comment_status":"closed","ping_status":"closed","sticky":false,"template":"","format":"standard","meta":{"inline_featured_image":false,"_monsterinsights_skip_tracking":false,"_monsterinsights_sitenote_active":false,"_monsterinsights_sitenote_note":"","_monsterinsights_sitenote_category":0,"site-sidebar-layout":"default","site-content-layout":"","ast-site-content-layout":"default","site-content-style":"default","site-sidebar-style":"default","ast-global-header-display":"","ast-banner-title-visibility":"","ast-main-header-display":"","ast-hfb-above-header-display":"","ast-hfb-below-header-display":"","ast-hfb-mobile-header-display":"","site-post-title":"","ast-breadcrumbs-content":"","ast-featured-img":"","footer-sml-layout":"","ast-disable-related-posts":"","theme-transparent-header-meta":"","adv-header-id-meta":"","stick-header-meta":"","header-above-stick-meta":"","header-main-stick-meta":"","header-below-stick-meta":"","astra-migrate-meta-layouts":"default","ast-page-background-enabled":"default","ast-page-background-meta":{"desktop":{"background-color":"","background-image":"","background-repeat":"repeat","background-position":"center center","background-size":"auto","background-attachment":"scroll","background-type":"","background-media":"","overlay-type":"","overlay-color":"","overlay-opacity":"","overlay-gradient":""},"tablet":{"background-color":"","background-image":"","background-repeat":"repeat","background-position":"center center","background-size":"auto","background-attachment":"scroll","background-type":"","background-media":"","overlay-type":"","overlay-color":"","overlay-opacity":"","overlay-gradient":""},"mobile":{"background-color":"","background-image":"","background-repeat":"repeat","background-position":"center center","background-size":"auto","background-attachment":"scroll","background-type":"","background-media":"","overlay-type":"","overlay-color":"","overlay-opacity":"","overlay-gradient":""}},"ast-content-background-meta":{"desktop":{"background-color":"var(--ast-global-color-5)","background-image":"","background-repeat":"repeat","background-position":"center center","background-size":"auto","background-attachment":"scroll","background-type":"","background-media":"","overlay-type":"","overlay-color":"","overlay-opacity":"","overlay-gradient":""},"tablet":{"background-color":"var(--ast-global-color-5)","background-image":"","background-repeat":"repeat","background-position":"center center","background-size":"auto","background-attachment":"scroll","background-type":"","background-media":"","overlay-type":"","overlay-color":"","overlay-opacity":"","overlay-gradient":""},"mobile":{"background-color":"var(--ast-global-color-5)","background-image":"","background-repeat":"repeat","background-position":"center center","background-size":"auto","background-attachment":"scroll","background-type":"","background-media":"","overlay-type":"","overlay-color":"","overlay-opacity":"","overlay-gradient":""}},"_FSMCFIC_featured_image_caption":"","_FSMCFIC_featured_image_nocaption":"","_FSMCFIC_featured_image_hide":"","footnotes":""},"categories":[224],"tags":[],"class_list":["post-894533","post","type-post","status-publish","format-standard","has-post-thumbnail","hentry","category-vastuullisuus"],"yoast_head":"<!-- This site is optimized with the Yoast SEO plugin v27.4 - https:\/\/yoast.com\/product\/yoast-seo-wordpress\/ -->\n<title>Mets\u00e4 Group ja VR tiivist\u00e4v\u00e4t vastuullisuusyhteisty\u00f6t\u00e4\u00e4n - Pellervo<\/title>\n<meta name=\"robots\" content=\"index, follow, max-snippet:-1, max-image-preview:large, max-video-preview:-1\" \/>\n<link rel=\"canonical\" href=\"https:\/\/pellervo.fi\/vastuullisuus\/2022\/12\/13\/metsa-group-ja-vr-tiivistavat-vastuullisuusyhteistyotaan\/\" \/>\n<meta property=\"og:locale\" content=\"en_US\" \/>\n<meta property=\"og:type\" content=\"article\" \/>\n<meta property=\"og:title\" content=\"Mets\u00e4 Group ja VR tiivist\u00e4v\u00e4t vastuullisuusyhteisty\u00f6t\u00e4\u00e4n - Pellervo\" \/>\n<meta property=\"og:description\" content=\"Merkitt\u00e4vin\u00e4 yhteiskunnallisina toimijoina Mets\u00e4 Groupilla ja VR:ll\u00e4 on t\u00e4rke\u00e4 rooli ymp\u00e4rist\u00f6suorituskyvyn ja vastuullisuuden edist\u00e4misess\u00e4. Yhti\u00f6t tiivist\u00e4v\u00e4t logistiikkaan liittyv\u00e4\u00e4 vastuullisuusyhteisty\u00f6t\u00e4\u00e4n ja ovat sopineet uudesta yhteisest\u00e4 vuoteen 2030 ulottuvasta tavoitteesta puolittaa yhteisty\u00f6n piiriin kuuluvien kuljetusten p\u00e4\u00e4st\u00f6t. Lis\u00e4ksi Mets\u00e4 Groupin tiettyj\u00e4 nykyisi\u00e4 maantiekuljetuksia tavoitellaan siirrett\u00e4v\u00e4n rautateille. Kaiken kaikkiaan toimenpiteet vastaisivat Mets\u00e4 Groupille yhteens\u00e4 noin 14 000 tCO2e:n vuotuista p\u00e4\u00e4st\u00f6v\u00e4hennyst\u00e4, mik\u00e4 vastaa yli 25 000 keskim\u00e4\u00e4r\u00e4ist\u00e4 rekkakuljetusta.\" \/>\n<meta property=\"og:url\" content=\"https:\/\/pellervo.fi\/vastuullisuus\/2022\/12\/13\/metsa-group-ja-vr-tiivistavat-vastuullisuusyhteistyotaan\/\" \/>\n<meta property=\"og:site_name\" content=\"Pellervo\" \/>\n<meta property=\"article:published_time\" content=\"2022-12-13T10:43:40+00:00\" \/>\n<meta property=\"article:modified_time\" content=\"2022-12-13T10:43:42+00:00\" \/>\n<meta property=\"og:image\" content=\"https:\/\/pellervo.fi\/wp-content\/uploads\/2022\/12\/MetsaGroupVR.jpg\" \/>\n\t<meta property=\"og:image:width\" content=\"690\" \/>\n\t<meta property=\"og:image:height\" content=\"562\" \/>\n\t<meta property=\"og:image:type\" content=\"image\/jpeg\" \/>\n<meta name=\"author\" content=\"Hanna Muukka\" \/>\n<meta name=\"twitter:card\" content=\"summary_large_image\" \/>\n<meta name=\"twitter:creator\" content=\"@PellervoFi\" \/>\n<meta name=\"twitter:site\" content=\"@PellervoFi\" \/>\n<meta name=\"twitter:label1\" content=\"Written by\" \/>\n\t<meta name=\"twitter:data1\" content=\"Hanna Muukka\" \/>\n\t<meta name=\"twitter:label2\" content=\"Est. reading time\" \/>\n\t<meta name=\"twitter:data2\" content=\"2 minutes\" \/>\n<script type=\"application\/ld+json\" class=\"yoast-schema-graph\">{\"@context\":\"https:\\\/\\\/schema.org\",\"@graph\":[{\"@type\":\"Article\",\"@id\":\"https:\\\/\\\/pellervo.fi\\\/vastuullisuus\\\/2022\\\/12\\\/13\\\/metsa-group-ja-vr-tiivistavat-vastuullisuusyhteistyotaan\\\/#article\",\"isPartOf\":{\"@id\":\"https:\\\/\\\/pellervo.fi\\\/vastuullisuus\\\/2022\\\/12\\\/13\\\/metsa-group-ja-vr-tiivistavat-vastuullisuusyhteistyotaan\\\/\"},\"author\":{\"name\":\"Hanna Muukka\",\"@id\":\"https:\\\/\\\/pellervo.fi\\\/#\\\/schema\\\/person\\\/f001b7c670bab10e5236b09672d9e6a3\"},\"headline\":\"Mets\u00e4 Group ja VR tiivist\u00e4v\u00e4t vastuullisuusyhteisty\u00f6t\u00e4\u00e4n\",\"datePublished\":\"2022-12-13T10:43:40+00:00\",\"dateModified\":\"2022-12-13T10:43:42+00:00\",\"mainEntityOfPage\":{\"@id\":\"https:\\\/\\\/pellervo.fi\\\/vastuullisuus\\\/2022\\\/12\\\/13\\\/metsa-group-ja-vr-tiivistavat-vastuullisuusyhteistyotaan\\\/\"},\"wordCount\":302,\"publisher\":{\"@id\":\"https:\\\/\\\/pellervo.fi\\\/#organization\"},\"image\":{\"@id\":\"https:\\\/\\\/pellervo.fi\\\/vastuullisuus\\\/2022\\\/12\\\/13\\\/metsa-group-ja-vr-tiivistavat-vastuullisuusyhteistyotaan\\\/#primaryimage\"},\"thumbnailUrl\":\"https:\\\/\\\/pellervo.fi\\\/wp-content\\\/uploads\\\/2022\\\/12\\\/MetsaGroupVR.jpg\",\"articleSection\":[\"Vastuullisuus\"],\"inLanguage\":\"en-US\"},{\"@type\":\"WebPage\",\"@id\":\"https:\\\/\\\/pellervo.fi\\\/vastuullisuus\\\/2022\\\/12\\\/13\\\/metsa-group-ja-vr-tiivistavat-vastuullisuusyhteistyotaan\\\/\",\"url\":\"https:\\\/\\\/pellervo.fi\\\/vastuullisuus\\\/2022\\\/12\\\/13\\\/metsa-group-ja-vr-tiivistavat-vastuullisuusyhteistyotaan\\\/\",\"name\":\"Mets\u00e4 Group ja VR tiivist\u00e4v\u00e4t vastuullisuusyhteisty\u00f6t\u00e4\u00e4n - Pellervo\",\"isPartOf\":{\"@id\":\"https:\\\/\\\/pellervo.fi\\\/#website\"},\"primaryImageOfPage\":{\"@id\":\"https:\\\/\\\/pellervo.fi\\\/vastuullisuus\\\/2022\\\/12\\\/13\\\/metsa-group-ja-vr-tiivistavat-vastuullisuusyhteistyotaan\\\/#primaryimage\"},\"image\":{\"@id\":\"https:\\\/\\\/pellervo.fi\\\/vastuullisuus\\\/2022\\\/12\\\/13\\\/metsa-group-ja-vr-tiivistavat-vastuullisuusyhteistyotaan\\\/#primaryimage\"},\"thumbnailUrl\":\"https:\\\/\\\/pellervo.fi\\\/wp-content\\\/uploads\\\/2022\\\/12\\\/MetsaGroupVR.jpg\",\"datePublished\":\"2022-12-13T10:43:40+00:00\",\"dateModified\":\"2022-12-13T10:43:42+00:00\",\"breadcrumb\":{\"@id\":\"https:\\\/\\\/pellervo.fi\\\/vastuullisuus\\\/2022\\\/12\\\/13\\\/metsa-group-ja-vr-tiivistavat-vastuullisuusyhteistyotaan\\\/#breadcrumb\"},\"inLanguage\":\"en-US\",\"potentialAction\":[{\"@type\":\"ReadAction\",\"target\":[\"https:\\\/\\\/pellervo.fi\\\/vastuullisuus\\\/2022\\\/12\\\/13\\\/metsa-group-ja-vr-tiivistavat-vastuullisuusyhteistyotaan\\\/\"]}]},{\"@type\":\"ImageObject\",\"inLanguage\":\"en-US\",\"@id\":\"https:\\\/\\\/pellervo.fi\\\/vastuullisuus\\\/2022\\\/12\\\/13\\\/metsa-group-ja-vr-tiivistavat-vastuullisuusyhteistyotaan\\\/#primaryimage\",\"url\":\"https:\\\/\\\/pellervo.fi\\\/wp-content\\\/uploads\\\/2022\\\/12\\\/MetsaGroupVR.jpg\",\"contentUrl\":\"https:\\\/\\\/pellervo.fi\\\/wp-content\\\/uploads\\\/2022\\\/12\\\/MetsaGroupVR.jpg\",\"width\":690,\"height\":562,\"caption\":\"25.09.18, VR Transpoint, Lokaatio: Mets\u00e4 Fibre \\\/ \u00c4\u00e4nekoski, Tilaaja: Virva Torvinen \\\/ VR-Yhtym\u00e4 Oy, Valokuvaaja: Juho Kuva\"},{\"@type\":\"BreadcrumbList\",\"@id\":\"https:\\\/\\\/pellervo.fi\\\/vastuullisuus\\\/2022\\\/12\\\/13\\\/metsa-group-ja-vr-tiivistavat-vastuullisuusyhteistyotaan\\\/#breadcrumb\",\"itemListElement\":[{\"@type\":\"ListItem\",\"position\":1,\"name\":\"Koti\",\"item\":\"https:\\\/\\\/pellervo.fi\\\/en\\\/\"},{\"@type\":\"ListItem\",\"position\":2,\"name\":\"Mets\u00e4 Group ja VR tiivist\u00e4v\u00e4t vastuullisuusyhteisty\u00f6t\u00e4\u00e4n\"}]},{\"@type\":\"WebSite\",\"@id\":\"https:\\\/\\\/pellervo.fi\\\/#website\",\"url\":\"https:\\\/\\\/pellervo.fi\\\/\",\"name\":\"Pellervo\",\"description\":\"Osuuskuntien keskusj\u00e4rjest\u00f6\",\"publisher\":{\"@id\":\"https:\\\/\\\/pellervo.fi\\\/#organization\"},\"potentialAction\":[{\"@type\":\"SearchAction\",\"target\":{\"@type\":\"EntryPoint\",\"urlTemplate\":\"https:\\\/\\\/pellervo.fi\\\/?s={search_term_string}\"},\"query-input\":{\"@type\":\"PropertyValueSpecification\",\"valueRequired\":true,\"valueName\":\"search_term_string\"}}],\"inLanguage\":\"en-US\"},{\"@type\":\"Organization\",\"@id\":\"https:\\\/\\\/pellervo.fi\\\/#organization\",\"name\":\"Osuustoimintakeskus Pellervo ry\",\"url\":\"https:\\\/\\\/pellervo.fi\\\/\",\"logo\":{\"@type\":\"ImageObject\",\"inLanguage\":\"en-US\",\"@id\":\"https:\\\/\\\/pellervo.fi\\\/#\\\/schema\\\/logo\\\/image\\\/\",\"url\":\"https:\\\/\\\/pellervo.fi\\\/wp-content\\\/uploads\\\/2020\\\/05\\\/Pellervo_logo.png\",\"contentUrl\":\"https:\\\/\\\/pellervo.fi\\\/wp-content\\\/uploads\\\/2020\\\/05\\\/Pellervo_logo.png\",\"width\":1335,\"height\":376,\"caption\":\"Osuustoimintakeskus Pellervo ry\"},\"image\":{\"@id\":\"https:\\\/\\\/pellervo.fi\\\/#\\\/schema\\\/logo\\\/image\\\/\"},\"sameAs\":[\"https:\\\/\\\/x.com\\\/PellervoFi\"]},{\"@type\":\"Person\",\"@id\":\"https:\\\/\\\/pellervo.fi\\\/#\\\/schema\\\/person\\\/f001b7c670bab10e5236b09672d9e6a3\",\"name\":\"Hanna Muukka\",\"image\":{\"@type\":\"ImageObject\",\"inLanguage\":\"en-US\",\"@id\":\"https:\\\/\\\/pellervo.fi\\\/wp-content\\\/uploads\\\/2014\\\/02\\\/Hanna-Muukka_avatar_1393417732-96x96.jpg\",\"url\":\"https:\\\/\\\/pellervo.fi\\\/wp-content\\\/uploads\\\/2014\\\/02\\\/Hanna-Muukka_avatar_1393417732-96x96.jpg\",\"contentUrl\":\"https:\\\/\\\/pellervo.fi\\\/wp-content\\\/uploads\\\/2014\\\/02\\\/Hanna-Muukka_avatar_1393417732-96x96.jpg\",\"caption\":\"Hanna Muukka\"},\"description\":\"Kirjoittaja ty\u00f6skentelee Osuustoimintakeskus Pellervossa vastuullisuusasiantuntijana.\",\"url\":\"https:\\\/\\\/pellervo.fi\\\/en\\\/author\\\/hannamuu\\\/\"}]}<\/script>\n<!-- \/ Yoast SEO plugin. -->","yoast_head_json":{"title":"Mets\u00e4 Group ja VR tiivist\u00e4v\u00e4t vastuullisuusyhteisty\u00f6t\u00e4\u00e4n - Pellervo","robots":{"index":"index","follow":"follow","max-snippet":"max-snippet:-1","max-image-preview":"max-image-preview:large","max-video-preview":"max-video-preview:-1"},"canonical":"https:\/\/pellervo.fi\/vastuullisuus\/2022\/12\/13\/metsa-group-ja-vr-tiivistavat-vastuullisuusyhteistyotaan\/","og_locale":"en_US","og_type":"article","og_title":"Mets\u00e4 Group ja VR tiivist\u00e4v\u00e4t vastuullisuusyhteisty\u00f6t\u00e4\u00e4n - Pellervo","og_description":"Merkitt\u00e4vin\u00e4 yhteiskunnallisina toimijoina Mets\u00e4 Groupilla ja VR:ll\u00e4 on t\u00e4rke\u00e4 rooli ymp\u00e4rist\u00f6suorituskyvyn ja vastuullisuuden edist\u00e4misess\u00e4. Yhti\u00f6t tiivist\u00e4v\u00e4t logistiikkaan liittyv\u00e4\u00e4 vastuullisuusyhteisty\u00f6t\u00e4\u00e4n ja ovat sopineet uudesta yhteisest\u00e4 vuoteen 2030 ulottuvasta tavoitteesta puolittaa yhteisty\u00f6n piiriin kuuluvien kuljetusten p\u00e4\u00e4st\u00f6t. Lis\u00e4ksi Mets\u00e4 Groupin tiettyj\u00e4 nykyisi\u00e4 maantiekuljetuksia tavoitellaan siirrett\u00e4v\u00e4n rautateille. Kaiken kaikkiaan toimenpiteet vastaisivat Mets\u00e4 Groupille yhteens\u00e4 noin 14 000 tCO2e:n vuotuista p\u00e4\u00e4st\u00f6v\u00e4hennyst\u00e4, mik\u00e4 vastaa yli 25 000 keskim\u00e4\u00e4r\u00e4ist\u00e4 rekkakuljetusta.","og_url":"https:\/\/pellervo.fi\/vastuullisuus\/2022\/12\/13\/metsa-group-ja-vr-tiivistavat-vastuullisuusyhteistyotaan\/","og_site_name":"Pellervo","article_published_time":"2022-12-13T10:43:40+00:00","article_modified_time":"2022-12-13T10:43:42+00:00","og_image":[{"width":690,"height":562,"url":"https:\/\/pellervo.fi\/wp-content\/uploads\/2022\/12\/MetsaGroupVR.jpg","type":"image\/jpeg"}],"author":"Hanna Muukka","twitter_card":"summary_large_image","twitter_creator":"@PellervoFi","twitter_site":"@PellervoFi","twitter_misc":{"Written by":"Hanna Muukka","Est. reading time":"2 minutes"},"schema":{"@context":"https:\/\/schema.org","@graph":[{"@type":"Article","@id":"https:\/\/pellervo.fi\/vastuullisuus\/2022\/12\/13\/metsa-group-ja-vr-tiivistavat-vastuullisuusyhteistyotaan\/#article","isPartOf":{"@id":"https:\/\/pellervo.fi\/vastuullisuus\/2022\/12\/13\/metsa-group-ja-vr-tiivistavat-vastuullisuusyhteistyotaan\/"},"author":{"name":"Hanna Muukka","@id":"https:\/\/pellervo.fi\/#\/schema\/person\/f001b7c670bab10e5236b09672d9e6a3"},"headline":"Mets\u00e4 Group ja VR tiivist\u00e4v\u00e4t vastuullisuusyhteisty\u00f6t\u00e4\u00e4n","datePublished":"2022-12-13T10:43:40+00:00","dateModified":"2022-12-13T10:43:42+00:00","mainEntityOfPage":{"@id":"https:\/\/pellervo.fi\/vastuullisuus\/2022\/12\/13\/metsa-group-ja-vr-tiivistavat-vastuullisuusyhteistyotaan\/"},"wordCount":302,"publisher":{"@id":"https:\/\/pellervo.fi\/#organization"},"image":{"@id":"https:\/\/pellervo.fi\/vastuullisuus\/2022\/12\/13\/metsa-group-ja-vr-tiivistavat-vastuullisuusyhteistyotaan\/#primaryimage"},"thumbnailUrl":"https:\/\/pellervo.fi\/wp-content\/uploads\/2022\/12\/MetsaGroupVR.jpg","articleSection":["Vastuullisuus"],"inLanguage":"en-US"},{"@type":"WebPage","@id":"https:\/\/pellervo.fi\/vastuullisuus\/2022\/12\/13\/metsa-group-ja-vr-tiivistavat-vastuullisuusyhteistyotaan\/","url":"https:\/\/pellervo.fi\/vastuullisuus\/2022\/12\/13\/metsa-group-ja-vr-tiivistavat-vastuullisuusyhteistyotaan\/","name":"Mets\u00e4 Group ja VR tiivist\u00e4v\u00e4t vastuullisuusyhteisty\u00f6t\u00e4\u00e4n - Pellervo","isPartOf":{"@id":"https:\/\/pellervo.fi\/#website"},"primaryImageOfPage":{"@id":"https:\/\/pellervo.fi\/vastuullisuus\/2022\/12\/13\/metsa-group-ja-vr-tiivistavat-vastuullisuusyhteistyotaan\/#primaryimage"},"image":{"@id":"https:\/\/pellervo.fi\/vastuullisuus\/2022\/12\/13\/metsa-group-ja-vr-tiivistavat-vastuullisuusyhteistyotaan\/#primaryimage"},"thumbnailUrl":"https:\/\/pellervo.fi\/wp-content\/uploads\/2022\/12\/MetsaGroupVR.jpg","datePublished":"2022-12-13T10:43:40+00:00","dateModified":"2022-12-13T10:43:42+00:00","breadcrumb":{"@id":"https:\/\/pellervo.fi\/vastuullisuus\/2022\/12\/13\/metsa-group-ja-vr-tiivistavat-vastuullisuusyhteistyotaan\/#breadcrumb"},"inLanguage":"en-US","potentialAction":[{"@type":"ReadAction","target":["https:\/\/pellervo.fi\/vastuullisuus\/2022\/12\/13\/metsa-group-ja-vr-tiivistavat-vastuullisuusyhteistyotaan\/"]}]},{"@type":"ImageObject","inLanguage":"en-US","@id":"https:\/\/pellervo.fi\/vastuullisuus\/2022\/12\/13\/metsa-group-ja-vr-tiivistavat-vastuullisuusyhteistyotaan\/#primaryimage","url":"https:\/\/pellervo.fi\/wp-content\/uploads\/2022\/12\/MetsaGroupVR.jpg","contentUrl":"https:\/\/pellervo.fi\/wp-content\/uploads\/2022\/12\/MetsaGroupVR.jpg","width":690,"height":562,"caption":"25.09.18, VR Transpoint, Lokaatio: Mets\u00e4 Fibre \/ \u00c4\u00e4nekoski, Tilaaja: Virva Torvinen \/ VR-Yhtym\u00e4 Oy, Valokuvaaja: Juho Kuva"},{"@type":"BreadcrumbList","@id":"https:\/\/pellervo.fi\/vastuullisuus\/2022\/12\/13\/metsa-group-ja-vr-tiivistavat-vastuullisuusyhteistyotaan\/#breadcrumb","itemListElement":[{"@type":"ListItem","position":1,"name":"Koti","item":"https:\/\/pellervo.fi\/en\/"},{"@type":"ListItem","position":2,"name":"Mets\u00e4 Group ja VR tiivist\u00e4v\u00e4t vastuullisuusyhteisty\u00f6t\u00e4\u00e4n"}]},{"@type":"WebSite","@id":"https:\/\/pellervo.fi\/#website","url":"https:\/\/pellervo.fi\/","name":"Pellervo","description":"Osuuskuntien keskusj\u00e4rjest\u00f6","publisher":{"@id":"https:\/\/pellervo.fi\/#organization"},"potentialAction":[{"@type":"SearchAction","target":{"@type":"EntryPoint","urlTemplate":"https:\/\/pellervo.fi\/?s={search_term_string}"},"query-input":{"@type":"PropertyValueSpecification","valueRequired":true,"valueName":"search_term_string"}}],"inLanguage":"en-US"},{"@type":"Organization","@id":"https:\/\/pellervo.fi\/#organization","name":"Osuustoimintakeskus Pellervo ry","url":"https:\/\/pellervo.fi\/","logo":{"@type":"ImageObject","inLanguage":"en-US","@id":"https:\/\/pellervo.fi\/#\/schema\/logo\/image\/","url":"https:\/\/pellervo.fi\/wp-content\/uploads\/2020\/05\/Pellervo_logo.png","contentUrl":"https:\/\/pellervo.fi\/wp-content\/uploads\/2020\/05\/Pellervo_logo.png","width":1335,"height":376,"caption":"Osuustoimintakeskus Pellervo ry"},"image":{"@id":"https:\/\/pellervo.fi\/#\/schema\/logo\/image\/"},"sameAs":["https:\/\/x.com\/PellervoFi"]},{"@type":"Person","@id":"https:\/\/pellervo.fi\/#\/schema\/person\/f001b7c670bab10e5236b09672d9e6a3","name":"Hanna Muukka","image":{"@type":"ImageObject","inLanguage":"en-US","@id":"https:\/\/pellervo.fi\/wp-content\/uploads\/2014\/02\/Hanna-Muukka_avatar_1393417732-96x96.jpg","url":"https:\/\/pellervo.fi\/wp-content\/uploads\/2014\/02\/Hanna-Muukka_avatar_1393417732-96x96.jpg","contentUrl":"https:\/\/pellervo.fi\/wp-content\/uploads\/2014\/02\/Hanna-Muukka_avatar_1393417732-96x96.jpg","caption":"Hanna Muukka"},"description":"Kirjoittaja ty\u00f6skentelee Osuustoimintakeskus Pellervossa vastuullisuusasiantuntijana.","url":"https:\/\/pellervo.fi\/en\/author\/hannamuu\/"}]}},"_links":{"self":[{"href":"https:\/\/pellervo.fi\/en\/wp-json\/wp\/v2\/posts\/894533","targetHints":{"allow":["GET"]}}],"collection":[{"href":"https:\/\/pellervo.fi\/en\/wp-json\/wp\/v2\/posts"}],"about":[{"href":"https:\/\/pellervo.fi\/en\/wp-json\/wp\/v2\/types\/post"}],"author":[{"embeddable":true,"href":"https:\/\/pellervo.fi\/en\/wp-json\/wp\/v2\/users\/6"}],"replies":[{"embeddable":true,"href":"https:\/\/pellervo.fi\/en\/wp-json\/wp\/v2\/comments?post=894533"}],"version-history":[{"count":1,"href":"https:\/\/pellervo.fi\/en\/wp-json\/wp\/v2\/posts\/894533\/revisions"}],"predecessor-version":[{"id":894537,"href":"https:\/\/pellervo.fi\/en\/wp-json\/wp\/v2\/posts\/894533\/revisions\/894537"}],"wp:featuredmedia":[{"embeddable":true,"href":"https:\/\/pellervo.fi\/en\/wp-json\/wp\/v2\/media\/894534"}],"wp:attachment":[{"href":"https:\/\/pellervo.fi\/en\/wp-json\/wp\/v2\/media?parent=894533"}],"wp:term":[{"taxonomy":"category","embeddable":true,"href":"https:\/\/pellervo.fi\/en\/wp-json\/wp\/v2\/categories?post=894533"},{"taxonomy":"post_tag","embeddable":true,"href":"https:\/\/pellervo.fi\/en\/wp-json\/wp\/v2\/tags?post=894533"}],"curies":[{"name":"wp","href":"https:\/\/api.w.org\/{rel}","templated":true}]}}