{"id":894583,"date":"2022-12-29T17:07:54","date_gmt":"2022-12-29T15:07:54","guid":{"rendered":"https:\/\/pellervo.fi\/?p=894583"},"modified":"2022-12-30T11:30:16","modified_gmt":"2022-12-30T09:30:16","slug":"sami-karhu-osuustoiminnan-tyoelamaprofessoriksi-vaasan-yliopistoon","status":"publish","type":"post","link":"https:\/\/pellervo.fi\/en\/uutiset\/2022\/12\/29\/sami-karhu-osuustoiminnan-tyoelamaprofessoriksi-vaasan-yliopistoon\/","title":{"rendered":"Sami Karhu osuustoiminnan ty\u00f6el\u00e4m\u00e4professoriksi Vaasan yliopistoon"},"content":{"rendered":"\n<p><strong>FL Sami Karhu on nimitetty Vaasan yliopiston markkinoinnin ja viestinn\u00e4n akateemiseen yksikk\u00f6\u00f6n. Siell\u00e4 h\u00e4n keskittyy osuuskuntamuotoiseen yritystoimintaan liittyv\u00e4\u00e4n opetukseen, tutkimukseen ja kehitt\u00e4misty\u00f6h\u00f6n. Yhteisty\u00f6 yliopistojen kanssa on h\u00e4nelle tuttua Pellervosta, jonka toimitusjohtajana Karhu toimi 2012-2022. Sami Karhu toimii my\u00f6s osuustoiminnan tutkijoiden j\u00e4rjest\u00f6n Kooperatiivin puheenjohtajana.\u00a0<\/strong><\/p>\n<p>Vaasan yliopistoon Sami Karhu tuo laajan tiet\u00e4myksens\u00e4 osuustoiminnallisesta yritysmallista, sen historiasta, nykyp\u00e4iv\u00e4st\u00e4 ja tulevaisuuden mahdollisuuksista, oli sitten kyse kuluttajien, tuottajien, yritt\u00e4jien tai ty\u00f6ntekij\u00f6iden osuustoiminnasta. Kaikkiaan h\u00e4n toimi Pellervossa 27 vuoden ajan muun muassa tutkijana, tiedotus- ja j\u00e4rjest\u00f6p\u00e4\u00e4llikk\u00f6n\u00e4 sek\u00e4 osuustoimintajohtajana.\u00a0<\/p>\n<p>Vaasan yliopistoa ja sen ty\u00f6el\u00e4m\u00e4professorihanketta ovat eri tavoin tukeneet muun muassa Etel\u00e4-Pohjanmaan osuuskauppa, L\u00e4hi-Tapiola Etel\u00e4-Pohjanmaa, L\u00e4hi-Tapiola Pohjanmaa, Osuuskauppa KPO, Etel\u00e4-\u00a0 ja Keski-Pohjanmaan sek\u00e4 Pohjanmaan osuuspankit.<\/p>\n<p>Karhun lis\u00e4ksi Vaasassa aloittivat yritt\u00e4jyyden ty\u00f6el\u00e4m\u00e4professorin Eero Lehti ja tuotantotalouden ty\u00f6el\u00e4m\u00e4professorin Glenn Edens. Yhdess\u00e4 he ovat t\u00e4m\u00e4n yliopiston kaikkien aikojen ensimm\u00e4iset ty\u00f6el\u00e4m\u00e4professorit.\u00a0<\/p>\n<p><a href=\"https:\/\/www.uwasa.fi\/fi\/uutishuone\/uutiset\/vaasan-yliopisto-nimitti-ensimmaiset-tyoelamaprofessorit-tuovat-vahvaa-osaamista\">Vaasan yliopiston uutinen<\/a><\/p>\n","protected":false},"excerpt":{"rendered":"<p>Pellervon edellinen toimitusjohtaja Sami Karhu on nimitetty Vaasan yliopiston ty\u00f6el\u00e4m\u00e4professoriksi, jonka vastuualueena on osuustoiminnan tutkiminen ja opettaminen.<\/p>\n","protected":false},"author":5,"featured_media":157045,"comment_status":"closed","ping_status":"closed","sticky":false,"template":"","format":"standard","meta":{"inline_featured_image":false,"_monsterinsights_skip_tracking":false,"_monsterinsights_sitenote_active":false,"_monsterinsights_sitenote_note":"","_monsterinsights_sitenote_category":0,"site-sidebar-layout":"default","site-content-layout":"","ast-site-content-layout":"default","site-content-style":"default","site-sidebar-style":"default","ast-global-header-display":"","ast-banner-title-visibility":"","ast-main-header-display":"","ast-hfb-above-header-display":"","ast-hfb-below-header-display":"","ast-hfb-mobile-header-display":"","site-post-title":"","ast-breadcrumbs-content":"","ast-featured-img":"","footer-sml-layout":"","ast-disable-related-posts":"","theme-transparent-header-meta":"","adv-header-id-meta":"","stick-header-meta":"","header-above-stick-meta":"","header-main-stick-meta":"","header-below-stick-meta":"","astra-migrate-meta-layouts":"default","ast-page-background-enabled":"default","ast-page-background-meta":{"desktop":{"background-color":"","background-image":"","background-repeat":"repeat","background-position":"center center","background-size":"auto","background-attachment":"scroll","background-type":"","background-media":"","overlay-type":"","overlay-color":"","overlay-opacity":"","overlay-gradient":""},"tablet":{"background-color":"","background-image":"","background-repeat":"repeat","background-position":"center center","background-size":"auto","background-attachment":"scroll","background-type":"","background-media":"","overlay-type":"","overlay-color":"","overlay-opacity":"","overlay-gradient":""},"mobile":{"background-color":"","background-image":"","background-repeat":"repeat","background-position":"center center","background-size":"auto","background-attachment":"scroll","background-type":"","background-media":"","overlay-type":"","overlay-color":"","overlay-opacity":"","overlay-gradient":""}},"ast-content-background-meta":{"desktop":{"background-color":"var(--ast-global-color-5)","background-image":"","background-repeat":"repeat","background-position":"center center","background-size":"auto","background-attachment":"scroll","background-type":"","background-media":"","overlay-type":"","overlay-color":"","overlay-opacity":"","overlay-gradient":""},"tablet":{"background-color":"var(--ast-global-color-5)","background-image":"","background-repeat":"repeat","background-position":"center center","background-size":"auto","background-attachment":"scroll","background-type":"","background-media":"","overlay-type":"","overlay-color":"","overlay-opacity":"","overlay-gradient":""},"mobile":{"background-color":"var(--ast-global-color-5)","background-image":"","background-repeat":"repeat","background-position":"center center","background-size":"auto","background-attachment":"scroll","background-type":"","background-media":"","overlay-type":"","overlay-color":"","overlay-opacity":"","overlay-gradient":""}},"_FSMCFIC_featured_image_caption":"","_FSMCFIC_featured_image_nocaption":"","_FSMCFIC_featured_image_hide":"","footnotes":""},"categories":[22],"tags":[412,340,411],"class_list":["post-894583","post","type-post","status-publish","format-standard","has-post-thumbnail","hentry","category-uutiset","tag-sami-karhu","tag-tutkimus","tag-tyoelamaprofessori"],"yoast_head":"<!-- This site is optimized with the Yoast SEO plugin v27.4 - https:\/\/yoast.com\/product\/yoast-seo-wordpress\/ -->\n<title>Sami Karhu osuustoiminnan ty\u00f6el\u00e4m\u00e4professoriksi Vaasan yliopistoon - Pellervo<\/title>\n<meta name=\"robots\" content=\"index, follow, max-snippet:-1, max-image-preview:large, max-video-preview:-1\" \/>\n<link rel=\"canonical\" href=\"https:\/\/pellervo.fi\/uutiset\/2022\/12\/29\/sami-karhu-osuustoiminnan-tyoelamaprofessoriksi-vaasan-yliopistoon\/\" \/>\n<meta property=\"og:locale\" content=\"en_US\" \/>\n<meta property=\"og:type\" content=\"article\" \/>\n<meta property=\"og:title\" content=\"Sami Karhu osuustoiminnan ty\u00f6el\u00e4m\u00e4professoriksi Vaasan yliopistoon - Pellervo\" \/>\n<meta property=\"og:description\" content=\"Pellervon edellinen toimitusjohtaja Sami Karhu on nimitetty Vaasan yliopiston ty\u00f6el\u00e4m\u00e4professoriksi, jonka vastuualueena on osuustoiminnan tutkiminen ja opettaminen.\" \/>\n<meta property=\"og:url\" content=\"https:\/\/pellervo.fi\/uutiset\/2022\/12\/29\/sami-karhu-osuustoiminnan-tyoelamaprofessoriksi-vaasan-yliopistoon\/\" \/>\n<meta property=\"og:site_name\" content=\"Pellervo\" \/>\n<meta property=\"article:published_time\" content=\"2022-12-29T15:07:54+00:00\" \/>\n<meta property=\"article:modified_time\" content=\"2022-12-30T09:30:16+00:00\" \/>\n<meta property=\"og:image\" content=\"https:\/\/pellervo.fi\/wp-content\/uploads\/2015\/07\/Sami-Karhu.jpg\" \/>\n\t<meta property=\"og:image:width\" content=\"640\" \/>\n\t<meta property=\"og:image:height\" content=\"465\" \/>\n\t<meta property=\"og:image:type\" content=\"image\/jpeg\" \/>\n<meta name=\"author\" content=\"pellervo\" \/>\n<meta name=\"twitter:card\" content=\"summary_large_image\" \/>\n<meta name=\"twitter:image\" content=\"https:\/\/pellervo.fi\/wp-content\/uploads\/2015\/07\/Sami-Karhu.jpg\" \/>\n<meta name=\"twitter:creator\" content=\"@PellervoFi\" \/>\n<meta name=\"twitter:site\" content=\"@PellervoFi\" \/>\n<meta name=\"twitter:label1\" content=\"Written by\" \/>\n\t<meta name=\"twitter:data1\" content=\"pellervo\" \/>\n\t<meta name=\"twitter:label2\" content=\"Est. reading time\" \/>\n\t<meta name=\"twitter:data2\" content=\"1 minute\" \/>\n<script type=\"application\/ld+json\" class=\"yoast-schema-graph\">{\"@context\":\"https:\\\/\\\/schema.org\",\"@graph\":[{\"@type\":\"Article\",\"@id\":\"https:\\\/\\\/pellervo.fi\\\/uutiset\\\/2022\\\/12\\\/29\\\/sami-karhu-osuustoiminnan-tyoelamaprofessoriksi-vaasan-yliopistoon\\\/#article\",\"isPartOf\":{\"@id\":\"https:\\\/\\\/pellervo.fi\\\/uutiset\\\/2022\\\/12\\\/29\\\/sami-karhu-osuustoiminnan-tyoelamaprofessoriksi-vaasan-yliopistoon\\\/\"},\"author\":{\"name\":\"pellervo\",\"@id\":\"https:\\\/\\\/pellervo.fi\\\/#\\\/schema\\\/person\\\/4b74d40956937d1367ade81899997e71\"},\"headline\":\"Sami Karhu osuustoiminnan ty\u00f6el\u00e4m\u00e4professoriksi Vaasan yliopistoon\",\"datePublished\":\"2022-12-29T15:07:54+00:00\",\"dateModified\":\"2022-12-30T09:30:16+00:00\",\"mainEntityOfPage\":{\"@id\":\"https:\\\/\\\/pellervo.fi\\\/uutiset\\\/2022\\\/12\\\/29\\\/sami-karhu-osuustoiminnan-tyoelamaprofessoriksi-vaasan-yliopistoon\\\/\"},\"wordCount\":184,\"publisher\":{\"@id\":\"https:\\\/\\\/pellervo.fi\\\/#organization\"},\"image\":{\"@id\":\"https:\\\/\\\/pellervo.fi\\\/uutiset\\\/2022\\\/12\\\/29\\\/sami-karhu-osuustoiminnan-tyoelamaprofessoriksi-vaasan-yliopistoon\\\/#primaryimage\"},\"thumbnailUrl\":\"https:\\\/\\\/pellervo.fi\\\/wp-content\\\/uploads\\\/2015\\\/07\\\/Sami-Karhu.jpg\",\"keywords\":[\"Sami Karhu\",\"Tutkimus\",\"ty\u00f6el\u00e4m\u00e4professori\"],\"articleSection\":[\"Uutiset\"],\"inLanguage\":\"en-US\"},{\"@type\":\"WebPage\",\"@id\":\"https:\\\/\\\/pellervo.fi\\\/uutiset\\\/2022\\\/12\\\/29\\\/sami-karhu-osuustoiminnan-tyoelamaprofessoriksi-vaasan-yliopistoon\\\/\",\"url\":\"https:\\\/\\\/pellervo.fi\\\/uutiset\\\/2022\\\/12\\\/29\\\/sami-karhu-osuustoiminnan-tyoelamaprofessoriksi-vaasan-yliopistoon\\\/\",\"name\":\"Sami Karhu osuustoiminnan ty\u00f6el\u00e4m\u00e4professoriksi Vaasan yliopistoon - Pellervo\",\"isPartOf\":{\"@id\":\"https:\\\/\\\/pellervo.fi\\\/#website\"},\"primaryImageOfPage\":{\"@id\":\"https:\\\/\\\/pellervo.fi\\\/uutiset\\\/2022\\\/12\\\/29\\\/sami-karhu-osuustoiminnan-tyoelamaprofessoriksi-vaasan-yliopistoon\\\/#primaryimage\"},\"image\":{\"@id\":\"https:\\\/\\\/pellervo.fi\\\/uutiset\\\/2022\\\/12\\\/29\\\/sami-karhu-osuustoiminnan-tyoelamaprofessoriksi-vaasan-yliopistoon\\\/#primaryimage\"},\"thumbnailUrl\":\"https:\\\/\\\/pellervo.fi\\\/wp-content\\\/uploads\\\/2015\\\/07\\\/Sami-Karhu.jpg\",\"datePublished\":\"2022-12-29T15:07:54+00:00\",\"dateModified\":\"2022-12-30T09:30:16+00:00\",\"breadcrumb\":{\"@id\":\"https:\\\/\\\/pellervo.fi\\\/uutiset\\\/2022\\\/12\\\/29\\\/sami-karhu-osuustoiminnan-tyoelamaprofessoriksi-vaasan-yliopistoon\\\/#breadcrumb\"},\"inLanguage\":\"en-US\",\"potentialAction\":[{\"@type\":\"ReadAction\",\"target\":[\"https:\\\/\\\/pellervo.fi\\\/uutiset\\\/2022\\\/12\\\/29\\\/sami-karhu-osuustoiminnan-tyoelamaprofessoriksi-vaasan-yliopistoon\\\/\"]}]},{\"@type\":\"ImageObject\",\"inLanguage\":\"en-US\",\"@id\":\"https:\\\/\\\/pellervo.fi\\\/uutiset\\\/2022\\\/12\\\/29\\\/sami-karhu-osuustoiminnan-tyoelamaprofessoriksi-vaasan-yliopistoon\\\/#primaryimage\",\"url\":\"https:\\\/\\\/pellervo.fi\\\/wp-content\\\/uploads\\\/2015\\\/07\\\/Sami-Karhu.jpg\",\"contentUrl\":\"https:\\\/\\\/pellervo.fi\\\/wp-content\\\/uploads\\\/2015\\\/07\\\/Sami-Karhu.jpg\",\"width\":640,\"height\":465},{\"@type\":\"BreadcrumbList\",\"@id\":\"https:\\\/\\\/pellervo.fi\\\/uutiset\\\/2022\\\/12\\\/29\\\/sami-karhu-osuustoiminnan-tyoelamaprofessoriksi-vaasan-yliopistoon\\\/#breadcrumb\",\"itemListElement\":[{\"@type\":\"ListItem\",\"position\":1,\"name\":\"Koti\",\"item\":\"https:\\\/\\\/pellervo.fi\\\/en\\\/\"},{\"@type\":\"ListItem\",\"position\":2,\"name\":\"Sami Karhu osuustoiminnan ty\u00f6el\u00e4m\u00e4professoriksi Vaasan yliopistoon\"}]},{\"@type\":\"WebSite\",\"@id\":\"https:\\\/\\\/pellervo.fi\\\/#website\",\"url\":\"https:\\\/\\\/pellervo.fi\\\/\",\"name\":\"Pellervo\",\"description\":\"Osuuskuntien keskusj\u00e4rjest\u00f6\",\"publisher\":{\"@id\":\"https:\\\/\\\/pellervo.fi\\\/#organization\"},\"potentialAction\":[{\"@type\":\"SearchAction\",\"target\":{\"@type\":\"EntryPoint\",\"urlTemplate\":\"https:\\\/\\\/pellervo.fi\\\/?s={search_term_string}\"},\"query-input\":{\"@type\":\"PropertyValueSpecification\",\"valueRequired\":true,\"valueName\":\"search_term_string\"}}],\"inLanguage\":\"en-US\"},{\"@type\":\"Organization\",\"@id\":\"https:\\\/\\\/pellervo.fi\\\/#organization\",\"name\":\"Osuustoimintakeskus Pellervo ry\",\"url\":\"https:\\\/\\\/pellervo.fi\\\/\",\"logo\":{\"@type\":\"ImageObject\",\"inLanguage\":\"en-US\",\"@id\":\"https:\\\/\\\/pellervo.fi\\\/#\\\/schema\\\/logo\\\/image\\\/\",\"url\":\"https:\\\/\\\/pellervo.fi\\\/wp-content\\\/uploads\\\/2020\\\/05\\\/Pellervo_logo.png\",\"contentUrl\":\"https:\\\/\\\/pellervo.fi\\\/wp-content\\\/uploads\\\/2020\\\/05\\\/Pellervo_logo.png\",\"width\":1335,\"height\":376,\"caption\":\"Osuustoimintakeskus Pellervo ry\"},\"image\":{\"@id\":\"https:\\\/\\\/pellervo.fi\\\/#\\\/schema\\\/logo\\\/image\\\/\"},\"sameAs\":[\"https:\\\/\\\/x.com\\\/PellervoFi\"]},{\"@type\":\"Person\",\"@id\":\"https:\\\/\\\/pellervo.fi\\\/#\\\/schema\\\/person\\\/4b74d40956937d1367ade81899997e71\",\"name\":\"pellervo\",\"image\":{\"@type\":\"ImageObject\",\"inLanguage\":\"en-US\",\"@id\":\"https:\\\/\\\/pellervo.fi\\\/wp-content\\\/uploads\\\/2013\\\/11\\\/pellervo_avatar_1384522134-96x96.jpg\",\"url\":\"https:\\\/\\\/pellervo.fi\\\/wp-content\\\/uploads\\\/2013\\\/11\\\/pellervo_avatar_1384522134-96x96.jpg\",\"contentUrl\":\"https:\\\/\\\/pellervo.fi\\\/wp-content\\\/uploads\\\/2013\\\/11\\\/pellervo_avatar_1384522134-96x96.jpg\",\"caption\":\"pellervo\"},\"description\":\"Kuvaus\",\"url\":\"https:\\\/\\\/pellervo.fi\\\/en\\\/author\\\/pellervo\\\/\"}]}<\/script>\n<!-- \/ Yoast SEO plugin. -->","yoast_head_json":{"title":"Sami Karhu osuustoiminnan ty\u00f6el\u00e4m\u00e4professoriksi Vaasan yliopistoon - Pellervo","robots":{"index":"index","follow":"follow","max-snippet":"max-snippet:-1","max-image-preview":"max-image-preview:large","max-video-preview":"max-video-preview:-1"},"canonical":"https:\/\/pellervo.fi\/uutiset\/2022\/12\/29\/sami-karhu-osuustoiminnan-tyoelamaprofessoriksi-vaasan-yliopistoon\/","og_locale":"en_US","og_type":"article","og_title":"Sami Karhu osuustoiminnan ty\u00f6el\u00e4m\u00e4professoriksi Vaasan yliopistoon - Pellervo","og_description":"Pellervon edellinen toimitusjohtaja Sami Karhu on nimitetty Vaasan yliopiston ty\u00f6el\u00e4m\u00e4professoriksi, jonka vastuualueena on osuustoiminnan tutkiminen ja opettaminen.","og_url":"https:\/\/pellervo.fi\/uutiset\/2022\/12\/29\/sami-karhu-osuustoiminnan-tyoelamaprofessoriksi-vaasan-yliopistoon\/","og_site_name":"Pellervo","article_published_time":"2022-12-29T15:07:54+00:00","article_modified_time":"2022-12-30T09:30:16+00:00","og_image":[{"width":640,"height":465,"url":"https:\/\/pellervo.fi\/wp-content\/uploads\/2015\/07\/Sami-Karhu.jpg","type":"image\/jpeg"}],"author":"pellervo","twitter_card":"summary_large_image","twitter_image":"https:\/\/pellervo.fi\/wp-content\/uploads\/2015\/07\/Sami-Karhu.jpg","twitter_creator":"@PellervoFi","twitter_site":"@PellervoFi","twitter_misc":{"Written by":"pellervo","Est. reading time":"1 minute"},"schema":{"@context":"https:\/\/schema.org","@graph":[{"@type":"Article","@id":"https:\/\/pellervo.fi\/uutiset\/2022\/12\/29\/sami-karhu-osuustoiminnan-tyoelamaprofessoriksi-vaasan-yliopistoon\/#article","isPartOf":{"@id":"https:\/\/pellervo.fi\/uutiset\/2022\/12\/29\/sami-karhu-osuustoiminnan-tyoelamaprofessoriksi-vaasan-yliopistoon\/"},"author":{"name":"pellervo","@id":"https:\/\/pellervo.fi\/#\/schema\/person\/4b74d40956937d1367ade81899997e71"},"headline":"Sami Karhu osuustoiminnan ty\u00f6el\u00e4m\u00e4professoriksi Vaasan yliopistoon","datePublished":"2022-12-29T15:07:54+00:00","dateModified":"2022-12-30T09:30:16+00:00","mainEntityOfPage":{"@id":"https:\/\/pellervo.fi\/uutiset\/2022\/12\/29\/sami-karhu-osuustoiminnan-tyoelamaprofessoriksi-vaasan-yliopistoon\/"},"wordCount":184,"publisher":{"@id":"https:\/\/pellervo.fi\/#organization"},"image":{"@id":"https:\/\/pellervo.fi\/uutiset\/2022\/12\/29\/sami-karhu-osuustoiminnan-tyoelamaprofessoriksi-vaasan-yliopistoon\/#primaryimage"},"thumbnailUrl":"https:\/\/pellervo.fi\/wp-content\/uploads\/2015\/07\/Sami-Karhu.jpg","keywords":["Sami Karhu","Tutkimus","ty\u00f6el\u00e4m\u00e4professori"],"articleSection":["Uutiset"],"inLanguage":"en-US"},{"@type":"WebPage","@id":"https:\/\/pellervo.fi\/uutiset\/2022\/12\/29\/sami-karhu-osuustoiminnan-tyoelamaprofessoriksi-vaasan-yliopistoon\/","url":"https:\/\/pellervo.fi\/uutiset\/2022\/12\/29\/sami-karhu-osuustoiminnan-tyoelamaprofessoriksi-vaasan-yliopistoon\/","name":"Sami Karhu osuustoiminnan ty\u00f6el\u00e4m\u00e4professoriksi Vaasan yliopistoon - Pellervo","isPartOf":{"@id":"https:\/\/pellervo.fi\/#website"},"primaryImageOfPage":{"@id":"https:\/\/pellervo.fi\/uutiset\/2022\/12\/29\/sami-karhu-osuustoiminnan-tyoelamaprofessoriksi-vaasan-yliopistoon\/#primaryimage"},"image":{"@id":"https:\/\/pellervo.fi\/uutiset\/2022\/12\/29\/sami-karhu-osuustoiminnan-tyoelamaprofessoriksi-vaasan-yliopistoon\/#primaryimage"},"thumbnailUrl":"https:\/\/pellervo.fi\/wp-content\/uploads\/2015\/07\/Sami-Karhu.jpg","datePublished":"2022-12-29T15:07:54+00:00","dateModified":"2022-12-30T09:30:16+00:00","breadcrumb":{"@id":"https:\/\/pellervo.fi\/uutiset\/2022\/12\/29\/sami-karhu-osuustoiminnan-tyoelamaprofessoriksi-vaasan-yliopistoon\/#breadcrumb"},"inLanguage":"en-US","potentialAction":[{"@type":"ReadAction","target":["https:\/\/pellervo.fi\/uutiset\/2022\/12\/29\/sami-karhu-osuustoiminnan-tyoelamaprofessoriksi-vaasan-yliopistoon\/"]}]},{"@type":"ImageObject","inLanguage":"en-US","@id":"https:\/\/pellervo.fi\/uutiset\/2022\/12\/29\/sami-karhu-osuustoiminnan-tyoelamaprofessoriksi-vaasan-yliopistoon\/#primaryimage","url":"https:\/\/pellervo.fi\/wp-content\/uploads\/2015\/07\/Sami-Karhu.jpg","contentUrl":"https:\/\/pellervo.fi\/wp-content\/uploads\/2015\/07\/Sami-Karhu.jpg","width":640,"height":465},{"@type":"BreadcrumbList","@id":"https:\/\/pellervo.fi\/uutiset\/2022\/12\/29\/sami-karhu-osuustoiminnan-tyoelamaprofessoriksi-vaasan-yliopistoon\/#breadcrumb","itemListElement":[{"@type":"ListItem","position":1,"name":"Koti","item":"https:\/\/pellervo.fi\/en\/"},{"@type":"ListItem","position":2,"name":"Sami Karhu osuustoiminnan ty\u00f6el\u00e4m\u00e4professoriksi Vaasan yliopistoon"}]},{"@type":"WebSite","@id":"https:\/\/pellervo.fi\/#website","url":"https:\/\/pellervo.fi\/","name":"Pellervo","description":"Osuuskuntien keskusj\u00e4rjest\u00f6","publisher":{"@id":"https:\/\/pellervo.fi\/#organization"},"potentialAction":[{"@type":"SearchAction","target":{"@type":"EntryPoint","urlTemplate":"https:\/\/pellervo.fi\/?s={search_term_string}"},"query-input":{"@type":"PropertyValueSpecification","valueRequired":true,"valueName":"search_term_string"}}],"inLanguage":"en-US"},{"@type":"Organization","@id":"https:\/\/pellervo.fi\/#organization","name":"Osuustoimintakeskus Pellervo ry","url":"https:\/\/pellervo.fi\/","logo":{"@type":"ImageObject","inLanguage":"en-US","@id":"https:\/\/pellervo.fi\/#\/schema\/logo\/image\/","url":"https:\/\/pellervo.fi\/wp-content\/uploads\/2020\/05\/Pellervo_logo.png","contentUrl":"https:\/\/pellervo.fi\/wp-content\/uploads\/2020\/05\/Pellervo_logo.png","width":1335,"height":376,"caption":"Osuustoimintakeskus Pellervo ry"},"image":{"@id":"https:\/\/pellervo.fi\/#\/schema\/logo\/image\/"},"sameAs":["https:\/\/x.com\/PellervoFi"]},{"@type":"Person","@id":"https:\/\/pellervo.fi\/#\/schema\/person\/4b74d40956937d1367ade81899997e71","name":"pellervo","image":{"@type":"ImageObject","inLanguage":"en-US","@id":"https:\/\/pellervo.fi\/wp-content\/uploads\/2013\/11\/pellervo_avatar_1384522134-96x96.jpg","url":"https:\/\/pellervo.fi\/wp-content\/uploads\/2013\/11\/pellervo_avatar_1384522134-96x96.jpg","contentUrl":"https:\/\/pellervo.fi\/wp-content\/uploads\/2013\/11\/pellervo_avatar_1384522134-96x96.jpg","caption":"pellervo"},"description":"Kuvaus","url":"https:\/\/pellervo.fi\/en\/author\/pellervo\/"}]}},"_links":{"self":[{"href":"https:\/\/pellervo.fi\/en\/wp-json\/wp\/v2\/posts\/894583","targetHints":{"allow":["GET"]}}],"collection":[{"href":"https:\/\/pellervo.fi\/en\/wp-json\/wp\/v2\/posts"}],"about":[{"href":"https:\/\/pellervo.fi\/en\/wp-json\/wp\/v2\/types\/post"}],"author":[{"embeddable":true,"href":"https:\/\/pellervo.fi\/en\/wp-json\/wp\/v2\/users\/5"}],"replies":[{"embeddable":true,"href":"https:\/\/pellervo.fi\/en\/wp-json\/wp\/v2\/comments?post=894583"}],"version-history":[{"count":4,"href":"https:\/\/pellervo.fi\/en\/wp-json\/wp\/v2\/posts\/894583\/revisions"}],"predecessor-version":[{"id":894591,"href":"https:\/\/pellervo.fi\/en\/wp-json\/wp\/v2\/posts\/894583\/revisions\/894591"}],"wp:featuredmedia":[{"embeddable":true,"href":"https:\/\/pellervo.fi\/en\/wp-json\/wp\/v2\/media\/157045"}],"wp:attachment":[{"href":"https:\/\/pellervo.fi\/en\/wp-json\/wp\/v2\/media?parent=894583"}],"wp:term":[{"taxonomy":"category","embeddable":true,"href":"https:\/\/pellervo.fi\/en\/wp-json\/wp\/v2\/categories?post=894583"},{"taxonomy":"post_tag","embeddable":true,"href":"https:\/\/pellervo.fi\/en\/wp-json\/wp\/v2\/tags?post=894583"}],"curies":[{"name":"wp","href":"https:\/\/api.w.org\/{rel}","templated":true}]}}