{"id":895435,"date":"2023-04-19T17:38:21","date_gmt":"2023-04-19T14:38:21","guid":{"rendered":"https:\/\/pellervo.fi\/?p=895435"},"modified":"2023-04-19T17:44:21","modified_gmt":"2023-04-19T14:44:21","slug":"pellervon-valtuuskunnan-puheenjohtaja-ilkka-uusitalo-pellervon-paivassa-13-huhtikuuta-2023","status":"publish","type":"post","link":"https:\/\/pellervo.fi\/en\/jarjesto\/2023\/04\/19\/pellervon-valtuuskunnan-puheenjohtaja-ilkka-uusitalo-pellervon-paivassa-13-huhtikuuta-2023\/","title":{"rendered":"Pellervon valtuuskunnan puheenjohtaja Ilkka Uusitalon avaus Pellervon P\u00e4iv\u00e4n seminaarissa"},"content":{"rendered":"\n<p>Hyv\u00e4t Pellervon P\u00e4iv\u00e4n osanottajat,<\/p>\n<p>On ilo n\u00e4hd\u00e4 teit\u00e4 t\u00e4\u00e4ll\u00e4 paikan p\u00e4\u00e4ll\u00e4 sankoin joukoin!<\/p>\n<p>T\u00e4n\u00e4\u00e4n meill\u00e4 on teemana Suomen uudistuminen. Kuulimme aamup\u00e4iv\u00e4ll\u00e4 toimittaja Eeva Lehtim\u00e4en mielenkiintoisen puheenvuoron huomenna alkavien hallitusneuvottelujen suunnasta. Odotamme kaikki varmasti my\u00f6s innolla tulevia puheenvuoroja ja keskusteluja t\u00e4st\u00e4kin aiheesta. Emilia Kullaksen nostoja Evan havainnoista tulevaisuutemme suhteen, p\u00e4\u00e4toimittaja Jussi K\u00e4rjen vet\u00e4m\u00e4\u00e4 tiukkaa keskustelua uudistumisesta merkitt\u00e4vien taloudellisten toimijoiden n\u00e4k\u00f6kulmasta eli el\u00e4kevakuuttaja Kevan, Suomen Pankin ja merkitt\u00e4v\u00e4n osuustoimintayrityksen, Valion, perspektiivist\u00e4.<\/p>\n<p>Kahvin j\u00e4lkeen paneudumme siihen, miten osuustoiminnan arvot voivat siivitt\u00e4\u00e4 liiketoiminnan menestyst\u00e4 ja millainen erottautumistekij\u00e4 ne ovat niin johtoryhm\u00e4ty\u00f6skentelyss\u00e4, luottamuselimiss\u00e4 kuin henkil\u00f6st\u00f6politiikassa. Ja p\u00e4iv\u00e4n p\u00e4\u00e4tteeksi p\u00e4\u00e4semme futuristi Elina Hiltusen siivitt\u00e4m\u00e4n\u00e4 kurkistamaan n\u00e4kymi\u00e4 aina 2050-luvulle saakka.<\/p>\n<p>Suomen rinnalla my\u00f6s Pellervo uudistuu. Valtuuskuntamme hyv\u00e4ksyi meille maaliskuussa uuden strategian. Aiomme jatkossa olla tiukasti ajassa kiinni, tekem\u00e4ss\u00e4 n\u00e4kyv\u00e4ksi yhteiskunnassa taas vallalla olevaa kiinnostuksen virett\u00e4 yhteis\u00f6lliseen vastuunkantamiseen. Osuustoiminnan aika on nyt, ja viel\u00e4 vahvemmin tulevaisuudessa. T\u00e4m\u00e4 talousmalli innostaa uusia sukupolvia, sen me olemme jo n\u00e4hneet t\u00e4n\u00e4kin kev\u00e4\u00e4n\u00e4 muun muassa etsiess\u00e4mme uusia sosiaalisen median l\u00e4hettil\u00e4it\u00e4 her\u00e4ttelem\u00e4\u00e4n nuorten tietoisuutta. Viime vuonna menestyksekk\u00e4\u00e4sti TikTokissa, Instagramissa ja Youtubessa katsojia hamunnut kampanjamme saa jatkoa toukokuussa. N\u00e4iss\u00e4 kanavissa ollaan taas, esimerkiksi TikTokissa usean suositun somepersoonan voimin.<\/p>\n<p>Kuten me boomeritkin opimme viimeist\u00e4\u00e4n eduskuntavaalien yhteydess\u00e4 \u2013 siell\u00e4 todellakin on huikeita mahdollisuuksia lis\u00e4t\u00e4 merkitt\u00e4v\u00e4sti oman asian tunnettavuutta ja kiinnostavuutta. Onhan se hurja ajatella, ett\u00e4 Pellervon omalla Youtube-kanavalla olevia 160 videota on katsottu yhteens\u00e4 37\u00a0000 kertaa yhdeks\u00e4n vuoden aikana &#8211; ja samaan aikaan pelk\u00e4st\u00e4\u00e4n yhden l\u00e4hettil\u00e4\u00e4ksemme pestaamamme somevaikuttajan eli 28-vuotiaan Henri Weckstr\u00f6min kahta viimevuotista osuustoimintatietoutta levitt\u00e4v\u00e4\u00e4 vajaan minuutin tiktokkia on katsottu yhteens\u00e4 814 000 kertaa. Siis kahta videota! H\u00e4nen kanssaan jatketaan yhteisty\u00f6t\u00e4 tulevana syksyn\u00e4, kuten muutaman muunkin arvoihimme sopivan influensserin. \u00a0<\/p>\n<p>Nuoriso tarvitsee osuustoiminnan selkokielist\u00e4mist\u00e4. Ei siksi, ett\u00e4 he olisivat v\u00e4hemm\u00e4n kartalla kuin me vanhemmat ik\u00e4polvet. Vaan siksi, ett\u00e4 kieli muuttuu ja osuustoiminnan sanoituksen pit\u00e4\u00e4 pysy\u00e4 ajan hermolla. Meid\u00e4n sanastomme ei saa olla edesauttamassa sellaisen kuvan syntymist\u00e4, ett\u00e4 kyseess\u00e4 olisi jotenkin vanhanaikainen ja kankea yritysmuoto \u2013 koska n\u00e4inh\u00e4n ei ole. Osuuskuntien aika on nyt, ja meid\u00e4n pit\u00e4\u00e4 pysty\u00e4 puhumaan siit\u00e4 siten, ett\u00e4 yhteys moderniin maailmankuvaan on helposti tunnistettavissa.<\/p>\n<p>T\u00e4st\u00e4 kumpuaa my\u00f6s se, ett\u00e4 j\u00e4rjest\u00f6mme vaihtoi reilut kaksi tuntia sitten nime\u00e4. Vuosikokous hyv\u00e4ksyi Pellervon s\u00e4\u00e4nt\u00f6uudistuksen, jonka ulosp\u00e4in merkitt\u00e4vimp\u00e4n\u00e4 asiana oli ehdottomasti nimen p\u00e4ivitt\u00e4minen.<\/p>\n<p>Oli hyv\u00e4 tarkastella viime syksyn\u00e4 tehdyn strategiaty\u00f6n yhteydess\u00e4 sit\u00e4, millaisella nimell\u00e4 Pellervo esitt\u00e4ytyisi t\u00e4ss\u00e4 maailman ajassa selkeimmin. Sellaiseksi todettiin <em>Osuuskuntien keskusj\u00e4rjest\u00f6 Pellervo<\/em>. Se kertoo toimintamme luonteesta \u2013 olemme kaikkien osuuskuntien asialla.<\/p>\n<p>Pellervosta nimen\u00e4 emme ole luopumassa. Se on t\u00e4rkein tunnisteemme. Br\u00e4ndi, josta haluamme huolehtia. Se ei saa olla p\u00f6lyinen vaan innostava ja kiinnostava yhteiskunnallinen toimija sek\u00e4 keskustelija. Ihan niin kuin t\u00e4m\u00e4n p\u00e4iv\u00e4inen ohjelmakin. Olen todella tyytyv\u00e4inen, ett\u00e4 meill\u00e4 on t\u00e4n\u00e4\u00e4n t\u00e4\u00e4ll\u00e4 lavalla useita esiintyji\u00e4 osuuskuntien maailman ulkopuoleltakin. Saamme varmasti heilt\u00e4 my\u00f6s ev\u00e4it\u00e4 siihen, mik\u00e4 edustamassamme yritysmuodossa erityisesti kiinnostaa ja tuntuu merkitykselliselt\u00e4 2023. Otetaan n\u00e4ist\u00e4 ajatuksista ja sanoista koppi!<\/p>\n","protected":false},"excerpt":{"rendered":"","protected":false},"author":5,"featured_media":895440,"comment_status":"closed","ping_status":"closed","sticky":false,"template":"","format":"standard","meta":{"inline_featured_image":false,"_monsterinsights_skip_tracking":false,"_monsterinsights_sitenote_active":false,"_monsterinsights_sitenote_note":"","_monsterinsights_sitenote_category":0,"site-sidebar-layout":"default","site-content-layout":"","ast-site-content-layout":"default","site-content-style":"default","site-sidebar-style":"default","ast-global-header-display":"","ast-banner-title-visibility":"","ast-main-header-display":"","ast-hfb-above-header-display":"","ast-hfb-below-header-display":"","ast-hfb-mobile-header-display":"","site-post-title":"","ast-breadcrumbs-content":"","ast-featured-img":"","footer-sml-layout":"","ast-disable-related-posts":"","theme-transparent-header-meta":"","adv-header-id-meta":"","stick-header-meta":"","header-above-stick-meta":"","header-main-stick-meta":"","header-below-stick-meta":"","astra-migrate-meta-layouts":"default","ast-page-background-enabled":"default","ast-page-background-meta":{"desktop":{"background-color":"","background-image":"","background-repeat":"repeat","background-position":"center center","background-size":"auto","background-attachment":"scroll","background-type":"","background-media":"","overlay-type":"","overlay-color":"","overlay-opacity":"","overlay-gradient":""},"tablet":{"background-color":"","background-image":"","background-repeat":"repeat","background-position":"center center","background-size":"auto","background-attachment":"scroll","background-type":"","background-media":"","overlay-type":"","overlay-color":"","overlay-opacity":"","overlay-gradient":""},"mobile":{"background-color":"","background-image":"","background-repeat":"repeat","background-position":"center center","background-size":"auto","background-attachment":"scroll","background-type":"","background-media":"","overlay-type":"","overlay-color":"","overlay-opacity":"","overlay-gradient":""}},"ast-content-background-meta":{"desktop":{"background-color":"var(--ast-global-color-5)","background-image":"","background-repeat":"repeat","background-position":"center center","background-size":"auto","background-attachment":"scroll","background-type":"","background-media":"","overlay-type":"","overlay-color":"","overlay-opacity":"","overlay-gradient":""},"tablet":{"background-color":"var(--ast-global-color-5)","background-image":"","background-repeat":"repeat","background-position":"center center","background-size":"auto","background-attachment":"scroll","background-type":"","background-media":"","overlay-type":"","overlay-color":"","overlay-opacity":"","overlay-gradient":""},"mobile":{"background-color":"var(--ast-global-color-5)","background-image":"","background-repeat":"repeat","background-position":"center center","background-size":"auto","background-attachment":"scroll","background-type":"","background-media":"","overlay-type":"","overlay-color":"","overlay-opacity":"","overlay-gradient":""}},"_FSMCFIC_featured_image_caption":"","_FSMCFIC_featured_image_nocaption":"","_FSMCFIC_featured_image_hide":"","footnotes":""},"categories":[71,21],"tags":[],"class_list":["post-895435","post","type-post","status-publish","format-standard","has-post-thumbnail","hentry","category-jarjesto","category-nakokulma"],"yoast_head":"<!-- This site is optimized with the Yoast SEO plugin v27.5 - https:\/\/yoast.com\/product\/yoast-seo-wordpress\/ -->\n<title>Pellervon valtuuskunnan puheenjohtaja Ilkka Uusitalon avaus Pellervon P\u00e4iv\u00e4n seminaarissa - Pellervo<\/title>\n<meta name=\"robots\" content=\"index, follow, max-snippet:-1, max-image-preview:large, max-video-preview:-1\" \/>\n<link rel=\"canonical\" href=\"https:\/\/pellervo.fi\/jarjesto\/2023\/04\/19\/pellervon-valtuuskunnan-puheenjohtaja-ilkka-uusitalo-pellervon-paivassa-13-huhtikuuta-2023\/\" \/>\n<meta property=\"og:locale\" content=\"en_US\" \/>\n<meta property=\"og:type\" content=\"article\" \/>\n<meta property=\"og:title\" content=\"Pellervon valtuuskunnan puheenjohtaja Ilkka Uusitalon avaus Pellervon P\u00e4iv\u00e4n seminaarissa - Pellervo\" \/>\n<meta property=\"og:url\" content=\"https:\/\/pellervo.fi\/jarjesto\/2023\/04\/19\/pellervon-valtuuskunnan-puheenjohtaja-ilkka-uusitalo-pellervon-paivassa-13-huhtikuuta-2023\/\" \/>\n<meta property=\"og:site_name\" content=\"Pellervo\" \/>\n<meta property=\"article:published_time\" content=\"2023-04-19T14:38:21+00:00\" \/>\n<meta property=\"article:modified_time\" content=\"2023-04-19T14:44:21+00:00\" \/>\n<meta property=\"og:image\" content=\"https:\/\/pellervo.fi\/wp-content\/uploads\/2023\/04\/Ilkka-Uusitalo-130423-2-scaled.jpg\" \/>\n\t<meta property=\"og:image:width\" content=\"2560\" \/>\n\t<meta property=\"og:image:height\" content=\"2437\" \/>\n\t<meta property=\"og:image:type\" content=\"image\/jpeg\" \/>\n<meta name=\"author\" content=\"pellervo\" \/>\n<meta name=\"twitter:card\" content=\"summary_large_image\" \/>\n<meta name=\"twitter:creator\" content=\"@PellervoFi\" \/>\n<meta name=\"twitter:site\" content=\"@PellervoFi\" \/>\n<meta name=\"twitter:label1\" content=\"Written by\" \/>\n\t<meta name=\"twitter:data1\" content=\"pellervo\" \/>\n\t<meta name=\"twitter:label2\" content=\"Est. reading time\" \/>\n\t<meta name=\"twitter:data2\" content=\"3 minutes\" \/>\n<script type=\"application\/ld+json\" class=\"yoast-schema-graph\">{\"@context\":\"https:\\\/\\\/schema.org\",\"@graph\":[{\"@type\":\"Article\",\"@id\":\"https:\\\/\\\/pellervo.fi\\\/jarjesto\\\/2023\\\/04\\\/19\\\/pellervon-valtuuskunnan-puheenjohtaja-ilkka-uusitalo-pellervon-paivassa-13-huhtikuuta-2023\\\/#article\",\"isPartOf\":{\"@id\":\"https:\\\/\\\/pellervo.fi\\\/jarjesto\\\/2023\\\/04\\\/19\\\/pellervon-valtuuskunnan-puheenjohtaja-ilkka-uusitalo-pellervon-paivassa-13-huhtikuuta-2023\\\/\"},\"author\":{\"name\":\"pellervo\",\"@id\":\"https:\\\/\\\/pellervo.fi\\\/#\\\/schema\\\/person\\\/4b74d40956937d1367ade81899997e71\"},\"headline\":\"Pellervon valtuuskunnan puheenjohtaja Ilkka Uusitalon avaus Pellervon P\u00e4iv\u00e4n seminaarissa\",\"datePublished\":\"2023-04-19T14:38:21+00:00\",\"dateModified\":\"2023-04-19T14:44:21+00:00\",\"mainEntityOfPage\":{\"@id\":\"https:\\\/\\\/pellervo.fi\\\/jarjesto\\\/2023\\\/04\\\/19\\\/pellervon-valtuuskunnan-puheenjohtaja-ilkka-uusitalo-pellervon-paivassa-13-huhtikuuta-2023\\\/\"},\"wordCount\":559,\"publisher\":{\"@id\":\"https:\\\/\\\/pellervo.fi\\\/#organization\"},\"image\":{\"@id\":\"https:\\\/\\\/pellervo.fi\\\/jarjesto\\\/2023\\\/04\\\/19\\\/pellervon-valtuuskunnan-puheenjohtaja-ilkka-uusitalo-pellervon-paivassa-13-huhtikuuta-2023\\\/#primaryimage\"},\"thumbnailUrl\":\"https:\\\/\\\/pellervo.fi\\\/wp-content\\\/uploads\\\/2023\\\/04\\\/Ilkka-Uusitalo-130423-2-scaled.jpg\",\"articleSection\":[\"J\u00e4rjest\u00f6\",\"N\u00e4k\u00f6kulma\"],\"inLanguage\":\"en-US\"},{\"@type\":\"WebPage\",\"@id\":\"https:\\\/\\\/pellervo.fi\\\/jarjesto\\\/2023\\\/04\\\/19\\\/pellervon-valtuuskunnan-puheenjohtaja-ilkka-uusitalo-pellervon-paivassa-13-huhtikuuta-2023\\\/\",\"url\":\"https:\\\/\\\/pellervo.fi\\\/jarjesto\\\/2023\\\/04\\\/19\\\/pellervon-valtuuskunnan-puheenjohtaja-ilkka-uusitalo-pellervon-paivassa-13-huhtikuuta-2023\\\/\",\"name\":\"Pellervon valtuuskunnan puheenjohtaja Ilkka Uusitalon avaus Pellervon P\u00e4iv\u00e4n seminaarissa - Pellervo\",\"isPartOf\":{\"@id\":\"https:\\\/\\\/pellervo.fi\\\/#website\"},\"primaryImageOfPage\":{\"@id\":\"https:\\\/\\\/pellervo.fi\\\/jarjesto\\\/2023\\\/04\\\/19\\\/pellervon-valtuuskunnan-puheenjohtaja-ilkka-uusitalo-pellervon-paivassa-13-huhtikuuta-2023\\\/#primaryimage\"},\"image\":{\"@id\":\"https:\\\/\\\/pellervo.fi\\\/jarjesto\\\/2023\\\/04\\\/19\\\/pellervon-valtuuskunnan-puheenjohtaja-ilkka-uusitalo-pellervon-paivassa-13-huhtikuuta-2023\\\/#primaryimage\"},\"thumbnailUrl\":\"https:\\\/\\\/pellervo.fi\\\/wp-content\\\/uploads\\\/2023\\\/04\\\/Ilkka-Uusitalo-130423-2-scaled.jpg\",\"datePublished\":\"2023-04-19T14:38:21+00:00\",\"dateModified\":\"2023-04-19T14:44:21+00:00\",\"breadcrumb\":{\"@id\":\"https:\\\/\\\/pellervo.fi\\\/jarjesto\\\/2023\\\/04\\\/19\\\/pellervon-valtuuskunnan-puheenjohtaja-ilkka-uusitalo-pellervon-paivassa-13-huhtikuuta-2023\\\/#breadcrumb\"},\"inLanguage\":\"en-US\",\"potentialAction\":[{\"@type\":\"ReadAction\",\"target\":[\"https:\\\/\\\/pellervo.fi\\\/jarjesto\\\/2023\\\/04\\\/19\\\/pellervon-valtuuskunnan-puheenjohtaja-ilkka-uusitalo-pellervon-paivassa-13-huhtikuuta-2023\\\/\"]}]},{\"@type\":\"ImageObject\",\"inLanguage\":\"en-US\",\"@id\":\"https:\\\/\\\/pellervo.fi\\\/jarjesto\\\/2023\\\/04\\\/19\\\/pellervon-valtuuskunnan-puheenjohtaja-ilkka-uusitalo-pellervon-paivassa-13-huhtikuuta-2023\\\/#primaryimage\",\"url\":\"https:\\\/\\\/pellervo.fi\\\/wp-content\\\/uploads\\\/2023\\\/04\\\/Ilkka-Uusitalo-130423-2-scaled.jpg\",\"contentUrl\":\"https:\\\/\\\/pellervo.fi\\\/wp-content\\\/uploads\\\/2023\\\/04\\\/Ilkka-Uusitalo-130423-2-scaled.jpg\",\"width\":2560,\"height\":2437,\"caption\":\"Ilkka Uusitalo Pellervon P\u00e4iv\u00e4ss\u00e4 13.4.2023 Triplassa\"},{\"@type\":\"BreadcrumbList\",\"@id\":\"https:\\\/\\\/pellervo.fi\\\/jarjesto\\\/2023\\\/04\\\/19\\\/pellervon-valtuuskunnan-puheenjohtaja-ilkka-uusitalo-pellervon-paivassa-13-huhtikuuta-2023\\\/#breadcrumb\",\"itemListElement\":[{\"@type\":\"ListItem\",\"position\":1,\"name\":\"Koti\",\"item\":\"https:\\\/\\\/pellervo.fi\\\/en\\\/\"},{\"@type\":\"ListItem\",\"position\":2,\"name\":\"Pellervon valtuuskunnan puheenjohtaja Ilkka Uusitalon avaus Pellervon P\u00e4iv\u00e4n seminaarissa\"}]},{\"@type\":\"WebSite\",\"@id\":\"https:\\\/\\\/pellervo.fi\\\/#website\",\"url\":\"https:\\\/\\\/pellervo.fi\\\/\",\"name\":\"Pellervo\",\"description\":\"Osuuskuntien keskusj\u00e4rjest\u00f6\",\"publisher\":{\"@id\":\"https:\\\/\\\/pellervo.fi\\\/#organization\"},\"potentialAction\":[{\"@type\":\"SearchAction\",\"target\":{\"@type\":\"EntryPoint\",\"urlTemplate\":\"https:\\\/\\\/pellervo.fi\\\/?s={search_term_string}\"},\"query-input\":{\"@type\":\"PropertyValueSpecification\",\"valueRequired\":true,\"valueName\":\"search_term_string\"}}],\"inLanguage\":\"en-US\"},{\"@type\":\"Organization\",\"@id\":\"https:\\\/\\\/pellervo.fi\\\/#organization\",\"name\":\"Osuustoimintakeskus Pellervo ry\",\"url\":\"https:\\\/\\\/pellervo.fi\\\/\",\"logo\":{\"@type\":\"ImageObject\",\"inLanguage\":\"en-US\",\"@id\":\"https:\\\/\\\/pellervo.fi\\\/#\\\/schema\\\/logo\\\/image\\\/\",\"url\":\"https:\\\/\\\/pellervo.fi\\\/wp-content\\\/uploads\\\/2020\\\/05\\\/Pellervo_logo.png\",\"contentUrl\":\"https:\\\/\\\/pellervo.fi\\\/wp-content\\\/uploads\\\/2020\\\/05\\\/Pellervo_logo.png\",\"width\":1335,\"height\":376,\"caption\":\"Osuustoimintakeskus Pellervo ry\"},\"image\":{\"@id\":\"https:\\\/\\\/pellervo.fi\\\/#\\\/schema\\\/logo\\\/image\\\/\"},\"sameAs\":[\"https:\\\/\\\/x.com\\\/PellervoFi\"]},{\"@type\":\"Person\",\"@id\":\"https:\\\/\\\/pellervo.fi\\\/#\\\/schema\\\/person\\\/4b74d40956937d1367ade81899997e71\",\"name\":\"pellervo\",\"image\":{\"@type\":\"ImageObject\",\"inLanguage\":\"en-US\",\"@id\":\"https:\\\/\\\/pellervo.fi\\\/wp-content\\\/uploads\\\/2013\\\/11\\\/pellervo_avatar_1384522134-96x96.jpg\",\"url\":\"https:\\\/\\\/pellervo.fi\\\/wp-content\\\/uploads\\\/2013\\\/11\\\/pellervo_avatar_1384522134-96x96.jpg\",\"contentUrl\":\"https:\\\/\\\/pellervo.fi\\\/wp-content\\\/uploads\\\/2013\\\/11\\\/pellervo_avatar_1384522134-96x96.jpg\",\"caption\":\"pellervo\"},\"description\":\"Kuvaus\",\"url\":\"https:\\\/\\\/pellervo.fi\\\/en\\\/author\\\/pellervo\\\/\"}]}<\/script>\n<!-- \/ Yoast SEO plugin. -->","yoast_head_json":{"title":"Pellervon valtuuskunnan puheenjohtaja Ilkka Uusitalon avaus Pellervon P\u00e4iv\u00e4n seminaarissa - Pellervo","robots":{"index":"index","follow":"follow","max-snippet":"max-snippet:-1","max-image-preview":"max-image-preview:large","max-video-preview":"max-video-preview:-1"},"canonical":"https:\/\/pellervo.fi\/jarjesto\/2023\/04\/19\/pellervon-valtuuskunnan-puheenjohtaja-ilkka-uusitalo-pellervon-paivassa-13-huhtikuuta-2023\/","og_locale":"en_US","og_type":"article","og_title":"Pellervon valtuuskunnan puheenjohtaja Ilkka Uusitalon avaus Pellervon P\u00e4iv\u00e4n seminaarissa - Pellervo","og_url":"https:\/\/pellervo.fi\/jarjesto\/2023\/04\/19\/pellervon-valtuuskunnan-puheenjohtaja-ilkka-uusitalo-pellervon-paivassa-13-huhtikuuta-2023\/","og_site_name":"Pellervo","article_published_time":"2023-04-19T14:38:21+00:00","article_modified_time":"2023-04-19T14:44:21+00:00","og_image":[{"width":2560,"height":2437,"url":"https:\/\/pellervo.fi\/wp-content\/uploads\/2023\/04\/Ilkka-Uusitalo-130423-2-scaled.jpg","type":"image\/jpeg"}],"author":"pellervo","twitter_card":"summary_large_image","twitter_creator":"@PellervoFi","twitter_site":"@PellervoFi","twitter_misc":{"Written by":"pellervo","Est. reading time":"3 minutes"},"schema":{"@context":"https:\/\/schema.org","@graph":[{"@type":"Article","@id":"https:\/\/pellervo.fi\/jarjesto\/2023\/04\/19\/pellervon-valtuuskunnan-puheenjohtaja-ilkka-uusitalo-pellervon-paivassa-13-huhtikuuta-2023\/#article","isPartOf":{"@id":"https:\/\/pellervo.fi\/jarjesto\/2023\/04\/19\/pellervon-valtuuskunnan-puheenjohtaja-ilkka-uusitalo-pellervon-paivassa-13-huhtikuuta-2023\/"},"author":{"name":"pellervo","@id":"https:\/\/pellervo.fi\/#\/schema\/person\/4b74d40956937d1367ade81899997e71"},"headline":"Pellervon valtuuskunnan puheenjohtaja Ilkka Uusitalon avaus Pellervon P\u00e4iv\u00e4n seminaarissa","datePublished":"2023-04-19T14:38:21+00:00","dateModified":"2023-04-19T14:44:21+00:00","mainEntityOfPage":{"@id":"https:\/\/pellervo.fi\/jarjesto\/2023\/04\/19\/pellervon-valtuuskunnan-puheenjohtaja-ilkka-uusitalo-pellervon-paivassa-13-huhtikuuta-2023\/"},"wordCount":559,"publisher":{"@id":"https:\/\/pellervo.fi\/#organization"},"image":{"@id":"https:\/\/pellervo.fi\/jarjesto\/2023\/04\/19\/pellervon-valtuuskunnan-puheenjohtaja-ilkka-uusitalo-pellervon-paivassa-13-huhtikuuta-2023\/#primaryimage"},"thumbnailUrl":"https:\/\/pellervo.fi\/wp-content\/uploads\/2023\/04\/Ilkka-Uusitalo-130423-2-scaled.jpg","articleSection":["J\u00e4rjest\u00f6","N\u00e4k\u00f6kulma"],"inLanguage":"en-US"},{"@type":"WebPage","@id":"https:\/\/pellervo.fi\/jarjesto\/2023\/04\/19\/pellervon-valtuuskunnan-puheenjohtaja-ilkka-uusitalo-pellervon-paivassa-13-huhtikuuta-2023\/","url":"https:\/\/pellervo.fi\/jarjesto\/2023\/04\/19\/pellervon-valtuuskunnan-puheenjohtaja-ilkka-uusitalo-pellervon-paivassa-13-huhtikuuta-2023\/","name":"Pellervon valtuuskunnan puheenjohtaja Ilkka Uusitalon avaus Pellervon P\u00e4iv\u00e4n seminaarissa - Pellervo","isPartOf":{"@id":"https:\/\/pellervo.fi\/#website"},"primaryImageOfPage":{"@id":"https:\/\/pellervo.fi\/jarjesto\/2023\/04\/19\/pellervon-valtuuskunnan-puheenjohtaja-ilkka-uusitalo-pellervon-paivassa-13-huhtikuuta-2023\/#primaryimage"},"image":{"@id":"https:\/\/pellervo.fi\/jarjesto\/2023\/04\/19\/pellervon-valtuuskunnan-puheenjohtaja-ilkka-uusitalo-pellervon-paivassa-13-huhtikuuta-2023\/#primaryimage"},"thumbnailUrl":"https:\/\/pellervo.fi\/wp-content\/uploads\/2023\/04\/Ilkka-Uusitalo-130423-2-scaled.jpg","datePublished":"2023-04-19T14:38:21+00:00","dateModified":"2023-04-19T14:44:21+00:00","breadcrumb":{"@id":"https:\/\/pellervo.fi\/jarjesto\/2023\/04\/19\/pellervon-valtuuskunnan-puheenjohtaja-ilkka-uusitalo-pellervon-paivassa-13-huhtikuuta-2023\/#breadcrumb"},"inLanguage":"en-US","potentialAction":[{"@type":"ReadAction","target":["https:\/\/pellervo.fi\/jarjesto\/2023\/04\/19\/pellervon-valtuuskunnan-puheenjohtaja-ilkka-uusitalo-pellervon-paivassa-13-huhtikuuta-2023\/"]}]},{"@type":"ImageObject","inLanguage":"en-US","@id":"https:\/\/pellervo.fi\/jarjesto\/2023\/04\/19\/pellervon-valtuuskunnan-puheenjohtaja-ilkka-uusitalo-pellervon-paivassa-13-huhtikuuta-2023\/#primaryimage","url":"https:\/\/pellervo.fi\/wp-content\/uploads\/2023\/04\/Ilkka-Uusitalo-130423-2-scaled.jpg","contentUrl":"https:\/\/pellervo.fi\/wp-content\/uploads\/2023\/04\/Ilkka-Uusitalo-130423-2-scaled.jpg","width":2560,"height":2437,"caption":"Ilkka Uusitalo Pellervon P\u00e4iv\u00e4ss\u00e4 13.4.2023 Triplassa"},{"@type":"BreadcrumbList","@id":"https:\/\/pellervo.fi\/jarjesto\/2023\/04\/19\/pellervon-valtuuskunnan-puheenjohtaja-ilkka-uusitalo-pellervon-paivassa-13-huhtikuuta-2023\/#breadcrumb","itemListElement":[{"@type":"ListItem","position":1,"name":"Koti","item":"https:\/\/pellervo.fi\/en\/"},{"@type":"ListItem","position":2,"name":"Pellervon valtuuskunnan puheenjohtaja Ilkka Uusitalon avaus Pellervon P\u00e4iv\u00e4n seminaarissa"}]},{"@type":"WebSite","@id":"https:\/\/pellervo.fi\/#website","url":"https:\/\/pellervo.fi\/","name":"Pellervo","description":"Osuuskuntien keskusj\u00e4rjest\u00f6","publisher":{"@id":"https:\/\/pellervo.fi\/#organization"},"potentialAction":[{"@type":"SearchAction","target":{"@type":"EntryPoint","urlTemplate":"https:\/\/pellervo.fi\/?s={search_term_string}"},"query-input":{"@type":"PropertyValueSpecification","valueRequired":true,"valueName":"search_term_string"}}],"inLanguage":"en-US"},{"@type":"Organization","@id":"https:\/\/pellervo.fi\/#organization","name":"Osuustoimintakeskus Pellervo ry","url":"https:\/\/pellervo.fi\/","logo":{"@type":"ImageObject","inLanguage":"en-US","@id":"https:\/\/pellervo.fi\/#\/schema\/logo\/image\/","url":"https:\/\/pellervo.fi\/wp-content\/uploads\/2020\/05\/Pellervo_logo.png","contentUrl":"https:\/\/pellervo.fi\/wp-content\/uploads\/2020\/05\/Pellervo_logo.png","width":1335,"height":376,"caption":"Osuustoimintakeskus Pellervo ry"},"image":{"@id":"https:\/\/pellervo.fi\/#\/schema\/logo\/image\/"},"sameAs":["https:\/\/x.com\/PellervoFi"]},{"@type":"Person","@id":"https:\/\/pellervo.fi\/#\/schema\/person\/4b74d40956937d1367ade81899997e71","name":"pellervo","image":{"@type":"ImageObject","inLanguage":"en-US","@id":"https:\/\/pellervo.fi\/wp-content\/uploads\/2013\/11\/pellervo_avatar_1384522134-96x96.jpg","url":"https:\/\/pellervo.fi\/wp-content\/uploads\/2013\/11\/pellervo_avatar_1384522134-96x96.jpg","contentUrl":"https:\/\/pellervo.fi\/wp-content\/uploads\/2013\/11\/pellervo_avatar_1384522134-96x96.jpg","caption":"pellervo"},"description":"Kuvaus","url":"https:\/\/pellervo.fi\/en\/author\/pellervo\/"}]}},"_links":{"self":[{"href":"https:\/\/pellervo.fi\/en\/wp-json\/wp\/v2\/posts\/895435","targetHints":{"allow":["GET"]}}],"collection":[{"href":"https:\/\/pellervo.fi\/en\/wp-json\/wp\/v2\/posts"}],"about":[{"href":"https:\/\/pellervo.fi\/en\/wp-json\/wp\/v2\/types\/post"}],"author":[{"embeddable":true,"href":"https:\/\/pellervo.fi\/en\/wp-json\/wp\/v2\/users\/5"}],"replies":[{"embeddable":true,"href":"https:\/\/pellervo.fi\/en\/wp-json\/wp\/v2\/comments?post=895435"}],"version-history":[{"count":4,"href":"https:\/\/pellervo.fi\/en\/wp-json\/wp\/v2\/posts\/895435\/revisions"}],"predecessor-version":[{"id":895447,"href":"https:\/\/pellervo.fi\/en\/wp-json\/wp\/v2\/posts\/895435\/revisions\/895447"}],"wp:featuredmedia":[{"embeddable":true,"href":"https:\/\/pellervo.fi\/en\/wp-json\/wp\/v2\/media\/895440"}],"wp:attachment":[{"href":"https:\/\/pellervo.fi\/en\/wp-json\/wp\/v2\/media?parent=895435"}],"wp:term":[{"taxonomy":"category","embeddable":true,"href":"https:\/\/pellervo.fi\/en\/wp-json\/wp\/v2\/categories?post=895435"},{"taxonomy":"post_tag","embeddable":true,"href":"https:\/\/pellervo.fi\/en\/wp-json\/wp\/v2\/tags?post=895435"}],"curies":[{"name":"wp","href":"https:\/\/api.w.org\/{rel}","templated":true}]}}