{"id":895517,"date":"2023-04-24T16:11:53","date_gmt":"2023-04-24T13:11:53","guid":{"rendered":"https:\/\/pellervo.fi\/?p=895517"},"modified":"2023-04-24T16:12:41","modified_gmt":"2023-04-24T13:12:41","slug":"lumimuutos-osuuskunnan-perustaja-tero-mustoselle-goldman-palkinto-ymparistoalan-nobel","status":"publish","type":"post","link":"https:\/\/pellervo.fi\/en\/uutiset\/2023\/04\/24\/lumimuutos-osuuskunnan-perustaja-tero-mustoselle-goldman-palkinto-ymparistoalan-nobel\/","title":{"rendered":"Lumimuutos Osuuskunnan perustaja Tero Mustoselle Goldman-palkinto, ymp\u00e4rist\u00f6alan \u201dNobel\u201d"},"content":{"rendered":"\n<p><strong>Ammattikalastaja, dosentti Tero Mustonen on saanut Goldman-palkinnon Yhdysvalloissa. Kyseess\u00e4 on maailman merkitt\u00e4vin, vihre\u00e4ksi Nobeliksikin kutsuttu, ymp\u00e4rist\u00f6palkinto. Se on kunnianosoitus tavallisille ihmisille, jotka ovat tehneet ep\u00e4tavallisia tekoja planeetan suojelemiseksi. Palkinto my\u00f6nnet\u00e4\u00e4n nyt ensi kertaa Suomeen. Sit\u00e4 on jaettu vuodesta 1989.<\/strong><\/p>\n<p>Goldman-palkinto my\u00f6nnet\u00e4\u00e4n Mustoselle yhdess\u00e4 vaimonsa Kaisu Mustosen kanssa perustaman Lumimuutos-osuuskunnan ty\u00f6st\u00e4 ilmastonmuutoksen ja luontokadon torjumiseksi. Palkintosumma on 200 000 dollaria (noin 185 000 euroa). S\u00e4\u00e4ti\u00f6 luovuttaa palkintosumman Mustosen voittoa tavoittelemattomalle osuuskunnalle, Lumimuutokselle (perustettu vuonna 2000).<\/p>\n<p>Perusteluissaan maineikas Goldman-palkinto toteaa: <br \/><br \/>&#8220;H\u00e4n taistelee ilmastonmuutosta vastaan ruohonjuuritasolla ja on luonut luonnon ennallistamiseen mallin, jota voidaan soveltaa kaikkialla maailmassa.&#8221; <br \/>&#8220;H\u00e4nen johdollaan elvytet\u00e4\u00e4n maailman t\u00e4rkeimpi\u00e4 hiilinieluja vuosikymmenten teollisen k\u00e4yt\u00f6n j\u00e4lkeen ratkaisevan t\u00e4rkeiksi monimuotoisuusalueiksi.&#8221; <br \/><br \/>Mustonen luotsaa OSK Lumimuutoksen Elpyv\u00e4 maisema -ennallistamisohjelmaa (<a href=\"https:\/\/eur02.safelinks.protection.outlook.com\/?url=http%3A%2F%2Fwww.maisema.org%2F&amp;data=05%7C01%7C%7Cda7a3d5d38ef40d8762b08db449ce060%7Cc10c53fbad1e4893a1acee30fbe7b31c%7C0%7C0%7C638179212950941642%7CUnknown%7CTWFpbGZsb3d8eyJWIjoiMC4wLjAwMDAiLCJQIjoiV2luMzIiLCJBTiI6Ik1haWwiLCJXVCI6Mn0%3D%7C3000%7C%7C%7C&amp;sdata=7ft7wA%2FBu1cgVYL%2BSuaU5Yc9fpwORVsiNfgMN9Nt%2BQc%3D&amp;reserved=0\">www.maisema.org<\/a>), joka perustettiin 2018. P\u00e4\u00e4osin s\u00e4\u00e4ti\u00f6rahoitteisen ohjelman piiriss\u00e4 on 52000 hehtaarin vaikutusala soita, vesist\u00f6j\u00e4, metsi\u00e4 ja kosteikkoja. Suurin yksitt\u00e4inen kohde on Muhoksen Kivisuo, kooltaan yli 750 hehtaaria. Ohjelman suurin kokonaisuus on Koitajoen ennallistamisprosessi, jossa vuoteen 2025 menness\u00e4 ennallistetaan 1000 hehtaaria soita, tuetaan kyl\u00e4kulttuuria Ilomantsissa, uudistetaan vaelluskalojen elinymp\u00e4rist\u00f6j\u00e4 sek\u00e4 etsit\u00e4\u00e4n ratkaisuja eritt\u00e4in uhanalaisen j\u00e4rvilohen tulevaisuuden turvaamiseksi Ala-Koitajoella.<br \/><br \/>Ennallistamisohjelmalla on kohteita Inarista Pirkanmaalle, Keski-Suomessa ja It\u00e4-Suomessa, yhteens\u00e4 yli 70. Erityinen painopistealue on ollut my\u00f6s saamelaisalueen metsien ja vesist\u00f6jen ennallistaminen. Ty\u00f6ss\u00e4 on yhdistetty saamelaisten alkuper\u00e4iskansatietoa ja viimeisint\u00e4 tiedett\u00e4.<\/p>\n<p>Viimeisimm\u00e4n IPCC-raportin p\u00e4\u00e4kirjoittajana toiminut Mustonen on my\u00f6s ammattikalastaja. T\u00e4m\u00e4n ytimess\u00e4 on muikun talvinuottaus osana Lumimuutoksen toimintaa. Mustonen kommentoi palkintoa:<\/p>\n<p>&#8220;Kompassina omalle ty\u00f6lleni on ollut kalastuksesta kumpuava tieto. Nuottaukot ja -muorit ovat opastaneet ty\u00f6skentelem\u00e4\u00e4n luonnon puolesta. Pyrimme omalta osaltamme huolehtimaan, ett\u00e4 my\u00f6s jatkossa j\u00e4rvilohi, mets\u00e4peura, saamelaismets\u00e4t ja suoluonto elpyv\u00e4t ja voivat hyvin. Palkinto on suurin mahdollinen tunnustus Lumimuutoksen 23 vuotta jatkuneelle ty\u00f6lle, joka yhdist\u00e4\u00e4 perinnetietoa ja tiedett\u00e4. Olemme siit\u00e4 hyvin kiitollisia.\u201d\u00a0<\/p>\n<h3>Mik\u00e4 Lumimuutos?<\/h3>\n<p>Osuuskunta Lumimuutoksen tarkoituksena on harjoittaa luontaiselinkeinoihin, paikalliskulttuureihin ja kansanperinteeseen liittyvien tietojen, taitojen ja palveluiden tuottamista, v\u00e4litt\u00e4mist\u00e4 ja tarjoamista kest\u00e4v\u00e4n kehityksen periaatteiden mukaisesti. Toiminnassaan se edist\u00e4\u00e4 mets\u00e4suomalaista perinnett\u00e4, kulttuuria ja ajattelua. Sen kotipaikka on Pohjois-Karjalassa, Kontiolahdella.\u00a0<\/p>\n<p>T\u00e4ll\u00e4 hetkell\u00e4 Lumimuutoksen ulkomailla tapahtuva yhteisty\u00f6 tapahtuu p\u00e4\u00e4asiassa Saamenmaan (Suomi, Ven\u00e4j\u00e4, Ruotsi ja Norja), Sahan tasavallan (Ven\u00e4j\u00e4), Alaskan (USA) sek\u00e4 Brittil\u00e4isen Kolumbian, Luoteis-territorioiden ja Nunavutin (Kanada) sek\u00e4 Gr\u00f6nlannin kanssa. N\u00e4iden alueiden lis\u00e4ksi yhteisty\u00f6kumppaneita l\u00f6ytyy kaikista arktisista maista ja muun muassa Uudesta-Seelannista ja Australiasta.<\/p>\n<p>Yhteens\u00e4 Lumimuutos ty\u00f6llist\u00e4\u00e4 n. 13-30 henke\u00e4, vuodenajasta ja tarpeesta riippuen. T\u00e4m\u00e4n lis\u00e4ksi osuuskunnalla on ymp\u00e4ri maailmaa alueelliset koordinaattorit eri luontaistalouskyliss\u00e4 (Alaska, Kanada, Gr\u00f6nlanti, Islanti, Saamelaisalue, Siperia, Australia, Uusi-Seelanti).<\/p>\n<p>Lumimuutos (Snowchange) syntyi syksyll\u00e4 2000 edist\u00e4m\u00e4\u00e4n Tampereen ammattikorkeakoulun ymp\u00e4rist\u00f6insin\u00f6\u00f6rikoulutuksen yhteisty\u00f6t\u00e4 pohjoisten alkuper\u00e4iskansojen kanssa ja ker\u00e4\u00e4m\u00e4\u00e4n havaintoja pohjoisilla alueilla tapahtuvista ymp\u00e4rist\u00f6muutoksista.\u00a0Yhteisty\u00f6\u00a0Arktisen neuvoston\u00a0Arctic Climate Impact Assessment (ACIA) -hankkeen kanssa alkoi vuonna 2001. T\u00e4m\u00e4 mahdollisti mm. yhteisty\u00f6n Suomen ja Ven\u00e4j\u00e4n alkuper\u00e4iskansojen, kuten saamelaisten keskuudessa.\u00a0Marraskuussa 2002 WWF:n Suomen rahasto palkitsi Snowchangen parhaana kansallisena ymp\u00e4rist\u00f6hankkeena.<\/p>\n<p>Nykyisen muotonsa toiminta sai syksyll\u00e4 2005\u00a0kun p\u00e4\u00e4ttyneen Snowchange-hankkeen j\u00e4lkeen perustettiin Osuuskunta Lumimuutos. Osuuskunnan englanninkieliseksi\u00a0nimeksi vahvistettiin\u00a0Snowchange Cooperative.<\/p>\n<p>Tero Mustosen perustaman Lumimuutoksen toiminnassa korostuu yhteis\u00f6llisyys. Osuuskunnan tavoitteena on l\u00f6yt\u00e4\u00e4 yhteinen hy\u00f6ty: Maanomistajien ja luonnon, yhdess\u00e4 tekem\u00e4ll\u00e4.<\/p>\n<h3>\u00a0<\/h3>\n","protected":false},"excerpt":{"rendered":"","protected":false},"author":5,"featured_media":895518,"comment_status":"closed","ping_status":"closed","sticky":false,"template":"","format":"standard","meta":{"inline_featured_image":false,"_monsterinsights_skip_tracking":false,"_monsterinsights_sitenote_active":false,"_monsterinsights_sitenote_note":"","_monsterinsights_sitenote_category":0,"site-sidebar-layout":"default","site-content-layout":"","ast-site-content-layout":"default","site-content-style":"default","site-sidebar-style":"default","ast-global-header-display":"","ast-banner-title-visibility":"","ast-main-header-display":"","ast-hfb-above-header-display":"","ast-hfb-below-header-display":"","ast-hfb-mobile-header-display":"","site-post-title":"","ast-breadcrumbs-content":"","ast-featured-img":"","footer-sml-layout":"","ast-disable-related-posts":"","theme-transparent-header-meta":"","adv-header-id-meta":"","stick-header-meta":"","header-above-stick-meta":"","header-main-stick-meta":"","header-below-stick-meta":"","astra-migrate-meta-layouts":"default","ast-page-background-enabled":"default","ast-page-background-meta":{"desktop":{"background-color":"","background-image":"","background-repeat":"repeat","background-position":"center center","background-size":"auto","background-attachment":"scroll","background-type":"","background-media":"","overlay-type":"","overlay-color":"","overlay-opacity":"","overlay-gradient":""},"tablet":{"background-color":"","background-image":"","background-repeat":"repeat","background-position":"center center","background-size":"auto","background-attachment":"scroll","background-type":"","background-media":"","overlay-type":"","overlay-color":"","overlay-opacity":"","overlay-gradient":""},"mobile":{"background-color":"","background-image":"","background-repeat":"repeat","background-position":"center center","background-size":"auto","background-attachment":"scroll","background-type":"","background-media":"","overlay-type":"","overlay-color":"","overlay-opacity":"","overlay-gradient":""}},"ast-content-background-meta":{"desktop":{"background-color":"var(--ast-global-color-5)","background-image":"","background-repeat":"repeat","background-position":"center center","background-size":"auto","background-attachment":"scroll","background-type":"","background-media":"","overlay-type":"","overlay-color":"","overlay-opacity":"","overlay-gradient":""},"tablet":{"background-color":"var(--ast-global-color-5)","background-image":"","background-repeat":"repeat","background-position":"center center","background-size":"auto","background-attachment":"scroll","background-type":"","background-media":"","overlay-type":"","overlay-color":"","overlay-opacity":"","overlay-gradient":""},"mobile":{"background-color":"var(--ast-global-color-5)","background-image":"","background-repeat":"repeat","background-position":"center center","background-size":"auto","background-attachment":"scroll","background-type":"","background-media":"","overlay-type":"","overlay-color":"","overlay-opacity":"","overlay-gradient":""}},"_FSMCFIC_featured_image_caption":"","_FSMCFIC_featured_image_nocaption":"","_FSMCFIC_featured_image_hide":"","footnotes":""},"categories":[22,224],"tags":[],"class_list":["post-895517","post","type-post","status-publish","format-standard","has-post-thumbnail","hentry","category-uutiset","category-vastuullisuus"],"yoast_head":"<!-- This site is optimized with the Yoast SEO plugin v27.5 - https:\/\/yoast.com\/product\/yoast-seo-wordpress\/ -->\n<title>Lumimuutos Osuuskunnan perustaja Tero Mustoselle Goldman-palkinto, ymp\u00e4rist\u00f6alan \u201dNobel\u201d - Pellervo<\/title>\n<meta name=\"robots\" content=\"index, follow, max-snippet:-1, max-image-preview:large, max-video-preview:-1\" \/>\n<link rel=\"canonical\" href=\"https:\/\/pellervo.fi\/uutiset\/2023\/04\/24\/lumimuutos-osuuskunnan-perustaja-tero-mustoselle-goldman-palkinto-ymparistoalan-nobel\/\" \/>\n<meta property=\"og:locale\" content=\"en_US\" \/>\n<meta property=\"og:type\" content=\"article\" \/>\n<meta property=\"og:title\" content=\"Lumimuutos Osuuskunnan perustaja Tero Mustoselle Goldman-palkinto, ymp\u00e4rist\u00f6alan \u201dNobel\u201d - Pellervo\" \/>\n<meta property=\"og:url\" content=\"https:\/\/pellervo.fi\/uutiset\/2023\/04\/24\/lumimuutos-osuuskunnan-perustaja-tero-mustoselle-goldman-palkinto-ymparistoalan-nobel\/\" \/>\n<meta property=\"og:site_name\" content=\"Pellervo\" \/>\n<meta property=\"article:published_time\" content=\"2023-04-24T13:11:53+00:00\" \/>\n<meta property=\"article:modified_time\" content=\"2023-04-24T13:12:41+00:00\" \/>\n<meta property=\"og:image\" content=\"https:\/\/pellervo.fi\/wp-content\/uploads\/2023\/04\/Lumimuutos-Tero-Mustonen.jpg\" \/>\n\t<meta property=\"og:image:width\" content=\"1024\" \/>\n\t<meta property=\"og:image:height\" content=\"686\" \/>\n\t<meta property=\"og:image:type\" content=\"image\/jpeg\" \/>\n<meta name=\"author\" content=\"pellervo\" \/>\n<meta name=\"twitter:card\" content=\"summary_large_image\" \/>\n<meta name=\"twitter:creator\" content=\"@PellervoFi\" \/>\n<meta name=\"twitter:site\" content=\"@PellervoFi\" \/>\n<meta name=\"twitter:label1\" content=\"Written by\" \/>\n\t<meta name=\"twitter:data1\" content=\"pellervo\" \/>\n\t<meta name=\"twitter:label2\" content=\"Est. reading time\" \/>\n\t<meta name=\"twitter:data2\" content=\"3 minutes\" \/>\n<script type=\"application\/ld+json\" class=\"yoast-schema-graph\">{\"@context\":\"https:\\\/\\\/schema.org\",\"@graph\":[{\"@type\":\"Article\",\"@id\":\"https:\\\/\\\/pellervo.fi\\\/uutiset\\\/2023\\\/04\\\/24\\\/lumimuutos-osuuskunnan-perustaja-tero-mustoselle-goldman-palkinto-ymparistoalan-nobel\\\/#article\",\"isPartOf\":{\"@id\":\"https:\\\/\\\/pellervo.fi\\\/uutiset\\\/2023\\\/04\\\/24\\\/lumimuutos-osuuskunnan-perustaja-tero-mustoselle-goldman-palkinto-ymparistoalan-nobel\\\/\"},\"author\":{\"name\":\"pellervo\",\"@id\":\"https:\\\/\\\/pellervo.fi\\\/#\\\/schema\\\/person\\\/4b74d40956937d1367ade81899997e71\"},\"headline\":\"Lumimuutos Osuuskunnan perustaja Tero Mustoselle Goldman-palkinto, ymp\u00e4rist\u00f6alan \u201dNobel\u201d\",\"datePublished\":\"2023-04-24T13:11:53+00:00\",\"dateModified\":\"2023-04-24T13:12:41+00:00\",\"mainEntityOfPage\":{\"@id\":\"https:\\\/\\\/pellervo.fi\\\/uutiset\\\/2023\\\/04\\\/24\\\/lumimuutos-osuuskunnan-perustaja-tero-mustoselle-goldman-palkinto-ymparistoalan-nobel\\\/\"},\"wordCount\":558,\"publisher\":{\"@id\":\"https:\\\/\\\/pellervo.fi\\\/#organization\"},\"image\":{\"@id\":\"https:\\\/\\\/pellervo.fi\\\/uutiset\\\/2023\\\/04\\\/24\\\/lumimuutos-osuuskunnan-perustaja-tero-mustoselle-goldman-palkinto-ymparistoalan-nobel\\\/#primaryimage\"},\"thumbnailUrl\":\"https:\\\/\\\/pellervo.fi\\\/wp-content\\\/uploads\\\/2023\\\/04\\\/Lumimuutos-Tero-Mustonen.jpg\",\"articleSection\":[\"Uutiset\",\"Vastuullisuus\"],\"inLanguage\":\"en-US\"},{\"@type\":\"WebPage\",\"@id\":\"https:\\\/\\\/pellervo.fi\\\/uutiset\\\/2023\\\/04\\\/24\\\/lumimuutos-osuuskunnan-perustaja-tero-mustoselle-goldman-palkinto-ymparistoalan-nobel\\\/\",\"url\":\"https:\\\/\\\/pellervo.fi\\\/uutiset\\\/2023\\\/04\\\/24\\\/lumimuutos-osuuskunnan-perustaja-tero-mustoselle-goldman-palkinto-ymparistoalan-nobel\\\/\",\"name\":\"Lumimuutos Osuuskunnan perustaja Tero Mustoselle Goldman-palkinto, ymp\u00e4rist\u00f6alan \u201dNobel\u201d - Pellervo\",\"isPartOf\":{\"@id\":\"https:\\\/\\\/pellervo.fi\\\/#website\"},\"primaryImageOfPage\":{\"@id\":\"https:\\\/\\\/pellervo.fi\\\/uutiset\\\/2023\\\/04\\\/24\\\/lumimuutos-osuuskunnan-perustaja-tero-mustoselle-goldman-palkinto-ymparistoalan-nobel\\\/#primaryimage\"},\"image\":{\"@id\":\"https:\\\/\\\/pellervo.fi\\\/uutiset\\\/2023\\\/04\\\/24\\\/lumimuutos-osuuskunnan-perustaja-tero-mustoselle-goldman-palkinto-ymparistoalan-nobel\\\/#primaryimage\"},\"thumbnailUrl\":\"https:\\\/\\\/pellervo.fi\\\/wp-content\\\/uploads\\\/2023\\\/04\\\/Lumimuutos-Tero-Mustonen.jpg\",\"datePublished\":\"2023-04-24T13:11:53+00:00\",\"dateModified\":\"2023-04-24T13:12:41+00:00\",\"breadcrumb\":{\"@id\":\"https:\\\/\\\/pellervo.fi\\\/uutiset\\\/2023\\\/04\\\/24\\\/lumimuutos-osuuskunnan-perustaja-tero-mustoselle-goldman-palkinto-ymparistoalan-nobel\\\/#breadcrumb\"},\"inLanguage\":\"en-US\",\"potentialAction\":[{\"@type\":\"ReadAction\",\"target\":[\"https:\\\/\\\/pellervo.fi\\\/uutiset\\\/2023\\\/04\\\/24\\\/lumimuutos-osuuskunnan-perustaja-tero-mustoselle-goldman-palkinto-ymparistoalan-nobel\\\/\"]}]},{\"@type\":\"ImageObject\",\"inLanguage\":\"en-US\",\"@id\":\"https:\\\/\\\/pellervo.fi\\\/uutiset\\\/2023\\\/04\\\/24\\\/lumimuutos-osuuskunnan-perustaja-tero-mustoselle-goldman-palkinto-ymparistoalan-nobel\\\/#primaryimage\",\"url\":\"https:\\\/\\\/pellervo.fi\\\/wp-content\\\/uploads\\\/2023\\\/04\\\/Lumimuutos-Tero-Mustonen.jpg\",\"contentUrl\":\"https:\\\/\\\/pellervo.fi\\\/wp-content\\\/uploads\\\/2023\\\/04\\\/Lumimuutos-Tero-Mustonen.jpg\",\"width\":1024,\"height\":686,\"caption\":\"Tero Mustonen is the driving force behind Snowchange Cooperative and also a professional fisherman.\"},{\"@type\":\"BreadcrumbList\",\"@id\":\"https:\\\/\\\/pellervo.fi\\\/uutiset\\\/2023\\\/04\\\/24\\\/lumimuutos-osuuskunnan-perustaja-tero-mustoselle-goldman-palkinto-ymparistoalan-nobel\\\/#breadcrumb\",\"itemListElement\":[{\"@type\":\"ListItem\",\"position\":1,\"name\":\"Koti\",\"item\":\"https:\\\/\\\/pellervo.fi\\\/en\\\/\"},{\"@type\":\"ListItem\",\"position\":2,\"name\":\"Lumimuutos Osuuskunnan perustaja Tero Mustoselle Goldman-palkinto, ymp\u00e4rist\u00f6alan \u201dNobel\u201d\"}]},{\"@type\":\"WebSite\",\"@id\":\"https:\\\/\\\/pellervo.fi\\\/#website\",\"url\":\"https:\\\/\\\/pellervo.fi\\\/\",\"name\":\"Pellervo\",\"description\":\"Osuuskuntien keskusj\u00e4rjest\u00f6\",\"publisher\":{\"@id\":\"https:\\\/\\\/pellervo.fi\\\/#organization\"},\"potentialAction\":[{\"@type\":\"SearchAction\",\"target\":{\"@type\":\"EntryPoint\",\"urlTemplate\":\"https:\\\/\\\/pellervo.fi\\\/?s={search_term_string}\"},\"query-input\":{\"@type\":\"PropertyValueSpecification\",\"valueRequired\":true,\"valueName\":\"search_term_string\"}}],\"inLanguage\":\"en-US\"},{\"@type\":\"Organization\",\"@id\":\"https:\\\/\\\/pellervo.fi\\\/#organization\",\"name\":\"Osuustoimintakeskus Pellervo ry\",\"url\":\"https:\\\/\\\/pellervo.fi\\\/\",\"logo\":{\"@type\":\"ImageObject\",\"inLanguage\":\"en-US\",\"@id\":\"https:\\\/\\\/pellervo.fi\\\/#\\\/schema\\\/logo\\\/image\\\/\",\"url\":\"https:\\\/\\\/pellervo.fi\\\/wp-content\\\/uploads\\\/2020\\\/05\\\/Pellervo_logo.png\",\"contentUrl\":\"https:\\\/\\\/pellervo.fi\\\/wp-content\\\/uploads\\\/2020\\\/05\\\/Pellervo_logo.png\",\"width\":1335,\"height\":376,\"caption\":\"Osuustoimintakeskus Pellervo ry\"},\"image\":{\"@id\":\"https:\\\/\\\/pellervo.fi\\\/#\\\/schema\\\/logo\\\/image\\\/\"},\"sameAs\":[\"https:\\\/\\\/x.com\\\/PellervoFi\"]},{\"@type\":\"Person\",\"@id\":\"https:\\\/\\\/pellervo.fi\\\/#\\\/schema\\\/person\\\/4b74d40956937d1367ade81899997e71\",\"name\":\"pellervo\",\"image\":{\"@type\":\"ImageObject\",\"inLanguage\":\"en-US\",\"@id\":\"https:\\\/\\\/pellervo.fi\\\/wp-content\\\/uploads\\\/2013\\\/11\\\/pellervo_avatar_1384522134-96x96.jpg\",\"url\":\"https:\\\/\\\/pellervo.fi\\\/wp-content\\\/uploads\\\/2013\\\/11\\\/pellervo_avatar_1384522134-96x96.jpg\",\"contentUrl\":\"https:\\\/\\\/pellervo.fi\\\/wp-content\\\/uploads\\\/2013\\\/11\\\/pellervo_avatar_1384522134-96x96.jpg\",\"caption\":\"pellervo\"},\"description\":\"Kuvaus\",\"url\":\"https:\\\/\\\/pellervo.fi\\\/en\\\/author\\\/pellervo\\\/\"}]}<\/script>\n<!-- \/ Yoast SEO plugin. -->","yoast_head_json":{"title":"Lumimuutos Osuuskunnan perustaja Tero Mustoselle Goldman-palkinto, ymp\u00e4rist\u00f6alan \u201dNobel\u201d - Pellervo","robots":{"index":"index","follow":"follow","max-snippet":"max-snippet:-1","max-image-preview":"max-image-preview:large","max-video-preview":"max-video-preview:-1"},"canonical":"https:\/\/pellervo.fi\/uutiset\/2023\/04\/24\/lumimuutos-osuuskunnan-perustaja-tero-mustoselle-goldman-palkinto-ymparistoalan-nobel\/","og_locale":"en_US","og_type":"article","og_title":"Lumimuutos Osuuskunnan perustaja Tero Mustoselle Goldman-palkinto, ymp\u00e4rist\u00f6alan \u201dNobel\u201d - Pellervo","og_url":"https:\/\/pellervo.fi\/uutiset\/2023\/04\/24\/lumimuutos-osuuskunnan-perustaja-tero-mustoselle-goldman-palkinto-ymparistoalan-nobel\/","og_site_name":"Pellervo","article_published_time":"2023-04-24T13:11:53+00:00","article_modified_time":"2023-04-24T13:12:41+00:00","og_image":[{"width":1024,"height":686,"url":"https:\/\/pellervo.fi\/wp-content\/uploads\/2023\/04\/Lumimuutos-Tero-Mustonen.jpg","type":"image\/jpeg"}],"author":"pellervo","twitter_card":"summary_large_image","twitter_creator":"@PellervoFi","twitter_site":"@PellervoFi","twitter_misc":{"Written by":"pellervo","Est. reading time":"3 minutes"},"schema":{"@context":"https:\/\/schema.org","@graph":[{"@type":"Article","@id":"https:\/\/pellervo.fi\/uutiset\/2023\/04\/24\/lumimuutos-osuuskunnan-perustaja-tero-mustoselle-goldman-palkinto-ymparistoalan-nobel\/#article","isPartOf":{"@id":"https:\/\/pellervo.fi\/uutiset\/2023\/04\/24\/lumimuutos-osuuskunnan-perustaja-tero-mustoselle-goldman-palkinto-ymparistoalan-nobel\/"},"author":{"name":"pellervo","@id":"https:\/\/pellervo.fi\/#\/schema\/person\/4b74d40956937d1367ade81899997e71"},"headline":"Lumimuutos Osuuskunnan perustaja Tero Mustoselle Goldman-palkinto, ymp\u00e4rist\u00f6alan \u201dNobel\u201d","datePublished":"2023-04-24T13:11:53+00:00","dateModified":"2023-04-24T13:12:41+00:00","mainEntityOfPage":{"@id":"https:\/\/pellervo.fi\/uutiset\/2023\/04\/24\/lumimuutos-osuuskunnan-perustaja-tero-mustoselle-goldman-palkinto-ymparistoalan-nobel\/"},"wordCount":558,"publisher":{"@id":"https:\/\/pellervo.fi\/#organization"},"image":{"@id":"https:\/\/pellervo.fi\/uutiset\/2023\/04\/24\/lumimuutos-osuuskunnan-perustaja-tero-mustoselle-goldman-palkinto-ymparistoalan-nobel\/#primaryimage"},"thumbnailUrl":"https:\/\/pellervo.fi\/wp-content\/uploads\/2023\/04\/Lumimuutos-Tero-Mustonen.jpg","articleSection":["Uutiset","Vastuullisuus"],"inLanguage":"en-US"},{"@type":"WebPage","@id":"https:\/\/pellervo.fi\/uutiset\/2023\/04\/24\/lumimuutos-osuuskunnan-perustaja-tero-mustoselle-goldman-palkinto-ymparistoalan-nobel\/","url":"https:\/\/pellervo.fi\/uutiset\/2023\/04\/24\/lumimuutos-osuuskunnan-perustaja-tero-mustoselle-goldman-palkinto-ymparistoalan-nobel\/","name":"Lumimuutos Osuuskunnan perustaja Tero Mustoselle Goldman-palkinto, ymp\u00e4rist\u00f6alan \u201dNobel\u201d - Pellervo","isPartOf":{"@id":"https:\/\/pellervo.fi\/#website"},"primaryImageOfPage":{"@id":"https:\/\/pellervo.fi\/uutiset\/2023\/04\/24\/lumimuutos-osuuskunnan-perustaja-tero-mustoselle-goldman-palkinto-ymparistoalan-nobel\/#primaryimage"},"image":{"@id":"https:\/\/pellervo.fi\/uutiset\/2023\/04\/24\/lumimuutos-osuuskunnan-perustaja-tero-mustoselle-goldman-palkinto-ymparistoalan-nobel\/#primaryimage"},"thumbnailUrl":"https:\/\/pellervo.fi\/wp-content\/uploads\/2023\/04\/Lumimuutos-Tero-Mustonen.jpg","datePublished":"2023-04-24T13:11:53+00:00","dateModified":"2023-04-24T13:12:41+00:00","breadcrumb":{"@id":"https:\/\/pellervo.fi\/uutiset\/2023\/04\/24\/lumimuutos-osuuskunnan-perustaja-tero-mustoselle-goldman-palkinto-ymparistoalan-nobel\/#breadcrumb"},"inLanguage":"en-US","potentialAction":[{"@type":"ReadAction","target":["https:\/\/pellervo.fi\/uutiset\/2023\/04\/24\/lumimuutos-osuuskunnan-perustaja-tero-mustoselle-goldman-palkinto-ymparistoalan-nobel\/"]}]},{"@type":"ImageObject","inLanguage":"en-US","@id":"https:\/\/pellervo.fi\/uutiset\/2023\/04\/24\/lumimuutos-osuuskunnan-perustaja-tero-mustoselle-goldman-palkinto-ymparistoalan-nobel\/#primaryimage","url":"https:\/\/pellervo.fi\/wp-content\/uploads\/2023\/04\/Lumimuutos-Tero-Mustonen.jpg","contentUrl":"https:\/\/pellervo.fi\/wp-content\/uploads\/2023\/04\/Lumimuutos-Tero-Mustonen.jpg","width":1024,"height":686,"caption":"Tero Mustonen is the driving force behind Snowchange Cooperative and also a professional fisherman."},{"@type":"BreadcrumbList","@id":"https:\/\/pellervo.fi\/uutiset\/2023\/04\/24\/lumimuutos-osuuskunnan-perustaja-tero-mustoselle-goldman-palkinto-ymparistoalan-nobel\/#breadcrumb","itemListElement":[{"@type":"ListItem","position":1,"name":"Koti","item":"https:\/\/pellervo.fi\/en\/"},{"@type":"ListItem","position":2,"name":"Lumimuutos Osuuskunnan perustaja Tero Mustoselle Goldman-palkinto, ymp\u00e4rist\u00f6alan \u201dNobel\u201d"}]},{"@type":"WebSite","@id":"https:\/\/pellervo.fi\/#website","url":"https:\/\/pellervo.fi\/","name":"Pellervo","description":"Osuuskuntien keskusj\u00e4rjest\u00f6","publisher":{"@id":"https:\/\/pellervo.fi\/#organization"},"potentialAction":[{"@type":"SearchAction","target":{"@type":"EntryPoint","urlTemplate":"https:\/\/pellervo.fi\/?s={search_term_string}"},"query-input":{"@type":"PropertyValueSpecification","valueRequired":true,"valueName":"search_term_string"}}],"inLanguage":"en-US"},{"@type":"Organization","@id":"https:\/\/pellervo.fi\/#organization","name":"Osuustoimintakeskus Pellervo ry","url":"https:\/\/pellervo.fi\/","logo":{"@type":"ImageObject","inLanguage":"en-US","@id":"https:\/\/pellervo.fi\/#\/schema\/logo\/image\/","url":"https:\/\/pellervo.fi\/wp-content\/uploads\/2020\/05\/Pellervo_logo.png","contentUrl":"https:\/\/pellervo.fi\/wp-content\/uploads\/2020\/05\/Pellervo_logo.png","width":1335,"height":376,"caption":"Osuustoimintakeskus Pellervo ry"},"image":{"@id":"https:\/\/pellervo.fi\/#\/schema\/logo\/image\/"},"sameAs":["https:\/\/x.com\/PellervoFi"]},{"@type":"Person","@id":"https:\/\/pellervo.fi\/#\/schema\/person\/4b74d40956937d1367ade81899997e71","name":"pellervo","image":{"@type":"ImageObject","inLanguage":"en-US","@id":"https:\/\/pellervo.fi\/wp-content\/uploads\/2013\/11\/pellervo_avatar_1384522134-96x96.jpg","url":"https:\/\/pellervo.fi\/wp-content\/uploads\/2013\/11\/pellervo_avatar_1384522134-96x96.jpg","contentUrl":"https:\/\/pellervo.fi\/wp-content\/uploads\/2013\/11\/pellervo_avatar_1384522134-96x96.jpg","caption":"pellervo"},"description":"Kuvaus","url":"https:\/\/pellervo.fi\/en\/author\/pellervo\/"}]}},"_links":{"self":[{"href":"https:\/\/pellervo.fi\/en\/wp-json\/wp\/v2\/posts\/895517","targetHints":{"allow":["GET"]}}],"collection":[{"href":"https:\/\/pellervo.fi\/en\/wp-json\/wp\/v2\/posts"}],"about":[{"href":"https:\/\/pellervo.fi\/en\/wp-json\/wp\/v2\/types\/post"}],"author":[{"embeddable":true,"href":"https:\/\/pellervo.fi\/en\/wp-json\/wp\/v2\/users\/5"}],"replies":[{"embeddable":true,"href":"https:\/\/pellervo.fi\/en\/wp-json\/wp\/v2\/comments?post=895517"}],"version-history":[{"count":2,"href":"https:\/\/pellervo.fi\/en\/wp-json\/wp\/v2\/posts\/895517\/revisions"}],"predecessor-version":[{"id":895522,"href":"https:\/\/pellervo.fi\/en\/wp-json\/wp\/v2\/posts\/895517\/revisions\/895522"}],"wp:featuredmedia":[{"embeddable":true,"href":"https:\/\/pellervo.fi\/en\/wp-json\/wp\/v2\/media\/895518"}],"wp:attachment":[{"href":"https:\/\/pellervo.fi\/en\/wp-json\/wp\/v2\/media?parent=895517"}],"wp:term":[{"taxonomy":"category","embeddable":true,"href":"https:\/\/pellervo.fi\/en\/wp-json\/wp\/v2\/categories?post=895517"},{"taxonomy":"post_tag","embeddable":true,"href":"https:\/\/pellervo.fi\/en\/wp-json\/wp\/v2\/tags?post=895517"}],"curies":[{"name":"wp","href":"https:\/\/api.w.org\/{rel}","templated":true}]}}