{"id":895663,"date":"2023-05-10T12:46:25","date_gmt":"2023-05-10T09:46:25","guid":{"rendered":"https:\/\/pellervo.fi\/?p=895663"},"modified":"2023-05-10T12:48:00","modified_gmt":"2023-05-10T09:48:00","slug":"osku-podkussa-podcastsarjan-toinen-tuotantokausi-julkaistu","status":"publish","type":"post","link":"https:\/\/pellervo.fi\/en\/uutiset\/2023\/05\/10\/osku-podkussa-podcastsarjan-toinen-tuotantokausi-julkaistu\/","title":{"rendered":"Osku podkussa -podcastsarjan toinen tuotantokausi julkaistu"},"content":{"rendered":"\n<p><strong>Osku podkussa on KSL-opintokeskuksen vuonna 2021 aloittama podcastsarja, jossa keskustellaan osuustoiminnasta. Keskustelut juontaa KSL-opintokeskuksen koulutustuottaja Jukka Peltokoski. Vieraina jaksoissa on vaihtuvia asiantuntijoita ja osuuskunta-aktiiveja.<\/strong><\/p>\n<p>Podcastin toisella tuotantokaudella keskustellaan<span class=\"TextRun SCXW246799662 BCX8\" lang=\"FI-FI\" xml:lang=\"FI-FI\" data-contrast=\"auto\"> <span class=\"NormalTextRun SCXW246799662 BCX8\">suomalaisista pien<\/span><span class=\"NormalTextRun SCXW246799662 BCX8\">osuuskun<\/span><span class=\"NormalTextRun SCXW246799662 BCX8\">nista<\/span> <span class=\"NormalTextRun SCXW246799662 BCX8\">reilu<\/span><span class=\"NormalTextRun SCXW246799662 BCX8\">n<\/span> <span class=\"NormalTextRun SCXW246799662 BCX8\">ja kest\u00e4v\u00e4n <\/span><span class=\"NormalTextRun SCXW246799662 BCX8\">talou<\/span><span class=\"NormalTextRun SCXW246799662 BCX8\">den<\/span> <span class=\"NormalTextRun SCXW246799662 BCX8\">rakentajina<\/span><span class=\"NormalTextRun SCXW246799662 BCX8\">. <\/span><span class=\"NormalTextRun SCXW246799662 BCX8\">Ohjelmassa nostetaan<\/span><span class=\"NormalTextRun SCXW246799662 BCX8\"> esiin<\/span> <span class=\"NormalTextRun SCXW246799662 BCX8\">kiinnostavia<\/span> <span class=\"NormalTextRun SCXW246799662 BCX8\">osuuskunt<\/span><span class=\"NormalTextRun SCXW246799662 BCX8\">ia<\/span> <span class=\"NormalTextRun SCXW246799662 BCX8\">ja <\/span><span class=\"NormalTextRun SCXW246799662 BCX8\">niiden <\/span><span class=\"NormalTextRun SCXW246799662 BCX8\">t<\/span><span class=\"NormalTextRun SCXW246799662 BCX8\">oimijoita<\/span> <span class=\"NormalTextRun SCXW246799662 BCX8\">uuden <\/span><span class=\"NormalTextRun SCXW246799662 BCX8\">osuuskuntaliikkeen aallon harjalta<\/span><span class=\"NormalTextRun SCXW246799662 BCX8\">.<\/span><\/span><span class=\"EOP SCXW246799662 BCX8\" data-ccp-props=\"{&quot;201341983&quot;:0,&quot;335559739&quot;:160,&quot;335559740&quot;:259}\">\u00a0<\/span><\/p>\n<p>Podcastin ensimm\u00e4isell\u00e4 tuotantokaudella tutustuttiin erityyppisiin osuuskuntiin ty\u00f6osuuskunnista ja yritt\u00e4jien osuuskunnista aina asumis- ja alustaosuuskuntiin sek\u00e4 sosiaalisiin osuuskuntiin. Keskustelujen polttopisteess\u00e4 on kysymys osuuskuntien yhteiskunnallisesta roolista t\u00e4ss\u00e4 ajassa.<\/p>\n<p><span class=\"EOP SCXW246799662 BCX8\" data-ccp-props=\"{&quot;201341983&quot;:0,&quot;335559739&quot;:160,&quot;335559740&quot;:259}\"><a href=\"https:\/\/www.ksl.fi\/osku-podkussa-podcast\/\" target=\"_blank\" rel=\"noopener\"><span style=\"text-decoration: underline;\">Lue lis\u00e4\u00e4 ja kuuntele.<\/span><\/a><br \/><\/span><\/p>\n<p>\u00a0<\/p>\n","protected":false},"excerpt":{"rendered":"<p>Osku podkussa on KSL-opintokeskuksen vuonna 2021 aloittama podcastsarja, jossa keskustellaan osuustoiminnasta.\u00a0Keskustelut juontaa KSL-opintokeskuksen\u00a0koulutustuottaja Jukka Peltokoski. Vieraina jaksoissa on vaihtuvia asiantuntijoita ja osuuskunta-aktiiveja. Toisella tuotantokaudella keskustellaan pienosuuskunnista reilun ja kest\u00e4v\u00e4n talouden rakentajina.<\/p>\n","protected":false},"author":6,"featured_media":895664,"comment_status":"closed","ping_status":"closed","sticky":false,"template":"","format":"standard","meta":{"inline_featured_image":false,"_monsterinsights_skip_tracking":false,"_monsterinsights_sitenote_active":false,"_monsterinsights_sitenote_note":"","_monsterinsights_sitenote_category":0,"site-sidebar-layout":"default","site-content-layout":"","ast-site-content-layout":"default","site-content-style":"default","site-sidebar-style":"default","ast-global-header-display":"","ast-banner-title-visibility":"","ast-main-header-display":"","ast-hfb-above-header-display":"","ast-hfb-below-header-display":"","ast-hfb-mobile-header-display":"","site-post-title":"","ast-breadcrumbs-content":"","ast-featured-img":"","footer-sml-layout":"","ast-disable-related-posts":"","theme-transparent-header-meta":"","adv-header-id-meta":"","stick-header-meta":"","header-above-stick-meta":"","header-main-stick-meta":"","header-below-stick-meta":"","astra-migrate-meta-layouts":"default","ast-page-background-enabled":"default","ast-page-background-meta":{"desktop":{"background-color":"","background-image":"","background-repeat":"repeat","background-position":"center center","background-size":"auto","background-attachment":"scroll","background-type":"","background-media":"","overlay-type":"","overlay-color":"","overlay-opacity":"","overlay-gradient":""},"tablet":{"background-color":"","background-image":"","background-repeat":"repeat","background-position":"center center","background-size":"auto","background-attachment":"scroll","background-type":"","background-media":"","overlay-type":"","overlay-color":"","overlay-opacity":"","overlay-gradient":""},"mobile":{"background-color":"","background-image":"","background-repeat":"repeat","background-position":"center center","background-size":"auto","background-attachment":"scroll","background-type":"","background-media":"","overlay-type":"","overlay-color":"","overlay-opacity":"","overlay-gradient":""}},"ast-content-background-meta":{"desktop":{"background-color":"var(--ast-global-color-5)","background-image":"","background-repeat":"repeat","background-position":"center center","background-size":"auto","background-attachment":"scroll","background-type":"","background-media":"","overlay-type":"","overlay-color":"","overlay-opacity":"","overlay-gradient":""},"tablet":{"background-color":"var(--ast-global-color-5)","background-image":"","background-repeat":"repeat","background-position":"center center","background-size":"auto","background-attachment":"scroll","background-type":"","background-media":"","overlay-type":"","overlay-color":"","overlay-opacity":"","overlay-gradient":""},"mobile":{"background-color":"var(--ast-global-color-5)","background-image":"","background-repeat":"repeat","background-position":"center center","background-size":"auto","background-attachment":"scroll","background-type":"","background-media":"","overlay-type":"","overlay-color":"","overlay-opacity":"","overlay-gradient":""}},"_FSMCFIC_featured_image_caption":"","_FSMCFIC_featured_image_nocaption":"","_FSMCFIC_featured_image_hide":"","footnotes":""},"categories":[22,224],"tags":[],"class_list":["post-895663","post","type-post","status-publish","format-standard","has-post-thumbnail","hentry","category-uutiset","category-vastuullisuus"],"yoast_head":"<!-- This site is optimized with the Yoast SEO plugin v27.5 - https:\/\/yoast.com\/product\/yoast-seo-wordpress\/ -->\n<title>Osku podkussa -podcastsarjan toinen tuotantokausi julkaistu - Pellervo<\/title>\n<meta name=\"robots\" content=\"index, follow, max-snippet:-1, max-image-preview:large, max-video-preview:-1\" \/>\n<link rel=\"canonical\" href=\"https:\/\/pellervo.fi\/uutiset\/2023\/05\/10\/osku-podkussa-podcastsarjan-toinen-tuotantokausi-julkaistu\/\" \/>\n<meta property=\"og:locale\" content=\"en_US\" \/>\n<meta property=\"og:type\" content=\"article\" \/>\n<meta property=\"og:title\" content=\"Osku podkussa -podcastsarjan toinen tuotantokausi julkaistu - Pellervo\" \/>\n<meta property=\"og:description\" content=\"Osku podkussa on KSL-opintokeskuksen vuonna 2021 aloittama podcastsarja, jossa keskustellaan osuustoiminnasta.\u00a0Keskustelut juontaa KSL-opintokeskuksen\u00a0koulutustuottaja Jukka Peltokoski. Vieraina jaksoissa on vaihtuvia asiantuntijoita ja osuuskunta-aktiiveja. Toisella tuotantokaudella keskustellaan pienosuuskunnista reilun ja kest\u00e4v\u00e4n talouden rakentajina.\" \/>\n<meta property=\"og:url\" content=\"https:\/\/pellervo.fi\/uutiset\/2023\/05\/10\/osku-podkussa-podcastsarjan-toinen-tuotantokausi-julkaistu\/\" \/>\n<meta property=\"og:site_name\" content=\"Pellervo\" \/>\n<meta property=\"article:published_time\" content=\"2023-05-10T09:46:25+00:00\" \/>\n<meta property=\"article:modified_time\" content=\"2023-05-10T09:48:00+00:00\" \/>\n<meta property=\"og:image\" content=\"https:\/\/pellervo.fi\/wp-content\/uploads\/2023\/05\/podcast-ga1a74ebf3_1280.jpg\" \/>\n\t<meta property=\"og:image:width\" content=\"1280\" \/>\n\t<meta property=\"og:image:height\" content=\"939\" \/>\n\t<meta property=\"og:image:type\" content=\"image\/jpeg\" \/>\n<meta name=\"author\" content=\"Hanna Muukka\" \/>\n<meta name=\"twitter:card\" content=\"summary_large_image\" \/>\n<meta name=\"twitter:creator\" content=\"@PellervoFi\" \/>\n<meta name=\"twitter:site\" content=\"@PellervoFi\" \/>\n<meta name=\"twitter:label1\" content=\"Written by\" \/>\n\t<meta name=\"twitter:data1\" content=\"Hanna Muukka\" \/>\n\t<meta name=\"twitter:label2\" content=\"Est. reading time\" \/>\n\t<meta name=\"twitter:data2\" content=\"1 minute\" \/>\n<script type=\"application\/ld+json\" class=\"yoast-schema-graph\">{\"@context\":\"https:\\\/\\\/schema.org\",\"@graph\":[{\"@type\":\"Article\",\"@id\":\"https:\\\/\\\/pellervo.fi\\\/uutiset\\\/2023\\\/05\\\/10\\\/osku-podkussa-podcastsarjan-toinen-tuotantokausi-julkaistu\\\/#article\",\"isPartOf\":{\"@id\":\"https:\\\/\\\/pellervo.fi\\\/uutiset\\\/2023\\\/05\\\/10\\\/osku-podkussa-podcastsarjan-toinen-tuotantokausi-julkaistu\\\/\"},\"author\":{\"name\":\"Hanna Muukka\",\"@id\":\"https:\\\/\\\/pellervo.fi\\\/#\\\/schema\\\/person\\\/f001b7c670bab10e5236b09672d9e6a3\"},\"headline\":\"Osku podkussa -podcastsarjan toinen tuotantokausi julkaistu\",\"datePublished\":\"2023-05-10T09:46:25+00:00\",\"dateModified\":\"2023-05-10T09:48:00+00:00\",\"mainEntityOfPage\":{\"@id\":\"https:\\\/\\\/pellervo.fi\\\/uutiset\\\/2023\\\/05\\\/10\\\/osku-podkussa-podcastsarjan-toinen-tuotantokausi-julkaistu\\\/\"},\"wordCount\":94,\"publisher\":{\"@id\":\"https:\\\/\\\/pellervo.fi\\\/#organization\"},\"image\":{\"@id\":\"https:\\\/\\\/pellervo.fi\\\/uutiset\\\/2023\\\/05\\\/10\\\/osku-podkussa-podcastsarjan-toinen-tuotantokausi-julkaistu\\\/#primaryimage\"},\"thumbnailUrl\":\"https:\\\/\\\/pellervo.fi\\\/wp-content\\\/uploads\\\/2023\\\/05\\\/podcast-ga1a74ebf3_1280.jpg\",\"articleSection\":[\"Uutiset\",\"Vastuullisuus\"],\"inLanguage\":\"en-US\"},{\"@type\":\"WebPage\",\"@id\":\"https:\\\/\\\/pellervo.fi\\\/uutiset\\\/2023\\\/05\\\/10\\\/osku-podkussa-podcastsarjan-toinen-tuotantokausi-julkaistu\\\/\",\"url\":\"https:\\\/\\\/pellervo.fi\\\/uutiset\\\/2023\\\/05\\\/10\\\/osku-podkussa-podcastsarjan-toinen-tuotantokausi-julkaistu\\\/\",\"name\":\"Osku podkussa -podcastsarjan toinen tuotantokausi julkaistu - Pellervo\",\"isPartOf\":{\"@id\":\"https:\\\/\\\/pellervo.fi\\\/#website\"},\"primaryImageOfPage\":{\"@id\":\"https:\\\/\\\/pellervo.fi\\\/uutiset\\\/2023\\\/05\\\/10\\\/osku-podkussa-podcastsarjan-toinen-tuotantokausi-julkaistu\\\/#primaryimage\"},\"image\":{\"@id\":\"https:\\\/\\\/pellervo.fi\\\/uutiset\\\/2023\\\/05\\\/10\\\/osku-podkussa-podcastsarjan-toinen-tuotantokausi-julkaistu\\\/#primaryimage\"},\"thumbnailUrl\":\"https:\\\/\\\/pellervo.fi\\\/wp-content\\\/uploads\\\/2023\\\/05\\\/podcast-ga1a74ebf3_1280.jpg\",\"datePublished\":\"2023-05-10T09:46:25+00:00\",\"dateModified\":\"2023-05-10T09:48:00+00:00\",\"breadcrumb\":{\"@id\":\"https:\\\/\\\/pellervo.fi\\\/uutiset\\\/2023\\\/05\\\/10\\\/osku-podkussa-podcastsarjan-toinen-tuotantokausi-julkaistu\\\/#breadcrumb\"},\"inLanguage\":\"en-US\",\"potentialAction\":[{\"@type\":\"ReadAction\",\"target\":[\"https:\\\/\\\/pellervo.fi\\\/uutiset\\\/2023\\\/05\\\/10\\\/osku-podkussa-podcastsarjan-toinen-tuotantokausi-julkaistu\\\/\"]}]},{\"@type\":\"ImageObject\",\"inLanguage\":\"en-US\",\"@id\":\"https:\\\/\\\/pellervo.fi\\\/uutiset\\\/2023\\\/05\\\/10\\\/osku-podkussa-podcastsarjan-toinen-tuotantokausi-julkaistu\\\/#primaryimage\",\"url\":\"https:\\\/\\\/pellervo.fi\\\/wp-content\\\/uploads\\\/2023\\\/05\\\/podcast-ga1a74ebf3_1280.jpg\",\"contentUrl\":\"https:\\\/\\\/pellervo.fi\\\/wp-content\\\/uploads\\\/2023\\\/05\\\/podcast-ga1a74ebf3_1280.jpg\",\"width\":1280,\"height\":939,\"caption\":\"Kuvituskuva. Mikrofoni ja taustalla v\u00e4rik\u00e4st\u00e4 \u00e4\u00e4ninauhaa.\"},{\"@type\":\"BreadcrumbList\",\"@id\":\"https:\\\/\\\/pellervo.fi\\\/uutiset\\\/2023\\\/05\\\/10\\\/osku-podkussa-podcastsarjan-toinen-tuotantokausi-julkaistu\\\/#breadcrumb\",\"itemListElement\":[{\"@type\":\"ListItem\",\"position\":1,\"name\":\"Koti\",\"item\":\"https:\\\/\\\/pellervo.fi\\\/en\\\/\"},{\"@type\":\"ListItem\",\"position\":2,\"name\":\"Osku podkussa -podcastsarjan toinen tuotantokausi julkaistu\"}]},{\"@type\":\"WebSite\",\"@id\":\"https:\\\/\\\/pellervo.fi\\\/#website\",\"url\":\"https:\\\/\\\/pellervo.fi\\\/\",\"name\":\"Pellervo\",\"description\":\"Osuuskuntien keskusj\u00e4rjest\u00f6\",\"publisher\":{\"@id\":\"https:\\\/\\\/pellervo.fi\\\/#organization\"},\"potentialAction\":[{\"@type\":\"SearchAction\",\"target\":{\"@type\":\"EntryPoint\",\"urlTemplate\":\"https:\\\/\\\/pellervo.fi\\\/?s={search_term_string}\"},\"query-input\":{\"@type\":\"PropertyValueSpecification\",\"valueRequired\":true,\"valueName\":\"search_term_string\"}}],\"inLanguage\":\"en-US\"},{\"@type\":\"Organization\",\"@id\":\"https:\\\/\\\/pellervo.fi\\\/#organization\",\"name\":\"Osuustoimintakeskus Pellervo ry\",\"url\":\"https:\\\/\\\/pellervo.fi\\\/\",\"logo\":{\"@type\":\"ImageObject\",\"inLanguage\":\"en-US\",\"@id\":\"https:\\\/\\\/pellervo.fi\\\/#\\\/schema\\\/logo\\\/image\\\/\",\"url\":\"https:\\\/\\\/pellervo.fi\\\/wp-content\\\/uploads\\\/2020\\\/05\\\/Pellervo_logo.png\",\"contentUrl\":\"https:\\\/\\\/pellervo.fi\\\/wp-content\\\/uploads\\\/2020\\\/05\\\/Pellervo_logo.png\",\"width\":1335,\"height\":376,\"caption\":\"Osuustoimintakeskus Pellervo ry\"},\"image\":{\"@id\":\"https:\\\/\\\/pellervo.fi\\\/#\\\/schema\\\/logo\\\/image\\\/\"},\"sameAs\":[\"https:\\\/\\\/x.com\\\/PellervoFi\"]},{\"@type\":\"Person\",\"@id\":\"https:\\\/\\\/pellervo.fi\\\/#\\\/schema\\\/person\\\/f001b7c670bab10e5236b09672d9e6a3\",\"name\":\"Hanna Muukka\",\"image\":{\"@type\":\"ImageObject\",\"inLanguage\":\"en-US\",\"@id\":\"https:\\\/\\\/pellervo.fi\\\/wp-content\\\/uploads\\\/2014\\\/02\\\/Hanna-Muukka_avatar_1393417732-96x96.jpg\",\"url\":\"https:\\\/\\\/pellervo.fi\\\/wp-content\\\/uploads\\\/2014\\\/02\\\/Hanna-Muukka_avatar_1393417732-96x96.jpg\",\"contentUrl\":\"https:\\\/\\\/pellervo.fi\\\/wp-content\\\/uploads\\\/2014\\\/02\\\/Hanna-Muukka_avatar_1393417732-96x96.jpg\",\"caption\":\"Hanna Muukka\"},\"description\":\"Kirjoittaja ty\u00f6skentelee Osuustoimintakeskus Pellervossa vastuullisuusasiantuntijana.\",\"url\":\"https:\\\/\\\/pellervo.fi\\\/en\\\/author\\\/hannamuu\\\/\"}]}<\/script>\n<!-- \/ Yoast SEO plugin. -->","yoast_head_json":{"title":"Osku podkussa -podcastsarjan toinen tuotantokausi julkaistu - Pellervo","robots":{"index":"index","follow":"follow","max-snippet":"max-snippet:-1","max-image-preview":"max-image-preview:large","max-video-preview":"max-video-preview:-1"},"canonical":"https:\/\/pellervo.fi\/uutiset\/2023\/05\/10\/osku-podkussa-podcastsarjan-toinen-tuotantokausi-julkaistu\/","og_locale":"en_US","og_type":"article","og_title":"Osku podkussa -podcastsarjan toinen tuotantokausi julkaistu - Pellervo","og_description":"Osku podkussa on KSL-opintokeskuksen vuonna 2021 aloittama podcastsarja, jossa keskustellaan osuustoiminnasta.\u00a0Keskustelut juontaa KSL-opintokeskuksen\u00a0koulutustuottaja Jukka Peltokoski. Vieraina jaksoissa on vaihtuvia asiantuntijoita ja osuuskunta-aktiiveja. Toisella tuotantokaudella keskustellaan pienosuuskunnista reilun ja kest\u00e4v\u00e4n talouden rakentajina.","og_url":"https:\/\/pellervo.fi\/uutiset\/2023\/05\/10\/osku-podkussa-podcastsarjan-toinen-tuotantokausi-julkaistu\/","og_site_name":"Pellervo","article_published_time":"2023-05-10T09:46:25+00:00","article_modified_time":"2023-05-10T09:48:00+00:00","og_image":[{"width":1280,"height":939,"url":"https:\/\/pellervo.fi\/wp-content\/uploads\/2023\/05\/podcast-ga1a74ebf3_1280.jpg","type":"image\/jpeg"}],"author":"Hanna Muukka","twitter_card":"summary_large_image","twitter_creator":"@PellervoFi","twitter_site":"@PellervoFi","twitter_misc":{"Written by":"Hanna Muukka","Est. reading time":"1 minute"},"schema":{"@context":"https:\/\/schema.org","@graph":[{"@type":"Article","@id":"https:\/\/pellervo.fi\/uutiset\/2023\/05\/10\/osku-podkussa-podcastsarjan-toinen-tuotantokausi-julkaistu\/#article","isPartOf":{"@id":"https:\/\/pellervo.fi\/uutiset\/2023\/05\/10\/osku-podkussa-podcastsarjan-toinen-tuotantokausi-julkaistu\/"},"author":{"name":"Hanna Muukka","@id":"https:\/\/pellervo.fi\/#\/schema\/person\/f001b7c670bab10e5236b09672d9e6a3"},"headline":"Osku podkussa -podcastsarjan toinen tuotantokausi julkaistu","datePublished":"2023-05-10T09:46:25+00:00","dateModified":"2023-05-10T09:48:00+00:00","mainEntityOfPage":{"@id":"https:\/\/pellervo.fi\/uutiset\/2023\/05\/10\/osku-podkussa-podcastsarjan-toinen-tuotantokausi-julkaistu\/"},"wordCount":94,"publisher":{"@id":"https:\/\/pellervo.fi\/#organization"},"image":{"@id":"https:\/\/pellervo.fi\/uutiset\/2023\/05\/10\/osku-podkussa-podcastsarjan-toinen-tuotantokausi-julkaistu\/#primaryimage"},"thumbnailUrl":"https:\/\/pellervo.fi\/wp-content\/uploads\/2023\/05\/podcast-ga1a74ebf3_1280.jpg","articleSection":["Uutiset","Vastuullisuus"],"inLanguage":"en-US"},{"@type":"WebPage","@id":"https:\/\/pellervo.fi\/uutiset\/2023\/05\/10\/osku-podkussa-podcastsarjan-toinen-tuotantokausi-julkaistu\/","url":"https:\/\/pellervo.fi\/uutiset\/2023\/05\/10\/osku-podkussa-podcastsarjan-toinen-tuotantokausi-julkaistu\/","name":"Osku podkussa -podcastsarjan toinen tuotantokausi julkaistu - Pellervo","isPartOf":{"@id":"https:\/\/pellervo.fi\/#website"},"primaryImageOfPage":{"@id":"https:\/\/pellervo.fi\/uutiset\/2023\/05\/10\/osku-podkussa-podcastsarjan-toinen-tuotantokausi-julkaistu\/#primaryimage"},"image":{"@id":"https:\/\/pellervo.fi\/uutiset\/2023\/05\/10\/osku-podkussa-podcastsarjan-toinen-tuotantokausi-julkaistu\/#primaryimage"},"thumbnailUrl":"https:\/\/pellervo.fi\/wp-content\/uploads\/2023\/05\/podcast-ga1a74ebf3_1280.jpg","datePublished":"2023-05-10T09:46:25+00:00","dateModified":"2023-05-10T09:48:00+00:00","breadcrumb":{"@id":"https:\/\/pellervo.fi\/uutiset\/2023\/05\/10\/osku-podkussa-podcastsarjan-toinen-tuotantokausi-julkaistu\/#breadcrumb"},"inLanguage":"en-US","potentialAction":[{"@type":"ReadAction","target":["https:\/\/pellervo.fi\/uutiset\/2023\/05\/10\/osku-podkussa-podcastsarjan-toinen-tuotantokausi-julkaistu\/"]}]},{"@type":"ImageObject","inLanguage":"en-US","@id":"https:\/\/pellervo.fi\/uutiset\/2023\/05\/10\/osku-podkussa-podcastsarjan-toinen-tuotantokausi-julkaistu\/#primaryimage","url":"https:\/\/pellervo.fi\/wp-content\/uploads\/2023\/05\/podcast-ga1a74ebf3_1280.jpg","contentUrl":"https:\/\/pellervo.fi\/wp-content\/uploads\/2023\/05\/podcast-ga1a74ebf3_1280.jpg","width":1280,"height":939,"caption":"Kuvituskuva. Mikrofoni ja taustalla v\u00e4rik\u00e4st\u00e4 \u00e4\u00e4ninauhaa."},{"@type":"BreadcrumbList","@id":"https:\/\/pellervo.fi\/uutiset\/2023\/05\/10\/osku-podkussa-podcastsarjan-toinen-tuotantokausi-julkaistu\/#breadcrumb","itemListElement":[{"@type":"ListItem","position":1,"name":"Koti","item":"https:\/\/pellervo.fi\/en\/"},{"@type":"ListItem","position":2,"name":"Osku podkussa -podcastsarjan toinen tuotantokausi julkaistu"}]},{"@type":"WebSite","@id":"https:\/\/pellervo.fi\/#website","url":"https:\/\/pellervo.fi\/","name":"Pellervo","description":"Osuuskuntien keskusj\u00e4rjest\u00f6","publisher":{"@id":"https:\/\/pellervo.fi\/#organization"},"potentialAction":[{"@type":"SearchAction","target":{"@type":"EntryPoint","urlTemplate":"https:\/\/pellervo.fi\/?s={search_term_string}"},"query-input":{"@type":"PropertyValueSpecification","valueRequired":true,"valueName":"search_term_string"}}],"inLanguage":"en-US"},{"@type":"Organization","@id":"https:\/\/pellervo.fi\/#organization","name":"Osuustoimintakeskus Pellervo ry","url":"https:\/\/pellervo.fi\/","logo":{"@type":"ImageObject","inLanguage":"en-US","@id":"https:\/\/pellervo.fi\/#\/schema\/logo\/image\/","url":"https:\/\/pellervo.fi\/wp-content\/uploads\/2020\/05\/Pellervo_logo.png","contentUrl":"https:\/\/pellervo.fi\/wp-content\/uploads\/2020\/05\/Pellervo_logo.png","width":1335,"height":376,"caption":"Osuustoimintakeskus Pellervo ry"},"image":{"@id":"https:\/\/pellervo.fi\/#\/schema\/logo\/image\/"},"sameAs":["https:\/\/x.com\/PellervoFi"]},{"@type":"Person","@id":"https:\/\/pellervo.fi\/#\/schema\/person\/f001b7c670bab10e5236b09672d9e6a3","name":"Hanna Muukka","image":{"@type":"ImageObject","inLanguage":"en-US","@id":"https:\/\/pellervo.fi\/wp-content\/uploads\/2014\/02\/Hanna-Muukka_avatar_1393417732-96x96.jpg","url":"https:\/\/pellervo.fi\/wp-content\/uploads\/2014\/02\/Hanna-Muukka_avatar_1393417732-96x96.jpg","contentUrl":"https:\/\/pellervo.fi\/wp-content\/uploads\/2014\/02\/Hanna-Muukka_avatar_1393417732-96x96.jpg","caption":"Hanna Muukka"},"description":"Kirjoittaja ty\u00f6skentelee Osuustoimintakeskus Pellervossa vastuullisuusasiantuntijana.","url":"https:\/\/pellervo.fi\/en\/author\/hannamuu\/"}]}},"_links":{"self":[{"href":"https:\/\/pellervo.fi\/en\/wp-json\/wp\/v2\/posts\/895663","targetHints":{"allow":["GET"]}}],"collection":[{"href":"https:\/\/pellervo.fi\/en\/wp-json\/wp\/v2\/posts"}],"about":[{"href":"https:\/\/pellervo.fi\/en\/wp-json\/wp\/v2\/types\/post"}],"author":[{"embeddable":true,"href":"https:\/\/pellervo.fi\/en\/wp-json\/wp\/v2\/users\/6"}],"replies":[{"embeddable":true,"href":"https:\/\/pellervo.fi\/en\/wp-json\/wp\/v2\/comments?post=895663"}],"version-history":[{"count":3,"href":"https:\/\/pellervo.fi\/en\/wp-json\/wp\/v2\/posts\/895663\/revisions"}],"predecessor-version":[{"id":895669,"href":"https:\/\/pellervo.fi\/en\/wp-json\/wp\/v2\/posts\/895663\/revisions\/895669"}],"wp:featuredmedia":[{"embeddable":true,"href":"https:\/\/pellervo.fi\/en\/wp-json\/wp\/v2\/media\/895664"}],"wp:attachment":[{"href":"https:\/\/pellervo.fi\/en\/wp-json\/wp\/v2\/media?parent=895663"}],"wp:term":[{"taxonomy":"category","embeddable":true,"href":"https:\/\/pellervo.fi\/en\/wp-json\/wp\/v2\/categories?post=895663"},{"taxonomy":"post_tag","embeddable":true,"href":"https:\/\/pellervo.fi\/en\/wp-json\/wp\/v2\/tags?post=895663"}],"curies":[{"name":"wp","href":"https:\/\/api.w.org\/{rel}","templated":true}]}}