{"id":896832,"date":"2023-12-29T11:08:06","date_gmt":"2023-12-29T09:08:06","guid":{"rendered":"https:\/\/pellervo.fi\/?p=896832"},"modified":"2023-12-29T11:11:44","modified_gmt":"2023-12-29T09:11:44","slug":"kestavyysraportointi-pakolliseksi-myos-suurille-osuuskunnille-vuoden-2026-alusta","status":"publish","type":"post","link":"https:\/\/pellervo.fi\/en\/uutiset\/2023\/12\/29\/kestavyysraportointi-pakolliseksi-myos-suurille-osuuskunnille-vuoden-2026-alusta\/","title":{"rendered":"Kest\u00e4vyysraportointi pakolliseksi my\u00f6s suurille osuuskunnille vuoden 2026 alusta"},"content":{"rendered":"\n<p><strong>Eduskunta hyv\u00e4ksyi 28. marraskuuta kirjanpito- ja tilintarkastuslain muutokset, jolla EU:n kest\u00e4vyysraportointia koskevan direktiivin s\u00e4\u00e4nn\u00f6kset saatetaan kansallisesti voimaan. Laki vahvistettiin presidentin esittelyss\u00e4 21.joulukuuta ja se tulee voimaan kuluvan vuoden p\u00e4\u00e4ttyess\u00e4.\u00a0\u00a0<\/strong><\/p>\n<p><span data-contrast=\"auto\">Kest\u00e4vyysraportointia koskevia s\u00e4\u00e4nn\u00f6ksi\u00e4 sovelletaan suurten p\u00f6rssiyhti\u00f6iden ja muiden suurten yleisen edun kannalta merkitt\u00e4vien yhteis\u00f6jen ohella:\u00a0<\/span><span data-ccp-props=\"{&quot;201341983&quot;:0,&quot;335559685&quot;:1304,&quot;335559739&quot;:160,&quot;335559740&quot;:259}\">\u00a0<\/span><\/p>\n<ul style=\"font-weight: 400;\">\n<li data-leveltext=\"\uf0b7\" data-font=\"Symbol\" data-listid=\"1\" data-list-defn-props=\"{&quot;335552541&quot;:1,&quot;335559684&quot;:-2,&quot;335559685&quot;:2024,&quot;335559991&quot;:360,&quot;469769226&quot;:&quot;Symbol&quot;,&quot;469769242&quot;:[8226],&quot;469777803&quot;:&quot;left&quot;,&quot;469777804&quot;:&quot;\uf0b7&quot;,&quot;469777815&quot;:&quot;hybridMultilevel&quot;}\" aria-setsize=\"-1\" data-aria-posinset=\"1\" data-aria-level=\"1\"><span data-contrast=\"auto\">kaikkiin osakeyhti\u00f6ihin ja osuuskuntiin, joilla t\u00e4yttyy v\u00e4hint\u00e4\u00e4n <\/span><b><span data-contrast=\"auto\">kaksi<\/span><\/b><span data-contrast=\"auto\"> seuraavista kolmesta raja-arvosta: liikevaihto v\u00e4hint\u00e4\u00e4n 40 milj \u20ac, tase 20 milj \u20ac ja keskim\u00e4\u00e4rin 250 ty\u00f6ntekij\u00e4\u00e4<\/span><span data-ccp-props=\"{&quot;201341983&quot;:0,&quot;335559739&quot;:160,&quot;335559740&quot;:259}\">\u00a0<\/span><\/li>\n<li data-leveltext=\"\uf0b7\" data-font=\"Symbol\" data-listid=\"1\" data-list-defn-props=\"{&quot;335552541&quot;:1,&quot;335559684&quot;:-2,&quot;335559685&quot;:2024,&quot;335559991&quot;:360,&quot;469769226&quot;:&quot;Symbol&quot;,&quot;469769242&quot;:[8226],&quot;469777803&quot;:&quot;left&quot;,&quot;469777804&quot;:&quot;\uf0b7&quot;,&quot;469777815&quot;:&quot;hybridMultilevel&quot;}\" aria-setsize=\"-1\" data-aria-posinset=\"2\" data-aria-level=\"1\"><span data-contrast=\"auto\">p\u00f6rssilistattuihin pieniin osakeyhti\u00f6ihin ja osuuskuntiin, joilla t\u00e4yttyy yksi seuraavista kolmesta raja-arvosta: liikevaihto v\u00e4hint\u00e4\u00e4n 12 milj\u20ac, tase 6 milj\u20ac tai keskim\u00e4\u00e4rin 50 ty\u00f6ntekij\u00e4\u00e4<\/span><span data-ccp-props=\"{&quot;201341983&quot;:0,&quot;335559739&quot;:160,&quot;335559740&quot;:259}\">\u00a0<\/span><\/li>\n<\/ul>\n<p><span class=\"TextRun SCXW62302512 BCX0\" lang=\"FI-FI\" xml:lang=\"FI-FI\" data-contrast=\"auto\"><span class=\"NormalTextRun SCXW62302512 BCX0\">Ensimm\u00e4isen\u00e4 kest\u00e4vyysraportin tekev\u00e4t suuret p\u00f6rssiyhti\u00f6t vuonna 2025 tilikaudelta 2024. Niiden osuuskuntien, joita raportointivelvollisuus koskee, tulee laatia kest\u00e4vyysraportti ensimm\u00e4isen kerran vuonna 2026 tilikaudelta 2025 laadittavan tilinp\u00e4\u00e4t\u00f6ksen yhteydess\u00e4.<\/span><\/span><span class=\"EOP SCXW62302512 BCX0\" data-ccp-props=\"{&quot;201341983&quot;:0,&quot;335559685&quot;:1664,&quot;335559739&quot;:160,&quot;335559740&quot;:259}\">\u00a0<\/span><\/p>\n<h3><span class=\"TextRun SCXW80715236 BCX0\" lang=\"FI-FI\" xml:lang=\"FI-FI\" data-contrast=\"none\"><span class=\"NormalTextRun SCXW80715236 BCX0\" data-ccp-parastyle=\"heading 2\">Osuuskuntia koskevat erityiss\u00e4\u00e4nn\u00f6kset\u00a0<\/span><\/span><span class=\"EOP SCXW80715236 BCX0\" data-ccp-props=\"{&quot;134245418&quot;:true,&quot;134245529&quot;:true,&quot;201341983&quot;:0,&quot;335559738&quot;:40,&quot;335559739&quot;:0,&quot;335559740&quot;:259}\">\u00a0<\/span><\/h3>\n<p><span class=\"TextRun SCXW60893254 BCX0\" lang=\"FI-FI\" xml:lang=\"FI-FI\" data-contrast=\"auto\"><span class=\"NormalTextRun SCXW60893254 BCX0\">Direktiivi koskee p\u00f6rssiyhti\u00f6it\u00e4 ja suuria osakeyhti\u00f6it\u00e4, mutta kansallisessa t\u00e4yt\u00e4nt\u00f6\u00f6npanossa velvoitteet on ulotettu my\u00f6s osuuskuntiin. T\u00e4t\u00e4 perusteltiin neutraliteettivaatimuksella ja sill\u00e4, ett\u00e4 sidosryhmille julkistettava informaatio olisi <\/span><span class=\"NormalTextRun SCXW60893254 BCX0\">yhdenmukaista yhteis\u00f6muodost<\/span><span class=\"NormalTextRun SCXW60893254 BCX0\">a<\/span><span class=\"NormalTextRun SCXW60893254 BCX0\"> riippumatta.\u00a0<\/span><\/span><span class=\"EOP SCXW60893254 BCX0\" data-ccp-props=\"{&quot;201341983&quot;:0,&quot;335559685&quot;:1304,&quot;335559739&quot;:160,&quot;335559740&quot;:259}\">\u00a0<\/span><\/p>\n<p><span class=\"TextRun SCXW181644912 BCX0\" lang=\"FI-FI\" xml:lang=\"FI-FI\" data-contrast=\"none\"><span class=\"NormalTextRun SCXW181644912 BCX0\" data-ccp-parastyle=\"heading 3\">Osuuskuntien ryhm\u00e4rakenne on lains\u00e4\u00e4d\u00e4nn\u00f6ss\u00e4 huomioitu. <\/span><\/span><\/p>\n<p><span data-contrast=\"auto\">Osakeyhti\u00f6iden osalta konsernin emoyhti\u00f6 laatii keskitetyn raportin koko konsernista. Osuuskunnat eiv\u00e4t p\u00e4\u00e4s\u00e4\u00e4nt\u00f6isesti toimi konsernirakenteella kuten osakeyhti\u00f6t. Osuuskunnista osa on j\u00e4rjest\u00e4ytynyt ryhmiksi, joissa esimerkiksi hallinnollisia ja\/tai liiketoiminnallisia palveluja tuottaa osuuskuntien omistuksessa oleva keskusyhteis\u00f6. Merkitt\u00e4vin n\u00e4ist\u00e4 on S-ryhm\u00e4.<\/span><span data-ccp-props=\"{&quot;201341983&quot;:0,&quot;335559685&quot;:1304,&quot;335559739&quot;:160,&quot;335559740&quot;:259}\">\u00a0<\/span><\/p>\n<p><span data-contrast=\"auto\">Ryhm\u00e4rakenteella toimivien osuuskuntien osalta on kirjanpitolain 7 luvun 21 \u00a7:ss\u00e4 erityiss\u00e4\u00e4nn\u00f6s. Sen mukaan osuuskuntaryhm\u00e4 rinnastetaan konserniin, jossa ryhm\u00e4n keskusyhteis\u00f6 laatii keskitetyn kest\u00e4vyysraportin kaikista ryhm\u00e4\u00e4n kuuluvista yhteis\u00f6ist\u00e4 vastaavalla tavalla kuin osakeyhti\u00f6t konsernikest\u00e4vyysraportissa. Ryhm\u00e4\u00e4n kuuluvat osuuskunnat voivat j\u00e4tt\u00e4\u00e4 laatimatta yrityskohtaisen kest\u00e4vyysraportin, jos tiedot ryhm\u00e4\u00e4n kuuluvista osuuskunnista ja sen tyt\u00e4ryrityksist\u00e4 sis\u00e4llytet\u00e4\u00e4n keskusyhteis\u00f6n ryhm\u00e4\u00e4 koskevaan toimintakertomukseen ja ryhm\u00e4n keskusyhteis\u00f6n kest\u00e4vyysraporttiin.<\/span><span data-ccp-props=\"{&quot;201341983&quot;:0,&quot;335559685&quot;:1304,&quot;335559739&quot;:160,&quot;335559740&quot;:259}\">\u00a0<\/span><\/p>\n<p><span data-contrast=\"auto\">Kest\u00e4vyysraportti k\u00e4sitt\u00e4\u00e4 ryhm\u00e4\u00e4n kuuluvien osuuskuntien tiedot vastaavalla tavalla kuin osakeyhti\u00f6ill\u00e4 konsernikest\u00e4vyysraportissa. Ryhm\u00e4\u00e4n kuuluvan osuuskunnan tulee sitoutua kest\u00e4vyysraportoinnin edellytt\u00e4mien tietojen antamiseen keskusyhteis\u00f6lle. Kunkin ryhm\u00e4\u00e4n kuuluvan osuuskunnan toimintakertomukseen tulee sis\u00e4llytt\u00e4\u00e4 osuuskuntaryhm\u00e4n kest\u00e4vyysraportti.<\/span><span data-ccp-props=\"{&quot;201341983&quot;:0,&quot;335559685&quot;:1304,&quot;335559739&quot;:160,&quot;335559740&quot;:259}\">\u00a0<\/span><\/p>\n<h3><span class=\"TextRun SCXW116866121 BCX0\" lang=\"FI-FI\" xml:lang=\"FI-FI\" data-contrast=\"none\"><span class=\"NormalTextRun SCXW116866121 BCX0\" data-ccp-parastyle=\"heading 3\">Alkutuotantoon liittyville osuuskunnille raportointi vapaaehtoista<\/span><\/span><span class=\"EOP SCXW116866121 BCX0\" data-ccp-props=\"{&quot;134245418&quot;:true,&quot;134245529&quot;:true,&quot;201341983&quot;:0,&quot;335559738&quot;:40,&quot;335559739&quot;:0,&quot;335559740&quot;:259}\">\u00a0<\/span><\/h3>\n<p><span data-contrast=\"auto\">Alkutuotantoon liittyville tuottajaosuuskunnille kirjanpitolain mukainen kest\u00e4vyysraportointi on vapaaehtoista. Alkutuotantoon liittyvill\u00e4 hankintaosuuskunnilla tarkoitetaan hallituksen esityksen sek\u00e4 sit\u00e4 t\u00e4ydent\u00e4v\u00e4n talousvaliokunnan mietinn\u00f6n mukaan <\/span><span data-contrast=\"auto\">sek\u00e4<\/span><span data-contrast=\"auto\"> niit\u00e4 tuottajaosuuskuntia, jotka hankkivat p\u00e4\u00e4asiassa j\u00e4senilt\u00e4\u00e4n n\u00e4iden alkutuotantoon kuuluvia elintarvikkeita ja myyv\u00e4t ne edelleen jalostettaviksi, ett\u00e4 niit\u00e4 tuottajaosuuskuntia, jotka itse jalostavat ja markkinoivat p\u00e4\u00e4asiassa j\u00e4senilt\u00e4\u00e4n hankkimia n\u00e4iden alkutuotantoon kuuluvia elintarvikkeita.<\/span><span data-ccp-props=\"{&quot;201341983&quot;:0,&quot;335559685&quot;:1304,&quot;335559739&quot;:160,&quot;335559740&quot;:259}\">\u00a0<\/span><\/p>\n<p><span data-contrast=\"auto\">P\u00e4\u00e4t\u00f6ksen siit\u00e4, ettei osuuskunta tee kest\u00e4vyysdirektiivin mukaista raporttia, tekee osuuskunnan hallitus. P\u00e4\u00e4t\u00f6s on kirjattava my\u00f6s osuuskunnan toimintakertomukseen.\u00a0<\/span><span data-ccp-props=\"{&quot;201341983&quot;:0,&quot;335559685&quot;:1304,&quot;335559739&quot;:160,&quot;335559740&quot;:259}\">\u00a0<\/span><\/p>\n<h3><span class=\"TextRun SCXW30174745 BCX0\" lang=\"FI-FI\" xml:lang=\"FI-FI\" data-contrast=\"none\"><span class=\"NormalTextRun SCXW30174745 BCX0\" data-ccp-parastyle=\"heading 2\">Kest\u00e4vyysraportin tulee olla <\/span><span class=\"NormalTextRun SCXW30174745 BCX0\" data-ccp-parastyle=\"heading 2\">erillinen <\/span><span class=\"NormalTextRun SCXW30174745 BCX0\" data-ccp-parastyle=\"heading 2\">osa toimintakertomusta<\/span><\/span><span class=\"EOP SCXW30174745 BCX0\" data-ccp-props=\"{&quot;134245418&quot;:true,&quot;134245529&quot;:true,&quot;201341983&quot;:0,&quot;335559738&quot;:40,&quot;335559739&quot;:0,&quot;335559740&quot;:259}\">\u00a0<\/span><\/h3>\n<p><span class=\"TextRun SCXW157405363 BCX0\" lang=\"FI-FI\" xml:lang=\"FI-FI\" data-contrast=\"auto\"><span class=\"NormalTextRun SCXW157405363 BCX0\">Tilinp\u00e4\u00e4t\u00f6s, toimintakertomus ja sen erillisen\u00e4 osana oleva kest\u00e4vyysraportti laaditaan jatkossa digitaalisessa muodossa<\/span><span class=\"NormalTextRun SCXW157405363 BCX0\">. <\/span><span class=\"NormalTextRun SCXW157405363 BCX0\">Raportoitavilla kest\u00e4vyysseikoilla tarkoitetaan ymp\u00e4rist\u00f6\u00f6n, yhteiskuntaan ja ihmisoikeuksiin sek\u00e4 yritysten hallintotapaan liittyvi\u00e4 tekij\u00f6it\u00e4. <\/span><\/span><\/p>\n<p><span class=\"TextRun SCXW157405363 BCX0\" lang=\"FI-FI\" xml:lang=\"FI-FI\" data-contrast=\"auto\"><span class=\"NormalTextRun SCXW157405363 BCX0\">Kest\u00e4vyysraportin tulee sis\u00e4lt\u00e4\u00e4 tietoa sek\u00e4 yrityksen toiminnan vaikutuksista ihmisiin ja ymp\u00e4rist\u00f6\u00f6n ett\u00e4 kest\u00e4vyysseikkojen vaikutuksista yritykseen<\/span><span class=\"NormalTextRun SCXW157405363 BCX0\"> (ns. kaksoisolennaisuus)<\/span><span class=\"NormalTextRun SCXW157405363 BCX0\">. <\/span><span class=\"NormalTextRun SCXW157405363 BCX0\">Raport<\/span><span class=\"NormalTextRun SCXW157405363 BCX0\">i<\/span><span class=\"NormalTextRun SCXW157405363 BCX0\">ssa esitett\u00e4vist\u00e4 tiedoista <\/span><span class=\"NormalTextRun SCXW157405363 BCX0\">s\u00e4\u00e4nnell\u00e4\u00e4n <\/span><span class=\"NormalTextRun SCXW157405363 BCX0\">tarkemmin <\/span><span class=\"NormalTextRun SCXW157405363 BCX0\">kirjanpitolain 7 luvussa ja <\/span><span class=\"NormalTextRun SCXW157405363 BCX0\">sen<\/span><span class=\"NormalTextRun SCXW157405363 BCX0\"> sis\u00e4ll\u00f6n yksityiskohdista erillisiss\u00e4 <\/span><span class=\"NormalTextRun SCXW157405363 BCX0\">kest\u00e4vyys<\/span><span class=\"NormalTextRun SCXW157405363 BCX0\">raportointistandardeissa, <\/span><span class=\"NormalTextRun SCXW157405363 BCX0\">joiden mukaisesti k<\/span><span class=\"NormalTextRun SCXW157405363 BCX0\">est\u00e4vyysraportti on laadittava<\/span><span class=\"NormalTextRun SCXW157405363 BCX0\">.<\/span><\/span><span class=\"EOP SCXW157405363 BCX0\" data-ccp-props=\"{&quot;201341983&quot;:0,&quot;335559685&quot;:1304,&quot;335559739&quot;:160,&quot;335559740&quot;:259}\">\u00a0<\/span><\/p>\n","protected":false},"excerpt":{"rendered":"","protected":false},"author":5,"featured_media":894745,"comment_status":"closed","ping_status":"closed","sticky":false,"template":"","format":"standard","meta":{"inline_featured_image":false,"_monsterinsights_skip_tracking":false,"_monsterinsights_sitenote_active":false,"_monsterinsights_sitenote_note":"","_monsterinsights_sitenote_category":0,"site-sidebar-layout":"default","site-content-layout":"","ast-site-content-layout":"default","site-content-style":"default","site-sidebar-style":"default","ast-global-header-display":"","ast-banner-title-visibility":"","ast-main-header-display":"","ast-hfb-above-header-display":"","ast-hfb-below-header-display":"","ast-hfb-mobile-header-display":"","site-post-title":"","ast-breadcrumbs-content":"","ast-featured-img":"","footer-sml-layout":"","ast-disable-related-posts":"","theme-transparent-header-meta":"","adv-header-id-meta":"","stick-header-meta":"","header-above-stick-meta":"","header-main-stick-meta":"","header-below-stick-meta":"","astra-migrate-meta-layouts":"default","ast-page-background-enabled":"default","ast-page-background-meta":{"desktop":{"background-color":"","background-image":"","background-repeat":"repeat","background-position":"center center","background-size":"auto","background-attachment":"scroll","background-type":"","background-media":"","overlay-type":"","overlay-color":"","overlay-opacity":"","overlay-gradient":""},"tablet":{"background-color":"","background-image":"","background-repeat":"repeat","background-position":"center center","background-size":"auto","background-attachment":"scroll","background-type":"","background-media":"","overlay-type":"","overlay-color":"","overlay-opacity":"","overlay-gradient":""},"mobile":{"background-color":"","background-image":"","background-repeat":"repeat","background-position":"center center","background-size":"auto","background-attachment":"scroll","background-type":"","background-media":"","overlay-type":"","overlay-color":"","overlay-opacity":"","overlay-gradient":""}},"ast-content-background-meta":{"desktop":{"background-color":"var(--ast-global-color-5)","background-image":"","background-repeat":"repeat","background-position":"center center","background-size":"auto","background-attachment":"scroll","background-type":"","background-media":"","overlay-type":"","overlay-color":"","overlay-opacity":"","overlay-gradient":""},"tablet":{"background-color":"var(--ast-global-color-5)","background-image":"","background-repeat":"repeat","background-position":"center center","background-size":"auto","background-attachment":"scroll","background-type":"","background-media":"","overlay-type":"","overlay-color":"","overlay-opacity":"","overlay-gradient":""},"mobile":{"background-color":"var(--ast-global-color-5)","background-image":"","background-repeat":"repeat","background-position":"center center","background-size":"auto","background-attachment":"scroll","background-type":"","background-media":"","overlay-type":"","overlay-color":"","overlay-opacity":"","overlay-gradient":""}},"_FSMCFIC_featured_image_caption":"","_FSMCFIC_featured_image_nocaption":"","_FSMCFIC_featured_image_hide":"","footnotes":""},"categories":[22],"tags":[],"class_list":["post-896832","post","type-post","status-publish","format-standard","has-post-thumbnail","hentry","category-uutiset"],"yoast_head":"<!-- This site is optimized with the Yoast SEO plugin v27.5 - https:\/\/yoast.com\/product\/yoast-seo-wordpress\/ -->\n<title>Kest\u00e4vyysraportointi pakolliseksi my\u00f6s suurille osuuskunnille vuoden 2026 alusta - Pellervo<\/title>\n<meta name=\"description\" content=\"EU:n kest\u00e4vyysraportointia koskevan direktiivin kansallinen lains\u00e4\u00e4d\u00e4nt\u00f6 astuu voimaan vuoden 2023 p\u00e4\u00e4ttyess\u00e4. Se huomioi my\u00f6s osuuskunnat, ja velvoittaa muut kuin alkutuontannon osuuskunnat raportointiin osakeyhti\u00f6iden tavoin.\" \/>\n<meta name=\"robots\" content=\"index, follow, max-snippet:-1, max-image-preview:large, max-video-preview:-1\" \/>\n<link rel=\"canonical\" href=\"https:\/\/pellervo.fi\/uutiset\/2023\/12\/29\/kestavyysraportointi-pakolliseksi-myos-suurille-osuuskunnille-vuoden-2026-alusta\/\" \/>\n<meta property=\"og:locale\" content=\"en_US\" \/>\n<meta property=\"og:type\" content=\"article\" \/>\n<meta property=\"og:title\" content=\"Kest\u00e4vyysraportointi pakolliseksi my\u00f6s suurille osuuskunnille vuoden 2026 alusta - Pellervo\" \/>\n<meta property=\"og:description\" content=\"EU:n kest\u00e4vyysraportointia koskevan direktiivin kansallinen lains\u00e4\u00e4d\u00e4nt\u00f6 astuu voimaan vuoden 2023 p\u00e4\u00e4ttyess\u00e4. Se huomioi my\u00f6s osuuskunnat, ja velvoittaa muut kuin alkutuontannon osuuskunnat raportointiin osakeyhti\u00f6iden tavoin.\" \/>\n<meta property=\"og:url\" content=\"https:\/\/pellervo.fi\/uutiset\/2023\/12\/29\/kestavyysraportointi-pakolliseksi-myos-suurille-osuuskunnille-vuoden-2026-alusta\/\" \/>\n<meta property=\"og:site_name\" content=\"Pellervo\" \/>\n<meta property=\"article:published_time\" content=\"2023-12-29T09:08:06+00:00\" \/>\n<meta property=\"article:modified_time\" content=\"2023-12-29T09:11:44+00:00\" \/>\n<meta property=\"og:image\" content=\"https:\/\/pellervo.fi\/wp-content\/uploads\/2023\/01\/pexels-alena-koval-886521-scaled.jpg\" \/>\n\t<meta property=\"og:image:width\" content=\"2560\" \/>\n\t<meta property=\"og:image:height\" content=\"1646\" \/>\n\t<meta property=\"og:image:type\" content=\"image\/jpeg\" \/>\n<meta name=\"author\" content=\"pellervo\" \/>\n<meta name=\"twitter:card\" content=\"summary_large_image\" \/>\n<meta name=\"twitter:creator\" content=\"@PellervoFi\" \/>\n<meta name=\"twitter:site\" content=\"@PellervoFi\" \/>\n<meta name=\"twitter:label1\" content=\"Written by\" \/>\n\t<meta name=\"twitter:data1\" content=\"pellervo\" \/>\n\t<meta name=\"twitter:label2\" content=\"Est. reading time\" \/>\n\t<meta name=\"twitter:data2\" content=\"3 minutes\" \/>\n<script type=\"application\/ld+json\" class=\"yoast-schema-graph\">{\"@context\":\"https:\\\/\\\/schema.org\",\"@graph\":[{\"@type\":\"Article\",\"@id\":\"https:\\\/\\\/pellervo.fi\\\/uutiset\\\/2023\\\/12\\\/29\\\/kestavyysraportointi-pakolliseksi-myos-suurille-osuuskunnille-vuoden-2026-alusta\\\/#article\",\"isPartOf\":{\"@id\":\"https:\\\/\\\/pellervo.fi\\\/uutiset\\\/2023\\\/12\\\/29\\\/kestavyysraportointi-pakolliseksi-myos-suurille-osuuskunnille-vuoden-2026-alusta\\\/\"},\"author\":{\"name\":\"pellervo\",\"@id\":\"https:\\\/\\\/pellervo.fi\\\/#\\\/schema\\\/person\\\/4b74d40956937d1367ade81899997e71\"},\"headline\":\"Kest\u00e4vyysraportointi pakolliseksi my\u00f6s suurille osuuskunnille vuoden 2026 alusta\",\"datePublished\":\"2023-12-29T09:08:06+00:00\",\"dateModified\":\"2023-12-29T09:11:44+00:00\",\"mainEntityOfPage\":{\"@id\":\"https:\\\/\\\/pellervo.fi\\\/uutiset\\\/2023\\\/12\\\/29\\\/kestavyysraportointi-pakolliseksi-myos-suurille-osuuskunnille-vuoden-2026-alusta\\\/\"},\"wordCount\":546,\"publisher\":{\"@id\":\"https:\\\/\\\/pellervo.fi\\\/#organization\"},\"image\":{\"@id\":\"https:\\\/\\\/pellervo.fi\\\/uutiset\\\/2023\\\/12\\\/29\\\/kestavyysraportointi-pakolliseksi-myos-suurille-osuuskunnille-vuoden-2026-alusta\\\/#primaryimage\"},\"thumbnailUrl\":\"https:\\\/\\\/pellervo.fi\\\/wp-content\\\/uploads\\\/2023\\\/01\\\/pexels-alena-koval-886521-scaled.jpg\",\"articleSection\":[\"Uutiset\"],\"inLanguage\":\"en-US\"},{\"@type\":\"WebPage\",\"@id\":\"https:\\\/\\\/pellervo.fi\\\/uutiset\\\/2023\\\/12\\\/29\\\/kestavyysraportointi-pakolliseksi-myos-suurille-osuuskunnille-vuoden-2026-alusta\\\/\",\"url\":\"https:\\\/\\\/pellervo.fi\\\/uutiset\\\/2023\\\/12\\\/29\\\/kestavyysraportointi-pakolliseksi-myos-suurille-osuuskunnille-vuoden-2026-alusta\\\/\",\"name\":\"Kest\u00e4vyysraportointi pakolliseksi my\u00f6s suurille osuuskunnille vuoden 2026 alusta - Pellervo\",\"isPartOf\":{\"@id\":\"https:\\\/\\\/pellervo.fi\\\/#website\"},\"primaryImageOfPage\":{\"@id\":\"https:\\\/\\\/pellervo.fi\\\/uutiset\\\/2023\\\/12\\\/29\\\/kestavyysraportointi-pakolliseksi-myos-suurille-osuuskunnille-vuoden-2026-alusta\\\/#primaryimage\"},\"image\":{\"@id\":\"https:\\\/\\\/pellervo.fi\\\/uutiset\\\/2023\\\/12\\\/29\\\/kestavyysraportointi-pakolliseksi-myos-suurille-osuuskunnille-vuoden-2026-alusta\\\/#primaryimage\"},\"thumbnailUrl\":\"https:\\\/\\\/pellervo.fi\\\/wp-content\\\/uploads\\\/2023\\\/01\\\/pexels-alena-koval-886521-scaled.jpg\",\"datePublished\":\"2023-12-29T09:08:06+00:00\",\"dateModified\":\"2023-12-29T09:11:44+00:00\",\"description\":\"EU:n kest\u00e4vyysraportointia koskevan direktiivin kansallinen lains\u00e4\u00e4d\u00e4nt\u00f6 astuu voimaan vuoden 2023 p\u00e4\u00e4ttyess\u00e4. Se huomioi my\u00f6s osuuskunnat, ja velvoittaa muut kuin alkutuontannon osuuskunnat raportointiin osakeyhti\u00f6iden tavoin.\",\"breadcrumb\":{\"@id\":\"https:\\\/\\\/pellervo.fi\\\/uutiset\\\/2023\\\/12\\\/29\\\/kestavyysraportointi-pakolliseksi-myos-suurille-osuuskunnille-vuoden-2026-alusta\\\/#breadcrumb\"},\"inLanguage\":\"en-US\",\"potentialAction\":[{\"@type\":\"ReadAction\",\"target\":[\"https:\\\/\\\/pellervo.fi\\\/uutiset\\\/2023\\\/12\\\/29\\\/kestavyysraportointi-pakolliseksi-myos-suurille-osuuskunnille-vuoden-2026-alusta\\\/\"]}]},{\"@type\":\"ImageObject\",\"inLanguage\":\"en-US\",\"@id\":\"https:\\\/\\\/pellervo.fi\\\/uutiset\\\/2023\\\/12\\\/29\\\/kestavyysraportointi-pakolliseksi-myos-suurille-osuuskunnille-vuoden-2026-alusta\\\/#primaryimage\",\"url\":\"https:\\\/\\\/pellervo.fi\\\/wp-content\\\/uploads\\\/2023\\\/01\\\/pexels-alena-koval-886521-scaled.jpg\",\"contentUrl\":\"https:\\\/\\\/pellervo.fi\\\/wp-content\\\/uploads\\\/2023\\\/01\\\/pexels-alena-koval-886521-scaled.jpg\",\"width\":2560,\"height\":1646},{\"@type\":\"BreadcrumbList\",\"@id\":\"https:\\\/\\\/pellervo.fi\\\/uutiset\\\/2023\\\/12\\\/29\\\/kestavyysraportointi-pakolliseksi-myos-suurille-osuuskunnille-vuoden-2026-alusta\\\/#breadcrumb\",\"itemListElement\":[{\"@type\":\"ListItem\",\"position\":1,\"name\":\"Koti\",\"item\":\"https:\\\/\\\/pellervo.fi\\\/en\\\/\"},{\"@type\":\"ListItem\",\"position\":2,\"name\":\"Kest\u00e4vyysraportointi pakolliseksi my\u00f6s suurille osuuskunnille vuoden 2026 alusta\"}]},{\"@type\":\"WebSite\",\"@id\":\"https:\\\/\\\/pellervo.fi\\\/#website\",\"url\":\"https:\\\/\\\/pellervo.fi\\\/\",\"name\":\"Pellervo\",\"description\":\"Osuuskuntien keskusj\u00e4rjest\u00f6\",\"publisher\":{\"@id\":\"https:\\\/\\\/pellervo.fi\\\/#organization\"},\"potentialAction\":[{\"@type\":\"SearchAction\",\"target\":{\"@type\":\"EntryPoint\",\"urlTemplate\":\"https:\\\/\\\/pellervo.fi\\\/?s={search_term_string}\"},\"query-input\":{\"@type\":\"PropertyValueSpecification\",\"valueRequired\":true,\"valueName\":\"search_term_string\"}}],\"inLanguage\":\"en-US\"},{\"@type\":\"Organization\",\"@id\":\"https:\\\/\\\/pellervo.fi\\\/#organization\",\"name\":\"Osuustoimintakeskus Pellervo ry\",\"url\":\"https:\\\/\\\/pellervo.fi\\\/\",\"logo\":{\"@type\":\"ImageObject\",\"inLanguage\":\"en-US\",\"@id\":\"https:\\\/\\\/pellervo.fi\\\/#\\\/schema\\\/logo\\\/image\\\/\",\"url\":\"https:\\\/\\\/pellervo.fi\\\/wp-content\\\/uploads\\\/2020\\\/05\\\/Pellervo_logo.png\",\"contentUrl\":\"https:\\\/\\\/pellervo.fi\\\/wp-content\\\/uploads\\\/2020\\\/05\\\/Pellervo_logo.png\",\"width\":1335,\"height\":376,\"caption\":\"Osuustoimintakeskus Pellervo ry\"},\"image\":{\"@id\":\"https:\\\/\\\/pellervo.fi\\\/#\\\/schema\\\/logo\\\/image\\\/\"},\"sameAs\":[\"https:\\\/\\\/x.com\\\/PellervoFi\"]},{\"@type\":\"Person\",\"@id\":\"https:\\\/\\\/pellervo.fi\\\/#\\\/schema\\\/person\\\/4b74d40956937d1367ade81899997e71\",\"name\":\"pellervo\",\"image\":{\"@type\":\"ImageObject\",\"inLanguage\":\"en-US\",\"@id\":\"https:\\\/\\\/pellervo.fi\\\/wp-content\\\/uploads\\\/2013\\\/11\\\/pellervo_avatar_1384522134-96x96.jpg\",\"url\":\"https:\\\/\\\/pellervo.fi\\\/wp-content\\\/uploads\\\/2013\\\/11\\\/pellervo_avatar_1384522134-96x96.jpg\",\"contentUrl\":\"https:\\\/\\\/pellervo.fi\\\/wp-content\\\/uploads\\\/2013\\\/11\\\/pellervo_avatar_1384522134-96x96.jpg\",\"caption\":\"pellervo\"},\"description\":\"Kuvaus\",\"url\":\"https:\\\/\\\/pellervo.fi\\\/en\\\/author\\\/pellervo\\\/\"}]}<\/script>\n<!-- \/ Yoast SEO plugin. -->","yoast_head_json":{"title":"Kest\u00e4vyysraportointi pakolliseksi my\u00f6s suurille osuuskunnille vuoden 2026 alusta - Pellervo","description":"EU:n kest\u00e4vyysraportointia koskevan direktiivin kansallinen lains\u00e4\u00e4d\u00e4nt\u00f6 astuu voimaan vuoden 2023 p\u00e4\u00e4ttyess\u00e4. Se huomioi my\u00f6s osuuskunnat, ja velvoittaa muut kuin alkutuontannon osuuskunnat raportointiin osakeyhti\u00f6iden tavoin.","robots":{"index":"index","follow":"follow","max-snippet":"max-snippet:-1","max-image-preview":"max-image-preview:large","max-video-preview":"max-video-preview:-1"},"canonical":"https:\/\/pellervo.fi\/uutiset\/2023\/12\/29\/kestavyysraportointi-pakolliseksi-myos-suurille-osuuskunnille-vuoden-2026-alusta\/","og_locale":"en_US","og_type":"article","og_title":"Kest\u00e4vyysraportointi pakolliseksi my\u00f6s suurille osuuskunnille vuoden 2026 alusta - Pellervo","og_description":"EU:n kest\u00e4vyysraportointia koskevan direktiivin kansallinen lains\u00e4\u00e4d\u00e4nt\u00f6 astuu voimaan vuoden 2023 p\u00e4\u00e4ttyess\u00e4. Se huomioi my\u00f6s osuuskunnat, ja velvoittaa muut kuin alkutuontannon osuuskunnat raportointiin osakeyhti\u00f6iden tavoin.","og_url":"https:\/\/pellervo.fi\/uutiset\/2023\/12\/29\/kestavyysraportointi-pakolliseksi-myos-suurille-osuuskunnille-vuoden-2026-alusta\/","og_site_name":"Pellervo","article_published_time":"2023-12-29T09:08:06+00:00","article_modified_time":"2023-12-29T09:11:44+00:00","og_image":[{"width":2560,"height":1646,"url":"https:\/\/pellervo.fi\/wp-content\/uploads\/2023\/01\/pexels-alena-koval-886521-scaled.jpg","type":"image\/jpeg"}],"author":"pellervo","twitter_card":"summary_large_image","twitter_creator":"@PellervoFi","twitter_site":"@PellervoFi","twitter_misc":{"Written by":"pellervo","Est. reading time":"3 minutes"},"schema":{"@context":"https:\/\/schema.org","@graph":[{"@type":"Article","@id":"https:\/\/pellervo.fi\/uutiset\/2023\/12\/29\/kestavyysraportointi-pakolliseksi-myos-suurille-osuuskunnille-vuoden-2026-alusta\/#article","isPartOf":{"@id":"https:\/\/pellervo.fi\/uutiset\/2023\/12\/29\/kestavyysraportointi-pakolliseksi-myos-suurille-osuuskunnille-vuoden-2026-alusta\/"},"author":{"name":"pellervo","@id":"https:\/\/pellervo.fi\/#\/schema\/person\/4b74d40956937d1367ade81899997e71"},"headline":"Kest\u00e4vyysraportointi pakolliseksi my\u00f6s suurille osuuskunnille vuoden 2026 alusta","datePublished":"2023-12-29T09:08:06+00:00","dateModified":"2023-12-29T09:11:44+00:00","mainEntityOfPage":{"@id":"https:\/\/pellervo.fi\/uutiset\/2023\/12\/29\/kestavyysraportointi-pakolliseksi-myos-suurille-osuuskunnille-vuoden-2026-alusta\/"},"wordCount":546,"publisher":{"@id":"https:\/\/pellervo.fi\/#organization"},"image":{"@id":"https:\/\/pellervo.fi\/uutiset\/2023\/12\/29\/kestavyysraportointi-pakolliseksi-myos-suurille-osuuskunnille-vuoden-2026-alusta\/#primaryimage"},"thumbnailUrl":"https:\/\/pellervo.fi\/wp-content\/uploads\/2023\/01\/pexels-alena-koval-886521-scaled.jpg","articleSection":["Uutiset"],"inLanguage":"en-US"},{"@type":"WebPage","@id":"https:\/\/pellervo.fi\/uutiset\/2023\/12\/29\/kestavyysraportointi-pakolliseksi-myos-suurille-osuuskunnille-vuoden-2026-alusta\/","url":"https:\/\/pellervo.fi\/uutiset\/2023\/12\/29\/kestavyysraportointi-pakolliseksi-myos-suurille-osuuskunnille-vuoden-2026-alusta\/","name":"Kest\u00e4vyysraportointi pakolliseksi my\u00f6s suurille osuuskunnille vuoden 2026 alusta - Pellervo","isPartOf":{"@id":"https:\/\/pellervo.fi\/#website"},"primaryImageOfPage":{"@id":"https:\/\/pellervo.fi\/uutiset\/2023\/12\/29\/kestavyysraportointi-pakolliseksi-myos-suurille-osuuskunnille-vuoden-2026-alusta\/#primaryimage"},"image":{"@id":"https:\/\/pellervo.fi\/uutiset\/2023\/12\/29\/kestavyysraportointi-pakolliseksi-myos-suurille-osuuskunnille-vuoden-2026-alusta\/#primaryimage"},"thumbnailUrl":"https:\/\/pellervo.fi\/wp-content\/uploads\/2023\/01\/pexels-alena-koval-886521-scaled.jpg","datePublished":"2023-12-29T09:08:06+00:00","dateModified":"2023-12-29T09:11:44+00:00","description":"EU:n kest\u00e4vyysraportointia koskevan direktiivin kansallinen lains\u00e4\u00e4d\u00e4nt\u00f6 astuu voimaan vuoden 2023 p\u00e4\u00e4ttyess\u00e4. Se huomioi my\u00f6s osuuskunnat, ja velvoittaa muut kuin alkutuontannon osuuskunnat raportointiin osakeyhti\u00f6iden tavoin.","breadcrumb":{"@id":"https:\/\/pellervo.fi\/uutiset\/2023\/12\/29\/kestavyysraportointi-pakolliseksi-myos-suurille-osuuskunnille-vuoden-2026-alusta\/#breadcrumb"},"inLanguage":"en-US","potentialAction":[{"@type":"ReadAction","target":["https:\/\/pellervo.fi\/uutiset\/2023\/12\/29\/kestavyysraportointi-pakolliseksi-myos-suurille-osuuskunnille-vuoden-2026-alusta\/"]}]},{"@type":"ImageObject","inLanguage":"en-US","@id":"https:\/\/pellervo.fi\/uutiset\/2023\/12\/29\/kestavyysraportointi-pakolliseksi-myos-suurille-osuuskunnille-vuoden-2026-alusta\/#primaryimage","url":"https:\/\/pellervo.fi\/wp-content\/uploads\/2023\/01\/pexels-alena-koval-886521-scaled.jpg","contentUrl":"https:\/\/pellervo.fi\/wp-content\/uploads\/2023\/01\/pexels-alena-koval-886521-scaled.jpg","width":2560,"height":1646},{"@type":"BreadcrumbList","@id":"https:\/\/pellervo.fi\/uutiset\/2023\/12\/29\/kestavyysraportointi-pakolliseksi-myos-suurille-osuuskunnille-vuoden-2026-alusta\/#breadcrumb","itemListElement":[{"@type":"ListItem","position":1,"name":"Koti","item":"https:\/\/pellervo.fi\/en\/"},{"@type":"ListItem","position":2,"name":"Kest\u00e4vyysraportointi pakolliseksi my\u00f6s suurille osuuskunnille vuoden 2026 alusta"}]},{"@type":"WebSite","@id":"https:\/\/pellervo.fi\/#website","url":"https:\/\/pellervo.fi\/","name":"Pellervo","description":"Osuuskuntien keskusj\u00e4rjest\u00f6","publisher":{"@id":"https:\/\/pellervo.fi\/#organization"},"potentialAction":[{"@type":"SearchAction","target":{"@type":"EntryPoint","urlTemplate":"https:\/\/pellervo.fi\/?s={search_term_string}"},"query-input":{"@type":"PropertyValueSpecification","valueRequired":true,"valueName":"search_term_string"}}],"inLanguage":"en-US"},{"@type":"Organization","@id":"https:\/\/pellervo.fi\/#organization","name":"Osuustoimintakeskus Pellervo ry","url":"https:\/\/pellervo.fi\/","logo":{"@type":"ImageObject","inLanguage":"en-US","@id":"https:\/\/pellervo.fi\/#\/schema\/logo\/image\/","url":"https:\/\/pellervo.fi\/wp-content\/uploads\/2020\/05\/Pellervo_logo.png","contentUrl":"https:\/\/pellervo.fi\/wp-content\/uploads\/2020\/05\/Pellervo_logo.png","width":1335,"height":376,"caption":"Osuustoimintakeskus Pellervo ry"},"image":{"@id":"https:\/\/pellervo.fi\/#\/schema\/logo\/image\/"},"sameAs":["https:\/\/x.com\/PellervoFi"]},{"@type":"Person","@id":"https:\/\/pellervo.fi\/#\/schema\/person\/4b74d40956937d1367ade81899997e71","name":"pellervo","image":{"@type":"ImageObject","inLanguage":"en-US","@id":"https:\/\/pellervo.fi\/wp-content\/uploads\/2013\/11\/pellervo_avatar_1384522134-96x96.jpg","url":"https:\/\/pellervo.fi\/wp-content\/uploads\/2013\/11\/pellervo_avatar_1384522134-96x96.jpg","contentUrl":"https:\/\/pellervo.fi\/wp-content\/uploads\/2013\/11\/pellervo_avatar_1384522134-96x96.jpg","caption":"pellervo"},"description":"Kuvaus","url":"https:\/\/pellervo.fi\/en\/author\/pellervo\/"}]}},"_links":{"self":[{"href":"https:\/\/pellervo.fi\/en\/wp-json\/wp\/v2\/posts\/896832","targetHints":{"allow":["GET"]}}],"collection":[{"href":"https:\/\/pellervo.fi\/en\/wp-json\/wp\/v2\/posts"}],"about":[{"href":"https:\/\/pellervo.fi\/en\/wp-json\/wp\/v2\/types\/post"}],"author":[{"embeddable":true,"href":"https:\/\/pellervo.fi\/en\/wp-json\/wp\/v2\/users\/5"}],"replies":[{"embeddable":true,"href":"https:\/\/pellervo.fi\/en\/wp-json\/wp\/v2\/comments?post=896832"}],"version-history":[{"count":1,"href":"https:\/\/pellervo.fi\/en\/wp-json\/wp\/v2\/posts\/896832\/revisions"}],"predecessor-version":[{"id":896833,"href":"https:\/\/pellervo.fi\/en\/wp-json\/wp\/v2\/posts\/896832\/revisions\/896833"}],"wp:featuredmedia":[{"embeddable":true,"href":"https:\/\/pellervo.fi\/en\/wp-json\/wp\/v2\/media\/894745"}],"wp:attachment":[{"href":"https:\/\/pellervo.fi\/en\/wp-json\/wp\/v2\/media?parent=896832"}],"wp:term":[{"taxonomy":"category","embeddable":true,"href":"https:\/\/pellervo.fi\/en\/wp-json\/wp\/v2\/categories?post=896832"},{"taxonomy":"post_tag","embeddable":true,"href":"https:\/\/pellervo.fi\/en\/wp-json\/wp\/v2\/tags?post=896832"}],"curies":[{"name":"wp","href":"https:\/\/api.w.org\/{rel}","templated":true}]}}