{"id":897062,"date":"2024-01-26T08:34:05","date_gmt":"2024-01-26T06:34:05","guid":{"rendered":"https:\/\/pellervo.fi\/?p=897062"},"modified":"2024-02-13T15:07:33","modified_gmt":"2024-02-13T13:07:33","slug":"op-ryhma-ja-wwf-aloittavat-yhteistyon-luonnon-monimuotoisuuden-edistamiseksi-kestavan-talouden-edellytyksena-on-luonnon-hyvinvointi","status":"publish","type":"post","link":"https:\/\/pellervo.fi\/en\/vastuullisuus\/2024\/01\/26\/op-ryhma-ja-wwf-aloittavat-yhteistyon-luonnon-monimuotoisuuden-edistamiseksi-kestavan-talouden-edellytyksena-on-luonnon-hyvinvointi\/","title":{"rendered":"OP Ryhm\u00e4 ja WWF aloittavat yhteisty\u00f6n luonnon monimuotoisuuden edist\u00e4miseksi"},"content":{"rendered":"\n<p><strong>Kolmivuotinen laaja yhteisty\u00f6 WWF:n kanssa on osa OP Ryhm\u00e4n luonnon monimuotoisuuden vahvistamiseen t\u00e4ht\u00e4\u00e4v\u00e4\u00e4 vastuullisuusty\u00f6t\u00e4.\u00a0<\/strong><\/p>\n<p>Kest\u00e4v\u00e4 talous on riippuvainen hyvinvoivasta luonnosta. OP Ryhm\u00e4 ja WWF aloittavat kolme vuotta kest\u00e4v\u00e4n yhteisty\u00f6n ja tekev\u00e4t yhdess\u00e4 tekoja Suomen luonnon monimuotoisuuden edist\u00e4miseksi. Yhteisty\u00f6n tavoitteena on muun muassa turvata l\u00e4hiluontoa innostamalla ihmiset toimimaan sen hyv\u00e4ksi.\u00a0<br \/><br \/>\u2013 Suurin osa OP Ryhm\u00e4n aiheuttamista luontovaikutuksista syntyy yritysasiakkaiden liiketoiminnan kautta. Suomen suurimpana finanssialan toimijana n\u00e4emme t\u00e4rke\u00e4ksi panostaa oman ja asiakkaidemme ty\u00f6n lis\u00e4ksi yhteisty\u00f6h\u00f6n kolmannen sektorin kanssa luonnon monimuotoisuuden edist\u00e4miseksi. Kest\u00e4v\u00e4 talous on vahvasti riippuvainen hyvinvoivasta luonnosta. Kumppanuus WWF:n kanssa on osa loppuvuodesta 2023 julkaisemamme luonnon monimuotoisuustiekartan toteuttamista, sanoo OP Ryhm\u00e4n p\u00e4\u00e4johtaja <strong>Timo Ritakallio<\/strong>.<br \/><br \/><strong>Yhteisty\u00f6ll\u00e4 kohti vieraslajien torjuntaa ja p\u00f6lytt\u00e4j\u00e4hy\u00f6nteisten elinolosuhteiden parantamista<\/strong><br \/><br \/>P\u00f6lytt\u00e4jill\u00e4 on t\u00e4rke\u00e4 merkitys ekosysteemien toiminnassa ja esimerkiksi ruuan tuotannossa. Noin 75 prosenttia maapallon viljelykasveista tarvitsee hy\u00f6nteisp\u00f6lytyst\u00e4 satojen varmistamiseksi. P\u00f6lytt\u00e4jien m\u00e4\u00e4r\u00e4 on kuitenkin v\u00e4hentynyt maailmanlaajuisesti, mik\u00e4 on vakava uhka luonnolle ja ihmisille. Suomessa etenkin monet niityill\u00e4 ja laidunmailla el\u00e4v\u00e4t lajit ovat taantuneet. WWF:n mukaan kaikki toimet p\u00f6lytt\u00e4jien auttamiseksi ovat tarpeellisia. \u00a0<br \/><br \/>\u2013 Yhteisty\u00f6ss\u00e4 OP:n kanssa haluamme tarjota erilaisia keinoja, joiden avulla jokainen voi edist\u00e4\u00e4 luonnon monimuotoisuutta omassa l\u00e4hiymp\u00e4rist\u00f6ss\u00e4\u00e4n. Tekoja tarvitaan, sill\u00e4 luonnon monimuotoisuus heikkenee Suomessakin h\u00e4lytt\u00e4v\u00e4\u00e4 tahtia, sanoo WWF Suomen p\u00e4\u00e4sihteeri <strong>Liisa Rohweder<\/strong>.<br \/><br \/>Vuonna 2023 Kaikkien aikojen tekoja -kyselyss\u00e4 OP:n omistaja-asiakkaista 14 prosenttia valitsi l\u00e4hiluonnon hyv\u00e4ksi teht\u00e4v\u00e4t teot ja 14 prosenttia ilmastonmuutosta hillitsev\u00e4t paikalliset teot t\u00e4rkeimm\u00e4ksi paikalliseksi vastuullisuusteoksi. OP Ryhm\u00e4n ja WWF:n kumppanuus tukee pitk\u00e4j\u00e4nteist\u00e4 ty\u00f6t\u00e4, jonka p\u00e4\u00e4m\u00e4\u00e4r\u00e4n\u00e4 on luontokadon pys\u00e4ytt\u00e4minen vuoteen 2030 menness\u00e4. Yhteisty\u00f6n konkreettisia askeleita ovat esimerkiksi haitallisten vieraslajien torjuntaan t\u00e4ht\u00e4\u00e4v\u00e4t toimet sek\u00e4 p\u00f6lytt\u00e4j\u00e4hy\u00f6nteisten elinolosuhteiden parantaminen eri keinoin. Kumppanuus ja tarkemmat teot tarkentuvat kev\u00e4\u00e4n aikana.\u00a0<br \/><br \/><\/p>\n","protected":false},"excerpt":{"rendered":"<p>Kolmivuotinen laaja yhteisty\u00f6 WWF:n kanssa on osa OP Ryhm\u00e4n luonnon monimuotoisuuden vahvistamiseen t\u00e4ht\u00e4\u00e4v\u00e4\u00e4 vastuullisuusty\u00f6t\u00e4.\u00a0Suomen suurimpana finanssialan toimijana OP n\u00e5\u00e4kee t\u00e4rke\u00e4ksi panostaa oman ja asiakkaidensa ty\u00f6n lis\u00e4ksi yhteisty\u00f6h\u00f6n kolmannen sektorin kanssa.<\/p>\n","protected":false},"author":6,"featured_media":893931,"comment_status":"closed","ping_status":"closed","sticky":false,"template":"","format":"standard","meta":{"inline_featured_image":false,"_monsterinsights_skip_tracking":false,"_monsterinsights_sitenote_active":false,"_monsterinsights_sitenote_note":"","_monsterinsights_sitenote_category":0,"site-sidebar-layout":"default","site-content-layout":"","ast-site-content-layout":"default","site-content-style":"default","site-sidebar-style":"default","ast-global-header-display":"","ast-banner-title-visibility":"","ast-main-header-display":"","ast-hfb-above-header-display":"","ast-hfb-below-header-display":"","ast-hfb-mobile-header-display":"","site-post-title":"","ast-breadcrumbs-content":"","ast-featured-img":"","footer-sml-layout":"","ast-disable-related-posts":"","theme-transparent-header-meta":"","adv-header-id-meta":"","stick-header-meta":"","header-above-stick-meta":"","header-main-stick-meta":"","header-below-stick-meta":"","astra-migrate-meta-layouts":"set","ast-page-background-enabled":"default","ast-page-background-meta":{"desktop":{"background-color":"","background-image":"","background-repeat":"repeat","background-position":"center center","background-size":"auto","background-attachment":"scroll","background-type":"","background-media":"","overlay-type":"","overlay-color":"","overlay-opacity":"","overlay-gradient":""},"tablet":{"background-color":"","background-image":"","background-repeat":"repeat","background-position":"center center","background-size":"auto","background-attachment":"scroll","background-type":"","background-media":"","overlay-type":"","overlay-color":"","overlay-opacity":"","overlay-gradient":""},"mobile":{"background-color":"","background-image":"","background-repeat":"repeat","background-position":"center center","background-size":"auto","background-attachment":"scroll","background-type":"","background-media":"","overlay-type":"","overlay-color":"","overlay-opacity":"","overlay-gradient":""}},"ast-content-background-meta":{"desktop":{"background-color":"var(--ast-global-color-5)","background-image":"","background-repeat":"repeat","background-position":"center center","background-size":"auto","background-attachment":"scroll","background-type":"","background-media":"","overlay-type":"","overlay-color":"","overlay-opacity":"","overlay-gradient":""},"tablet":{"background-color":"var(--ast-global-color-5)","background-image":"","background-repeat":"repeat","background-position":"center center","background-size":"auto","background-attachment":"scroll","background-type":"","background-media":"","overlay-type":"","overlay-color":"","overlay-opacity":"","overlay-gradient":""},"mobile":{"background-color":"var(--ast-global-color-5)","background-image":"","background-repeat":"repeat","background-position":"center center","background-size":"auto","background-attachment":"scroll","background-type":"","background-media":"","overlay-type":"","overlay-color":"","overlay-opacity":"","overlay-gradient":""}},"_FSMCFIC_featured_image_caption":"","_FSMCFIC_featured_image_nocaption":"","_FSMCFIC_featured_image_hide":"","footnotes":""},"categories":[224],"tags":[],"class_list":["post-897062","post","type-post","status-publish","format-standard","has-post-thumbnail","hentry","category-vastuullisuus"],"yoast_head":"<!-- This site is optimized with the Yoast SEO plugin v27.4 - https:\/\/yoast.com\/product\/yoast-seo-wordpress\/ -->\n<title>OP Ryhm\u00e4 ja WWF aloittavat yhteisty\u00f6n luonnon monimuotoisuuden edist\u00e4miseksi - Pellervo<\/title>\n<meta name=\"robots\" content=\"index, follow, max-snippet:-1, max-image-preview:large, max-video-preview:-1\" \/>\n<link rel=\"canonical\" href=\"https:\/\/pellervo.fi\/vastuullisuus\/2024\/01\/26\/op-ryhma-ja-wwf-aloittavat-yhteistyon-luonnon-monimuotoisuuden-edistamiseksi-kestavan-talouden-edellytyksena-on-luonnon-hyvinvointi\/\" \/>\n<meta property=\"og:locale\" content=\"en_US\" \/>\n<meta property=\"og:type\" content=\"article\" \/>\n<meta property=\"og:title\" content=\"OP Ryhm\u00e4 ja WWF aloittavat yhteisty\u00f6n luonnon monimuotoisuuden edist\u00e4miseksi - Pellervo\" \/>\n<meta property=\"og:description\" content=\"Kolmivuotinen laaja yhteisty\u00f6 WWF:n kanssa on osa OP Ryhm\u00e4n luonnon monimuotoisuuden vahvistamiseen t\u00e4ht\u00e4\u00e4v\u00e4\u00e4 vastuullisuusty\u00f6t\u00e4.\u00a0Suomen suurimpana finanssialan toimijana OP n\u00e5\u00e4kee t\u00e4rke\u00e4ksi panostaa oman ja asiakkaidensa ty\u00f6n lis\u00e4ksi yhteisty\u00f6h\u00f6n kolmannen sektorin kanssa.\" \/>\n<meta property=\"og:url\" content=\"https:\/\/pellervo.fi\/vastuullisuus\/2024\/01\/26\/op-ryhma-ja-wwf-aloittavat-yhteistyon-luonnon-monimuotoisuuden-edistamiseksi-kestavan-talouden-edellytyksena-on-luonnon-hyvinvointi\/\" \/>\n<meta property=\"og:site_name\" content=\"Pellervo\" \/>\n<meta property=\"article:published_time\" content=\"2024-01-26T06:34:05+00:00\" \/>\n<meta property=\"article:modified_time\" content=\"2024-02-13T13:07:33+00:00\" \/>\n<meta property=\"og:image\" content=\"https:\/\/pellervo.fi\/wp-content\/uploads\/2022\/09\/OP-Ryhma-liikemerkki.png\" \/>\n\t<meta property=\"og:image:width\" content=\"908\" \/>\n\t<meta property=\"og:image:height\" content=\"908\" \/>\n\t<meta property=\"og:image:type\" content=\"image\/png\" \/>\n<meta name=\"author\" content=\"Hanna Muukka\" \/>\n<meta name=\"twitter:card\" content=\"summary_large_image\" \/>\n<meta name=\"twitter:creator\" content=\"@PellervoFi\" \/>\n<meta name=\"twitter:site\" content=\"@PellervoFi\" \/>\n<meta name=\"twitter:label1\" content=\"Written by\" \/>\n\t<meta name=\"twitter:data1\" content=\"Hanna Muukka\" \/>\n\t<meta name=\"twitter:label2\" content=\"Est. reading time\" \/>\n\t<meta name=\"twitter:data2\" content=\"2 minutes\" \/>\n<script type=\"application\/ld+json\" class=\"yoast-schema-graph\">{\"@context\":\"https:\\\/\\\/schema.org\",\"@graph\":[{\"@type\":\"Article\",\"@id\":\"https:\\\/\\\/pellervo.fi\\\/vastuullisuus\\\/2024\\\/01\\\/26\\\/op-ryhma-ja-wwf-aloittavat-yhteistyon-luonnon-monimuotoisuuden-edistamiseksi-kestavan-talouden-edellytyksena-on-luonnon-hyvinvointi\\\/#article\",\"isPartOf\":{\"@id\":\"https:\\\/\\\/pellervo.fi\\\/vastuullisuus\\\/2024\\\/01\\\/26\\\/op-ryhma-ja-wwf-aloittavat-yhteistyon-luonnon-monimuotoisuuden-edistamiseksi-kestavan-talouden-edellytyksena-on-luonnon-hyvinvointi\\\/\"},\"author\":{\"name\":\"Hanna Muukka\",\"@id\":\"https:\\\/\\\/pellervo.fi\\\/#\\\/schema\\\/person\\\/f001b7c670bab10e5236b09672d9e6a3\"},\"headline\":\"OP Ryhm\u00e4 ja WWF aloittavat yhteisty\u00f6n luonnon monimuotoisuuden edist\u00e4miseksi\",\"datePublished\":\"2024-01-26T06:34:05+00:00\",\"dateModified\":\"2024-02-13T13:07:33+00:00\",\"mainEntityOfPage\":{\"@id\":\"https:\\\/\\\/pellervo.fi\\\/vastuullisuus\\\/2024\\\/01\\\/26\\\/op-ryhma-ja-wwf-aloittavat-yhteistyon-luonnon-monimuotoisuuden-edistamiseksi-kestavan-talouden-edellytyksena-on-luonnon-hyvinvointi\\\/\"},\"wordCount\":342,\"publisher\":{\"@id\":\"https:\\\/\\\/pellervo.fi\\\/#organization\"},\"image\":{\"@id\":\"https:\\\/\\\/pellervo.fi\\\/vastuullisuus\\\/2024\\\/01\\\/26\\\/op-ryhma-ja-wwf-aloittavat-yhteistyon-luonnon-monimuotoisuuden-edistamiseksi-kestavan-talouden-edellytyksena-on-luonnon-hyvinvointi\\\/#primaryimage\"},\"thumbnailUrl\":\"https:\\\/\\\/pellervo.fi\\\/wp-content\\\/uploads\\\/2022\\\/09\\\/OP-Ryhma-liikemerkki.png\",\"articleSection\":[\"Vastuullisuus\"],\"inLanguage\":\"en-US\"},{\"@type\":\"WebPage\",\"@id\":\"https:\\\/\\\/pellervo.fi\\\/vastuullisuus\\\/2024\\\/01\\\/26\\\/op-ryhma-ja-wwf-aloittavat-yhteistyon-luonnon-monimuotoisuuden-edistamiseksi-kestavan-talouden-edellytyksena-on-luonnon-hyvinvointi\\\/\",\"url\":\"https:\\\/\\\/pellervo.fi\\\/vastuullisuus\\\/2024\\\/01\\\/26\\\/op-ryhma-ja-wwf-aloittavat-yhteistyon-luonnon-monimuotoisuuden-edistamiseksi-kestavan-talouden-edellytyksena-on-luonnon-hyvinvointi\\\/\",\"name\":\"OP Ryhm\u00e4 ja WWF aloittavat yhteisty\u00f6n luonnon monimuotoisuuden edist\u00e4miseksi - Pellervo\",\"isPartOf\":{\"@id\":\"https:\\\/\\\/pellervo.fi\\\/#website\"},\"primaryImageOfPage\":{\"@id\":\"https:\\\/\\\/pellervo.fi\\\/vastuullisuus\\\/2024\\\/01\\\/26\\\/op-ryhma-ja-wwf-aloittavat-yhteistyon-luonnon-monimuotoisuuden-edistamiseksi-kestavan-talouden-edellytyksena-on-luonnon-hyvinvointi\\\/#primaryimage\"},\"image\":{\"@id\":\"https:\\\/\\\/pellervo.fi\\\/vastuullisuus\\\/2024\\\/01\\\/26\\\/op-ryhma-ja-wwf-aloittavat-yhteistyon-luonnon-monimuotoisuuden-edistamiseksi-kestavan-talouden-edellytyksena-on-luonnon-hyvinvointi\\\/#primaryimage\"},\"thumbnailUrl\":\"https:\\\/\\\/pellervo.fi\\\/wp-content\\\/uploads\\\/2022\\\/09\\\/OP-Ryhma-liikemerkki.png\",\"datePublished\":\"2024-01-26T06:34:05+00:00\",\"dateModified\":\"2024-02-13T13:07:33+00:00\",\"breadcrumb\":{\"@id\":\"https:\\\/\\\/pellervo.fi\\\/vastuullisuus\\\/2024\\\/01\\\/26\\\/op-ryhma-ja-wwf-aloittavat-yhteistyon-luonnon-monimuotoisuuden-edistamiseksi-kestavan-talouden-edellytyksena-on-luonnon-hyvinvointi\\\/#breadcrumb\"},\"inLanguage\":\"en-US\",\"potentialAction\":[{\"@type\":\"ReadAction\",\"target\":[\"https:\\\/\\\/pellervo.fi\\\/vastuullisuus\\\/2024\\\/01\\\/26\\\/op-ryhma-ja-wwf-aloittavat-yhteistyon-luonnon-monimuotoisuuden-edistamiseksi-kestavan-talouden-edellytyksena-on-luonnon-hyvinvointi\\\/\"]}]},{\"@type\":\"ImageObject\",\"inLanguage\":\"en-US\",\"@id\":\"https:\\\/\\\/pellervo.fi\\\/vastuullisuus\\\/2024\\\/01\\\/26\\\/op-ryhma-ja-wwf-aloittavat-yhteistyon-luonnon-monimuotoisuuden-edistamiseksi-kestavan-talouden-edellytyksena-on-luonnon-hyvinvointi\\\/#primaryimage\",\"url\":\"https:\\\/\\\/pellervo.fi\\\/wp-content\\\/uploads\\\/2022\\\/09\\\/OP-Ryhma-liikemerkki.png\",\"contentUrl\":\"https:\\\/\\\/pellervo.fi\\\/wp-content\\\/uploads\\\/2022\\\/09\\\/OP-Ryhma-liikemerkki.png\",\"width\":908,\"height\":908},{\"@type\":\"BreadcrumbList\",\"@id\":\"https:\\\/\\\/pellervo.fi\\\/vastuullisuus\\\/2024\\\/01\\\/26\\\/op-ryhma-ja-wwf-aloittavat-yhteistyon-luonnon-monimuotoisuuden-edistamiseksi-kestavan-talouden-edellytyksena-on-luonnon-hyvinvointi\\\/#breadcrumb\",\"itemListElement\":[{\"@type\":\"ListItem\",\"position\":1,\"name\":\"Koti\",\"item\":\"https:\\\/\\\/pellervo.fi\\\/en\\\/\"},{\"@type\":\"ListItem\",\"position\":2,\"name\":\"OP Ryhm\u00e4 ja WWF aloittavat yhteisty\u00f6n luonnon monimuotoisuuden edist\u00e4miseksi\"}]},{\"@type\":\"WebSite\",\"@id\":\"https:\\\/\\\/pellervo.fi\\\/#website\",\"url\":\"https:\\\/\\\/pellervo.fi\\\/\",\"name\":\"Pellervo\",\"description\":\"Osuuskuntien keskusj\u00e4rjest\u00f6\",\"publisher\":{\"@id\":\"https:\\\/\\\/pellervo.fi\\\/#organization\"},\"potentialAction\":[{\"@type\":\"SearchAction\",\"target\":{\"@type\":\"EntryPoint\",\"urlTemplate\":\"https:\\\/\\\/pellervo.fi\\\/?s={search_term_string}\"},\"query-input\":{\"@type\":\"PropertyValueSpecification\",\"valueRequired\":true,\"valueName\":\"search_term_string\"}}],\"inLanguage\":\"en-US\"},{\"@type\":\"Organization\",\"@id\":\"https:\\\/\\\/pellervo.fi\\\/#organization\",\"name\":\"Osuustoimintakeskus Pellervo ry\",\"url\":\"https:\\\/\\\/pellervo.fi\\\/\",\"logo\":{\"@type\":\"ImageObject\",\"inLanguage\":\"en-US\",\"@id\":\"https:\\\/\\\/pellervo.fi\\\/#\\\/schema\\\/logo\\\/image\\\/\",\"url\":\"https:\\\/\\\/pellervo.fi\\\/wp-content\\\/uploads\\\/2020\\\/05\\\/Pellervo_logo.png\",\"contentUrl\":\"https:\\\/\\\/pellervo.fi\\\/wp-content\\\/uploads\\\/2020\\\/05\\\/Pellervo_logo.png\",\"width\":1335,\"height\":376,\"caption\":\"Osuustoimintakeskus Pellervo ry\"},\"image\":{\"@id\":\"https:\\\/\\\/pellervo.fi\\\/#\\\/schema\\\/logo\\\/image\\\/\"},\"sameAs\":[\"https:\\\/\\\/x.com\\\/PellervoFi\"]},{\"@type\":\"Person\",\"@id\":\"https:\\\/\\\/pellervo.fi\\\/#\\\/schema\\\/person\\\/f001b7c670bab10e5236b09672d9e6a3\",\"name\":\"Hanna Muukka\",\"image\":{\"@type\":\"ImageObject\",\"inLanguage\":\"en-US\",\"@id\":\"https:\\\/\\\/pellervo.fi\\\/wp-content\\\/uploads\\\/2014\\\/02\\\/Hanna-Muukka_avatar_1393417732-96x96.jpg\",\"url\":\"https:\\\/\\\/pellervo.fi\\\/wp-content\\\/uploads\\\/2014\\\/02\\\/Hanna-Muukka_avatar_1393417732-96x96.jpg\",\"contentUrl\":\"https:\\\/\\\/pellervo.fi\\\/wp-content\\\/uploads\\\/2014\\\/02\\\/Hanna-Muukka_avatar_1393417732-96x96.jpg\",\"caption\":\"Hanna Muukka\"},\"description\":\"Kirjoittaja ty\u00f6skentelee Osuustoimintakeskus Pellervossa vastuullisuusasiantuntijana.\",\"url\":\"https:\\\/\\\/pellervo.fi\\\/en\\\/author\\\/hannamuu\\\/\"}]}<\/script>\n<!-- \/ Yoast SEO plugin. -->","yoast_head_json":{"title":"OP Ryhm\u00e4 ja WWF aloittavat yhteisty\u00f6n luonnon monimuotoisuuden edist\u00e4miseksi - Pellervo","robots":{"index":"index","follow":"follow","max-snippet":"max-snippet:-1","max-image-preview":"max-image-preview:large","max-video-preview":"max-video-preview:-1"},"canonical":"https:\/\/pellervo.fi\/vastuullisuus\/2024\/01\/26\/op-ryhma-ja-wwf-aloittavat-yhteistyon-luonnon-monimuotoisuuden-edistamiseksi-kestavan-talouden-edellytyksena-on-luonnon-hyvinvointi\/","og_locale":"en_US","og_type":"article","og_title":"OP Ryhm\u00e4 ja WWF aloittavat yhteisty\u00f6n luonnon monimuotoisuuden edist\u00e4miseksi - Pellervo","og_description":"Kolmivuotinen laaja yhteisty\u00f6 WWF:n kanssa on osa OP Ryhm\u00e4n luonnon monimuotoisuuden vahvistamiseen t\u00e4ht\u00e4\u00e4v\u00e4\u00e4 vastuullisuusty\u00f6t\u00e4.\u00a0Suomen suurimpana finanssialan toimijana OP n\u00e5\u00e4kee t\u00e4rke\u00e4ksi panostaa oman ja asiakkaidensa ty\u00f6n lis\u00e4ksi yhteisty\u00f6h\u00f6n kolmannen sektorin kanssa.","og_url":"https:\/\/pellervo.fi\/vastuullisuus\/2024\/01\/26\/op-ryhma-ja-wwf-aloittavat-yhteistyon-luonnon-monimuotoisuuden-edistamiseksi-kestavan-talouden-edellytyksena-on-luonnon-hyvinvointi\/","og_site_name":"Pellervo","article_published_time":"2024-01-26T06:34:05+00:00","article_modified_time":"2024-02-13T13:07:33+00:00","og_image":[{"width":908,"height":908,"url":"https:\/\/pellervo.fi\/wp-content\/uploads\/2022\/09\/OP-Ryhma-liikemerkki.png","type":"image\/png"}],"author":"Hanna Muukka","twitter_card":"summary_large_image","twitter_creator":"@PellervoFi","twitter_site":"@PellervoFi","twitter_misc":{"Written by":"Hanna Muukka","Est. reading time":"2 minutes"},"schema":{"@context":"https:\/\/schema.org","@graph":[{"@type":"Article","@id":"https:\/\/pellervo.fi\/vastuullisuus\/2024\/01\/26\/op-ryhma-ja-wwf-aloittavat-yhteistyon-luonnon-monimuotoisuuden-edistamiseksi-kestavan-talouden-edellytyksena-on-luonnon-hyvinvointi\/#article","isPartOf":{"@id":"https:\/\/pellervo.fi\/vastuullisuus\/2024\/01\/26\/op-ryhma-ja-wwf-aloittavat-yhteistyon-luonnon-monimuotoisuuden-edistamiseksi-kestavan-talouden-edellytyksena-on-luonnon-hyvinvointi\/"},"author":{"name":"Hanna Muukka","@id":"https:\/\/pellervo.fi\/#\/schema\/person\/f001b7c670bab10e5236b09672d9e6a3"},"headline":"OP Ryhm\u00e4 ja WWF aloittavat yhteisty\u00f6n luonnon monimuotoisuuden edist\u00e4miseksi","datePublished":"2024-01-26T06:34:05+00:00","dateModified":"2024-02-13T13:07:33+00:00","mainEntityOfPage":{"@id":"https:\/\/pellervo.fi\/vastuullisuus\/2024\/01\/26\/op-ryhma-ja-wwf-aloittavat-yhteistyon-luonnon-monimuotoisuuden-edistamiseksi-kestavan-talouden-edellytyksena-on-luonnon-hyvinvointi\/"},"wordCount":342,"publisher":{"@id":"https:\/\/pellervo.fi\/#organization"},"image":{"@id":"https:\/\/pellervo.fi\/vastuullisuus\/2024\/01\/26\/op-ryhma-ja-wwf-aloittavat-yhteistyon-luonnon-monimuotoisuuden-edistamiseksi-kestavan-talouden-edellytyksena-on-luonnon-hyvinvointi\/#primaryimage"},"thumbnailUrl":"https:\/\/pellervo.fi\/wp-content\/uploads\/2022\/09\/OP-Ryhma-liikemerkki.png","articleSection":["Vastuullisuus"],"inLanguage":"en-US"},{"@type":"WebPage","@id":"https:\/\/pellervo.fi\/vastuullisuus\/2024\/01\/26\/op-ryhma-ja-wwf-aloittavat-yhteistyon-luonnon-monimuotoisuuden-edistamiseksi-kestavan-talouden-edellytyksena-on-luonnon-hyvinvointi\/","url":"https:\/\/pellervo.fi\/vastuullisuus\/2024\/01\/26\/op-ryhma-ja-wwf-aloittavat-yhteistyon-luonnon-monimuotoisuuden-edistamiseksi-kestavan-talouden-edellytyksena-on-luonnon-hyvinvointi\/","name":"OP Ryhm\u00e4 ja WWF aloittavat yhteisty\u00f6n luonnon monimuotoisuuden edist\u00e4miseksi - Pellervo","isPartOf":{"@id":"https:\/\/pellervo.fi\/#website"},"primaryImageOfPage":{"@id":"https:\/\/pellervo.fi\/vastuullisuus\/2024\/01\/26\/op-ryhma-ja-wwf-aloittavat-yhteistyon-luonnon-monimuotoisuuden-edistamiseksi-kestavan-talouden-edellytyksena-on-luonnon-hyvinvointi\/#primaryimage"},"image":{"@id":"https:\/\/pellervo.fi\/vastuullisuus\/2024\/01\/26\/op-ryhma-ja-wwf-aloittavat-yhteistyon-luonnon-monimuotoisuuden-edistamiseksi-kestavan-talouden-edellytyksena-on-luonnon-hyvinvointi\/#primaryimage"},"thumbnailUrl":"https:\/\/pellervo.fi\/wp-content\/uploads\/2022\/09\/OP-Ryhma-liikemerkki.png","datePublished":"2024-01-26T06:34:05+00:00","dateModified":"2024-02-13T13:07:33+00:00","breadcrumb":{"@id":"https:\/\/pellervo.fi\/vastuullisuus\/2024\/01\/26\/op-ryhma-ja-wwf-aloittavat-yhteistyon-luonnon-monimuotoisuuden-edistamiseksi-kestavan-talouden-edellytyksena-on-luonnon-hyvinvointi\/#breadcrumb"},"inLanguage":"en-US","potentialAction":[{"@type":"ReadAction","target":["https:\/\/pellervo.fi\/vastuullisuus\/2024\/01\/26\/op-ryhma-ja-wwf-aloittavat-yhteistyon-luonnon-monimuotoisuuden-edistamiseksi-kestavan-talouden-edellytyksena-on-luonnon-hyvinvointi\/"]}]},{"@type":"ImageObject","inLanguage":"en-US","@id":"https:\/\/pellervo.fi\/vastuullisuus\/2024\/01\/26\/op-ryhma-ja-wwf-aloittavat-yhteistyon-luonnon-monimuotoisuuden-edistamiseksi-kestavan-talouden-edellytyksena-on-luonnon-hyvinvointi\/#primaryimage","url":"https:\/\/pellervo.fi\/wp-content\/uploads\/2022\/09\/OP-Ryhma-liikemerkki.png","contentUrl":"https:\/\/pellervo.fi\/wp-content\/uploads\/2022\/09\/OP-Ryhma-liikemerkki.png","width":908,"height":908},{"@type":"BreadcrumbList","@id":"https:\/\/pellervo.fi\/vastuullisuus\/2024\/01\/26\/op-ryhma-ja-wwf-aloittavat-yhteistyon-luonnon-monimuotoisuuden-edistamiseksi-kestavan-talouden-edellytyksena-on-luonnon-hyvinvointi\/#breadcrumb","itemListElement":[{"@type":"ListItem","position":1,"name":"Koti","item":"https:\/\/pellervo.fi\/en\/"},{"@type":"ListItem","position":2,"name":"OP Ryhm\u00e4 ja WWF aloittavat yhteisty\u00f6n luonnon monimuotoisuuden edist\u00e4miseksi"}]},{"@type":"WebSite","@id":"https:\/\/pellervo.fi\/#website","url":"https:\/\/pellervo.fi\/","name":"Pellervo","description":"Osuuskuntien keskusj\u00e4rjest\u00f6","publisher":{"@id":"https:\/\/pellervo.fi\/#organization"},"potentialAction":[{"@type":"SearchAction","target":{"@type":"EntryPoint","urlTemplate":"https:\/\/pellervo.fi\/?s={search_term_string}"},"query-input":{"@type":"PropertyValueSpecification","valueRequired":true,"valueName":"search_term_string"}}],"inLanguage":"en-US"},{"@type":"Organization","@id":"https:\/\/pellervo.fi\/#organization","name":"Osuustoimintakeskus Pellervo ry","url":"https:\/\/pellervo.fi\/","logo":{"@type":"ImageObject","inLanguage":"en-US","@id":"https:\/\/pellervo.fi\/#\/schema\/logo\/image\/","url":"https:\/\/pellervo.fi\/wp-content\/uploads\/2020\/05\/Pellervo_logo.png","contentUrl":"https:\/\/pellervo.fi\/wp-content\/uploads\/2020\/05\/Pellervo_logo.png","width":1335,"height":376,"caption":"Osuustoimintakeskus Pellervo ry"},"image":{"@id":"https:\/\/pellervo.fi\/#\/schema\/logo\/image\/"},"sameAs":["https:\/\/x.com\/PellervoFi"]},{"@type":"Person","@id":"https:\/\/pellervo.fi\/#\/schema\/person\/f001b7c670bab10e5236b09672d9e6a3","name":"Hanna Muukka","image":{"@type":"ImageObject","inLanguage":"en-US","@id":"https:\/\/pellervo.fi\/wp-content\/uploads\/2014\/02\/Hanna-Muukka_avatar_1393417732-96x96.jpg","url":"https:\/\/pellervo.fi\/wp-content\/uploads\/2014\/02\/Hanna-Muukka_avatar_1393417732-96x96.jpg","contentUrl":"https:\/\/pellervo.fi\/wp-content\/uploads\/2014\/02\/Hanna-Muukka_avatar_1393417732-96x96.jpg","caption":"Hanna Muukka"},"description":"Kirjoittaja ty\u00f6skentelee Osuustoimintakeskus Pellervossa vastuullisuusasiantuntijana.","url":"https:\/\/pellervo.fi\/en\/author\/hannamuu\/"}]}},"_links":{"self":[{"href":"https:\/\/pellervo.fi\/en\/wp-json\/wp\/v2\/posts\/897062","targetHints":{"allow":["GET"]}}],"collection":[{"href":"https:\/\/pellervo.fi\/en\/wp-json\/wp\/v2\/posts"}],"about":[{"href":"https:\/\/pellervo.fi\/en\/wp-json\/wp\/v2\/types\/post"}],"author":[{"embeddable":true,"href":"https:\/\/pellervo.fi\/en\/wp-json\/wp\/v2\/users\/6"}],"replies":[{"embeddable":true,"href":"https:\/\/pellervo.fi\/en\/wp-json\/wp\/v2\/comments?post=897062"}],"version-history":[{"count":2,"href":"https:\/\/pellervo.fi\/en\/wp-json\/wp\/v2\/posts\/897062\/revisions"}],"predecessor-version":[{"id":897119,"href":"https:\/\/pellervo.fi\/en\/wp-json\/wp\/v2\/posts\/897062\/revisions\/897119"}],"wp:featuredmedia":[{"embeddable":true,"href":"https:\/\/pellervo.fi\/en\/wp-json\/wp\/v2\/media\/893931"}],"wp:attachment":[{"href":"https:\/\/pellervo.fi\/en\/wp-json\/wp\/v2\/media?parent=897062"}],"wp:term":[{"taxonomy":"category","embeddable":true,"href":"https:\/\/pellervo.fi\/en\/wp-json\/wp\/v2\/categories?post=897062"},{"taxonomy":"post_tag","embeddable":true,"href":"https:\/\/pellervo.fi\/en\/wp-json\/wp\/v2\/tags?post=897062"}],"curies":[{"name":"wp","href":"https:\/\/api.w.org\/{rel}","templated":true}]}}