{"id":897360,"date":"2024-04-12T11:57:44","date_gmt":"2024-04-12T08:57:44","guid":{"rendered":"https:\/\/pellervo.fi\/?p=897360"},"modified":"2024-04-18T15:09:00","modified_gmt":"2024-04-18T12:09:00","slug":"hannu-krookille-ja-marjaana-saariselle-kultaiset-gebhard-mitalit","status":"publish","type":"post","link":"https:\/\/pellervo.fi\/en\/jarjesto\/2024\/04\/12\/hannu-krookille-ja-marjaana-saariselle-kultaiset-gebhard-mitalit\/","title":{"rendered":"Hannu Krookille ja Marjaana Saarikoskelle kultaiset Gebhard-mitalit"},"content":{"rendered":"\n<p><strong>SOK:n p\u00e4\u00e4johtaja Hannu Krookille ja johtaja Marjaana Saarikoskelle jaettiin Pellervon vuosikokouksen yhteydess\u00e4 kultaiset Gebhard-mitalit kiitoksena heid\u00e4n mittavasta ty\u00f6st\u00e4\u00e4n osuustoiminnan hyv\u00e4ksi. Marjaana Saarikoski toimi mm. vuosia osuustoiminnan maailmanliiton ICA:n hallituksessa paitsi S-ryhm\u00e4n niin my\u00f6s Suomen ja pohjoisen Euroopan edustajana.\u00a0<\/strong><\/p>\n<p>Lis\u00e4ksi vuosikokouksessa jaettiin tunnustuksena osuustoiminnan ansioista hopeiset Gebhard-mitalit LSO:n toimitusjohtaja <strong>Veikko Kempille<\/strong>, tutkimusjohtaja <strong>Pasi Saarnivaaralle<\/strong> Kantar Agrista, Pellervon valtuuskunnan varapuheenjohtaja <strong>Jussi Suomaalle <\/strong>ja Satakunnan osuuskaupan toimitusjohtaja <strong>Harri Tuomelle<\/strong>. Pronssiset mitalit jaettiin vastuullisuusjohtaja <strong>Satu Niemel\u00e4lle<\/strong> Tradekasta, apulaisprofessori <strong>Antti Taloselle<\/strong> It\u00e4-Suomen yliopistosta ja hallituksen puheenjohtaja <strong>Doris Tuohimaalle <\/strong>PuskaPromotion osuuskunnasta.\u00a0<\/p>\n<figure id=\"attachment_897442\" aria-describedby=\"caption-attachment-897442\" style=\"width: 840px\" class=\"wp-caption alignnone\"><img loading=\"lazy\" decoding=\"async\" class=\"wp-image-897442 size-large\" src=\"https:\/\/pellervo.fi\/wp-content\/uploads\/2024\/04\/doris-tuohimaa-mitali-840x560.jpg\" alt=\"\" width=\"840\" height=\"560\" srcset=\"https:\/\/pellervo.fi\/wp-content\/uploads\/2024\/04\/doris-tuohimaa-mitali-840x560.jpg 840w, https:\/\/pellervo.fi\/wp-content\/uploads\/2024\/04\/doris-tuohimaa-mitali-150x100.jpg 150w, https:\/\/pellervo.fi\/wp-content\/uploads\/2024\/04\/doris-tuohimaa-mitali-768x512.jpg 768w, https:\/\/pellervo.fi\/wp-content\/uploads\/2024\/04\/doris-tuohimaa-mitali.jpg 1000w\" sizes=\"auto, (max-width: 840px) 100vw, 840px\" \/><figcaption id=\"caption-attachment-897442\" class=\"wp-caption-text\">PuskaPromotion osuuskunnan hallituksen puheenjohtaja Doris Tuohimaa sai pronssisen Gebhard-mitalinsa Pellervon P\u00e4iv\u00e4n -seminaarin aluksi. Pellervon hallituksen puheenjohtaja Petri Pitk\u00e4nen ojensi mitalin.<\/figcaption><\/figure>\n<p>Osuustoiminnan Keskusj\u00e4rjest\u00f6 Pellervon vuosikokous j\u00e4rjestettiin Sokos Hotel Triplassa torstaina 11. huhtikuuta 2024.\u00a0 Pellervon hallitus on p\u00e4\u00e4tt\u00e4nyt my\u00f6s seuraavista Gebhard-mitaleista, joita ei kuitenkaan viel\u00e4 p\u00e4\u00e4sty jakamaan: kultainen hallituksen puheenjohtaja <strong>Seppo Kiet\u00e4v\u00e4iselle<\/strong> Suur-Savon Osuuspankista ja hopeinen osuuskuntaoikeuden professori <strong>Jukka M\u00e4h\u00f6selle<\/strong> Helsingin yliopistosta sek\u00e4 <strong>Pasi P\u00e4rn\u00e4selle<\/strong> Munakunnasta.\u00a0 \u00a0\u00a0<\/p>\n","protected":false},"excerpt":{"rendered":"","protected":false},"author":5,"featured_media":897363,"comment_status":"closed","ping_status":"closed","sticky":false,"template":"","format":"standard","meta":{"inline_featured_image":false,"_monsterinsights_skip_tracking":false,"_monsterinsights_sitenote_active":false,"_monsterinsights_sitenote_note":"","_monsterinsights_sitenote_category":0,"site-sidebar-layout":"default","site-content-layout":"","ast-site-content-layout":"default","site-content-style":"default","site-sidebar-style":"default","ast-global-header-display":"","ast-banner-title-visibility":"","ast-main-header-display":"","ast-hfb-above-header-display":"","ast-hfb-below-header-display":"","ast-hfb-mobile-header-display":"","site-post-title":"","ast-breadcrumbs-content":"","ast-featured-img":"","footer-sml-layout":"","ast-disable-related-posts":"","theme-transparent-header-meta":"","adv-header-id-meta":"","stick-header-meta":"","header-above-stick-meta":"","header-main-stick-meta":"","header-below-stick-meta":"","astra-migrate-meta-layouts":"set","ast-page-background-enabled":"default","ast-page-background-meta":{"desktop":{"background-color":"","background-image":"","background-repeat":"repeat","background-position":"center center","background-size":"auto","background-attachment":"scroll","background-type":"","background-media":"","overlay-type":"","overlay-color":"","overlay-opacity":"","overlay-gradient":""},"tablet":{"background-color":"","background-image":"","background-repeat":"repeat","background-position":"center center","background-size":"auto","background-attachment":"scroll","background-type":"","background-media":"","overlay-type":"","overlay-color":"","overlay-opacity":"","overlay-gradient":""},"mobile":{"background-color":"","background-image":"","background-repeat":"repeat","background-position":"center center","background-size":"auto","background-attachment":"scroll","background-type":"","background-media":"","overlay-type":"","overlay-color":"","overlay-opacity":"","overlay-gradient":""}},"ast-content-background-meta":{"desktop":{"background-color":"var(--ast-global-color-5)","background-image":"","background-repeat":"repeat","background-position":"center center","background-size":"auto","background-attachment":"scroll","background-type":"","background-media":"","overlay-type":"","overlay-color":"","overlay-opacity":"","overlay-gradient":""},"tablet":{"background-color":"var(--ast-global-color-5)","background-image":"","background-repeat":"repeat","background-position":"center center","background-size":"auto","background-attachment":"scroll","background-type":"","background-media":"","overlay-type":"","overlay-color":"","overlay-opacity":"","overlay-gradient":""},"mobile":{"background-color":"var(--ast-global-color-5)","background-image":"","background-repeat":"repeat","background-position":"center center","background-size":"auto","background-attachment":"scroll","background-type":"","background-media":"","overlay-type":"","overlay-color":"","overlay-opacity":"","overlay-gradient":""}},"_FSMCFIC_featured_image_caption":"","_FSMCFIC_featured_image_nocaption":"","_FSMCFIC_featured_image_hide":"","footnotes":""},"categories":[71],"tags":[],"class_list":["post-897360","post","type-post","status-publish","format-standard","has-post-thumbnail","hentry","category-jarjesto"],"yoast_head":"<!-- This site is optimized with the Yoast SEO plugin v27.5 - https:\/\/yoast.com\/product\/yoast-seo-wordpress\/ -->\n<title>Hannu Krookille ja Marjaana Saarikoskelle kultaiset Gebhard-mitalit - Pellervo<\/title>\n<meta name=\"description\" content=\"Pellervon vuosikokouksessa jaettiin sek\u00e4 kultaisia, hopeisia ett\u00e4 pronssisia Gebhard-mitaleita kiitoksena osuustoiminnan hyv\u00e4ksi tehdyst\u00e4 ty\u00f6st\u00e4.\" \/>\n<meta name=\"robots\" content=\"index, follow, max-snippet:-1, max-image-preview:large, max-video-preview:-1\" \/>\n<link rel=\"canonical\" href=\"https:\/\/pellervo.fi\/jarjesto\/2024\/04\/12\/hannu-krookille-ja-marjaana-saariselle-kultaiset-gebhard-mitalit\/\" \/>\n<meta property=\"og:locale\" content=\"en_US\" \/>\n<meta property=\"og:type\" content=\"article\" \/>\n<meta property=\"og:title\" content=\"Hannu Krookille ja Marjaana Saarikoskelle kultaiset Gebhard-mitalit - Pellervo\" \/>\n<meta property=\"og:description\" content=\"Pellervon vuosikokouksessa jaettiin sek\u00e4 kultaisia, hopeisia ett\u00e4 pronssisia Gebhard-mitaleita kiitoksena osuustoiminnan hyv\u00e4ksi tehdyst\u00e4 ty\u00f6st\u00e4.\" \/>\n<meta property=\"og:url\" content=\"https:\/\/pellervo.fi\/jarjesto\/2024\/04\/12\/hannu-krookille-ja-marjaana-saariselle-kultaiset-gebhard-mitalit\/\" \/>\n<meta property=\"og:site_name\" content=\"Pellervo\" \/>\n<meta property=\"article:published_time\" content=\"2024-04-12T08:57:44+00:00\" \/>\n<meta property=\"article:modified_time\" content=\"2024-04-18T12:09:00+00:00\" \/>\n<meta property=\"og:image\" content=\"https:\/\/pellervo.fi\/wp-content\/uploads\/2024\/04\/Gebhard_palkitut-Kuva-Markku-Pulkkinen-scaled.jpg\" \/>\n\t<meta property=\"og:image:width\" content=\"2560\" \/>\n\t<meta property=\"og:image:height\" content=\"1709\" \/>\n\t<meta property=\"og:image:type\" content=\"image\/jpeg\" \/>\n<meta name=\"author\" content=\"pellervo\" \/>\n<meta name=\"twitter:card\" content=\"summary_large_image\" \/>\n<meta name=\"twitter:creator\" content=\"@PellervoFi\" \/>\n<meta name=\"twitter:site\" content=\"@PellervoFi\" \/>\n<meta name=\"twitter:label1\" content=\"Written by\" \/>\n\t<meta name=\"twitter:data1\" content=\"pellervo\" \/>\n\t<meta name=\"twitter:label2\" content=\"Est. reading time\" \/>\n\t<meta name=\"twitter:data2\" content=\"2 minutes\" \/>\n<script type=\"application\/ld+json\" class=\"yoast-schema-graph\">{\"@context\":\"https:\\\/\\\/schema.org\",\"@graph\":[{\"@type\":\"Article\",\"@id\":\"https:\\\/\\\/pellervo.fi\\\/jarjesto\\\/2024\\\/04\\\/12\\\/hannu-krookille-ja-marjaana-saariselle-kultaiset-gebhard-mitalit\\\/#article\",\"isPartOf\":{\"@id\":\"https:\\\/\\\/pellervo.fi\\\/jarjesto\\\/2024\\\/04\\\/12\\\/hannu-krookille-ja-marjaana-saariselle-kultaiset-gebhard-mitalit\\\/\"},\"author\":{\"name\":\"pellervo\",\"@id\":\"https:\\\/\\\/pellervo.fi\\\/#\\\/schema\\\/person\\\/4b74d40956937d1367ade81899997e71\"},\"headline\":\"Hannu Krookille ja Marjaana Saarikoskelle kultaiset Gebhard-mitalit\",\"datePublished\":\"2024-04-12T08:57:44+00:00\",\"dateModified\":\"2024-04-18T12:09:00+00:00\",\"mainEntityOfPage\":{\"@id\":\"https:\\\/\\\/pellervo.fi\\\/jarjesto\\\/2024\\\/04\\\/12\\\/hannu-krookille-ja-marjaana-saariselle-kultaiset-gebhard-mitalit\\\/\"},\"wordCount\":189,\"publisher\":{\"@id\":\"https:\\\/\\\/pellervo.fi\\\/#organization\"},\"image\":{\"@id\":\"https:\\\/\\\/pellervo.fi\\\/jarjesto\\\/2024\\\/04\\\/12\\\/hannu-krookille-ja-marjaana-saariselle-kultaiset-gebhard-mitalit\\\/#primaryimage\"},\"thumbnailUrl\":\"https:\\\/\\\/pellervo.fi\\\/wp-content\\\/uploads\\\/2024\\\/04\\\/Gebhard_palkitut-Kuva-Markku-Pulkkinen-scaled.jpg\",\"articleSection\":[\"J\u00e4rjest\u00f6\"],\"inLanguage\":\"en-US\"},{\"@type\":\"WebPage\",\"@id\":\"https:\\\/\\\/pellervo.fi\\\/jarjesto\\\/2024\\\/04\\\/12\\\/hannu-krookille-ja-marjaana-saariselle-kultaiset-gebhard-mitalit\\\/\",\"url\":\"https:\\\/\\\/pellervo.fi\\\/jarjesto\\\/2024\\\/04\\\/12\\\/hannu-krookille-ja-marjaana-saariselle-kultaiset-gebhard-mitalit\\\/\",\"name\":\"Hannu Krookille ja Marjaana Saarikoskelle kultaiset Gebhard-mitalit - Pellervo\",\"isPartOf\":{\"@id\":\"https:\\\/\\\/pellervo.fi\\\/#website\"},\"primaryImageOfPage\":{\"@id\":\"https:\\\/\\\/pellervo.fi\\\/jarjesto\\\/2024\\\/04\\\/12\\\/hannu-krookille-ja-marjaana-saariselle-kultaiset-gebhard-mitalit\\\/#primaryimage\"},\"image\":{\"@id\":\"https:\\\/\\\/pellervo.fi\\\/jarjesto\\\/2024\\\/04\\\/12\\\/hannu-krookille-ja-marjaana-saariselle-kultaiset-gebhard-mitalit\\\/#primaryimage\"},\"thumbnailUrl\":\"https:\\\/\\\/pellervo.fi\\\/wp-content\\\/uploads\\\/2024\\\/04\\\/Gebhard_palkitut-Kuva-Markku-Pulkkinen-scaled.jpg\",\"datePublished\":\"2024-04-12T08:57:44+00:00\",\"dateModified\":\"2024-04-18T12:09:00+00:00\",\"description\":\"Pellervon vuosikokouksessa jaettiin sek\u00e4 kultaisia, hopeisia ett\u00e4 pronssisia Gebhard-mitaleita kiitoksena osuustoiminnan hyv\u00e4ksi tehdyst\u00e4 ty\u00f6st\u00e4.\",\"breadcrumb\":{\"@id\":\"https:\\\/\\\/pellervo.fi\\\/jarjesto\\\/2024\\\/04\\\/12\\\/hannu-krookille-ja-marjaana-saariselle-kultaiset-gebhard-mitalit\\\/#breadcrumb\"},\"inLanguage\":\"en-US\",\"potentialAction\":[{\"@type\":\"ReadAction\",\"target\":[\"https:\\\/\\\/pellervo.fi\\\/jarjesto\\\/2024\\\/04\\\/12\\\/hannu-krookille-ja-marjaana-saariselle-kultaiset-gebhard-mitalit\\\/\"]}]},{\"@type\":\"ImageObject\",\"inLanguage\":\"en-US\",\"@id\":\"https:\\\/\\\/pellervo.fi\\\/jarjesto\\\/2024\\\/04\\\/12\\\/hannu-krookille-ja-marjaana-saariselle-kultaiset-gebhard-mitalit\\\/#primaryimage\",\"url\":\"https:\\\/\\\/pellervo.fi\\\/wp-content\\\/uploads\\\/2024\\\/04\\\/Gebhard_palkitut-Kuva-Markku-Pulkkinen-scaled.jpg\",\"contentUrl\":\"https:\\\/\\\/pellervo.fi\\\/wp-content\\\/uploads\\\/2024\\\/04\\\/Gebhard_palkitut-Kuva-Markku-Pulkkinen-scaled.jpg\",\"width\":2560,\"height\":1709,\"caption\":\"KUva: Markku Pulkkinen\"},{\"@type\":\"BreadcrumbList\",\"@id\":\"https:\\\/\\\/pellervo.fi\\\/jarjesto\\\/2024\\\/04\\\/12\\\/hannu-krookille-ja-marjaana-saariselle-kultaiset-gebhard-mitalit\\\/#breadcrumb\",\"itemListElement\":[{\"@type\":\"ListItem\",\"position\":1,\"name\":\"Koti\",\"item\":\"https:\\\/\\\/pellervo.fi\\\/en\\\/\"},{\"@type\":\"ListItem\",\"position\":2,\"name\":\"Hannu Krookille ja Marjaana Saarikoskelle kultaiset Gebhard-mitalit\"}]},{\"@type\":\"WebSite\",\"@id\":\"https:\\\/\\\/pellervo.fi\\\/#website\",\"url\":\"https:\\\/\\\/pellervo.fi\\\/\",\"name\":\"Pellervo\",\"description\":\"Osuuskuntien keskusj\u00e4rjest\u00f6\",\"publisher\":{\"@id\":\"https:\\\/\\\/pellervo.fi\\\/#organization\"},\"potentialAction\":[{\"@type\":\"SearchAction\",\"target\":{\"@type\":\"EntryPoint\",\"urlTemplate\":\"https:\\\/\\\/pellervo.fi\\\/?s={search_term_string}\"},\"query-input\":{\"@type\":\"PropertyValueSpecification\",\"valueRequired\":true,\"valueName\":\"search_term_string\"}}],\"inLanguage\":\"en-US\"},{\"@type\":\"Organization\",\"@id\":\"https:\\\/\\\/pellervo.fi\\\/#organization\",\"name\":\"Osuustoimintakeskus Pellervo ry\",\"url\":\"https:\\\/\\\/pellervo.fi\\\/\",\"logo\":{\"@type\":\"ImageObject\",\"inLanguage\":\"en-US\",\"@id\":\"https:\\\/\\\/pellervo.fi\\\/#\\\/schema\\\/logo\\\/image\\\/\",\"url\":\"https:\\\/\\\/pellervo.fi\\\/wp-content\\\/uploads\\\/2020\\\/05\\\/Pellervo_logo.png\",\"contentUrl\":\"https:\\\/\\\/pellervo.fi\\\/wp-content\\\/uploads\\\/2020\\\/05\\\/Pellervo_logo.png\",\"width\":1335,\"height\":376,\"caption\":\"Osuustoimintakeskus Pellervo ry\"},\"image\":{\"@id\":\"https:\\\/\\\/pellervo.fi\\\/#\\\/schema\\\/logo\\\/image\\\/\"},\"sameAs\":[\"https:\\\/\\\/x.com\\\/PellervoFi\"]},{\"@type\":\"Person\",\"@id\":\"https:\\\/\\\/pellervo.fi\\\/#\\\/schema\\\/person\\\/4b74d40956937d1367ade81899997e71\",\"name\":\"pellervo\",\"image\":{\"@type\":\"ImageObject\",\"inLanguage\":\"en-US\",\"@id\":\"https:\\\/\\\/pellervo.fi\\\/wp-content\\\/uploads\\\/2013\\\/11\\\/pellervo_avatar_1384522134-96x96.jpg\",\"url\":\"https:\\\/\\\/pellervo.fi\\\/wp-content\\\/uploads\\\/2013\\\/11\\\/pellervo_avatar_1384522134-96x96.jpg\",\"contentUrl\":\"https:\\\/\\\/pellervo.fi\\\/wp-content\\\/uploads\\\/2013\\\/11\\\/pellervo_avatar_1384522134-96x96.jpg\",\"caption\":\"pellervo\"},\"description\":\"Kuvaus\",\"url\":\"https:\\\/\\\/pellervo.fi\\\/en\\\/author\\\/pellervo\\\/\"}]}<\/script>\n<!-- \/ Yoast SEO plugin. -->","yoast_head_json":{"title":"Hannu Krookille ja Marjaana Saarikoskelle kultaiset Gebhard-mitalit - Pellervo","description":"Pellervon vuosikokouksessa jaettiin sek\u00e4 kultaisia, hopeisia ett\u00e4 pronssisia Gebhard-mitaleita kiitoksena osuustoiminnan hyv\u00e4ksi tehdyst\u00e4 ty\u00f6st\u00e4.","robots":{"index":"index","follow":"follow","max-snippet":"max-snippet:-1","max-image-preview":"max-image-preview:large","max-video-preview":"max-video-preview:-1"},"canonical":"https:\/\/pellervo.fi\/jarjesto\/2024\/04\/12\/hannu-krookille-ja-marjaana-saariselle-kultaiset-gebhard-mitalit\/","og_locale":"en_US","og_type":"article","og_title":"Hannu Krookille ja Marjaana Saarikoskelle kultaiset Gebhard-mitalit - Pellervo","og_description":"Pellervon vuosikokouksessa jaettiin sek\u00e4 kultaisia, hopeisia ett\u00e4 pronssisia Gebhard-mitaleita kiitoksena osuustoiminnan hyv\u00e4ksi tehdyst\u00e4 ty\u00f6st\u00e4.","og_url":"https:\/\/pellervo.fi\/jarjesto\/2024\/04\/12\/hannu-krookille-ja-marjaana-saariselle-kultaiset-gebhard-mitalit\/","og_site_name":"Pellervo","article_published_time":"2024-04-12T08:57:44+00:00","article_modified_time":"2024-04-18T12:09:00+00:00","og_image":[{"width":2560,"height":1709,"url":"https:\/\/pellervo.fi\/wp-content\/uploads\/2024\/04\/Gebhard_palkitut-Kuva-Markku-Pulkkinen-scaled.jpg","type":"image\/jpeg"}],"author":"pellervo","twitter_card":"summary_large_image","twitter_creator":"@PellervoFi","twitter_site":"@PellervoFi","twitter_misc":{"Written by":"pellervo","Est. reading time":"2 minutes"},"schema":{"@context":"https:\/\/schema.org","@graph":[{"@type":"Article","@id":"https:\/\/pellervo.fi\/jarjesto\/2024\/04\/12\/hannu-krookille-ja-marjaana-saariselle-kultaiset-gebhard-mitalit\/#article","isPartOf":{"@id":"https:\/\/pellervo.fi\/jarjesto\/2024\/04\/12\/hannu-krookille-ja-marjaana-saariselle-kultaiset-gebhard-mitalit\/"},"author":{"name":"pellervo","@id":"https:\/\/pellervo.fi\/#\/schema\/person\/4b74d40956937d1367ade81899997e71"},"headline":"Hannu Krookille ja Marjaana Saarikoskelle kultaiset Gebhard-mitalit","datePublished":"2024-04-12T08:57:44+00:00","dateModified":"2024-04-18T12:09:00+00:00","mainEntityOfPage":{"@id":"https:\/\/pellervo.fi\/jarjesto\/2024\/04\/12\/hannu-krookille-ja-marjaana-saariselle-kultaiset-gebhard-mitalit\/"},"wordCount":189,"publisher":{"@id":"https:\/\/pellervo.fi\/#organization"},"image":{"@id":"https:\/\/pellervo.fi\/jarjesto\/2024\/04\/12\/hannu-krookille-ja-marjaana-saariselle-kultaiset-gebhard-mitalit\/#primaryimage"},"thumbnailUrl":"https:\/\/pellervo.fi\/wp-content\/uploads\/2024\/04\/Gebhard_palkitut-Kuva-Markku-Pulkkinen-scaled.jpg","articleSection":["J\u00e4rjest\u00f6"],"inLanguage":"en-US"},{"@type":"WebPage","@id":"https:\/\/pellervo.fi\/jarjesto\/2024\/04\/12\/hannu-krookille-ja-marjaana-saariselle-kultaiset-gebhard-mitalit\/","url":"https:\/\/pellervo.fi\/jarjesto\/2024\/04\/12\/hannu-krookille-ja-marjaana-saariselle-kultaiset-gebhard-mitalit\/","name":"Hannu Krookille ja Marjaana Saarikoskelle kultaiset Gebhard-mitalit - Pellervo","isPartOf":{"@id":"https:\/\/pellervo.fi\/#website"},"primaryImageOfPage":{"@id":"https:\/\/pellervo.fi\/jarjesto\/2024\/04\/12\/hannu-krookille-ja-marjaana-saariselle-kultaiset-gebhard-mitalit\/#primaryimage"},"image":{"@id":"https:\/\/pellervo.fi\/jarjesto\/2024\/04\/12\/hannu-krookille-ja-marjaana-saariselle-kultaiset-gebhard-mitalit\/#primaryimage"},"thumbnailUrl":"https:\/\/pellervo.fi\/wp-content\/uploads\/2024\/04\/Gebhard_palkitut-Kuva-Markku-Pulkkinen-scaled.jpg","datePublished":"2024-04-12T08:57:44+00:00","dateModified":"2024-04-18T12:09:00+00:00","description":"Pellervon vuosikokouksessa jaettiin sek\u00e4 kultaisia, hopeisia ett\u00e4 pronssisia Gebhard-mitaleita kiitoksena osuustoiminnan hyv\u00e4ksi tehdyst\u00e4 ty\u00f6st\u00e4.","breadcrumb":{"@id":"https:\/\/pellervo.fi\/jarjesto\/2024\/04\/12\/hannu-krookille-ja-marjaana-saariselle-kultaiset-gebhard-mitalit\/#breadcrumb"},"inLanguage":"en-US","potentialAction":[{"@type":"ReadAction","target":["https:\/\/pellervo.fi\/jarjesto\/2024\/04\/12\/hannu-krookille-ja-marjaana-saariselle-kultaiset-gebhard-mitalit\/"]}]},{"@type":"ImageObject","inLanguage":"en-US","@id":"https:\/\/pellervo.fi\/jarjesto\/2024\/04\/12\/hannu-krookille-ja-marjaana-saariselle-kultaiset-gebhard-mitalit\/#primaryimage","url":"https:\/\/pellervo.fi\/wp-content\/uploads\/2024\/04\/Gebhard_palkitut-Kuva-Markku-Pulkkinen-scaled.jpg","contentUrl":"https:\/\/pellervo.fi\/wp-content\/uploads\/2024\/04\/Gebhard_palkitut-Kuva-Markku-Pulkkinen-scaled.jpg","width":2560,"height":1709,"caption":"KUva: Markku Pulkkinen"},{"@type":"BreadcrumbList","@id":"https:\/\/pellervo.fi\/jarjesto\/2024\/04\/12\/hannu-krookille-ja-marjaana-saariselle-kultaiset-gebhard-mitalit\/#breadcrumb","itemListElement":[{"@type":"ListItem","position":1,"name":"Koti","item":"https:\/\/pellervo.fi\/en\/"},{"@type":"ListItem","position":2,"name":"Hannu Krookille ja Marjaana Saarikoskelle kultaiset Gebhard-mitalit"}]},{"@type":"WebSite","@id":"https:\/\/pellervo.fi\/#website","url":"https:\/\/pellervo.fi\/","name":"Pellervo","description":"Osuuskuntien keskusj\u00e4rjest\u00f6","publisher":{"@id":"https:\/\/pellervo.fi\/#organization"},"potentialAction":[{"@type":"SearchAction","target":{"@type":"EntryPoint","urlTemplate":"https:\/\/pellervo.fi\/?s={search_term_string}"},"query-input":{"@type":"PropertyValueSpecification","valueRequired":true,"valueName":"search_term_string"}}],"inLanguage":"en-US"},{"@type":"Organization","@id":"https:\/\/pellervo.fi\/#organization","name":"Osuustoimintakeskus Pellervo ry","url":"https:\/\/pellervo.fi\/","logo":{"@type":"ImageObject","inLanguage":"en-US","@id":"https:\/\/pellervo.fi\/#\/schema\/logo\/image\/","url":"https:\/\/pellervo.fi\/wp-content\/uploads\/2020\/05\/Pellervo_logo.png","contentUrl":"https:\/\/pellervo.fi\/wp-content\/uploads\/2020\/05\/Pellervo_logo.png","width":1335,"height":376,"caption":"Osuustoimintakeskus Pellervo ry"},"image":{"@id":"https:\/\/pellervo.fi\/#\/schema\/logo\/image\/"},"sameAs":["https:\/\/x.com\/PellervoFi"]},{"@type":"Person","@id":"https:\/\/pellervo.fi\/#\/schema\/person\/4b74d40956937d1367ade81899997e71","name":"pellervo","image":{"@type":"ImageObject","inLanguage":"en-US","@id":"https:\/\/pellervo.fi\/wp-content\/uploads\/2013\/11\/pellervo_avatar_1384522134-96x96.jpg","url":"https:\/\/pellervo.fi\/wp-content\/uploads\/2013\/11\/pellervo_avatar_1384522134-96x96.jpg","contentUrl":"https:\/\/pellervo.fi\/wp-content\/uploads\/2013\/11\/pellervo_avatar_1384522134-96x96.jpg","caption":"pellervo"},"description":"Kuvaus","url":"https:\/\/pellervo.fi\/en\/author\/pellervo\/"}]}},"_links":{"self":[{"href":"https:\/\/pellervo.fi\/en\/wp-json\/wp\/v2\/posts\/897360","targetHints":{"allow":["GET"]}}],"collection":[{"href":"https:\/\/pellervo.fi\/en\/wp-json\/wp\/v2\/posts"}],"about":[{"href":"https:\/\/pellervo.fi\/en\/wp-json\/wp\/v2\/types\/post"}],"author":[{"embeddable":true,"href":"https:\/\/pellervo.fi\/en\/wp-json\/wp\/v2\/users\/5"}],"replies":[{"embeddable":true,"href":"https:\/\/pellervo.fi\/en\/wp-json\/wp\/v2\/comments?post=897360"}],"version-history":[{"count":12,"href":"https:\/\/pellervo.fi\/en\/wp-json\/wp\/v2\/posts\/897360\/revisions"}],"predecessor-version":[{"id":897518,"href":"https:\/\/pellervo.fi\/en\/wp-json\/wp\/v2\/posts\/897360\/revisions\/897518"}],"wp:featuredmedia":[{"embeddable":true,"href":"https:\/\/pellervo.fi\/en\/wp-json\/wp\/v2\/media\/897363"}],"wp:attachment":[{"href":"https:\/\/pellervo.fi\/en\/wp-json\/wp\/v2\/media?parent=897360"}],"wp:term":[{"taxonomy":"category","embeddable":true,"href":"https:\/\/pellervo.fi\/en\/wp-json\/wp\/v2\/categories?post=897360"},{"taxonomy":"post_tag","embeddable":true,"href":"https:\/\/pellervo.fi\/en\/wp-json\/wp\/v2\/tags?post=897360"}],"curies":[{"name":"wp","href":"https:\/\/api.w.org\/{rel}","templated":true}]}}