{"id":899452,"date":"2024-10-03T15:36:54","date_gmt":"2024-10-03T12:36:54","guid":{"rendered":"https:\/\/pellervo.fi\/?p=899452"},"modified":"2024-10-04T10:37:58","modified_gmt":"2024-10-04T07:37:58","slug":"nuoret-keskustelivat-osuustoiminnan-tulevaisuudesta-euroopassa","status":"publish","type":"post","link":"https:\/\/pellervo.fi\/en\/jarjesto\/2024\/10\/03\/nuoret-keskustelivat-osuustoiminnan-tulevaisuudesta-euroopassa\/","title":{"rendered":"Nuoret keskustelivat osuustoiminnan tulevaisuudesta Euroopassa"},"content":{"rendered":"\n<p><strong>Nuoret osuustoimijat &#8211; ja muutama v\u00e4h\u00e4n vanhempikin &#8211; kokoontuivat syyskuun lopussa Bulgarian Sofiaan keskustelemaan osuuskuntien johtamisesta ja demokraattisesta hallintomallista. Suomesta mukana olivat OP Uusimaan hallintoneuvoston j\u00e4sen Aleksi Lind, joka osallistui my\u00f6s paneelikeskusteluun sek\u00e4 Cooperatives Europen ja Pellervon hallituksen j\u00e4sen Anu Puusa.<\/strong><\/p>\n<p>European Youth Cooperative Forum &#8211; Youth &amp; Cooperative Governance, jonka j\u00e4rjestelyist\u00e4 vastasi Bulgarian Osuustoimintaj\u00e4rjest\u00f6 CCU yhdess\u00e4 Cooperatives Europen kanssa halusi l\u00f6yt\u00e4\u00e4 vastauksia erityisesti siihen, miten nuorten aktiivista osallistumista koko eurooppalaiseen osuustoimintaliikkeeseen voidaan lis\u00e4t\u00e4 ja mit\u00e4 haasteita nuoret osuustoimijat kohtaavat ja miten haasteisiin voidaan vastata.<\/p>\n<p><strong>Innovaatiot ja arvot osuustoiminnan ytimess\u00e4<\/strong><\/p>\n<p>Aleksi Lind kertoo kokemuksestaan: \u201dTunnelma Sofiassa oli innostava ja energinen. Oli todella hienoa n\u00e4hd\u00e4, kuinka erilaisista taustoista tulevat nuoret olivat sitoutuneet kehitt\u00e4m\u00e4\u00e4n osuustoimintaa ja innokkaita jakamaan ideoitaan. Eurooppalainen osuustoimintaliike vaikutti silmiss\u00e4ni monimuotoiselta ja tulevaisuuteen suuntautuneelta, mutta samalla oli selv\u00e4\u00e4, ett\u00e4 sen on jatkuvasti uudistuttava ja otettava nuorten n\u00e4kemykset paremmin huomioon s\u00e4ily\u00e4kseen relevanttina ja elinvoimaisena. Osuustoiminnan on hy\u00f6dynnett\u00e4v\u00e4 digitalisaation tarjoamat uudet mahdollisuudet ja mukautettava rakenteitaan vastaamaan nykyp\u00e4iv\u00e4n haasteisiin. Kokouksessa tiivistettiin hyvin, ett\u00e4 &#8220;osuustoiminta ei menesty, jos se ei ole \u00e4lypuhelimissa&#8221; \u2014 t\u00e4m\u00e4 kuvastaa digitaalisten kanavien merkityst\u00e4 osuuskuntien toiminnan tulevaisuudelle.<\/p>\n<p>Keskusteluissa korostuivat erityisesti arvot ja kaupallisuus, viestinn\u00e4n merkitys ja sen muotojen kehitt\u00e4minen sek\u00e4 koulutuksen lis\u00e4\u00e4minen. Monet esitykset liittyiv\u00e4t osuustoiminnan ydinarvoihin ja sen tuottamiin hy\u00f6tyihin niin yksil\u00f6ille kuin yhteiskunnalle. Keskustelua her\u00e4tti kuitenkin my\u00f6s kaupallisuuden ja kilpailun merkitys, sill\u00e4 vaikka osuustoiminta perustuu yhteis\u00f6llisyyteen, se on silti liiketoimintaa. Suomessa osuuskunnat ovat onnistuneet tasapainoilemaan kaupallisuuden ja arvoperustaisuuden v\u00e4lill\u00e4, mutta muualla Euroopassa kaupallisuudesta puhutaan v\u00e4hemm\u00e4n.<\/p>\n<p><strong>Osuuskuntien panostettava koulutukseen<\/strong><\/p>\n<p>Viestinn\u00e4n rooli nousi esille erityisesti pohdittaessa, miten nuoria voidaan houkutella mukaan ja kuinka osuustoiminnan hy\u00f6tyj\u00e4 voidaan tuoda esiin heille. Nuoria ei pid\u00e4 k\u00e4sitell\u00e4 yhten\u00e4isen\u00e4 massana, vaan heit\u00e4 on puhuteltava yksil\u00f6llisesti ja erilaisilla tavoilla. On my\u00f6s huomioitava, ett\u00e4 eri toimialoilla toimivat osuuskunnat, kuten asuminen, finanssiala, p\u00e4ivitt\u00e4istavarakauppa tai mik\u00e4 tahansa valmistus, vaativat erilaisia l\u00e4hestymistapoja. Viestinn\u00e4ss\u00e4 on t\u00e4rke\u00e4\u00e4 olla kiinnostava, relevantti ja rohkea, erityisesti nykyp\u00e4iv\u00e4n sosiaalisen median kyll\u00e4st\u00e4m\u00e4ss\u00e4 maailmassa.<\/p>\n<p>Kolmas keskeinen teema oli koulutuksen merkitys. Osuustoiminnasta on t\u00e4rke\u00e4\u00e4 opettaa jo kouluissa, mutta my\u00f6s osuuskuntien sis\u00e4ll\u00e4 on lis\u00e4tt\u00e4v\u00e4 ymm\u00e4rryst\u00e4. Vaikka moni on osuuskunnan j\u00e4sen, ei h\u00e4n v\u00e4ltt\u00e4m\u00e4tt\u00e4 ymm\u00e4rr\u00e4, mit\u00e4 osuustoiminta k\u00e4yt\u00e4nn\u00f6ss\u00e4 tarkoittaa tai miten se hy\u00f6dytt\u00e4\u00e4 j\u00e4seni\u00e4\u00e4n ja paikallista yhteis\u00f6\u00e4. Koulutusta on laajennettava, jotta j\u00e4senet voivat osallistua aktiivisemmin ja tietoisemmin osuuskuntien toimintaan.<\/p>\n<p>Sain paljon uutta tietoa siit\u00e4, miten osuuskuntamallit toimivat eri puolilla Eurooppaa ja kuinka kulttuurierot vaikuttavat niiden johtamiseen. Yll\u00e4tt\u00e4v\u00e4\u00e4 oli huomata, kuinka vahva rooli nuorilla jo on osuustoiminnassa joissakin maissa. T\u00e4m\u00e4 ero osoitti, kuinka t\u00e4rke\u00e4\u00e4 on jakaa parhaita k\u00e4yt\u00e4nt\u00f6j\u00e4 ja oppia toisilta, jotta osuustoiminnan tulevaisuus olisi entist\u00e4 vahvempi ja kattavampi.\u201d<\/p>\n","protected":false},"excerpt":{"rendered":"","protected":false},"author":6,"featured_media":899457,"comment_status":"closed","ping_status":"closed","sticky":false,"template":"","format":"standard","meta":{"inline_featured_image":false,"_monsterinsights_skip_tracking":false,"_monsterinsights_sitenote_active":false,"_monsterinsights_sitenote_note":"","_monsterinsights_sitenote_category":0,"site-sidebar-layout":"default","site-content-layout":"","ast-site-content-layout":"default","site-content-style":"default","site-sidebar-style":"default","ast-global-header-display":"","ast-banner-title-visibility":"","ast-main-header-display":"","ast-hfb-above-header-display":"","ast-hfb-below-header-display":"","ast-hfb-mobile-header-display":"","site-post-title":"","ast-breadcrumbs-content":"","ast-featured-img":"","footer-sml-layout":"","ast-disable-related-posts":"","theme-transparent-header-meta":"","adv-header-id-meta":"","stick-header-meta":"","header-above-stick-meta":"","header-main-stick-meta":"","header-below-stick-meta":"","astra-migrate-meta-layouts":"set","ast-page-background-enabled":"default","ast-page-background-meta":{"desktop":{"background-color":"","background-image":"","background-repeat":"repeat","background-position":"center center","background-size":"auto","background-attachment":"scroll","background-type":"","background-media":"","overlay-type":"","overlay-color":"","overlay-opacity":"","overlay-gradient":""},"tablet":{"background-color":"","background-image":"","background-repeat":"repeat","background-position":"center center","background-size":"auto","background-attachment":"scroll","background-type":"","background-media":"","overlay-type":"","overlay-color":"","overlay-opacity":"","overlay-gradient":""},"mobile":{"background-color":"","background-image":"","background-repeat":"repeat","background-position":"center center","background-size":"auto","background-attachment":"scroll","background-type":"","background-media":"","overlay-type":"","overlay-color":"","overlay-opacity":"","overlay-gradient":""}},"ast-content-background-meta":{"desktop":{"background-color":"var(--ast-global-color-5)","background-image":"","background-repeat":"repeat","background-position":"center center","background-size":"auto","background-attachment":"scroll","background-type":"","background-media":"","overlay-type":"","overlay-color":"","overlay-opacity":"","overlay-gradient":""},"tablet":{"background-color":"var(--ast-global-color-5)","background-image":"","background-repeat":"repeat","background-position":"center center","background-size":"auto","background-attachment":"scroll","background-type":"","background-media":"","overlay-type":"","overlay-color":"","overlay-opacity":"","overlay-gradient":""},"mobile":{"background-color":"var(--ast-global-color-5)","background-image":"","background-repeat":"repeat","background-position":"center center","background-size":"auto","background-attachment":"scroll","background-type":"","background-media":"","overlay-type":"","overlay-color":"","overlay-opacity":"","overlay-gradient":""}},"_FSMCFIC_featured_image_caption":"","_FSMCFIC_featured_image_nocaption":"","_FSMCFIC_featured_image_hide":"","footnotes":""},"categories":[71,22],"tags":[],"class_list":["post-899452","post","type-post","status-publish","format-standard","has-post-thumbnail","hentry","category-jarjesto","category-uutiset"],"yoast_head":"<!-- This site is optimized with the Yoast SEO plugin v27.5 - https:\/\/yoast.com\/product\/yoast-seo-wordpress\/ -->\n<title>Nuoret keskustelivat osuustoiminnan tulevaisuudesta Euroopassa - Pellervo<\/title>\n<meta name=\"robots\" content=\"index, follow, max-snippet:-1, max-image-preview:large, max-video-preview:-1\" \/>\n<link rel=\"canonical\" href=\"https:\/\/pellervo.fi\/jarjesto\/2024\/10\/03\/nuoret-keskustelivat-osuustoiminnan-tulevaisuudesta-euroopassa\/\" \/>\n<meta property=\"og:locale\" content=\"en_US\" \/>\n<meta property=\"og:type\" content=\"article\" \/>\n<meta property=\"og:title\" content=\"Nuoret keskustelivat osuustoiminnan tulevaisuudesta Euroopassa - Pellervo\" \/>\n<meta property=\"og:url\" content=\"https:\/\/pellervo.fi\/jarjesto\/2024\/10\/03\/nuoret-keskustelivat-osuustoiminnan-tulevaisuudesta-euroopassa\/\" \/>\n<meta property=\"og:site_name\" content=\"Pellervo\" \/>\n<meta property=\"article:published_time\" content=\"2024-10-03T12:36:54+00:00\" \/>\n<meta property=\"article:modified_time\" content=\"2024-10-04T07:37:58+00:00\" \/>\n<meta property=\"og:image\" content=\"https:\/\/pellervo.fi\/wp-content\/uploads\/2024\/10\/Untitled-design6.png\" \/>\n\t<meta property=\"og:image:width\" content=\"1366\" \/>\n\t<meta property=\"og:image:height\" content=\"768\" \/>\n\t<meta property=\"og:image:type\" content=\"image\/png\" \/>\n<meta name=\"author\" content=\"Hanna Muukka\" \/>\n<meta name=\"twitter:card\" content=\"summary_large_image\" \/>\n<meta name=\"twitter:creator\" content=\"@PellervoFi\" \/>\n<meta name=\"twitter:site\" content=\"@PellervoFi\" \/>\n<meta name=\"twitter:label1\" content=\"Written by\" \/>\n\t<meta name=\"twitter:data1\" content=\"Hanna Muukka\" \/>\n\t<meta name=\"twitter:label2\" content=\"Est. reading time\" \/>\n\t<meta name=\"twitter:data2\" content=\"3 minutes\" \/>\n<script type=\"application\/ld+json\" class=\"yoast-schema-graph\">{\"@context\":\"https:\\\/\\\/schema.org\",\"@graph\":[{\"@type\":\"Article\",\"@id\":\"https:\\\/\\\/pellervo.fi\\\/jarjesto\\\/2024\\\/10\\\/03\\\/nuoret-keskustelivat-osuustoiminnan-tulevaisuudesta-euroopassa\\\/#article\",\"isPartOf\":{\"@id\":\"https:\\\/\\\/pellervo.fi\\\/jarjesto\\\/2024\\\/10\\\/03\\\/nuoret-keskustelivat-osuustoiminnan-tulevaisuudesta-euroopassa\\\/\"},\"author\":{\"name\":\"Hanna Muukka\",\"@id\":\"https:\\\/\\\/pellervo.fi\\\/#\\\/schema\\\/person\\\/f001b7c670bab10e5236b09672d9e6a3\"},\"headline\":\"Nuoret keskustelivat osuustoiminnan tulevaisuudesta Euroopassa\",\"datePublished\":\"2024-10-03T12:36:54+00:00\",\"dateModified\":\"2024-10-04T07:37:58+00:00\",\"mainEntityOfPage\":{\"@id\":\"https:\\\/\\\/pellervo.fi\\\/jarjesto\\\/2024\\\/10\\\/03\\\/nuoret-keskustelivat-osuustoiminnan-tulevaisuudesta-euroopassa\\\/\"},\"wordCount\":487,\"publisher\":{\"@id\":\"https:\\\/\\\/pellervo.fi\\\/#organization\"},\"image\":{\"@id\":\"https:\\\/\\\/pellervo.fi\\\/jarjesto\\\/2024\\\/10\\\/03\\\/nuoret-keskustelivat-osuustoiminnan-tulevaisuudesta-euroopassa\\\/#primaryimage\"},\"thumbnailUrl\":\"https:\\\/\\\/pellervo.fi\\\/wp-content\\\/uploads\\\/2024\\\/10\\\/Untitled-design6.png\",\"articleSection\":[\"J\u00e4rjest\u00f6\",\"Uutiset\"],\"inLanguage\":\"en-US\"},{\"@type\":\"WebPage\",\"@id\":\"https:\\\/\\\/pellervo.fi\\\/jarjesto\\\/2024\\\/10\\\/03\\\/nuoret-keskustelivat-osuustoiminnan-tulevaisuudesta-euroopassa\\\/\",\"url\":\"https:\\\/\\\/pellervo.fi\\\/jarjesto\\\/2024\\\/10\\\/03\\\/nuoret-keskustelivat-osuustoiminnan-tulevaisuudesta-euroopassa\\\/\",\"name\":\"Nuoret keskustelivat osuustoiminnan tulevaisuudesta Euroopassa - Pellervo\",\"isPartOf\":{\"@id\":\"https:\\\/\\\/pellervo.fi\\\/#website\"},\"primaryImageOfPage\":{\"@id\":\"https:\\\/\\\/pellervo.fi\\\/jarjesto\\\/2024\\\/10\\\/03\\\/nuoret-keskustelivat-osuustoiminnan-tulevaisuudesta-euroopassa\\\/#primaryimage\"},\"image\":{\"@id\":\"https:\\\/\\\/pellervo.fi\\\/jarjesto\\\/2024\\\/10\\\/03\\\/nuoret-keskustelivat-osuustoiminnan-tulevaisuudesta-euroopassa\\\/#primaryimage\"},\"thumbnailUrl\":\"https:\\\/\\\/pellervo.fi\\\/wp-content\\\/uploads\\\/2024\\\/10\\\/Untitled-design6.png\",\"datePublished\":\"2024-10-03T12:36:54+00:00\",\"dateModified\":\"2024-10-04T07:37:58+00:00\",\"breadcrumb\":{\"@id\":\"https:\\\/\\\/pellervo.fi\\\/jarjesto\\\/2024\\\/10\\\/03\\\/nuoret-keskustelivat-osuustoiminnan-tulevaisuudesta-euroopassa\\\/#breadcrumb\"},\"inLanguage\":\"en-US\",\"potentialAction\":[{\"@type\":\"ReadAction\",\"target\":[\"https:\\\/\\\/pellervo.fi\\\/jarjesto\\\/2024\\\/10\\\/03\\\/nuoret-keskustelivat-osuustoiminnan-tulevaisuudesta-euroopassa\\\/\"]}]},{\"@type\":\"ImageObject\",\"inLanguage\":\"en-US\",\"@id\":\"https:\\\/\\\/pellervo.fi\\\/jarjesto\\\/2024\\\/10\\\/03\\\/nuoret-keskustelivat-osuustoiminnan-tulevaisuudesta-euroopassa\\\/#primaryimage\",\"url\":\"https:\\\/\\\/pellervo.fi\\\/wp-content\\\/uploads\\\/2024\\\/10\\\/Untitled-design6.png\",\"contentUrl\":\"https:\\\/\\\/pellervo.fi\\\/wp-content\\\/uploads\\\/2024\\\/10\\\/Untitled-design6.png\",\"width\":1366,\"height\":768,\"caption\":\"Kuvakollaasi\"},{\"@type\":\"BreadcrumbList\",\"@id\":\"https:\\\/\\\/pellervo.fi\\\/jarjesto\\\/2024\\\/10\\\/03\\\/nuoret-keskustelivat-osuustoiminnan-tulevaisuudesta-euroopassa\\\/#breadcrumb\",\"itemListElement\":[{\"@type\":\"ListItem\",\"position\":1,\"name\":\"Koti\",\"item\":\"https:\\\/\\\/pellervo.fi\\\/en\\\/\"},{\"@type\":\"ListItem\",\"position\":2,\"name\":\"Nuoret keskustelivat osuustoiminnan tulevaisuudesta Euroopassa\"}]},{\"@type\":\"WebSite\",\"@id\":\"https:\\\/\\\/pellervo.fi\\\/#website\",\"url\":\"https:\\\/\\\/pellervo.fi\\\/\",\"name\":\"Pellervo\",\"description\":\"Osuuskuntien keskusj\u00e4rjest\u00f6\",\"publisher\":{\"@id\":\"https:\\\/\\\/pellervo.fi\\\/#organization\"},\"potentialAction\":[{\"@type\":\"SearchAction\",\"target\":{\"@type\":\"EntryPoint\",\"urlTemplate\":\"https:\\\/\\\/pellervo.fi\\\/?s={search_term_string}\"},\"query-input\":{\"@type\":\"PropertyValueSpecification\",\"valueRequired\":true,\"valueName\":\"search_term_string\"}}],\"inLanguage\":\"en-US\"},{\"@type\":\"Organization\",\"@id\":\"https:\\\/\\\/pellervo.fi\\\/#organization\",\"name\":\"Osuustoimintakeskus Pellervo ry\",\"url\":\"https:\\\/\\\/pellervo.fi\\\/\",\"logo\":{\"@type\":\"ImageObject\",\"inLanguage\":\"en-US\",\"@id\":\"https:\\\/\\\/pellervo.fi\\\/#\\\/schema\\\/logo\\\/image\\\/\",\"url\":\"https:\\\/\\\/pellervo.fi\\\/wp-content\\\/uploads\\\/2020\\\/05\\\/Pellervo_logo.png\",\"contentUrl\":\"https:\\\/\\\/pellervo.fi\\\/wp-content\\\/uploads\\\/2020\\\/05\\\/Pellervo_logo.png\",\"width\":1335,\"height\":376,\"caption\":\"Osuustoimintakeskus Pellervo ry\"},\"image\":{\"@id\":\"https:\\\/\\\/pellervo.fi\\\/#\\\/schema\\\/logo\\\/image\\\/\"},\"sameAs\":[\"https:\\\/\\\/x.com\\\/PellervoFi\"]},{\"@type\":\"Person\",\"@id\":\"https:\\\/\\\/pellervo.fi\\\/#\\\/schema\\\/person\\\/f001b7c670bab10e5236b09672d9e6a3\",\"name\":\"Hanna Muukka\",\"image\":{\"@type\":\"ImageObject\",\"inLanguage\":\"en-US\",\"@id\":\"https:\\\/\\\/pellervo.fi\\\/wp-content\\\/uploads\\\/2014\\\/02\\\/Hanna-Muukka_avatar_1393417732-96x96.jpg\",\"url\":\"https:\\\/\\\/pellervo.fi\\\/wp-content\\\/uploads\\\/2014\\\/02\\\/Hanna-Muukka_avatar_1393417732-96x96.jpg\",\"contentUrl\":\"https:\\\/\\\/pellervo.fi\\\/wp-content\\\/uploads\\\/2014\\\/02\\\/Hanna-Muukka_avatar_1393417732-96x96.jpg\",\"caption\":\"Hanna Muukka\"},\"description\":\"Kirjoittaja ty\u00f6skentelee Osuustoimintakeskus Pellervossa vastuullisuusasiantuntijana.\",\"url\":\"https:\\\/\\\/pellervo.fi\\\/en\\\/author\\\/hannamuu\\\/\"}]}<\/script>\n<!-- \/ Yoast SEO plugin. -->","yoast_head_json":{"title":"Nuoret keskustelivat osuustoiminnan tulevaisuudesta Euroopassa - Pellervo","robots":{"index":"index","follow":"follow","max-snippet":"max-snippet:-1","max-image-preview":"max-image-preview:large","max-video-preview":"max-video-preview:-1"},"canonical":"https:\/\/pellervo.fi\/jarjesto\/2024\/10\/03\/nuoret-keskustelivat-osuustoiminnan-tulevaisuudesta-euroopassa\/","og_locale":"en_US","og_type":"article","og_title":"Nuoret keskustelivat osuustoiminnan tulevaisuudesta Euroopassa - Pellervo","og_url":"https:\/\/pellervo.fi\/jarjesto\/2024\/10\/03\/nuoret-keskustelivat-osuustoiminnan-tulevaisuudesta-euroopassa\/","og_site_name":"Pellervo","article_published_time":"2024-10-03T12:36:54+00:00","article_modified_time":"2024-10-04T07:37:58+00:00","og_image":[{"width":1366,"height":768,"url":"https:\/\/pellervo.fi\/wp-content\/uploads\/2024\/10\/Untitled-design6.png","type":"image\/png"}],"author":"Hanna Muukka","twitter_card":"summary_large_image","twitter_creator":"@PellervoFi","twitter_site":"@PellervoFi","twitter_misc":{"Written by":"Hanna Muukka","Est. reading time":"3 minutes"},"schema":{"@context":"https:\/\/schema.org","@graph":[{"@type":"Article","@id":"https:\/\/pellervo.fi\/jarjesto\/2024\/10\/03\/nuoret-keskustelivat-osuustoiminnan-tulevaisuudesta-euroopassa\/#article","isPartOf":{"@id":"https:\/\/pellervo.fi\/jarjesto\/2024\/10\/03\/nuoret-keskustelivat-osuustoiminnan-tulevaisuudesta-euroopassa\/"},"author":{"name":"Hanna Muukka","@id":"https:\/\/pellervo.fi\/#\/schema\/person\/f001b7c670bab10e5236b09672d9e6a3"},"headline":"Nuoret keskustelivat osuustoiminnan tulevaisuudesta Euroopassa","datePublished":"2024-10-03T12:36:54+00:00","dateModified":"2024-10-04T07:37:58+00:00","mainEntityOfPage":{"@id":"https:\/\/pellervo.fi\/jarjesto\/2024\/10\/03\/nuoret-keskustelivat-osuustoiminnan-tulevaisuudesta-euroopassa\/"},"wordCount":487,"publisher":{"@id":"https:\/\/pellervo.fi\/#organization"},"image":{"@id":"https:\/\/pellervo.fi\/jarjesto\/2024\/10\/03\/nuoret-keskustelivat-osuustoiminnan-tulevaisuudesta-euroopassa\/#primaryimage"},"thumbnailUrl":"https:\/\/pellervo.fi\/wp-content\/uploads\/2024\/10\/Untitled-design6.png","articleSection":["J\u00e4rjest\u00f6","Uutiset"],"inLanguage":"en-US"},{"@type":"WebPage","@id":"https:\/\/pellervo.fi\/jarjesto\/2024\/10\/03\/nuoret-keskustelivat-osuustoiminnan-tulevaisuudesta-euroopassa\/","url":"https:\/\/pellervo.fi\/jarjesto\/2024\/10\/03\/nuoret-keskustelivat-osuustoiminnan-tulevaisuudesta-euroopassa\/","name":"Nuoret keskustelivat osuustoiminnan tulevaisuudesta Euroopassa - Pellervo","isPartOf":{"@id":"https:\/\/pellervo.fi\/#website"},"primaryImageOfPage":{"@id":"https:\/\/pellervo.fi\/jarjesto\/2024\/10\/03\/nuoret-keskustelivat-osuustoiminnan-tulevaisuudesta-euroopassa\/#primaryimage"},"image":{"@id":"https:\/\/pellervo.fi\/jarjesto\/2024\/10\/03\/nuoret-keskustelivat-osuustoiminnan-tulevaisuudesta-euroopassa\/#primaryimage"},"thumbnailUrl":"https:\/\/pellervo.fi\/wp-content\/uploads\/2024\/10\/Untitled-design6.png","datePublished":"2024-10-03T12:36:54+00:00","dateModified":"2024-10-04T07:37:58+00:00","breadcrumb":{"@id":"https:\/\/pellervo.fi\/jarjesto\/2024\/10\/03\/nuoret-keskustelivat-osuustoiminnan-tulevaisuudesta-euroopassa\/#breadcrumb"},"inLanguage":"en-US","potentialAction":[{"@type":"ReadAction","target":["https:\/\/pellervo.fi\/jarjesto\/2024\/10\/03\/nuoret-keskustelivat-osuustoiminnan-tulevaisuudesta-euroopassa\/"]}]},{"@type":"ImageObject","inLanguage":"en-US","@id":"https:\/\/pellervo.fi\/jarjesto\/2024\/10\/03\/nuoret-keskustelivat-osuustoiminnan-tulevaisuudesta-euroopassa\/#primaryimage","url":"https:\/\/pellervo.fi\/wp-content\/uploads\/2024\/10\/Untitled-design6.png","contentUrl":"https:\/\/pellervo.fi\/wp-content\/uploads\/2024\/10\/Untitled-design6.png","width":1366,"height":768,"caption":"Kuvakollaasi"},{"@type":"BreadcrumbList","@id":"https:\/\/pellervo.fi\/jarjesto\/2024\/10\/03\/nuoret-keskustelivat-osuustoiminnan-tulevaisuudesta-euroopassa\/#breadcrumb","itemListElement":[{"@type":"ListItem","position":1,"name":"Koti","item":"https:\/\/pellervo.fi\/en\/"},{"@type":"ListItem","position":2,"name":"Nuoret keskustelivat osuustoiminnan tulevaisuudesta Euroopassa"}]},{"@type":"WebSite","@id":"https:\/\/pellervo.fi\/#website","url":"https:\/\/pellervo.fi\/","name":"Pellervo","description":"Osuuskuntien keskusj\u00e4rjest\u00f6","publisher":{"@id":"https:\/\/pellervo.fi\/#organization"},"potentialAction":[{"@type":"SearchAction","target":{"@type":"EntryPoint","urlTemplate":"https:\/\/pellervo.fi\/?s={search_term_string}"},"query-input":{"@type":"PropertyValueSpecification","valueRequired":true,"valueName":"search_term_string"}}],"inLanguage":"en-US"},{"@type":"Organization","@id":"https:\/\/pellervo.fi\/#organization","name":"Osuustoimintakeskus Pellervo ry","url":"https:\/\/pellervo.fi\/","logo":{"@type":"ImageObject","inLanguage":"en-US","@id":"https:\/\/pellervo.fi\/#\/schema\/logo\/image\/","url":"https:\/\/pellervo.fi\/wp-content\/uploads\/2020\/05\/Pellervo_logo.png","contentUrl":"https:\/\/pellervo.fi\/wp-content\/uploads\/2020\/05\/Pellervo_logo.png","width":1335,"height":376,"caption":"Osuustoimintakeskus Pellervo ry"},"image":{"@id":"https:\/\/pellervo.fi\/#\/schema\/logo\/image\/"},"sameAs":["https:\/\/x.com\/PellervoFi"]},{"@type":"Person","@id":"https:\/\/pellervo.fi\/#\/schema\/person\/f001b7c670bab10e5236b09672d9e6a3","name":"Hanna Muukka","image":{"@type":"ImageObject","inLanguage":"en-US","@id":"https:\/\/pellervo.fi\/wp-content\/uploads\/2014\/02\/Hanna-Muukka_avatar_1393417732-96x96.jpg","url":"https:\/\/pellervo.fi\/wp-content\/uploads\/2014\/02\/Hanna-Muukka_avatar_1393417732-96x96.jpg","contentUrl":"https:\/\/pellervo.fi\/wp-content\/uploads\/2014\/02\/Hanna-Muukka_avatar_1393417732-96x96.jpg","caption":"Hanna Muukka"},"description":"Kirjoittaja ty\u00f6skentelee Osuustoimintakeskus Pellervossa vastuullisuusasiantuntijana.","url":"https:\/\/pellervo.fi\/en\/author\/hannamuu\/"}]}},"_links":{"self":[{"href":"https:\/\/pellervo.fi\/en\/wp-json\/wp\/v2\/posts\/899452","targetHints":{"allow":["GET"]}}],"collection":[{"href":"https:\/\/pellervo.fi\/en\/wp-json\/wp\/v2\/posts"}],"about":[{"href":"https:\/\/pellervo.fi\/en\/wp-json\/wp\/v2\/types\/post"}],"author":[{"embeddable":true,"href":"https:\/\/pellervo.fi\/en\/wp-json\/wp\/v2\/users\/6"}],"replies":[{"embeddable":true,"href":"https:\/\/pellervo.fi\/en\/wp-json\/wp\/v2\/comments?post=899452"}],"version-history":[{"count":1,"href":"https:\/\/pellervo.fi\/en\/wp-json\/wp\/v2\/posts\/899452\/revisions"}],"predecessor-version":[{"id":899456,"href":"https:\/\/pellervo.fi\/en\/wp-json\/wp\/v2\/posts\/899452\/revisions\/899456"}],"wp:featuredmedia":[{"embeddable":true,"href":"https:\/\/pellervo.fi\/en\/wp-json\/wp\/v2\/media\/899457"}],"wp:attachment":[{"href":"https:\/\/pellervo.fi\/en\/wp-json\/wp\/v2\/media?parent=899452"}],"wp:term":[{"taxonomy":"category","embeddable":true,"href":"https:\/\/pellervo.fi\/en\/wp-json\/wp\/v2\/categories?post=899452"},{"taxonomy":"post_tag","embeddable":true,"href":"https:\/\/pellervo.fi\/en\/wp-json\/wp\/v2\/tags?post=899452"}],"curies":[{"name":"wp","href":"https:\/\/api.w.org\/{rel}","templated":true}]}}