{"id":899478,"date":"2024-10-11T13:56:25","date_gmt":"2024-10-11T10:56:25","guid":{"rendered":"https:\/\/pellervo.fi\/?p=899478"},"modified":"2024-10-18T13:58:52","modified_gmt":"2024-10-18T10:58:52","slug":"op-ryhma-saavutti-oman-toiminnan-paastotavoitteensa-etuajassa","status":"publish","type":"post","link":"https:\/\/pellervo.fi\/en\/vastuullisuus\/2024\/10\/11\/op-ryhma-saavutti-oman-toiminnan-paastotavoitteensa-etuajassa\/","title":{"rendered":"OP Ryhm\u00e4 saavutti oman toiminnan p\u00e4\u00e4st\u00f6tavoitteensa etuajassa"},"content":{"rendered":"\n<p><strong>OP Ryhm\u00e4n yhten\u00e4 ilmastotavoitteena on ollut v\u00e4hent\u00e4\u00e4 sen omasta toiminnasta syntyneet p\u00e4\u00e4st\u00f6t nollaan vuoteen 2025 menness\u00e4. Tavoitteeseen p\u00e4\u00e4stiin yli vuosi etuajassa p\u00e4\u00e4asiassa lis\u00e4\u00e4m\u00e4ll\u00e4 energiatehokkuutta ja kasvattamalla uusiutuvan energian osuutta kiinteist\u00f6iss\u00e4.<\/strong> \u00a0\u00a0<\/p>\n<p>OP Ryhm\u00e4n oman toiminnan p\u00e4\u00e4st\u00f6tavoitteeseen sis\u00e4ltyneill\u00e4 p\u00e4\u00e4st\u00f6ill\u00e4 tarkoitetaan OP Ryhm\u00e4n k\u00e4yt\u00f6ss\u00e4 olevien kiinteist\u00f6jen energiankulutuksesta syntyvi\u00e4 p\u00e4\u00e4st\u00f6j\u00e4. P\u00e4\u00e4st\u00f6t syntyv\u00e4t l\u00e4mmitys\u00f6ljyst\u00e4, varavoimakoneiden k\u00e4ytt\u00e4m\u00e4st\u00e4 \u00f6ljyst\u00e4, s\u00e4hk\u00f6st\u00e4, kaukol\u00e4mm\u00f6st\u00e4 ja kaukokylm\u00e4st\u00e4.<\/p>\n<p>Nykyisin OP Ryhm\u00e4n k\u00e4yt\u00f6ss\u00e4 olevissa kiinteist\u00f6iss\u00e4 s\u00e4hk\u00f6st\u00e4 99 prosenttia on suomalaista tuulivoimaa. Samoin kaukol\u00e4mm\u00f6st\u00e4 99 prosenttia on tuotettu uusiutuvilla polttoaineilla tai niihin rinnastettavilla energianl\u00e4hteill\u00e4 kuten hukkal\u00e4mm\u00f6ll\u00e4.<\/p>\n<p>Huoltovarmuuskriittisen\u00e4 toimijana OP Ryhm\u00e4n joutuu varmistamaan kiinteist\u00f6jens\u00e4 s\u00e4hk\u00f6n saannin. T\u00e4m\u00e4 on keskeinen syy siihen, ett\u00e4 oman toiminnan p\u00e4\u00e4st\u00f6jen osalta ei p\u00e4\u00e4st\u00e4 t\u00e4ysin nollaan. Huoltovarmuuden takaavat varavoimalat, jotka k\u00e4ytt\u00e4v\u00e4t kevytt\u00e4 poltto\u00f6ljy\u00e4. My\u00f6s t\u00e4m\u00e4n osalta on pyritty minimoimaan p\u00e4\u00e4st\u00f6t, ja vuoden 2024 alusta l\u00e4htien OP Ryhm\u00e4 on k\u00e4ytt\u00e4nyt uusiutuvaa, kotimaista poltto\u00f6ljy\u00e4, jonka hiilijalanj\u00e4lki on noin 90 prosenttia pienempi kuin perinteisell\u00e4 kevyell\u00e4 poltto\u00f6ljyll\u00e4.<\/p>\n<p>\u2013 Katsomme tavoitteen saavutetuksi, sill\u00e4 olemme saaneet v\u00e4hennetty\u00e4 oman toiminnan p\u00e4\u00e4st\u00f6mme hyvin l\u00e4helle nollaa. Yhten\u00e4 Suomen suurimpana yrityksen\u00e4 omien p\u00e4\u00e4st\u00f6jemme v\u00e4hent\u00e4minen on t\u00e4rke\u00e4\u00e4, mutta toimintamme kautta aiheutuvien kokonaisp\u00e4\u00e4st\u00f6jen osalta meill\u00e4 on viel\u00e4 ty\u00f6t\u00e4 teht\u00e4v\u00e4n\u00e4. Maamme suurimpana yritysrahoittajana ja finanssialan toimijana meill\u00e4 on merkitt\u00e4v\u00e4 teht\u00e4v\u00e4 tukea asiakkaitamme kohti hiilineutraalia taloutta, sill\u00e4 toiminnassamme suurimmat vaikutukset ilmastolle ja ymp\u00e4rist\u00f6lle tulevat asiakkaidemme kautta. OP Ryhm\u00e4 on asettanut pitk\u00e4ll\u00e4 aikav\u00e4lill\u00e4 p\u00e4\u00e4st\u00f6tavoitteita niin luotto- kuin sijoitussalkkuihinsa, kertoo OP Ryhm\u00e4n ESG- ja vastuullisuusjohtaja Elina Erkkil\u00e4.<\/p>\n<p>OP Ryhm\u00e4 on sitoutunut yritysluottosalkkujensa ja hoitamiensa rahastojen osalta hiilineutraaliuteen vuoteen 2050 menness\u00e4. Lis\u00e4ksi OP Ryhm\u00e4 on asettanut sektorikohtaiset p\u00e4\u00e4st\u00f6v\u00e4hennystavoitteet kolmelle toimialalle. Tavoitteena on v\u00e4hent\u00e4\u00e4 vuoden 2022 l\u00e4ht\u00f6tasosta mitattuna vuoteen 2030 menness\u00e4 energiatuotannon p\u00e4\u00e4st\u00f6intensiteetti\u00e4 50 prosenttia, absoluuttisia p\u00e4\u00e4st\u00f6j\u00e4 maataloudessa 30 prosenttia ja asuntolainojen p\u00e4\u00e4st\u00f6intensiteetti\u00e4 45 prosenttia.<\/p>\n","protected":false},"excerpt":{"rendered":"","protected":false},"author":6,"featured_media":893931,"comment_status":"closed","ping_status":"closed","sticky":false,"template":"","format":"standard","meta":{"inline_featured_image":false,"_monsterinsights_skip_tracking":false,"_monsterinsights_sitenote_active":false,"_monsterinsights_sitenote_note":"","_monsterinsights_sitenote_category":0,"site-sidebar-layout":"default","site-content-layout":"","ast-site-content-layout":"default","site-content-style":"default","site-sidebar-style":"default","ast-global-header-display":"","ast-banner-title-visibility":"","ast-main-header-display":"","ast-hfb-above-header-display":"","ast-hfb-below-header-display":"","ast-hfb-mobile-header-display":"","site-post-title":"","ast-breadcrumbs-content":"","ast-featured-img":"","footer-sml-layout":"","ast-disable-related-posts":"","theme-transparent-header-meta":"","adv-header-id-meta":"","stick-header-meta":"","header-above-stick-meta":"","header-main-stick-meta":"","header-below-stick-meta":"","astra-migrate-meta-layouts":"set","ast-page-background-enabled":"default","ast-page-background-meta":{"desktop":{"background-color":"","background-image":"","background-repeat":"repeat","background-position":"center center","background-size":"auto","background-attachment":"scroll","background-type":"","background-media":"","overlay-type":"","overlay-color":"","overlay-opacity":"","overlay-gradient":""},"tablet":{"background-color":"","background-image":"","background-repeat":"repeat","background-position":"center center","background-size":"auto","background-attachment":"scroll","background-type":"","background-media":"","overlay-type":"","overlay-color":"","overlay-opacity":"","overlay-gradient":""},"mobile":{"background-color":"","background-image":"","background-repeat":"repeat","background-position":"center center","background-size":"auto","background-attachment":"scroll","background-type":"","background-media":"","overlay-type":"","overlay-color":"","overlay-opacity":"","overlay-gradient":""}},"ast-content-background-meta":{"desktop":{"background-color":"var(--ast-global-color-5)","background-image":"","background-repeat":"repeat","background-position":"center center","background-size":"auto","background-attachment":"scroll","background-type":"","background-media":"","overlay-type":"","overlay-color":"","overlay-opacity":"","overlay-gradient":""},"tablet":{"background-color":"var(--ast-global-color-5)","background-image":"","background-repeat":"repeat","background-position":"center center","background-size":"auto","background-attachment":"scroll","background-type":"","background-media":"","overlay-type":"","overlay-color":"","overlay-opacity":"","overlay-gradient":""},"mobile":{"background-color":"var(--ast-global-color-5)","background-image":"","background-repeat":"repeat","background-position":"center center","background-size":"auto","background-attachment":"scroll","background-type":"","background-media":"","overlay-type":"","overlay-color":"","overlay-opacity":"","overlay-gradient":""}},"_FSMCFIC_featured_image_caption":"","_FSMCFIC_featured_image_nocaption":"","_FSMCFIC_featured_image_hide":"","footnotes":""},"categories":[224],"tags":[],"class_list":["post-899478","post","type-post","status-publish","format-standard","has-post-thumbnail","hentry","category-vastuullisuus"],"yoast_head":"<!-- This site is optimized with the Yoast SEO plugin v27.4 - https:\/\/yoast.com\/product\/yoast-seo-wordpress\/ -->\n<title>OP Ryhm\u00e4 saavutti oman toiminnan p\u00e4\u00e4st\u00f6tavoitteensa etuajassa - Pellervo<\/title>\n<meta name=\"robots\" content=\"index, follow, max-snippet:-1, max-image-preview:large, max-video-preview:-1\" \/>\n<link rel=\"canonical\" href=\"https:\/\/pellervo.fi\/vastuullisuus\/2024\/10\/11\/op-ryhma-saavutti-oman-toiminnan-paastotavoitteensa-etuajassa\/\" \/>\n<meta property=\"og:locale\" content=\"en_US\" \/>\n<meta property=\"og:type\" content=\"article\" \/>\n<meta property=\"og:title\" content=\"OP Ryhm\u00e4 saavutti oman toiminnan p\u00e4\u00e4st\u00f6tavoitteensa etuajassa - Pellervo\" \/>\n<meta property=\"og:url\" content=\"https:\/\/pellervo.fi\/vastuullisuus\/2024\/10\/11\/op-ryhma-saavutti-oman-toiminnan-paastotavoitteensa-etuajassa\/\" \/>\n<meta property=\"og:site_name\" content=\"Pellervo\" \/>\n<meta property=\"article:published_time\" content=\"2024-10-11T10:56:25+00:00\" \/>\n<meta property=\"article:modified_time\" content=\"2024-10-18T10:58:52+00:00\" \/>\n<meta property=\"og:image\" content=\"https:\/\/pellervo.fi\/wp-content\/uploads\/2022\/09\/OP-Ryhma-liikemerkki.png\" \/>\n\t<meta property=\"og:image:width\" content=\"908\" \/>\n\t<meta property=\"og:image:height\" content=\"908\" \/>\n\t<meta property=\"og:image:type\" content=\"image\/png\" \/>\n<meta name=\"author\" content=\"Hanna Muukka\" \/>\n<meta name=\"twitter:card\" content=\"summary_large_image\" \/>\n<meta name=\"twitter:creator\" content=\"@PellervoFi\" \/>\n<meta name=\"twitter:site\" content=\"@PellervoFi\" \/>\n<meta name=\"twitter:label1\" content=\"Written by\" \/>\n\t<meta name=\"twitter:data1\" content=\"Hanna Muukka\" \/>\n\t<meta name=\"twitter:label2\" content=\"Est. reading time\" \/>\n\t<meta name=\"twitter:data2\" content=\"2 minutes\" \/>\n<script type=\"application\/ld+json\" class=\"yoast-schema-graph\">{\"@context\":\"https:\\\/\\\/schema.org\",\"@graph\":[{\"@type\":\"Article\",\"@id\":\"https:\\\/\\\/pellervo.fi\\\/vastuullisuus\\\/2024\\\/10\\\/11\\\/op-ryhma-saavutti-oman-toiminnan-paastotavoitteensa-etuajassa\\\/#article\",\"isPartOf\":{\"@id\":\"https:\\\/\\\/pellervo.fi\\\/vastuullisuus\\\/2024\\\/10\\\/11\\\/op-ryhma-saavutti-oman-toiminnan-paastotavoitteensa-etuajassa\\\/\"},\"author\":{\"name\":\"Hanna Muukka\",\"@id\":\"https:\\\/\\\/pellervo.fi\\\/#\\\/schema\\\/person\\\/f001b7c670bab10e5236b09672d9e6a3\"},\"headline\":\"OP Ryhm\u00e4 saavutti oman toiminnan p\u00e4\u00e4st\u00f6tavoitteensa etuajassa\",\"datePublished\":\"2024-10-11T10:56:25+00:00\",\"dateModified\":\"2024-10-18T10:58:52+00:00\",\"mainEntityOfPage\":{\"@id\":\"https:\\\/\\\/pellervo.fi\\\/vastuullisuus\\\/2024\\\/10\\\/11\\\/op-ryhma-saavutti-oman-toiminnan-paastotavoitteensa-etuajassa\\\/\"},\"wordCount\":368,\"publisher\":{\"@id\":\"https:\\\/\\\/pellervo.fi\\\/#organization\"},\"image\":{\"@id\":\"https:\\\/\\\/pellervo.fi\\\/vastuullisuus\\\/2024\\\/10\\\/11\\\/op-ryhma-saavutti-oman-toiminnan-paastotavoitteensa-etuajassa\\\/#primaryimage\"},\"thumbnailUrl\":\"https:\\\/\\\/pellervo.fi\\\/wp-content\\\/uploads\\\/2022\\\/09\\\/OP-Ryhma-liikemerkki.png\",\"articleSection\":[\"Vastuullisuus\"],\"inLanguage\":\"en-US\"},{\"@type\":\"WebPage\",\"@id\":\"https:\\\/\\\/pellervo.fi\\\/vastuullisuus\\\/2024\\\/10\\\/11\\\/op-ryhma-saavutti-oman-toiminnan-paastotavoitteensa-etuajassa\\\/\",\"url\":\"https:\\\/\\\/pellervo.fi\\\/vastuullisuus\\\/2024\\\/10\\\/11\\\/op-ryhma-saavutti-oman-toiminnan-paastotavoitteensa-etuajassa\\\/\",\"name\":\"OP Ryhm\u00e4 saavutti oman toiminnan p\u00e4\u00e4st\u00f6tavoitteensa etuajassa - Pellervo\",\"isPartOf\":{\"@id\":\"https:\\\/\\\/pellervo.fi\\\/#website\"},\"primaryImageOfPage\":{\"@id\":\"https:\\\/\\\/pellervo.fi\\\/vastuullisuus\\\/2024\\\/10\\\/11\\\/op-ryhma-saavutti-oman-toiminnan-paastotavoitteensa-etuajassa\\\/#primaryimage\"},\"image\":{\"@id\":\"https:\\\/\\\/pellervo.fi\\\/vastuullisuus\\\/2024\\\/10\\\/11\\\/op-ryhma-saavutti-oman-toiminnan-paastotavoitteensa-etuajassa\\\/#primaryimage\"},\"thumbnailUrl\":\"https:\\\/\\\/pellervo.fi\\\/wp-content\\\/uploads\\\/2022\\\/09\\\/OP-Ryhma-liikemerkki.png\",\"datePublished\":\"2024-10-11T10:56:25+00:00\",\"dateModified\":\"2024-10-18T10:58:52+00:00\",\"breadcrumb\":{\"@id\":\"https:\\\/\\\/pellervo.fi\\\/vastuullisuus\\\/2024\\\/10\\\/11\\\/op-ryhma-saavutti-oman-toiminnan-paastotavoitteensa-etuajassa\\\/#breadcrumb\"},\"inLanguage\":\"en-US\",\"potentialAction\":[{\"@type\":\"ReadAction\",\"target\":[\"https:\\\/\\\/pellervo.fi\\\/vastuullisuus\\\/2024\\\/10\\\/11\\\/op-ryhma-saavutti-oman-toiminnan-paastotavoitteensa-etuajassa\\\/\"]}]},{\"@type\":\"ImageObject\",\"inLanguage\":\"en-US\",\"@id\":\"https:\\\/\\\/pellervo.fi\\\/vastuullisuus\\\/2024\\\/10\\\/11\\\/op-ryhma-saavutti-oman-toiminnan-paastotavoitteensa-etuajassa\\\/#primaryimage\",\"url\":\"https:\\\/\\\/pellervo.fi\\\/wp-content\\\/uploads\\\/2022\\\/09\\\/OP-Ryhma-liikemerkki.png\",\"contentUrl\":\"https:\\\/\\\/pellervo.fi\\\/wp-content\\\/uploads\\\/2022\\\/09\\\/OP-Ryhma-liikemerkki.png\",\"width\":908,\"height\":908},{\"@type\":\"BreadcrumbList\",\"@id\":\"https:\\\/\\\/pellervo.fi\\\/vastuullisuus\\\/2024\\\/10\\\/11\\\/op-ryhma-saavutti-oman-toiminnan-paastotavoitteensa-etuajassa\\\/#breadcrumb\",\"itemListElement\":[{\"@type\":\"ListItem\",\"position\":1,\"name\":\"Koti\",\"item\":\"https:\\\/\\\/pellervo.fi\\\/en\\\/\"},{\"@type\":\"ListItem\",\"position\":2,\"name\":\"OP Ryhm\u00e4 saavutti oman toiminnan p\u00e4\u00e4st\u00f6tavoitteensa etuajassa\"}]},{\"@type\":\"WebSite\",\"@id\":\"https:\\\/\\\/pellervo.fi\\\/#website\",\"url\":\"https:\\\/\\\/pellervo.fi\\\/\",\"name\":\"Pellervo\",\"description\":\"Osuuskuntien keskusj\u00e4rjest\u00f6\",\"publisher\":{\"@id\":\"https:\\\/\\\/pellervo.fi\\\/#organization\"},\"potentialAction\":[{\"@type\":\"SearchAction\",\"target\":{\"@type\":\"EntryPoint\",\"urlTemplate\":\"https:\\\/\\\/pellervo.fi\\\/?s={search_term_string}\"},\"query-input\":{\"@type\":\"PropertyValueSpecification\",\"valueRequired\":true,\"valueName\":\"search_term_string\"}}],\"inLanguage\":\"en-US\"},{\"@type\":\"Organization\",\"@id\":\"https:\\\/\\\/pellervo.fi\\\/#organization\",\"name\":\"Osuustoimintakeskus Pellervo ry\",\"url\":\"https:\\\/\\\/pellervo.fi\\\/\",\"logo\":{\"@type\":\"ImageObject\",\"inLanguage\":\"en-US\",\"@id\":\"https:\\\/\\\/pellervo.fi\\\/#\\\/schema\\\/logo\\\/image\\\/\",\"url\":\"https:\\\/\\\/pellervo.fi\\\/wp-content\\\/uploads\\\/2020\\\/05\\\/Pellervo_logo.png\",\"contentUrl\":\"https:\\\/\\\/pellervo.fi\\\/wp-content\\\/uploads\\\/2020\\\/05\\\/Pellervo_logo.png\",\"width\":1335,\"height\":376,\"caption\":\"Osuustoimintakeskus Pellervo ry\"},\"image\":{\"@id\":\"https:\\\/\\\/pellervo.fi\\\/#\\\/schema\\\/logo\\\/image\\\/\"},\"sameAs\":[\"https:\\\/\\\/x.com\\\/PellervoFi\"]},{\"@type\":\"Person\",\"@id\":\"https:\\\/\\\/pellervo.fi\\\/#\\\/schema\\\/person\\\/f001b7c670bab10e5236b09672d9e6a3\",\"name\":\"Hanna Muukka\",\"image\":{\"@type\":\"ImageObject\",\"inLanguage\":\"en-US\",\"@id\":\"https:\\\/\\\/pellervo.fi\\\/wp-content\\\/uploads\\\/2014\\\/02\\\/Hanna-Muukka_avatar_1393417732-96x96.jpg\",\"url\":\"https:\\\/\\\/pellervo.fi\\\/wp-content\\\/uploads\\\/2014\\\/02\\\/Hanna-Muukka_avatar_1393417732-96x96.jpg\",\"contentUrl\":\"https:\\\/\\\/pellervo.fi\\\/wp-content\\\/uploads\\\/2014\\\/02\\\/Hanna-Muukka_avatar_1393417732-96x96.jpg\",\"caption\":\"Hanna Muukka\"},\"description\":\"Kirjoittaja ty\u00f6skentelee Osuustoimintakeskus Pellervossa vastuullisuusasiantuntijana.\",\"url\":\"https:\\\/\\\/pellervo.fi\\\/en\\\/author\\\/hannamuu\\\/\"}]}<\/script>\n<!-- \/ Yoast SEO plugin. -->","yoast_head_json":{"title":"OP Ryhm\u00e4 saavutti oman toiminnan p\u00e4\u00e4st\u00f6tavoitteensa etuajassa - Pellervo","robots":{"index":"index","follow":"follow","max-snippet":"max-snippet:-1","max-image-preview":"max-image-preview:large","max-video-preview":"max-video-preview:-1"},"canonical":"https:\/\/pellervo.fi\/vastuullisuus\/2024\/10\/11\/op-ryhma-saavutti-oman-toiminnan-paastotavoitteensa-etuajassa\/","og_locale":"en_US","og_type":"article","og_title":"OP Ryhm\u00e4 saavutti oman toiminnan p\u00e4\u00e4st\u00f6tavoitteensa etuajassa - Pellervo","og_url":"https:\/\/pellervo.fi\/vastuullisuus\/2024\/10\/11\/op-ryhma-saavutti-oman-toiminnan-paastotavoitteensa-etuajassa\/","og_site_name":"Pellervo","article_published_time":"2024-10-11T10:56:25+00:00","article_modified_time":"2024-10-18T10:58:52+00:00","og_image":[{"width":908,"height":908,"url":"https:\/\/pellervo.fi\/wp-content\/uploads\/2022\/09\/OP-Ryhma-liikemerkki.png","type":"image\/png"}],"author":"Hanna Muukka","twitter_card":"summary_large_image","twitter_creator":"@PellervoFi","twitter_site":"@PellervoFi","twitter_misc":{"Written by":"Hanna Muukka","Est. reading time":"2 minutes"},"schema":{"@context":"https:\/\/schema.org","@graph":[{"@type":"Article","@id":"https:\/\/pellervo.fi\/vastuullisuus\/2024\/10\/11\/op-ryhma-saavutti-oman-toiminnan-paastotavoitteensa-etuajassa\/#article","isPartOf":{"@id":"https:\/\/pellervo.fi\/vastuullisuus\/2024\/10\/11\/op-ryhma-saavutti-oman-toiminnan-paastotavoitteensa-etuajassa\/"},"author":{"name":"Hanna Muukka","@id":"https:\/\/pellervo.fi\/#\/schema\/person\/f001b7c670bab10e5236b09672d9e6a3"},"headline":"OP Ryhm\u00e4 saavutti oman toiminnan p\u00e4\u00e4st\u00f6tavoitteensa etuajassa","datePublished":"2024-10-11T10:56:25+00:00","dateModified":"2024-10-18T10:58:52+00:00","mainEntityOfPage":{"@id":"https:\/\/pellervo.fi\/vastuullisuus\/2024\/10\/11\/op-ryhma-saavutti-oman-toiminnan-paastotavoitteensa-etuajassa\/"},"wordCount":368,"publisher":{"@id":"https:\/\/pellervo.fi\/#organization"},"image":{"@id":"https:\/\/pellervo.fi\/vastuullisuus\/2024\/10\/11\/op-ryhma-saavutti-oman-toiminnan-paastotavoitteensa-etuajassa\/#primaryimage"},"thumbnailUrl":"https:\/\/pellervo.fi\/wp-content\/uploads\/2022\/09\/OP-Ryhma-liikemerkki.png","articleSection":["Vastuullisuus"],"inLanguage":"en-US"},{"@type":"WebPage","@id":"https:\/\/pellervo.fi\/vastuullisuus\/2024\/10\/11\/op-ryhma-saavutti-oman-toiminnan-paastotavoitteensa-etuajassa\/","url":"https:\/\/pellervo.fi\/vastuullisuus\/2024\/10\/11\/op-ryhma-saavutti-oman-toiminnan-paastotavoitteensa-etuajassa\/","name":"OP Ryhm\u00e4 saavutti oman toiminnan p\u00e4\u00e4st\u00f6tavoitteensa etuajassa - Pellervo","isPartOf":{"@id":"https:\/\/pellervo.fi\/#website"},"primaryImageOfPage":{"@id":"https:\/\/pellervo.fi\/vastuullisuus\/2024\/10\/11\/op-ryhma-saavutti-oman-toiminnan-paastotavoitteensa-etuajassa\/#primaryimage"},"image":{"@id":"https:\/\/pellervo.fi\/vastuullisuus\/2024\/10\/11\/op-ryhma-saavutti-oman-toiminnan-paastotavoitteensa-etuajassa\/#primaryimage"},"thumbnailUrl":"https:\/\/pellervo.fi\/wp-content\/uploads\/2022\/09\/OP-Ryhma-liikemerkki.png","datePublished":"2024-10-11T10:56:25+00:00","dateModified":"2024-10-18T10:58:52+00:00","breadcrumb":{"@id":"https:\/\/pellervo.fi\/vastuullisuus\/2024\/10\/11\/op-ryhma-saavutti-oman-toiminnan-paastotavoitteensa-etuajassa\/#breadcrumb"},"inLanguage":"en-US","potentialAction":[{"@type":"ReadAction","target":["https:\/\/pellervo.fi\/vastuullisuus\/2024\/10\/11\/op-ryhma-saavutti-oman-toiminnan-paastotavoitteensa-etuajassa\/"]}]},{"@type":"ImageObject","inLanguage":"en-US","@id":"https:\/\/pellervo.fi\/vastuullisuus\/2024\/10\/11\/op-ryhma-saavutti-oman-toiminnan-paastotavoitteensa-etuajassa\/#primaryimage","url":"https:\/\/pellervo.fi\/wp-content\/uploads\/2022\/09\/OP-Ryhma-liikemerkki.png","contentUrl":"https:\/\/pellervo.fi\/wp-content\/uploads\/2022\/09\/OP-Ryhma-liikemerkki.png","width":908,"height":908},{"@type":"BreadcrumbList","@id":"https:\/\/pellervo.fi\/vastuullisuus\/2024\/10\/11\/op-ryhma-saavutti-oman-toiminnan-paastotavoitteensa-etuajassa\/#breadcrumb","itemListElement":[{"@type":"ListItem","position":1,"name":"Koti","item":"https:\/\/pellervo.fi\/en\/"},{"@type":"ListItem","position":2,"name":"OP Ryhm\u00e4 saavutti oman toiminnan p\u00e4\u00e4st\u00f6tavoitteensa etuajassa"}]},{"@type":"WebSite","@id":"https:\/\/pellervo.fi\/#website","url":"https:\/\/pellervo.fi\/","name":"Pellervo","description":"Osuuskuntien keskusj\u00e4rjest\u00f6","publisher":{"@id":"https:\/\/pellervo.fi\/#organization"},"potentialAction":[{"@type":"SearchAction","target":{"@type":"EntryPoint","urlTemplate":"https:\/\/pellervo.fi\/?s={search_term_string}"},"query-input":{"@type":"PropertyValueSpecification","valueRequired":true,"valueName":"search_term_string"}}],"inLanguage":"en-US"},{"@type":"Organization","@id":"https:\/\/pellervo.fi\/#organization","name":"Osuustoimintakeskus Pellervo ry","url":"https:\/\/pellervo.fi\/","logo":{"@type":"ImageObject","inLanguage":"en-US","@id":"https:\/\/pellervo.fi\/#\/schema\/logo\/image\/","url":"https:\/\/pellervo.fi\/wp-content\/uploads\/2020\/05\/Pellervo_logo.png","contentUrl":"https:\/\/pellervo.fi\/wp-content\/uploads\/2020\/05\/Pellervo_logo.png","width":1335,"height":376,"caption":"Osuustoimintakeskus Pellervo ry"},"image":{"@id":"https:\/\/pellervo.fi\/#\/schema\/logo\/image\/"},"sameAs":["https:\/\/x.com\/PellervoFi"]},{"@type":"Person","@id":"https:\/\/pellervo.fi\/#\/schema\/person\/f001b7c670bab10e5236b09672d9e6a3","name":"Hanna Muukka","image":{"@type":"ImageObject","inLanguage":"en-US","@id":"https:\/\/pellervo.fi\/wp-content\/uploads\/2014\/02\/Hanna-Muukka_avatar_1393417732-96x96.jpg","url":"https:\/\/pellervo.fi\/wp-content\/uploads\/2014\/02\/Hanna-Muukka_avatar_1393417732-96x96.jpg","contentUrl":"https:\/\/pellervo.fi\/wp-content\/uploads\/2014\/02\/Hanna-Muukka_avatar_1393417732-96x96.jpg","caption":"Hanna Muukka"},"description":"Kirjoittaja ty\u00f6skentelee Osuustoimintakeskus Pellervossa vastuullisuusasiantuntijana.","url":"https:\/\/pellervo.fi\/en\/author\/hannamuu\/"}]}},"_links":{"self":[{"href":"https:\/\/pellervo.fi\/en\/wp-json\/wp\/v2\/posts\/899478","targetHints":{"allow":["GET"]}}],"collection":[{"href":"https:\/\/pellervo.fi\/en\/wp-json\/wp\/v2\/posts"}],"about":[{"href":"https:\/\/pellervo.fi\/en\/wp-json\/wp\/v2\/types\/post"}],"author":[{"embeddable":true,"href":"https:\/\/pellervo.fi\/en\/wp-json\/wp\/v2\/users\/6"}],"replies":[{"embeddable":true,"href":"https:\/\/pellervo.fi\/en\/wp-json\/wp\/v2\/comments?post=899478"}],"version-history":[{"count":1,"href":"https:\/\/pellervo.fi\/en\/wp-json\/wp\/v2\/posts\/899478\/revisions"}],"predecessor-version":[{"id":899479,"href":"https:\/\/pellervo.fi\/en\/wp-json\/wp\/v2\/posts\/899478\/revisions\/899479"}],"wp:featuredmedia":[{"embeddable":true,"href":"https:\/\/pellervo.fi\/en\/wp-json\/wp\/v2\/media\/893931"}],"wp:attachment":[{"href":"https:\/\/pellervo.fi\/en\/wp-json\/wp\/v2\/media?parent=899478"}],"wp:term":[{"taxonomy":"category","embeddable":true,"href":"https:\/\/pellervo.fi\/en\/wp-json\/wp\/v2\/categories?post=899478"},{"taxonomy":"post_tag","embeddable":true,"href":"https:\/\/pellervo.fi\/en\/wp-json\/wp\/v2\/tags?post=899478"}],"curies":[{"name":"wp","href":"https:\/\/api.w.org\/{rel}","templated":true}]}}